{"id":33524,"date":"2018-03-13T18:05:50","date_gmt":"2018-03-14T01:05:50","guid":{"rendered":"http:\/\/www.sonoraenequipo.com.mx\/?p=33524"},"modified":"2018-03-13T21:22:16","modified_gmt":"2018-03-14T04:22:16","slug":"busca-gobernadora-pavlovich-profesionistas-tengan-empleos-bien-remunerados","status":"publish","type":"post","link":"https:\/\/www.sonoraenequipo.com.mx\/busca-gobernadora-pavlovich-profesionistas-tengan-empleos-bien-remunerados\/","title":{"rendered":"Busca Gobernadora Pavlovich que profesionistas tengan empleos bien remunerados"},"content":{"rendered":"<p>HERMOSILLO, SONORA. MX. \u2014 La Gobernadora Claudia Pavlovich subray\u00f3 la importancia de que obtengan un empleo bien remunerado los j\u00f3venes egresados de universidades, para lo que llam\u00f3 a consolidar la visi\u00f3n de avanzar en un mismo camino los sectores productivo y educativo, trabajadores y c\u00e1maras empresariales.<\/p>\n<p> <\/p>\n<p>Ello, al presidir la Primera Sesi\u00f3n Ordinaria 2018 de la Comisi\u00f3n Estatal de Productividad, CEP, en conjunto con el Secretario del Trabajo y Previsi\u00f3n Social, Roberto Campa Cifri\u00e1n, as\u00ed como presidentes de c\u00e1maras empresariales y los rectores de las universidades de Sonora y Estatal de Sonora, Enrique Vel\u00e1squez Contreras y Horacio Huerta Cevallos, respectivamente.<\/p>\n<p>La Gobernadora Pavlovich resalt\u00f3 la necesidad de avanzar en vincular al sector productivo con las instituciones educativas, para que los j\u00f3venes egresados tengan un empleo bien remunerado y se capaciten para su crecimiento laboral.<\/p>\n<p><em>\u201cViene a complementar y a hacer algo muy bien que nos interesa a todos, que vayamos por un mismo camino, sector productivo, educativo, los trabajadores, las c\u00e1maras empresariales; me da mucho gusto que esta comisi\u00f3n ha ido trabajando y est\u00e1 dando resultados\u201d,<\/em> expres\u00f3.<\/p>\n<p>Luego de inaugurar las Oficinas de la Entidad Certificadora de la Universidad de Sonora, la Gobernadora Pavlovich, destac\u00f3 la presencia de consultores integrantes de Innovum, de origen chileno, quienes durante una semana capacitar\u00e1n a diferentes empresas y organizaciones sobre la experiencia del Consejo de Competencia Minera en Chile.<\/p>\n<p>Con ello, dijo, se podr\u00e1n conocer los factores que pueden hacer crecer la productividad en la industria minera en la entidad, cuyos trabajadores deben estar m\u00e1s capacitados y mejor remunerados.<\/p>\n<p>La Gobernadora Pavlovich record\u00f3 que en Sonora el 17 por ciento del Producto Interno Bruto lo genera el sector minero y que como Senadora de la Rep\u00fablica aprob\u00f3 una reforma de ley (Fondo Minero) para elevar la calidad de vida de los habitantes en las zonas de extracci\u00f3n minera.<\/p>\n<p>Inform\u00f3 que present\u00f3 una iniciativa aprobada ya por el Congreso del Estado, y espera el Congreso de la Uni\u00f3n haga la propio, para deducir gastos en exploraci\u00f3n minera desde el primer a\u00f1o que estos se realicen y as\u00ed incentivar la producci\u00f3n en este sector.<\/p>\n<p><em>\u201cEs todo un mundo de situaciones y de objetivos que tenemos que alinear para seguir en un crecimiento econ\u00f3mico real, crecimiento social, un desarrollo integral y eso es lo que requerimos\u201d,<\/em> indic\u00f3 la Gobernadora Pavlovich.<\/p>\n<p>Roberto Campa Cifri\u00e1n, Secretario del Trabajo y Previsi\u00f3n Social, se comprometi\u00f3 a revisar los resultados de los trabajos de la Comisi\u00f3n Estatal de Productividad, sobre todo esta semana con los consultores chilenos, y retomar la experiencia.<\/p>\n<p><em>\u201cAqu\u00ed se trata no solamente de estos temas que tienen que ver con el mundo productivo sino de c\u00f3mo vincularlo con el educativo, y eso repunta un paso adelante en esta nueva visi\u00f3n de cultura laboral &#8211; educaci\u00f3n\u201d,<\/em> dijo.<\/p>\n<p>Diego Richard Merchant, Director del Programa Fuerza Laboral de la Fundaci\u00f3n Chile-Innovum, manifest\u00f3 que durante los d\u00edas de visita y capacitaci\u00f3n a diferentes empresas y organizaciones de Sonora, se han percatado que en la entidad hay consenso por parte de industriales, formadores y trabajadores, una estructura legal de organizaci\u00f3n de trabajo mixta, entre otros.<\/p>\n<p>Esto, dijo, solo demuestra que en Sonora, existen condiciones para tener m\u00e1s productividad y est\u00e1ndares importantes de competencia.<\/p>\n<p><strong>Son UNISON y UES Entidades Certificadoras acreditadas por el CONOCER<\/strong><\/p>\n<p><a href=\"http:\/\/www.sonoraenequipo.com.mx\/storage\/2018\/03\/unison_opt5.jpg\"><img loading=\"lazy\" decoding=\"async\" class=\"size-medium  x-left\" src=\"http:\/\/www.sonoraenequipo.com.mx\/storage\/2018\/03\/unison_opt5-300x224.jpg\" alt=\"\" width=\"300\" height=\"224\" \/><\/a>La Gobernadora Claudia Pavlovich Arellano y Jes\u00fas Alberto Almaguer Rocha, Director General del Consejo Nacional de Normalizaci\u00f3n y Certificaci\u00f3n (CONOCER), entregaron las C\u00e9dulas que autorizan a la Universidad de Sonora y la Universidad Estatal de Sonora como Entidades Certificadoras acreditadas.<\/p>\n<p>Con ello podr\u00e1n prestar sus servicios en capacitaci\u00f3n, evaluaci\u00f3n y certificaci\u00f3n, colaborando en los est\u00e1ndares de competencia que impacten en el desarrollo municipal y estatal.<\/p>\n<p>Presentes, Horacio Valenzuela Ibarra, Secretario del Trabajo; Fernando Alfredo Maldonado Hern\u00e1ndez, Subsecretario de Empleo y Productividad Laboral; y Monte Alejandro Rubido Garc\u00eda, Titular de la Unidad del Trabajo Federal.<\/p>\n<p>(Fecha de publicaci\u00f3n 13032018)<\/p>\n","protected":false},"excerpt":{"rendered":"<p>HERMOSILLO, SONORA. MX. \u2014 La Gobernadora Claudia Pavlovich subray\u00f3 la importancia de que obtengan un&#8230;<\/p>\n","protected":false},"author":1,"featured_media":33526,"comment_status":"open","ping_status":"open","sticky":false,"template":"","format":"standard","meta":{"_monsterinsights_skip_tracking":false,"_monsterinsights_sitenote_active":false,"_monsterinsights_sitenote_note":"","_monsterinsights_sitenote_category":0,"footnotes":""},"categories":[13,22],"tags":[],"class_list":["post"],"yoast_head":" \n<title>Sonora en Equipo. Busca Gobernadora Pavlovich que profesionistas tengan empleos bien remunerados Destacadas<\/title>\n<meta name=\"description\" content=\"HERMOSILLO, SONORA. MX. \u2014 La Gobernadora Claudia Pavlovich subray\u00f3 la importancia de que obtengan un empleo bien remunerado los j\u00f3venes egresados de En Sonora en Equipo publicamos toda la informaci\u00f3n de Sonora, M\u00e9xico y el Mundo de manera oportuna y busca que la libertad de expresi\u00f3n sea real. Visita nuestro medio informativo publicado desde Hermosillo, Sonora. %\" \/>\n<meta name=\"robots\" content=\"index, follow, max-snippet:-1, max-image-preview:large, max-video-preview:-1\" \/>\n<link rel=\"canonical\" href=\"https:\/\/www.sonoraenequipo.com.mx\/busca-gobernadora-pavlovich-profesionistas-tengan-empleos-bien-remunerados\/\" \/>\n<meta property=\"og:locale\" content=\"es_ES\" \/>\n<meta property=\"og:type\" content=\"article\" \/>\n<meta property=\"og:title\" content=\"Sonora en Equipo. Busca Gobernadora Pavlovich que profesionistas tengan empleos bien remunerados Destacadas\" \/>\n<meta property=\"og:description\" content=\"HERMOSILLO, SONORA. MX. \u2014 La Gobernadora Claudia Pavlovich subray\u00f3 la importancia de que obtengan un empleo bien remunerado los j\u00f3venes egresados de En Sonora en Equipo publicamos toda la informaci\u00f3n de Sonora, M\u00e9xico y el Mundo de manera oportuna y busca que la libertad de expresi\u00f3n sea real. Visita nuestro medio informativo publicado desde Hermosillo, Sonora. %\" \/>\n<meta property=\"og:url\" content=\"https:\/\/www.sonoraenequipo.com.mx\/busca-gobernadora-pavlovich-profesionistas-tengan-empleos-bien-remunerados\/\" \/>\n<meta property=\"og:site_name\" content=\"Sonora en Equipo.\" \/>\n<meta property=\"article:publisher\" content=\"https:\/\/www.facebook.com\/SonoraEE\/\" \/>\n<meta property=\"article:author\" content=\"https:\/\/www.facebook.com\/SonoraEE\" \/>\n<meta property=\"article:published_time\" content=\"2018-03-14T01:05:50+00:00\" \/>\n<meta property=\"article:modified_time\" content=\"2018-03-14T04:22:16+00:00\" \/>\n<meta property=\"og:image\" content=\"https:\/\/www.sonoraenequipo.com.mx\/storage\/2018\/03\/uesyunison_opt.jpg\" \/>\n\t<meta property=\"og:image:width\" content=\"500\" \/>\n\t<meta property=\"og:image:height\" content=\"400\" \/>\n\t<meta property=\"og:image:type\" content=\"image\/jpeg\" \/>\n<meta name=\"author\" content=\"enequipo\" \/>\n<meta name=\"twitter:card\" content=\"summary_large_image\" \/>\n<meta name=\"twitter:creator\" content=\"@sonoraenequipo\" \/>\n<meta name=\"twitter:site\" content=\"@sonoraenequipo\" \/>\n<meta name=\"twitter:label1\" content=\"Escrito por\" \/>\n\t<meta name=\"twitter:data1\" content=\"enequipo\" \/>\n\t<meta name=\"twitter:label2\" content=\"Tiempo de lectura\" \/>\n\t<meta name=\"twitter:data2\" content=\"3 minutos\" \/>\n<script type=\"application\/ld+json\" class=\"yoast-schema-graph\">{\"@context\":\"https:\/\/schema.org\",\"@graph\":[{\"@type\":\"Article\",\"@id\":\"https:\/\/www.sonoraenequipo.com.mx\/busca-gobernadora-pavlovich-profesionistas-tengan-empleos-bien-remunerados\/#article\",\"isPartOf\":{\"@id\":\"https:\/\/www.sonoraenequipo.com.mx\/busca-gobernadora-pavlovich-profesionistas-tengan-empleos-bien-remunerados\/\"},\"author\":{\"name\":\"enequipo\",\"@id\":\"https:\/\/www.sonoraenequipo.com.mx\/#\/schema\/person\/50102df0fb23a8fa9e8effad8fa81386\"},\"headline\":\"Busca Gobernadora Pavlovich que profesionistas tengan empleos bien remunerados\",\"datePublished\":\"2018-03-14T01:05:50+00:00\",\"dateModified\":\"2018-03-14T04:22:16+00:00\",\"mainEntityOfPage\":{\"@id\":\"https:\/\/www.sonoraenequipo.com.mx\/busca-gobernadora-pavlovich-profesionistas-tengan-empleos-bien-remunerados\/\"},\"wordCount\":689,\"commentCount\":0,\"publisher\":{\"@id\":\"https:\/\/www.sonoraenequipo.com.mx\/#organization\"},\"image\":{\"@id\":\"https:\/\/www.sonoraenequipo.com.mx\/busca-gobernadora-pavlovich-profesionistas-tengan-empleos-bien-remunerados\/#primaryimage\"},\"thumbnailUrl\":\"https:\/\/www.sonoraenequipo.com.mx\/storage\/2018\/03\/uesyunison_opt.jpg\",\"articleSection\":[\"Destacadas\",\"Sonora\"],\"inLanguage\":\"es\",\"potentialAction\":[{\"@type\":\"CommentAction\",\"name\":\"Comment\",\"target\":[\"https:\/\/www.sonoraenequipo.com.mx\/busca-gobernadora-pavlovich-profesionistas-tengan-empleos-bien-remunerados\/#respond\"]}]},{\"@type\":\"WebPage\",\"@id\":\"https:\/\/www.sonoraenequipo.com.mx\/busca-gobernadora-pavlovich-profesionistas-tengan-empleos-bien-remunerados\/\",\"url\":\"https:\/\/www.sonoraenequipo.com.mx\/busca-gobernadora-pavlovich-profesionistas-tengan-empleos-bien-remunerados\/\",\"name\":\"Sonora en Equipo. Busca Gobernadora Pavlovich que profesionistas tengan empleos bien remunerados Destacadas\",\"isPartOf\":{\"@id\":\"https:\/\/www.sonoraenequipo.com.mx\/#website\"},\"primaryImageOfPage\":{\"@id\":\"https:\/\/www.sonoraenequipo.com.mx\/busca-gobernadora-pavlovich-profesionistas-tengan-empleos-bien-remunerados\/#primaryimage\"},\"image\":{\"@id\":\"https:\/\/www.sonoraenequipo.com.mx\/busca-gobernadora-pavlovich-profesionistas-tengan-empleos-bien-remunerados\/#primaryimage\"},\"thumbnailUrl\":\"https:\/\/www.sonoraenequipo.com.mx\/storage\/2018\/03\/uesyunison_opt.jpg\",\"datePublished\":\"2018-03-14T01:05:50+00:00\",\"dateModified\":\"2018-03-14T04:22:16+00:00\",\"description\":\"HERMOSILLO, SONORA. MX. \u2014 La Gobernadora Claudia Pavlovich subray\u00f3 la importancia de que obtengan un empleo bien remunerado los j\u00f3venes egresados de En Sonora en Equipo publicamos toda la informaci\u00f3n de Sonora, M\u00e9xico y el Mundo de manera oportuna y busca que la libertad de expresi\u00f3n sea real. Visita nuestro medio informativo publicado desde Hermosillo, Sonora. %\",\"breadcrumb\":{\"@id\":\"https:\/\/www.sonoraenequipo.com.mx\/busca-gobernadora-pavlovich-profesionistas-tengan-empleos-bien-remunerados\/#breadcrumb\"},\"inLanguage\":\"es\",\"potentialAction\":[{\"@type\":\"ReadAction\",\"target\":[\"https:\/\/www.sonoraenequipo.com.mx\/busca-gobernadora-pavlovich-profesionistas-tengan-empleos-bien-remunerados\/\"]}]},{\"@type\":\"ImageObject\",\"inLanguage\":\"es\",\"@id\":\"https:\/\/www.sonoraenequipo.com.mx\/busca-gobernadora-pavlovich-profesionistas-tengan-empleos-bien-remunerados\/#primaryimage\",\"url\":\"https:\/\/www.sonoraenequipo.com.mx\/storage\/2018\/03\/uesyunison_opt.jpg\",\"contentUrl\":\"https:\/\/www.sonoraenequipo.com.mx\/storage\/2018\/03\/uesyunison_opt.jpg\",\"width\":500,\"height\":400},{\"@type\":\"BreadcrumbList\",\"@id\":\"https:\/\/www.sonoraenequipo.com.mx\/busca-gobernadora-pavlovich-profesionistas-tengan-empleos-bien-remunerados\/#breadcrumb\",\"itemListElement\":[{\"@type\":\"ListItem\",\"position\":1,\"name\":\"Portada\",\"item\":\"https:\/\/www.sonoraenequipo.com.mx\/\"},{\"@type\":\"ListItem\",\"position\":2,\"name\":\"Busca Gobernadora Pavlovich que profesionistas tengan empleos bien remunerados\"}]},{\"@type\":\"WebSite\",\"@id\":\"https:\/\/www.sonoraenequipo.com.mx\/#website\",\"url\":\"https:\/\/www.sonoraenequipo.com.mx\/\",\"name\":\"Sonora en Equipo.\",\"description\":\"Diario en l\u00ednea con Noticias desde Hermosillo, Sonora\",\"publisher\":{\"@id\":\"https:\/\/www.sonoraenequipo.com.mx\/#organization\"},\"potentialAction\":[{\"@type\":\"SearchAction\",\"target\":{\"@type\":\"EntryPoint\",\"urlTemplate\":\"https:\/\/www.sonoraenequipo.com.mx\/?s={search_term_string}\"},\"query-input\":{\"@type\":\"PropertyValueSpecification\",\"valueRequired\":true,\"valueName\":\"search_term_string\"}}],\"inLanguage\":\"es\"},{\"@type\":\"Organization\",\"@id\":\"https:\/\/www.sonoraenequipo.com.mx\/#organization\",\"name\":\"Sonoraenequipo.com.mx\",\"url\":\"https:\/\/www.sonoraenequipo.com.mx\/\",\"logo\":{\"@type\":\"ImageObject\",\"inLanguage\":\"es\",\"@id\":\"https:\/\/www.sonoraenequipo.com.mx\/#\/schema\/logo\/image\/\",\"url\":\"https:\/\/www.sonoraenequipo.com.mx\/storage\/2019\/01\/sonoraenequipo_opt.png\",\"contentUrl\":\"https:\/\/www.sonoraenequipo.com.mx\/storage\/2019\/01\/sonoraenequipo_opt.png\",\"width\":375,\"height\":125,\"caption\":\"Sonoraenequipo.com.mx\"},\"image\":{\"@id\":\"https:\/\/www.sonoraenequipo.com.mx\/#\/schema\/logo\/image\/\"},\"sameAs\":[\"https:\/\/www.facebook.com\/SonoraEE\/\",\"https:\/\/x.com\/sonoraenequipo\",\"https:\/\/www.youtube.com\/channel\/UC338nW-lPEYmJQs4ZABQ1SQ\"]},{\"@type\":\"Person\",\"@id\":\"https:\/\/www.sonoraenequipo.com.mx\/#\/schema\/person\/50102df0fb23a8fa9e8effad8fa81386\",\"name\":\"enequipo\",\"image\":{\"@type\":\"ImageObject\",\"inLanguage\":\"es\",\"@id\":\"https:\/\/www.sonoraenequipo.com.mx\/#\/schema\/person\/image\/\",\"url\":\"https:\/\/secure.gravatar.com\/avatar\/049821681b589dabc0bc20695993ccebb09f5b5d4d790cd9251b97faac7c652b?s=96&d=blank&r=g\",\"contentUrl\":\"https:\/\/secure.gravatar.com\/avatar\/049821681b589dabc0bc20695993ccebb09f5b5d4d790cd9251b97faac7c652b?s=96&d=blank&r=g\",\"caption\":\"enequipo\"},\"sameAs\":[\"https:\/\/www.facebook.com\/SonoraEE\"]}]}<\/script>\n ","yoast_head_json":{"title":"Sonora en Equipo. Busca Gobernadora Pavlovich que profesionistas tengan empleos bien remunerados Destacadas","description":"HERMOSILLO, SONORA. MX. \u2014 La Gobernadora Claudia Pavlovich subray\u00f3 la importancia de que obtengan un empleo bien remunerado los j\u00f3venes egresados de En Sonora en Equipo publicamos toda la informaci\u00f3n de Sonora, M\u00e9xico y el Mundo de manera oportuna y busca que la libertad de expresi\u00f3n sea real. Visita nuestro medio informativo publicado desde Hermosillo, Sonora. %","robots":{"index":"index","follow":"follow","max-snippet":"max-snippet:-1","max-image-preview":"max-image-preview:large","max-video-preview":"max-video-preview:-1"},"canonical":"https:\/\/www.sonoraenequipo.com.mx\/busca-gobernadora-pavlovich-profesionistas-tengan-empleos-bien-remunerados\/","og_locale":"es_ES","og_type":"article","og_title":"Sonora en Equipo. Busca Gobernadora Pavlovich que profesionistas tengan empleos bien remunerados Destacadas","og_description":"HERMOSILLO, SONORA. MX. \u2014 La Gobernadora Claudia Pavlovich subray\u00f3 la importancia de que obtengan un empleo bien remunerado los j\u00f3venes egresados de En Sonora en Equipo publicamos toda la informaci\u00f3n de Sonora, M\u00e9xico y el Mundo de manera oportuna y busca que la libertad de expresi\u00f3n sea real. Visita nuestro medio informativo publicado desde Hermosillo, Sonora. %","og_url":"https:\/\/www.sonoraenequipo.com.mx\/busca-gobernadora-pavlovich-profesionistas-tengan-empleos-bien-remunerados\/","og_site_name":"Sonora en Equipo.","article_publisher":"https:\/\/www.facebook.com\/SonoraEE\/","article_author":"https:\/\/www.facebook.com\/SonoraEE","article_published_time":"2018-03-14T01:05:50+00:00","article_modified_time":"2018-03-14T04:22:16+00:00","og_image":[{"width":500,"height":400,"url":"https:\/\/www.sonoraenequipo.com.mx\/storage\/2018\/03\/uesyunison_opt.jpg","type":"image\/jpeg"}],"author":"enequipo","twitter_card":"summary_large_image","twitter_creator":"@sonoraenequipo","twitter_site":"@sonoraenequipo","twitter_misc":{"Escrito por":"enequipo","Tiempo de lectura":"3 minutos"},"schema":{"@context":"https:\/\/schema.org","@graph":[{"@type":"Article","@id":"https:\/\/www.sonoraenequipo.com.mx\/busca-gobernadora-pavlovich-profesionistas-tengan-empleos-bien-remunerados\/#article","isPartOf":{"@id":"https:\/\/www.sonoraenequipo.com.mx\/busca-gobernadora-pavlovich-profesionistas-tengan-empleos-bien-remunerados\/"},"author":{"name":"enequipo","@id":"https:\/\/www.sonoraenequipo.com.mx\/#\/schema\/person\/50102df0fb23a8fa9e8effad8fa81386"},"headline":"Busca Gobernadora Pavlovich que profesionistas tengan empleos bien remunerados","datePublished":"2018-03-14T01:05:50+00:00","dateModified":"2018-03-14T04:22:16+00:00","mainEntityOfPage":{"@id":"https:\/\/www.sonoraenequipo.com.mx\/busca-gobernadora-pavlovich-profesionistas-tengan-empleos-bien-remunerados\/"},"wordCount":689,"commentCount":0,"publisher":{"@id":"https:\/\/www.sonoraenequipo.com.mx\/#organization"},"image":{"@id":"https:\/\/www.sonoraenequipo.com.mx\/busca-gobernadora-pavlovich-profesionistas-tengan-empleos-bien-remunerados\/#primaryimage"},"thumbnailUrl":"https:\/\/www.sonoraenequipo.com.mx\/storage\/2018\/03\/uesyunison_opt.jpg","articleSection":["Destacadas","Sonora"],"inLanguage":"es","potentialAction":[{"@type":"CommentAction","name":"Comment","target":["https:\/\/www.sonoraenequipo.com.mx\/busca-gobernadora-pavlovich-profesionistas-tengan-empleos-bien-remunerados\/#respond"]}]},{"@type":"WebPage","@id":"https:\/\/www.sonoraenequipo.com.mx\/busca-gobernadora-pavlovich-profesionistas-tengan-empleos-bien-remunerados\/","url":"https:\/\/www.sonoraenequipo.com.mx\/busca-gobernadora-pavlovich-profesionistas-tengan-empleos-bien-remunerados\/","name":"Sonora en Equipo. Busca Gobernadora Pavlovich que profesionistas tengan empleos bien remunerados Destacadas","isPartOf":{"@id":"https:\/\/www.sonoraenequipo.com.mx\/#website"},"primaryImageOfPage":{"@id":"https:\/\/www.sonoraenequipo.com.mx\/busca-gobernadora-pavlovich-profesionistas-tengan-empleos-bien-remunerados\/#primaryimage"},"image":{"@id":"https:\/\/www.sonoraenequipo.com.mx\/busca-gobernadora-pavlovich-profesionistas-tengan-empleos-bien-remunerados\/#primaryimage"},"thumbnailUrl":"https:\/\/www.sonoraenequipo.com.mx\/storage\/2018\/03\/uesyunison_opt.jpg","datePublished":"2018-03-14T01:05:50+00:00","dateModified":"2018-03-14T04:22:16+00:00","description":"HERMOSILLO, SONORA. MX. \u2014 La Gobernadora Claudia Pavlovich subray\u00f3 la importancia de que obtengan un empleo bien remunerado los j\u00f3venes egresados de En Sonora en Equipo publicamos toda la informaci\u00f3n de Sonora, M\u00e9xico y el Mundo de manera oportuna y busca que la libertad de expresi\u00f3n sea real. Visita nuestro medio informativo publicado desde Hermosillo, Sonora. %","breadcrumb":{"@id":"https:\/\/www.sonoraenequipo.com.mx\/busca-gobernadora-pavlovich-profesionistas-tengan-empleos-bien-remunerados\/#breadcrumb"},"inLanguage":"es","potentialAction":[{"@type":"ReadAction","target":["https:\/\/www.sonoraenequipo.com.mx\/busca-gobernadora-pavlovich-profesionistas-tengan-empleos-bien-remunerados\/"]}]},{"@type":"ImageObject","inLanguage":"es","@id":"https:\/\/www.sonoraenequipo.com.mx\/busca-gobernadora-pavlovich-profesionistas-tengan-empleos-bien-remunerados\/#primaryimage","url":"https:\/\/www.sonoraenequipo.com.mx\/storage\/2018\/03\/uesyunison_opt.jpg","contentUrl":"https:\/\/www.sonoraenequipo.com.mx\/storage\/2018\/03\/uesyunison_opt.jpg","width":500,"height":400},{"@type":"BreadcrumbList","@id":"https:\/\/www.sonoraenequipo.com.mx\/busca-gobernadora-pavlovich-profesionistas-tengan-empleos-bien-remunerados\/#breadcrumb","itemListElement":[{"@type":"ListItem","position":1,"name":"Portada","item":"https:\/\/www.sonoraenequipo.com.mx\/"},{"@type":"ListItem","position":2,"name":"Busca Gobernadora Pavlovich que profesionistas tengan empleos bien remunerados"}]},{"@type":"WebSite","@id":"https:\/\/www.sonoraenequipo.com.mx\/#website","url":"https:\/\/www.sonoraenequipo.com.mx\/","name":"Sonora en Equipo.","description":"Diario en l\u00ednea con Noticias desde Hermosillo, Sonora","publisher":{"@id":"https:\/\/www.sonoraenequipo.com.mx\/#organization"},"potentialAction":[{"@type":"SearchAction","target":{"@type":"EntryPoint","urlTemplate":"https:\/\/www.sonoraenequipo.com.mx\/?s={search_term_string}"},"query-input":{"@type":"PropertyValueSpecification","valueRequired":true,"valueName":"search_term_string"}}],"inLanguage":"es"},{"@type":"Organization","@id":"https:\/\/www.sonoraenequipo.com.mx\/#organization","name":"Sonoraenequipo.com.mx","url":"https:\/\/www.sonoraenequipo.com.mx\/","logo":{"@type":"ImageObject","inLanguage":"es","@id":"https:\/\/www.sonoraenequipo.com.mx\/#\/schema\/logo\/image\/","url":"https:\/\/www.sonoraenequipo.com.mx\/storage\/2019\/01\/sonoraenequipo_opt.png","contentUrl":"https:\/\/www.sonoraenequipo.com.mx\/storage\/2019\/01\/sonoraenequipo_opt.png","width":375,"height":125,"caption":"Sonoraenequipo.com.mx"},"image":{"@id":"https:\/\/www.sonoraenequipo.com.mx\/#\/schema\/logo\/image\/"},"sameAs":["https:\/\/www.facebook.com\/SonoraEE\/","https:\/\/x.com\/sonoraenequipo","https:\/\/www.youtube.com\/channel\/UC338nW-lPEYmJQs4ZABQ1SQ"]},{"@type":"Person","@id":"https:\/\/www.sonoraenequipo.com.mx\/#\/schema\/person\/50102df0fb23a8fa9e8effad8fa81386","name":"enequipo","image":{"@type":"ImageObject","inLanguage":"es","@id":"https:\/\/www.sonoraenequipo.com.mx\/#\/schema\/person\/image\/","url":"https:\/\/secure.gravatar.com\/avatar\/049821681b589dabc0bc20695993ccebb09f5b5d4d790cd9251b97faac7c652b?s=96&d=blank&r=g","contentUrl":"https:\/\/secure.gravatar.com\/avatar\/049821681b589dabc0bc20695993ccebb09f5b5d4d790cd9251b97faac7c652b?s=96&d=blank&r=g","caption":"enequipo"},"sameAs":["https:\/\/www.facebook.com\/SonoraEE"]}]}},"jetpack_featured_media_url":"https:\/\/www.sonoraenequipo.com.mx\/storage\/2018\/03\/uesyunison_opt.jpg","_links":{"self":[{"href":"https:\/\/www.sonoraenequipo.com.mx\/api\/wp\/v2\/posts\/33524","targetHints":{"allow":["GET"]}}],"collection":[{"href":"https:\/\/www.sonoraenequipo.com.mx\/api\/wp\/v2\/posts"}],"about":[{"href":"https:\/\/www.sonoraenequipo.com.mx\/api\/wp\/v2\/types\/post"}],"author":[{"embeddable":true,"href":"https:\/\/www.sonoraenequipo.com.mx\/api\/wp\/v2\/users\/1"}],"replies":[{"embeddable":true,"href":"https:\/\/www.sonoraenequipo.com.mx\/api\/wp\/v2\/comments?post=33524"}],"version-history":[{"count":0,"href":"https:\/\/www.sonoraenequipo.com.mx\/api\/wp\/v2\/posts\/33524\/revisions"}],"wp:featuredmedia":[{"embeddable":true,"href":"https:\/\/www.sonoraenequipo.com.mx\/api\/wp\/v2\/media\/33526"}],"wp:attachment":[{"href":"https:\/\/www.sonoraenequipo.com.mx\/api\/wp\/v2\/media?parent=33524"}],"wp:term":[{"taxonomy":"category","embeddable":true,"href":"https:\/\/www.sonoraenequipo.com.mx\/api\/wp\/v2\/categories?post=33524"},{"taxonomy":"post_tag","embeddable":true,"href":"https:\/\/www.sonoraenequipo.com.mx\/api\/wp\/v2\/tags?post=33524"}],"curies":[{"name":"wp","href":"https:\/\/api.w.org\/{rel}","templated":true}]}}