{"id":33529,"date":"2018-03-13T15:35:49","date_gmt":"2018-03-13T22:35:49","guid":{"rendered":"http:\/\/www.sonoraenequipo.com.mx\/?p=33529"},"modified":"2018-03-13T21:31:42","modified_gmt":"2018-03-14T04:31:42","slug":"haran-escala-ciudad-obregon-200-motociclistas-hector-platt","status":"publish","type":"post","link":"https:\/\/www.sonoraenequipo.com.mx\/haran-escala-ciudad-obregon-200-motociclistas-hector-platt\/","title":{"rendered":"Har\u00e1n escala en Ciudad Obreg\u00f3n 200 motociclistas: H\u00e9ctor Platt"},"content":{"rendered":"<p>HERMOSILLO, SONORA .MX. \u2014\u00a0 Los d\u00edas 1 y 2 de abril miembros del club de motociclistas Aztec Riders permanecer\u00e1n en Ciudad Obreg\u00f3n como parte del trayecto del Rally Internacional 2018, lo que servir\u00e1 para promover los destinos de la entidad, inform\u00f3 el encargado de despacho de COFETUR, H\u00e9ctor Platt Maz\u00f3n.<\/p>\n<p> <\/p>\n<p>Explic\u00f3 que los motociclistas cruzar\u00e1n la entidad desde el norte y su destino final es Mazatl\u00e1n, Sinaloa, y que tendr\u00e1n actividades de esparcimiento en Ciudad Obreg\u00f3n, donde se celebrar\u00e1n eventos art\u00edsticos y culturales.<\/p>\n<p><em>\u201cTenemos que aprovechar la oportunidad de dar a conocer nuestro estado, como siempre nos lo ha instruido la Gobernadora Pavlovich de aprovechar cualquier tipo de evento o situaci\u00f3n para capitalizarlo d\u00e1ndolo a conocer de mejor manera\u201d<\/em>, coment\u00f3.<\/p>\n<p>La Presidenta de la OCV, Oficina de Convenciones y Visitantes, de Ciudad Obreg\u00f3n, Mar\u00eda Luz Castillo Valenzuela, agradeci\u00f3 el apoyo del Gobierno del Estado, ya que se tendr\u00e1n visitantes de California y Nevada, quienes podr\u00e1n conocer los atractivos de la regi\u00f3n.<\/p>\n<p><em>\u201cAgradeciendo a la Gobernadora Pavlovich que est\u00e1 preocupada por este tipo de eventos, en conformar a Sonora en un estado en donde se pueden recibir visitantes, como estos muchachos motociclistas v\u00eda carretera\u201d,<\/em> expres\u00f3.<\/p>\n<p>El organizador de Aztec Riders en Ciudad Obreg\u00f3n, Iv\u00e1n Castelo, dio a conocer que el viaje iniciar\u00e1 el 31 de marzo en Los \u00c1ngeles, California e ingresar\u00e1n a Sonora por Nogales, y los d\u00edas 1 y 2 de abril se realizar\u00e1n eventos en las inmediaciones de la Laguna del N\u00e1inari, con venta de alimentos, presentaciones musicales y encuentro con los fan\u00e1ticos de las motocicletas.<\/p>\n<p><em>\u201cLos recibiremos con una fiesta, es completamente familiar, tiene un sentido altruista tambi\u00e9n, nosotros apoyamos a un centro educativo art\u00edstico Down, son ni\u00f1os con s\u00edndrome de Down, todo el alimento que se vende es en apoyo a ellos\u201d,<\/em> dijo.<\/p>\n<p>Al respecto el Director de Turismo y Cultura de Ciudad Obreg\u00f3n, Sergio Inzunza, destac\u00f3 la colaboraci\u00f3n entre autoridades estatales y municipales para ofrecer todos los atractivos a los visitantes a la ciudad.<\/p>\n<p><em>\u201cEstamos trabajando en transversalidad, porque eso es lo que nos da m\u00e1s fuerza, nos sentimos muy acogidos y much\u00edsimas gracias al Gobierno del Estado, considerar a Ciudad Obreg\u00f3n como una parada donde nuestros visitantes puedan disfrutar de la ciudad de lo que la ciudad tiene que ofrecer\u201d,<\/em> resalt\u00f3.<\/p>\n<p>Para m\u00e1s informaci\u00f3n los interesados pueden visitar el enlace <a href=\"https:\/\/www.facebook.com\/AztecRidersMC\/\">https:\/\/www.facebook.com\/AztecRidersMC\/<\/a><\/p>\n<p>(Fecha de publicaci\u00f3n 13032018)<\/p>\n","protected":false},"excerpt":{"rendered":"<p>HERMOSILLO, SONORA .MX. \u2014\u00a0 Los d\u00edas 1 y 2 de abril miembros del club de&#8230;<\/p>\n","protected":false},"author":1,"featured_media":33531,"comment_status":"open","ping_status":"open","sticky":false,"template":"","format":"standard","meta":{"_monsterinsights_skip_tracking":false,"_monsterinsights_sitenote_active":false,"_monsterinsights_sitenote_note":"","_monsterinsights_sitenote_category":0,"footnotes":""},"categories":[13,5],"tags":[],"class_list":["post"],"yoast_head":" \n<title>Sonora en Equipo. Har\u00e1n escala en Ciudad Obreg\u00f3n 200 motociclistas: H\u00e9ctor Platt Destacadas<\/title>\n<meta name=\"description\" content=\"HERMOSILLO, SONORA .MX. \u2014\u00a0 Los d\u00edas 1 y 2 de abril miembros del club de motociclistas Aztec Riders permanecer\u00e1n en Ciudad Obreg\u00f3n como parte del trayecto En Sonora en Equipo publicamos toda la informaci\u00f3n de Sonora, M\u00e9xico y el Mundo de manera oportuna y busca que la libertad de expresi\u00f3n sea real. Visita nuestro medio informativo publicado desde Hermosillo, Sonora. %\" \/>\n<meta name=\"robots\" content=\"index, follow, max-snippet:-1, max-image-preview:large, max-video-preview:-1\" \/>\n<link rel=\"canonical\" href=\"https:\/\/www.sonoraenequipo.com.mx\/haran-escala-ciudad-obregon-200-motociclistas-hector-platt\/\" \/>\n<meta property=\"og:locale\" content=\"es_ES\" \/>\n<meta property=\"og:type\" content=\"article\" \/>\n<meta property=\"og:title\" content=\"Sonora en Equipo. Har\u00e1n escala en Ciudad Obreg\u00f3n 200 motociclistas: H\u00e9ctor Platt Destacadas\" \/>\n<meta property=\"og:description\" content=\"HERMOSILLO, SONORA .MX. \u2014\u00a0 Los d\u00edas 1 y 2 de abril miembros del club de motociclistas Aztec Riders permanecer\u00e1n en Ciudad Obreg\u00f3n como parte del trayecto En Sonora en Equipo publicamos toda la informaci\u00f3n de Sonora, M\u00e9xico y el Mundo de manera oportuna y busca que la libertad de expresi\u00f3n sea real. Visita nuestro medio informativo publicado desde Hermosillo, Sonora. %\" \/>\n<meta property=\"og:url\" content=\"https:\/\/www.sonoraenequipo.com.mx\/haran-escala-ciudad-obregon-200-motociclistas-hector-platt\/\" \/>\n<meta property=\"og:site_name\" content=\"Sonora en Equipo.\" \/>\n<meta property=\"article:publisher\" content=\"https:\/\/www.facebook.com\/SonoraEE\/\" \/>\n<meta property=\"article:author\" content=\"https:\/\/www.facebook.com\/SonoraEE\" \/>\n<meta property=\"article:published_time\" content=\"2018-03-13T22:35:49+00:00\" \/>\n<meta property=\"article:modified_time\" content=\"2018-03-14T04:31:42+00:00\" \/>\n<meta property=\"og:image\" content=\"https:\/\/www.sonoraenequipo.com.mx\/storage\/2018\/03\/turismo-motos_opt.jpg\" \/>\n\t<meta property=\"og:image:width\" content=\"600\" \/>\n\t<meta property=\"og:image:height\" content=\"400\" \/>\n\t<meta property=\"og:image:type\" content=\"image\/jpeg\" \/>\n<meta name=\"author\" content=\"enequipo\" \/>\n<meta name=\"twitter:card\" content=\"summary_large_image\" \/>\n<meta name=\"twitter:creator\" content=\"@sonoraenequipo\" \/>\n<meta name=\"twitter:site\" content=\"@sonoraenequipo\" \/>\n<meta name=\"twitter:label1\" content=\"Escrito por\" \/>\n\t<meta name=\"twitter:data1\" content=\"enequipo\" \/>\n\t<meta name=\"twitter:label2\" content=\"Tiempo de lectura\" \/>\n\t<meta name=\"twitter:data2\" content=\"2 minutos\" \/>\n<script type=\"application\/ld+json\" class=\"yoast-schema-graph\">{\"@context\":\"https:\/\/schema.org\",\"@graph\":[{\"@type\":\"Article\",\"@id\":\"https:\/\/www.sonoraenequipo.com.mx\/haran-escala-ciudad-obregon-200-motociclistas-hector-platt\/#article\",\"isPartOf\":{\"@id\":\"https:\/\/www.sonoraenequipo.com.mx\/haran-escala-ciudad-obregon-200-motociclistas-hector-platt\/\"},\"author\":{\"name\":\"enequipo\",\"@id\":\"https:\/\/www.sonoraenequipo.com.mx\/#\/schema\/person\/50102df0fb23a8fa9e8effad8fa81386\"},\"headline\":\"Har\u00e1n escala en Ciudad Obreg\u00f3n 200 motociclistas: H\u00e9ctor Platt\",\"datePublished\":\"2018-03-13T22:35:49+00:00\",\"dateModified\":\"2018-03-14T04:31:42+00:00\",\"mainEntityOfPage\":{\"@id\":\"https:\/\/www.sonoraenequipo.com.mx\/haran-escala-ciudad-obregon-200-motociclistas-hector-platt\/\"},\"wordCount\":436,\"commentCount\":0,\"publisher\":{\"@id\":\"https:\/\/www.sonoraenequipo.com.mx\/#organization\"},\"image\":{\"@id\":\"https:\/\/www.sonoraenequipo.com.mx\/haran-escala-ciudad-obregon-200-motociclistas-hector-platt\/#primaryimage\"},\"thumbnailUrl\":\"https:\/\/www.sonoraenequipo.com.mx\/storage\/2018\/03\/turismo-motos_opt.jpg\",\"articleSection\":[\"Destacadas\",\"Rep\u00fablica\"],\"inLanguage\":\"es\",\"potentialAction\":[{\"@type\":\"CommentAction\",\"name\":\"Comment\",\"target\":[\"https:\/\/www.sonoraenequipo.com.mx\/haran-escala-ciudad-obregon-200-motociclistas-hector-platt\/#respond\"]}]},{\"@type\":\"WebPage\",\"@id\":\"https:\/\/www.sonoraenequipo.com.mx\/haran-escala-ciudad-obregon-200-motociclistas-hector-platt\/\",\"url\":\"https:\/\/www.sonoraenequipo.com.mx\/haran-escala-ciudad-obregon-200-motociclistas-hector-platt\/\",\"name\":\"Sonora en Equipo. Har\u00e1n escala en Ciudad Obreg\u00f3n 200 motociclistas: H\u00e9ctor Platt Destacadas\",\"isPartOf\":{\"@id\":\"https:\/\/www.sonoraenequipo.com.mx\/#website\"},\"primaryImageOfPage\":{\"@id\":\"https:\/\/www.sonoraenequipo.com.mx\/haran-escala-ciudad-obregon-200-motociclistas-hector-platt\/#primaryimage\"},\"image\":{\"@id\":\"https:\/\/www.sonoraenequipo.com.mx\/haran-escala-ciudad-obregon-200-motociclistas-hector-platt\/#primaryimage\"},\"thumbnailUrl\":\"https:\/\/www.sonoraenequipo.com.mx\/storage\/2018\/03\/turismo-motos_opt.jpg\",\"datePublished\":\"2018-03-13T22:35:49+00:00\",\"dateModified\":\"2018-03-14T04:31:42+00:00\",\"description\":\"HERMOSILLO, SONORA .MX. \u2014\u00a0 Los d\u00edas 1 y 2 de abril miembros del club de motociclistas Aztec Riders permanecer\u00e1n en Ciudad Obreg\u00f3n como parte del trayecto En Sonora en Equipo publicamos toda la informaci\u00f3n de Sonora, M\u00e9xico y el Mundo de manera oportuna y busca que la libertad de expresi\u00f3n sea real. Visita nuestro medio informativo publicado desde Hermosillo, Sonora. %\",\"breadcrumb\":{\"@id\":\"https:\/\/www.sonoraenequipo.com.mx\/haran-escala-ciudad-obregon-200-motociclistas-hector-platt\/#breadcrumb\"},\"inLanguage\":\"es\",\"potentialAction\":[{\"@type\":\"ReadAction\",\"target\":[\"https:\/\/www.sonoraenequipo.com.mx\/haran-escala-ciudad-obregon-200-motociclistas-hector-platt\/\"]}]},{\"@type\":\"ImageObject\",\"inLanguage\":\"es\",\"@id\":\"https:\/\/www.sonoraenequipo.com.mx\/haran-escala-ciudad-obregon-200-motociclistas-hector-platt\/#primaryimage\",\"url\":\"https:\/\/www.sonoraenequipo.com.mx\/storage\/2018\/03\/turismo-motos_opt.jpg\",\"contentUrl\":\"https:\/\/www.sonoraenequipo.com.mx\/storage\/2018\/03\/turismo-motos_opt.jpg\",\"width\":600,\"height\":400},{\"@type\":\"BreadcrumbList\",\"@id\":\"https:\/\/www.sonoraenequipo.com.mx\/haran-escala-ciudad-obregon-200-motociclistas-hector-platt\/#breadcrumb\",\"itemListElement\":[{\"@type\":\"ListItem\",\"position\":1,\"name\":\"Portada\",\"item\":\"https:\/\/www.sonoraenequipo.com.mx\/\"},{\"@type\":\"ListItem\",\"position\":2,\"name\":\"Har\u00e1n escala en Ciudad Obreg\u00f3n 200 motociclistas: H\u00e9ctor Platt\"}]},{\"@type\":\"WebSite\",\"@id\":\"https:\/\/www.sonoraenequipo.com.mx\/#website\",\"url\":\"https:\/\/www.sonoraenequipo.com.mx\/\",\"name\":\"Sonora en Equipo.\",\"description\":\"Diario en l\u00ednea con Noticias desde Hermosillo, Sonora\",\"publisher\":{\"@id\":\"https:\/\/www.sonoraenequipo.com.mx\/#organization\"},\"potentialAction\":[{\"@type\":\"SearchAction\",\"target\":{\"@type\":\"EntryPoint\",\"urlTemplate\":\"https:\/\/www.sonoraenequipo.com.mx\/?s={search_term_string}\"},\"query-input\":{\"@type\":\"PropertyValueSpecification\",\"valueRequired\":true,\"valueName\":\"search_term_string\"}}],\"inLanguage\":\"es\"},{\"@type\":\"Organization\",\"@id\":\"https:\/\/www.sonoraenequipo.com.mx\/#organization\",\"name\":\"Sonoraenequipo.com.mx\",\"url\":\"https:\/\/www.sonoraenequipo.com.mx\/\",\"logo\":{\"@type\":\"ImageObject\",\"inLanguage\":\"es\",\"@id\":\"https:\/\/www.sonoraenequipo.com.mx\/#\/schema\/logo\/image\/\",\"url\":\"https:\/\/www.sonoraenequipo.com.mx\/storage\/2019\/01\/sonoraenequipo_opt.png\",\"contentUrl\":\"https:\/\/www.sonoraenequipo.com.mx\/storage\/2019\/01\/sonoraenequipo_opt.png\",\"width\":375,\"height\":125,\"caption\":\"Sonoraenequipo.com.mx\"},\"image\":{\"@id\":\"https:\/\/www.sonoraenequipo.com.mx\/#\/schema\/logo\/image\/\"},\"sameAs\":[\"https:\/\/www.facebook.com\/SonoraEE\/\",\"https:\/\/x.com\/sonoraenequipo\",\"https:\/\/www.youtube.com\/channel\/UC338nW-lPEYmJQs4ZABQ1SQ\"]},{\"@type\":\"Person\",\"@id\":\"https:\/\/www.sonoraenequipo.com.mx\/#\/schema\/person\/50102df0fb23a8fa9e8effad8fa81386\",\"name\":\"enequipo\",\"image\":{\"@type\":\"ImageObject\",\"inLanguage\":\"es\",\"@id\":\"https:\/\/www.sonoraenequipo.com.mx\/#\/schema\/person\/image\/\",\"url\":\"https:\/\/secure.gravatar.com\/avatar\/049821681b589dabc0bc20695993ccebb09f5b5d4d790cd9251b97faac7c652b?s=96&d=blank&r=g\",\"contentUrl\":\"https:\/\/secure.gravatar.com\/avatar\/049821681b589dabc0bc20695993ccebb09f5b5d4d790cd9251b97faac7c652b?s=96&d=blank&r=g\",\"caption\":\"enequipo\"},\"sameAs\":[\"https:\/\/www.facebook.com\/SonoraEE\"]}]}<\/script>\n ","yoast_head_json":{"title":"Sonora en Equipo. Har\u00e1n escala en Ciudad Obreg\u00f3n 200 motociclistas: H\u00e9ctor Platt Destacadas","description":"HERMOSILLO, SONORA .MX. \u2014\u00a0 Los d\u00edas 1 y 2 de abril miembros del club de motociclistas Aztec Riders permanecer\u00e1n en Ciudad Obreg\u00f3n como parte del trayecto En Sonora en Equipo publicamos toda la informaci\u00f3n de Sonora, M\u00e9xico y el Mundo de manera oportuna y busca que la libertad de expresi\u00f3n sea real. Visita nuestro medio informativo publicado desde Hermosillo, Sonora. %","robots":{"index":"index","follow":"follow","max-snippet":"max-snippet:-1","max-image-preview":"max-image-preview:large","max-video-preview":"max-video-preview:-1"},"canonical":"https:\/\/www.sonoraenequipo.com.mx\/haran-escala-ciudad-obregon-200-motociclistas-hector-platt\/","og_locale":"es_ES","og_type":"article","og_title":"Sonora en Equipo. Har\u00e1n escala en Ciudad Obreg\u00f3n 200 motociclistas: H\u00e9ctor Platt Destacadas","og_description":"HERMOSILLO, SONORA .MX. \u2014\u00a0 Los d\u00edas 1 y 2 de abril miembros del club de motociclistas Aztec Riders permanecer\u00e1n en Ciudad Obreg\u00f3n como parte del trayecto En Sonora en Equipo publicamos toda la informaci\u00f3n de Sonora, M\u00e9xico y el Mundo de manera oportuna y busca que la libertad de expresi\u00f3n sea real. Visita nuestro medio informativo publicado desde Hermosillo, Sonora. %","og_url":"https:\/\/www.sonoraenequipo.com.mx\/haran-escala-ciudad-obregon-200-motociclistas-hector-platt\/","og_site_name":"Sonora en Equipo.","article_publisher":"https:\/\/www.facebook.com\/SonoraEE\/","article_author":"https:\/\/www.facebook.com\/SonoraEE","article_published_time":"2018-03-13T22:35:49+00:00","article_modified_time":"2018-03-14T04:31:42+00:00","og_image":[{"width":600,"height":400,"url":"https:\/\/www.sonoraenequipo.com.mx\/storage\/2018\/03\/turismo-motos_opt.jpg","type":"image\/jpeg"}],"author":"enequipo","twitter_card":"summary_large_image","twitter_creator":"@sonoraenequipo","twitter_site":"@sonoraenequipo","twitter_misc":{"Escrito por":"enequipo","Tiempo de lectura":"2 minutos"},"schema":{"@context":"https:\/\/schema.org","@graph":[{"@type":"Article","@id":"https:\/\/www.sonoraenequipo.com.mx\/haran-escala-ciudad-obregon-200-motociclistas-hector-platt\/#article","isPartOf":{"@id":"https:\/\/www.sonoraenequipo.com.mx\/haran-escala-ciudad-obregon-200-motociclistas-hector-platt\/"},"author":{"name":"enequipo","@id":"https:\/\/www.sonoraenequipo.com.mx\/#\/schema\/person\/50102df0fb23a8fa9e8effad8fa81386"},"headline":"Har\u00e1n escala en Ciudad Obreg\u00f3n 200 motociclistas: H\u00e9ctor Platt","datePublished":"2018-03-13T22:35:49+00:00","dateModified":"2018-03-14T04:31:42+00:00","mainEntityOfPage":{"@id":"https:\/\/www.sonoraenequipo.com.mx\/haran-escala-ciudad-obregon-200-motociclistas-hector-platt\/"},"wordCount":436,"commentCount":0,"publisher":{"@id":"https:\/\/www.sonoraenequipo.com.mx\/#organization"},"image":{"@id":"https:\/\/www.sonoraenequipo.com.mx\/haran-escala-ciudad-obregon-200-motociclistas-hector-platt\/#primaryimage"},"thumbnailUrl":"https:\/\/www.sonoraenequipo.com.mx\/storage\/2018\/03\/turismo-motos_opt.jpg","articleSection":["Destacadas","Rep\u00fablica"],"inLanguage":"es","potentialAction":[{"@type":"CommentAction","name":"Comment","target":["https:\/\/www.sonoraenequipo.com.mx\/haran-escala-ciudad-obregon-200-motociclistas-hector-platt\/#respond"]}]},{"@type":"WebPage","@id":"https:\/\/www.sonoraenequipo.com.mx\/haran-escala-ciudad-obregon-200-motociclistas-hector-platt\/","url":"https:\/\/www.sonoraenequipo.com.mx\/haran-escala-ciudad-obregon-200-motociclistas-hector-platt\/","name":"Sonora en Equipo. Har\u00e1n escala en Ciudad Obreg\u00f3n 200 motociclistas: H\u00e9ctor Platt Destacadas","isPartOf":{"@id":"https:\/\/www.sonoraenequipo.com.mx\/#website"},"primaryImageOfPage":{"@id":"https:\/\/www.sonoraenequipo.com.mx\/haran-escala-ciudad-obregon-200-motociclistas-hector-platt\/#primaryimage"},"image":{"@id":"https:\/\/www.sonoraenequipo.com.mx\/haran-escala-ciudad-obregon-200-motociclistas-hector-platt\/#primaryimage"},"thumbnailUrl":"https:\/\/www.sonoraenequipo.com.mx\/storage\/2018\/03\/turismo-motos_opt.jpg","datePublished":"2018-03-13T22:35:49+00:00","dateModified":"2018-03-14T04:31:42+00:00","description":"HERMOSILLO, SONORA .MX. \u2014\u00a0 Los d\u00edas 1 y 2 de abril miembros del club de motociclistas Aztec Riders permanecer\u00e1n en Ciudad Obreg\u00f3n como parte del trayecto En Sonora en Equipo publicamos toda la informaci\u00f3n de Sonora, M\u00e9xico y el Mundo de manera oportuna y busca que la libertad de expresi\u00f3n sea real. Visita nuestro medio informativo publicado desde Hermosillo, Sonora. %","breadcrumb":{"@id":"https:\/\/www.sonoraenequipo.com.mx\/haran-escala-ciudad-obregon-200-motociclistas-hector-platt\/#breadcrumb"},"inLanguage":"es","potentialAction":[{"@type":"ReadAction","target":["https:\/\/www.sonoraenequipo.com.mx\/haran-escala-ciudad-obregon-200-motociclistas-hector-platt\/"]}]},{"@type":"ImageObject","inLanguage":"es","@id":"https:\/\/www.sonoraenequipo.com.mx\/haran-escala-ciudad-obregon-200-motociclistas-hector-platt\/#primaryimage","url":"https:\/\/www.sonoraenequipo.com.mx\/storage\/2018\/03\/turismo-motos_opt.jpg","contentUrl":"https:\/\/www.sonoraenequipo.com.mx\/storage\/2018\/03\/turismo-motos_opt.jpg","width":600,"height":400},{"@type":"BreadcrumbList","@id":"https:\/\/www.sonoraenequipo.com.mx\/haran-escala-ciudad-obregon-200-motociclistas-hector-platt\/#breadcrumb","itemListElement":[{"@type":"ListItem","position":1,"name":"Portada","item":"https:\/\/www.sonoraenequipo.com.mx\/"},{"@type":"ListItem","position":2,"name":"Har\u00e1n escala en Ciudad Obreg\u00f3n 200 motociclistas: H\u00e9ctor Platt"}]},{"@type":"WebSite","@id":"https:\/\/www.sonoraenequipo.com.mx\/#website","url":"https:\/\/www.sonoraenequipo.com.mx\/","name":"Sonora en Equipo.","description":"Diario en l\u00ednea con Noticias desde Hermosillo, Sonora","publisher":{"@id":"https:\/\/www.sonoraenequipo.com.mx\/#organization"},"potentialAction":[{"@type":"SearchAction","target":{"@type":"EntryPoint","urlTemplate":"https:\/\/www.sonoraenequipo.com.mx\/?s={search_term_string}"},"query-input":{"@type":"PropertyValueSpecification","valueRequired":true,"valueName":"search_term_string"}}],"inLanguage":"es"},{"@type":"Organization","@id":"https:\/\/www.sonoraenequipo.com.mx\/#organization","name":"Sonoraenequipo.com.mx","url":"https:\/\/www.sonoraenequipo.com.mx\/","logo":{"@type":"ImageObject","inLanguage":"es","@id":"https:\/\/www.sonoraenequipo.com.mx\/#\/schema\/logo\/image\/","url":"https:\/\/www.sonoraenequipo.com.mx\/storage\/2019\/01\/sonoraenequipo_opt.png","contentUrl":"https:\/\/www.sonoraenequipo.com.mx\/storage\/2019\/01\/sonoraenequipo_opt.png","width":375,"height":125,"caption":"Sonoraenequipo.com.mx"},"image":{"@id":"https:\/\/www.sonoraenequipo.com.mx\/#\/schema\/logo\/image\/"},"sameAs":["https:\/\/www.facebook.com\/SonoraEE\/","https:\/\/x.com\/sonoraenequipo","https:\/\/www.youtube.com\/channel\/UC338nW-lPEYmJQs4ZABQ1SQ"]},{"@type":"Person","@id":"https:\/\/www.sonoraenequipo.com.mx\/#\/schema\/person\/50102df0fb23a8fa9e8effad8fa81386","name":"enequipo","image":{"@type":"ImageObject","inLanguage":"es","@id":"https:\/\/www.sonoraenequipo.com.mx\/#\/schema\/person\/image\/","url":"https:\/\/secure.gravatar.com\/avatar\/049821681b589dabc0bc20695993ccebb09f5b5d4d790cd9251b97faac7c652b?s=96&d=blank&r=g","contentUrl":"https:\/\/secure.gravatar.com\/avatar\/049821681b589dabc0bc20695993ccebb09f5b5d4d790cd9251b97faac7c652b?s=96&d=blank&r=g","caption":"enequipo"},"sameAs":["https:\/\/www.facebook.com\/SonoraEE"]}]}},"jetpack_featured_media_url":"https:\/\/www.sonoraenequipo.com.mx\/storage\/2018\/03\/turismo-motos_opt.jpg","_links":{"self":[{"href":"https:\/\/www.sonoraenequipo.com.mx\/api\/wp\/v2\/posts\/33529","targetHints":{"allow":["GET"]}}],"collection":[{"href":"https:\/\/www.sonoraenequipo.com.mx\/api\/wp\/v2\/posts"}],"about":[{"href":"https:\/\/www.sonoraenequipo.com.mx\/api\/wp\/v2\/types\/post"}],"author":[{"embeddable":true,"href":"https:\/\/www.sonoraenequipo.com.mx\/api\/wp\/v2\/users\/1"}],"replies":[{"embeddable":true,"href":"https:\/\/www.sonoraenequipo.com.mx\/api\/wp\/v2\/comments?post=33529"}],"version-history":[{"count":0,"href":"https:\/\/www.sonoraenequipo.com.mx\/api\/wp\/v2\/posts\/33529\/revisions"}],"wp:featuredmedia":[{"embeddable":true,"href":"https:\/\/www.sonoraenequipo.com.mx\/api\/wp\/v2\/media\/33531"}],"wp:attachment":[{"href":"https:\/\/www.sonoraenequipo.com.mx\/api\/wp\/v2\/media?parent=33529"}],"wp:term":[{"taxonomy":"category","embeddable":true,"href":"https:\/\/www.sonoraenequipo.com.mx\/api\/wp\/v2\/categories?post=33529"},{"taxonomy":"post_tag","embeddable":true,"href":"https:\/\/www.sonoraenequipo.com.mx\/api\/wp\/v2\/tags?post=33529"}],"curies":[{"name":"wp","href":"https:\/\/api.w.org\/{rel}","templated":true}]}}