{"id":33540,"date":"2018-03-14T10:36:01","date_gmt":"2018-03-14T17:36:01","guid":{"rendered":"http:\/\/www.sonoraenequipo.com.mx\/?p=33540"},"modified":"2018-03-14T19:36:16","modified_gmt":"2018-03-15T02:36:16","slug":"merkel-juramenta-canciller-federal-alemania-cuarto-mandato","status":"publish","type":"post","link":"https:\/\/www.sonoraenequipo.com.mx\/merkel-juramenta-canciller-federal-alemania-cuarto-mandato\/","title":{"rendered":"Merkel juramenta como canciller federal de Alemania por cuarto mandato"},"content":{"rendered":"<p>ALEMANIA. \u2014 Angela Merkel se convirti\u00f3 hoy en canciller federal de Alemania por cuarta vez consecutiva, en momentos en que la atm\u00f3sfera social est\u00e1 polarizada aunque el pa\u00eds est\u00e1 en una situaci\u00f3n econ\u00f3mica muy pr\u00f3spera, y a nivel internacional sopla el viento del populismo.<\/p>\n<p> <\/p>\n<p>Merkel fue elegida este mi\u00e9rcoles por el Parlamento alem\u00e1n como canciller federal con 364 votos de un total de 688 votos v\u00e1lidos de los diputados presentes en el Bundestag. Para lograr la elecci\u00f3n por mayor\u00eda se requiere de un m\u00ednimo de 355 votos.<\/p>\n<p>A pesar de que rebas\u00f3 la l\u00ednea divisoria que marca ese requisito, gener\u00f3 alguna sorpresa que haya recibido tantos votos en contra.<\/p>\n<p>Las fracciones parlamentarias de las Uniones (Uni\u00f3n Dem\u00f3crata Cristiana CDU y Uni\u00f3n Social Cristiana de Baviera CSU) y el Partido Socialdem\u00f3crata (SPD) tienen en conjunto 399 votos.<\/p>\n<p>Por lo tanto Merkel sum\u00f3 324 votos en contra. El elevado n\u00famero de votos en contra reflejan la nueva relaci\u00f3n de fuerzas en el Bundestag, con la llegada del partido populista y nacionalista de extrema derecha, Alternativa para Alemania (AfD), y el reingreso al Parlamento del Partido Liberal (FDP).<\/p>\n<p>Entre los votos en contra se cuentan tambi\u00e9n los del Partido de los Verdes y el Partido La Izquierda. Despu\u00e9s de haber recibido un nutrido aplauso, ramos de flores y las felicitaciones de miembros del Bundestag, fue conducida por un convoy al Palacio Bellevue, que es la residencia oficial del presidente de Alemania, cargo que ocupa el pol\u00edtico socialdem\u00f3crata Frank Walter Steinmeier.<\/p>\n<p>El Palacio Bellevue se encuentra a solo dos kil\u00f3metros de distancia del Reichstag, el edificio centenario donde tiene su sede el Parlamento alem\u00e1n. La ceremonia en Bellevue fue breve y alegre.<\/p>\n<p>Acto seguido, la reci\u00e9n nombrada canciller federal de Alemania regres\u00f3 al Bundestag, donde el presidente de ese cuerpo legislativo alem\u00e1n le tom\u00f3 el juramento para asumir el cargo.<\/p>\n<p>(Fecha de publicaci\u00f3n 143032018)<\/p>\n","protected":false},"excerpt":{"rendered":"<p>ALEMANIA. \u2014 Angela Merkel se convirti\u00f3 hoy en canciller federal de Alemania por cuarta vez&#8230;<\/p>\n","protected":false},"author":1,"featured_media":33541,"comment_status":"open","ping_status":"open","sticky":false,"template":"","format":"standard","meta":{"_monsterinsights_skip_tracking":false,"_monsterinsights_sitenote_active":false,"_monsterinsights_sitenote_note":"","_monsterinsights_sitenote_category":0,"footnotes":""},"categories":[13,3],"tags":[],"class_list":["post"],"yoast_head":" \n<title>Sonora en Equipo. Merkel juramenta como canciller federal de Alemania por cuarto mandato Destacadas<\/title>\n<meta name=\"description\" content=\"ALEMANIA. \u2014 Angela Merkel se convirti\u00f3 hoy en canciller federal de Alemania por cuarta vez consecutiva, en momentos en que la atm\u00f3sfera social est\u00e1 En Sonora en Equipo publicamos toda la informaci\u00f3n de Sonora, M\u00e9xico y el Mundo de manera oportuna y busca que la libertad de expresi\u00f3n sea real. Visita nuestro medio informativo publicado desde Hermosillo, Sonora. %\" \/>\n<meta name=\"robots\" content=\"index, follow, max-snippet:-1, max-image-preview:large, max-video-preview:-1\" \/>\n<link rel=\"canonical\" href=\"https:\/\/www.sonoraenequipo.com.mx\/merkel-juramenta-canciller-federal-alemania-cuarto-mandato\/\" \/>\n<meta property=\"og:locale\" content=\"es_ES\" \/>\n<meta property=\"og:type\" content=\"article\" \/>\n<meta property=\"og:title\" content=\"Sonora en Equipo. Merkel juramenta como canciller federal de Alemania por cuarto mandato Destacadas\" \/>\n<meta property=\"og:description\" content=\"ALEMANIA. \u2014 Angela Merkel se convirti\u00f3 hoy en canciller federal de Alemania por cuarta vez consecutiva, en momentos en que la atm\u00f3sfera social est\u00e1 En Sonora en Equipo publicamos toda la informaci\u00f3n de Sonora, M\u00e9xico y el Mundo de manera oportuna y busca que la libertad de expresi\u00f3n sea real. Visita nuestro medio informativo publicado desde Hermosillo, Sonora. %\" \/>\n<meta property=\"og:url\" content=\"https:\/\/www.sonoraenequipo.com.mx\/merkel-juramenta-canciller-federal-alemania-cuarto-mandato\/\" \/>\n<meta property=\"og:site_name\" content=\"Sonora en Equipo.\" \/>\n<meta property=\"article:publisher\" content=\"https:\/\/www.facebook.com\/SonoraEE\/\" \/>\n<meta property=\"article:author\" content=\"https:\/\/www.facebook.com\/SonoraEE\" \/>\n<meta property=\"article:published_time\" content=\"2018-03-14T17:36:01+00:00\" \/>\n<meta property=\"article:modified_time\" content=\"2018-03-15T02:36:16+00:00\" \/>\n<meta property=\"og:image\" content=\"https:\/\/www.sonoraenequipo.com.mx\/storage\/2018\/03\/Angela-Merkel-juramento_opt.jpg\" \/>\n\t<meta property=\"og:image:width\" content=\"714\" \/>\n\t<meta property=\"og:image:height\" content=\"400\" \/>\n\t<meta property=\"og:image:type\" content=\"image\/jpeg\" \/>\n<meta name=\"author\" content=\"enequipo\" \/>\n<meta name=\"twitter:card\" content=\"summary_large_image\" \/>\n<meta name=\"twitter:creator\" content=\"@sonoraenequipo\" \/>\n<meta name=\"twitter:site\" content=\"@sonoraenequipo\" \/>\n<meta name=\"twitter:label1\" content=\"Escrito por\" \/>\n\t<meta name=\"twitter:data1\" content=\"enequipo\" \/>\n\t<meta name=\"twitter:label2\" content=\"Tiempo de lectura\" \/>\n\t<meta name=\"twitter:data2\" content=\"2 minutos\" \/>\n<script type=\"application\/ld+json\" class=\"yoast-schema-graph\">{\"@context\":\"https:\/\/schema.org\",\"@graph\":[{\"@type\":\"Article\",\"@id\":\"https:\/\/www.sonoraenequipo.com.mx\/merkel-juramenta-canciller-federal-alemania-cuarto-mandato\/#article\",\"isPartOf\":{\"@id\":\"https:\/\/www.sonoraenequipo.com.mx\/merkel-juramenta-canciller-federal-alemania-cuarto-mandato\/\"},\"author\":{\"name\":\"enequipo\",\"@id\":\"https:\/\/www.sonoraenequipo.com.mx\/#\/schema\/person\/50102df0fb23a8fa9e8effad8fa81386\"},\"headline\":\"Merkel juramenta como canciller federal de Alemania por cuarto mandato\",\"datePublished\":\"2018-03-14T17:36:01+00:00\",\"dateModified\":\"2018-03-15T02:36:16+00:00\",\"mainEntityOfPage\":{\"@id\":\"https:\/\/www.sonoraenequipo.com.mx\/merkel-juramenta-canciller-federal-alemania-cuarto-mandato\/\"},\"wordCount\":340,\"commentCount\":0,\"publisher\":{\"@id\":\"https:\/\/www.sonoraenequipo.com.mx\/#organization\"},\"image\":{\"@id\":\"https:\/\/www.sonoraenequipo.com.mx\/merkel-juramenta-canciller-federal-alemania-cuarto-mandato\/#primaryimage\"},\"thumbnailUrl\":\"https:\/\/www.sonoraenequipo.com.mx\/storage\/2018\/03\/Angela-Merkel-juramento_opt.jpg\",\"articleSection\":[\"Destacadas\",\"MUNDO\"],\"inLanguage\":\"es\",\"potentialAction\":[{\"@type\":\"CommentAction\",\"name\":\"Comment\",\"target\":[\"https:\/\/www.sonoraenequipo.com.mx\/merkel-juramenta-canciller-federal-alemania-cuarto-mandato\/#respond\"]}]},{\"@type\":\"WebPage\",\"@id\":\"https:\/\/www.sonoraenequipo.com.mx\/merkel-juramenta-canciller-federal-alemania-cuarto-mandato\/\",\"url\":\"https:\/\/www.sonoraenequipo.com.mx\/merkel-juramenta-canciller-federal-alemania-cuarto-mandato\/\",\"name\":\"Sonora en Equipo. Merkel juramenta como canciller federal de Alemania por cuarto mandato Destacadas\",\"isPartOf\":{\"@id\":\"https:\/\/www.sonoraenequipo.com.mx\/#website\"},\"primaryImageOfPage\":{\"@id\":\"https:\/\/www.sonoraenequipo.com.mx\/merkel-juramenta-canciller-federal-alemania-cuarto-mandato\/#primaryimage\"},\"image\":{\"@id\":\"https:\/\/www.sonoraenequipo.com.mx\/merkel-juramenta-canciller-federal-alemania-cuarto-mandato\/#primaryimage\"},\"thumbnailUrl\":\"https:\/\/www.sonoraenequipo.com.mx\/storage\/2018\/03\/Angela-Merkel-juramento_opt.jpg\",\"datePublished\":\"2018-03-14T17:36:01+00:00\",\"dateModified\":\"2018-03-15T02:36:16+00:00\",\"description\":\"ALEMANIA. \u2014 Angela Merkel se convirti\u00f3 hoy en canciller federal de Alemania por cuarta vez consecutiva, en momentos en que la atm\u00f3sfera social est\u00e1 En Sonora en Equipo publicamos toda la informaci\u00f3n de Sonora, M\u00e9xico y el Mundo de manera oportuna y busca que la libertad de expresi\u00f3n sea real. Visita nuestro medio informativo publicado desde Hermosillo, Sonora. %\",\"breadcrumb\":{\"@id\":\"https:\/\/www.sonoraenequipo.com.mx\/merkel-juramenta-canciller-federal-alemania-cuarto-mandato\/#breadcrumb\"},\"inLanguage\":\"es\",\"potentialAction\":[{\"@type\":\"ReadAction\",\"target\":[\"https:\/\/www.sonoraenequipo.com.mx\/merkel-juramenta-canciller-federal-alemania-cuarto-mandato\/\"]}]},{\"@type\":\"ImageObject\",\"inLanguage\":\"es\",\"@id\":\"https:\/\/www.sonoraenequipo.com.mx\/merkel-juramenta-canciller-federal-alemania-cuarto-mandato\/#primaryimage\",\"url\":\"https:\/\/www.sonoraenequipo.com.mx\/storage\/2018\/03\/Angela-Merkel-juramento_opt.jpg\",\"contentUrl\":\"https:\/\/www.sonoraenequipo.com.mx\/storage\/2018\/03\/Angela-Merkel-juramento_opt.jpg\",\"width\":714,\"height\":400},{\"@type\":\"BreadcrumbList\",\"@id\":\"https:\/\/www.sonoraenequipo.com.mx\/merkel-juramenta-canciller-federal-alemania-cuarto-mandato\/#breadcrumb\",\"itemListElement\":[{\"@type\":\"ListItem\",\"position\":1,\"name\":\"Portada\",\"item\":\"https:\/\/www.sonoraenequipo.com.mx\/\"},{\"@type\":\"ListItem\",\"position\":2,\"name\":\"Merkel juramenta como canciller federal de Alemania por cuarto mandato\"}]},{\"@type\":\"WebSite\",\"@id\":\"https:\/\/www.sonoraenequipo.com.mx\/#website\",\"url\":\"https:\/\/www.sonoraenequipo.com.mx\/\",\"name\":\"Sonora en Equipo.\",\"description\":\"Diario en l\u00ednea con Noticias desde Hermosillo, Sonora\",\"publisher\":{\"@id\":\"https:\/\/www.sonoraenequipo.com.mx\/#organization\"},\"potentialAction\":[{\"@type\":\"SearchAction\",\"target\":{\"@type\":\"EntryPoint\",\"urlTemplate\":\"https:\/\/www.sonoraenequipo.com.mx\/?s={search_term_string}\"},\"query-input\":{\"@type\":\"PropertyValueSpecification\",\"valueRequired\":true,\"valueName\":\"search_term_string\"}}],\"inLanguage\":\"es\"},{\"@type\":\"Organization\",\"@id\":\"https:\/\/www.sonoraenequipo.com.mx\/#organization\",\"name\":\"Sonoraenequipo.com.mx\",\"url\":\"https:\/\/www.sonoraenequipo.com.mx\/\",\"logo\":{\"@type\":\"ImageObject\",\"inLanguage\":\"es\",\"@id\":\"https:\/\/www.sonoraenequipo.com.mx\/#\/schema\/logo\/image\/\",\"url\":\"https:\/\/www.sonoraenequipo.com.mx\/storage\/2019\/01\/sonoraenequipo_opt.png\",\"contentUrl\":\"https:\/\/www.sonoraenequipo.com.mx\/storage\/2019\/01\/sonoraenequipo_opt.png\",\"width\":375,\"height\":125,\"caption\":\"Sonoraenequipo.com.mx\"},\"image\":{\"@id\":\"https:\/\/www.sonoraenequipo.com.mx\/#\/schema\/logo\/image\/\"},\"sameAs\":[\"https:\/\/www.facebook.com\/SonoraEE\/\",\"https:\/\/x.com\/sonoraenequipo\",\"https:\/\/www.youtube.com\/channel\/UC338nW-lPEYmJQs4ZABQ1SQ\"]},{\"@type\":\"Person\",\"@id\":\"https:\/\/www.sonoraenequipo.com.mx\/#\/schema\/person\/50102df0fb23a8fa9e8effad8fa81386\",\"name\":\"enequipo\",\"image\":{\"@type\":\"ImageObject\",\"inLanguage\":\"es\",\"@id\":\"https:\/\/www.sonoraenequipo.com.mx\/#\/schema\/person\/image\/\",\"url\":\"https:\/\/secure.gravatar.com\/avatar\/049821681b589dabc0bc20695993ccebb09f5b5d4d790cd9251b97faac7c652b?s=96&d=blank&r=g\",\"contentUrl\":\"https:\/\/secure.gravatar.com\/avatar\/049821681b589dabc0bc20695993ccebb09f5b5d4d790cd9251b97faac7c652b?s=96&d=blank&r=g\",\"caption\":\"enequipo\"},\"sameAs\":[\"https:\/\/www.facebook.com\/SonoraEE\"]}]}<\/script>\n ","yoast_head_json":{"title":"Sonora en Equipo. Merkel juramenta como canciller federal de Alemania por cuarto mandato Destacadas","description":"ALEMANIA. \u2014 Angela Merkel se convirti\u00f3 hoy en canciller federal de Alemania por cuarta vez consecutiva, en momentos en que la atm\u00f3sfera social est\u00e1 En Sonora en Equipo publicamos toda la informaci\u00f3n de Sonora, M\u00e9xico y el Mundo de manera oportuna y busca que la libertad de expresi\u00f3n sea real. Visita nuestro medio informativo publicado desde Hermosillo, Sonora. %","robots":{"index":"index","follow":"follow","max-snippet":"max-snippet:-1","max-image-preview":"max-image-preview:large","max-video-preview":"max-video-preview:-1"},"canonical":"https:\/\/www.sonoraenequipo.com.mx\/merkel-juramenta-canciller-federal-alemania-cuarto-mandato\/","og_locale":"es_ES","og_type":"article","og_title":"Sonora en Equipo. Merkel juramenta como canciller federal de Alemania por cuarto mandato Destacadas","og_description":"ALEMANIA. \u2014 Angela Merkel se convirti\u00f3 hoy en canciller federal de Alemania por cuarta vez consecutiva, en momentos en que la atm\u00f3sfera social est\u00e1 En Sonora en Equipo publicamos toda la informaci\u00f3n de Sonora, M\u00e9xico y el Mundo de manera oportuna y busca que la libertad de expresi\u00f3n sea real. Visita nuestro medio informativo publicado desde Hermosillo, Sonora. %","og_url":"https:\/\/www.sonoraenequipo.com.mx\/merkel-juramenta-canciller-federal-alemania-cuarto-mandato\/","og_site_name":"Sonora en Equipo.","article_publisher":"https:\/\/www.facebook.com\/SonoraEE\/","article_author":"https:\/\/www.facebook.com\/SonoraEE","article_published_time":"2018-03-14T17:36:01+00:00","article_modified_time":"2018-03-15T02:36:16+00:00","og_image":[{"width":714,"height":400,"url":"https:\/\/www.sonoraenequipo.com.mx\/storage\/2018\/03\/Angela-Merkel-juramento_opt.jpg","type":"image\/jpeg"}],"author":"enequipo","twitter_card":"summary_large_image","twitter_creator":"@sonoraenequipo","twitter_site":"@sonoraenequipo","twitter_misc":{"Escrito por":"enequipo","Tiempo de lectura":"2 minutos"},"schema":{"@context":"https:\/\/schema.org","@graph":[{"@type":"Article","@id":"https:\/\/www.sonoraenequipo.com.mx\/merkel-juramenta-canciller-federal-alemania-cuarto-mandato\/#article","isPartOf":{"@id":"https:\/\/www.sonoraenequipo.com.mx\/merkel-juramenta-canciller-federal-alemania-cuarto-mandato\/"},"author":{"name":"enequipo","@id":"https:\/\/www.sonoraenequipo.com.mx\/#\/schema\/person\/50102df0fb23a8fa9e8effad8fa81386"},"headline":"Merkel juramenta como canciller federal de Alemania por cuarto mandato","datePublished":"2018-03-14T17:36:01+00:00","dateModified":"2018-03-15T02:36:16+00:00","mainEntityOfPage":{"@id":"https:\/\/www.sonoraenequipo.com.mx\/merkel-juramenta-canciller-federal-alemania-cuarto-mandato\/"},"wordCount":340,"commentCount":0,"publisher":{"@id":"https:\/\/www.sonoraenequipo.com.mx\/#organization"},"image":{"@id":"https:\/\/www.sonoraenequipo.com.mx\/merkel-juramenta-canciller-federal-alemania-cuarto-mandato\/#primaryimage"},"thumbnailUrl":"https:\/\/www.sonoraenequipo.com.mx\/storage\/2018\/03\/Angela-Merkel-juramento_opt.jpg","articleSection":["Destacadas","MUNDO"],"inLanguage":"es","potentialAction":[{"@type":"CommentAction","name":"Comment","target":["https:\/\/www.sonoraenequipo.com.mx\/merkel-juramenta-canciller-federal-alemania-cuarto-mandato\/#respond"]}]},{"@type":"WebPage","@id":"https:\/\/www.sonoraenequipo.com.mx\/merkel-juramenta-canciller-federal-alemania-cuarto-mandato\/","url":"https:\/\/www.sonoraenequipo.com.mx\/merkel-juramenta-canciller-federal-alemania-cuarto-mandato\/","name":"Sonora en Equipo. Merkel juramenta como canciller federal de Alemania por cuarto mandato Destacadas","isPartOf":{"@id":"https:\/\/www.sonoraenequipo.com.mx\/#website"},"primaryImageOfPage":{"@id":"https:\/\/www.sonoraenequipo.com.mx\/merkel-juramenta-canciller-federal-alemania-cuarto-mandato\/#primaryimage"},"image":{"@id":"https:\/\/www.sonoraenequipo.com.mx\/merkel-juramenta-canciller-federal-alemania-cuarto-mandato\/#primaryimage"},"thumbnailUrl":"https:\/\/www.sonoraenequipo.com.mx\/storage\/2018\/03\/Angela-Merkel-juramento_opt.jpg","datePublished":"2018-03-14T17:36:01+00:00","dateModified":"2018-03-15T02:36:16+00:00","description":"ALEMANIA. \u2014 Angela Merkel se convirti\u00f3 hoy en canciller federal de Alemania por cuarta vez consecutiva, en momentos en que la atm\u00f3sfera social est\u00e1 En Sonora en Equipo publicamos toda la informaci\u00f3n de Sonora, M\u00e9xico y el Mundo de manera oportuna y busca que la libertad de expresi\u00f3n sea real. Visita nuestro medio informativo publicado desde Hermosillo, Sonora. %","breadcrumb":{"@id":"https:\/\/www.sonoraenequipo.com.mx\/merkel-juramenta-canciller-federal-alemania-cuarto-mandato\/#breadcrumb"},"inLanguage":"es","potentialAction":[{"@type":"ReadAction","target":["https:\/\/www.sonoraenequipo.com.mx\/merkel-juramenta-canciller-federal-alemania-cuarto-mandato\/"]}]},{"@type":"ImageObject","inLanguage":"es","@id":"https:\/\/www.sonoraenequipo.com.mx\/merkel-juramenta-canciller-federal-alemania-cuarto-mandato\/#primaryimage","url":"https:\/\/www.sonoraenequipo.com.mx\/storage\/2018\/03\/Angela-Merkel-juramento_opt.jpg","contentUrl":"https:\/\/www.sonoraenequipo.com.mx\/storage\/2018\/03\/Angela-Merkel-juramento_opt.jpg","width":714,"height":400},{"@type":"BreadcrumbList","@id":"https:\/\/www.sonoraenequipo.com.mx\/merkel-juramenta-canciller-federal-alemania-cuarto-mandato\/#breadcrumb","itemListElement":[{"@type":"ListItem","position":1,"name":"Portada","item":"https:\/\/www.sonoraenequipo.com.mx\/"},{"@type":"ListItem","position":2,"name":"Merkel juramenta como canciller federal de Alemania por cuarto mandato"}]},{"@type":"WebSite","@id":"https:\/\/www.sonoraenequipo.com.mx\/#website","url":"https:\/\/www.sonoraenequipo.com.mx\/","name":"Sonora en Equipo.","description":"Diario en l\u00ednea con Noticias desde Hermosillo, Sonora","publisher":{"@id":"https:\/\/www.sonoraenequipo.com.mx\/#organization"},"potentialAction":[{"@type":"SearchAction","target":{"@type":"EntryPoint","urlTemplate":"https:\/\/www.sonoraenequipo.com.mx\/?s={search_term_string}"},"query-input":{"@type":"PropertyValueSpecification","valueRequired":true,"valueName":"search_term_string"}}],"inLanguage":"es"},{"@type":"Organization","@id":"https:\/\/www.sonoraenequipo.com.mx\/#organization","name":"Sonoraenequipo.com.mx","url":"https:\/\/www.sonoraenequipo.com.mx\/","logo":{"@type":"ImageObject","inLanguage":"es","@id":"https:\/\/www.sonoraenequipo.com.mx\/#\/schema\/logo\/image\/","url":"https:\/\/www.sonoraenequipo.com.mx\/storage\/2019\/01\/sonoraenequipo_opt.png","contentUrl":"https:\/\/www.sonoraenequipo.com.mx\/storage\/2019\/01\/sonoraenequipo_opt.png","width":375,"height":125,"caption":"Sonoraenequipo.com.mx"},"image":{"@id":"https:\/\/www.sonoraenequipo.com.mx\/#\/schema\/logo\/image\/"},"sameAs":["https:\/\/www.facebook.com\/SonoraEE\/","https:\/\/x.com\/sonoraenequipo","https:\/\/www.youtube.com\/channel\/UC338nW-lPEYmJQs4ZABQ1SQ"]},{"@type":"Person","@id":"https:\/\/www.sonoraenequipo.com.mx\/#\/schema\/person\/50102df0fb23a8fa9e8effad8fa81386","name":"enequipo","image":{"@type":"ImageObject","inLanguage":"es","@id":"https:\/\/www.sonoraenequipo.com.mx\/#\/schema\/person\/image\/","url":"https:\/\/secure.gravatar.com\/avatar\/049821681b589dabc0bc20695993ccebb09f5b5d4d790cd9251b97faac7c652b?s=96&d=blank&r=g","contentUrl":"https:\/\/secure.gravatar.com\/avatar\/049821681b589dabc0bc20695993ccebb09f5b5d4d790cd9251b97faac7c652b?s=96&d=blank&r=g","caption":"enequipo"},"sameAs":["https:\/\/www.facebook.com\/SonoraEE"]}]}},"jetpack_featured_media_url":"https:\/\/www.sonoraenequipo.com.mx\/storage\/2018\/03\/Angela-Merkel-juramento_opt.jpg","_links":{"self":[{"href":"https:\/\/www.sonoraenequipo.com.mx\/api\/wp\/v2\/posts\/33540","targetHints":{"allow":["GET"]}}],"collection":[{"href":"https:\/\/www.sonoraenequipo.com.mx\/api\/wp\/v2\/posts"}],"about":[{"href":"https:\/\/www.sonoraenequipo.com.mx\/api\/wp\/v2\/types\/post"}],"author":[{"embeddable":true,"href":"https:\/\/www.sonoraenequipo.com.mx\/api\/wp\/v2\/users\/1"}],"replies":[{"embeddable":true,"href":"https:\/\/www.sonoraenequipo.com.mx\/api\/wp\/v2\/comments?post=33540"}],"version-history":[{"count":0,"href":"https:\/\/www.sonoraenequipo.com.mx\/api\/wp\/v2\/posts\/33540\/revisions"}],"wp:featuredmedia":[{"embeddable":true,"href":"https:\/\/www.sonoraenequipo.com.mx\/api\/wp\/v2\/media\/33541"}],"wp:attachment":[{"href":"https:\/\/www.sonoraenequipo.com.mx\/api\/wp\/v2\/media?parent=33540"}],"wp:term":[{"taxonomy":"category","embeddable":true,"href":"https:\/\/www.sonoraenequipo.com.mx\/api\/wp\/v2\/categories?post=33540"},{"taxonomy":"post_tag","embeddable":true,"href":"https:\/\/www.sonoraenequipo.com.mx\/api\/wp\/v2\/tags?post=33540"}],"curies":[{"name":"wp","href":"https:\/\/api.w.org\/{rel}","templated":true}]}}