{"id":33546,"date":"2018-03-14T14:10:47","date_gmt":"2018-03-14T21:10:47","guid":{"rendered":"http:\/\/www.sonoraenequipo.com.mx\/?p=33546"},"modified":"2018-03-14T20:01:38","modified_gmt":"2018-03-15T03:01:38","slug":"reduciran-costo-servicios-inscripcion-actas-defuncion","status":"publish","type":"post","link":"https:\/\/www.sonoraenequipo.com.mx\/reduciran-costo-servicios-inscripcion-actas-defuncion\/","title":{"rendered":"Reducir\u00e1n costo por servicios de inscripci\u00f3n de actas de defunci\u00f3n"},"content":{"rendered":"<p>HERMOSILLO, SONORA. MX.\u2014 La reducci\u00f3n en el costo de los servicios de inscripci\u00f3n de las actas de defunci\u00f3n en horas y d\u00edas inh\u00e1biles aprob\u00f3 el Pleno del Congreso del Estado, con lo cual se cumple la finalidad de aligerar, en la medida de lo posible, la carga emocional y econ\u00f3mica de los familiares que han sufrido la p\u00e9rdida de un ser querido.<\/p>\n<p> <\/p>\n<p>Este Decreto adiciona los art\u00edculos 7 BIS y 19 BIS a la Ley del Registro Civil para el Estado de Sonora, y reforma el Art\u00edculo 325, fracci\u00f3n I, numeral 3, apartado 3.3 de la Ley de Hacienda del Estado, cuyo dictamen presentaron las comisiones Primera y Segunda de Hacienda con base a una iniciativa del grupo parlamentario del PAN.<\/p>\n<p><em>\u201cEl motivo de esta reforma a las disposiciones de la Ley del Registro Civil y de la Ley de Hacienda es con el fin de apoyar a los sonorenses; todos, absolutamente todos pasaremos por un momento as\u00ed y una de las maneras de apoyarlos en estas situaciones es brind\u00e1ndoles facilidades: ampliar los horarios para el registro de defunciones y disminuir el cobro del registro de defunciones en d\u00edas inh\u00e1biles\u201d,<\/em> argumentaron en su iniciativa los legisladores de Acci\u00f3n Nacional.<\/p>\n<p><a href=\"http:\/\/www.sonoraenequipo.com.mx\/storage\/2018\/03\/congresodeson_opt-1.jpg\"><img loading=\"lazy\" decoding=\"async\" class=\"size-medium  x-left\" src=\"http:\/\/www.sonoraenequipo.com.mx\/storage\/2018\/03\/congresodeson_opt-1-300x200.jpg\" alt=\"\" width=\"300\" height=\"200\" \/><\/a>Adem\u00e1s de facilitar los tr\u00e1mites a los familiares de la persona que ha perdido la vida, permite que las autoridades de salud tengan informaci\u00f3n en tiempo real y de manera m\u00e1s precisa, para la implementaci\u00f3n de medidas sanitarias en el caso que as\u00ed requiera, expuso la diputada Sandra Mercedes Hern\u00e1ndez Barajas al dar lectura al dictamen.<\/p>\n<p>Las dictaminadoras consideraron que el resolutivo propuesto cumple con la finalidad de aligerar, en la medida de lo posible, la carga emocional y econ\u00f3mica de los familiares que han sufrido la p\u00e9rdida de un ser querido en horas o d\u00edas inh\u00e1biles, pero tambi\u00e9n puede ayudar a evitar que los altos costos que este tr\u00e1mite administrativo tiene en tiempos inh\u00e1biles, se conviertan en un obst\u00e1culo que genere informaci\u00f3n err\u00f3nea o cause dilaciones en la disposici\u00f3n final del cuerpo de la persona fallecida.<\/p>\n<p>En la Ley del Registro Civil se establecen los d\u00edas considerados h\u00e1biles para efecto de la prestaci\u00f3n de los servicios y se except\u00faan de \u00e9stos a los s\u00e1bados, domingos, d\u00edas festivos y aquellos de descanso obligatorio se\u00f1alados en la Ley, as\u00ed como los correspondientes a las vacaciones del personal o d\u00edas suspendidos por causas de fuerza mayor, adem\u00e1s de incluir guardias para d\u00edas inh\u00e1biles y festivos, que para el caso de las defunciones ser\u00e1 de las 09:00 a las 14:00 horas.<\/p>\n<p>Tambi\u00e9n se reforma el apartado 3.3 del numeral 3 de la fracci\u00f3n I, Art\u00edculo 325 de la Ley de Hacienda del Estado, con el fin de disminuir el costo por la inscripci\u00f3n de defunciones realizadas fuera del horario establecido para las guardias.<\/p>\n<p><strong>Turnan iniciativas a comisiones dictaminadoras<\/strong><\/p>\n<p>En esta sesi\u00f3n ordinaria, la Presidencia turn\u00f3 a la Comisi\u00f3n de Vivienda una iniciativa con proyecto de decreto que reforma y adiciona diversas disposiciones al Art\u00edculo 16 de la Ley de Vivienda del Estado de Sonora, presentada por la diputada Ana Luisa Vald\u00e9s Avil\u00e9s.<\/p>\n<p>Expuso a la asamblea que su propuesta tiene por objeto adicionar las facultades expresas para que el Director de la Comisi\u00f3n de Vivienda, trat\u00e1ndose de la participaci\u00f3n de cada uno de los actos de los procesos de adjudicaci\u00f3n de contratos, pueda actuar en cada una de las etapas de dichos procesos, as\u00ed como dictar fallos y, adicionalmente, ordenar, iniciar y llevar a cabo los procesos de rescisi\u00f3n, suspensi\u00f3n y terminaci\u00f3n anticipada de los mismos, en los t\u00e9rminos de la legislaci\u00f3n aplicable.<\/p>\n<p>Adem\u00e1s para que pueda delegar estas facultades en uno o m\u00e1s apoderados, as\u00ed como delegar poder general para pleitos y cobranzas, y actos de administraci\u00f3n con todas las facultades generales, o uno o m\u00e1s apoderados.<\/p>\n<p>Y a la Comisi\u00f3n de Salud se turn\u00f3 para estudio la iniciativa con proyecto de ley de derechos y cuidados paliativos de enfermos en etapa terminal para el Estado de Sonora, presentada por el diputado Jos\u00e9 \u00c1ngel Roch\u00edn L\u00f3pez.<\/p>\n<p>Inform\u00f3 que su propuesta busca introducir conceptos alternativos, como la Ortotanasia, que parte de la distinci\u00f3n entre curar y cuidar, sin provocar la muerte de manera activa, pero tambi\u00e9n para evitar la aplicaci\u00f3n de tratamientos y\/o procedimientos m\u00e9dicos desproporcionados o in\u00fatiles, comportamiento m\u00e9dico conocido como obstinaci\u00f3n terap\u00e9utica.<\/p>\n<p>De acuerdo al doctor Arnoldo Kraus, en M\u00e9xico m\u00e1s del 50 por ciento de los pacientes mueren con dolor, situaci\u00f3n que no debe ser una condici\u00f3n en todos los casos, por lo que es necesario que los gobiernos otorguen a los pacientes alternativas para mejorar sus condiciones de vida en enfermedades terminales, dijo Roch\u00edn L\u00f3pez.<\/p>\n<p>El proyecto de ley consta de 38 art\u00edculos, seis transitorios y los t\u00edtulos: Disposiciones generales; De los principios y derechos; De las autoridades competentes; Del proceso de la aplicaci\u00f3n de la voluntad anticipada; y De las infracciones y sanciones.<\/p>\n<p>Posteriormente el diputado Carlos Manuel Fu Salcido present\u00f3 un posicionamiento en relaci\u00f3n a diversas denuncias presentadas ante la Fiscal\u00eda Anticorrupci\u00f3n de Sonora, respecto de las administraciones de Vicente Ter\u00e1n Uribe e Irma Villalobos en el municipio de Agua Prieta, Sonora.<\/p>\n<p>Hizo un exhorto a que tanto la Fiscal\u00eda General de Justicia, como la Anticorrupci\u00f3n, en el \u00e1mbito de sus atribuciones, informen de los avances de las investigaciones producto de las denuncias presentadas ante el Ministerio P\u00fablico por la presunta comisi\u00f3n de delitos por parte de ex funcionarios de ambas administraciones municipales.<\/p>\n<p>El diputado Jorge Luis M\u00e1rquez C\u00e1zares pidi\u00f3 la palabra para hacer un llamado a que no se utilice el recinto del Congreso del Estado para presentar este tipo de debates y expresiones, sino que se hagan en el lugar indicado y no se convierta la sede legislativa en una arena de car\u00e1cter pol\u00edtico-electoral.<\/p>\n<p>&nbsp;<\/p>\n<p>Esta es la tribuna m\u00e1xima de Sonora, ah\u00ed est\u00e1n los documentos y lo \u00fanico que piden es que se le d\u00e9 curso a la investigaci\u00f3n y no sea bloqueada, respondi\u00f3 el diputado Jos\u00e9 Armando Guti\u00e9rrez Jim\u00e9nez, en apoyo al posicionamiento del diputado Fu Salcido.<\/p>\n<p>&nbsp;<\/p>\n<p>El Pleno sesionar\u00e1 de nuevo el martes 20 de marzo, a las 11:00 horas.<\/p>\n<p>&nbsp;<\/p>\n<p><a href=\"http:\/\/www.congresoson.gob.mx\">www.congresoson.gob.mx<\/a><\/p>\n<p><em>(Fecha de publicaci\u00f3n 14032018 \/Direcci\u00f3n General de Comunicaci\u00f3n Social H. Congreso del Estado de Sonora)<\/em><\/p>\n","protected":false},"excerpt":{"rendered":"<p>HERMOSILLO, SONORA. MX.\u2014 La reducci\u00f3n en el costo de los servicios de inscripci\u00f3n de las&#8230;<\/p>\n","protected":false},"author":1,"featured_media":33563,"comment_status":"open","ping_status":"open","sticky":false,"template":"","format":"standard","meta":{"_monsterinsights_skip_tracking":false,"_monsterinsights_sitenote_active":false,"_monsterinsights_sitenote_note":"","_monsterinsights_sitenote_category":0,"footnotes":""},"categories":[13,22],"tags":[],"class_list":["post"],"yoast_head":" \n<title>Sonora en Equipo. Reducir\u00e1n costo por servicios de inscripci\u00f3n de actas de defunci\u00f3n Destacadas<\/title>\n<meta name=\"description\" content=\"HERMOSILLO, SONORA. MX.\u2014 La reducci\u00f3n en el costo de los servicios de inscripci\u00f3n de las actas de defunci\u00f3n en horas y d\u00edas inh\u00e1biles aprob\u00f3 el Pleno del En Sonora en Equipo publicamos toda la informaci\u00f3n de Sonora, M\u00e9xico y el Mundo de manera oportuna y busca que la libertad de expresi\u00f3n sea real. Visita nuestro medio informativo publicado desde Hermosillo, Sonora. %\" \/>\n<meta name=\"robots\" content=\"index, follow, max-snippet:-1, max-image-preview:large, max-video-preview:-1\" \/>\n<link rel=\"canonical\" href=\"https:\/\/www.sonoraenequipo.com.mx\/reduciran-costo-servicios-inscripcion-actas-defuncion\/\" \/>\n<meta property=\"og:locale\" content=\"es_ES\" \/>\n<meta property=\"og:type\" content=\"article\" \/>\n<meta property=\"og:title\" content=\"Sonora en Equipo. Reducir\u00e1n costo por servicios de inscripci\u00f3n de actas de defunci\u00f3n Destacadas\" \/>\n<meta property=\"og:description\" content=\"HERMOSILLO, SONORA. MX.\u2014 La reducci\u00f3n en el costo de los servicios de inscripci\u00f3n de las actas de defunci\u00f3n en horas y d\u00edas inh\u00e1biles aprob\u00f3 el Pleno del En Sonora en Equipo publicamos toda la informaci\u00f3n de Sonora, M\u00e9xico y el Mundo de manera oportuna y busca que la libertad de expresi\u00f3n sea real. Visita nuestro medio informativo publicado desde Hermosillo, Sonora. %\" \/>\n<meta property=\"og:url\" content=\"https:\/\/www.sonoraenequipo.com.mx\/reduciran-costo-servicios-inscripcion-actas-defuncion\/\" \/>\n<meta property=\"og:site_name\" content=\"Sonora en Equipo.\" \/>\n<meta property=\"article:publisher\" content=\"https:\/\/www.facebook.com\/SonoraEE\/\" \/>\n<meta property=\"article:author\" content=\"https:\/\/www.facebook.com\/SonoraEE\" \/>\n<meta property=\"article:published_time\" content=\"2018-03-14T21:10:47+00:00\" \/>\n<meta property=\"article:modified_time\" content=\"2018-03-15T03:01:38+00:00\" \/>\n<meta property=\"og:image\" content=\"https:\/\/www.sonoraenequipo.com.mx\/storage\/2018\/03\/diputados_opt4-1.jpg\" \/>\n\t<meta property=\"og:image:width\" content=\"600\" \/>\n\t<meta property=\"og:image:height\" content=\"400\" \/>\n\t<meta property=\"og:image:type\" content=\"image\/jpeg\" \/>\n<meta name=\"author\" content=\"enequipo\" \/>\n<meta name=\"twitter:card\" content=\"summary_large_image\" \/>\n<meta name=\"twitter:creator\" content=\"@sonoraenequipo\" \/>\n<meta name=\"twitter:site\" content=\"@sonoraenequipo\" \/>\n<meta name=\"twitter:label1\" content=\"Escrito por\" \/>\n\t<meta name=\"twitter:data1\" content=\"enequipo\" \/>\n\t<meta name=\"twitter:label2\" content=\"Tiempo de lectura\" \/>\n\t<meta name=\"twitter:data2\" content=\"6 minutos\" \/>\n<script type=\"application\/ld+json\" class=\"yoast-schema-graph\">{\"@context\":\"https:\/\/schema.org\",\"@graph\":[{\"@type\":\"Article\",\"@id\":\"https:\/\/www.sonoraenequipo.com.mx\/reduciran-costo-servicios-inscripcion-actas-defuncion\/#article\",\"isPartOf\":{\"@id\":\"https:\/\/www.sonoraenequipo.com.mx\/reduciran-costo-servicios-inscripcion-actas-defuncion\/\"},\"author\":{\"name\":\"enequipo\",\"@id\":\"https:\/\/www.sonoraenequipo.com.mx\/#\/schema\/person\/50102df0fb23a8fa9e8effad8fa81386\"},\"headline\":\"Reducir\u00e1n costo por servicios de inscripci\u00f3n de actas de defunci\u00f3n\",\"datePublished\":\"2018-03-14T21:10:47+00:00\",\"dateModified\":\"2018-03-15T03:01:38+00:00\",\"mainEntityOfPage\":{\"@id\":\"https:\/\/www.sonoraenequipo.com.mx\/reduciran-costo-servicios-inscripcion-actas-defuncion\/\"},\"wordCount\":1130,\"commentCount\":0,\"publisher\":{\"@id\":\"https:\/\/www.sonoraenequipo.com.mx\/#organization\"},\"image\":{\"@id\":\"https:\/\/www.sonoraenequipo.com.mx\/reduciran-costo-servicios-inscripcion-actas-defuncion\/#primaryimage\"},\"thumbnailUrl\":\"https:\/\/www.sonoraenequipo.com.mx\/storage\/2018\/03\/diputados_opt4-1.jpg\",\"articleSection\":[\"Destacadas\",\"Sonora\"],\"inLanguage\":\"es\",\"potentialAction\":[{\"@type\":\"CommentAction\",\"name\":\"Comment\",\"target\":[\"https:\/\/www.sonoraenequipo.com.mx\/reduciran-costo-servicios-inscripcion-actas-defuncion\/#respond\"]}]},{\"@type\":\"WebPage\",\"@id\":\"https:\/\/www.sonoraenequipo.com.mx\/reduciran-costo-servicios-inscripcion-actas-defuncion\/\",\"url\":\"https:\/\/www.sonoraenequipo.com.mx\/reduciran-costo-servicios-inscripcion-actas-defuncion\/\",\"name\":\"Sonora en Equipo. Reducir\u00e1n costo por servicios de inscripci\u00f3n de actas de defunci\u00f3n Destacadas\",\"isPartOf\":{\"@id\":\"https:\/\/www.sonoraenequipo.com.mx\/#website\"},\"primaryImageOfPage\":{\"@id\":\"https:\/\/www.sonoraenequipo.com.mx\/reduciran-costo-servicios-inscripcion-actas-defuncion\/#primaryimage\"},\"image\":{\"@id\":\"https:\/\/www.sonoraenequipo.com.mx\/reduciran-costo-servicios-inscripcion-actas-defuncion\/#primaryimage\"},\"thumbnailUrl\":\"https:\/\/www.sonoraenequipo.com.mx\/storage\/2018\/03\/diputados_opt4-1.jpg\",\"datePublished\":\"2018-03-14T21:10:47+00:00\",\"dateModified\":\"2018-03-15T03:01:38+00:00\",\"description\":\"HERMOSILLO, SONORA. MX.\u2014 La reducci\u00f3n en el costo de los servicios de inscripci\u00f3n de las actas de defunci\u00f3n en horas y d\u00edas inh\u00e1biles aprob\u00f3 el Pleno del En Sonora en Equipo publicamos toda la informaci\u00f3n de Sonora, M\u00e9xico y el Mundo de manera oportuna y busca que la libertad de expresi\u00f3n sea real. Visita nuestro medio informativo publicado desde Hermosillo, Sonora. %\",\"breadcrumb\":{\"@id\":\"https:\/\/www.sonoraenequipo.com.mx\/reduciran-costo-servicios-inscripcion-actas-defuncion\/#breadcrumb\"},\"inLanguage\":\"es\",\"potentialAction\":[{\"@type\":\"ReadAction\",\"target\":[\"https:\/\/www.sonoraenequipo.com.mx\/reduciran-costo-servicios-inscripcion-actas-defuncion\/\"]}]},{\"@type\":\"ImageObject\",\"inLanguage\":\"es\",\"@id\":\"https:\/\/www.sonoraenequipo.com.mx\/reduciran-costo-servicios-inscripcion-actas-defuncion\/#primaryimage\",\"url\":\"https:\/\/www.sonoraenequipo.com.mx\/storage\/2018\/03\/diputados_opt4-1.jpg\",\"contentUrl\":\"https:\/\/www.sonoraenequipo.com.mx\/storage\/2018\/03\/diputados_opt4-1.jpg\",\"width\":600,\"height\":400},{\"@type\":\"BreadcrumbList\",\"@id\":\"https:\/\/www.sonoraenequipo.com.mx\/reduciran-costo-servicios-inscripcion-actas-defuncion\/#breadcrumb\",\"itemListElement\":[{\"@type\":\"ListItem\",\"position\":1,\"name\":\"Portada\",\"item\":\"https:\/\/www.sonoraenequipo.com.mx\/\"},{\"@type\":\"ListItem\",\"position\":2,\"name\":\"Reducir\u00e1n costo por servicios de inscripci\u00f3n de actas de defunci\u00f3n\"}]},{\"@type\":\"WebSite\",\"@id\":\"https:\/\/www.sonoraenequipo.com.mx\/#website\",\"url\":\"https:\/\/www.sonoraenequipo.com.mx\/\",\"name\":\"Sonora en Equipo.\",\"description\":\"Diario en l\u00ednea con Noticias desde Hermosillo, Sonora\",\"publisher\":{\"@id\":\"https:\/\/www.sonoraenequipo.com.mx\/#organization\"},\"potentialAction\":[{\"@type\":\"SearchAction\",\"target\":{\"@type\":\"EntryPoint\",\"urlTemplate\":\"https:\/\/www.sonoraenequipo.com.mx\/?s={search_term_string}\"},\"query-input\":{\"@type\":\"PropertyValueSpecification\",\"valueRequired\":true,\"valueName\":\"search_term_string\"}}],\"inLanguage\":\"es\"},{\"@type\":\"Organization\",\"@id\":\"https:\/\/www.sonoraenequipo.com.mx\/#organization\",\"name\":\"Sonoraenequipo.com.mx\",\"url\":\"https:\/\/www.sonoraenequipo.com.mx\/\",\"logo\":{\"@type\":\"ImageObject\",\"inLanguage\":\"es\",\"@id\":\"https:\/\/www.sonoraenequipo.com.mx\/#\/schema\/logo\/image\/\",\"url\":\"https:\/\/www.sonoraenequipo.com.mx\/storage\/2019\/01\/sonoraenequipo_opt.png\",\"contentUrl\":\"https:\/\/www.sonoraenequipo.com.mx\/storage\/2019\/01\/sonoraenequipo_opt.png\",\"width\":375,\"height\":125,\"caption\":\"Sonoraenequipo.com.mx\"},\"image\":{\"@id\":\"https:\/\/www.sonoraenequipo.com.mx\/#\/schema\/logo\/image\/\"},\"sameAs\":[\"https:\/\/www.facebook.com\/SonoraEE\/\",\"https:\/\/x.com\/sonoraenequipo\",\"https:\/\/www.youtube.com\/channel\/UC338nW-lPEYmJQs4ZABQ1SQ\"]},{\"@type\":\"Person\",\"@id\":\"https:\/\/www.sonoraenequipo.com.mx\/#\/schema\/person\/50102df0fb23a8fa9e8effad8fa81386\",\"name\":\"enequipo\",\"image\":{\"@type\":\"ImageObject\",\"inLanguage\":\"es\",\"@id\":\"https:\/\/www.sonoraenequipo.com.mx\/#\/schema\/person\/image\/\",\"url\":\"https:\/\/secure.gravatar.com\/avatar\/049821681b589dabc0bc20695993ccebb09f5b5d4d790cd9251b97faac7c652b?s=96&d=blank&r=g\",\"contentUrl\":\"https:\/\/secure.gravatar.com\/avatar\/049821681b589dabc0bc20695993ccebb09f5b5d4d790cd9251b97faac7c652b?s=96&d=blank&r=g\",\"caption\":\"enequipo\"},\"sameAs\":[\"https:\/\/www.facebook.com\/SonoraEE\"]}]}<\/script>\n ","yoast_head_json":{"title":"Sonora en Equipo. Reducir\u00e1n costo por servicios de inscripci\u00f3n de actas de defunci\u00f3n Destacadas","description":"HERMOSILLO, SONORA. MX.\u2014 La reducci\u00f3n en el costo de los servicios de inscripci\u00f3n de las actas de defunci\u00f3n en horas y d\u00edas inh\u00e1biles aprob\u00f3 el Pleno del En Sonora en Equipo publicamos toda la informaci\u00f3n de Sonora, M\u00e9xico y el Mundo de manera oportuna y busca que la libertad de expresi\u00f3n sea real. Visita nuestro medio informativo publicado desde Hermosillo, Sonora. %","robots":{"index":"index","follow":"follow","max-snippet":"max-snippet:-1","max-image-preview":"max-image-preview:large","max-video-preview":"max-video-preview:-1"},"canonical":"https:\/\/www.sonoraenequipo.com.mx\/reduciran-costo-servicios-inscripcion-actas-defuncion\/","og_locale":"es_ES","og_type":"article","og_title":"Sonora en Equipo. Reducir\u00e1n costo por servicios de inscripci\u00f3n de actas de defunci\u00f3n Destacadas","og_description":"HERMOSILLO, SONORA. MX.\u2014 La reducci\u00f3n en el costo de los servicios de inscripci\u00f3n de las actas de defunci\u00f3n en horas y d\u00edas inh\u00e1biles aprob\u00f3 el Pleno del En Sonora en Equipo publicamos toda la informaci\u00f3n de Sonora, M\u00e9xico y el Mundo de manera oportuna y busca que la libertad de expresi\u00f3n sea real. Visita nuestro medio informativo publicado desde Hermosillo, Sonora. %","og_url":"https:\/\/www.sonoraenequipo.com.mx\/reduciran-costo-servicios-inscripcion-actas-defuncion\/","og_site_name":"Sonora en Equipo.","article_publisher":"https:\/\/www.facebook.com\/SonoraEE\/","article_author":"https:\/\/www.facebook.com\/SonoraEE","article_published_time":"2018-03-14T21:10:47+00:00","article_modified_time":"2018-03-15T03:01:38+00:00","og_image":[{"width":600,"height":400,"url":"https:\/\/www.sonoraenequipo.com.mx\/storage\/2018\/03\/diputados_opt4-1.jpg","type":"image\/jpeg"}],"author":"enequipo","twitter_card":"summary_large_image","twitter_creator":"@sonoraenequipo","twitter_site":"@sonoraenequipo","twitter_misc":{"Escrito por":"enequipo","Tiempo de lectura":"6 minutos"},"schema":{"@context":"https:\/\/schema.org","@graph":[{"@type":"Article","@id":"https:\/\/www.sonoraenequipo.com.mx\/reduciran-costo-servicios-inscripcion-actas-defuncion\/#article","isPartOf":{"@id":"https:\/\/www.sonoraenequipo.com.mx\/reduciran-costo-servicios-inscripcion-actas-defuncion\/"},"author":{"name":"enequipo","@id":"https:\/\/www.sonoraenequipo.com.mx\/#\/schema\/person\/50102df0fb23a8fa9e8effad8fa81386"},"headline":"Reducir\u00e1n costo por servicios de inscripci\u00f3n de actas de defunci\u00f3n","datePublished":"2018-03-14T21:10:47+00:00","dateModified":"2018-03-15T03:01:38+00:00","mainEntityOfPage":{"@id":"https:\/\/www.sonoraenequipo.com.mx\/reduciran-costo-servicios-inscripcion-actas-defuncion\/"},"wordCount":1130,"commentCount":0,"publisher":{"@id":"https:\/\/www.sonoraenequipo.com.mx\/#organization"},"image":{"@id":"https:\/\/www.sonoraenequipo.com.mx\/reduciran-costo-servicios-inscripcion-actas-defuncion\/#primaryimage"},"thumbnailUrl":"https:\/\/www.sonoraenequipo.com.mx\/storage\/2018\/03\/diputados_opt4-1.jpg","articleSection":["Destacadas","Sonora"],"inLanguage":"es","potentialAction":[{"@type":"CommentAction","name":"Comment","target":["https:\/\/www.sonoraenequipo.com.mx\/reduciran-costo-servicios-inscripcion-actas-defuncion\/#respond"]}]},{"@type":"WebPage","@id":"https:\/\/www.sonoraenequipo.com.mx\/reduciran-costo-servicios-inscripcion-actas-defuncion\/","url":"https:\/\/www.sonoraenequipo.com.mx\/reduciran-costo-servicios-inscripcion-actas-defuncion\/","name":"Sonora en Equipo. Reducir\u00e1n costo por servicios de inscripci\u00f3n de actas de defunci\u00f3n Destacadas","isPartOf":{"@id":"https:\/\/www.sonoraenequipo.com.mx\/#website"},"primaryImageOfPage":{"@id":"https:\/\/www.sonoraenequipo.com.mx\/reduciran-costo-servicios-inscripcion-actas-defuncion\/#primaryimage"},"image":{"@id":"https:\/\/www.sonoraenequipo.com.mx\/reduciran-costo-servicios-inscripcion-actas-defuncion\/#primaryimage"},"thumbnailUrl":"https:\/\/www.sonoraenequipo.com.mx\/storage\/2018\/03\/diputados_opt4-1.jpg","datePublished":"2018-03-14T21:10:47+00:00","dateModified":"2018-03-15T03:01:38+00:00","description":"HERMOSILLO, SONORA. MX.\u2014 La reducci\u00f3n en el costo de los servicios de inscripci\u00f3n de las actas de defunci\u00f3n en horas y d\u00edas inh\u00e1biles aprob\u00f3 el Pleno del En Sonora en Equipo publicamos toda la informaci\u00f3n de Sonora, M\u00e9xico y el Mundo de manera oportuna y busca que la libertad de expresi\u00f3n sea real. Visita nuestro medio informativo publicado desde Hermosillo, Sonora. %","breadcrumb":{"@id":"https:\/\/www.sonoraenequipo.com.mx\/reduciran-costo-servicios-inscripcion-actas-defuncion\/#breadcrumb"},"inLanguage":"es","potentialAction":[{"@type":"ReadAction","target":["https:\/\/www.sonoraenequipo.com.mx\/reduciran-costo-servicios-inscripcion-actas-defuncion\/"]}]},{"@type":"ImageObject","inLanguage":"es","@id":"https:\/\/www.sonoraenequipo.com.mx\/reduciran-costo-servicios-inscripcion-actas-defuncion\/#primaryimage","url":"https:\/\/www.sonoraenequipo.com.mx\/storage\/2018\/03\/diputados_opt4-1.jpg","contentUrl":"https:\/\/www.sonoraenequipo.com.mx\/storage\/2018\/03\/diputados_opt4-1.jpg","width":600,"height":400},{"@type":"BreadcrumbList","@id":"https:\/\/www.sonoraenequipo.com.mx\/reduciran-costo-servicios-inscripcion-actas-defuncion\/#breadcrumb","itemListElement":[{"@type":"ListItem","position":1,"name":"Portada","item":"https:\/\/www.sonoraenequipo.com.mx\/"},{"@type":"ListItem","position":2,"name":"Reducir\u00e1n costo por servicios de inscripci\u00f3n de actas de defunci\u00f3n"}]},{"@type":"WebSite","@id":"https:\/\/www.sonoraenequipo.com.mx\/#website","url":"https:\/\/www.sonoraenequipo.com.mx\/","name":"Sonora en Equipo.","description":"Diario en l\u00ednea con Noticias desde Hermosillo, Sonora","publisher":{"@id":"https:\/\/www.sonoraenequipo.com.mx\/#organization"},"potentialAction":[{"@type":"SearchAction","target":{"@type":"EntryPoint","urlTemplate":"https:\/\/www.sonoraenequipo.com.mx\/?s={search_term_string}"},"query-input":{"@type":"PropertyValueSpecification","valueRequired":true,"valueName":"search_term_string"}}],"inLanguage":"es"},{"@type":"Organization","@id":"https:\/\/www.sonoraenequipo.com.mx\/#organization","name":"Sonoraenequipo.com.mx","url":"https:\/\/www.sonoraenequipo.com.mx\/","logo":{"@type":"ImageObject","inLanguage":"es","@id":"https:\/\/www.sonoraenequipo.com.mx\/#\/schema\/logo\/image\/","url":"https:\/\/www.sonoraenequipo.com.mx\/storage\/2019\/01\/sonoraenequipo_opt.png","contentUrl":"https:\/\/www.sonoraenequipo.com.mx\/storage\/2019\/01\/sonoraenequipo_opt.png","width":375,"height":125,"caption":"Sonoraenequipo.com.mx"},"image":{"@id":"https:\/\/www.sonoraenequipo.com.mx\/#\/schema\/logo\/image\/"},"sameAs":["https:\/\/www.facebook.com\/SonoraEE\/","https:\/\/x.com\/sonoraenequipo","https:\/\/www.youtube.com\/channel\/UC338nW-lPEYmJQs4ZABQ1SQ"]},{"@type":"Person","@id":"https:\/\/www.sonoraenequipo.com.mx\/#\/schema\/person\/50102df0fb23a8fa9e8effad8fa81386","name":"enequipo","image":{"@type":"ImageObject","inLanguage":"es","@id":"https:\/\/www.sonoraenequipo.com.mx\/#\/schema\/person\/image\/","url":"https:\/\/secure.gravatar.com\/avatar\/049821681b589dabc0bc20695993ccebb09f5b5d4d790cd9251b97faac7c652b?s=96&d=blank&r=g","contentUrl":"https:\/\/secure.gravatar.com\/avatar\/049821681b589dabc0bc20695993ccebb09f5b5d4d790cd9251b97faac7c652b?s=96&d=blank&r=g","caption":"enequipo"},"sameAs":["https:\/\/www.facebook.com\/SonoraEE"]}]}},"jetpack_featured_media_url":"https:\/\/www.sonoraenequipo.com.mx\/storage\/2018\/03\/diputados_opt4-1.jpg","_links":{"self":[{"href":"https:\/\/www.sonoraenequipo.com.mx\/api\/wp\/v2\/posts\/33546","targetHints":{"allow":["GET"]}}],"collection":[{"href":"https:\/\/www.sonoraenequipo.com.mx\/api\/wp\/v2\/posts"}],"about":[{"href":"https:\/\/www.sonoraenequipo.com.mx\/api\/wp\/v2\/types\/post"}],"author":[{"embeddable":true,"href":"https:\/\/www.sonoraenequipo.com.mx\/api\/wp\/v2\/users\/1"}],"replies":[{"embeddable":true,"href":"https:\/\/www.sonoraenequipo.com.mx\/api\/wp\/v2\/comments?post=33546"}],"version-history":[{"count":0,"href":"https:\/\/www.sonoraenequipo.com.mx\/api\/wp\/v2\/posts\/33546\/revisions"}],"wp:featuredmedia":[{"embeddable":true,"href":"https:\/\/www.sonoraenequipo.com.mx\/api\/wp\/v2\/media\/33563"}],"wp:attachment":[{"href":"https:\/\/www.sonoraenequipo.com.mx\/api\/wp\/v2\/media?parent=33546"}],"wp:term":[{"taxonomy":"category","embeddable":true,"href":"https:\/\/www.sonoraenequipo.com.mx\/api\/wp\/v2\/categories?post=33546"},{"taxonomy":"post_tag","embeddable":true,"href":"https:\/\/www.sonoraenequipo.com.mx\/api\/wp\/v2\/tags?post=33546"}],"curies":[{"name":"wp","href":"https:\/\/api.w.org\/{rel}","templated":true}]}}