{"id":33569,"date":"2018-03-14T17:10:55","date_gmt":"2018-03-15T00:10:55","guid":{"rendered":"http:\/\/www.sonoraenequipo.com.mx\/?p=33569"},"modified":"2018-03-14T20:07:58","modified_gmt":"2018-03-15T03:07:58","slug":"egresada-medicina-desarrolla-washington-proyecto-cancer-la-piel","status":"publish","type":"post","link":"https:\/\/www.sonoraenequipo.com.mx\/egresada-medicina-desarrolla-washington-proyecto-cancer-la-piel\/","title":{"rendered":"Egresada de medicina desarrolla en Washington proyecto sobre el c\u00e1ncer de la piel"},"content":{"rendered":"<p>HERMOSILLO, SONORA. MX. \u2014 Una serie de estrategias enfocadas a la promoci\u00f3n y difusi\u00f3n de la informaci\u00f3n sobre el c\u00e1ncer de piel y la aplicaci\u00f3n de nuevas herramientas preventivas para combatir esta enfermedad, es el proyecto que desarrolla en Washington, D.C., Patricia Aguirre Contreras, m\u00e9dica general egresada de la Universidad de Sonora.<\/p>\n<p> <\/p>\n<p>La integrante del grupo de J\u00f3venes Sonorenses de 100, segunda generaci\u00f3n, que actualmente realiza una estancia en la capital del vecino pa\u00eds del norte, fue seleccionada por su proyecto Disminuci\u00f3n y prevenci\u00f3n de casos de c\u00e1ncer de piel en el estado de Sonora, el cual habr\u00e1 de impulsar cuando retorne a esta entidad.<\/p>\n<p>La egresada del Departamento de Medicina y Ciencias de la Salud, realiza su permanencia acad\u00e9mica en la organizaci\u00f3n The Washington Center for Internships and Academic Seminars.<\/p>\n<p><em>\u00abFormo parte del equipo de Melanoma Research Foundation, una organizaci\u00f3n sin fines de lucro que se dedica a apoyar la investigaci\u00f3n m\u00e9dica para encontrar tratamientos efectivos y eventualmente una cura para el melanoma (tumor)\u00bb,<\/em> indic\u00f3.<\/p>\n<p>Resulta importante, sostuvo, educar a pacientes y m\u00e9dicos sobre la prevenci\u00f3n, diagn\u00f3stico y tratamiento del melanoma, y abogar por la comunidad afectada por ese c\u00e1ncer para crear conciencia sobre esta enfermedad y la necesidad de una cura.<\/p>\n<p>Patricia Aguirre tambi\u00e9n destac\u00f3 que junto con los dem\u00e1s estudiantes becarios \u2013fueron 50 los seleccionados de diferentes instituciones educativas de ense\u00f1anza superior de la entidad\u2013 asiste a cursos y seminarios sobre liderazgo, sociedad civil y desarrollo profesional.<\/p>\n<p>Incluso, indic\u00f3, participa en una pasant\u00eda en diferentes organizaciones no gubernamentales, la cual le permitir\u00e1 adquirir habilidades y conocimientos para poder utilizarlos de manera efectiva en beneficio de la poblaci\u00f3n sonorense.<\/p>\n<p>Aguirre Contreras tambi\u00e9n inform\u00f3 sobre la realizaci\u00f3n de un proyecto en equipo enfocado a la prevenci\u00f3n de trastornos alimenticios en los habitantes de este estado, el cual dar\u00e1 a conocer una vez que retorne.<\/p>\n<p><em>\u00abMe parece una idea excelente este tipo de programas impulsados por el gobierno del Estado para apoyar a los j\u00f3venes sonorenses\u00bb,<\/em> concluy\u00f3 la egresada de nuestra instituci\u00f3n.<\/p>\n<p>(Fecha de publicaci\u00f3n 14032018)<\/p>\n","protected":false},"excerpt":{"rendered":"<p>HERMOSILLO, SONORA. MX. \u2014 Una serie de estrategias enfocadas a la promoci\u00f3n y difusi\u00f3n de&#8230;<\/p>\n","protected":false},"author":1,"featured_media":33557,"comment_status":"open","ping_status":"open","sticky":false,"template":"","format":"standard","meta":{"_monsterinsights_skip_tracking":false,"_monsterinsights_sitenote_active":false,"_monsterinsights_sitenote_note":"","_monsterinsights_sitenote_category":0,"footnotes":""},"categories":[2216,13],"tags":[],"class_list":["post"],"yoast_head":" \n<title>Sonora en Equipo. Egresada de medicina desarrolla en Washington proyecto sobre el c\u00e1ncer de la piel Destacadas<\/title>\n<meta name=\"description\" content=\"HERMOSILLO, SONORA. MX. \u2014 Una serie de estrategias enfocadas a la promoci\u00f3n y difusi\u00f3n de la informaci\u00f3n sobre el c\u00e1ncer de piel y la aplicaci\u00f3n de nuevas En Sonora en Equipo publicamos toda la informaci\u00f3n de Sonora, M\u00e9xico y el Mundo de manera oportuna y busca que la libertad de expresi\u00f3n sea real. Visita nuestro medio informativo publicado desde Hermosillo, Sonora. %\" \/>\n<meta name=\"robots\" content=\"index, follow, max-snippet:-1, max-image-preview:large, max-video-preview:-1\" \/>\n<link rel=\"canonical\" href=\"https:\/\/www.sonoraenequipo.com.mx\/egresada-medicina-desarrolla-washington-proyecto-cancer-la-piel\/\" \/>\n<meta property=\"og:locale\" content=\"es_ES\" \/>\n<meta property=\"og:type\" content=\"article\" \/>\n<meta property=\"og:title\" content=\"Sonora en Equipo. Egresada de medicina desarrolla en Washington proyecto sobre el c\u00e1ncer de la piel Destacadas\" \/>\n<meta property=\"og:description\" content=\"HERMOSILLO, SONORA. MX. \u2014 Una serie de estrategias enfocadas a la promoci\u00f3n y difusi\u00f3n de la informaci\u00f3n sobre el c\u00e1ncer de piel y la aplicaci\u00f3n de nuevas En Sonora en Equipo publicamos toda la informaci\u00f3n de Sonora, M\u00e9xico y el Mundo de manera oportuna y busca que la libertad de expresi\u00f3n sea real. Visita nuestro medio informativo publicado desde Hermosillo, Sonora. %\" \/>\n<meta property=\"og:url\" content=\"https:\/\/www.sonoraenequipo.com.mx\/egresada-medicina-desarrolla-washington-proyecto-cancer-la-piel\/\" \/>\n<meta property=\"og:site_name\" content=\"Sonora en Equipo.\" \/>\n<meta property=\"article:publisher\" content=\"https:\/\/www.facebook.com\/SonoraEE\/\" \/>\n<meta property=\"article:author\" content=\"https:\/\/www.facebook.com\/SonoraEE\" \/>\n<meta property=\"article:published_time\" content=\"2018-03-15T00:10:55+00:00\" \/>\n<meta property=\"article:modified_time\" content=\"2018-03-15T03:07:58+00:00\" \/>\n<meta property=\"og:image\" content=\"https:\/\/www.sonoraenequipo.com.mx\/storage\/2018\/03\/Patricia-proyecto-de-c\u00e1ncer-en-la-piel_opt.jpg\" \/>\n\t<meta property=\"og:image:width\" content=\"499\" \/>\n\t<meta property=\"og:image:height\" content=\"312\" \/>\n\t<meta property=\"og:image:type\" content=\"image\/jpeg\" \/>\n<meta name=\"author\" content=\"enequipo\" \/>\n<meta name=\"twitter:card\" content=\"summary_large_image\" \/>\n<meta name=\"twitter:creator\" content=\"@sonoraenequipo\" \/>\n<meta name=\"twitter:site\" content=\"@sonoraenequipo\" \/>\n<meta name=\"twitter:label1\" content=\"Escrito por\" \/>\n\t<meta name=\"twitter:data1\" content=\"enequipo\" \/>\n\t<meta name=\"twitter:label2\" content=\"Tiempo de lectura\" \/>\n\t<meta name=\"twitter:data2\" content=\"2 minutos\" \/>\n<script type=\"application\/ld+json\" class=\"yoast-schema-graph\">{\"@context\":\"https:\/\/schema.org\",\"@graph\":[{\"@type\":\"Article\",\"@id\":\"https:\/\/www.sonoraenequipo.com.mx\/egresada-medicina-desarrolla-washington-proyecto-cancer-la-piel\/#article\",\"isPartOf\":{\"@id\":\"https:\/\/www.sonoraenequipo.com.mx\/egresada-medicina-desarrolla-washington-proyecto-cancer-la-piel\/\"},\"author\":{\"name\":\"enequipo\",\"@id\":\"https:\/\/www.sonoraenequipo.com.mx\/#\/schema\/person\/50102df0fb23a8fa9e8effad8fa81386\"},\"headline\":\"Egresada de medicina desarrolla en Washington proyecto sobre el c\u00e1ncer de la piel\",\"datePublished\":\"2018-03-15T00:10:55+00:00\",\"dateModified\":\"2018-03-15T03:07:58+00:00\",\"mainEntityOfPage\":{\"@id\":\"https:\/\/www.sonoraenequipo.com.mx\/egresada-medicina-desarrolla-washington-proyecto-cancer-la-piel\/\"},\"wordCount\":379,\"commentCount\":0,\"publisher\":{\"@id\":\"https:\/\/www.sonoraenequipo.com.mx\/#organization\"},\"image\":{\"@id\":\"https:\/\/www.sonoraenequipo.com.mx\/egresada-medicina-desarrolla-washington-proyecto-cancer-la-piel\/#primaryimage\"},\"thumbnailUrl\":\"https:\/\/www.sonoraenequipo.com.mx\/storage\/2018\/03\/Patricia-proyecto-de-c\u00e1ncer-en-la-piel_opt.jpg\",\"articleSection\":[\"Ciencia y Tecnolog\u00eda\",\"Destacadas\"],\"inLanguage\":\"es\",\"potentialAction\":[{\"@type\":\"CommentAction\",\"name\":\"Comment\",\"target\":[\"https:\/\/www.sonoraenequipo.com.mx\/egresada-medicina-desarrolla-washington-proyecto-cancer-la-piel\/#respond\"]}]},{\"@type\":\"WebPage\",\"@id\":\"https:\/\/www.sonoraenequipo.com.mx\/egresada-medicina-desarrolla-washington-proyecto-cancer-la-piel\/\",\"url\":\"https:\/\/www.sonoraenequipo.com.mx\/egresada-medicina-desarrolla-washington-proyecto-cancer-la-piel\/\",\"name\":\"Sonora en Equipo. Egresada de medicina desarrolla en Washington proyecto sobre el c\u00e1ncer de la piel Destacadas\",\"isPartOf\":{\"@id\":\"https:\/\/www.sonoraenequipo.com.mx\/#website\"},\"primaryImageOfPage\":{\"@id\":\"https:\/\/www.sonoraenequipo.com.mx\/egresada-medicina-desarrolla-washington-proyecto-cancer-la-piel\/#primaryimage\"},\"image\":{\"@id\":\"https:\/\/www.sonoraenequipo.com.mx\/egresada-medicina-desarrolla-washington-proyecto-cancer-la-piel\/#primaryimage\"},\"thumbnailUrl\":\"https:\/\/www.sonoraenequipo.com.mx\/storage\/2018\/03\/Patricia-proyecto-de-c\u00e1ncer-en-la-piel_opt.jpg\",\"datePublished\":\"2018-03-15T00:10:55+00:00\",\"dateModified\":\"2018-03-15T03:07:58+00:00\",\"description\":\"HERMOSILLO, SONORA. MX. \u2014 Una serie de estrategias enfocadas a la promoci\u00f3n y difusi\u00f3n de la informaci\u00f3n sobre el c\u00e1ncer de piel y la aplicaci\u00f3n de nuevas En Sonora en Equipo publicamos toda la informaci\u00f3n de Sonora, M\u00e9xico y el Mundo de manera oportuna y busca que la libertad de expresi\u00f3n sea real. Visita nuestro medio informativo publicado desde Hermosillo, Sonora. %\",\"breadcrumb\":{\"@id\":\"https:\/\/www.sonoraenequipo.com.mx\/egresada-medicina-desarrolla-washington-proyecto-cancer-la-piel\/#breadcrumb\"},\"inLanguage\":\"es\",\"potentialAction\":[{\"@type\":\"ReadAction\",\"target\":[\"https:\/\/www.sonoraenequipo.com.mx\/egresada-medicina-desarrolla-washington-proyecto-cancer-la-piel\/\"]}]},{\"@type\":\"ImageObject\",\"inLanguage\":\"es\",\"@id\":\"https:\/\/www.sonoraenequipo.com.mx\/egresada-medicina-desarrolla-washington-proyecto-cancer-la-piel\/#primaryimage\",\"url\":\"https:\/\/www.sonoraenequipo.com.mx\/storage\/2018\/03\/Patricia-proyecto-de-c\u00e1ncer-en-la-piel_opt.jpg\",\"contentUrl\":\"https:\/\/www.sonoraenequipo.com.mx\/storage\/2018\/03\/Patricia-proyecto-de-c\u00e1ncer-en-la-piel_opt.jpg\",\"width\":499,\"height\":312},{\"@type\":\"BreadcrumbList\",\"@id\":\"https:\/\/www.sonoraenequipo.com.mx\/egresada-medicina-desarrolla-washington-proyecto-cancer-la-piel\/#breadcrumb\",\"itemListElement\":[{\"@type\":\"ListItem\",\"position\":1,\"name\":\"Portada\",\"item\":\"https:\/\/www.sonoraenequipo.com.mx\/\"},{\"@type\":\"ListItem\",\"position\":2,\"name\":\"Egresada de medicina desarrolla en Washington proyecto sobre el c\u00e1ncer de la piel\"}]},{\"@type\":\"WebSite\",\"@id\":\"https:\/\/www.sonoraenequipo.com.mx\/#website\",\"url\":\"https:\/\/www.sonoraenequipo.com.mx\/\",\"name\":\"Sonora en Equipo.\",\"description\":\"Diario en l\u00ednea con Noticias desde Hermosillo, Sonora\",\"publisher\":{\"@id\":\"https:\/\/www.sonoraenequipo.com.mx\/#organization\"},\"potentialAction\":[{\"@type\":\"SearchAction\",\"target\":{\"@type\":\"EntryPoint\",\"urlTemplate\":\"https:\/\/www.sonoraenequipo.com.mx\/?s={search_term_string}\"},\"query-input\":{\"@type\":\"PropertyValueSpecification\",\"valueRequired\":true,\"valueName\":\"search_term_string\"}}],\"inLanguage\":\"es\"},{\"@type\":\"Organization\",\"@id\":\"https:\/\/www.sonoraenequipo.com.mx\/#organization\",\"name\":\"Sonoraenequipo.com.mx\",\"url\":\"https:\/\/www.sonoraenequipo.com.mx\/\",\"logo\":{\"@type\":\"ImageObject\",\"inLanguage\":\"es\",\"@id\":\"https:\/\/www.sonoraenequipo.com.mx\/#\/schema\/logo\/image\/\",\"url\":\"https:\/\/www.sonoraenequipo.com.mx\/storage\/2019\/01\/sonoraenequipo_opt.png\",\"contentUrl\":\"https:\/\/www.sonoraenequipo.com.mx\/storage\/2019\/01\/sonoraenequipo_opt.png\",\"width\":375,\"height\":125,\"caption\":\"Sonoraenequipo.com.mx\"},\"image\":{\"@id\":\"https:\/\/www.sonoraenequipo.com.mx\/#\/schema\/logo\/image\/\"},\"sameAs\":[\"https:\/\/www.facebook.com\/SonoraEE\/\",\"https:\/\/x.com\/sonoraenequipo\",\"https:\/\/www.youtube.com\/channel\/UC338nW-lPEYmJQs4ZABQ1SQ\"]},{\"@type\":\"Person\",\"@id\":\"https:\/\/www.sonoraenequipo.com.mx\/#\/schema\/person\/50102df0fb23a8fa9e8effad8fa81386\",\"name\":\"enequipo\",\"image\":{\"@type\":\"ImageObject\",\"inLanguage\":\"es\",\"@id\":\"https:\/\/www.sonoraenequipo.com.mx\/#\/schema\/person\/image\/\",\"url\":\"https:\/\/secure.gravatar.com\/avatar\/049821681b589dabc0bc20695993ccebb09f5b5d4d790cd9251b97faac7c652b?s=96&d=blank&r=g\",\"contentUrl\":\"https:\/\/secure.gravatar.com\/avatar\/049821681b589dabc0bc20695993ccebb09f5b5d4d790cd9251b97faac7c652b?s=96&d=blank&r=g\",\"caption\":\"enequipo\"},\"sameAs\":[\"https:\/\/www.facebook.com\/SonoraEE\"]}]}<\/script>\n ","yoast_head_json":{"title":"Sonora en Equipo. Egresada de medicina desarrolla en Washington proyecto sobre el c\u00e1ncer de la piel Destacadas","description":"HERMOSILLO, SONORA. MX. \u2014 Una serie de estrategias enfocadas a la promoci\u00f3n y difusi\u00f3n de la informaci\u00f3n sobre el c\u00e1ncer de piel y la aplicaci\u00f3n de nuevas En Sonora en Equipo publicamos toda la informaci\u00f3n de Sonora, M\u00e9xico y el Mundo de manera oportuna y busca que la libertad de expresi\u00f3n sea real. Visita nuestro medio informativo publicado desde Hermosillo, Sonora. %","robots":{"index":"index","follow":"follow","max-snippet":"max-snippet:-1","max-image-preview":"max-image-preview:large","max-video-preview":"max-video-preview:-1"},"canonical":"https:\/\/www.sonoraenequipo.com.mx\/egresada-medicina-desarrolla-washington-proyecto-cancer-la-piel\/","og_locale":"es_ES","og_type":"article","og_title":"Sonora en Equipo. Egresada de medicina desarrolla en Washington proyecto sobre el c\u00e1ncer de la piel Destacadas","og_description":"HERMOSILLO, SONORA. MX. \u2014 Una serie de estrategias enfocadas a la promoci\u00f3n y difusi\u00f3n de la informaci\u00f3n sobre el c\u00e1ncer de piel y la aplicaci\u00f3n de nuevas En Sonora en Equipo publicamos toda la informaci\u00f3n de Sonora, M\u00e9xico y el Mundo de manera oportuna y busca que la libertad de expresi\u00f3n sea real. Visita nuestro medio informativo publicado desde Hermosillo, Sonora. %","og_url":"https:\/\/www.sonoraenequipo.com.mx\/egresada-medicina-desarrolla-washington-proyecto-cancer-la-piel\/","og_site_name":"Sonora en Equipo.","article_publisher":"https:\/\/www.facebook.com\/SonoraEE\/","article_author":"https:\/\/www.facebook.com\/SonoraEE","article_published_time":"2018-03-15T00:10:55+00:00","article_modified_time":"2018-03-15T03:07:58+00:00","og_image":[{"width":499,"height":312,"url":"https:\/\/www.sonoraenequipo.com.mx\/storage\/2018\/03\/Patricia-proyecto-de-c\u00e1ncer-en-la-piel_opt.jpg","type":"image\/jpeg"}],"author":"enequipo","twitter_card":"summary_large_image","twitter_creator":"@sonoraenequipo","twitter_site":"@sonoraenequipo","twitter_misc":{"Escrito por":"enequipo","Tiempo de lectura":"2 minutos"},"schema":{"@context":"https:\/\/schema.org","@graph":[{"@type":"Article","@id":"https:\/\/www.sonoraenequipo.com.mx\/egresada-medicina-desarrolla-washington-proyecto-cancer-la-piel\/#article","isPartOf":{"@id":"https:\/\/www.sonoraenequipo.com.mx\/egresada-medicina-desarrolla-washington-proyecto-cancer-la-piel\/"},"author":{"name":"enequipo","@id":"https:\/\/www.sonoraenequipo.com.mx\/#\/schema\/person\/50102df0fb23a8fa9e8effad8fa81386"},"headline":"Egresada de medicina desarrolla en Washington proyecto sobre el c\u00e1ncer de la piel","datePublished":"2018-03-15T00:10:55+00:00","dateModified":"2018-03-15T03:07:58+00:00","mainEntityOfPage":{"@id":"https:\/\/www.sonoraenequipo.com.mx\/egresada-medicina-desarrolla-washington-proyecto-cancer-la-piel\/"},"wordCount":379,"commentCount":0,"publisher":{"@id":"https:\/\/www.sonoraenequipo.com.mx\/#organization"},"image":{"@id":"https:\/\/www.sonoraenequipo.com.mx\/egresada-medicina-desarrolla-washington-proyecto-cancer-la-piel\/#primaryimage"},"thumbnailUrl":"https:\/\/www.sonoraenequipo.com.mx\/storage\/2018\/03\/Patricia-proyecto-de-c\u00e1ncer-en-la-piel_opt.jpg","articleSection":["Ciencia y Tecnolog\u00eda","Destacadas"],"inLanguage":"es","potentialAction":[{"@type":"CommentAction","name":"Comment","target":["https:\/\/www.sonoraenequipo.com.mx\/egresada-medicina-desarrolla-washington-proyecto-cancer-la-piel\/#respond"]}]},{"@type":"WebPage","@id":"https:\/\/www.sonoraenequipo.com.mx\/egresada-medicina-desarrolla-washington-proyecto-cancer-la-piel\/","url":"https:\/\/www.sonoraenequipo.com.mx\/egresada-medicina-desarrolla-washington-proyecto-cancer-la-piel\/","name":"Sonora en Equipo. Egresada de medicina desarrolla en Washington proyecto sobre el c\u00e1ncer de la piel Destacadas","isPartOf":{"@id":"https:\/\/www.sonoraenequipo.com.mx\/#website"},"primaryImageOfPage":{"@id":"https:\/\/www.sonoraenequipo.com.mx\/egresada-medicina-desarrolla-washington-proyecto-cancer-la-piel\/#primaryimage"},"image":{"@id":"https:\/\/www.sonoraenequipo.com.mx\/egresada-medicina-desarrolla-washington-proyecto-cancer-la-piel\/#primaryimage"},"thumbnailUrl":"https:\/\/www.sonoraenequipo.com.mx\/storage\/2018\/03\/Patricia-proyecto-de-c\u00e1ncer-en-la-piel_opt.jpg","datePublished":"2018-03-15T00:10:55+00:00","dateModified":"2018-03-15T03:07:58+00:00","description":"HERMOSILLO, SONORA. MX. \u2014 Una serie de estrategias enfocadas a la promoci\u00f3n y difusi\u00f3n de la informaci\u00f3n sobre el c\u00e1ncer de piel y la aplicaci\u00f3n de nuevas En Sonora en Equipo publicamos toda la informaci\u00f3n de Sonora, M\u00e9xico y el Mundo de manera oportuna y busca que la libertad de expresi\u00f3n sea real. Visita nuestro medio informativo publicado desde Hermosillo, Sonora. %","breadcrumb":{"@id":"https:\/\/www.sonoraenequipo.com.mx\/egresada-medicina-desarrolla-washington-proyecto-cancer-la-piel\/#breadcrumb"},"inLanguage":"es","potentialAction":[{"@type":"ReadAction","target":["https:\/\/www.sonoraenequipo.com.mx\/egresada-medicina-desarrolla-washington-proyecto-cancer-la-piel\/"]}]},{"@type":"ImageObject","inLanguage":"es","@id":"https:\/\/www.sonoraenequipo.com.mx\/egresada-medicina-desarrolla-washington-proyecto-cancer-la-piel\/#primaryimage","url":"https:\/\/www.sonoraenequipo.com.mx\/storage\/2018\/03\/Patricia-proyecto-de-c\u00e1ncer-en-la-piel_opt.jpg","contentUrl":"https:\/\/www.sonoraenequipo.com.mx\/storage\/2018\/03\/Patricia-proyecto-de-c\u00e1ncer-en-la-piel_opt.jpg","width":499,"height":312},{"@type":"BreadcrumbList","@id":"https:\/\/www.sonoraenequipo.com.mx\/egresada-medicina-desarrolla-washington-proyecto-cancer-la-piel\/#breadcrumb","itemListElement":[{"@type":"ListItem","position":1,"name":"Portada","item":"https:\/\/www.sonoraenequipo.com.mx\/"},{"@type":"ListItem","position":2,"name":"Egresada de medicina desarrolla en Washington proyecto sobre el c\u00e1ncer de la piel"}]},{"@type":"WebSite","@id":"https:\/\/www.sonoraenequipo.com.mx\/#website","url":"https:\/\/www.sonoraenequipo.com.mx\/","name":"Sonora en Equipo.","description":"Diario en l\u00ednea con Noticias desde Hermosillo, Sonora","publisher":{"@id":"https:\/\/www.sonoraenequipo.com.mx\/#organization"},"potentialAction":[{"@type":"SearchAction","target":{"@type":"EntryPoint","urlTemplate":"https:\/\/www.sonoraenequipo.com.mx\/?s={search_term_string}"},"query-input":{"@type":"PropertyValueSpecification","valueRequired":true,"valueName":"search_term_string"}}],"inLanguage":"es"},{"@type":"Organization","@id":"https:\/\/www.sonoraenequipo.com.mx\/#organization","name":"Sonoraenequipo.com.mx","url":"https:\/\/www.sonoraenequipo.com.mx\/","logo":{"@type":"ImageObject","inLanguage":"es","@id":"https:\/\/www.sonoraenequipo.com.mx\/#\/schema\/logo\/image\/","url":"https:\/\/www.sonoraenequipo.com.mx\/storage\/2019\/01\/sonoraenequipo_opt.png","contentUrl":"https:\/\/www.sonoraenequipo.com.mx\/storage\/2019\/01\/sonoraenequipo_opt.png","width":375,"height":125,"caption":"Sonoraenequipo.com.mx"},"image":{"@id":"https:\/\/www.sonoraenequipo.com.mx\/#\/schema\/logo\/image\/"},"sameAs":["https:\/\/www.facebook.com\/SonoraEE\/","https:\/\/x.com\/sonoraenequipo","https:\/\/www.youtube.com\/channel\/UC338nW-lPEYmJQs4ZABQ1SQ"]},{"@type":"Person","@id":"https:\/\/www.sonoraenequipo.com.mx\/#\/schema\/person\/50102df0fb23a8fa9e8effad8fa81386","name":"enequipo","image":{"@type":"ImageObject","inLanguage":"es","@id":"https:\/\/www.sonoraenequipo.com.mx\/#\/schema\/person\/image\/","url":"https:\/\/secure.gravatar.com\/avatar\/049821681b589dabc0bc20695993ccebb09f5b5d4d790cd9251b97faac7c652b?s=96&d=blank&r=g","contentUrl":"https:\/\/secure.gravatar.com\/avatar\/049821681b589dabc0bc20695993ccebb09f5b5d4d790cd9251b97faac7c652b?s=96&d=blank&r=g","caption":"enequipo"},"sameAs":["https:\/\/www.facebook.com\/SonoraEE"]}]}},"jetpack_featured_media_url":"https:\/\/www.sonoraenequipo.com.mx\/storage\/2018\/03\/Patricia-proyecto-de-c\u00e1ncer-en-la-piel_opt.jpg","_links":{"self":[{"href":"https:\/\/www.sonoraenequipo.com.mx\/api\/wp\/v2\/posts\/33569","targetHints":{"allow":["GET"]}}],"collection":[{"href":"https:\/\/www.sonoraenequipo.com.mx\/api\/wp\/v2\/posts"}],"about":[{"href":"https:\/\/www.sonoraenequipo.com.mx\/api\/wp\/v2\/types\/post"}],"author":[{"embeddable":true,"href":"https:\/\/www.sonoraenequipo.com.mx\/api\/wp\/v2\/users\/1"}],"replies":[{"embeddable":true,"href":"https:\/\/www.sonoraenequipo.com.mx\/api\/wp\/v2\/comments?post=33569"}],"version-history":[{"count":0,"href":"https:\/\/www.sonoraenequipo.com.mx\/api\/wp\/v2\/posts\/33569\/revisions"}],"wp:featuredmedia":[{"embeddable":true,"href":"https:\/\/www.sonoraenequipo.com.mx\/api\/wp\/v2\/media\/33557"}],"wp:attachment":[{"href":"https:\/\/www.sonoraenequipo.com.mx\/api\/wp\/v2\/media?parent=33569"}],"wp:term":[{"taxonomy":"category","embeddable":true,"href":"https:\/\/www.sonoraenequipo.com.mx\/api\/wp\/v2\/categories?post=33569"},{"taxonomy":"post_tag","embeddable":true,"href":"https:\/\/www.sonoraenequipo.com.mx\/api\/wp\/v2\/tags?post=33569"}],"curies":[{"name":"wp","href":"https:\/\/api.w.org\/{rel}","templated":true}]}}