{"id":33571,"date":"2018-03-14T09:15:11","date_gmt":"2018-03-14T16:15:11","guid":{"rendered":"http:\/\/www.sonoraenequipo.com.mx\/?p=33571"},"modified":"2018-03-14T20:13:06","modified_gmt":"2018-03-15T03:13:06","slug":"entraran-dos-frentes-frios-sonora","status":"publish","type":"post","link":"https:\/\/www.sonoraenequipo.com.mx\/entraran-dos-frentes-frios-sonora\/","title":{"rendered":"Entrar\u00e1n dos frentes fr\u00edos a Sonora"},"content":{"rendered":"<p>HERMOSILLO, SONORA. MX. \u2014 La Secretar\u00eda de Gobierno a trav\u00e9s de la Unidad Estatal de Protecci\u00f3n Civil (UEPC) inform\u00f3 que se espera el ingreso del frente fr\u00edo n\u00famero 37 el pr\u00f3ximo jueves.<\/p>\n<p> <\/p>\n<p>El fen\u00f3meno meteorol\u00f3gico podr\u00eda trasladarse hacia el este-sureste y ser\u00eda acompa\u00f1ado de un segundo frente fr\u00edo, el n\u00famero 38, que podr\u00eda ingresar a la entidad el d\u00eda s\u00e1bado.<\/p>\n<p>El segundo frente fr\u00edo se espera que entre por el noroeste de la entidad, siguiendo la misma ruta del anterior, pronostic\u00e1ndose un marcado descenso de temperaturas, vientos fuertes y rachas de hasta 50 km\/h, con baja probabilidad de lluvias dispersas.<\/p>\n<p>Los fen\u00f3menos impactar\u00edan principalmente las regiones noroeste, norte, noreste y oriente del estado de jueves a domingo, principalmente en los municipios de Agua Prieta, Bacerac, Bavispe, Huachinera, Bacad\u00e9huachi, N\u00e1cori Chico Nogales, \u00cdmuris, Cananea, Santa Cruz, Naco, Agua Prieta, Fronteras y Nacozari.<\/p>\n<p>Por lo anterior, la Unidad Estatal de Protecci\u00f3n Civil de com\u00fan acuerdo con la Coordinaci\u00f3n Nacional de Protecci\u00f3n Civil y la Comisi\u00f3n Nacional del Agua, emiten el siguiente aviso meteorol\u00f3gico, para las regiones noroeste, norte, noreste y oriente. Con especial atenci\u00f3n para los municipios de San Luis R\u00edo Colorado, Plutarco El\u00edas Calles, Caborca, Puerto Pe\u00f1asco, \u00c1til, Tubutama, Pitiquito, S\u00e1ric, Altar, Trincheras.<\/p>\n<p>Adem\u00e1s de Santa Ana, Benjam\u00edn Hill, \u00cdmuris, Magdalena, Nogales, Santa Cruz, Cananea, Bacoachi, Fronteras, Naco, Agua Prieta, Cucurpe, Ban\u00e1michi, Arizpe, Bacerac, Bavispe, Huachinera, Bacad\u00e9huachi, N\u00e1cori Chico, Villa Hidalgo, Nacozari, Cumpas, Moctezuma, Tepache, Divisaderos, Sahuaripa y Y\u00e9cora, en las que se podr\u00edan presentar descenso de temperatura y vientos fuertes.<\/p>\n<p>Con la informaci\u00f3n actual, se esperan temperaturas menores a los 6 grados cent\u00edgrados en las regio fronteriza con Arizona y zonas serrana del estado, durante los d\u00edas jueves, viernes, s\u00e1bado, domingo y lunes; en los municipios de la frontera con Chihuahua, se espera que se registren temperaturas m\u00ednimas de hasta de 0 grados cent\u00edgrados; en los municipios de la regi\u00f3n central de hasta 6 grados cent\u00edgrados y en el sur de 10 grados.<\/p>\n<p>Se recomienda a las personas extremar los cuidados con el uso de los equipos de gas L.P., braceros, anafres en el interior de los domicilios y coment\u00f3 que en caso de cualquier incidente solicitar apoyo a su Unidad Municipal de Protecci\u00f3n Civil.<\/p>\n<p>Ante este escenario de vientos fuertes y posible ambiente muy fr\u00edo, la Unidad Estatal de Protecci\u00f3n Civil, emite el presente aviso a la poblaci\u00f3n en general, principalmente a quienes habitan regiones consideradas de alto riesgo, para que extremen precauciones y atiendan las siguientes recomendaciones:<\/p>\n<p>1. Permanecer informados a trav\u00e9s de los medios de comunicaci\u00f3n sobre las condiciones meteorol\u00f3gicas dominantes en sus lugares de residencia o de los sitios que pretenda visitar.<\/p>\n<p>2. Considerar la necesidad de tener disponible ropa abrigadora, cobertores o cobijas y combustibles suficientes.<\/p>\n<p>3. Conocer la ubicaci\u00f3n de refugios temporales y acudir a ellos en caso necesario o de acuerdo a las indicaciones de Protecci\u00f3n Civil.<\/p>\n<p>4. Consumir verduras y frutas ricas en vitaminas \u00abA\u00bb y \u00abC\u00bb.<\/p>\n<p>5. Colaborar con las autoridades, reportando la ubicaci\u00f3n de personas en alto riesgo.<\/p>\n<p>6. Vestir ropa apropiada a esta temporada invernal.<\/p>\n<p>7. Evitar la exposici\u00f3n a bajas temperaturas durante per\u00edodos prolongados.<\/p>\n<p>8. Ante condiciones de lluvia, nieve o niebla mantenerse seco, pues la humedad enfr\u00eda el cuerpo r\u00e1pidamente.<\/p>\n<p>9. Conservar adecuada temperatura en el interior de su vivienda.<\/p>\n<p>10. Procurar especial cuidado con personas de la tercera edad, ni\u00f1os y enfermos, sectores altamente vulnerables a los efectos de esta temporada.<\/p>\n<p>11. Acudir a su unidad de salud o consultar a su m\u00e9dico, en caso de alguna afectaci\u00f3n por fr\u00edo o padecimiento de alguna enfermedad.<\/p>\n<p>12. Si va a salir de un lugar caliente cubrirse boca y nariz para evitar respirar el aire fr\u00edo, ya que cambios bruscos de temperatura afectan el sistema respiratorio.<\/p>\n<p>13. Evitar la concentraci\u00f3n de mon\u00f3xido de carbono en lugares cerrados para no sufrir intoxicaci\u00f3n o posibles quemaduras al usar anafres y calentadores.<\/p>\n<p>14. Atender se\u00f1alamientos de tr\u00e1nsito al conducir en zonas de niebla y nieve, asegur\u00e1ndose de tener en buenas condiciones su veh\u00edculo.<\/p>\n<p>15. Establecer medidas de protecci\u00f3n para la ganader\u00eda y la agricultura en zonas rurales.<\/p>\n<p>As\u00ed mismo, se informa que para cualquier eventualidad, estar\u00e1n a disposici\u00f3n de la poblaci\u00f3n, las 24 horas, los tel\u00e9fonos de emergencia de su comunidad (9-1-1), as\u00ed como los n\u00fameros gratuitos 01-800-277-22-22 y 119 de Telcel, del Centro Estatal de Comunicaciones de la Unidad Estatal de Protecci\u00f3n Civil.<\/p>\n<p>(Fecha de publicaci\u00f3n 14032018)<\/p>\n","protected":false},"excerpt":{"rendered":"<p>HERMOSILLO, SONORA. MX. \u2014 La Secretar\u00eda de Gobierno a trav\u00e9s de la Unidad Estatal de&#8230;<\/p>\n","protected":false},"author":1,"featured_media":33573,"comment_status":"open","ping_status":"open","sticky":false,"template":"","format":"standard","meta":{"_monsterinsights_skip_tracking":false,"_monsterinsights_sitenote_active":false,"_monsterinsights_sitenote_note":"","_monsterinsights_sitenote_category":0,"footnotes":""},"categories":[1,22],"tags":[],"class_list":["post"],"yoast_head":" \n<title>Sonora en Equipo. Entrar\u00e1n dos frentes fr\u00edos a Sonora Sin categorizar<\/title>\n<meta name=\"description\" content=\"HERMOSILLO, SONORA. MX. \u2014 La Secretar\u00eda de Gobierno a trav\u00e9s de la Unidad Estatal de Protecci\u00f3n Civil (UEPC) inform\u00f3 que se espera el ingreso del frente En Sonora en Equipo publicamos toda la informaci\u00f3n de Sonora, M\u00e9xico y el Mundo de manera oportuna y busca que la libertad de expresi\u00f3n sea real. Visita nuestro medio informativo publicado desde Hermosillo, Sonora. %\" \/>\n<meta name=\"robots\" content=\"index, follow, max-snippet:-1, max-image-preview:large, max-video-preview:-1\" \/>\n<link rel=\"canonical\" href=\"https:\/\/www.sonoraenequipo.com.mx\/entraran-dos-frentes-frios-sonora\/\" \/>\n<meta property=\"og:locale\" content=\"es_ES\" \/>\n<meta property=\"og:type\" content=\"article\" \/>\n<meta property=\"og:title\" content=\"Sonora en Equipo. Entrar\u00e1n dos frentes fr\u00edos a Sonora Sin categorizar\" \/>\n<meta property=\"og:description\" content=\"HERMOSILLO, SONORA. MX. \u2014 La Secretar\u00eda de Gobierno a trav\u00e9s de la Unidad Estatal de Protecci\u00f3n Civil (UEPC) inform\u00f3 que se espera el ingreso del frente En Sonora en Equipo publicamos toda la informaci\u00f3n de Sonora, M\u00e9xico y el Mundo de manera oportuna y busca que la libertad de expresi\u00f3n sea real. Visita nuestro medio informativo publicado desde Hermosillo, Sonora. %\" \/>\n<meta property=\"og:url\" content=\"https:\/\/www.sonoraenequipo.com.mx\/entraran-dos-frentes-frios-sonora\/\" \/>\n<meta property=\"og:site_name\" content=\"Sonora en Equipo.\" \/>\n<meta property=\"article:publisher\" content=\"https:\/\/www.facebook.com\/SonoraEE\/\" \/>\n<meta property=\"article:author\" content=\"https:\/\/www.facebook.com\/SonoraEE\" \/>\n<meta property=\"article:published_time\" content=\"2018-03-14T16:15:11+00:00\" \/>\n<meta property=\"article:modified_time\" content=\"2018-03-15T03:13:06+00:00\" \/>\n<meta property=\"og:image\" content=\"https:\/\/www.sonoraenequipo.com.mx\/storage\/2018\/03\/clima_opt.jpg\" \/>\n\t<meta property=\"og:image:width\" content=\"603\" \/>\n\t<meta property=\"og:image:height\" content=\"400\" \/>\n\t<meta property=\"og:image:type\" content=\"image\/jpeg\" \/>\n<meta name=\"author\" content=\"enequipo\" \/>\n<meta name=\"twitter:card\" content=\"summary_large_image\" \/>\n<meta name=\"twitter:creator\" content=\"@sonoraenequipo\" \/>\n<meta name=\"twitter:site\" content=\"@sonoraenequipo\" \/>\n<meta name=\"twitter:label1\" content=\"Escrito por\" \/>\n\t<meta name=\"twitter:data1\" content=\"enequipo\" \/>\n\t<meta name=\"twitter:label2\" content=\"Tiempo de lectura\" \/>\n\t<meta name=\"twitter:data2\" content=\"4 minutos\" \/>\n<script type=\"application\/ld+json\" class=\"yoast-schema-graph\">{\"@context\":\"https:\/\/schema.org\",\"@graph\":[{\"@type\":\"Article\",\"@id\":\"https:\/\/www.sonoraenequipo.com.mx\/entraran-dos-frentes-frios-sonora\/#article\",\"isPartOf\":{\"@id\":\"https:\/\/www.sonoraenequipo.com.mx\/entraran-dos-frentes-frios-sonora\/\"},\"author\":{\"name\":\"enequipo\",\"@id\":\"https:\/\/www.sonoraenequipo.com.mx\/#\/schema\/person\/50102df0fb23a8fa9e8effad8fa81386\"},\"headline\":\"Entrar\u00e1n dos frentes fr\u00edos a Sonora\",\"datePublished\":\"2018-03-14T16:15:11+00:00\",\"dateModified\":\"2018-03-15T03:13:06+00:00\",\"mainEntityOfPage\":{\"@id\":\"https:\/\/www.sonoraenequipo.com.mx\/entraran-dos-frentes-frios-sonora\/\"},\"wordCount\":798,\"commentCount\":0,\"publisher\":{\"@id\":\"https:\/\/www.sonoraenequipo.com.mx\/#organization\"},\"image\":{\"@id\":\"https:\/\/www.sonoraenequipo.com.mx\/entraran-dos-frentes-frios-sonora\/#primaryimage\"},\"thumbnailUrl\":\"https:\/\/www.sonoraenequipo.com.mx\/storage\/2018\/03\/clima_opt.jpg\",\"articleSection\":[\"Sin categorizar\",\"Sonora\"],\"inLanguage\":\"es\",\"potentialAction\":[{\"@type\":\"CommentAction\",\"name\":\"Comment\",\"target\":[\"https:\/\/www.sonoraenequipo.com.mx\/entraran-dos-frentes-frios-sonora\/#respond\"]}]},{\"@type\":\"WebPage\",\"@id\":\"https:\/\/www.sonoraenequipo.com.mx\/entraran-dos-frentes-frios-sonora\/\",\"url\":\"https:\/\/www.sonoraenequipo.com.mx\/entraran-dos-frentes-frios-sonora\/\",\"name\":\"Sonora en Equipo. Entrar\u00e1n dos frentes fr\u00edos a Sonora Sin categorizar\",\"isPartOf\":{\"@id\":\"https:\/\/www.sonoraenequipo.com.mx\/#website\"},\"primaryImageOfPage\":{\"@id\":\"https:\/\/www.sonoraenequipo.com.mx\/entraran-dos-frentes-frios-sonora\/#primaryimage\"},\"image\":{\"@id\":\"https:\/\/www.sonoraenequipo.com.mx\/entraran-dos-frentes-frios-sonora\/#primaryimage\"},\"thumbnailUrl\":\"https:\/\/www.sonoraenequipo.com.mx\/storage\/2018\/03\/clima_opt.jpg\",\"datePublished\":\"2018-03-14T16:15:11+00:00\",\"dateModified\":\"2018-03-15T03:13:06+00:00\",\"description\":\"HERMOSILLO, SONORA. MX. \u2014 La Secretar\u00eda de Gobierno a trav\u00e9s de la Unidad Estatal de Protecci\u00f3n Civil (UEPC) inform\u00f3 que se espera el ingreso del frente En Sonora en Equipo publicamos toda la informaci\u00f3n de Sonora, M\u00e9xico y el Mundo de manera oportuna y busca que la libertad de expresi\u00f3n sea real. Visita nuestro medio informativo publicado desde Hermosillo, Sonora. %\",\"breadcrumb\":{\"@id\":\"https:\/\/www.sonoraenequipo.com.mx\/entraran-dos-frentes-frios-sonora\/#breadcrumb\"},\"inLanguage\":\"es\",\"potentialAction\":[{\"@type\":\"ReadAction\",\"target\":[\"https:\/\/www.sonoraenequipo.com.mx\/entraran-dos-frentes-frios-sonora\/\"]}]},{\"@type\":\"ImageObject\",\"inLanguage\":\"es\",\"@id\":\"https:\/\/www.sonoraenequipo.com.mx\/entraran-dos-frentes-frios-sonora\/#primaryimage\",\"url\":\"https:\/\/www.sonoraenequipo.com.mx\/storage\/2018\/03\/clima_opt.jpg\",\"contentUrl\":\"https:\/\/www.sonoraenequipo.com.mx\/storage\/2018\/03\/clima_opt.jpg\",\"width\":603,\"height\":400},{\"@type\":\"BreadcrumbList\",\"@id\":\"https:\/\/www.sonoraenequipo.com.mx\/entraran-dos-frentes-frios-sonora\/#breadcrumb\",\"itemListElement\":[{\"@type\":\"ListItem\",\"position\":1,\"name\":\"Portada\",\"item\":\"https:\/\/www.sonoraenequipo.com.mx\/\"},{\"@type\":\"ListItem\",\"position\":2,\"name\":\"Entrar\u00e1n dos frentes fr\u00edos a Sonora\"}]},{\"@type\":\"WebSite\",\"@id\":\"https:\/\/www.sonoraenequipo.com.mx\/#website\",\"url\":\"https:\/\/www.sonoraenequipo.com.mx\/\",\"name\":\"Sonora en Equipo.\",\"description\":\"Diario en l\u00ednea con Noticias desde Hermosillo, Sonora\",\"publisher\":{\"@id\":\"https:\/\/www.sonoraenequipo.com.mx\/#organization\"},\"potentialAction\":[{\"@type\":\"SearchAction\",\"target\":{\"@type\":\"EntryPoint\",\"urlTemplate\":\"https:\/\/www.sonoraenequipo.com.mx\/?s={search_term_string}\"},\"query-input\":{\"@type\":\"PropertyValueSpecification\",\"valueRequired\":true,\"valueName\":\"search_term_string\"}}],\"inLanguage\":\"es\"},{\"@type\":\"Organization\",\"@id\":\"https:\/\/www.sonoraenequipo.com.mx\/#organization\",\"name\":\"Sonoraenequipo.com.mx\",\"url\":\"https:\/\/www.sonoraenequipo.com.mx\/\",\"logo\":{\"@type\":\"ImageObject\",\"inLanguage\":\"es\",\"@id\":\"https:\/\/www.sonoraenequipo.com.mx\/#\/schema\/logo\/image\/\",\"url\":\"https:\/\/www.sonoraenequipo.com.mx\/storage\/2019\/01\/sonoraenequipo_opt.png\",\"contentUrl\":\"https:\/\/www.sonoraenequipo.com.mx\/storage\/2019\/01\/sonoraenequipo_opt.png\",\"width\":375,\"height\":125,\"caption\":\"Sonoraenequipo.com.mx\"},\"image\":{\"@id\":\"https:\/\/www.sonoraenequipo.com.mx\/#\/schema\/logo\/image\/\"},\"sameAs\":[\"https:\/\/www.facebook.com\/SonoraEE\/\",\"https:\/\/x.com\/sonoraenequipo\",\"https:\/\/www.youtube.com\/channel\/UC338nW-lPEYmJQs4ZABQ1SQ\"]},{\"@type\":\"Person\",\"@id\":\"https:\/\/www.sonoraenequipo.com.mx\/#\/schema\/person\/50102df0fb23a8fa9e8effad8fa81386\",\"name\":\"enequipo\",\"image\":{\"@type\":\"ImageObject\",\"inLanguage\":\"es\",\"@id\":\"https:\/\/www.sonoraenequipo.com.mx\/#\/schema\/person\/image\/\",\"url\":\"https:\/\/secure.gravatar.com\/avatar\/049821681b589dabc0bc20695993ccebb09f5b5d4d790cd9251b97faac7c652b?s=96&d=blank&r=g\",\"contentUrl\":\"https:\/\/secure.gravatar.com\/avatar\/049821681b589dabc0bc20695993ccebb09f5b5d4d790cd9251b97faac7c652b?s=96&d=blank&r=g\",\"caption\":\"enequipo\"},\"sameAs\":[\"https:\/\/www.facebook.com\/SonoraEE\"]}]}<\/script>\n ","yoast_head_json":{"title":"Sonora en Equipo. Entrar\u00e1n dos frentes fr\u00edos a Sonora Sin categorizar","description":"HERMOSILLO, SONORA. MX. \u2014 La Secretar\u00eda de Gobierno a trav\u00e9s de la Unidad Estatal de Protecci\u00f3n Civil (UEPC) inform\u00f3 que se espera el ingreso del frente En Sonora en Equipo publicamos toda la informaci\u00f3n de Sonora, M\u00e9xico y el Mundo de manera oportuna y busca que la libertad de expresi\u00f3n sea real. Visita nuestro medio informativo publicado desde Hermosillo, Sonora. %","robots":{"index":"index","follow":"follow","max-snippet":"max-snippet:-1","max-image-preview":"max-image-preview:large","max-video-preview":"max-video-preview:-1"},"canonical":"https:\/\/www.sonoraenequipo.com.mx\/entraran-dos-frentes-frios-sonora\/","og_locale":"es_ES","og_type":"article","og_title":"Sonora en Equipo. Entrar\u00e1n dos frentes fr\u00edos a Sonora Sin categorizar","og_description":"HERMOSILLO, SONORA. MX. \u2014 La Secretar\u00eda de Gobierno a trav\u00e9s de la Unidad Estatal de Protecci\u00f3n Civil (UEPC) inform\u00f3 que se espera el ingreso del frente En Sonora en Equipo publicamos toda la informaci\u00f3n de Sonora, M\u00e9xico y el Mundo de manera oportuna y busca que la libertad de expresi\u00f3n sea real. Visita nuestro medio informativo publicado desde Hermosillo, Sonora. %","og_url":"https:\/\/www.sonoraenequipo.com.mx\/entraran-dos-frentes-frios-sonora\/","og_site_name":"Sonora en Equipo.","article_publisher":"https:\/\/www.facebook.com\/SonoraEE\/","article_author":"https:\/\/www.facebook.com\/SonoraEE","article_published_time":"2018-03-14T16:15:11+00:00","article_modified_time":"2018-03-15T03:13:06+00:00","og_image":[{"width":603,"height":400,"url":"https:\/\/www.sonoraenequipo.com.mx\/storage\/2018\/03\/clima_opt.jpg","type":"image\/jpeg"}],"author":"enequipo","twitter_card":"summary_large_image","twitter_creator":"@sonoraenequipo","twitter_site":"@sonoraenequipo","twitter_misc":{"Escrito por":"enequipo","Tiempo de lectura":"4 minutos"},"schema":{"@context":"https:\/\/schema.org","@graph":[{"@type":"Article","@id":"https:\/\/www.sonoraenequipo.com.mx\/entraran-dos-frentes-frios-sonora\/#article","isPartOf":{"@id":"https:\/\/www.sonoraenequipo.com.mx\/entraran-dos-frentes-frios-sonora\/"},"author":{"name":"enequipo","@id":"https:\/\/www.sonoraenequipo.com.mx\/#\/schema\/person\/50102df0fb23a8fa9e8effad8fa81386"},"headline":"Entrar\u00e1n dos frentes fr\u00edos a Sonora","datePublished":"2018-03-14T16:15:11+00:00","dateModified":"2018-03-15T03:13:06+00:00","mainEntityOfPage":{"@id":"https:\/\/www.sonoraenequipo.com.mx\/entraran-dos-frentes-frios-sonora\/"},"wordCount":798,"commentCount":0,"publisher":{"@id":"https:\/\/www.sonoraenequipo.com.mx\/#organization"},"image":{"@id":"https:\/\/www.sonoraenequipo.com.mx\/entraran-dos-frentes-frios-sonora\/#primaryimage"},"thumbnailUrl":"https:\/\/www.sonoraenequipo.com.mx\/storage\/2018\/03\/clima_opt.jpg","articleSection":["Sin categorizar","Sonora"],"inLanguage":"es","potentialAction":[{"@type":"CommentAction","name":"Comment","target":["https:\/\/www.sonoraenequipo.com.mx\/entraran-dos-frentes-frios-sonora\/#respond"]}]},{"@type":"WebPage","@id":"https:\/\/www.sonoraenequipo.com.mx\/entraran-dos-frentes-frios-sonora\/","url":"https:\/\/www.sonoraenequipo.com.mx\/entraran-dos-frentes-frios-sonora\/","name":"Sonora en Equipo. Entrar\u00e1n dos frentes fr\u00edos a Sonora Sin categorizar","isPartOf":{"@id":"https:\/\/www.sonoraenequipo.com.mx\/#website"},"primaryImageOfPage":{"@id":"https:\/\/www.sonoraenequipo.com.mx\/entraran-dos-frentes-frios-sonora\/#primaryimage"},"image":{"@id":"https:\/\/www.sonoraenequipo.com.mx\/entraran-dos-frentes-frios-sonora\/#primaryimage"},"thumbnailUrl":"https:\/\/www.sonoraenequipo.com.mx\/storage\/2018\/03\/clima_opt.jpg","datePublished":"2018-03-14T16:15:11+00:00","dateModified":"2018-03-15T03:13:06+00:00","description":"HERMOSILLO, SONORA. MX. \u2014 La Secretar\u00eda de Gobierno a trav\u00e9s de la Unidad Estatal de Protecci\u00f3n Civil (UEPC) inform\u00f3 que se espera el ingreso del frente En Sonora en Equipo publicamos toda la informaci\u00f3n de Sonora, M\u00e9xico y el Mundo de manera oportuna y busca que la libertad de expresi\u00f3n sea real. Visita nuestro medio informativo publicado desde Hermosillo, Sonora. %","breadcrumb":{"@id":"https:\/\/www.sonoraenequipo.com.mx\/entraran-dos-frentes-frios-sonora\/#breadcrumb"},"inLanguage":"es","potentialAction":[{"@type":"ReadAction","target":["https:\/\/www.sonoraenequipo.com.mx\/entraran-dos-frentes-frios-sonora\/"]}]},{"@type":"ImageObject","inLanguage":"es","@id":"https:\/\/www.sonoraenequipo.com.mx\/entraran-dos-frentes-frios-sonora\/#primaryimage","url":"https:\/\/www.sonoraenequipo.com.mx\/storage\/2018\/03\/clima_opt.jpg","contentUrl":"https:\/\/www.sonoraenequipo.com.mx\/storage\/2018\/03\/clima_opt.jpg","width":603,"height":400},{"@type":"BreadcrumbList","@id":"https:\/\/www.sonoraenequipo.com.mx\/entraran-dos-frentes-frios-sonora\/#breadcrumb","itemListElement":[{"@type":"ListItem","position":1,"name":"Portada","item":"https:\/\/www.sonoraenequipo.com.mx\/"},{"@type":"ListItem","position":2,"name":"Entrar\u00e1n dos frentes fr\u00edos a Sonora"}]},{"@type":"WebSite","@id":"https:\/\/www.sonoraenequipo.com.mx\/#website","url":"https:\/\/www.sonoraenequipo.com.mx\/","name":"Sonora en Equipo.","description":"Diario en l\u00ednea con Noticias desde Hermosillo, Sonora","publisher":{"@id":"https:\/\/www.sonoraenequipo.com.mx\/#organization"},"potentialAction":[{"@type":"SearchAction","target":{"@type":"EntryPoint","urlTemplate":"https:\/\/www.sonoraenequipo.com.mx\/?s={search_term_string}"},"query-input":{"@type":"PropertyValueSpecification","valueRequired":true,"valueName":"search_term_string"}}],"inLanguage":"es"},{"@type":"Organization","@id":"https:\/\/www.sonoraenequipo.com.mx\/#organization","name":"Sonoraenequipo.com.mx","url":"https:\/\/www.sonoraenequipo.com.mx\/","logo":{"@type":"ImageObject","inLanguage":"es","@id":"https:\/\/www.sonoraenequipo.com.mx\/#\/schema\/logo\/image\/","url":"https:\/\/www.sonoraenequipo.com.mx\/storage\/2019\/01\/sonoraenequipo_opt.png","contentUrl":"https:\/\/www.sonoraenequipo.com.mx\/storage\/2019\/01\/sonoraenequipo_opt.png","width":375,"height":125,"caption":"Sonoraenequipo.com.mx"},"image":{"@id":"https:\/\/www.sonoraenequipo.com.mx\/#\/schema\/logo\/image\/"},"sameAs":["https:\/\/www.facebook.com\/SonoraEE\/","https:\/\/x.com\/sonoraenequipo","https:\/\/www.youtube.com\/channel\/UC338nW-lPEYmJQs4ZABQ1SQ"]},{"@type":"Person","@id":"https:\/\/www.sonoraenequipo.com.mx\/#\/schema\/person\/50102df0fb23a8fa9e8effad8fa81386","name":"enequipo","image":{"@type":"ImageObject","inLanguage":"es","@id":"https:\/\/www.sonoraenequipo.com.mx\/#\/schema\/person\/image\/","url":"https:\/\/secure.gravatar.com\/avatar\/049821681b589dabc0bc20695993ccebb09f5b5d4d790cd9251b97faac7c652b?s=96&d=blank&r=g","contentUrl":"https:\/\/secure.gravatar.com\/avatar\/049821681b589dabc0bc20695993ccebb09f5b5d4d790cd9251b97faac7c652b?s=96&d=blank&r=g","caption":"enequipo"},"sameAs":["https:\/\/www.facebook.com\/SonoraEE"]}]}},"jetpack_featured_media_url":"https:\/\/www.sonoraenequipo.com.mx\/storage\/2018\/03\/clima_opt.jpg","_links":{"self":[{"href":"https:\/\/www.sonoraenequipo.com.mx\/api\/wp\/v2\/posts\/33571","targetHints":{"allow":["GET"]}}],"collection":[{"href":"https:\/\/www.sonoraenequipo.com.mx\/api\/wp\/v2\/posts"}],"about":[{"href":"https:\/\/www.sonoraenequipo.com.mx\/api\/wp\/v2\/types\/post"}],"author":[{"embeddable":true,"href":"https:\/\/www.sonoraenequipo.com.mx\/api\/wp\/v2\/users\/1"}],"replies":[{"embeddable":true,"href":"https:\/\/www.sonoraenequipo.com.mx\/api\/wp\/v2\/comments?post=33571"}],"version-history":[{"count":0,"href":"https:\/\/www.sonoraenequipo.com.mx\/api\/wp\/v2\/posts\/33571\/revisions"}],"wp:featuredmedia":[{"embeddable":true,"href":"https:\/\/www.sonoraenequipo.com.mx\/api\/wp\/v2\/media\/33573"}],"wp:attachment":[{"href":"https:\/\/www.sonoraenequipo.com.mx\/api\/wp\/v2\/media?parent=33571"}],"wp:term":[{"taxonomy":"category","embeddable":true,"href":"https:\/\/www.sonoraenequipo.com.mx\/api\/wp\/v2\/categories?post=33571"},{"taxonomy":"post_tag","embeddable":true,"href":"https:\/\/www.sonoraenequipo.com.mx\/api\/wp\/v2\/tags?post=33571"}],"curies":[{"name":"wp","href":"https:\/\/api.w.org\/{rel}","templated":true}]}}