{"id":33579,"date":"2018-03-14T17:50:10","date_gmt":"2018-03-15T00:50:10","guid":{"rendered":"http:\/\/www.sonoraenequipo.com.mx\/?p=33579"},"modified":"2018-03-14T20:19:48","modified_gmt":"2018-03-15T03:19:48","slug":"entrega-presidenta-municipal-certificado-microcredito-emprendedora-local","status":"publish","type":"post","link":"https:\/\/www.sonoraenequipo.com.mx\/entrega-presidenta-municipal-certificado-microcredito-emprendedora-local\/","title":{"rendered":"Entrega Presidenta Municipal certificado de microcr\u00e9dito a emprendedora local"},"content":{"rendered":"<p>HERMOSILLO, SONORA. MX. \u2014 La Presidenta Municipal, Angelina Mu\u00f1oz Fern\u00e1ndez constat\u00f3 el impacto que un cr\u00e9dito del Fondo para el Empleo Productivo produjo en el negocio de una madre jefa de familia decidida a preservar su empresa, luego de que estuvo a punto de perderla por circunstancias adversas.<\/p>\n<p> <\/p>\n<p>La mun\u00edcipe hermosillense visit\u00f3 la florer\u00eda Azaharel, en un local de la colonia Sahuaro Indeco, donde la propietaria le mostr\u00f3 lo que logr\u00f3 hacer con los recursos que el Gobierno Municipal le facilit\u00f3 a trav\u00e9s de la Comisi\u00f3n de Desarrollo Econ\u00f3mico y Tur\u00edstico, los cuales le permitieron surtir materiales, adquirir equipamiento y hacer mejoras en el inmueble.<\/p>\n<p>La acompa\u00f1aron Eduardo Lemmen Meyer Gonz\u00e1lez, Director de la Comisi\u00f3n de Desarrollo Econ\u00f3mico y Tur\u00edstico, Socorro Ag\u00fcero, Directora de Fondos de Apoyo a MIPYMES de la misma dependencia y el diputado local David Palafox Celaya.<\/p>\n<p>Con todos comparti\u00f3 la beneficiada, a quienes sus clientes llaman Mery, un testimonio de lo que el pr\u00e9stamo represent\u00f3 para ella mientras luchaba por mantener su empresa, luego de que en lo personal quedara devastada f\u00edsica, emocional y financieramente cuando una hija enferm\u00f3 de c\u00e1ncer y falleci\u00f3.<\/p>\n<p><em>\u201cLa verdad es que esta administraci\u00f3n ha logrado ya colocar cerca de 5 millones de pesos beneficiando a 287 personas que como Mery, lo \u00fanico que necesitaban era una mano amiga\u201d,<\/em> expres\u00f3 la Presidenta Municipal.<\/p>\n<p>Destac\u00f3 que el respaldo econ\u00f3mico del Fondo para el Empleo Productivo es paralelo a la capacitaci\u00f3n y desarrollo de habilidades que los beneficiados obtienen, lo que les significa un mejor conocimiento del negocio, del manejo de sus finanzas, atenci\u00f3n a proveedores y cumplimiento de obligaciones fiscales.<\/p>\n<p><em>\u201cSon una serie de conocimientos y habilidades que a ella le est\u00e1n permitiendo que este negocio salga adelante, ella saca adelante a su familia, porque es una madre jefa de familia adem\u00e1s\u201d,<\/em> asever\u00f3.<\/p>\n<p>&nbsp;<\/p>\n<p>(Fecha de publicaci\u00f3n 14032018)<\/p>\n","protected":false},"excerpt":{"rendered":"<p>HERMOSILLO, SONORA. MX. \u2014 La Presidenta Municipal, Angelina Mu\u00f1oz Fern\u00e1ndez constat\u00f3 el impacto que un&#8230;<\/p>\n","protected":false},"author":1,"featured_media":33553,"comment_status":"open","ping_status":"open","sticky":false,"template":"","format":"standard","meta":{"_monsterinsights_skip_tracking":false,"_monsterinsights_sitenote_active":false,"_monsterinsights_sitenote_note":"","_monsterinsights_sitenote_category":0,"footnotes":""},"categories":[4,1],"tags":[],"class_list":["post"],"yoast_head":" \n<title>Sonora en Equipo. Entrega Presidenta Municipal certificado de microcr\u00e9dito a emprendedora local Sin categorizar<\/title>\n<meta name=\"description\" content=\"HERMOSILLO, SONORA. MX. \u2014 La Presidenta Municipal, Angelina Mu\u00f1oz Fern\u00e1ndez constat\u00f3 el impacto que un cr\u00e9dito del Fondo para el Empleo Productivo produjo En Sonora en Equipo publicamos toda la informaci\u00f3n de Sonora, M\u00e9xico y el Mundo de manera oportuna y busca que la libertad de expresi\u00f3n sea real. Visita nuestro medio informativo publicado desde Hermosillo, Sonora. %\" \/>\n<meta name=\"robots\" content=\"index, follow, max-snippet:-1, max-image-preview:large, max-video-preview:-1\" \/>\n<link rel=\"canonical\" href=\"https:\/\/www.sonoraenequipo.com.mx\/entrega-presidenta-municipal-certificado-microcredito-emprendedora-local\/\" \/>\n<meta property=\"og:locale\" content=\"es_ES\" \/>\n<meta property=\"og:type\" content=\"article\" \/>\n<meta property=\"og:title\" content=\"Sonora en Equipo. Entrega Presidenta Municipal certificado de microcr\u00e9dito a emprendedora local Sin categorizar\" \/>\n<meta property=\"og:description\" content=\"HERMOSILLO, SONORA. MX. \u2014 La Presidenta Municipal, Angelina Mu\u00f1oz Fern\u00e1ndez constat\u00f3 el impacto que un cr\u00e9dito del Fondo para el Empleo Productivo produjo En Sonora en Equipo publicamos toda la informaci\u00f3n de Sonora, M\u00e9xico y el Mundo de manera oportuna y busca que la libertad de expresi\u00f3n sea real. Visita nuestro medio informativo publicado desde Hermosillo, Sonora. %\" \/>\n<meta property=\"og:url\" content=\"https:\/\/www.sonoraenequipo.com.mx\/entrega-presidenta-municipal-certificado-microcredito-emprendedora-local\/\" \/>\n<meta property=\"og:site_name\" content=\"Sonora en Equipo.\" \/>\n<meta property=\"article:publisher\" content=\"https:\/\/www.facebook.com\/SonoraEE\/\" \/>\n<meta property=\"article:author\" content=\"https:\/\/www.facebook.com\/SonoraEE\" \/>\n<meta property=\"article:published_time\" content=\"2018-03-15T00:50:10+00:00\" \/>\n<meta property=\"article:modified_time\" content=\"2018-03-15T03:19:48+00:00\" \/>\n<meta property=\"og:image\" content=\"https:\/\/www.sonoraenequipo.com.mx\/storage\/2018\/03\/microcredito16518_opt.jpg\" \/>\n\t<meta property=\"og:image:width\" content=\"465\" \/>\n\t<meta property=\"og:image:height\" content=\"312\" \/>\n\t<meta property=\"og:image:type\" content=\"image\/jpeg\" \/>\n<meta name=\"author\" content=\"enequipo\" \/>\n<meta name=\"twitter:card\" content=\"summary_large_image\" \/>\n<meta name=\"twitter:creator\" content=\"@sonoraenequipo\" \/>\n<meta name=\"twitter:site\" content=\"@sonoraenequipo\" \/>\n<meta name=\"twitter:label1\" content=\"Escrito por\" \/>\n\t<meta name=\"twitter:data1\" content=\"enequipo\" \/>\n\t<meta name=\"twitter:label2\" content=\"Tiempo de lectura\" \/>\n\t<meta name=\"twitter:data2\" content=\"2 minutos\" \/>\n<script type=\"application\/ld+json\" class=\"yoast-schema-graph\">{\"@context\":\"https:\/\/schema.org\",\"@graph\":[{\"@type\":\"Article\",\"@id\":\"https:\/\/www.sonoraenequipo.com.mx\/entrega-presidenta-municipal-certificado-microcredito-emprendedora-local\/#article\",\"isPartOf\":{\"@id\":\"https:\/\/www.sonoraenequipo.com.mx\/entrega-presidenta-municipal-certificado-microcredito-emprendedora-local\/\"},\"author\":{\"name\":\"enequipo\",\"@id\":\"https:\/\/www.sonoraenequipo.com.mx\/#\/schema\/person\/50102df0fb23a8fa9e8effad8fa81386\"},\"headline\":\"Entrega Presidenta Municipal certificado de microcr\u00e9dito a emprendedora local\",\"datePublished\":\"2018-03-15T00:50:10+00:00\",\"dateModified\":\"2018-03-15T03:19:48+00:00\",\"mainEntityOfPage\":{\"@id\":\"https:\/\/www.sonoraenequipo.com.mx\/entrega-presidenta-municipal-certificado-microcredito-emprendedora-local\/\"},\"wordCount\":337,\"commentCount\":0,\"publisher\":{\"@id\":\"https:\/\/www.sonoraenequipo.com.mx\/#organization\"},\"image\":{\"@id\":\"https:\/\/www.sonoraenequipo.com.mx\/entrega-presidenta-municipal-certificado-microcredito-emprendedora-local\/#primaryimage\"},\"thumbnailUrl\":\"https:\/\/www.sonoraenequipo.com.mx\/storage\/2018\/03\/microcredito16518_opt.jpg\",\"articleSection\":[\"Municipios\",\"Sin categorizar\"],\"inLanguage\":\"es\",\"potentialAction\":[{\"@type\":\"CommentAction\",\"name\":\"Comment\",\"target\":[\"https:\/\/www.sonoraenequipo.com.mx\/entrega-presidenta-municipal-certificado-microcredito-emprendedora-local\/#respond\"]}]},{\"@type\":\"WebPage\",\"@id\":\"https:\/\/www.sonoraenequipo.com.mx\/entrega-presidenta-municipal-certificado-microcredito-emprendedora-local\/\",\"url\":\"https:\/\/www.sonoraenequipo.com.mx\/entrega-presidenta-municipal-certificado-microcredito-emprendedora-local\/\",\"name\":\"Sonora en Equipo. Entrega Presidenta Municipal certificado de microcr\u00e9dito a emprendedora local Sin categorizar\",\"isPartOf\":{\"@id\":\"https:\/\/www.sonoraenequipo.com.mx\/#website\"},\"primaryImageOfPage\":{\"@id\":\"https:\/\/www.sonoraenequipo.com.mx\/entrega-presidenta-municipal-certificado-microcredito-emprendedora-local\/#primaryimage\"},\"image\":{\"@id\":\"https:\/\/www.sonoraenequipo.com.mx\/entrega-presidenta-municipal-certificado-microcredito-emprendedora-local\/#primaryimage\"},\"thumbnailUrl\":\"https:\/\/www.sonoraenequipo.com.mx\/storage\/2018\/03\/microcredito16518_opt.jpg\",\"datePublished\":\"2018-03-15T00:50:10+00:00\",\"dateModified\":\"2018-03-15T03:19:48+00:00\",\"description\":\"HERMOSILLO, SONORA. MX. \u2014 La Presidenta Municipal, Angelina Mu\u00f1oz Fern\u00e1ndez constat\u00f3 el impacto que un cr\u00e9dito del Fondo para el Empleo Productivo produjo En Sonora en Equipo publicamos toda la informaci\u00f3n de Sonora, M\u00e9xico y el Mundo de manera oportuna y busca que la libertad de expresi\u00f3n sea real. Visita nuestro medio informativo publicado desde Hermosillo, Sonora. %\",\"breadcrumb\":{\"@id\":\"https:\/\/www.sonoraenequipo.com.mx\/entrega-presidenta-municipal-certificado-microcredito-emprendedora-local\/#breadcrumb\"},\"inLanguage\":\"es\",\"potentialAction\":[{\"@type\":\"ReadAction\",\"target\":[\"https:\/\/www.sonoraenequipo.com.mx\/entrega-presidenta-municipal-certificado-microcredito-emprendedora-local\/\"]}]},{\"@type\":\"ImageObject\",\"inLanguage\":\"es\",\"@id\":\"https:\/\/www.sonoraenequipo.com.mx\/entrega-presidenta-municipal-certificado-microcredito-emprendedora-local\/#primaryimage\",\"url\":\"https:\/\/www.sonoraenequipo.com.mx\/storage\/2018\/03\/microcredito16518_opt.jpg\",\"contentUrl\":\"https:\/\/www.sonoraenequipo.com.mx\/storage\/2018\/03\/microcredito16518_opt.jpg\",\"width\":465,\"height\":312},{\"@type\":\"BreadcrumbList\",\"@id\":\"https:\/\/www.sonoraenequipo.com.mx\/entrega-presidenta-municipal-certificado-microcredito-emprendedora-local\/#breadcrumb\",\"itemListElement\":[{\"@type\":\"ListItem\",\"position\":1,\"name\":\"Portada\",\"item\":\"https:\/\/www.sonoraenequipo.com.mx\/\"},{\"@type\":\"ListItem\",\"position\":2,\"name\":\"Entrega Presidenta Municipal certificado de microcr\u00e9dito a emprendedora local\"}]},{\"@type\":\"WebSite\",\"@id\":\"https:\/\/www.sonoraenequipo.com.mx\/#website\",\"url\":\"https:\/\/www.sonoraenequipo.com.mx\/\",\"name\":\"Sonora en Equipo.\",\"description\":\"Diario en l\u00ednea con Noticias desde Hermosillo, Sonora\",\"publisher\":{\"@id\":\"https:\/\/www.sonoraenequipo.com.mx\/#organization\"},\"potentialAction\":[{\"@type\":\"SearchAction\",\"target\":{\"@type\":\"EntryPoint\",\"urlTemplate\":\"https:\/\/www.sonoraenequipo.com.mx\/?s={search_term_string}\"},\"query-input\":{\"@type\":\"PropertyValueSpecification\",\"valueRequired\":true,\"valueName\":\"search_term_string\"}}],\"inLanguage\":\"es\"},{\"@type\":\"Organization\",\"@id\":\"https:\/\/www.sonoraenequipo.com.mx\/#organization\",\"name\":\"Sonoraenequipo.com.mx\",\"url\":\"https:\/\/www.sonoraenequipo.com.mx\/\",\"logo\":{\"@type\":\"ImageObject\",\"inLanguage\":\"es\",\"@id\":\"https:\/\/www.sonoraenequipo.com.mx\/#\/schema\/logo\/image\/\",\"url\":\"https:\/\/www.sonoraenequipo.com.mx\/storage\/2019\/01\/sonoraenequipo_opt.png\",\"contentUrl\":\"https:\/\/www.sonoraenequipo.com.mx\/storage\/2019\/01\/sonoraenequipo_opt.png\",\"width\":375,\"height\":125,\"caption\":\"Sonoraenequipo.com.mx\"},\"image\":{\"@id\":\"https:\/\/www.sonoraenequipo.com.mx\/#\/schema\/logo\/image\/\"},\"sameAs\":[\"https:\/\/www.facebook.com\/SonoraEE\/\",\"https:\/\/x.com\/sonoraenequipo\",\"https:\/\/www.youtube.com\/channel\/UC338nW-lPEYmJQs4ZABQ1SQ\"]},{\"@type\":\"Person\",\"@id\":\"https:\/\/www.sonoraenequipo.com.mx\/#\/schema\/person\/50102df0fb23a8fa9e8effad8fa81386\",\"name\":\"enequipo\",\"image\":{\"@type\":\"ImageObject\",\"inLanguage\":\"es\",\"@id\":\"https:\/\/www.sonoraenequipo.com.mx\/#\/schema\/person\/image\/\",\"url\":\"https:\/\/secure.gravatar.com\/avatar\/049821681b589dabc0bc20695993ccebb09f5b5d4d790cd9251b97faac7c652b?s=96&d=blank&r=g\",\"contentUrl\":\"https:\/\/secure.gravatar.com\/avatar\/049821681b589dabc0bc20695993ccebb09f5b5d4d790cd9251b97faac7c652b?s=96&d=blank&r=g\",\"caption\":\"enequipo\"},\"sameAs\":[\"https:\/\/www.facebook.com\/SonoraEE\"]}]}<\/script>\n ","yoast_head_json":{"title":"Sonora en Equipo. Entrega Presidenta Municipal certificado de microcr\u00e9dito a emprendedora local Sin categorizar","description":"HERMOSILLO, SONORA. MX. \u2014 La Presidenta Municipal, Angelina Mu\u00f1oz Fern\u00e1ndez constat\u00f3 el impacto que un cr\u00e9dito del Fondo para el Empleo Productivo produjo En Sonora en Equipo publicamos toda la informaci\u00f3n de Sonora, M\u00e9xico y el Mundo de manera oportuna y busca que la libertad de expresi\u00f3n sea real. Visita nuestro medio informativo publicado desde Hermosillo, Sonora. %","robots":{"index":"index","follow":"follow","max-snippet":"max-snippet:-1","max-image-preview":"max-image-preview:large","max-video-preview":"max-video-preview:-1"},"canonical":"https:\/\/www.sonoraenequipo.com.mx\/entrega-presidenta-municipal-certificado-microcredito-emprendedora-local\/","og_locale":"es_ES","og_type":"article","og_title":"Sonora en Equipo. Entrega Presidenta Municipal certificado de microcr\u00e9dito a emprendedora local Sin categorizar","og_description":"HERMOSILLO, SONORA. MX. \u2014 La Presidenta Municipal, Angelina Mu\u00f1oz Fern\u00e1ndez constat\u00f3 el impacto que un cr\u00e9dito del Fondo para el Empleo Productivo produjo En Sonora en Equipo publicamos toda la informaci\u00f3n de Sonora, M\u00e9xico y el Mundo de manera oportuna y busca que la libertad de expresi\u00f3n sea real. Visita nuestro medio informativo publicado desde Hermosillo, Sonora. %","og_url":"https:\/\/www.sonoraenequipo.com.mx\/entrega-presidenta-municipal-certificado-microcredito-emprendedora-local\/","og_site_name":"Sonora en Equipo.","article_publisher":"https:\/\/www.facebook.com\/SonoraEE\/","article_author":"https:\/\/www.facebook.com\/SonoraEE","article_published_time":"2018-03-15T00:50:10+00:00","article_modified_time":"2018-03-15T03:19:48+00:00","og_image":[{"width":465,"height":312,"url":"https:\/\/www.sonoraenequipo.com.mx\/storage\/2018\/03\/microcredito16518_opt.jpg","type":"image\/jpeg"}],"author":"enequipo","twitter_card":"summary_large_image","twitter_creator":"@sonoraenequipo","twitter_site":"@sonoraenequipo","twitter_misc":{"Escrito por":"enequipo","Tiempo de lectura":"2 minutos"},"schema":{"@context":"https:\/\/schema.org","@graph":[{"@type":"Article","@id":"https:\/\/www.sonoraenequipo.com.mx\/entrega-presidenta-municipal-certificado-microcredito-emprendedora-local\/#article","isPartOf":{"@id":"https:\/\/www.sonoraenequipo.com.mx\/entrega-presidenta-municipal-certificado-microcredito-emprendedora-local\/"},"author":{"name":"enequipo","@id":"https:\/\/www.sonoraenequipo.com.mx\/#\/schema\/person\/50102df0fb23a8fa9e8effad8fa81386"},"headline":"Entrega Presidenta Municipal certificado de microcr\u00e9dito a emprendedora local","datePublished":"2018-03-15T00:50:10+00:00","dateModified":"2018-03-15T03:19:48+00:00","mainEntityOfPage":{"@id":"https:\/\/www.sonoraenequipo.com.mx\/entrega-presidenta-municipal-certificado-microcredito-emprendedora-local\/"},"wordCount":337,"commentCount":0,"publisher":{"@id":"https:\/\/www.sonoraenequipo.com.mx\/#organization"},"image":{"@id":"https:\/\/www.sonoraenequipo.com.mx\/entrega-presidenta-municipal-certificado-microcredito-emprendedora-local\/#primaryimage"},"thumbnailUrl":"https:\/\/www.sonoraenequipo.com.mx\/storage\/2018\/03\/microcredito16518_opt.jpg","articleSection":["Municipios","Sin categorizar"],"inLanguage":"es","potentialAction":[{"@type":"CommentAction","name":"Comment","target":["https:\/\/www.sonoraenequipo.com.mx\/entrega-presidenta-municipal-certificado-microcredito-emprendedora-local\/#respond"]}]},{"@type":"WebPage","@id":"https:\/\/www.sonoraenequipo.com.mx\/entrega-presidenta-municipal-certificado-microcredito-emprendedora-local\/","url":"https:\/\/www.sonoraenequipo.com.mx\/entrega-presidenta-municipal-certificado-microcredito-emprendedora-local\/","name":"Sonora en Equipo. Entrega Presidenta Municipal certificado de microcr\u00e9dito a emprendedora local Sin categorizar","isPartOf":{"@id":"https:\/\/www.sonoraenequipo.com.mx\/#website"},"primaryImageOfPage":{"@id":"https:\/\/www.sonoraenequipo.com.mx\/entrega-presidenta-municipal-certificado-microcredito-emprendedora-local\/#primaryimage"},"image":{"@id":"https:\/\/www.sonoraenequipo.com.mx\/entrega-presidenta-municipal-certificado-microcredito-emprendedora-local\/#primaryimage"},"thumbnailUrl":"https:\/\/www.sonoraenequipo.com.mx\/storage\/2018\/03\/microcredito16518_opt.jpg","datePublished":"2018-03-15T00:50:10+00:00","dateModified":"2018-03-15T03:19:48+00:00","description":"HERMOSILLO, SONORA. MX. \u2014 La Presidenta Municipal, Angelina Mu\u00f1oz Fern\u00e1ndez constat\u00f3 el impacto que un cr\u00e9dito del Fondo para el Empleo Productivo produjo En Sonora en Equipo publicamos toda la informaci\u00f3n de Sonora, M\u00e9xico y el Mundo de manera oportuna y busca que la libertad de expresi\u00f3n sea real. Visita nuestro medio informativo publicado desde Hermosillo, Sonora. %","breadcrumb":{"@id":"https:\/\/www.sonoraenequipo.com.mx\/entrega-presidenta-municipal-certificado-microcredito-emprendedora-local\/#breadcrumb"},"inLanguage":"es","potentialAction":[{"@type":"ReadAction","target":["https:\/\/www.sonoraenequipo.com.mx\/entrega-presidenta-municipal-certificado-microcredito-emprendedora-local\/"]}]},{"@type":"ImageObject","inLanguage":"es","@id":"https:\/\/www.sonoraenequipo.com.mx\/entrega-presidenta-municipal-certificado-microcredito-emprendedora-local\/#primaryimage","url":"https:\/\/www.sonoraenequipo.com.mx\/storage\/2018\/03\/microcredito16518_opt.jpg","contentUrl":"https:\/\/www.sonoraenequipo.com.mx\/storage\/2018\/03\/microcredito16518_opt.jpg","width":465,"height":312},{"@type":"BreadcrumbList","@id":"https:\/\/www.sonoraenequipo.com.mx\/entrega-presidenta-municipal-certificado-microcredito-emprendedora-local\/#breadcrumb","itemListElement":[{"@type":"ListItem","position":1,"name":"Portada","item":"https:\/\/www.sonoraenequipo.com.mx\/"},{"@type":"ListItem","position":2,"name":"Entrega Presidenta Municipal certificado de microcr\u00e9dito a emprendedora local"}]},{"@type":"WebSite","@id":"https:\/\/www.sonoraenequipo.com.mx\/#website","url":"https:\/\/www.sonoraenequipo.com.mx\/","name":"Sonora en Equipo.","description":"Diario en l\u00ednea con Noticias desde Hermosillo, Sonora","publisher":{"@id":"https:\/\/www.sonoraenequipo.com.mx\/#organization"},"potentialAction":[{"@type":"SearchAction","target":{"@type":"EntryPoint","urlTemplate":"https:\/\/www.sonoraenequipo.com.mx\/?s={search_term_string}"},"query-input":{"@type":"PropertyValueSpecification","valueRequired":true,"valueName":"search_term_string"}}],"inLanguage":"es"},{"@type":"Organization","@id":"https:\/\/www.sonoraenequipo.com.mx\/#organization","name":"Sonoraenequipo.com.mx","url":"https:\/\/www.sonoraenequipo.com.mx\/","logo":{"@type":"ImageObject","inLanguage":"es","@id":"https:\/\/www.sonoraenequipo.com.mx\/#\/schema\/logo\/image\/","url":"https:\/\/www.sonoraenequipo.com.mx\/storage\/2019\/01\/sonoraenequipo_opt.png","contentUrl":"https:\/\/www.sonoraenequipo.com.mx\/storage\/2019\/01\/sonoraenequipo_opt.png","width":375,"height":125,"caption":"Sonoraenequipo.com.mx"},"image":{"@id":"https:\/\/www.sonoraenequipo.com.mx\/#\/schema\/logo\/image\/"},"sameAs":["https:\/\/www.facebook.com\/SonoraEE\/","https:\/\/x.com\/sonoraenequipo","https:\/\/www.youtube.com\/channel\/UC338nW-lPEYmJQs4ZABQ1SQ"]},{"@type":"Person","@id":"https:\/\/www.sonoraenequipo.com.mx\/#\/schema\/person\/50102df0fb23a8fa9e8effad8fa81386","name":"enequipo","image":{"@type":"ImageObject","inLanguage":"es","@id":"https:\/\/www.sonoraenequipo.com.mx\/#\/schema\/person\/image\/","url":"https:\/\/secure.gravatar.com\/avatar\/049821681b589dabc0bc20695993ccebb09f5b5d4d790cd9251b97faac7c652b?s=96&d=blank&r=g","contentUrl":"https:\/\/secure.gravatar.com\/avatar\/049821681b589dabc0bc20695993ccebb09f5b5d4d790cd9251b97faac7c652b?s=96&d=blank&r=g","caption":"enequipo"},"sameAs":["https:\/\/www.facebook.com\/SonoraEE"]}]}},"jetpack_featured_media_url":"https:\/\/www.sonoraenequipo.com.mx\/storage\/2018\/03\/microcredito16518_opt.jpg","_links":{"self":[{"href":"https:\/\/www.sonoraenequipo.com.mx\/api\/wp\/v2\/posts\/33579","targetHints":{"allow":["GET"]}}],"collection":[{"href":"https:\/\/www.sonoraenequipo.com.mx\/api\/wp\/v2\/posts"}],"about":[{"href":"https:\/\/www.sonoraenequipo.com.mx\/api\/wp\/v2\/types\/post"}],"author":[{"embeddable":true,"href":"https:\/\/www.sonoraenequipo.com.mx\/api\/wp\/v2\/users\/1"}],"replies":[{"embeddable":true,"href":"https:\/\/www.sonoraenequipo.com.mx\/api\/wp\/v2\/comments?post=33579"}],"version-history":[{"count":0,"href":"https:\/\/www.sonoraenequipo.com.mx\/api\/wp\/v2\/posts\/33579\/revisions"}],"wp:featuredmedia":[{"embeddable":true,"href":"https:\/\/www.sonoraenequipo.com.mx\/api\/wp\/v2\/media\/33553"}],"wp:attachment":[{"href":"https:\/\/www.sonoraenequipo.com.mx\/api\/wp\/v2\/media?parent=33579"}],"wp:term":[{"taxonomy":"category","embeddable":true,"href":"https:\/\/www.sonoraenequipo.com.mx\/api\/wp\/v2\/categories?post=33579"},{"taxonomy":"post_tag","embeddable":true,"href":"https:\/\/www.sonoraenequipo.com.mx\/api\/wp\/v2\/tags?post=33579"}],"curies":[{"name":"wp","href":"https:\/\/api.w.org\/{rel}","templated":true}]}}