{"id":33581,"date":"2018-03-14T18:00:10","date_gmt":"2018-03-15T01:00:10","guid":{"rendered":"http:\/\/www.sonoraenequipo.com.mx\/?p=33581"},"modified":"2018-03-14T20:22:27","modified_gmt":"2018-03-15T03:22:27","slug":"aplicaran-sonora-proyecto-piloto-siembra-super-sorgo","status":"publish","type":"post","link":"https:\/\/www.sonoraenequipo.com.mx\/aplicaran-sonora-proyecto-piloto-siembra-super-sorgo\/","title":{"rendered":"Aplicar\u00e1n en Sonora proyecto piloto de siembra de S\u00faper Sorgo"},"content":{"rendered":"<p>HERMOSILLO, SONORA. MX. \u2014 Ganaderos de Sonora pondr\u00e1n en marcha el plan piloto de siembra de S\u00faper Sorgo, al considerarlo un cultivo forrajero de alto rendimiento y una alternativa de alimento para el ganado, inform\u00f3 Julio C\u00e9sar Corona Valenzuela.<\/p>\n<p> <\/p>\n<p>El Titular de la Secretar\u00eda de Agricultura, Ganader\u00eda, Recursos Hidr\u00e1ulicos, Pesca y Acuacultura (Sagarhpa), acompa\u00f1ado de Jorge Guzm\u00e1n Nieves, delegado de Sagarpa en Sonora, presenci\u00f3 la exposici\u00f3n de este proyecto.<\/p>\n<p>Representantes de la compa\u00f1\u00eda japonesa North Note Co.LTD., encabezados por el se\u00f1or Tsuyoshi Tokunaga, dieron a conocer los detalles del producto a ambos funcionarios y H\u00e9ctor Platt Mart\u00ednez, Presidente de la Uni\u00f3n Ganadera Regional de Sonora (UGRS).<\/p>\n<p>Es un cultivo que alcanza 250 toneladas por producci\u00f3n, adem\u00e1s de una alta resistencia a suelos salinos, es un h\u00edbrido altamente productivo, representa una reducci\u00f3n del costo en la alimentaci\u00f3n del ganado, requiere menor consumo de agua y mejora suelos degradados.<\/p>\n<p><em>\u201cEste tipo de proyectos est\u00e1n dados para implementarse en la entidad, ya que las condiciones son \u00f3ptimas y necesarias para que el S\u00faper Sorgo se d\u00e9, pues donde crece la producci\u00f3n de alimentos, hay crecimiento de la Ganader\u00eda\u201d,<\/em> expres\u00f3 Corona Valenzuela.<\/p>\n<p>Por su parte, el delegado de Sagarpa en Sonora, Jorge Guzm\u00e1n Nieves, indic\u00f3 que este programa piloto representa una reducci\u00f3n de hasta el 60 por ciento del costo del alimento para el ganado, debido a la alta productividad del nuevo cultivo.<\/p>\n<p>Esta variedad de sorgo, puede consumirse en verde o ensilado por el ganado, y representa acciones concretas para combatir la falta de alimento en temporadas claves.<\/p>\n<p>Platt Mart\u00ednez indic\u00f3 que el proyecto, que se aplicar\u00e1 con el apoyo de la UGRS, sus asociaciones locales, contempla una superficie de mil hect\u00e1reas.<\/p>\n<p><em>\u201cSer\u00e1 sin duda de enorme beneficio, pues uno de los principales problemas a los que nos enfrentamos a\u00f1o con a\u00f1o, es la falta de alimento suficiente para el ganado, de tal manera que el adoptar este tipo de tecnolog\u00eda, hace m\u00e1s productivo al sector ganadero\u201d,<\/em> apunt\u00f3.<\/p>\n<p>Presentes, Jes\u00fas Arroyo Garc\u00eda, Director General de Fibras Naturales y Biocombustibles, funcionarios estatales y federales de Sagarpha y Sagarpa, respectivamente, y miembros de la compa\u00f1\u00eda North Note Co.LTD.<\/p>\n<p>(Fecha de publicaci\u00f3n 14032018)<\/p>\n","protected":false},"excerpt":{"rendered":"<p>HERMOSILLO, SONORA. MX. \u2014 Ganaderos de Sonora pondr\u00e1n en marcha el plan piloto de siembra&#8230;<\/p>\n","protected":false},"author":1,"featured_media":33554,"comment_status":"open","ping_status":"open","sticky":false,"template":"","format":"standard","meta":{"_monsterinsights_skip_tracking":false,"_monsterinsights_sitenote_active":false,"_monsterinsights_sitenote_note":"","_monsterinsights_sitenote_category":0,"footnotes":""},"categories":[13,22],"tags":[],"class_list":["post"],"yoast_head":" \n<title>Sonora en Equipo. Aplicar\u00e1n en Sonora proyecto piloto de siembra de S\u00faper Sorgo Destacadas<\/title>\n<meta name=\"description\" content=\"HERMOSILLO, SONORA. MX. \u2014 Ganaderos de Sonora pondr\u00e1n en marcha el plan piloto de siembra de S\u00faper Sorgo, al considerarlo un cultivo forrajero de alto En Sonora en Equipo publicamos toda la informaci\u00f3n de Sonora, M\u00e9xico y el Mundo de manera oportuna y busca que la libertad de expresi\u00f3n sea real. Visita nuestro medio informativo publicado desde Hermosillo, Sonora. %\" \/>\n<meta name=\"robots\" content=\"index, follow, max-snippet:-1, max-image-preview:large, max-video-preview:-1\" \/>\n<link rel=\"canonical\" href=\"https:\/\/www.sonoraenequipo.com.mx\/aplicaran-sonora-proyecto-piloto-siembra-super-sorgo\/\" \/>\n<meta property=\"og:locale\" content=\"es_ES\" \/>\n<meta property=\"og:type\" content=\"article\" \/>\n<meta property=\"og:title\" content=\"Sonora en Equipo. Aplicar\u00e1n en Sonora proyecto piloto de siembra de S\u00faper Sorgo Destacadas\" \/>\n<meta property=\"og:description\" content=\"HERMOSILLO, SONORA. MX. \u2014 Ganaderos de Sonora pondr\u00e1n en marcha el plan piloto de siembra de S\u00faper Sorgo, al considerarlo un cultivo forrajero de alto En Sonora en Equipo publicamos toda la informaci\u00f3n de Sonora, M\u00e9xico y el Mundo de manera oportuna y busca que la libertad de expresi\u00f3n sea real. Visita nuestro medio informativo publicado desde Hermosillo, Sonora. %\" \/>\n<meta property=\"og:url\" content=\"https:\/\/www.sonoraenequipo.com.mx\/aplicaran-sonora-proyecto-piloto-siembra-super-sorgo\/\" \/>\n<meta property=\"og:site_name\" content=\"Sonora en Equipo.\" \/>\n<meta property=\"article:publisher\" content=\"https:\/\/www.facebook.com\/SonoraEE\/\" \/>\n<meta property=\"article:author\" content=\"https:\/\/www.facebook.com\/SonoraEE\" \/>\n<meta property=\"article:published_time\" content=\"2018-03-15T01:00:10+00:00\" \/>\n<meta property=\"article:modified_time\" content=\"2018-03-15T03:22:27+00:00\" \/>\n<meta property=\"og:image\" content=\"https:\/\/www.sonoraenequipo.com.mx\/storage\/2018\/03\/proyectopiloto_opt.jpg\" \/>\n\t<meta property=\"og:image:width\" content=\"468\" \/>\n\t<meta property=\"og:image:height\" content=\"312\" \/>\n\t<meta property=\"og:image:type\" content=\"image\/jpeg\" \/>\n<meta name=\"author\" content=\"enequipo\" \/>\n<meta name=\"twitter:card\" content=\"summary_large_image\" \/>\n<meta name=\"twitter:creator\" content=\"@sonoraenequipo\" \/>\n<meta name=\"twitter:site\" content=\"@sonoraenequipo\" \/>\n<meta name=\"twitter:label1\" content=\"Escrito por\" \/>\n\t<meta name=\"twitter:data1\" content=\"enequipo\" \/>\n\t<meta name=\"twitter:label2\" content=\"Tiempo de lectura\" \/>\n\t<meta name=\"twitter:data2\" content=\"2 minutos\" \/>\n<script type=\"application\/ld+json\" class=\"yoast-schema-graph\">{\"@context\":\"https:\/\/schema.org\",\"@graph\":[{\"@type\":\"Article\",\"@id\":\"https:\/\/www.sonoraenequipo.com.mx\/aplicaran-sonora-proyecto-piloto-siembra-super-sorgo\/#article\",\"isPartOf\":{\"@id\":\"https:\/\/www.sonoraenequipo.com.mx\/aplicaran-sonora-proyecto-piloto-siembra-super-sorgo\/\"},\"author\":{\"name\":\"enequipo\",\"@id\":\"https:\/\/www.sonoraenequipo.com.mx\/#\/schema\/person\/50102df0fb23a8fa9e8effad8fa81386\"},\"headline\":\"Aplicar\u00e1n en Sonora proyecto piloto de siembra de S\u00faper Sorgo\",\"datePublished\":\"2018-03-15T01:00:10+00:00\",\"dateModified\":\"2018-03-15T03:22:27+00:00\",\"mainEntityOfPage\":{\"@id\":\"https:\/\/www.sonoraenequipo.com.mx\/aplicaran-sonora-proyecto-piloto-siembra-super-sorgo\/\"},\"wordCount\":402,\"commentCount\":0,\"publisher\":{\"@id\":\"https:\/\/www.sonoraenequipo.com.mx\/#organization\"},\"image\":{\"@id\":\"https:\/\/www.sonoraenequipo.com.mx\/aplicaran-sonora-proyecto-piloto-siembra-super-sorgo\/#primaryimage\"},\"thumbnailUrl\":\"https:\/\/www.sonoraenequipo.com.mx\/storage\/2018\/03\/proyectopiloto_opt.jpg\",\"articleSection\":[\"Destacadas\",\"Sonora\"],\"inLanguage\":\"es\",\"potentialAction\":[{\"@type\":\"CommentAction\",\"name\":\"Comment\",\"target\":[\"https:\/\/www.sonoraenequipo.com.mx\/aplicaran-sonora-proyecto-piloto-siembra-super-sorgo\/#respond\"]}]},{\"@type\":\"WebPage\",\"@id\":\"https:\/\/www.sonoraenequipo.com.mx\/aplicaran-sonora-proyecto-piloto-siembra-super-sorgo\/\",\"url\":\"https:\/\/www.sonoraenequipo.com.mx\/aplicaran-sonora-proyecto-piloto-siembra-super-sorgo\/\",\"name\":\"Sonora en Equipo. Aplicar\u00e1n en Sonora proyecto piloto de siembra de S\u00faper Sorgo Destacadas\",\"isPartOf\":{\"@id\":\"https:\/\/www.sonoraenequipo.com.mx\/#website\"},\"primaryImageOfPage\":{\"@id\":\"https:\/\/www.sonoraenequipo.com.mx\/aplicaran-sonora-proyecto-piloto-siembra-super-sorgo\/#primaryimage\"},\"image\":{\"@id\":\"https:\/\/www.sonoraenequipo.com.mx\/aplicaran-sonora-proyecto-piloto-siembra-super-sorgo\/#primaryimage\"},\"thumbnailUrl\":\"https:\/\/www.sonoraenequipo.com.mx\/storage\/2018\/03\/proyectopiloto_opt.jpg\",\"datePublished\":\"2018-03-15T01:00:10+00:00\",\"dateModified\":\"2018-03-15T03:22:27+00:00\",\"description\":\"HERMOSILLO, SONORA. MX. \u2014 Ganaderos de Sonora pondr\u00e1n en marcha el plan piloto de siembra de S\u00faper Sorgo, al considerarlo un cultivo forrajero de alto En Sonora en Equipo publicamos toda la informaci\u00f3n de Sonora, M\u00e9xico y el Mundo de manera oportuna y busca que la libertad de expresi\u00f3n sea real. Visita nuestro medio informativo publicado desde Hermosillo, Sonora. %\",\"breadcrumb\":{\"@id\":\"https:\/\/www.sonoraenequipo.com.mx\/aplicaran-sonora-proyecto-piloto-siembra-super-sorgo\/#breadcrumb\"},\"inLanguage\":\"es\",\"potentialAction\":[{\"@type\":\"ReadAction\",\"target\":[\"https:\/\/www.sonoraenequipo.com.mx\/aplicaran-sonora-proyecto-piloto-siembra-super-sorgo\/\"]}]},{\"@type\":\"ImageObject\",\"inLanguage\":\"es\",\"@id\":\"https:\/\/www.sonoraenequipo.com.mx\/aplicaran-sonora-proyecto-piloto-siembra-super-sorgo\/#primaryimage\",\"url\":\"https:\/\/www.sonoraenequipo.com.mx\/storage\/2018\/03\/proyectopiloto_opt.jpg\",\"contentUrl\":\"https:\/\/www.sonoraenequipo.com.mx\/storage\/2018\/03\/proyectopiloto_opt.jpg\",\"width\":468,\"height\":312},{\"@type\":\"BreadcrumbList\",\"@id\":\"https:\/\/www.sonoraenequipo.com.mx\/aplicaran-sonora-proyecto-piloto-siembra-super-sorgo\/#breadcrumb\",\"itemListElement\":[{\"@type\":\"ListItem\",\"position\":1,\"name\":\"Portada\",\"item\":\"https:\/\/www.sonoraenequipo.com.mx\/\"},{\"@type\":\"ListItem\",\"position\":2,\"name\":\"Aplicar\u00e1n en Sonora proyecto piloto de siembra de S\u00faper Sorgo\"}]},{\"@type\":\"WebSite\",\"@id\":\"https:\/\/www.sonoraenequipo.com.mx\/#website\",\"url\":\"https:\/\/www.sonoraenequipo.com.mx\/\",\"name\":\"Sonora en Equipo.\",\"description\":\"Diario en l\u00ednea con Noticias desde Hermosillo, Sonora\",\"publisher\":{\"@id\":\"https:\/\/www.sonoraenequipo.com.mx\/#organization\"},\"potentialAction\":[{\"@type\":\"SearchAction\",\"target\":{\"@type\":\"EntryPoint\",\"urlTemplate\":\"https:\/\/www.sonoraenequipo.com.mx\/?s={search_term_string}\"},\"query-input\":{\"@type\":\"PropertyValueSpecification\",\"valueRequired\":true,\"valueName\":\"search_term_string\"}}],\"inLanguage\":\"es\"},{\"@type\":\"Organization\",\"@id\":\"https:\/\/www.sonoraenequipo.com.mx\/#organization\",\"name\":\"Sonoraenequipo.com.mx\",\"url\":\"https:\/\/www.sonoraenequipo.com.mx\/\",\"logo\":{\"@type\":\"ImageObject\",\"inLanguage\":\"es\",\"@id\":\"https:\/\/www.sonoraenequipo.com.mx\/#\/schema\/logo\/image\/\",\"url\":\"https:\/\/www.sonoraenequipo.com.mx\/storage\/2019\/01\/sonoraenequipo_opt.png\",\"contentUrl\":\"https:\/\/www.sonoraenequipo.com.mx\/storage\/2019\/01\/sonoraenequipo_opt.png\",\"width\":375,\"height\":125,\"caption\":\"Sonoraenequipo.com.mx\"},\"image\":{\"@id\":\"https:\/\/www.sonoraenequipo.com.mx\/#\/schema\/logo\/image\/\"},\"sameAs\":[\"https:\/\/www.facebook.com\/SonoraEE\/\",\"https:\/\/x.com\/sonoraenequipo\",\"https:\/\/www.youtube.com\/channel\/UC338nW-lPEYmJQs4ZABQ1SQ\"]},{\"@type\":\"Person\",\"@id\":\"https:\/\/www.sonoraenequipo.com.mx\/#\/schema\/person\/50102df0fb23a8fa9e8effad8fa81386\",\"name\":\"enequipo\",\"image\":{\"@type\":\"ImageObject\",\"inLanguage\":\"es\",\"@id\":\"https:\/\/www.sonoraenequipo.com.mx\/#\/schema\/person\/image\/\",\"url\":\"https:\/\/secure.gravatar.com\/avatar\/049821681b589dabc0bc20695993ccebb09f5b5d4d790cd9251b97faac7c652b?s=96&d=blank&r=g\",\"contentUrl\":\"https:\/\/secure.gravatar.com\/avatar\/049821681b589dabc0bc20695993ccebb09f5b5d4d790cd9251b97faac7c652b?s=96&d=blank&r=g\",\"caption\":\"enequipo\"},\"sameAs\":[\"https:\/\/www.facebook.com\/SonoraEE\"]}]}<\/script>\n ","yoast_head_json":{"title":"Sonora en Equipo. Aplicar\u00e1n en Sonora proyecto piloto de siembra de S\u00faper Sorgo Destacadas","description":"HERMOSILLO, SONORA. MX. \u2014 Ganaderos de Sonora pondr\u00e1n en marcha el plan piloto de siembra de S\u00faper Sorgo, al considerarlo un cultivo forrajero de alto En Sonora en Equipo publicamos toda la informaci\u00f3n de Sonora, M\u00e9xico y el Mundo de manera oportuna y busca que la libertad de expresi\u00f3n sea real. Visita nuestro medio informativo publicado desde Hermosillo, Sonora. %","robots":{"index":"index","follow":"follow","max-snippet":"max-snippet:-1","max-image-preview":"max-image-preview:large","max-video-preview":"max-video-preview:-1"},"canonical":"https:\/\/www.sonoraenequipo.com.mx\/aplicaran-sonora-proyecto-piloto-siembra-super-sorgo\/","og_locale":"es_ES","og_type":"article","og_title":"Sonora en Equipo. Aplicar\u00e1n en Sonora proyecto piloto de siembra de S\u00faper Sorgo Destacadas","og_description":"HERMOSILLO, SONORA. MX. \u2014 Ganaderos de Sonora pondr\u00e1n en marcha el plan piloto de siembra de S\u00faper Sorgo, al considerarlo un cultivo forrajero de alto En Sonora en Equipo publicamos toda la informaci\u00f3n de Sonora, M\u00e9xico y el Mundo de manera oportuna y busca que la libertad de expresi\u00f3n sea real. Visita nuestro medio informativo publicado desde Hermosillo, Sonora. %","og_url":"https:\/\/www.sonoraenequipo.com.mx\/aplicaran-sonora-proyecto-piloto-siembra-super-sorgo\/","og_site_name":"Sonora en Equipo.","article_publisher":"https:\/\/www.facebook.com\/SonoraEE\/","article_author":"https:\/\/www.facebook.com\/SonoraEE","article_published_time":"2018-03-15T01:00:10+00:00","article_modified_time":"2018-03-15T03:22:27+00:00","og_image":[{"width":468,"height":312,"url":"https:\/\/www.sonoraenequipo.com.mx\/storage\/2018\/03\/proyectopiloto_opt.jpg","type":"image\/jpeg"}],"author":"enequipo","twitter_card":"summary_large_image","twitter_creator":"@sonoraenequipo","twitter_site":"@sonoraenequipo","twitter_misc":{"Escrito por":"enequipo","Tiempo de lectura":"2 minutos"},"schema":{"@context":"https:\/\/schema.org","@graph":[{"@type":"Article","@id":"https:\/\/www.sonoraenequipo.com.mx\/aplicaran-sonora-proyecto-piloto-siembra-super-sorgo\/#article","isPartOf":{"@id":"https:\/\/www.sonoraenequipo.com.mx\/aplicaran-sonora-proyecto-piloto-siembra-super-sorgo\/"},"author":{"name":"enequipo","@id":"https:\/\/www.sonoraenequipo.com.mx\/#\/schema\/person\/50102df0fb23a8fa9e8effad8fa81386"},"headline":"Aplicar\u00e1n en Sonora proyecto piloto de siembra de S\u00faper Sorgo","datePublished":"2018-03-15T01:00:10+00:00","dateModified":"2018-03-15T03:22:27+00:00","mainEntityOfPage":{"@id":"https:\/\/www.sonoraenequipo.com.mx\/aplicaran-sonora-proyecto-piloto-siembra-super-sorgo\/"},"wordCount":402,"commentCount":0,"publisher":{"@id":"https:\/\/www.sonoraenequipo.com.mx\/#organization"},"image":{"@id":"https:\/\/www.sonoraenequipo.com.mx\/aplicaran-sonora-proyecto-piloto-siembra-super-sorgo\/#primaryimage"},"thumbnailUrl":"https:\/\/www.sonoraenequipo.com.mx\/storage\/2018\/03\/proyectopiloto_opt.jpg","articleSection":["Destacadas","Sonora"],"inLanguage":"es","potentialAction":[{"@type":"CommentAction","name":"Comment","target":["https:\/\/www.sonoraenequipo.com.mx\/aplicaran-sonora-proyecto-piloto-siembra-super-sorgo\/#respond"]}]},{"@type":"WebPage","@id":"https:\/\/www.sonoraenequipo.com.mx\/aplicaran-sonora-proyecto-piloto-siembra-super-sorgo\/","url":"https:\/\/www.sonoraenequipo.com.mx\/aplicaran-sonora-proyecto-piloto-siembra-super-sorgo\/","name":"Sonora en Equipo. Aplicar\u00e1n en Sonora proyecto piloto de siembra de S\u00faper Sorgo Destacadas","isPartOf":{"@id":"https:\/\/www.sonoraenequipo.com.mx\/#website"},"primaryImageOfPage":{"@id":"https:\/\/www.sonoraenequipo.com.mx\/aplicaran-sonora-proyecto-piloto-siembra-super-sorgo\/#primaryimage"},"image":{"@id":"https:\/\/www.sonoraenequipo.com.mx\/aplicaran-sonora-proyecto-piloto-siembra-super-sorgo\/#primaryimage"},"thumbnailUrl":"https:\/\/www.sonoraenequipo.com.mx\/storage\/2018\/03\/proyectopiloto_opt.jpg","datePublished":"2018-03-15T01:00:10+00:00","dateModified":"2018-03-15T03:22:27+00:00","description":"HERMOSILLO, SONORA. MX. \u2014 Ganaderos de Sonora pondr\u00e1n en marcha el plan piloto de siembra de S\u00faper Sorgo, al considerarlo un cultivo forrajero de alto En Sonora en Equipo publicamos toda la informaci\u00f3n de Sonora, M\u00e9xico y el Mundo de manera oportuna y busca que la libertad de expresi\u00f3n sea real. Visita nuestro medio informativo publicado desde Hermosillo, Sonora. %","breadcrumb":{"@id":"https:\/\/www.sonoraenequipo.com.mx\/aplicaran-sonora-proyecto-piloto-siembra-super-sorgo\/#breadcrumb"},"inLanguage":"es","potentialAction":[{"@type":"ReadAction","target":["https:\/\/www.sonoraenequipo.com.mx\/aplicaran-sonora-proyecto-piloto-siembra-super-sorgo\/"]}]},{"@type":"ImageObject","inLanguage":"es","@id":"https:\/\/www.sonoraenequipo.com.mx\/aplicaran-sonora-proyecto-piloto-siembra-super-sorgo\/#primaryimage","url":"https:\/\/www.sonoraenequipo.com.mx\/storage\/2018\/03\/proyectopiloto_opt.jpg","contentUrl":"https:\/\/www.sonoraenequipo.com.mx\/storage\/2018\/03\/proyectopiloto_opt.jpg","width":468,"height":312},{"@type":"BreadcrumbList","@id":"https:\/\/www.sonoraenequipo.com.mx\/aplicaran-sonora-proyecto-piloto-siembra-super-sorgo\/#breadcrumb","itemListElement":[{"@type":"ListItem","position":1,"name":"Portada","item":"https:\/\/www.sonoraenequipo.com.mx\/"},{"@type":"ListItem","position":2,"name":"Aplicar\u00e1n en Sonora proyecto piloto de siembra de S\u00faper Sorgo"}]},{"@type":"WebSite","@id":"https:\/\/www.sonoraenequipo.com.mx\/#website","url":"https:\/\/www.sonoraenequipo.com.mx\/","name":"Sonora en Equipo.","description":"Diario en l\u00ednea con Noticias desde Hermosillo, Sonora","publisher":{"@id":"https:\/\/www.sonoraenequipo.com.mx\/#organization"},"potentialAction":[{"@type":"SearchAction","target":{"@type":"EntryPoint","urlTemplate":"https:\/\/www.sonoraenequipo.com.mx\/?s={search_term_string}"},"query-input":{"@type":"PropertyValueSpecification","valueRequired":true,"valueName":"search_term_string"}}],"inLanguage":"es"},{"@type":"Organization","@id":"https:\/\/www.sonoraenequipo.com.mx\/#organization","name":"Sonoraenequipo.com.mx","url":"https:\/\/www.sonoraenequipo.com.mx\/","logo":{"@type":"ImageObject","inLanguage":"es","@id":"https:\/\/www.sonoraenequipo.com.mx\/#\/schema\/logo\/image\/","url":"https:\/\/www.sonoraenequipo.com.mx\/storage\/2019\/01\/sonoraenequipo_opt.png","contentUrl":"https:\/\/www.sonoraenequipo.com.mx\/storage\/2019\/01\/sonoraenequipo_opt.png","width":375,"height":125,"caption":"Sonoraenequipo.com.mx"},"image":{"@id":"https:\/\/www.sonoraenequipo.com.mx\/#\/schema\/logo\/image\/"},"sameAs":["https:\/\/www.facebook.com\/SonoraEE\/","https:\/\/x.com\/sonoraenequipo","https:\/\/www.youtube.com\/channel\/UC338nW-lPEYmJQs4ZABQ1SQ"]},{"@type":"Person","@id":"https:\/\/www.sonoraenequipo.com.mx\/#\/schema\/person\/50102df0fb23a8fa9e8effad8fa81386","name":"enequipo","image":{"@type":"ImageObject","inLanguage":"es","@id":"https:\/\/www.sonoraenequipo.com.mx\/#\/schema\/person\/image\/","url":"https:\/\/secure.gravatar.com\/avatar\/049821681b589dabc0bc20695993ccebb09f5b5d4d790cd9251b97faac7c652b?s=96&d=blank&r=g","contentUrl":"https:\/\/secure.gravatar.com\/avatar\/049821681b589dabc0bc20695993ccebb09f5b5d4d790cd9251b97faac7c652b?s=96&d=blank&r=g","caption":"enequipo"},"sameAs":["https:\/\/www.facebook.com\/SonoraEE"]}]}},"jetpack_featured_media_url":"https:\/\/www.sonoraenequipo.com.mx\/storage\/2018\/03\/proyectopiloto_opt.jpg","_links":{"self":[{"href":"https:\/\/www.sonoraenequipo.com.mx\/api\/wp\/v2\/posts\/33581","targetHints":{"allow":["GET"]}}],"collection":[{"href":"https:\/\/www.sonoraenequipo.com.mx\/api\/wp\/v2\/posts"}],"about":[{"href":"https:\/\/www.sonoraenequipo.com.mx\/api\/wp\/v2\/types\/post"}],"author":[{"embeddable":true,"href":"https:\/\/www.sonoraenequipo.com.mx\/api\/wp\/v2\/users\/1"}],"replies":[{"embeddable":true,"href":"https:\/\/www.sonoraenequipo.com.mx\/api\/wp\/v2\/comments?post=33581"}],"version-history":[{"count":0,"href":"https:\/\/www.sonoraenequipo.com.mx\/api\/wp\/v2\/posts\/33581\/revisions"}],"wp:featuredmedia":[{"embeddable":true,"href":"https:\/\/www.sonoraenequipo.com.mx\/api\/wp\/v2\/media\/33554"}],"wp:attachment":[{"href":"https:\/\/www.sonoraenequipo.com.mx\/api\/wp\/v2\/media?parent=33581"}],"wp:term":[{"taxonomy":"category","embeddable":true,"href":"https:\/\/www.sonoraenequipo.com.mx\/api\/wp\/v2\/categories?post=33581"},{"taxonomy":"post_tag","embeddable":true,"href":"https:\/\/www.sonoraenequipo.com.mx\/api\/wp\/v2\/tags?post=33581"}],"curies":[{"name":"wp","href":"https:\/\/api.w.org\/{rel}","templated":true}]}}