{"id":33587,"date":"2018-03-14T18:30:05","date_gmt":"2018-03-15T01:30:05","guid":{"rendered":"http:\/\/www.sonoraenequipo.com.mx\/?p=33587"},"modified":"2018-03-14T20:29:47","modified_gmt":"2018-03-15T03:29:47","slug":"inaugura-gobernadora-pavlovich-expo-business-arizona-sonora","status":"publish","type":"post","link":"https:\/\/www.sonoraenequipo.com.mx\/inaugura-gobernadora-pavlovich-expo-business-arizona-sonora\/","title":{"rendered":"Inaugura Gobernadora Pavlovich Expo Business Arizona \u2013 Sonora"},"content":{"rendered":"<p>HERMOSILLO, SONORA. MX. \u2014 Por sus logros, la relaci\u00f3n entre Sonora y Arizona es un ejemplo a nivel internacional, reconocido de Washington a la Ciudad de M\u00e9xico, destac\u00f3 la Gobernadora Claudia Pavlovich Arellano al inaugurar la Expo Business Arizona \u2013 Sonora.<\/p>\n<p> <\/p>\n<p>Junto a Kirk Adamas, Jefe de la Oficina del Gobernador de Arizona, Doug Ducey, y la Presidenta de la Autoridad de Comercio de ese estado, Sandra Watson, la Gobernadora Pavlovich destac\u00f3 que esta expo es un resultado m\u00e1s de la Megarregi\u00f3n que promueve la oportunidad de negocios entre ambos estados.<\/p>\n<p>La Expo Business Arizona \u2013 Sonora se desarrolla el 13 y 14 de marzo, se instalaron 124 stands y esperan la asistencia de 3 mil 500 personas, y adem\u00e1s de la exposici\u00f3n de diferentes empresas, se promueven oportunidades de negocios, reuniones de trabajo, un foro de miner\u00eda sustentable, conferencias magistrales, seminarios y talleres impartidos por expertos en las \u00faltimas tendencias del mercado.<\/p>\n<p><em>\u201cAqu\u00ed est\u00e1 mucha gente que va a conocer y aprender que pueden hacer negocios juntos, as\u00ed como lo hemos construido el Gobernador Ducey y yo en una relaci\u00f3n de confianza, en una relaci\u00f3n de trabajo, en una relaci\u00f3n que va m\u00e1s all\u00e1 de las fronteras\u201d,<\/em> se\u00f1al\u00f3 la Gobernadora Pavlovich.<\/p>\n<p>Kirk Adams, Jefe de Oficina del Gobernador de Arizona Doug Ducey, habl\u00f3 de la relaci\u00f3n de trabajo construida entre Arizona y Sonora donde, dijo, existe una b\u00fasqueda de entendimiento, desarrollo econ\u00f3mico y colaboraci\u00f3n para fortalecer la Megarregi\u00f3n.<\/p>\n<p><em>\u201cEsta relaci\u00f3n es m\u00e1s que construir oportunidades econ\u00f3micas, es construir respeto mutuo y amistad, la frontera puede dividir nuestros dos estados, pero no puede dividir a los amigos, y no puede separarnos de oportunidades mutuas, de oportunidades econ\u00f3micas, y de empleos que beneficien a nuestra gente\u201d,<\/em> expres\u00f3.<\/p>\n<p>El Secretario de Econom\u00eda, Jorge Vidal Ahumada, inform\u00f3 que la Expo Business promueve m\u00e1s intercambio comercial entre las empresas de los sectores estrat\u00e9gicos que les permitan detonar su crecimiento y posicionarse en nuevos mercados.<\/p>\n<p>La Presidenta de la Autoridad de Comercio de Arizona, Sandra Watson, reconoci\u00f3 a la Megarregi\u00f3n que impulsan los Gobernadores Claudia Pavlovich y Doug Ducey, como una de las m\u00e1s competitivas del mundo, donde existe innovaci\u00f3n en distintas industrias, con un beneficio para ambas entidades.<\/p>\n<p><em>\u201cLa regi\u00f3n de Sonora y Arizona es una de las m\u00e1s exitosas en el ambiente de innovaci\u00f3n en el mundo, en los dos lados de nuestras fronteras hay desarrollo en temas aeroespacial, automotriz, miner\u00eda, manufactura, energ\u00edas renovables, turismo y m\u00e1s, nuestras econom\u00edas se benefician cuando trabajamos juntos en avanzar en una posici\u00f3n competitiva en el mercado global\u201d<\/em>, expres\u00f3.<\/p>\n<p>Presentes: Natalia Rivera Grijalva, Jefa de la Oficina del Ejecutivo; Angelina Mu\u00f1oz Fern\u00e1ndez, Presidenta Municipal de Hermosillo, Juan Ciscomani, Asesor para Asuntos Regionales e Internacionales del Gobernador Doug Ducey; Elia Tello, C\u00f3nsul General de Estados Unidos en Hermosillo; y \u00c1ngel Bours Zaragoza, Vicepresidente de la Comisi\u00f3n Sonora-Arizona.<\/p>\n<p><strong>Expo Business Arizona-Sonora<\/strong><\/p>\n<p>D\u00edas: 14 y 15 de marzo<\/p>\n<p>Stands: 124<\/p>\n<p>Participantes: 3 mil 500 personas del sur de Estados Unidos y norte de M\u00e9xico<\/p>\n<p>Industrias: Aeroespacial, Minera, Automotriz, Agroindustrial, Energ\u00edas Renovables, Turismo.<\/p>\n<p>(Fecha de publicaci\u00f3n 14032018)<\/p>\n","protected":false},"excerpt":{"rendered":"<p>HERMOSILLO, SONORA. MX. \u2014 Por sus logros, la relaci\u00f3n entre Sonora y Arizona es un&#8230;<\/p>\n","protected":false},"author":1,"featured_media":33559,"comment_status":"open","ping_status":"open","sticky":false,"template":"","format":"standard","meta":{"_monsterinsights_skip_tracking":false,"_monsterinsights_sitenote_active":false,"_monsterinsights_sitenote_note":"","_monsterinsights_sitenote_category":0,"footnotes":""},"categories":[13,5],"tags":[],"class_list":["post"],"yoast_head":" \n<title>Sonora en Equipo. Inaugura Gobernadora Pavlovich Expo Business Arizona \u2013 Sonora Destacadas<\/title>\n<meta name=\"description\" content=\"HERMOSILLO, SONORA. MX. \u2014 Por sus logros, la relaci\u00f3n entre Sonora y Arizona es un ejemplo a nivel internacional, reconocido de Washington a la Ciudad de En Sonora en Equipo publicamos toda la informaci\u00f3n de Sonora, M\u00e9xico y el Mundo de manera oportuna y busca que la libertad de expresi\u00f3n sea real. Visita nuestro medio informativo publicado desde Hermosillo, Sonora. %\" \/>\n<meta name=\"robots\" content=\"index, follow, max-snippet:-1, max-image-preview:large, max-video-preview:-1\" \/>\n<link rel=\"canonical\" href=\"https:\/\/www.sonoraenequipo.com.mx\/inaugura-gobernadora-pavlovich-expo-business-arizona-sonora\/\" \/>\n<meta property=\"og:locale\" content=\"es_ES\" \/>\n<meta property=\"og:type\" content=\"article\" \/>\n<meta property=\"og:title\" content=\"Sonora en Equipo. Inaugura Gobernadora Pavlovich Expo Business Arizona \u2013 Sonora Destacadas\" \/>\n<meta property=\"og:description\" content=\"HERMOSILLO, SONORA. MX. \u2014 Por sus logros, la relaci\u00f3n entre Sonora y Arizona es un ejemplo a nivel internacional, reconocido de Washington a la Ciudad de En Sonora en Equipo publicamos toda la informaci\u00f3n de Sonora, M\u00e9xico y el Mundo de manera oportuna y busca que la libertad de expresi\u00f3n sea real. Visita nuestro medio informativo publicado desde Hermosillo, Sonora. %\" \/>\n<meta property=\"og:url\" content=\"https:\/\/www.sonoraenequipo.com.mx\/inaugura-gobernadora-pavlovich-expo-business-arizona-sonora\/\" \/>\n<meta property=\"og:site_name\" content=\"Sonora en Equipo.\" \/>\n<meta property=\"article:publisher\" content=\"https:\/\/www.facebook.com\/SonoraEE\/\" \/>\n<meta property=\"article:author\" content=\"https:\/\/www.facebook.com\/SonoraEE\" \/>\n<meta property=\"article:published_time\" content=\"2018-03-15T01:30:05+00:00\" \/>\n<meta property=\"article:modified_time\" content=\"2018-03-15T03:29:47+00:00\" \/>\n<meta property=\"og:image\" content=\"https:\/\/www.sonoraenequipo.com.mx\/storage\/2018\/03\/inauguranexpo-Business_opt.jpg\" \/>\n\t<meta property=\"og:image:width\" content=\"600\" \/>\n\t<meta property=\"og:image:height\" content=\"400\" \/>\n\t<meta property=\"og:image:type\" content=\"image\/jpeg\" \/>\n<meta name=\"author\" content=\"enequipo\" \/>\n<meta name=\"twitter:card\" content=\"summary_large_image\" \/>\n<meta name=\"twitter:creator\" content=\"@sonoraenequipo\" \/>\n<meta name=\"twitter:site\" content=\"@sonoraenequipo\" \/>\n<meta name=\"twitter:label1\" content=\"Escrito por\" \/>\n\t<meta name=\"twitter:data1\" content=\"enequipo\" \/>\n\t<meta name=\"twitter:label2\" content=\"Tiempo de lectura\" \/>\n\t<meta name=\"twitter:data2\" content=\"3 minutos\" \/>\n<script type=\"application\/ld+json\" class=\"yoast-schema-graph\">{\"@context\":\"https:\/\/schema.org\",\"@graph\":[{\"@type\":\"Article\",\"@id\":\"https:\/\/www.sonoraenequipo.com.mx\/inaugura-gobernadora-pavlovich-expo-business-arizona-sonora\/#article\",\"isPartOf\":{\"@id\":\"https:\/\/www.sonoraenequipo.com.mx\/inaugura-gobernadora-pavlovich-expo-business-arizona-sonora\/\"},\"author\":{\"name\":\"enequipo\",\"@id\":\"https:\/\/www.sonoraenequipo.com.mx\/#\/schema\/person\/50102df0fb23a8fa9e8effad8fa81386\"},\"headline\":\"Inaugura Gobernadora Pavlovich Expo Business Arizona \u2013 Sonora\",\"datePublished\":\"2018-03-15T01:30:05+00:00\",\"dateModified\":\"2018-03-15T03:29:47+00:00\",\"mainEntityOfPage\":{\"@id\":\"https:\/\/www.sonoraenequipo.com.mx\/inaugura-gobernadora-pavlovich-expo-business-arizona-sonora\/\"},\"wordCount\":542,\"commentCount\":0,\"publisher\":{\"@id\":\"https:\/\/www.sonoraenequipo.com.mx\/#organization\"},\"image\":{\"@id\":\"https:\/\/www.sonoraenequipo.com.mx\/inaugura-gobernadora-pavlovich-expo-business-arizona-sonora\/#primaryimage\"},\"thumbnailUrl\":\"https:\/\/www.sonoraenequipo.com.mx\/storage\/2018\/03\/inauguranexpo-Business_opt.jpg\",\"articleSection\":[\"Destacadas\",\"Rep\u00fablica\"],\"inLanguage\":\"es\",\"potentialAction\":[{\"@type\":\"CommentAction\",\"name\":\"Comment\",\"target\":[\"https:\/\/www.sonoraenequipo.com.mx\/inaugura-gobernadora-pavlovich-expo-business-arizona-sonora\/#respond\"]}]},{\"@type\":\"WebPage\",\"@id\":\"https:\/\/www.sonoraenequipo.com.mx\/inaugura-gobernadora-pavlovich-expo-business-arizona-sonora\/\",\"url\":\"https:\/\/www.sonoraenequipo.com.mx\/inaugura-gobernadora-pavlovich-expo-business-arizona-sonora\/\",\"name\":\"Sonora en Equipo. Inaugura Gobernadora Pavlovich Expo Business Arizona \u2013 Sonora Destacadas\",\"isPartOf\":{\"@id\":\"https:\/\/www.sonoraenequipo.com.mx\/#website\"},\"primaryImageOfPage\":{\"@id\":\"https:\/\/www.sonoraenequipo.com.mx\/inaugura-gobernadora-pavlovich-expo-business-arizona-sonora\/#primaryimage\"},\"image\":{\"@id\":\"https:\/\/www.sonoraenequipo.com.mx\/inaugura-gobernadora-pavlovich-expo-business-arizona-sonora\/#primaryimage\"},\"thumbnailUrl\":\"https:\/\/www.sonoraenequipo.com.mx\/storage\/2018\/03\/inauguranexpo-Business_opt.jpg\",\"datePublished\":\"2018-03-15T01:30:05+00:00\",\"dateModified\":\"2018-03-15T03:29:47+00:00\",\"description\":\"HERMOSILLO, SONORA. MX. \u2014 Por sus logros, la relaci\u00f3n entre Sonora y Arizona es un ejemplo a nivel internacional, reconocido de Washington a la Ciudad de En Sonora en Equipo publicamos toda la informaci\u00f3n de Sonora, M\u00e9xico y el Mundo de manera oportuna y busca que la libertad de expresi\u00f3n sea real. Visita nuestro medio informativo publicado desde Hermosillo, Sonora. %\",\"breadcrumb\":{\"@id\":\"https:\/\/www.sonoraenequipo.com.mx\/inaugura-gobernadora-pavlovich-expo-business-arizona-sonora\/#breadcrumb\"},\"inLanguage\":\"es\",\"potentialAction\":[{\"@type\":\"ReadAction\",\"target\":[\"https:\/\/www.sonoraenequipo.com.mx\/inaugura-gobernadora-pavlovich-expo-business-arizona-sonora\/\"]}]},{\"@type\":\"ImageObject\",\"inLanguage\":\"es\",\"@id\":\"https:\/\/www.sonoraenequipo.com.mx\/inaugura-gobernadora-pavlovich-expo-business-arizona-sonora\/#primaryimage\",\"url\":\"https:\/\/www.sonoraenequipo.com.mx\/storage\/2018\/03\/inauguranexpo-Business_opt.jpg\",\"contentUrl\":\"https:\/\/www.sonoraenequipo.com.mx\/storage\/2018\/03\/inauguranexpo-Business_opt.jpg\",\"width\":600,\"height\":400},{\"@type\":\"BreadcrumbList\",\"@id\":\"https:\/\/www.sonoraenequipo.com.mx\/inaugura-gobernadora-pavlovich-expo-business-arizona-sonora\/#breadcrumb\",\"itemListElement\":[{\"@type\":\"ListItem\",\"position\":1,\"name\":\"Portada\",\"item\":\"https:\/\/www.sonoraenequipo.com.mx\/\"},{\"@type\":\"ListItem\",\"position\":2,\"name\":\"Inaugura Gobernadora Pavlovich Expo Business Arizona \u2013 Sonora\"}]},{\"@type\":\"WebSite\",\"@id\":\"https:\/\/www.sonoraenequipo.com.mx\/#website\",\"url\":\"https:\/\/www.sonoraenequipo.com.mx\/\",\"name\":\"Sonora en Equipo.\",\"description\":\"Diario en l\u00ednea con Noticias desde Hermosillo, Sonora\",\"publisher\":{\"@id\":\"https:\/\/www.sonoraenequipo.com.mx\/#organization\"},\"potentialAction\":[{\"@type\":\"SearchAction\",\"target\":{\"@type\":\"EntryPoint\",\"urlTemplate\":\"https:\/\/www.sonoraenequipo.com.mx\/?s={search_term_string}\"},\"query-input\":{\"@type\":\"PropertyValueSpecification\",\"valueRequired\":true,\"valueName\":\"search_term_string\"}}],\"inLanguage\":\"es\"},{\"@type\":\"Organization\",\"@id\":\"https:\/\/www.sonoraenequipo.com.mx\/#organization\",\"name\":\"Sonoraenequipo.com.mx\",\"url\":\"https:\/\/www.sonoraenequipo.com.mx\/\",\"logo\":{\"@type\":\"ImageObject\",\"inLanguage\":\"es\",\"@id\":\"https:\/\/www.sonoraenequipo.com.mx\/#\/schema\/logo\/image\/\",\"url\":\"https:\/\/www.sonoraenequipo.com.mx\/storage\/2019\/01\/sonoraenequipo_opt.png\",\"contentUrl\":\"https:\/\/www.sonoraenequipo.com.mx\/storage\/2019\/01\/sonoraenequipo_opt.png\",\"width\":375,\"height\":125,\"caption\":\"Sonoraenequipo.com.mx\"},\"image\":{\"@id\":\"https:\/\/www.sonoraenequipo.com.mx\/#\/schema\/logo\/image\/\"},\"sameAs\":[\"https:\/\/www.facebook.com\/SonoraEE\/\",\"https:\/\/x.com\/sonoraenequipo\",\"https:\/\/www.youtube.com\/channel\/UC338nW-lPEYmJQs4ZABQ1SQ\"]},{\"@type\":\"Person\",\"@id\":\"https:\/\/www.sonoraenequipo.com.mx\/#\/schema\/person\/50102df0fb23a8fa9e8effad8fa81386\",\"name\":\"enequipo\",\"image\":{\"@type\":\"ImageObject\",\"inLanguage\":\"es\",\"@id\":\"https:\/\/www.sonoraenequipo.com.mx\/#\/schema\/person\/image\/\",\"url\":\"https:\/\/secure.gravatar.com\/avatar\/049821681b589dabc0bc20695993ccebb09f5b5d4d790cd9251b97faac7c652b?s=96&d=blank&r=g\",\"contentUrl\":\"https:\/\/secure.gravatar.com\/avatar\/049821681b589dabc0bc20695993ccebb09f5b5d4d790cd9251b97faac7c652b?s=96&d=blank&r=g\",\"caption\":\"enequipo\"},\"sameAs\":[\"https:\/\/www.facebook.com\/SonoraEE\"]}]}<\/script>\n ","yoast_head_json":{"title":"Sonora en Equipo. Inaugura Gobernadora Pavlovich Expo Business Arizona \u2013 Sonora Destacadas","description":"HERMOSILLO, SONORA. MX. \u2014 Por sus logros, la relaci\u00f3n entre Sonora y Arizona es un ejemplo a nivel internacional, reconocido de Washington a la Ciudad de En Sonora en Equipo publicamos toda la informaci\u00f3n de Sonora, M\u00e9xico y el Mundo de manera oportuna y busca que la libertad de expresi\u00f3n sea real. Visita nuestro medio informativo publicado desde Hermosillo, Sonora. %","robots":{"index":"index","follow":"follow","max-snippet":"max-snippet:-1","max-image-preview":"max-image-preview:large","max-video-preview":"max-video-preview:-1"},"canonical":"https:\/\/www.sonoraenequipo.com.mx\/inaugura-gobernadora-pavlovich-expo-business-arizona-sonora\/","og_locale":"es_ES","og_type":"article","og_title":"Sonora en Equipo. Inaugura Gobernadora Pavlovich Expo Business Arizona \u2013 Sonora Destacadas","og_description":"HERMOSILLO, SONORA. MX. \u2014 Por sus logros, la relaci\u00f3n entre Sonora y Arizona es un ejemplo a nivel internacional, reconocido de Washington a la Ciudad de En Sonora en Equipo publicamos toda la informaci\u00f3n de Sonora, M\u00e9xico y el Mundo de manera oportuna y busca que la libertad de expresi\u00f3n sea real. Visita nuestro medio informativo publicado desde Hermosillo, Sonora. %","og_url":"https:\/\/www.sonoraenequipo.com.mx\/inaugura-gobernadora-pavlovich-expo-business-arizona-sonora\/","og_site_name":"Sonora en Equipo.","article_publisher":"https:\/\/www.facebook.com\/SonoraEE\/","article_author":"https:\/\/www.facebook.com\/SonoraEE","article_published_time":"2018-03-15T01:30:05+00:00","article_modified_time":"2018-03-15T03:29:47+00:00","og_image":[{"width":600,"height":400,"url":"https:\/\/www.sonoraenequipo.com.mx\/storage\/2018\/03\/inauguranexpo-Business_opt.jpg","type":"image\/jpeg"}],"author":"enequipo","twitter_card":"summary_large_image","twitter_creator":"@sonoraenequipo","twitter_site":"@sonoraenequipo","twitter_misc":{"Escrito por":"enequipo","Tiempo de lectura":"3 minutos"},"schema":{"@context":"https:\/\/schema.org","@graph":[{"@type":"Article","@id":"https:\/\/www.sonoraenequipo.com.mx\/inaugura-gobernadora-pavlovich-expo-business-arizona-sonora\/#article","isPartOf":{"@id":"https:\/\/www.sonoraenequipo.com.mx\/inaugura-gobernadora-pavlovich-expo-business-arizona-sonora\/"},"author":{"name":"enequipo","@id":"https:\/\/www.sonoraenequipo.com.mx\/#\/schema\/person\/50102df0fb23a8fa9e8effad8fa81386"},"headline":"Inaugura Gobernadora Pavlovich Expo Business Arizona \u2013 Sonora","datePublished":"2018-03-15T01:30:05+00:00","dateModified":"2018-03-15T03:29:47+00:00","mainEntityOfPage":{"@id":"https:\/\/www.sonoraenequipo.com.mx\/inaugura-gobernadora-pavlovich-expo-business-arizona-sonora\/"},"wordCount":542,"commentCount":0,"publisher":{"@id":"https:\/\/www.sonoraenequipo.com.mx\/#organization"},"image":{"@id":"https:\/\/www.sonoraenequipo.com.mx\/inaugura-gobernadora-pavlovich-expo-business-arizona-sonora\/#primaryimage"},"thumbnailUrl":"https:\/\/www.sonoraenequipo.com.mx\/storage\/2018\/03\/inauguranexpo-Business_opt.jpg","articleSection":["Destacadas","Rep\u00fablica"],"inLanguage":"es","potentialAction":[{"@type":"CommentAction","name":"Comment","target":["https:\/\/www.sonoraenequipo.com.mx\/inaugura-gobernadora-pavlovich-expo-business-arizona-sonora\/#respond"]}]},{"@type":"WebPage","@id":"https:\/\/www.sonoraenequipo.com.mx\/inaugura-gobernadora-pavlovich-expo-business-arizona-sonora\/","url":"https:\/\/www.sonoraenequipo.com.mx\/inaugura-gobernadora-pavlovich-expo-business-arizona-sonora\/","name":"Sonora en Equipo. Inaugura Gobernadora Pavlovich Expo Business Arizona \u2013 Sonora Destacadas","isPartOf":{"@id":"https:\/\/www.sonoraenequipo.com.mx\/#website"},"primaryImageOfPage":{"@id":"https:\/\/www.sonoraenequipo.com.mx\/inaugura-gobernadora-pavlovich-expo-business-arizona-sonora\/#primaryimage"},"image":{"@id":"https:\/\/www.sonoraenequipo.com.mx\/inaugura-gobernadora-pavlovich-expo-business-arizona-sonora\/#primaryimage"},"thumbnailUrl":"https:\/\/www.sonoraenequipo.com.mx\/storage\/2018\/03\/inauguranexpo-Business_opt.jpg","datePublished":"2018-03-15T01:30:05+00:00","dateModified":"2018-03-15T03:29:47+00:00","description":"HERMOSILLO, SONORA. MX. \u2014 Por sus logros, la relaci\u00f3n entre Sonora y Arizona es un ejemplo a nivel internacional, reconocido de Washington a la Ciudad de En Sonora en Equipo publicamos toda la informaci\u00f3n de Sonora, M\u00e9xico y el Mundo de manera oportuna y busca que la libertad de expresi\u00f3n sea real. Visita nuestro medio informativo publicado desde Hermosillo, Sonora. %","breadcrumb":{"@id":"https:\/\/www.sonoraenequipo.com.mx\/inaugura-gobernadora-pavlovich-expo-business-arizona-sonora\/#breadcrumb"},"inLanguage":"es","potentialAction":[{"@type":"ReadAction","target":["https:\/\/www.sonoraenequipo.com.mx\/inaugura-gobernadora-pavlovich-expo-business-arizona-sonora\/"]}]},{"@type":"ImageObject","inLanguage":"es","@id":"https:\/\/www.sonoraenequipo.com.mx\/inaugura-gobernadora-pavlovich-expo-business-arizona-sonora\/#primaryimage","url":"https:\/\/www.sonoraenequipo.com.mx\/storage\/2018\/03\/inauguranexpo-Business_opt.jpg","contentUrl":"https:\/\/www.sonoraenequipo.com.mx\/storage\/2018\/03\/inauguranexpo-Business_opt.jpg","width":600,"height":400},{"@type":"BreadcrumbList","@id":"https:\/\/www.sonoraenequipo.com.mx\/inaugura-gobernadora-pavlovich-expo-business-arizona-sonora\/#breadcrumb","itemListElement":[{"@type":"ListItem","position":1,"name":"Portada","item":"https:\/\/www.sonoraenequipo.com.mx\/"},{"@type":"ListItem","position":2,"name":"Inaugura Gobernadora Pavlovich Expo Business Arizona \u2013 Sonora"}]},{"@type":"WebSite","@id":"https:\/\/www.sonoraenequipo.com.mx\/#website","url":"https:\/\/www.sonoraenequipo.com.mx\/","name":"Sonora en Equipo.","description":"Diario en l\u00ednea con Noticias desde Hermosillo, Sonora","publisher":{"@id":"https:\/\/www.sonoraenequipo.com.mx\/#organization"},"potentialAction":[{"@type":"SearchAction","target":{"@type":"EntryPoint","urlTemplate":"https:\/\/www.sonoraenequipo.com.mx\/?s={search_term_string}"},"query-input":{"@type":"PropertyValueSpecification","valueRequired":true,"valueName":"search_term_string"}}],"inLanguage":"es"},{"@type":"Organization","@id":"https:\/\/www.sonoraenequipo.com.mx\/#organization","name":"Sonoraenequipo.com.mx","url":"https:\/\/www.sonoraenequipo.com.mx\/","logo":{"@type":"ImageObject","inLanguage":"es","@id":"https:\/\/www.sonoraenequipo.com.mx\/#\/schema\/logo\/image\/","url":"https:\/\/www.sonoraenequipo.com.mx\/storage\/2019\/01\/sonoraenequipo_opt.png","contentUrl":"https:\/\/www.sonoraenequipo.com.mx\/storage\/2019\/01\/sonoraenequipo_opt.png","width":375,"height":125,"caption":"Sonoraenequipo.com.mx"},"image":{"@id":"https:\/\/www.sonoraenequipo.com.mx\/#\/schema\/logo\/image\/"},"sameAs":["https:\/\/www.facebook.com\/SonoraEE\/","https:\/\/x.com\/sonoraenequipo","https:\/\/www.youtube.com\/channel\/UC338nW-lPEYmJQs4ZABQ1SQ"]},{"@type":"Person","@id":"https:\/\/www.sonoraenequipo.com.mx\/#\/schema\/person\/50102df0fb23a8fa9e8effad8fa81386","name":"enequipo","image":{"@type":"ImageObject","inLanguage":"es","@id":"https:\/\/www.sonoraenequipo.com.mx\/#\/schema\/person\/image\/","url":"https:\/\/secure.gravatar.com\/avatar\/049821681b589dabc0bc20695993ccebb09f5b5d4d790cd9251b97faac7c652b?s=96&d=blank&r=g","contentUrl":"https:\/\/secure.gravatar.com\/avatar\/049821681b589dabc0bc20695993ccebb09f5b5d4d790cd9251b97faac7c652b?s=96&d=blank&r=g","caption":"enequipo"},"sameAs":["https:\/\/www.facebook.com\/SonoraEE"]}]}},"jetpack_featured_media_url":"https:\/\/www.sonoraenequipo.com.mx\/storage\/2018\/03\/inauguranexpo-Business_opt.jpg","_links":{"self":[{"href":"https:\/\/www.sonoraenequipo.com.mx\/api\/wp\/v2\/posts\/33587","targetHints":{"allow":["GET"]}}],"collection":[{"href":"https:\/\/www.sonoraenequipo.com.mx\/api\/wp\/v2\/posts"}],"about":[{"href":"https:\/\/www.sonoraenequipo.com.mx\/api\/wp\/v2\/types\/post"}],"author":[{"embeddable":true,"href":"https:\/\/www.sonoraenequipo.com.mx\/api\/wp\/v2\/users\/1"}],"replies":[{"embeddable":true,"href":"https:\/\/www.sonoraenequipo.com.mx\/api\/wp\/v2\/comments?post=33587"}],"version-history":[{"count":0,"href":"https:\/\/www.sonoraenequipo.com.mx\/api\/wp\/v2\/posts\/33587\/revisions"}],"wp:featuredmedia":[{"embeddable":true,"href":"https:\/\/www.sonoraenequipo.com.mx\/api\/wp\/v2\/media\/33559"}],"wp:attachment":[{"href":"https:\/\/www.sonoraenequipo.com.mx\/api\/wp\/v2\/media?parent=33587"}],"wp:term":[{"taxonomy":"category","embeddable":true,"href":"https:\/\/www.sonoraenequipo.com.mx\/api\/wp\/v2\/categories?post=33587"},{"taxonomy":"post_tag","embeddable":true,"href":"https:\/\/www.sonoraenequipo.com.mx\/api\/wp\/v2\/tags?post=33587"}],"curies":[{"name":"wp","href":"https:\/\/api.w.org\/{rel}","templated":true}]}}