{"id":33626,"date":"2018-03-15T14:10:43","date_gmt":"2018-03-15T21:10:43","guid":{"rendered":"http:\/\/www.sonoraenequipo.com.mx\/?p=33626"},"modified":"2018-03-15T21:01:03","modified_gmt":"2018-03-16T04:01:03","slug":"ilumina-presidenta-municipal-parques-la-colonia-modelo","status":"publish","type":"post","link":"https:\/\/www.sonoraenequipo.com.mx\/ilumina-presidenta-municipal-parques-la-colonia-modelo\/","title":{"rendered":"Ilumina Presidenta Municipal parques de la colonia Modelo"},"content":{"rendered":"<p>HERMOSILLO, SONORA. MX. \u2014 \u201cEstamos comprometidos a que Hermosillo sea esa ciudad en la podamos sentirnos en paz, disfrutar de ella y de sus espacios p\u00fablicos\u201d, expres\u00f3 Angelina Mu\u00f1oz Fern\u00e1ndez a vecinos de la colonia Modelo, donde se reuni\u00f3 con ellos para inaugurar con tecnolog\u00eda LED el parque Tutuli.<\/p>\n<p> <\/p>\n<p>La Presidenta Municipal dijo que s\u00f3lo se cumpli\u00f3 uno m\u00e1s de los compromisos acordados con los habitantes del sector en una reuni\u00f3n de trabajo previa, en la que solicitaron la iluminaci\u00f3n de dicho parque y del llamado Guaymitas, de la misma \u00e1rea.<\/p>\n<p>En presencia de integrantes del Gabinete Municipal, los vecinos expusieron sus solicitudes y propuestas de mejoras para las privadas y retornos que existen en la colonia, con el fin de tener mayor seguridad, como cerrar el acceso de noche a algunos callejones peatonales.<\/p>\n<p>El se\u00f1or Loreto Navarro coment\u00f3 que fueron reconocidas por todos, las atenciones y el apoyo de las autoridades a sus peticiones hechas en la primer reuni\u00f3n con Mu\u00f1oz Fern\u00e1ndez, porque notan que se cumpli\u00f3 la instalaci\u00f3n de letreros que se ten\u00edan pendientes, con mayor cantidad de rondines policiacos y la iluminaci\u00f3n de los parques.<\/p>\n<p><em>\u201cDefinitivamente cumpli\u00f3 y de una manera muy notable porque lo vemos en nuestros parque que est\u00e1n perfectamente iluminados, hemos visto la vigilancia de las patrullas que dan rondines constantemente y eso es resultado de la organizaci\u00f3n\u201d,<\/em> precis\u00f3.<\/p>\n<p>Las mismas personas se sumaron al programa Bot\u00f3n de Enlace Ciudadano de la Secretar\u00eda de Seguridad P\u00fablica, por lo cual recibieron el dispositivo y la explicaci\u00f3n de c\u00f3mo funcionar\u00e1 para tener una atenci\u00f3n inmediata en caso de una emergencia.<\/p>\n<p>Estuvieron Juan Pablo Acosta Guti\u00e9rrez, Coordinador Estatal de Vinculaci\u00f3n de la Secretar\u00eda de Seguridad P\u00fablica; Gerardo Jim\u00e9nez, Director de la Polic\u00eda Preventiva Municipal; Franco Becerra, representante del Comit\u00e9 de Vecinos; Rosa Mar\u00eda Lugo, vecina de la colonia; y Jos\u00e9 David Anaya Cooley, Coordinador del C4.<\/p>\n<p>(Fecha de publicaci\u00f3n 15032018)<\/p>\n","protected":false},"excerpt":{"rendered":"<p>HERMOSILLO, SONORA. MX. \u2014 \u201cEstamos comprometidos a que Hermosillo sea esa ciudad en la podamos&#8230;<\/p>\n","protected":false},"author":1,"featured_media":33598,"comment_status":"open","ping_status":"open","sticky":false,"template":"","format":"standard","meta":{"_monsterinsights_skip_tracking":false,"_monsterinsights_sitenote_active":false,"_monsterinsights_sitenote_note":"","_monsterinsights_sitenote_category":0,"footnotes":""},"categories":[13,4],"tags":[],"class_list":["post"],"yoast_head":" \n<title>Sonora en Equipo. Ilumina Presidenta Municipal parques de la colonia Modelo Destacadas<\/title>\n<meta name=\"description\" content=\"HERMOSILLO, SONORA. MX. \u2014 \u201cEstamos comprometidos a que Hermosillo sea esa ciudad en la podamos sentirnos en paz, disfrutar de ella y de sus espacios En Sonora en Equipo publicamos toda la informaci\u00f3n de Sonora, M\u00e9xico y el Mundo de manera oportuna y busca que la libertad de expresi\u00f3n sea real. Visita nuestro medio informativo publicado desde Hermosillo, Sonora. %\" \/>\n<meta name=\"robots\" content=\"index, follow, max-snippet:-1, max-image-preview:large, max-video-preview:-1\" \/>\n<link rel=\"canonical\" href=\"https:\/\/www.sonoraenequipo.com.mx\/ilumina-presidenta-municipal-parques-la-colonia-modelo\/\" \/>\n<meta property=\"og:locale\" content=\"es_ES\" \/>\n<meta property=\"og:type\" content=\"article\" \/>\n<meta property=\"og:title\" content=\"Sonora en Equipo. Ilumina Presidenta Municipal parques de la colonia Modelo Destacadas\" \/>\n<meta property=\"og:description\" content=\"HERMOSILLO, SONORA. MX. \u2014 \u201cEstamos comprometidos a que Hermosillo sea esa ciudad en la podamos sentirnos en paz, disfrutar de ella y de sus espacios En Sonora en Equipo publicamos toda la informaci\u00f3n de Sonora, M\u00e9xico y el Mundo de manera oportuna y busca que la libertad de expresi\u00f3n sea real. Visita nuestro medio informativo publicado desde Hermosillo, Sonora. %\" \/>\n<meta property=\"og:url\" content=\"https:\/\/www.sonoraenequipo.com.mx\/ilumina-presidenta-municipal-parques-la-colonia-modelo\/\" \/>\n<meta property=\"og:site_name\" content=\"Sonora en Equipo.\" \/>\n<meta property=\"article:publisher\" content=\"https:\/\/www.facebook.com\/SonoraEE\/\" \/>\n<meta property=\"article:author\" content=\"https:\/\/www.facebook.com\/SonoraEE\" \/>\n<meta property=\"article:published_time\" content=\"2018-03-15T21:10:43+00:00\" \/>\n<meta property=\"article:modified_time\" content=\"2018-03-16T04:01:03+00:00\" \/>\n<meta property=\"og:image\" content=\"https:\/\/www.sonoraenequipo.com.mx\/storage\/2018\/03\/luzalparque_opt.jpg\" \/>\n\t<meta property=\"og:image:width\" content=\"689\" \/>\n\t<meta property=\"og:image:height\" content=\"450\" \/>\n\t<meta property=\"og:image:type\" content=\"image\/jpeg\" \/>\n<meta name=\"author\" content=\"enequipo\" \/>\n<meta name=\"twitter:card\" content=\"summary_large_image\" \/>\n<meta name=\"twitter:creator\" content=\"@sonoraenequipo\" \/>\n<meta name=\"twitter:site\" content=\"@sonoraenequipo\" \/>\n<meta name=\"twitter:label1\" content=\"Escrito por\" \/>\n\t<meta name=\"twitter:data1\" content=\"enequipo\" \/>\n\t<meta name=\"twitter:label2\" content=\"Tiempo de lectura\" \/>\n\t<meta name=\"twitter:data2\" content=\"2 minutos\" \/>\n<script type=\"application\/ld+json\" class=\"yoast-schema-graph\">{\"@context\":\"https:\/\/schema.org\",\"@graph\":[{\"@type\":\"Article\",\"@id\":\"https:\/\/www.sonoraenequipo.com.mx\/ilumina-presidenta-municipal-parques-la-colonia-modelo\/#article\",\"isPartOf\":{\"@id\":\"https:\/\/www.sonoraenequipo.com.mx\/ilumina-presidenta-municipal-parques-la-colonia-modelo\/\"},\"author\":{\"name\":\"enequipo\",\"@id\":\"https:\/\/www.sonoraenequipo.com.mx\/#\/schema\/person\/50102df0fb23a8fa9e8effad8fa81386\"},\"headline\":\"Ilumina Presidenta Municipal parques de la colonia Modelo\",\"datePublished\":\"2018-03-15T21:10:43+00:00\",\"dateModified\":\"2018-03-16T04:01:03+00:00\",\"mainEntityOfPage\":{\"@id\":\"https:\/\/www.sonoraenequipo.com.mx\/ilumina-presidenta-municipal-parques-la-colonia-modelo\/\"},\"wordCount\":350,\"commentCount\":0,\"publisher\":{\"@id\":\"https:\/\/www.sonoraenequipo.com.mx\/#organization\"},\"image\":{\"@id\":\"https:\/\/www.sonoraenequipo.com.mx\/ilumina-presidenta-municipal-parques-la-colonia-modelo\/#primaryimage\"},\"thumbnailUrl\":\"https:\/\/www.sonoraenequipo.com.mx\/storage\/2018\/03\/luzalparque_opt.jpg\",\"articleSection\":[\"Destacadas\",\"Municipios\"],\"inLanguage\":\"es\",\"potentialAction\":[{\"@type\":\"CommentAction\",\"name\":\"Comment\",\"target\":[\"https:\/\/www.sonoraenequipo.com.mx\/ilumina-presidenta-municipal-parques-la-colonia-modelo\/#respond\"]}]},{\"@type\":\"WebPage\",\"@id\":\"https:\/\/www.sonoraenequipo.com.mx\/ilumina-presidenta-municipal-parques-la-colonia-modelo\/\",\"url\":\"https:\/\/www.sonoraenequipo.com.mx\/ilumina-presidenta-municipal-parques-la-colonia-modelo\/\",\"name\":\"Sonora en Equipo. Ilumina Presidenta Municipal parques de la colonia Modelo Destacadas\",\"isPartOf\":{\"@id\":\"https:\/\/www.sonoraenequipo.com.mx\/#website\"},\"primaryImageOfPage\":{\"@id\":\"https:\/\/www.sonoraenequipo.com.mx\/ilumina-presidenta-municipal-parques-la-colonia-modelo\/#primaryimage\"},\"image\":{\"@id\":\"https:\/\/www.sonoraenequipo.com.mx\/ilumina-presidenta-municipal-parques-la-colonia-modelo\/#primaryimage\"},\"thumbnailUrl\":\"https:\/\/www.sonoraenequipo.com.mx\/storage\/2018\/03\/luzalparque_opt.jpg\",\"datePublished\":\"2018-03-15T21:10:43+00:00\",\"dateModified\":\"2018-03-16T04:01:03+00:00\",\"description\":\"HERMOSILLO, SONORA. MX. \u2014 \u201cEstamos comprometidos a que Hermosillo sea esa ciudad en la podamos sentirnos en paz, disfrutar de ella y de sus espacios En Sonora en Equipo publicamos toda la informaci\u00f3n de Sonora, M\u00e9xico y el Mundo de manera oportuna y busca que la libertad de expresi\u00f3n sea real. Visita nuestro medio informativo publicado desde Hermosillo, Sonora. %\",\"breadcrumb\":{\"@id\":\"https:\/\/www.sonoraenequipo.com.mx\/ilumina-presidenta-municipal-parques-la-colonia-modelo\/#breadcrumb\"},\"inLanguage\":\"es\",\"potentialAction\":[{\"@type\":\"ReadAction\",\"target\":[\"https:\/\/www.sonoraenequipo.com.mx\/ilumina-presidenta-municipal-parques-la-colonia-modelo\/\"]}]},{\"@type\":\"ImageObject\",\"inLanguage\":\"es\",\"@id\":\"https:\/\/www.sonoraenequipo.com.mx\/ilumina-presidenta-municipal-parques-la-colonia-modelo\/#primaryimage\",\"url\":\"https:\/\/www.sonoraenequipo.com.mx\/storage\/2018\/03\/luzalparque_opt.jpg\",\"contentUrl\":\"https:\/\/www.sonoraenequipo.com.mx\/storage\/2018\/03\/luzalparque_opt.jpg\",\"width\":689,\"height\":450},{\"@type\":\"BreadcrumbList\",\"@id\":\"https:\/\/www.sonoraenequipo.com.mx\/ilumina-presidenta-municipal-parques-la-colonia-modelo\/#breadcrumb\",\"itemListElement\":[{\"@type\":\"ListItem\",\"position\":1,\"name\":\"Portada\",\"item\":\"https:\/\/www.sonoraenequipo.com.mx\/\"},{\"@type\":\"ListItem\",\"position\":2,\"name\":\"Ilumina Presidenta Municipal parques de la colonia Modelo\"}]},{\"@type\":\"WebSite\",\"@id\":\"https:\/\/www.sonoraenequipo.com.mx\/#website\",\"url\":\"https:\/\/www.sonoraenequipo.com.mx\/\",\"name\":\"Sonora en Equipo.\",\"description\":\"Diario en l\u00ednea con Noticias desde Hermosillo, Sonora\",\"publisher\":{\"@id\":\"https:\/\/www.sonoraenequipo.com.mx\/#organization\"},\"potentialAction\":[{\"@type\":\"SearchAction\",\"target\":{\"@type\":\"EntryPoint\",\"urlTemplate\":\"https:\/\/www.sonoraenequipo.com.mx\/?s={search_term_string}\"},\"query-input\":{\"@type\":\"PropertyValueSpecification\",\"valueRequired\":true,\"valueName\":\"search_term_string\"}}],\"inLanguage\":\"es\"},{\"@type\":\"Organization\",\"@id\":\"https:\/\/www.sonoraenequipo.com.mx\/#organization\",\"name\":\"Sonoraenequipo.com.mx\",\"url\":\"https:\/\/www.sonoraenequipo.com.mx\/\",\"logo\":{\"@type\":\"ImageObject\",\"inLanguage\":\"es\",\"@id\":\"https:\/\/www.sonoraenequipo.com.mx\/#\/schema\/logo\/image\/\",\"url\":\"https:\/\/www.sonoraenequipo.com.mx\/storage\/2019\/01\/sonoraenequipo_opt.png\",\"contentUrl\":\"https:\/\/www.sonoraenequipo.com.mx\/storage\/2019\/01\/sonoraenequipo_opt.png\",\"width\":375,\"height\":125,\"caption\":\"Sonoraenequipo.com.mx\"},\"image\":{\"@id\":\"https:\/\/www.sonoraenequipo.com.mx\/#\/schema\/logo\/image\/\"},\"sameAs\":[\"https:\/\/www.facebook.com\/SonoraEE\/\",\"https:\/\/x.com\/sonoraenequipo\",\"https:\/\/www.youtube.com\/channel\/UC338nW-lPEYmJQs4ZABQ1SQ\"]},{\"@type\":\"Person\",\"@id\":\"https:\/\/www.sonoraenequipo.com.mx\/#\/schema\/person\/50102df0fb23a8fa9e8effad8fa81386\",\"name\":\"enequipo\",\"image\":{\"@type\":\"ImageObject\",\"inLanguage\":\"es\",\"@id\":\"https:\/\/www.sonoraenequipo.com.mx\/#\/schema\/person\/image\/\",\"url\":\"https:\/\/secure.gravatar.com\/avatar\/049821681b589dabc0bc20695993ccebb09f5b5d4d790cd9251b97faac7c652b?s=96&d=blank&r=g\",\"contentUrl\":\"https:\/\/secure.gravatar.com\/avatar\/049821681b589dabc0bc20695993ccebb09f5b5d4d790cd9251b97faac7c652b?s=96&d=blank&r=g\",\"caption\":\"enequipo\"},\"sameAs\":[\"https:\/\/www.facebook.com\/SonoraEE\"]}]}<\/script>\n ","yoast_head_json":{"title":"Sonora en Equipo. Ilumina Presidenta Municipal parques de la colonia Modelo Destacadas","description":"HERMOSILLO, SONORA. MX. \u2014 \u201cEstamos comprometidos a que Hermosillo sea esa ciudad en la podamos sentirnos en paz, disfrutar de ella y de sus espacios En Sonora en Equipo publicamos toda la informaci\u00f3n de Sonora, M\u00e9xico y el Mundo de manera oportuna y busca que la libertad de expresi\u00f3n sea real. Visita nuestro medio informativo publicado desde Hermosillo, Sonora. %","robots":{"index":"index","follow":"follow","max-snippet":"max-snippet:-1","max-image-preview":"max-image-preview:large","max-video-preview":"max-video-preview:-1"},"canonical":"https:\/\/www.sonoraenequipo.com.mx\/ilumina-presidenta-municipal-parques-la-colonia-modelo\/","og_locale":"es_ES","og_type":"article","og_title":"Sonora en Equipo. Ilumina Presidenta Municipal parques de la colonia Modelo Destacadas","og_description":"HERMOSILLO, SONORA. MX. \u2014 \u201cEstamos comprometidos a que Hermosillo sea esa ciudad en la podamos sentirnos en paz, disfrutar de ella y de sus espacios En Sonora en Equipo publicamos toda la informaci\u00f3n de Sonora, M\u00e9xico y el Mundo de manera oportuna y busca que la libertad de expresi\u00f3n sea real. Visita nuestro medio informativo publicado desde Hermosillo, Sonora. %","og_url":"https:\/\/www.sonoraenequipo.com.mx\/ilumina-presidenta-municipal-parques-la-colonia-modelo\/","og_site_name":"Sonora en Equipo.","article_publisher":"https:\/\/www.facebook.com\/SonoraEE\/","article_author":"https:\/\/www.facebook.com\/SonoraEE","article_published_time":"2018-03-15T21:10:43+00:00","article_modified_time":"2018-03-16T04:01:03+00:00","og_image":[{"width":689,"height":450,"url":"https:\/\/www.sonoraenequipo.com.mx\/storage\/2018\/03\/luzalparque_opt.jpg","type":"image\/jpeg"}],"author":"enequipo","twitter_card":"summary_large_image","twitter_creator":"@sonoraenequipo","twitter_site":"@sonoraenequipo","twitter_misc":{"Escrito por":"enequipo","Tiempo de lectura":"2 minutos"},"schema":{"@context":"https:\/\/schema.org","@graph":[{"@type":"Article","@id":"https:\/\/www.sonoraenequipo.com.mx\/ilumina-presidenta-municipal-parques-la-colonia-modelo\/#article","isPartOf":{"@id":"https:\/\/www.sonoraenequipo.com.mx\/ilumina-presidenta-municipal-parques-la-colonia-modelo\/"},"author":{"name":"enequipo","@id":"https:\/\/www.sonoraenequipo.com.mx\/#\/schema\/person\/50102df0fb23a8fa9e8effad8fa81386"},"headline":"Ilumina Presidenta Municipal parques de la colonia Modelo","datePublished":"2018-03-15T21:10:43+00:00","dateModified":"2018-03-16T04:01:03+00:00","mainEntityOfPage":{"@id":"https:\/\/www.sonoraenequipo.com.mx\/ilumina-presidenta-municipal-parques-la-colonia-modelo\/"},"wordCount":350,"commentCount":0,"publisher":{"@id":"https:\/\/www.sonoraenequipo.com.mx\/#organization"},"image":{"@id":"https:\/\/www.sonoraenequipo.com.mx\/ilumina-presidenta-municipal-parques-la-colonia-modelo\/#primaryimage"},"thumbnailUrl":"https:\/\/www.sonoraenequipo.com.mx\/storage\/2018\/03\/luzalparque_opt.jpg","articleSection":["Destacadas","Municipios"],"inLanguage":"es","potentialAction":[{"@type":"CommentAction","name":"Comment","target":["https:\/\/www.sonoraenequipo.com.mx\/ilumina-presidenta-municipal-parques-la-colonia-modelo\/#respond"]}]},{"@type":"WebPage","@id":"https:\/\/www.sonoraenequipo.com.mx\/ilumina-presidenta-municipal-parques-la-colonia-modelo\/","url":"https:\/\/www.sonoraenequipo.com.mx\/ilumina-presidenta-municipal-parques-la-colonia-modelo\/","name":"Sonora en Equipo. Ilumina Presidenta Municipal parques de la colonia Modelo Destacadas","isPartOf":{"@id":"https:\/\/www.sonoraenequipo.com.mx\/#website"},"primaryImageOfPage":{"@id":"https:\/\/www.sonoraenequipo.com.mx\/ilumina-presidenta-municipal-parques-la-colonia-modelo\/#primaryimage"},"image":{"@id":"https:\/\/www.sonoraenequipo.com.mx\/ilumina-presidenta-municipal-parques-la-colonia-modelo\/#primaryimage"},"thumbnailUrl":"https:\/\/www.sonoraenequipo.com.mx\/storage\/2018\/03\/luzalparque_opt.jpg","datePublished":"2018-03-15T21:10:43+00:00","dateModified":"2018-03-16T04:01:03+00:00","description":"HERMOSILLO, SONORA. MX. \u2014 \u201cEstamos comprometidos a que Hermosillo sea esa ciudad en la podamos sentirnos en paz, disfrutar de ella y de sus espacios En Sonora en Equipo publicamos toda la informaci\u00f3n de Sonora, M\u00e9xico y el Mundo de manera oportuna y busca que la libertad de expresi\u00f3n sea real. Visita nuestro medio informativo publicado desde Hermosillo, Sonora. %","breadcrumb":{"@id":"https:\/\/www.sonoraenequipo.com.mx\/ilumina-presidenta-municipal-parques-la-colonia-modelo\/#breadcrumb"},"inLanguage":"es","potentialAction":[{"@type":"ReadAction","target":["https:\/\/www.sonoraenequipo.com.mx\/ilumina-presidenta-municipal-parques-la-colonia-modelo\/"]}]},{"@type":"ImageObject","inLanguage":"es","@id":"https:\/\/www.sonoraenequipo.com.mx\/ilumina-presidenta-municipal-parques-la-colonia-modelo\/#primaryimage","url":"https:\/\/www.sonoraenequipo.com.mx\/storage\/2018\/03\/luzalparque_opt.jpg","contentUrl":"https:\/\/www.sonoraenequipo.com.mx\/storage\/2018\/03\/luzalparque_opt.jpg","width":689,"height":450},{"@type":"BreadcrumbList","@id":"https:\/\/www.sonoraenequipo.com.mx\/ilumina-presidenta-municipal-parques-la-colonia-modelo\/#breadcrumb","itemListElement":[{"@type":"ListItem","position":1,"name":"Portada","item":"https:\/\/www.sonoraenequipo.com.mx\/"},{"@type":"ListItem","position":2,"name":"Ilumina Presidenta Municipal parques de la colonia Modelo"}]},{"@type":"WebSite","@id":"https:\/\/www.sonoraenequipo.com.mx\/#website","url":"https:\/\/www.sonoraenequipo.com.mx\/","name":"Sonora en Equipo.","description":"Diario en l\u00ednea con Noticias desde Hermosillo, Sonora","publisher":{"@id":"https:\/\/www.sonoraenequipo.com.mx\/#organization"},"potentialAction":[{"@type":"SearchAction","target":{"@type":"EntryPoint","urlTemplate":"https:\/\/www.sonoraenequipo.com.mx\/?s={search_term_string}"},"query-input":{"@type":"PropertyValueSpecification","valueRequired":true,"valueName":"search_term_string"}}],"inLanguage":"es"},{"@type":"Organization","@id":"https:\/\/www.sonoraenequipo.com.mx\/#organization","name":"Sonoraenequipo.com.mx","url":"https:\/\/www.sonoraenequipo.com.mx\/","logo":{"@type":"ImageObject","inLanguage":"es","@id":"https:\/\/www.sonoraenequipo.com.mx\/#\/schema\/logo\/image\/","url":"https:\/\/www.sonoraenequipo.com.mx\/storage\/2019\/01\/sonoraenequipo_opt.png","contentUrl":"https:\/\/www.sonoraenequipo.com.mx\/storage\/2019\/01\/sonoraenequipo_opt.png","width":375,"height":125,"caption":"Sonoraenequipo.com.mx"},"image":{"@id":"https:\/\/www.sonoraenequipo.com.mx\/#\/schema\/logo\/image\/"},"sameAs":["https:\/\/www.facebook.com\/SonoraEE\/","https:\/\/x.com\/sonoraenequipo","https:\/\/www.youtube.com\/channel\/UC338nW-lPEYmJQs4ZABQ1SQ"]},{"@type":"Person","@id":"https:\/\/www.sonoraenequipo.com.mx\/#\/schema\/person\/50102df0fb23a8fa9e8effad8fa81386","name":"enequipo","image":{"@type":"ImageObject","inLanguage":"es","@id":"https:\/\/www.sonoraenequipo.com.mx\/#\/schema\/person\/image\/","url":"https:\/\/secure.gravatar.com\/avatar\/049821681b589dabc0bc20695993ccebb09f5b5d4d790cd9251b97faac7c652b?s=96&d=blank&r=g","contentUrl":"https:\/\/secure.gravatar.com\/avatar\/049821681b589dabc0bc20695993ccebb09f5b5d4d790cd9251b97faac7c652b?s=96&d=blank&r=g","caption":"enequipo"},"sameAs":["https:\/\/www.facebook.com\/SonoraEE"]}]}},"jetpack_featured_media_url":"https:\/\/www.sonoraenequipo.com.mx\/storage\/2018\/03\/luzalparque_opt.jpg","_links":{"self":[{"href":"https:\/\/www.sonoraenequipo.com.mx\/api\/wp\/v2\/posts\/33626","targetHints":{"allow":["GET"]}}],"collection":[{"href":"https:\/\/www.sonoraenequipo.com.mx\/api\/wp\/v2\/posts"}],"about":[{"href":"https:\/\/www.sonoraenequipo.com.mx\/api\/wp\/v2\/types\/post"}],"author":[{"embeddable":true,"href":"https:\/\/www.sonoraenequipo.com.mx\/api\/wp\/v2\/users\/1"}],"replies":[{"embeddable":true,"href":"https:\/\/www.sonoraenequipo.com.mx\/api\/wp\/v2\/comments?post=33626"}],"version-history":[{"count":0,"href":"https:\/\/www.sonoraenequipo.com.mx\/api\/wp\/v2\/posts\/33626\/revisions"}],"wp:featuredmedia":[{"embeddable":true,"href":"https:\/\/www.sonoraenequipo.com.mx\/api\/wp\/v2\/media\/33598"}],"wp:attachment":[{"href":"https:\/\/www.sonoraenequipo.com.mx\/api\/wp\/v2\/media?parent=33626"}],"wp:term":[{"taxonomy":"category","embeddable":true,"href":"https:\/\/www.sonoraenequipo.com.mx\/api\/wp\/v2\/categories?post=33626"},{"taxonomy":"post_tag","embeddable":true,"href":"https:\/\/www.sonoraenequipo.com.mx\/api\/wp\/v2\/tags?post=33626"}],"curies":[{"name":"wp","href":"https:\/\/api.w.org\/{rel}","templated":true}]}}