{"id":33640,"date":"2018-03-15T06:45:04","date_gmt":"2018-03-15T13:45:04","guid":{"rendered":"http:\/\/www.sonoraenequipo.com.mx\/?p=33640"},"modified":"2018-03-15T21:30:54","modified_gmt":"2018-03-16T04:30:54","slug":"arrestan-italia-sospechoso-terrorismo","status":"publish","type":"post","link":"https:\/\/www.sonoraenequipo.com.mx\/arrestan-italia-sospechoso-terrorismo\/","title":{"rendered":"Arrestan en Italia a sospechoso de terrorismo"},"content":{"rendered":"<p>ROMA, ITALIA. \u2014 Un hombre originario de Letonia fue arrestado hoy en la central ciudad italiana de Viterbo acusado de la posesi\u00f3n de material para preparar explosivos, inform\u00f3 la polic\u00eda de Estado.<\/p>\n<p> <\/p>\n<p>En un comunicado indic\u00f3 que el sospechoso, de 24 a\u00f1os de edad, fue puesto bajo investigaci\u00f3n luego de que la Oficina Federal de Investigaciones (FBI) de Estados Unidos advirti\u00f3 sobre su simpat\u00edas, expresadas a trav\u00e9s de internet, con Sayfullo Saipov, el extremista isl\u00e1mico que el pasado 31 de octubre arroll\u00f3 y mat\u00f3 a ocho personas en Nueva York.<\/p>\n<p>Seg\u00fan la polic\u00eda, durante el registro de la casa del hombre fue encontrado material para la fabricaci\u00f3n de explosivos, adem\u00e1s de armas de diverso calibre.<\/p>\n<p>Ante ello, el juez de investigaciones preliminares del Tribunal de Viterbo orden\u00f3 el arresto del joven, identificado como Dennis Illarionovs, acusado de \u201cfabricaci\u00f3n y posesi\u00f3n de material explosivo\u201d.<\/p>\n<p>La operaci\u00f3n, coordinada por la unidad antiterrorismo de la polic\u00eda, fue fruto de varios meses de indagaciones.<\/p>\n<p>El jefe de la polic\u00eda de Viterbo, Lorenzo Suraci, inform\u00f3 que el hombre lleg\u00f3 a Italia en 2002, cuando era ni\u00f1o, con la madre casada con un italiano y la que posteriormente se transfiri\u00f3 al extranjero.<\/p>\n<p>En rueda de prensa, la jefa de la Direcci\u00f3n de Investigaciones Generales y Operaciones Especiales (DIGOS) de la polic\u00eda, Monia Morelli, explic\u00f3 que el joven viv\u00eda en una situaci\u00f3n de precariedad econ\u00f3mica y emocional.<\/p>\n<p>Dijo que no manten\u00eda relaciones sociales, pasaba el tiempo conectado a internet y solamente sal\u00eda para comprar cigarrillos y lo m\u00ednimo indispensable para comer.<\/p>\n<p><em>\u201cViv\u00eda en una situaci\u00f3n de fragilidad emocional, sin relaciones sociales, aislado de la colectividad y frente a una computadora. Sobreviv\u00eda con el dinero que la madre le enviaba de Alemania\u201d,<\/em> precis\u00f3.<\/p>\n<p>(Fecha de publicaci\u00f3n 15032018)<\/p>\n","protected":false},"excerpt":{"rendered":"<p>ROMA, ITALIA. \u2014 Un hombre originario de Letonia fue arrestado hoy en la central ciudad&#8230;<\/p>\n","protected":false},"author":1,"featured_media":33641,"comment_status":"open","ping_status":"open","sticky":false,"template":"","format":"standard","meta":{"_monsterinsights_skip_tracking":false,"_monsterinsights_sitenote_active":false,"_monsterinsights_sitenote_note":"","_monsterinsights_sitenote_category":0,"footnotes":""},"categories":[3,1],"tags":[],"class_list":["post"],"yoast_head":" \n<title>Sonora en Equipo. Arrestan en Italia a sospechoso de terrorismo Sin categorizar<\/title>\n<meta name=\"description\" content=\"ROMA, ITALIA. \u2014 Un hombre originario de Letonia fue arrestado hoy en la central ciudad italiana de Viterbo acusado de la posesi\u00f3n de material para En Sonora en Equipo publicamos toda la informaci\u00f3n de Sonora, M\u00e9xico y el Mundo de manera oportuna y busca que la libertad de expresi\u00f3n sea real. Visita nuestro medio informativo publicado desde Hermosillo, Sonora. %\" \/>\n<meta name=\"robots\" content=\"index, follow, max-snippet:-1, max-image-preview:large, max-video-preview:-1\" \/>\n<link rel=\"canonical\" href=\"https:\/\/www.sonoraenequipo.com.mx\/arrestan-italia-sospechoso-terrorismo\/\" \/>\n<meta property=\"og:locale\" content=\"es_ES\" \/>\n<meta property=\"og:type\" content=\"article\" \/>\n<meta property=\"og:title\" content=\"Sonora en Equipo. Arrestan en Italia a sospechoso de terrorismo Sin categorizar\" \/>\n<meta property=\"og:description\" content=\"ROMA, ITALIA. \u2014 Un hombre originario de Letonia fue arrestado hoy en la central ciudad italiana de Viterbo acusado de la posesi\u00f3n de material para En Sonora en Equipo publicamos toda la informaci\u00f3n de Sonora, M\u00e9xico y el Mundo de manera oportuna y busca que la libertad de expresi\u00f3n sea real. Visita nuestro medio informativo publicado desde Hermosillo, Sonora. %\" \/>\n<meta property=\"og:url\" content=\"https:\/\/www.sonoraenequipo.com.mx\/arrestan-italia-sospechoso-terrorismo\/\" \/>\n<meta property=\"og:site_name\" content=\"Sonora en Equipo.\" \/>\n<meta property=\"article:publisher\" content=\"https:\/\/www.facebook.com\/SonoraEE\/\" \/>\n<meta property=\"article:author\" content=\"https:\/\/www.facebook.com\/SonoraEE\" \/>\n<meta property=\"article:published_time\" content=\"2018-03-15T13:45:04+00:00\" \/>\n<meta property=\"article:modified_time\" content=\"2018-03-16T04:30:54+00:00\" \/>\n<meta property=\"og:image\" content=\"https:\/\/www.sonoraenequipo.com.mx\/storage\/2018\/03\/arrestan-aterroristas-en-Italia_opt.jpg\" \/>\n\t<meta property=\"og:image:width\" content=\"1055\" \/>\n\t<meta property=\"og:image:height\" content=\"400\" \/>\n\t<meta property=\"og:image:type\" content=\"image\/jpeg\" \/>\n<meta name=\"author\" content=\"enequipo\" \/>\n<meta name=\"twitter:card\" content=\"summary_large_image\" \/>\n<meta name=\"twitter:creator\" content=\"@sonoraenequipo\" \/>\n<meta name=\"twitter:site\" content=\"@sonoraenequipo\" \/>\n<meta name=\"twitter:label1\" content=\"Escrito por\" \/>\n\t<meta name=\"twitter:data1\" content=\"enequipo\" \/>\n\t<meta name=\"twitter:label2\" content=\"Tiempo de lectura\" \/>\n\t<meta name=\"twitter:data2\" content=\"2 minutos\" \/>\n<script type=\"application\/ld+json\" class=\"yoast-schema-graph\">{\"@context\":\"https:\/\/schema.org\",\"@graph\":[{\"@type\":\"Article\",\"@id\":\"https:\/\/www.sonoraenequipo.com.mx\/arrestan-italia-sospechoso-terrorismo\/#article\",\"isPartOf\":{\"@id\":\"https:\/\/www.sonoraenequipo.com.mx\/arrestan-italia-sospechoso-terrorismo\/\"},\"author\":{\"name\":\"enequipo\",\"@id\":\"https:\/\/www.sonoraenequipo.com.mx\/#\/schema\/person\/50102df0fb23a8fa9e8effad8fa81386\"},\"headline\":\"Arrestan en Italia a sospechoso de terrorismo\",\"datePublished\":\"2018-03-15T13:45:04+00:00\",\"dateModified\":\"2018-03-16T04:30:54+00:00\",\"mainEntityOfPage\":{\"@id\":\"https:\/\/www.sonoraenequipo.com.mx\/arrestan-italia-sospechoso-terrorismo\/\"},\"wordCount\":320,\"commentCount\":0,\"publisher\":{\"@id\":\"https:\/\/www.sonoraenequipo.com.mx\/#organization\"},\"image\":{\"@id\":\"https:\/\/www.sonoraenequipo.com.mx\/arrestan-italia-sospechoso-terrorismo\/#primaryimage\"},\"thumbnailUrl\":\"https:\/\/www.sonoraenequipo.com.mx\/storage\/2018\/03\/arrestan-aterroristas-en-Italia_opt.jpg\",\"articleSection\":[\"MUNDO\",\"Sin categorizar\"],\"inLanguage\":\"es\",\"potentialAction\":[{\"@type\":\"CommentAction\",\"name\":\"Comment\",\"target\":[\"https:\/\/www.sonoraenequipo.com.mx\/arrestan-italia-sospechoso-terrorismo\/#respond\"]}]},{\"@type\":\"WebPage\",\"@id\":\"https:\/\/www.sonoraenequipo.com.mx\/arrestan-italia-sospechoso-terrorismo\/\",\"url\":\"https:\/\/www.sonoraenequipo.com.mx\/arrestan-italia-sospechoso-terrorismo\/\",\"name\":\"Sonora en Equipo. Arrestan en Italia a sospechoso de terrorismo Sin categorizar\",\"isPartOf\":{\"@id\":\"https:\/\/www.sonoraenequipo.com.mx\/#website\"},\"primaryImageOfPage\":{\"@id\":\"https:\/\/www.sonoraenequipo.com.mx\/arrestan-italia-sospechoso-terrorismo\/#primaryimage\"},\"image\":{\"@id\":\"https:\/\/www.sonoraenequipo.com.mx\/arrestan-italia-sospechoso-terrorismo\/#primaryimage\"},\"thumbnailUrl\":\"https:\/\/www.sonoraenequipo.com.mx\/storage\/2018\/03\/arrestan-aterroristas-en-Italia_opt.jpg\",\"datePublished\":\"2018-03-15T13:45:04+00:00\",\"dateModified\":\"2018-03-16T04:30:54+00:00\",\"description\":\"ROMA, ITALIA. \u2014 Un hombre originario de Letonia fue arrestado hoy en la central ciudad italiana de Viterbo acusado de la posesi\u00f3n de material para En Sonora en Equipo publicamos toda la informaci\u00f3n de Sonora, M\u00e9xico y el Mundo de manera oportuna y busca que la libertad de expresi\u00f3n sea real. Visita nuestro medio informativo publicado desde Hermosillo, Sonora. %\",\"breadcrumb\":{\"@id\":\"https:\/\/www.sonoraenequipo.com.mx\/arrestan-italia-sospechoso-terrorismo\/#breadcrumb\"},\"inLanguage\":\"es\",\"potentialAction\":[{\"@type\":\"ReadAction\",\"target\":[\"https:\/\/www.sonoraenequipo.com.mx\/arrestan-italia-sospechoso-terrorismo\/\"]}]},{\"@type\":\"ImageObject\",\"inLanguage\":\"es\",\"@id\":\"https:\/\/www.sonoraenequipo.com.mx\/arrestan-italia-sospechoso-terrorismo\/#primaryimage\",\"url\":\"https:\/\/www.sonoraenequipo.com.mx\/storage\/2018\/03\/arrestan-aterroristas-en-Italia_opt.jpg\",\"contentUrl\":\"https:\/\/www.sonoraenequipo.com.mx\/storage\/2018\/03\/arrestan-aterroristas-en-Italia_opt.jpg\",\"width\":1055,\"height\":400},{\"@type\":\"BreadcrumbList\",\"@id\":\"https:\/\/www.sonoraenequipo.com.mx\/arrestan-italia-sospechoso-terrorismo\/#breadcrumb\",\"itemListElement\":[{\"@type\":\"ListItem\",\"position\":1,\"name\":\"Portada\",\"item\":\"https:\/\/www.sonoraenequipo.com.mx\/\"},{\"@type\":\"ListItem\",\"position\":2,\"name\":\"Arrestan en Italia a sospechoso de terrorismo\"}]},{\"@type\":\"WebSite\",\"@id\":\"https:\/\/www.sonoraenequipo.com.mx\/#website\",\"url\":\"https:\/\/www.sonoraenequipo.com.mx\/\",\"name\":\"Sonora en Equipo.\",\"description\":\"Diario en l\u00ednea con Noticias desde Hermosillo, Sonora\",\"publisher\":{\"@id\":\"https:\/\/www.sonoraenequipo.com.mx\/#organization\"},\"potentialAction\":[{\"@type\":\"SearchAction\",\"target\":{\"@type\":\"EntryPoint\",\"urlTemplate\":\"https:\/\/www.sonoraenequipo.com.mx\/?s={search_term_string}\"},\"query-input\":{\"@type\":\"PropertyValueSpecification\",\"valueRequired\":true,\"valueName\":\"search_term_string\"}}],\"inLanguage\":\"es\"},{\"@type\":\"Organization\",\"@id\":\"https:\/\/www.sonoraenequipo.com.mx\/#organization\",\"name\":\"Sonoraenequipo.com.mx\",\"url\":\"https:\/\/www.sonoraenequipo.com.mx\/\",\"logo\":{\"@type\":\"ImageObject\",\"inLanguage\":\"es\",\"@id\":\"https:\/\/www.sonoraenequipo.com.mx\/#\/schema\/logo\/image\/\",\"url\":\"https:\/\/www.sonoraenequipo.com.mx\/storage\/2019\/01\/sonoraenequipo_opt.png\",\"contentUrl\":\"https:\/\/www.sonoraenequipo.com.mx\/storage\/2019\/01\/sonoraenequipo_opt.png\",\"width\":375,\"height\":125,\"caption\":\"Sonoraenequipo.com.mx\"},\"image\":{\"@id\":\"https:\/\/www.sonoraenequipo.com.mx\/#\/schema\/logo\/image\/\"},\"sameAs\":[\"https:\/\/www.facebook.com\/SonoraEE\/\",\"https:\/\/x.com\/sonoraenequipo\",\"https:\/\/www.youtube.com\/channel\/UC338nW-lPEYmJQs4ZABQ1SQ\"]},{\"@type\":\"Person\",\"@id\":\"https:\/\/www.sonoraenequipo.com.mx\/#\/schema\/person\/50102df0fb23a8fa9e8effad8fa81386\",\"name\":\"enequipo\",\"image\":{\"@type\":\"ImageObject\",\"inLanguage\":\"es\",\"@id\":\"https:\/\/www.sonoraenequipo.com.mx\/#\/schema\/person\/image\/\",\"url\":\"https:\/\/secure.gravatar.com\/avatar\/049821681b589dabc0bc20695993ccebb09f5b5d4d790cd9251b97faac7c652b?s=96&d=blank&r=g\",\"contentUrl\":\"https:\/\/secure.gravatar.com\/avatar\/049821681b589dabc0bc20695993ccebb09f5b5d4d790cd9251b97faac7c652b?s=96&d=blank&r=g\",\"caption\":\"enequipo\"},\"sameAs\":[\"https:\/\/www.facebook.com\/SonoraEE\"]}]}<\/script>\n ","yoast_head_json":{"title":"Sonora en Equipo. Arrestan en Italia a sospechoso de terrorismo Sin categorizar","description":"ROMA, ITALIA. \u2014 Un hombre originario de Letonia fue arrestado hoy en la central ciudad italiana de Viterbo acusado de la posesi\u00f3n de material para En Sonora en Equipo publicamos toda la informaci\u00f3n de Sonora, M\u00e9xico y el Mundo de manera oportuna y busca que la libertad de expresi\u00f3n sea real. Visita nuestro medio informativo publicado desde Hermosillo, Sonora. %","robots":{"index":"index","follow":"follow","max-snippet":"max-snippet:-1","max-image-preview":"max-image-preview:large","max-video-preview":"max-video-preview:-1"},"canonical":"https:\/\/www.sonoraenequipo.com.mx\/arrestan-italia-sospechoso-terrorismo\/","og_locale":"es_ES","og_type":"article","og_title":"Sonora en Equipo. Arrestan en Italia a sospechoso de terrorismo Sin categorizar","og_description":"ROMA, ITALIA. \u2014 Un hombre originario de Letonia fue arrestado hoy en la central ciudad italiana de Viterbo acusado de la posesi\u00f3n de material para En Sonora en Equipo publicamos toda la informaci\u00f3n de Sonora, M\u00e9xico y el Mundo de manera oportuna y busca que la libertad de expresi\u00f3n sea real. Visita nuestro medio informativo publicado desde Hermosillo, Sonora. %","og_url":"https:\/\/www.sonoraenequipo.com.mx\/arrestan-italia-sospechoso-terrorismo\/","og_site_name":"Sonora en Equipo.","article_publisher":"https:\/\/www.facebook.com\/SonoraEE\/","article_author":"https:\/\/www.facebook.com\/SonoraEE","article_published_time":"2018-03-15T13:45:04+00:00","article_modified_time":"2018-03-16T04:30:54+00:00","og_image":[{"width":1055,"height":400,"url":"https:\/\/www.sonoraenequipo.com.mx\/storage\/2018\/03\/arrestan-aterroristas-en-Italia_opt.jpg","type":"image\/jpeg"}],"author":"enequipo","twitter_card":"summary_large_image","twitter_creator":"@sonoraenequipo","twitter_site":"@sonoraenequipo","twitter_misc":{"Escrito por":"enequipo","Tiempo de lectura":"2 minutos"},"schema":{"@context":"https:\/\/schema.org","@graph":[{"@type":"Article","@id":"https:\/\/www.sonoraenequipo.com.mx\/arrestan-italia-sospechoso-terrorismo\/#article","isPartOf":{"@id":"https:\/\/www.sonoraenequipo.com.mx\/arrestan-italia-sospechoso-terrorismo\/"},"author":{"name":"enequipo","@id":"https:\/\/www.sonoraenequipo.com.mx\/#\/schema\/person\/50102df0fb23a8fa9e8effad8fa81386"},"headline":"Arrestan en Italia a sospechoso de terrorismo","datePublished":"2018-03-15T13:45:04+00:00","dateModified":"2018-03-16T04:30:54+00:00","mainEntityOfPage":{"@id":"https:\/\/www.sonoraenequipo.com.mx\/arrestan-italia-sospechoso-terrorismo\/"},"wordCount":320,"commentCount":0,"publisher":{"@id":"https:\/\/www.sonoraenequipo.com.mx\/#organization"},"image":{"@id":"https:\/\/www.sonoraenequipo.com.mx\/arrestan-italia-sospechoso-terrorismo\/#primaryimage"},"thumbnailUrl":"https:\/\/www.sonoraenequipo.com.mx\/storage\/2018\/03\/arrestan-aterroristas-en-Italia_opt.jpg","articleSection":["MUNDO","Sin categorizar"],"inLanguage":"es","potentialAction":[{"@type":"CommentAction","name":"Comment","target":["https:\/\/www.sonoraenequipo.com.mx\/arrestan-italia-sospechoso-terrorismo\/#respond"]}]},{"@type":"WebPage","@id":"https:\/\/www.sonoraenequipo.com.mx\/arrestan-italia-sospechoso-terrorismo\/","url":"https:\/\/www.sonoraenequipo.com.mx\/arrestan-italia-sospechoso-terrorismo\/","name":"Sonora en Equipo. Arrestan en Italia a sospechoso de terrorismo Sin categorizar","isPartOf":{"@id":"https:\/\/www.sonoraenequipo.com.mx\/#website"},"primaryImageOfPage":{"@id":"https:\/\/www.sonoraenequipo.com.mx\/arrestan-italia-sospechoso-terrorismo\/#primaryimage"},"image":{"@id":"https:\/\/www.sonoraenequipo.com.mx\/arrestan-italia-sospechoso-terrorismo\/#primaryimage"},"thumbnailUrl":"https:\/\/www.sonoraenequipo.com.mx\/storage\/2018\/03\/arrestan-aterroristas-en-Italia_opt.jpg","datePublished":"2018-03-15T13:45:04+00:00","dateModified":"2018-03-16T04:30:54+00:00","description":"ROMA, ITALIA. \u2014 Un hombre originario de Letonia fue arrestado hoy en la central ciudad italiana de Viterbo acusado de la posesi\u00f3n de material para En Sonora en Equipo publicamos toda la informaci\u00f3n de Sonora, M\u00e9xico y el Mundo de manera oportuna y busca que la libertad de expresi\u00f3n sea real. Visita nuestro medio informativo publicado desde Hermosillo, Sonora. %","breadcrumb":{"@id":"https:\/\/www.sonoraenequipo.com.mx\/arrestan-italia-sospechoso-terrorismo\/#breadcrumb"},"inLanguage":"es","potentialAction":[{"@type":"ReadAction","target":["https:\/\/www.sonoraenequipo.com.mx\/arrestan-italia-sospechoso-terrorismo\/"]}]},{"@type":"ImageObject","inLanguage":"es","@id":"https:\/\/www.sonoraenequipo.com.mx\/arrestan-italia-sospechoso-terrorismo\/#primaryimage","url":"https:\/\/www.sonoraenequipo.com.mx\/storage\/2018\/03\/arrestan-aterroristas-en-Italia_opt.jpg","contentUrl":"https:\/\/www.sonoraenequipo.com.mx\/storage\/2018\/03\/arrestan-aterroristas-en-Italia_opt.jpg","width":1055,"height":400},{"@type":"BreadcrumbList","@id":"https:\/\/www.sonoraenequipo.com.mx\/arrestan-italia-sospechoso-terrorismo\/#breadcrumb","itemListElement":[{"@type":"ListItem","position":1,"name":"Portada","item":"https:\/\/www.sonoraenequipo.com.mx\/"},{"@type":"ListItem","position":2,"name":"Arrestan en Italia a sospechoso de terrorismo"}]},{"@type":"WebSite","@id":"https:\/\/www.sonoraenequipo.com.mx\/#website","url":"https:\/\/www.sonoraenequipo.com.mx\/","name":"Sonora en Equipo.","description":"Diario en l\u00ednea con Noticias desde Hermosillo, Sonora","publisher":{"@id":"https:\/\/www.sonoraenequipo.com.mx\/#organization"},"potentialAction":[{"@type":"SearchAction","target":{"@type":"EntryPoint","urlTemplate":"https:\/\/www.sonoraenequipo.com.mx\/?s={search_term_string}"},"query-input":{"@type":"PropertyValueSpecification","valueRequired":true,"valueName":"search_term_string"}}],"inLanguage":"es"},{"@type":"Organization","@id":"https:\/\/www.sonoraenequipo.com.mx\/#organization","name":"Sonoraenequipo.com.mx","url":"https:\/\/www.sonoraenequipo.com.mx\/","logo":{"@type":"ImageObject","inLanguage":"es","@id":"https:\/\/www.sonoraenequipo.com.mx\/#\/schema\/logo\/image\/","url":"https:\/\/www.sonoraenequipo.com.mx\/storage\/2019\/01\/sonoraenequipo_opt.png","contentUrl":"https:\/\/www.sonoraenequipo.com.mx\/storage\/2019\/01\/sonoraenequipo_opt.png","width":375,"height":125,"caption":"Sonoraenequipo.com.mx"},"image":{"@id":"https:\/\/www.sonoraenequipo.com.mx\/#\/schema\/logo\/image\/"},"sameAs":["https:\/\/www.facebook.com\/SonoraEE\/","https:\/\/x.com\/sonoraenequipo","https:\/\/www.youtube.com\/channel\/UC338nW-lPEYmJQs4ZABQ1SQ"]},{"@type":"Person","@id":"https:\/\/www.sonoraenequipo.com.mx\/#\/schema\/person\/50102df0fb23a8fa9e8effad8fa81386","name":"enequipo","image":{"@type":"ImageObject","inLanguage":"es","@id":"https:\/\/www.sonoraenequipo.com.mx\/#\/schema\/person\/image\/","url":"https:\/\/secure.gravatar.com\/avatar\/049821681b589dabc0bc20695993ccebb09f5b5d4d790cd9251b97faac7c652b?s=96&d=blank&r=g","contentUrl":"https:\/\/secure.gravatar.com\/avatar\/049821681b589dabc0bc20695993ccebb09f5b5d4d790cd9251b97faac7c652b?s=96&d=blank&r=g","caption":"enequipo"},"sameAs":["https:\/\/www.facebook.com\/SonoraEE"]}]}},"jetpack_featured_media_url":"https:\/\/www.sonoraenequipo.com.mx\/storage\/2018\/03\/arrestan-aterroristas-en-Italia_opt.jpg","_links":{"self":[{"href":"https:\/\/www.sonoraenequipo.com.mx\/api\/wp\/v2\/posts\/33640","targetHints":{"allow":["GET"]}}],"collection":[{"href":"https:\/\/www.sonoraenequipo.com.mx\/api\/wp\/v2\/posts"}],"about":[{"href":"https:\/\/www.sonoraenequipo.com.mx\/api\/wp\/v2\/types\/post"}],"author":[{"embeddable":true,"href":"https:\/\/www.sonoraenequipo.com.mx\/api\/wp\/v2\/users\/1"}],"replies":[{"embeddable":true,"href":"https:\/\/www.sonoraenequipo.com.mx\/api\/wp\/v2\/comments?post=33640"}],"version-history":[{"count":0,"href":"https:\/\/www.sonoraenequipo.com.mx\/api\/wp\/v2\/posts\/33640\/revisions"}],"wp:featuredmedia":[{"embeddable":true,"href":"https:\/\/www.sonoraenequipo.com.mx\/api\/wp\/v2\/media\/33641"}],"wp:attachment":[{"href":"https:\/\/www.sonoraenequipo.com.mx\/api\/wp\/v2\/media?parent=33640"}],"wp:term":[{"taxonomy":"category","embeddable":true,"href":"https:\/\/www.sonoraenequipo.com.mx\/api\/wp\/v2\/categories?post=33640"},{"taxonomy":"post_tag","embeddable":true,"href":"https:\/\/www.sonoraenequipo.com.mx\/api\/wp\/v2\/tags?post=33640"}],"curies":[{"name":"wp","href":"https:\/\/api.w.org\/{rel}","templated":true}]}}