{"id":33649,"date":"2018-03-15T00:15:45","date_gmt":"2018-03-15T07:15:45","guid":{"rendered":"http:\/\/www.sonoraenequipo.com.mx\/?p=33649"},"modified":"2018-03-15T21:49:37","modified_gmt":"2018-03-16T04:49:37","slug":"detienen-osiel-cardenas-jr-texas","status":"publish","type":"post","link":"https:\/\/www.sonoraenequipo.com.mx\/detienen-osiel-cardenas-jr-texas\/","title":{"rendered":"Detienen a Osiel C\u00e1rdenas Jr. en Texas"},"content":{"rendered":"<p>TEXAS, ESTADOS UNIDOS. \u2014 Osiel Cadenas Jr., hijo del exjefe del C\u00e1rtel del Golfo, Osiel C\u00e1rdenas Guill\u00e9n, fue detenido en la comunidad fronteriza de Brownsville, Texas, por posesi\u00f3n ilegal de un arma y por enga\u00f1ar a la polic\u00eda.<\/p>\n<p> <\/p>\n<p>Agentes del Departamento de Polic\u00eda de Brownsville arrestaron a C\u00e1rdenas Jr. en un bar de esa ciudad la noche del martes, luego que una persona en el lugar lo observ\u00f3 en posesi\u00f3n de un arma y llam\u00f3 para reportarlo.<\/p>\n<p>J. J. Trevi\u00f1o, vocero de la polic\u00eda de Brownsville, explic\u00f3 que cuando la polic\u00eda trat\u00f3 de arrestarlo, C\u00e1rdenas Jr., les dijo que era agente del Servicio del Alguacil de Estados Unido (U.S. Marshall), y les mostr\u00f3 una placa.<\/p>\n<p>C\u00e1rdenas Jr., de 25 a\u00f1os, est\u00e1 detenido y acusado de posesi\u00f3n ilegal de un arma y falsa representaci\u00f3n de un agente de la ley. Un juez orden\u00f3 que permaneciera detenido sin derecho a fianza, dado que en el momento de su arresto se encontraba en libertad condicional.<\/p>\n<p>En diciembre de 2014, C\u00e1rdenas Jr., fue detenido por tratar de contrabandear a M\u00e9xico cientos de balas de distintos calibres y fue sentenciado en 2015 a 10 meses de prisi\u00f3n.<\/p>\n<p>C\u00e1rdenas Jr., de nacionalidad estadunidense, es hijo de Osiel C\u00e1rdenas Guill\u00e9n, quien fuera el l\u00edder del C\u00e1rtel del Golfo y ahora est\u00e1 preso en una c\u00e1rcel de m\u00e1xima seguridad en Colorado.<\/p>\n<p>(Fecha de publicaci\u00f3n 15032018)<\/p>\n","protected":false},"excerpt":{"rendered":"<p>TEXAS, ESTADOS UNIDOS. \u2014 Osiel Cadenas Jr., hijo del exjefe del C\u00e1rtel del Golfo, Osiel&#8230;<\/p>\n","protected":false},"author":1,"featured_media":33651,"comment_status":"open","ping_status":"open","sticky":false,"template":"","format":"standard","meta":{"_monsterinsights_skip_tracking":false,"_monsterinsights_sitenote_active":false,"_monsterinsights_sitenote_note":"","_monsterinsights_sitenote_category":0,"footnotes":""},"categories":[3,1],"tags":[],"class_list":["post"],"yoast_head":" \n<title>Sonora en Equipo. Detienen a Osiel C\u00e1rdenas Jr. en Texas Sin categorizar<\/title>\n<meta name=\"description\" content=\"TEXAS, ESTADOS UNIDOS. \u2014 Osiel Cadenas Jr., hijo del exjefe del C\u00e1rtel del Golfo, Osiel C\u00e1rdenas Guill\u00e9n, fue detenido en la comunidad fronteriza de En Sonora en Equipo publicamos toda la informaci\u00f3n de Sonora, M\u00e9xico y el Mundo de manera oportuna y busca que la libertad de expresi\u00f3n sea real. Visita nuestro medio informativo publicado desde Hermosillo, Sonora. %\" \/>\n<meta name=\"robots\" content=\"index, follow, max-snippet:-1, max-image-preview:large, max-video-preview:-1\" \/>\n<link rel=\"canonical\" href=\"https:\/\/www.sonoraenequipo.com.mx\/detienen-osiel-cardenas-jr-texas\/\" \/>\n<meta property=\"og:locale\" content=\"es_ES\" \/>\n<meta property=\"og:type\" content=\"article\" \/>\n<meta property=\"og:title\" content=\"Sonora en Equipo. Detienen a Osiel C\u00e1rdenas Jr. en Texas Sin categorizar\" \/>\n<meta property=\"og:description\" content=\"TEXAS, ESTADOS UNIDOS. \u2014 Osiel Cadenas Jr., hijo del exjefe del C\u00e1rtel del Golfo, Osiel C\u00e1rdenas Guill\u00e9n, fue detenido en la comunidad fronteriza de En Sonora en Equipo publicamos toda la informaci\u00f3n de Sonora, M\u00e9xico y el Mundo de manera oportuna y busca que la libertad de expresi\u00f3n sea real. Visita nuestro medio informativo publicado desde Hermosillo, Sonora. %\" \/>\n<meta property=\"og:url\" content=\"https:\/\/www.sonoraenequipo.com.mx\/detienen-osiel-cardenas-jr-texas\/\" \/>\n<meta property=\"og:site_name\" content=\"Sonora en Equipo.\" \/>\n<meta property=\"article:publisher\" content=\"https:\/\/www.facebook.com\/SonoraEE\/\" \/>\n<meta property=\"article:author\" content=\"https:\/\/www.facebook.com\/SonoraEE\" \/>\n<meta property=\"article:published_time\" content=\"2018-03-15T07:15:45+00:00\" \/>\n<meta property=\"article:modified_time\" content=\"2018-03-16T04:49:37+00:00\" \/>\n<meta property=\"og:image\" content=\"https:\/\/www.sonoraenequipo.com.mx\/storage\/2018\/03\/osiel_opt.jpg\" \/>\n\t<meta property=\"og:image:width\" content=\"759\" \/>\n\t<meta property=\"og:image:height\" content=\"461\" \/>\n\t<meta property=\"og:image:type\" content=\"image\/jpeg\" \/>\n<meta name=\"author\" content=\"enequipo\" \/>\n<meta name=\"twitter:card\" content=\"summary_large_image\" \/>\n<meta name=\"twitter:creator\" content=\"@sonoraenequipo\" \/>\n<meta name=\"twitter:site\" content=\"@sonoraenequipo\" \/>\n<meta name=\"twitter:label1\" content=\"Escrito por\" \/>\n\t<meta name=\"twitter:data1\" content=\"enequipo\" \/>\n\t<meta name=\"twitter:label2\" content=\"Tiempo de lectura\" \/>\n\t<meta name=\"twitter:data2\" content=\"1 minuto\" \/>\n<script type=\"application\/ld+json\" class=\"yoast-schema-graph\">{\"@context\":\"https:\/\/schema.org\",\"@graph\":[{\"@type\":\"Article\",\"@id\":\"https:\/\/www.sonoraenequipo.com.mx\/detienen-osiel-cardenas-jr-texas\/#article\",\"isPartOf\":{\"@id\":\"https:\/\/www.sonoraenequipo.com.mx\/detienen-osiel-cardenas-jr-texas\/\"},\"author\":{\"name\":\"enequipo\",\"@id\":\"https:\/\/www.sonoraenequipo.com.mx\/#\/schema\/person\/50102df0fb23a8fa9e8effad8fa81386\"},\"headline\":\"Detienen a Osiel C\u00e1rdenas Jr. en Texas\",\"datePublished\":\"2018-03-15T07:15:45+00:00\",\"dateModified\":\"2018-03-16T04:49:37+00:00\",\"mainEntityOfPage\":{\"@id\":\"https:\/\/www.sonoraenequipo.com.mx\/detienen-osiel-cardenas-jr-texas\/\"},\"wordCount\":258,\"commentCount\":0,\"publisher\":{\"@id\":\"https:\/\/www.sonoraenequipo.com.mx\/#organization\"},\"image\":{\"@id\":\"https:\/\/www.sonoraenequipo.com.mx\/detienen-osiel-cardenas-jr-texas\/#primaryimage\"},\"thumbnailUrl\":\"https:\/\/www.sonoraenequipo.com.mx\/storage\/2018\/03\/osiel_opt.jpg\",\"articleSection\":[\"MUNDO\",\"Sin categorizar\"],\"inLanguage\":\"es\",\"potentialAction\":[{\"@type\":\"CommentAction\",\"name\":\"Comment\",\"target\":[\"https:\/\/www.sonoraenequipo.com.mx\/detienen-osiel-cardenas-jr-texas\/#respond\"]}]},{\"@type\":\"WebPage\",\"@id\":\"https:\/\/www.sonoraenequipo.com.mx\/detienen-osiel-cardenas-jr-texas\/\",\"url\":\"https:\/\/www.sonoraenequipo.com.mx\/detienen-osiel-cardenas-jr-texas\/\",\"name\":\"Sonora en Equipo. Detienen a Osiel C\u00e1rdenas Jr. en Texas Sin categorizar\",\"isPartOf\":{\"@id\":\"https:\/\/www.sonoraenequipo.com.mx\/#website\"},\"primaryImageOfPage\":{\"@id\":\"https:\/\/www.sonoraenequipo.com.mx\/detienen-osiel-cardenas-jr-texas\/#primaryimage\"},\"image\":{\"@id\":\"https:\/\/www.sonoraenequipo.com.mx\/detienen-osiel-cardenas-jr-texas\/#primaryimage\"},\"thumbnailUrl\":\"https:\/\/www.sonoraenequipo.com.mx\/storage\/2018\/03\/osiel_opt.jpg\",\"datePublished\":\"2018-03-15T07:15:45+00:00\",\"dateModified\":\"2018-03-16T04:49:37+00:00\",\"description\":\"TEXAS, ESTADOS UNIDOS. \u2014 Osiel Cadenas Jr., hijo del exjefe del C\u00e1rtel del Golfo, Osiel C\u00e1rdenas Guill\u00e9n, fue detenido en la comunidad fronteriza de En Sonora en Equipo publicamos toda la informaci\u00f3n de Sonora, M\u00e9xico y el Mundo de manera oportuna y busca que la libertad de expresi\u00f3n sea real. Visita nuestro medio informativo publicado desde Hermosillo, Sonora. %\",\"breadcrumb\":{\"@id\":\"https:\/\/www.sonoraenequipo.com.mx\/detienen-osiel-cardenas-jr-texas\/#breadcrumb\"},\"inLanguage\":\"es\",\"potentialAction\":[{\"@type\":\"ReadAction\",\"target\":[\"https:\/\/www.sonoraenequipo.com.mx\/detienen-osiel-cardenas-jr-texas\/\"]}]},{\"@type\":\"ImageObject\",\"inLanguage\":\"es\",\"@id\":\"https:\/\/www.sonoraenequipo.com.mx\/detienen-osiel-cardenas-jr-texas\/#primaryimage\",\"url\":\"https:\/\/www.sonoraenequipo.com.mx\/storage\/2018\/03\/osiel_opt.jpg\",\"contentUrl\":\"https:\/\/www.sonoraenequipo.com.mx\/storage\/2018\/03\/osiel_opt.jpg\",\"width\":759,\"height\":461},{\"@type\":\"BreadcrumbList\",\"@id\":\"https:\/\/www.sonoraenequipo.com.mx\/detienen-osiel-cardenas-jr-texas\/#breadcrumb\",\"itemListElement\":[{\"@type\":\"ListItem\",\"position\":1,\"name\":\"Portada\",\"item\":\"https:\/\/www.sonoraenequipo.com.mx\/\"},{\"@type\":\"ListItem\",\"position\":2,\"name\":\"Detienen a Osiel C\u00e1rdenas Jr. en Texas\"}]},{\"@type\":\"WebSite\",\"@id\":\"https:\/\/www.sonoraenequipo.com.mx\/#website\",\"url\":\"https:\/\/www.sonoraenequipo.com.mx\/\",\"name\":\"Sonora en Equipo.\",\"description\":\"Diario en l\u00ednea con Noticias desde Hermosillo, Sonora\",\"publisher\":{\"@id\":\"https:\/\/www.sonoraenequipo.com.mx\/#organization\"},\"potentialAction\":[{\"@type\":\"SearchAction\",\"target\":{\"@type\":\"EntryPoint\",\"urlTemplate\":\"https:\/\/www.sonoraenequipo.com.mx\/?s={search_term_string}\"},\"query-input\":{\"@type\":\"PropertyValueSpecification\",\"valueRequired\":true,\"valueName\":\"search_term_string\"}}],\"inLanguage\":\"es\"},{\"@type\":\"Organization\",\"@id\":\"https:\/\/www.sonoraenequipo.com.mx\/#organization\",\"name\":\"Sonoraenequipo.com.mx\",\"url\":\"https:\/\/www.sonoraenequipo.com.mx\/\",\"logo\":{\"@type\":\"ImageObject\",\"inLanguage\":\"es\",\"@id\":\"https:\/\/www.sonoraenequipo.com.mx\/#\/schema\/logo\/image\/\",\"url\":\"https:\/\/www.sonoraenequipo.com.mx\/storage\/2019\/01\/sonoraenequipo_opt.png\",\"contentUrl\":\"https:\/\/www.sonoraenequipo.com.mx\/storage\/2019\/01\/sonoraenequipo_opt.png\",\"width\":375,\"height\":125,\"caption\":\"Sonoraenequipo.com.mx\"},\"image\":{\"@id\":\"https:\/\/www.sonoraenequipo.com.mx\/#\/schema\/logo\/image\/\"},\"sameAs\":[\"https:\/\/www.facebook.com\/SonoraEE\/\",\"https:\/\/x.com\/sonoraenequipo\",\"https:\/\/www.youtube.com\/channel\/UC338nW-lPEYmJQs4ZABQ1SQ\"]},{\"@type\":\"Person\",\"@id\":\"https:\/\/www.sonoraenequipo.com.mx\/#\/schema\/person\/50102df0fb23a8fa9e8effad8fa81386\",\"name\":\"enequipo\",\"image\":{\"@type\":\"ImageObject\",\"inLanguage\":\"es\",\"@id\":\"https:\/\/www.sonoraenequipo.com.mx\/#\/schema\/person\/image\/\",\"url\":\"https:\/\/secure.gravatar.com\/avatar\/049821681b589dabc0bc20695993ccebb09f5b5d4d790cd9251b97faac7c652b?s=96&d=blank&r=g\",\"contentUrl\":\"https:\/\/secure.gravatar.com\/avatar\/049821681b589dabc0bc20695993ccebb09f5b5d4d790cd9251b97faac7c652b?s=96&d=blank&r=g\",\"caption\":\"enequipo\"},\"sameAs\":[\"https:\/\/www.facebook.com\/SonoraEE\"]}]}<\/script>\n ","yoast_head_json":{"title":"Sonora en Equipo. Detienen a Osiel C\u00e1rdenas Jr. en Texas Sin categorizar","description":"TEXAS, ESTADOS UNIDOS. \u2014 Osiel Cadenas Jr., hijo del exjefe del C\u00e1rtel del Golfo, Osiel C\u00e1rdenas Guill\u00e9n, fue detenido en la comunidad fronteriza de En Sonora en Equipo publicamos toda la informaci\u00f3n de Sonora, M\u00e9xico y el Mundo de manera oportuna y busca que la libertad de expresi\u00f3n sea real. Visita nuestro medio informativo publicado desde Hermosillo, Sonora. %","robots":{"index":"index","follow":"follow","max-snippet":"max-snippet:-1","max-image-preview":"max-image-preview:large","max-video-preview":"max-video-preview:-1"},"canonical":"https:\/\/www.sonoraenequipo.com.mx\/detienen-osiel-cardenas-jr-texas\/","og_locale":"es_ES","og_type":"article","og_title":"Sonora en Equipo. Detienen a Osiel C\u00e1rdenas Jr. en Texas Sin categorizar","og_description":"TEXAS, ESTADOS UNIDOS. \u2014 Osiel Cadenas Jr., hijo del exjefe del C\u00e1rtel del Golfo, Osiel C\u00e1rdenas Guill\u00e9n, fue detenido en la comunidad fronteriza de En Sonora en Equipo publicamos toda la informaci\u00f3n de Sonora, M\u00e9xico y el Mundo de manera oportuna y busca que la libertad de expresi\u00f3n sea real. Visita nuestro medio informativo publicado desde Hermosillo, Sonora. %","og_url":"https:\/\/www.sonoraenequipo.com.mx\/detienen-osiel-cardenas-jr-texas\/","og_site_name":"Sonora en Equipo.","article_publisher":"https:\/\/www.facebook.com\/SonoraEE\/","article_author":"https:\/\/www.facebook.com\/SonoraEE","article_published_time":"2018-03-15T07:15:45+00:00","article_modified_time":"2018-03-16T04:49:37+00:00","og_image":[{"width":759,"height":461,"url":"https:\/\/www.sonoraenequipo.com.mx\/storage\/2018\/03\/osiel_opt.jpg","type":"image\/jpeg"}],"author":"enequipo","twitter_card":"summary_large_image","twitter_creator":"@sonoraenequipo","twitter_site":"@sonoraenequipo","twitter_misc":{"Escrito por":"enequipo","Tiempo de lectura":"1 minuto"},"schema":{"@context":"https:\/\/schema.org","@graph":[{"@type":"Article","@id":"https:\/\/www.sonoraenequipo.com.mx\/detienen-osiel-cardenas-jr-texas\/#article","isPartOf":{"@id":"https:\/\/www.sonoraenequipo.com.mx\/detienen-osiel-cardenas-jr-texas\/"},"author":{"name":"enequipo","@id":"https:\/\/www.sonoraenequipo.com.mx\/#\/schema\/person\/50102df0fb23a8fa9e8effad8fa81386"},"headline":"Detienen a Osiel C\u00e1rdenas Jr. en Texas","datePublished":"2018-03-15T07:15:45+00:00","dateModified":"2018-03-16T04:49:37+00:00","mainEntityOfPage":{"@id":"https:\/\/www.sonoraenequipo.com.mx\/detienen-osiel-cardenas-jr-texas\/"},"wordCount":258,"commentCount":0,"publisher":{"@id":"https:\/\/www.sonoraenequipo.com.mx\/#organization"},"image":{"@id":"https:\/\/www.sonoraenequipo.com.mx\/detienen-osiel-cardenas-jr-texas\/#primaryimage"},"thumbnailUrl":"https:\/\/www.sonoraenequipo.com.mx\/storage\/2018\/03\/osiel_opt.jpg","articleSection":["MUNDO","Sin categorizar"],"inLanguage":"es","potentialAction":[{"@type":"CommentAction","name":"Comment","target":["https:\/\/www.sonoraenequipo.com.mx\/detienen-osiel-cardenas-jr-texas\/#respond"]}]},{"@type":"WebPage","@id":"https:\/\/www.sonoraenequipo.com.mx\/detienen-osiel-cardenas-jr-texas\/","url":"https:\/\/www.sonoraenequipo.com.mx\/detienen-osiel-cardenas-jr-texas\/","name":"Sonora en Equipo. Detienen a Osiel C\u00e1rdenas Jr. en Texas Sin categorizar","isPartOf":{"@id":"https:\/\/www.sonoraenequipo.com.mx\/#website"},"primaryImageOfPage":{"@id":"https:\/\/www.sonoraenequipo.com.mx\/detienen-osiel-cardenas-jr-texas\/#primaryimage"},"image":{"@id":"https:\/\/www.sonoraenequipo.com.mx\/detienen-osiel-cardenas-jr-texas\/#primaryimage"},"thumbnailUrl":"https:\/\/www.sonoraenequipo.com.mx\/storage\/2018\/03\/osiel_opt.jpg","datePublished":"2018-03-15T07:15:45+00:00","dateModified":"2018-03-16T04:49:37+00:00","description":"TEXAS, ESTADOS UNIDOS. \u2014 Osiel Cadenas Jr., hijo del exjefe del C\u00e1rtel del Golfo, Osiel C\u00e1rdenas Guill\u00e9n, fue detenido en la comunidad fronteriza de En Sonora en Equipo publicamos toda la informaci\u00f3n de Sonora, M\u00e9xico y el Mundo de manera oportuna y busca que la libertad de expresi\u00f3n sea real. Visita nuestro medio informativo publicado desde Hermosillo, Sonora. %","breadcrumb":{"@id":"https:\/\/www.sonoraenequipo.com.mx\/detienen-osiel-cardenas-jr-texas\/#breadcrumb"},"inLanguage":"es","potentialAction":[{"@type":"ReadAction","target":["https:\/\/www.sonoraenequipo.com.mx\/detienen-osiel-cardenas-jr-texas\/"]}]},{"@type":"ImageObject","inLanguage":"es","@id":"https:\/\/www.sonoraenequipo.com.mx\/detienen-osiel-cardenas-jr-texas\/#primaryimage","url":"https:\/\/www.sonoraenequipo.com.mx\/storage\/2018\/03\/osiel_opt.jpg","contentUrl":"https:\/\/www.sonoraenequipo.com.mx\/storage\/2018\/03\/osiel_opt.jpg","width":759,"height":461},{"@type":"BreadcrumbList","@id":"https:\/\/www.sonoraenequipo.com.mx\/detienen-osiel-cardenas-jr-texas\/#breadcrumb","itemListElement":[{"@type":"ListItem","position":1,"name":"Portada","item":"https:\/\/www.sonoraenequipo.com.mx\/"},{"@type":"ListItem","position":2,"name":"Detienen a Osiel C\u00e1rdenas Jr. en Texas"}]},{"@type":"WebSite","@id":"https:\/\/www.sonoraenequipo.com.mx\/#website","url":"https:\/\/www.sonoraenequipo.com.mx\/","name":"Sonora en Equipo.","description":"Diario en l\u00ednea con Noticias desde Hermosillo, Sonora","publisher":{"@id":"https:\/\/www.sonoraenequipo.com.mx\/#organization"},"potentialAction":[{"@type":"SearchAction","target":{"@type":"EntryPoint","urlTemplate":"https:\/\/www.sonoraenequipo.com.mx\/?s={search_term_string}"},"query-input":{"@type":"PropertyValueSpecification","valueRequired":true,"valueName":"search_term_string"}}],"inLanguage":"es"},{"@type":"Organization","@id":"https:\/\/www.sonoraenequipo.com.mx\/#organization","name":"Sonoraenequipo.com.mx","url":"https:\/\/www.sonoraenequipo.com.mx\/","logo":{"@type":"ImageObject","inLanguage":"es","@id":"https:\/\/www.sonoraenequipo.com.mx\/#\/schema\/logo\/image\/","url":"https:\/\/www.sonoraenequipo.com.mx\/storage\/2019\/01\/sonoraenequipo_opt.png","contentUrl":"https:\/\/www.sonoraenequipo.com.mx\/storage\/2019\/01\/sonoraenequipo_opt.png","width":375,"height":125,"caption":"Sonoraenequipo.com.mx"},"image":{"@id":"https:\/\/www.sonoraenequipo.com.mx\/#\/schema\/logo\/image\/"},"sameAs":["https:\/\/www.facebook.com\/SonoraEE\/","https:\/\/x.com\/sonoraenequipo","https:\/\/www.youtube.com\/channel\/UC338nW-lPEYmJQs4ZABQ1SQ"]},{"@type":"Person","@id":"https:\/\/www.sonoraenequipo.com.mx\/#\/schema\/person\/50102df0fb23a8fa9e8effad8fa81386","name":"enequipo","image":{"@type":"ImageObject","inLanguage":"es","@id":"https:\/\/www.sonoraenequipo.com.mx\/#\/schema\/person\/image\/","url":"https:\/\/secure.gravatar.com\/avatar\/049821681b589dabc0bc20695993ccebb09f5b5d4d790cd9251b97faac7c652b?s=96&d=blank&r=g","contentUrl":"https:\/\/secure.gravatar.com\/avatar\/049821681b589dabc0bc20695993ccebb09f5b5d4d790cd9251b97faac7c652b?s=96&d=blank&r=g","caption":"enequipo"},"sameAs":["https:\/\/www.facebook.com\/SonoraEE"]}]}},"jetpack_featured_media_url":"https:\/\/www.sonoraenequipo.com.mx\/storage\/2018\/03\/osiel_opt.jpg","_links":{"self":[{"href":"https:\/\/www.sonoraenequipo.com.mx\/api\/wp\/v2\/posts\/33649","targetHints":{"allow":["GET"]}}],"collection":[{"href":"https:\/\/www.sonoraenequipo.com.mx\/api\/wp\/v2\/posts"}],"about":[{"href":"https:\/\/www.sonoraenequipo.com.mx\/api\/wp\/v2\/types\/post"}],"author":[{"embeddable":true,"href":"https:\/\/www.sonoraenequipo.com.mx\/api\/wp\/v2\/users\/1"}],"replies":[{"embeddable":true,"href":"https:\/\/www.sonoraenequipo.com.mx\/api\/wp\/v2\/comments?post=33649"}],"version-history":[{"count":0,"href":"https:\/\/www.sonoraenequipo.com.mx\/api\/wp\/v2\/posts\/33649\/revisions"}],"wp:featuredmedia":[{"embeddable":true,"href":"https:\/\/www.sonoraenequipo.com.mx\/api\/wp\/v2\/media\/33651"}],"wp:attachment":[{"href":"https:\/\/www.sonoraenequipo.com.mx\/api\/wp\/v2\/media?parent=33649"}],"wp:term":[{"taxonomy":"category","embeddable":true,"href":"https:\/\/www.sonoraenequipo.com.mx\/api\/wp\/v2\/categories?post=33649"},{"taxonomy":"post_tag","embeddable":true,"href":"https:\/\/www.sonoraenequipo.com.mx\/api\/wp\/v2\/tags?post=33649"}],"curies":[{"name":"wp","href":"https:\/\/api.w.org\/{rel}","templated":true}]}}