{"id":34509,"date":"2018-04-01T08:20:11","date_gmt":"2018-04-01T15:20:11","guid":{"rendered":"http:\/\/www.sonoraenequipo.com.mx\/?p=34509"},"modified":"2018-04-01T12:25:45","modified_gmt":"2018-04-01T19:25:45","slug":"iras-a-estados-unidos-tendras-que-registrar-tus-redes-sociales","status":"publish","type":"post","link":"https:\/\/www.sonoraenequipo.com.mx\/iras-a-estados-unidos-tendras-que-registrar-tus-redes-sociales\/","title":{"rendered":"\u00bfIr\u00e1s a Estados Unidos? Tendr\u00e1s que registrar tus redes sociales"},"content":{"rendered":"<p>NOGALES, ARIZONA. EUA. \u2014 Solicitantes de visas para los Estados Unidos tendr\u00e1n que registrar sus redes sociales, despu\u00e9s que el proceso de solicitud para una visa recibi\u00f3 cambios el pasado jueves.<\/p>\n<p> <\/p>\n<p>Seg\u00fan los avisos presentados por el Departamento de Estado, la administraci\u00f3n de Trump pronto exigir\u00e1 que los inmigrantes que soliciten una visa presenten cinco a\u00f1os de historial y nombre de usuario de sus redes sociales.<\/p>\n<p>La informaci\u00f3n dirigida incluir\u00eda informaci\u00f3n de Facebook, Twitter e Instagram, as\u00ed como tambi\u00e9n direcciones de correo electr\u00f3nico, n\u00fameros de tel\u00e9fono y registros de viajes internacionales de los \u00faltimos cinco a\u00f1os.<\/p>\n<p>La pol\u00edtica no tendr\u00e1 vigencia durante al menos 60 d\u00edas, ya que estar\u00e1 abierta para comentarios del p\u00fablico.<\/p>\n<p>Las cuentas de las redes sociales de los inmigrantes fueron puestas en el punto de mira desde el a\u00f1o 2015, cuando se descubri\u00f3 que el terrorista de San Bernardino Tashfeen Malik hab\u00eda mostrado signos de apoyo a una jihad en Facebook antes de llegar al pa\u00eds.<\/p>\n<p>La solicitud actual de visa les pide a los solicitantes que hagan una lista de sus redes sociales, pero s\u00f3lo de manera voluntaria. El Departamento de Estado estima que el cambio afectar\u00e1 a 14.71 millones de solicitantes, incluidos aquellos que soliciten visas de estudiantes, negocios y visitantes (vacaciones).<\/p>\n<p>(Fecha de publicaci\u00f3n 01042018)<\/p>\n","protected":false},"excerpt":{"rendered":"<p>NOGALES, ARIZONA. EUA. \u2014 Solicitantes de visas para los Estados Unidos tendr\u00e1n que registrar sus&#8230;<\/p>\n","protected":false},"author":1,"featured_media":34510,"comment_status":"open","ping_status":"open","sticky":false,"template":"","format":"standard","meta":{"_monsterinsights_skip_tracking":false,"_monsterinsights_sitenote_active":false,"_monsterinsights_sitenote_note":"","_monsterinsights_sitenote_category":0,"footnotes":""},"categories":[13,3],"tags":[],"class_list":["post"],"yoast_head":" \n<title>Sonora en Equipo. \u00bfIr\u00e1s a Estados Unidos? Tendr\u00e1s que registrar tus redes sociales Destacadas<\/title>\n<meta name=\"description\" content=\"NOGALES, ARIZONA. EUA. \u2014 Solicitantes de visas para los Estados Unidos tendr\u00e1n que registrar sus redes sociales, despu\u00e9s que el proceso de solicitud para En Sonora en Equipo publicamos toda la informaci\u00f3n de Sonora, M\u00e9xico y el Mundo de manera oportuna y busca que la libertad de expresi\u00f3n sea real. Visita nuestro medio informativo publicado desde Hermosillo, Sonora. %\" \/>\n<meta name=\"robots\" content=\"index, follow, max-snippet:-1, max-image-preview:large, max-video-preview:-1\" \/>\n<link rel=\"canonical\" href=\"https:\/\/www.sonoraenequipo.com.mx\/iras-a-estados-unidos-tendras-que-registrar-tus-redes-sociales\/\" \/>\n<meta property=\"og:locale\" content=\"es_ES\" \/>\n<meta property=\"og:type\" content=\"article\" \/>\n<meta property=\"og:title\" content=\"Sonora en Equipo. \u00bfIr\u00e1s a Estados Unidos? Tendr\u00e1s que registrar tus redes sociales Destacadas\" \/>\n<meta property=\"og:description\" content=\"NOGALES, ARIZONA. EUA. \u2014 Solicitantes de visas para los Estados Unidos tendr\u00e1n que registrar sus redes sociales, despu\u00e9s que el proceso de solicitud para En Sonora en Equipo publicamos toda la informaci\u00f3n de Sonora, M\u00e9xico y el Mundo de manera oportuna y busca que la libertad de expresi\u00f3n sea real. Visita nuestro medio informativo publicado desde Hermosillo, Sonora. %\" \/>\n<meta property=\"og:url\" content=\"https:\/\/www.sonoraenequipo.com.mx\/iras-a-estados-unidos-tendras-que-registrar-tus-redes-sociales\/\" \/>\n<meta property=\"og:site_name\" content=\"Sonora en Equipo.\" \/>\n<meta property=\"article:publisher\" content=\"https:\/\/www.facebook.com\/SonoraEE\/\" \/>\n<meta property=\"article:author\" content=\"https:\/\/www.facebook.com\/SonoraEE\" \/>\n<meta property=\"article:published_time\" content=\"2018-04-01T15:20:11+00:00\" \/>\n<meta property=\"article:modified_time\" content=\"2018-04-01T19:25:45+00:00\" \/>\n<meta property=\"og:image\" content=\"https:\/\/www.sonoraenequipo.com.mx\/storage\/2018\/04\/redessociales_0_opt.jpg\" \/>\n\t<meta property=\"og:image:width\" content=\"529\" \/>\n\t<meta property=\"og:image:height\" content=\"397\" \/>\n\t<meta property=\"og:image:type\" content=\"image\/jpeg\" \/>\n<meta name=\"author\" content=\"enequipo\" \/>\n<meta name=\"twitter:card\" content=\"summary_large_image\" \/>\n<meta name=\"twitter:creator\" content=\"@sonoraenequipo\" \/>\n<meta name=\"twitter:site\" content=\"@sonoraenequipo\" \/>\n<meta name=\"twitter:label1\" content=\"Escrito por\" \/>\n\t<meta name=\"twitter:data1\" content=\"enequipo\" \/>\n\t<meta name=\"twitter:label2\" content=\"Tiempo de lectura\" \/>\n\t<meta name=\"twitter:data2\" content=\"1 minuto\" \/>\n<script type=\"application\/ld+json\" class=\"yoast-schema-graph\">{\"@context\":\"https:\/\/schema.org\",\"@graph\":[{\"@type\":\"Article\",\"@id\":\"https:\/\/www.sonoraenequipo.com.mx\/iras-a-estados-unidos-tendras-que-registrar-tus-redes-sociales\/#article\",\"isPartOf\":{\"@id\":\"https:\/\/www.sonoraenequipo.com.mx\/iras-a-estados-unidos-tendras-que-registrar-tus-redes-sociales\/\"},\"author\":{\"name\":\"enequipo\",\"@id\":\"https:\/\/www.sonoraenequipo.com.mx\/#\/schema\/person\/50102df0fb23a8fa9e8effad8fa81386\"},\"headline\":\"\u00bfIr\u00e1s a Estados Unidos? Tendr\u00e1s que registrar tus redes sociales\",\"datePublished\":\"2018-04-01T15:20:11+00:00\",\"dateModified\":\"2018-04-01T19:25:45+00:00\",\"mainEntityOfPage\":{\"@id\":\"https:\/\/www.sonoraenequipo.com.mx\/iras-a-estados-unidos-tendras-que-registrar-tus-redes-sociales\/\"},\"wordCount\":240,\"commentCount\":0,\"publisher\":{\"@id\":\"https:\/\/www.sonoraenequipo.com.mx\/#organization\"},\"image\":{\"@id\":\"https:\/\/www.sonoraenequipo.com.mx\/iras-a-estados-unidos-tendras-que-registrar-tus-redes-sociales\/#primaryimage\"},\"thumbnailUrl\":\"https:\/\/www.sonoraenequipo.com.mx\/storage\/2018\/04\/redessociales_0_opt.jpg\",\"articleSection\":[\"Destacadas\",\"MUNDO\"],\"inLanguage\":\"es\",\"potentialAction\":[{\"@type\":\"CommentAction\",\"name\":\"Comment\",\"target\":[\"https:\/\/www.sonoraenequipo.com.mx\/iras-a-estados-unidos-tendras-que-registrar-tus-redes-sociales\/#respond\"]}]},{\"@type\":\"WebPage\",\"@id\":\"https:\/\/www.sonoraenequipo.com.mx\/iras-a-estados-unidos-tendras-que-registrar-tus-redes-sociales\/\",\"url\":\"https:\/\/www.sonoraenequipo.com.mx\/iras-a-estados-unidos-tendras-que-registrar-tus-redes-sociales\/\",\"name\":\"Sonora en Equipo. \u00bfIr\u00e1s a Estados Unidos? Tendr\u00e1s que registrar tus redes sociales Destacadas\",\"isPartOf\":{\"@id\":\"https:\/\/www.sonoraenequipo.com.mx\/#website\"},\"primaryImageOfPage\":{\"@id\":\"https:\/\/www.sonoraenequipo.com.mx\/iras-a-estados-unidos-tendras-que-registrar-tus-redes-sociales\/#primaryimage\"},\"image\":{\"@id\":\"https:\/\/www.sonoraenequipo.com.mx\/iras-a-estados-unidos-tendras-que-registrar-tus-redes-sociales\/#primaryimage\"},\"thumbnailUrl\":\"https:\/\/www.sonoraenequipo.com.mx\/storage\/2018\/04\/redessociales_0_opt.jpg\",\"datePublished\":\"2018-04-01T15:20:11+00:00\",\"dateModified\":\"2018-04-01T19:25:45+00:00\",\"description\":\"NOGALES, ARIZONA. EUA. \u2014 Solicitantes de visas para los Estados Unidos tendr\u00e1n que registrar sus redes sociales, despu\u00e9s que el proceso de solicitud para En Sonora en Equipo publicamos toda la informaci\u00f3n de Sonora, M\u00e9xico y el Mundo de manera oportuna y busca que la libertad de expresi\u00f3n sea real. Visita nuestro medio informativo publicado desde Hermosillo, Sonora. %\",\"breadcrumb\":{\"@id\":\"https:\/\/www.sonoraenequipo.com.mx\/iras-a-estados-unidos-tendras-que-registrar-tus-redes-sociales\/#breadcrumb\"},\"inLanguage\":\"es\",\"potentialAction\":[{\"@type\":\"ReadAction\",\"target\":[\"https:\/\/www.sonoraenequipo.com.mx\/iras-a-estados-unidos-tendras-que-registrar-tus-redes-sociales\/\"]}]},{\"@type\":\"ImageObject\",\"inLanguage\":\"es\",\"@id\":\"https:\/\/www.sonoraenequipo.com.mx\/iras-a-estados-unidos-tendras-que-registrar-tus-redes-sociales\/#primaryimage\",\"url\":\"https:\/\/www.sonoraenequipo.com.mx\/storage\/2018\/04\/redessociales_0_opt.jpg\",\"contentUrl\":\"https:\/\/www.sonoraenequipo.com.mx\/storage\/2018\/04\/redessociales_0_opt.jpg\",\"width\":529,\"height\":397},{\"@type\":\"BreadcrumbList\",\"@id\":\"https:\/\/www.sonoraenequipo.com.mx\/iras-a-estados-unidos-tendras-que-registrar-tus-redes-sociales\/#breadcrumb\",\"itemListElement\":[{\"@type\":\"ListItem\",\"position\":1,\"name\":\"Portada\",\"item\":\"https:\/\/www.sonoraenequipo.com.mx\/\"},{\"@type\":\"ListItem\",\"position\":2,\"name\":\"\u00bfIr\u00e1s a Estados Unidos? Tendr\u00e1s que registrar tus redes sociales\"}]},{\"@type\":\"WebSite\",\"@id\":\"https:\/\/www.sonoraenequipo.com.mx\/#website\",\"url\":\"https:\/\/www.sonoraenequipo.com.mx\/\",\"name\":\"Sonora en Equipo.\",\"description\":\"Diario en l\u00ednea con Noticias desde Hermosillo, Sonora\",\"publisher\":{\"@id\":\"https:\/\/www.sonoraenequipo.com.mx\/#organization\"},\"potentialAction\":[{\"@type\":\"SearchAction\",\"target\":{\"@type\":\"EntryPoint\",\"urlTemplate\":\"https:\/\/www.sonoraenequipo.com.mx\/?s={search_term_string}\"},\"query-input\":{\"@type\":\"PropertyValueSpecification\",\"valueRequired\":true,\"valueName\":\"search_term_string\"}}],\"inLanguage\":\"es\"},{\"@type\":\"Organization\",\"@id\":\"https:\/\/www.sonoraenequipo.com.mx\/#organization\",\"name\":\"Sonoraenequipo.com.mx\",\"url\":\"https:\/\/www.sonoraenequipo.com.mx\/\",\"logo\":{\"@type\":\"ImageObject\",\"inLanguage\":\"es\",\"@id\":\"https:\/\/www.sonoraenequipo.com.mx\/#\/schema\/logo\/image\/\",\"url\":\"https:\/\/www.sonoraenequipo.com.mx\/storage\/2019\/01\/sonoraenequipo_opt.png\",\"contentUrl\":\"https:\/\/www.sonoraenequipo.com.mx\/storage\/2019\/01\/sonoraenequipo_opt.png\",\"width\":375,\"height\":125,\"caption\":\"Sonoraenequipo.com.mx\"},\"image\":{\"@id\":\"https:\/\/www.sonoraenequipo.com.mx\/#\/schema\/logo\/image\/\"},\"sameAs\":[\"https:\/\/www.facebook.com\/SonoraEE\/\",\"https:\/\/x.com\/sonoraenequipo\",\"https:\/\/www.youtube.com\/channel\/UC338nW-lPEYmJQs4ZABQ1SQ\"]},{\"@type\":\"Person\",\"@id\":\"https:\/\/www.sonoraenequipo.com.mx\/#\/schema\/person\/50102df0fb23a8fa9e8effad8fa81386\",\"name\":\"enequipo\",\"image\":{\"@type\":\"ImageObject\",\"inLanguage\":\"es\",\"@id\":\"https:\/\/www.sonoraenequipo.com.mx\/#\/schema\/person\/image\/\",\"url\":\"https:\/\/secure.gravatar.com\/avatar\/049821681b589dabc0bc20695993ccebb09f5b5d4d790cd9251b97faac7c652b?s=96&d=blank&r=g\",\"contentUrl\":\"https:\/\/secure.gravatar.com\/avatar\/049821681b589dabc0bc20695993ccebb09f5b5d4d790cd9251b97faac7c652b?s=96&d=blank&r=g\",\"caption\":\"enequipo\"},\"sameAs\":[\"https:\/\/www.facebook.com\/SonoraEE\"]}]}<\/script>\n ","yoast_head_json":{"title":"Sonora en Equipo. \u00bfIr\u00e1s a Estados Unidos? Tendr\u00e1s que registrar tus redes sociales Destacadas","description":"NOGALES, ARIZONA. EUA. \u2014 Solicitantes de visas para los Estados Unidos tendr\u00e1n que registrar sus redes sociales, despu\u00e9s que el proceso de solicitud para En Sonora en Equipo publicamos toda la informaci\u00f3n de Sonora, M\u00e9xico y el Mundo de manera oportuna y busca que la libertad de expresi\u00f3n sea real. Visita nuestro medio informativo publicado desde Hermosillo, Sonora. %","robots":{"index":"index","follow":"follow","max-snippet":"max-snippet:-1","max-image-preview":"max-image-preview:large","max-video-preview":"max-video-preview:-1"},"canonical":"https:\/\/www.sonoraenequipo.com.mx\/iras-a-estados-unidos-tendras-que-registrar-tus-redes-sociales\/","og_locale":"es_ES","og_type":"article","og_title":"Sonora en Equipo. \u00bfIr\u00e1s a Estados Unidos? Tendr\u00e1s que registrar tus redes sociales Destacadas","og_description":"NOGALES, ARIZONA. EUA. \u2014 Solicitantes de visas para los Estados Unidos tendr\u00e1n que registrar sus redes sociales, despu\u00e9s que el proceso de solicitud para En Sonora en Equipo publicamos toda la informaci\u00f3n de Sonora, M\u00e9xico y el Mundo de manera oportuna y busca que la libertad de expresi\u00f3n sea real. Visita nuestro medio informativo publicado desde Hermosillo, Sonora. %","og_url":"https:\/\/www.sonoraenequipo.com.mx\/iras-a-estados-unidos-tendras-que-registrar-tus-redes-sociales\/","og_site_name":"Sonora en Equipo.","article_publisher":"https:\/\/www.facebook.com\/SonoraEE\/","article_author":"https:\/\/www.facebook.com\/SonoraEE","article_published_time":"2018-04-01T15:20:11+00:00","article_modified_time":"2018-04-01T19:25:45+00:00","og_image":[{"width":529,"height":397,"url":"https:\/\/www.sonoraenequipo.com.mx\/storage\/2018\/04\/redessociales_0_opt.jpg","type":"image\/jpeg"}],"author":"enequipo","twitter_card":"summary_large_image","twitter_creator":"@sonoraenequipo","twitter_site":"@sonoraenequipo","twitter_misc":{"Escrito por":"enequipo","Tiempo de lectura":"1 minuto"},"schema":{"@context":"https:\/\/schema.org","@graph":[{"@type":"Article","@id":"https:\/\/www.sonoraenequipo.com.mx\/iras-a-estados-unidos-tendras-que-registrar-tus-redes-sociales\/#article","isPartOf":{"@id":"https:\/\/www.sonoraenequipo.com.mx\/iras-a-estados-unidos-tendras-que-registrar-tus-redes-sociales\/"},"author":{"name":"enequipo","@id":"https:\/\/www.sonoraenequipo.com.mx\/#\/schema\/person\/50102df0fb23a8fa9e8effad8fa81386"},"headline":"\u00bfIr\u00e1s a Estados Unidos? Tendr\u00e1s que registrar tus redes sociales","datePublished":"2018-04-01T15:20:11+00:00","dateModified":"2018-04-01T19:25:45+00:00","mainEntityOfPage":{"@id":"https:\/\/www.sonoraenequipo.com.mx\/iras-a-estados-unidos-tendras-que-registrar-tus-redes-sociales\/"},"wordCount":240,"commentCount":0,"publisher":{"@id":"https:\/\/www.sonoraenequipo.com.mx\/#organization"},"image":{"@id":"https:\/\/www.sonoraenequipo.com.mx\/iras-a-estados-unidos-tendras-que-registrar-tus-redes-sociales\/#primaryimage"},"thumbnailUrl":"https:\/\/www.sonoraenequipo.com.mx\/storage\/2018\/04\/redessociales_0_opt.jpg","articleSection":["Destacadas","MUNDO"],"inLanguage":"es","potentialAction":[{"@type":"CommentAction","name":"Comment","target":["https:\/\/www.sonoraenequipo.com.mx\/iras-a-estados-unidos-tendras-que-registrar-tus-redes-sociales\/#respond"]}]},{"@type":"WebPage","@id":"https:\/\/www.sonoraenequipo.com.mx\/iras-a-estados-unidos-tendras-que-registrar-tus-redes-sociales\/","url":"https:\/\/www.sonoraenequipo.com.mx\/iras-a-estados-unidos-tendras-que-registrar-tus-redes-sociales\/","name":"Sonora en Equipo. \u00bfIr\u00e1s a Estados Unidos? Tendr\u00e1s que registrar tus redes sociales Destacadas","isPartOf":{"@id":"https:\/\/www.sonoraenequipo.com.mx\/#website"},"primaryImageOfPage":{"@id":"https:\/\/www.sonoraenequipo.com.mx\/iras-a-estados-unidos-tendras-que-registrar-tus-redes-sociales\/#primaryimage"},"image":{"@id":"https:\/\/www.sonoraenequipo.com.mx\/iras-a-estados-unidos-tendras-que-registrar-tus-redes-sociales\/#primaryimage"},"thumbnailUrl":"https:\/\/www.sonoraenequipo.com.mx\/storage\/2018\/04\/redessociales_0_opt.jpg","datePublished":"2018-04-01T15:20:11+00:00","dateModified":"2018-04-01T19:25:45+00:00","description":"NOGALES, ARIZONA. EUA. \u2014 Solicitantes de visas para los Estados Unidos tendr\u00e1n que registrar sus redes sociales, despu\u00e9s que el proceso de solicitud para En Sonora en Equipo publicamos toda la informaci\u00f3n de Sonora, M\u00e9xico y el Mundo de manera oportuna y busca que la libertad de expresi\u00f3n sea real. Visita nuestro medio informativo publicado desde Hermosillo, Sonora. %","breadcrumb":{"@id":"https:\/\/www.sonoraenequipo.com.mx\/iras-a-estados-unidos-tendras-que-registrar-tus-redes-sociales\/#breadcrumb"},"inLanguage":"es","potentialAction":[{"@type":"ReadAction","target":["https:\/\/www.sonoraenequipo.com.mx\/iras-a-estados-unidos-tendras-que-registrar-tus-redes-sociales\/"]}]},{"@type":"ImageObject","inLanguage":"es","@id":"https:\/\/www.sonoraenequipo.com.mx\/iras-a-estados-unidos-tendras-que-registrar-tus-redes-sociales\/#primaryimage","url":"https:\/\/www.sonoraenequipo.com.mx\/storage\/2018\/04\/redessociales_0_opt.jpg","contentUrl":"https:\/\/www.sonoraenequipo.com.mx\/storage\/2018\/04\/redessociales_0_opt.jpg","width":529,"height":397},{"@type":"BreadcrumbList","@id":"https:\/\/www.sonoraenequipo.com.mx\/iras-a-estados-unidos-tendras-que-registrar-tus-redes-sociales\/#breadcrumb","itemListElement":[{"@type":"ListItem","position":1,"name":"Portada","item":"https:\/\/www.sonoraenequipo.com.mx\/"},{"@type":"ListItem","position":2,"name":"\u00bfIr\u00e1s a Estados Unidos? Tendr\u00e1s que registrar tus redes sociales"}]},{"@type":"WebSite","@id":"https:\/\/www.sonoraenequipo.com.mx\/#website","url":"https:\/\/www.sonoraenequipo.com.mx\/","name":"Sonora en Equipo.","description":"Diario en l\u00ednea con Noticias desde Hermosillo, Sonora","publisher":{"@id":"https:\/\/www.sonoraenequipo.com.mx\/#organization"},"potentialAction":[{"@type":"SearchAction","target":{"@type":"EntryPoint","urlTemplate":"https:\/\/www.sonoraenequipo.com.mx\/?s={search_term_string}"},"query-input":{"@type":"PropertyValueSpecification","valueRequired":true,"valueName":"search_term_string"}}],"inLanguage":"es"},{"@type":"Organization","@id":"https:\/\/www.sonoraenequipo.com.mx\/#organization","name":"Sonoraenequipo.com.mx","url":"https:\/\/www.sonoraenequipo.com.mx\/","logo":{"@type":"ImageObject","inLanguage":"es","@id":"https:\/\/www.sonoraenequipo.com.mx\/#\/schema\/logo\/image\/","url":"https:\/\/www.sonoraenequipo.com.mx\/storage\/2019\/01\/sonoraenequipo_opt.png","contentUrl":"https:\/\/www.sonoraenequipo.com.mx\/storage\/2019\/01\/sonoraenequipo_opt.png","width":375,"height":125,"caption":"Sonoraenequipo.com.mx"},"image":{"@id":"https:\/\/www.sonoraenequipo.com.mx\/#\/schema\/logo\/image\/"},"sameAs":["https:\/\/www.facebook.com\/SonoraEE\/","https:\/\/x.com\/sonoraenequipo","https:\/\/www.youtube.com\/channel\/UC338nW-lPEYmJQs4ZABQ1SQ"]},{"@type":"Person","@id":"https:\/\/www.sonoraenequipo.com.mx\/#\/schema\/person\/50102df0fb23a8fa9e8effad8fa81386","name":"enequipo","image":{"@type":"ImageObject","inLanguage":"es","@id":"https:\/\/www.sonoraenequipo.com.mx\/#\/schema\/person\/image\/","url":"https:\/\/secure.gravatar.com\/avatar\/049821681b589dabc0bc20695993ccebb09f5b5d4d790cd9251b97faac7c652b?s=96&d=blank&r=g","contentUrl":"https:\/\/secure.gravatar.com\/avatar\/049821681b589dabc0bc20695993ccebb09f5b5d4d790cd9251b97faac7c652b?s=96&d=blank&r=g","caption":"enequipo"},"sameAs":["https:\/\/www.facebook.com\/SonoraEE"]}]}},"jetpack_featured_media_url":"https:\/\/www.sonoraenequipo.com.mx\/storage\/2018\/04\/redessociales_0_opt.jpg","_links":{"self":[{"href":"https:\/\/www.sonoraenequipo.com.mx\/api\/wp\/v2\/posts\/34509","targetHints":{"allow":["GET"]}}],"collection":[{"href":"https:\/\/www.sonoraenequipo.com.mx\/api\/wp\/v2\/posts"}],"about":[{"href":"https:\/\/www.sonoraenequipo.com.mx\/api\/wp\/v2\/types\/post"}],"author":[{"embeddable":true,"href":"https:\/\/www.sonoraenequipo.com.mx\/api\/wp\/v2\/users\/1"}],"replies":[{"embeddable":true,"href":"https:\/\/www.sonoraenequipo.com.mx\/api\/wp\/v2\/comments?post=34509"}],"version-history":[{"count":0,"href":"https:\/\/www.sonoraenequipo.com.mx\/api\/wp\/v2\/posts\/34509\/revisions"}],"wp:featuredmedia":[{"embeddable":true,"href":"https:\/\/www.sonoraenequipo.com.mx\/api\/wp\/v2\/media\/34510"}],"wp:attachment":[{"href":"https:\/\/www.sonoraenequipo.com.mx\/api\/wp\/v2\/media?parent=34509"}],"wp:term":[{"taxonomy":"category","embeddable":true,"href":"https:\/\/www.sonoraenequipo.com.mx\/api\/wp\/v2\/categories?post=34509"},{"taxonomy":"post_tag","embeddable":true,"href":"https:\/\/www.sonoraenequipo.com.mx\/api\/wp\/v2\/tags?post=34509"}],"curies":[{"name":"wp","href":"https:\/\/api.w.org\/{rel}","templated":true}]}}