{"id":34515,"date":"2018-04-01T06:50:21","date_gmt":"2018-04-01T13:50:21","guid":{"rendered":"http:\/\/www.sonoraenequipo.com.mx\/?p=34515"},"modified":"2018-04-01T12:34:04","modified_gmt":"2018-04-01T19:34:04","slug":"las-aguilas-se-llevan-el-clasico-por-2-1","status":"publish","type":"post","link":"https:\/\/www.sonoraenequipo.com.mx\/las-aguilas-se-llevan-el-clasico-por-2-1\/","title":{"rendered":"Las \u00c1guilas se llevan el Cl\u00e1sico por 2-1"},"content":{"rendered":"<p>CIUDAD DE M\u00c9XICO. MX. \u2014 Se mantuvo la paternidad del Am\u00e9rica sobre Cruz Azul. Las \u00c1guilas dejaron sin opciones de liguilla a La M\u00e1quina al venir de atr\u00e1s y llevarse la victoria por 2-1, en un Estadio Azteca que ser\u00e1 compartido por ambos a partir del pr\u00f3ximo torneo.<\/p>\n<p> <\/p>\n<p>Una vez m\u00e1s, el conjunto celeste hizo so\u00f1ar a sus aficionados con un gol tempranero de Edson M\u00e9ndez, pero la ilusi\u00f3n se precipit\u00f3 de la nube con un gol de Mateus Uribe y despu\u00e9s el segundo de Cecilio Dom\u00ednguez.<\/p>\n<p>Una serie de malas decisiones fueron, tal vez, el origen de la derrota para Pedro Caixinha. La posibilidad se vuelve confirmaci\u00f3n cuando se le ve a Carlos Pe\u00f1a muy lejos del nivel que lo llev\u00f3 hace cuatro a\u00f1os al Mundial de Brasil.<\/p>\n<p>A los seis minutos, Cruz Azul celebr\u00f3 con el tanto del espa\u00f1ol M\u00e9ndez. Un potente derechazo venci\u00f3 a Marches\u00edn y mantuvo a Cruz Azul con las ilusiones de la liguilla.<\/p>\n<p>El empate lleg\u00f3 al 23\u2019. Mateus Uribe, el mejor jugador del Am\u00e9rica en el campo, le peg\u00f3 con rencor a un bal\u00f3n rebotado que no alcanzo Jes\u00fas Corona, jugador que al final del partido volver\u00eda a perder la cordura.<\/p>\n<p>Oribe Peralta no pes\u00f3 en goles, pero lo hizo con movilidad, aunque despu\u00e9s tuvo que salir en la segunda parte por una lesi\u00f3n en la zona de las costillas. Fue el atacante mexicano quien prolong\u00f3 al lado izquierdo, del que ya se apropi\u00f3 Cecilio Dom\u00ednguez, para que el paraguayo definiera de primera y venciera a Corona antes de irse al descanso con disparo cruzado.<\/p>\n<p>Para la segunda parte, Caixinha entendi\u00f3 que no puede seguir defendiendo lo indefendible. Sac\u00f3 al \u2018Gullit\u2019 y meti\u00f3 a Mart\u00edn Rodr\u00edguez, que en 10 minutos caus\u00f3 m\u00e1s peligro que Pe\u00f1a en lo que va de la temporada. El chileno, adem\u00e1s, estrell\u00f3 un bal\u00f3n al travesa\u00f1o.<\/p>\n<p>M\u00e9ndez, Cauteruccio, Dom\u00ednguez y Mena tambi\u00e9n probaron, aunque sin suerte ante Marches\u00edn; Adri\u00e1n Aldrete cumpli\u00f3 en el cuadro bajo de La M\u00e1quina, oportuno al desarmar a Ibarra en una ocasi\u00f3n que pudo ser el tercero.<\/p>\n<p>Pese a los esfuerzos que pudieron darle algo m\u00e1s a los celestes, La M\u00e1quina no pudo y volver\u00e1 a ausentarse de una liguilla, a la que s\u00ed lleg\u00f3 el torneo pasado con un a\u00f1orado Paco J\u00e9mez. Se jug\u00f3 su \u00faltima oportunidad ante uno de los candidatos a levantar el trofeo de campe\u00f3n, que se repuso ante su gente despu\u00e9s de perder el invicto la jornada pasada.<\/p>\n<p>Tras el silbatazo final, la impotencia volvi\u00f3 a apoderarse de Jes\u00fas Corona. Encare al \u00e1rbitro, reclamaciones airadas y un manotazo a la c\u00e1mara rumbo a los vestidores, ampliaron el historial de un futbolista de calidad que pierde los cabales en momentos de adversidad. Un reflejo de lo que se vive en Cruz Azul.<\/p>\n<p>(Fecha de publicaci\u00f3n 01042018)<\/p>\n","protected":false},"excerpt":{"rendered":"<p>CIUDAD DE M\u00c9XICO. MX. \u2014 Se mantuvo la paternidad del Am\u00e9rica sobre Cruz Azul. Las&#8230;<\/p>\n","protected":false},"author":1,"featured_media":34516,"comment_status":"open","ping_status":"open","sticky":false,"template":"","format":"standard","meta":{"_monsterinsights_skip_tracking":false,"_monsterinsights_sitenote_active":false,"_monsterinsights_sitenote_note":"","_monsterinsights_sitenote_category":0,"footnotes":""},"categories":[10,1],"tags":[],"class_list":["post"],"yoast_head":" \n<title>Sonora en Equipo. Las \u00c1guilas se llevan el Cl\u00e1sico por 2-1 Sin categorizar<\/title>\n<meta name=\"description\" content=\"CIUDAD DE M\u00c9XICO. MX. \u2014 Se mantuvo la paternidad del Am\u00e9rica sobre Cruz Azul. Las \u00c1guilas dejaron sin opciones de liguilla a La M\u00e1quina al venir de atr\u00e1s En Sonora en Equipo publicamos toda la informaci\u00f3n de Sonora, M\u00e9xico y el Mundo de manera oportuna y busca que la libertad de expresi\u00f3n sea real. Visita nuestro medio informativo publicado desde Hermosillo, Sonora. %\" \/>\n<meta name=\"robots\" content=\"index, follow, max-snippet:-1, max-image-preview:large, max-video-preview:-1\" \/>\n<link rel=\"canonical\" href=\"https:\/\/www.sonoraenequipo.com.mx\/las-aguilas-se-llevan-el-clasico-por-2-1\/\" \/>\n<meta property=\"og:locale\" content=\"es_ES\" \/>\n<meta property=\"og:type\" content=\"article\" \/>\n<meta property=\"og:title\" content=\"Sonora en Equipo. Las \u00c1guilas se llevan el Cl\u00e1sico por 2-1 Sin categorizar\" \/>\n<meta property=\"og:description\" content=\"CIUDAD DE M\u00c9XICO. MX. \u2014 Se mantuvo la paternidad del Am\u00e9rica sobre Cruz Azul. Las \u00c1guilas dejaron sin opciones de liguilla a La M\u00e1quina al venir de atr\u00e1s En Sonora en Equipo publicamos toda la informaci\u00f3n de Sonora, M\u00e9xico y el Mundo de manera oportuna y busca que la libertad de expresi\u00f3n sea real. Visita nuestro medio informativo publicado desde Hermosillo, Sonora. %\" \/>\n<meta property=\"og:url\" content=\"https:\/\/www.sonoraenequipo.com.mx\/las-aguilas-se-llevan-el-clasico-por-2-1\/\" \/>\n<meta property=\"og:site_name\" content=\"Sonora en Equipo.\" \/>\n<meta property=\"article:publisher\" content=\"https:\/\/www.facebook.com\/SonoraEE\/\" \/>\n<meta property=\"article:author\" content=\"https:\/\/www.facebook.com\/SonoraEE\" \/>\n<meta property=\"article:published_time\" content=\"2018-04-01T13:50:21+00:00\" \/>\n<meta property=\"article:modified_time\" content=\"2018-04-01T19:34:04+00:00\" \/>\n<meta property=\"og:image\" content=\"https:\/\/www.sonoraenequipo.com.mx\/storage\/2018\/04\/futbol_opt.jpg\" \/>\n\t<meta property=\"og:image:width\" content=\"533\" \/>\n\t<meta property=\"og:image:height\" content=\"400\" \/>\n\t<meta property=\"og:image:type\" content=\"image\/jpeg\" \/>\n<meta name=\"author\" content=\"enequipo\" \/>\n<meta name=\"twitter:card\" content=\"summary_large_image\" \/>\n<meta name=\"twitter:creator\" content=\"@sonoraenequipo\" \/>\n<meta name=\"twitter:site\" content=\"@sonoraenequipo\" \/>\n<meta name=\"twitter:label1\" content=\"Escrito por\" \/>\n\t<meta name=\"twitter:data1\" content=\"enequipo\" \/>\n\t<meta name=\"twitter:label2\" content=\"Tiempo de lectura\" \/>\n\t<meta name=\"twitter:data2\" content=\"3 minutos\" \/>\n<script type=\"application\/ld+json\" class=\"yoast-schema-graph\">{\"@context\":\"https:\/\/schema.org\",\"@graph\":[{\"@type\":\"Article\",\"@id\":\"https:\/\/www.sonoraenequipo.com.mx\/las-aguilas-se-llevan-el-clasico-por-2-1\/#article\",\"isPartOf\":{\"@id\":\"https:\/\/www.sonoraenequipo.com.mx\/las-aguilas-se-llevan-el-clasico-por-2-1\/\"},\"author\":{\"name\":\"enequipo\",\"@id\":\"https:\/\/www.sonoraenequipo.com.mx\/#\/schema\/person\/50102df0fb23a8fa9e8effad8fa81386\"},\"headline\":\"Las \u00c1guilas se llevan el Cl\u00e1sico por 2-1\",\"datePublished\":\"2018-04-01T13:50:21+00:00\",\"dateModified\":\"2018-04-01T19:34:04+00:00\",\"mainEntityOfPage\":{\"@id\":\"https:\/\/www.sonoraenequipo.com.mx\/las-aguilas-se-llevan-el-clasico-por-2-1\/\"},\"wordCount\":517,\"commentCount\":0,\"publisher\":{\"@id\":\"https:\/\/www.sonoraenequipo.com.mx\/#organization\"},\"image\":{\"@id\":\"https:\/\/www.sonoraenequipo.com.mx\/las-aguilas-se-llevan-el-clasico-por-2-1\/#primaryimage\"},\"thumbnailUrl\":\"https:\/\/www.sonoraenequipo.com.mx\/storage\/2018\/04\/futbol_opt.jpg\",\"articleSection\":[\"Deportes\",\"Sin categorizar\"],\"inLanguage\":\"es\",\"potentialAction\":[{\"@type\":\"CommentAction\",\"name\":\"Comment\",\"target\":[\"https:\/\/www.sonoraenequipo.com.mx\/las-aguilas-se-llevan-el-clasico-por-2-1\/#respond\"]}]},{\"@type\":\"WebPage\",\"@id\":\"https:\/\/www.sonoraenequipo.com.mx\/las-aguilas-se-llevan-el-clasico-por-2-1\/\",\"url\":\"https:\/\/www.sonoraenequipo.com.mx\/las-aguilas-se-llevan-el-clasico-por-2-1\/\",\"name\":\"Sonora en Equipo. Las \u00c1guilas se llevan el Cl\u00e1sico por 2-1 Sin categorizar\",\"isPartOf\":{\"@id\":\"https:\/\/www.sonoraenequipo.com.mx\/#website\"},\"primaryImageOfPage\":{\"@id\":\"https:\/\/www.sonoraenequipo.com.mx\/las-aguilas-se-llevan-el-clasico-por-2-1\/#primaryimage\"},\"image\":{\"@id\":\"https:\/\/www.sonoraenequipo.com.mx\/las-aguilas-se-llevan-el-clasico-por-2-1\/#primaryimage\"},\"thumbnailUrl\":\"https:\/\/www.sonoraenequipo.com.mx\/storage\/2018\/04\/futbol_opt.jpg\",\"datePublished\":\"2018-04-01T13:50:21+00:00\",\"dateModified\":\"2018-04-01T19:34:04+00:00\",\"description\":\"CIUDAD DE M\u00c9XICO. MX. \u2014 Se mantuvo la paternidad del Am\u00e9rica sobre Cruz Azul. Las \u00c1guilas dejaron sin opciones de liguilla a La M\u00e1quina al venir de atr\u00e1s En Sonora en Equipo publicamos toda la informaci\u00f3n de Sonora, M\u00e9xico y el Mundo de manera oportuna y busca que la libertad de expresi\u00f3n sea real. Visita nuestro medio informativo publicado desde Hermosillo, Sonora. %\",\"breadcrumb\":{\"@id\":\"https:\/\/www.sonoraenequipo.com.mx\/las-aguilas-se-llevan-el-clasico-por-2-1\/#breadcrumb\"},\"inLanguage\":\"es\",\"potentialAction\":[{\"@type\":\"ReadAction\",\"target\":[\"https:\/\/www.sonoraenequipo.com.mx\/las-aguilas-se-llevan-el-clasico-por-2-1\/\"]}]},{\"@type\":\"ImageObject\",\"inLanguage\":\"es\",\"@id\":\"https:\/\/www.sonoraenequipo.com.mx\/las-aguilas-se-llevan-el-clasico-por-2-1\/#primaryimage\",\"url\":\"https:\/\/www.sonoraenequipo.com.mx\/storage\/2018\/04\/futbol_opt.jpg\",\"contentUrl\":\"https:\/\/www.sonoraenequipo.com.mx\/storage\/2018\/04\/futbol_opt.jpg\",\"width\":533,\"height\":400},{\"@type\":\"BreadcrumbList\",\"@id\":\"https:\/\/www.sonoraenequipo.com.mx\/las-aguilas-se-llevan-el-clasico-por-2-1\/#breadcrumb\",\"itemListElement\":[{\"@type\":\"ListItem\",\"position\":1,\"name\":\"Portada\",\"item\":\"https:\/\/www.sonoraenequipo.com.mx\/\"},{\"@type\":\"ListItem\",\"position\":2,\"name\":\"Las \u00c1guilas se llevan el Cl\u00e1sico por 2-1\"}]},{\"@type\":\"WebSite\",\"@id\":\"https:\/\/www.sonoraenequipo.com.mx\/#website\",\"url\":\"https:\/\/www.sonoraenequipo.com.mx\/\",\"name\":\"Sonora en Equipo.\",\"description\":\"Diario en l\u00ednea con Noticias desde Hermosillo, Sonora\",\"publisher\":{\"@id\":\"https:\/\/www.sonoraenequipo.com.mx\/#organization\"},\"potentialAction\":[{\"@type\":\"SearchAction\",\"target\":{\"@type\":\"EntryPoint\",\"urlTemplate\":\"https:\/\/www.sonoraenequipo.com.mx\/?s={search_term_string}\"},\"query-input\":{\"@type\":\"PropertyValueSpecification\",\"valueRequired\":true,\"valueName\":\"search_term_string\"}}],\"inLanguage\":\"es\"},{\"@type\":\"Organization\",\"@id\":\"https:\/\/www.sonoraenequipo.com.mx\/#organization\",\"name\":\"Sonoraenequipo.com.mx\",\"url\":\"https:\/\/www.sonoraenequipo.com.mx\/\",\"logo\":{\"@type\":\"ImageObject\",\"inLanguage\":\"es\",\"@id\":\"https:\/\/www.sonoraenequipo.com.mx\/#\/schema\/logo\/image\/\",\"url\":\"https:\/\/www.sonoraenequipo.com.mx\/storage\/2019\/01\/sonoraenequipo_opt.png\",\"contentUrl\":\"https:\/\/www.sonoraenequipo.com.mx\/storage\/2019\/01\/sonoraenequipo_opt.png\",\"width\":375,\"height\":125,\"caption\":\"Sonoraenequipo.com.mx\"},\"image\":{\"@id\":\"https:\/\/www.sonoraenequipo.com.mx\/#\/schema\/logo\/image\/\"},\"sameAs\":[\"https:\/\/www.facebook.com\/SonoraEE\/\",\"https:\/\/x.com\/sonoraenequipo\",\"https:\/\/www.youtube.com\/channel\/UC338nW-lPEYmJQs4ZABQ1SQ\"]},{\"@type\":\"Person\",\"@id\":\"https:\/\/www.sonoraenequipo.com.mx\/#\/schema\/person\/50102df0fb23a8fa9e8effad8fa81386\",\"name\":\"enequipo\",\"image\":{\"@type\":\"ImageObject\",\"inLanguage\":\"es\",\"@id\":\"https:\/\/www.sonoraenequipo.com.mx\/#\/schema\/person\/image\/\",\"url\":\"https:\/\/secure.gravatar.com\/avatar\/049821681b589dabc0bc20695993ccebb09f5b5d4d790cd9251b97faac7c652b?s=96&d=blank&r=g\",\"contentUrl\":\"https:\/\/secure.gravatar.com\/avatar\/049821681b589dabc0bc20695993ccebb09f5b5d4d790cd9251b97faac7c652b?s=96&d=blank&r=g\",\"caption\":\"enequipo\"},\"sameAs\":[\"https:\/\/www.facebook.com\/SonoraEE\"]}]}<\/script>\n ","yoast_head_json":{"title":"Sonora en Equipo. Las \u00c1guilas se llevan el Cl\u00e1sico por 2-1 Sin categorizar","description":"CIUDAD DE M\u00c9XICO. MX. \u2014 Se mantuvo la paternidad del Am\u00e9rica sobre Cruz Azul. Las \u00c1guilas dejaron sin opciones de liguilla a La M\u00e1quina al venir de atr\u00e1s En Sonora en Equipo publicamos toda la informaci\u00f3n de Sonora, M\u00e9xico y el Mundo de manera oportuna y busca que la libertad de expresi\u00f3n sea real. Visita nuestro medio informativo publicado desde Hermosillo, Sonora. %","robots":{"index":"index","follow":"follow","max-snippet":"max-snippet:-1","max-image-preview":"max-image-preview:large","max-video-preview":"max-video-preview:-1"},"canonical":"https:\/\/www.sonoraenequipo.com.mx\/las-aguilas-se-llevan-el-clasico-por-2-1\/","og_locale":"es_ES","og_type":"article","og_title":"Sonora en Equipo. Las \u00c1guilas se llevan el Cl\u00e1sico por 2-1 Sin categorizar","og_description":"CIUDAD DE M\u00c9XICO. MX. \u2014 Se mantuvo la paternidad del Am\u00e9rica sobre Cruz Azul. Las \u00c1guilas dejaron sin opciones de liguilla a La M\u00e1quina al venir de atr\u00e1s En Sonora en Equipo publicamos toda la informaci\u00f3n de Sonora, M\u00e9xico y el Mundo de manera oportuna y busca que la libertad de expresi\u00f3n sea real. Visita nuestro medio informativo publicado desde Hermosillo, Sonora. %","og_url":"https:\/\/www.sonoraenequipo.com.mx\/las-aguilas-se-llevan-el-clasico-por-2-1\/","og_site_name":"Sonora en Equipo.","article_publisher":"https:\/\/www.facebook.com\/SonoraEE\/","article_author":"https:\/\/www.facebook.com\/SonoraEE","article_published_time":"2018-04-01T13:50:21+00:00","article_modified_time":"2018-04-01T19:34:04+00:00","og_image":[{"width":533,"height":400,"url":"https:\/\/www.sonoraenequipo.com.mx\/storage\/2018\/04\/futbol_opt.jpg","type":"image\/jpeg"}],"author":"enequipo","twitter_card":"summary_large_image","twitter_creator":"@sonoraenequipo","twitter_site":"@sonoraenequipo","twitter_misc":{"Escrito por":"enequipo","Tiempo de lectura":"3 minutos"},"schema":{"@context":"https:\/\/schema.org","@graph":[{"@type":"Article","@id":"https:\/\/www.sonoraenequipo.com.mx\/las-aguilas-se-llevan-el-clasico-por-2-1\/#article","isPartOf":{"@id":"https:\/\/www.sonoraenequipo.com.mx\/las-aguilas-se-llevan-el-clasico-por-2-1\/"},"author":{"name":"enequipo","@id":"https:\/\/www.sonoraenequipo.com.mx\/#\/schema\/person\/50102df0fb23a8fa9e8effad8fa81386"},"headline":"Las \u00c1guilas se llevan el Cl\u00e1sico por 2-1","datePublished":"2018-04-01T13:50:21+00:00","dateModified":"2018-04-01T19:34:04+00:00","mainEntityOfPage":{"@id":"https:\/\/www.sonoraenequipo.com.mx\/las-aguilas-se-llevan-el-clasico-por-2-1\/"},"wordCount":517,"commentCount":0,"publisher":{"@id":"https:\/\/www.sonoraenequipo.com.mx\/#organization"},"image":{"@id":"https:\/\/www.sonoraenequipo.com.mx\/las-aguilas-se-llevan-el-clasico-por-2-1\/#primaryimage"},"thumbnailUrl":"https:\/\/www.sonoraenequipo.com.mx\/storage\/2018\/04\/futbol_opt.jpg","articleSection":["Deportes","Sin categorizar"],"inLanguage":"es","potentialAction":[{"@type":"CommentAction","name":"Comment","target":["https:\/\/www.sonoraenequipo.com.mx\/las-aguilas-se-llevan-el-clasico-por-2-1\/#respond"]}]},{"@type":"WebPage","@id":"https:\/\/www.sonoraenequipo.com.mx\/las-aguilas-se-llevan-el-clasico-por-2-1\/","url":"https:\/\/www.sonoraenequipo.com.mx\/las-aguilas-se-llevan-el-clasico-por-2-1\/","name":"Sonora en Equipo. Las \u00c1guilas se llevan el Cl\u00e1sico por 2-1 Sin categorizar","isPartOf":{"@id":"https:\/\/www.sonoraenequipo.com.mx\/#website"},"primaryImageOfPage":{"@id":"https:\/\/www.sonoraenequipo.com.mx\/las-aguilas-se-llevan-el-clasico-por-2-1\/#primaryimage"},"image":{"@id":"https:\/\/www.sonoraenequipo.com.mx\/las-aguilas-se-llevan-el-clasico-por-2-1\/#primaryimage"},"thumbnailUrl":"https:\/\/www.sonoraenequipo.com.mx\/storage\/2018\/04\/futbol_opt.jpg","datePublished":"2018-04-01T13:50:21+00:00","dateModified":"2018-04-01T19:34:04+00:00","description":"CIUDAD DE M\u00c9XICO. MX. \u2014 Se mantuvo la paternidad del Am\u00e9rica sobre Cruz Azul. Las \u00c1guilas dejaron sin opciones de liguilla a La M\u00e1quina al venir de atr\u00e1s En Sonora en Equipo publicamos toda la informaci\u00f3n de Sonora, M\u00e9xico y el Mundo de manera oportuna y busca que la libertad de expresi\u00f3n sea real. Visita nuestro medio informativo publicado desde Hermosillo, Sonora. %","breadcrumb":{"@id":"https:\/\/www.sonoraenequipo.com.mx\/las-aguilas-se-llevan-el-clasico-por-2-1\/#breadcrumb"},"inLanguage":"es","potentialAction":[{"@type":"ReadAction","target":["https:\/\/www.sonoraenequipo.com.mx\/las-aguilas-se-llevan-el-clasico-por-2-1\/"]}]},{"@type":"ImageObject","inLanguage":"es","@id":"https:\/\/www.sonoraenequipo.com.mx\/las-aguilas-se-llevan-el-clasico-por-2-1\/#primaryimage","url":"https:\/\/www.sonoraenequipo.com.mx\/storage\/2018\/04\/futbol_opt.jpg","contentUrl":"https:\/\/www.sonoraenequipo.com.mx\/storage\/2018\/04\/futbol_opt.jpg","width":533,"height":400},{"@type":"BreadcrumbList","@id":"https:\/\/www.sonoraenequipo.com.mx\/las-aguilas-se-llevan-el-clasico-por-2-1\/#breadcrumb","itemListElement":[{"@type":"ListItem","position":1,"name":"Portada","item":"https:\/\/www.sonoraenequipo.com.mx\/"},{"@type":"ListItem","position":2,"name":"Las \u00c1guilas se llevan el Cl\u00e1sico por 2-1"}]},{"@type":"WebSite","@id":"https:\/\/www.sonoraenequipo.com.mx\/#website","url":"https:\/\/www.sonoraenequipo.com.mx\/","name":"Sonora en Equipo.","description":"Diario en l\u00ednea con Noticias desde Hermosillo, Sonora","publisher":{"@id":"https:\/\/www.sonoraenequipo.com.mx\/#organization"},"potentialAction":[{"@type":"SearchAction","target":{"@type":"EntryPoint","urlTemplate":"https:\/\/www.sonoraenequipo.com.mx\/?s={search_term_string}"},"query-input":{"@type":"PropertyValueSpecification","valueRequired":true,"valueName":"search_term_string"}}],"inLanguage":"es"},{"@type":"Organization","@id":"https:\/\/www.sonoraenequipo.com.mx\/#organization","name":"Sonoraenequipo.com.mx","url":"https:\/\/www.sonoraenequipo.com.mx\/","logo":{"@type":"ImageObject","inLanguage":"es","@id":"https:\/\/www.sonoraenequipo.com.mx\/#\/schema\/logo\/image\/","url":"https:\/\/www.sonoraenequipo.com.mx\/storage\/2019\/01\/sonoraenequipo_opt.png","contentUrl":"https:\/\/www.sonoraenequipo.com.mx\/storage\/2019\/01\/sonoraenequipo_opt.png","width":375,"height":125,"caption":"Sonoraenequipo.com.mx"},"image":{"@id":"https:\/\/www.sonoraenequipo.com.mx\/#\/schema\/logo\/image\/"},"sameAs":["https:\/\/www.facebook.com\/SonoraEE\/","https:\/\/x.com\/sonoraenequipo","https:\/\/www.youtube.com\/channel\/UC338nW-lPEYmJQs4ZABQ1SQ"]},{"@type":"Person","@id":"https:\/\/www.sonoraenequipo.com.mx\/#\/schema\/person\/50102df0fb23a8fa9e8effad8fa81386","name":"enequipo","image":{"@type":"ImageObject","inLanguage":"es","@id":"https:\/\/www.sonoraenequipo.com.mx\/#\/schema\/person\/image\/","url":"https:\/\/secure.gravatar.com\/avatar\/049821681b589dabc0bc20695993ccebb09f5b5d4d790cd9251b97faac7c652b?s=96&d=blank&r=g","contentUrl":"https:\/\/secure.gravatar.com\/avatar\/049821681b589dabc0bc20695993ccebb09f5b5d4d790cd9251b97faac7c652b?s=96&d=blank&r=g","caption":"enequipo"},"sameAs":["https:\/\/www.facebook.com\/SonoraEE"]}]}},"jetpack_featured_media_url":"https:\/\/www.sonoraenequipo.com.mx\/storage\/2018\/04\/futbol_opt.jpg","_links":{"self":[{"href":"https:\/\/www.sonoraenequipo.com.mx\/api\/wp\/v2\/posts\/34515","targetHints":{"allow":["GET"]}}],"collection":[{"href":"https:\/\/www.sonoraenequipo.com.mx\/api\/wp\/v2\/posts"}],"about":[{"href":"https:\/\/www.sonoraenequipo.com.mx\/api\/wp\/v2\/types\/post"}],"author":[{"embeddable":true,"href":"https:\/\/www.sonoraenequipo.com.mx\/api\/wp\/v2\/users\/1"}],"replies":[{"embeddable":true,"href":"https:\/\/www.sonoraenequipo.com.mx\/api\/wp\/v2\/comments?post=34515"}],"version-history":[{"count":0,"href":"https:\/\/www.sonoraenequipo.com.mx\/api\/wp\/v2\/posts\/34515\/revisions"}],"wp:featuredmedia":[{"embeddable":true,"href":"https:\/\/www.sonoraenequipo.com.mx\/api\/wp\/v2\/media\/34516"}],"wp:attachment":[{"href":"https:\/\/www.sonoraenequipo.com.mx\/api\/wp\/v2\/media?parent=34515"}],"wp:term":[{"taxonomy":"category","embeddable":true,"href":"https:\/\/www.sonoraenequipo.com.mx\/api\/wp\/v2\/categories?post=34515"},{"taxonomy":"post_tag","embeddable":true,"href":"https:\/\/www.sonoraenequipo.com.mx\/api\/wp\/v2\/tags?post=34515"}],"curies":[{"name":"wp","href":"https:\/\/api.w.org\/{rel}","templated":true}]}}