{"id":37738,"date":"2018-05-24T10:00:27","date_gmt":"2018-05-24T17:00:27","guid":{"rendered":"http:\/\/www.sonoraenequipo.com.mx\/?p=37738"},"modified":"2018-05-24T16:50:41","modified_gmt":"2018-05-24T23:50:41","slug":"50-anos-del-atentado-contra-maximo-lider-del-movimiento-del-68-aleman","status":"publish","type":"post","link":"https:\/\/www.sonoraenequipo.com.mx\/50-anos-del-atentado-contra-maximo-lider-del-movimiento-del-68-aleman\/","title":{"rendered":"50 a\u00f1os del atentado contra m\u00e1ximo l\u00edder del \u00abMovimiento del 68\u00bb alem\u00e1n"},"content":{"rendered":"<p>CIUDAD DE M\u00c9XICO. MX. \u2014 Alemania conmemora este mes de mayo el 50 aniversario del atentado contra Rudi Dutschke, una de las figuras m\u00e1s carism\u00e1ticas del \u00abMovimiento del 68\u00bb, quien fue baleado por un joven nazi, marcando el punto m\u00e1s alto del movimiento estudiantil alem\u00e1n.<\/p>\n<p> <\/p>\n<p>El mes de mayo de 1968 fue especialmente importante para la revuelta estudiantil, que tuvo fuertes repercusiones en la vida futura de la Rep\u00fablica Federal de Alemania, por lo que durante este mes se llevan a cabo conferencias, simposios y otros eventos para recordar el Movimiento del 68.<\/p>\n<p>El ataque contra Dutschke, quien recibi\u00f3 dos balazos en la cabeza y uno en el hombro, gener\u00f3 una de las mayores manifestaciones estudiantiles que hab\u00edan tenido lugar en ese entonces en la Rep\u00fablica Federal de Alemania (Alemania Occidental).<\/p>\n<p><em>\u00abT\u00fa, sucio cerdo comunista\u00bb<\/em>, grit\u00f3 al apretar el gatillo en Berl\u00edn Occidental, Josef Bachmann, un joven de 23 a\u00f1os de edad, quien ten\u00eda puesto en su cuarto un retrato de Adolfo Hitler, que pint\u00f3 \u00e9l mismo.<\/p>\n<p>Dutschke, quien logr\u00f3 sobrevivir, aunque nunca se recuper\u00f3 del todo y muri\u00f3 unos a\u00f1os despu\u00e9s, fue baleado en la Kurf\u00fcrstendamm, la principal avenida de Berl\u00edn Occidental, frente a la oficina de la Federaci\u00f3n Estudiantil Socialista Alemana (SDS), lugar donde viv\u00eda el l\u00edder estudiantil.<\/p>\n<p>El semanario alem\u00e1n Spiegel record\u00f3 que <em>\u00abpara los buenos ciudadanos alemanes, Dutschke era la imagen del mal y de lo amenazante\u00bb.<\/em><\/p>\n<p><em>\u00abVean nada mas, cuando se trata de morir hasta llama a su padre y a su madre\u00bb<\/em>, dijo transeunte, quien vio c\u00f3mo Dutsche, ba\u00f1ado en sangre y a punto de morir, grit\u00f3 por sus padres, mientras que otro se\u00f1al\u00f3: <em>\u00abno es necesario disparar enseguida, pero que \u00e9ste haya recibido una lecci\u00f3n, est\u00e1 muy bien\u00bb.<\/em><\/p>\n<p>El principal semanario alem\u00e1n de investigaci\u00f3n period\u00edstica escribi\u00f3 en estos d\u00edas, que <em>\u00abas\u00ed como era el trato de duro e inmisericorde, lo eran tambi\u00e9n las confrontaciones durante el punto mas alto de la revuelta estudiantil, que hace 50 a\u00f1os cimbr\u00f3 a la Rep\u00fablica Federal de Alemania\u00bb.<\/em><\/p>\n<p><em>\u00abIzquierdistas contra derechistas, j\u00f3venes contra viejos. Hijos nacidos durante la guerra contra sus padres nazis. Idealistas contra moralistas saturados\u00bb,<\/em> escribi\u00f3 Spiegel.<\/p>\n<p>Los sindicatos de Berl\u00edn occidentales llamaron entonces a una manifestaci\u00f3n contra el movimiento y los miembros de \u00e9stos recibieron el apoyo de la gobierno de la ciudad para ausentarse ese d\u00eda. En los cartelones que portaban en ese entonces se le\u00edan frases como: <em>\u00abHoy se fue el diablo al infierno\u00bb, \u00abNing\u00fan dinero para simios de pelos largos\u00bb, y \u00abDutschke: enemigo p\u00fablico n\u00famero uno\u00bb.<\/em><\/p>\n<p><em>\u00abUn joven que se parec\u00eda a fisicamente a Dutschke se enfrent\u00f3 contra una multitud que lo quer\u00eda linchar ah\u00ed mismo. Con gran esfuerzo y sus \u00faltimas fuerzas consigui\u00f3 meterse en un auto de la Polic\u00eda\u00bb,<\/em> record\u00f3 el semanario.<\/p>\n<p>Los estudiantes desataron fuertes revueltas en Berl\u00edn Occidental e inmediatamente identificaron al culpable: el consorcio alem\u00e1n de medios period\u00edsticos y editorial, Springer, que estaba en contra del movimiento estudiantil y us\u00f3 su poder para difundir sus ideas.<\/p>\n<p>&nbsp;<\/p>\n<p>A esa editorial, a la pertenecen tanto ayer como entonces el diario Die Welt y el diario Bild, defiende a\u00fan hoy la actuaci\u00f3n de ese consorcio y sus medios durante las revueltas estudiantiles del 68 en Alemania.<\/p>\n<p>El edificio de la editorial Springer, que sigue donde se alzaba en ese tiempo, en la Kochstrasse de Berl\u00edn Occidental, confront\u00f3 ese d\u00eda y los siguientes manifestaciones de estudiantes enfurecidos que lanzaron teas ardiendo y piedras contra el edificio Springer, que era defendido por 350 polic\u00edas.<\/p>\n<p>Otros importantes medios period\u00edsticos alemanes, como Spiegel y Die Zeit, vieron asimismo al consorcio Springer como culpable del atentado contra Dutschke.<\/p>\n<p>Dutschke dej\u00f3 Alemania, donde no estaba seguro y trat\u00f3 de vivir en otros pa\u00edses de Europa, como Reino Unido, donde las autoridades le negaron la prolongaci\u00f3n de la visa por cosiderarlo enemigo p\u00fablico y fuente de riesgos. El ex l\u00edder estudiantil muri\u00f3 en Dinamarca en 1979.<\/p>\n<p>(Fecha de publicaci\u00f3n 24052018)<\/p>\n","protected":false},"excerpt":{"rendered":"<p>CIUDAD DE M\u00c9XICO. MX. \u2014 Alemania conmemora este mes de mayo el 50 aniversario del&#8230;<\/p>\n","protected":false},"author":1,"featured_media":37739,"comment_status":"open","ping_status":"open","sticky":false,"template":"","format":"standard","meta":{"_monsterinsights_skip_tracking":false,"_monsterinsights_sitenote_active":false,"_monsterinsights_sitenote_note":"","_monsterinsights_sitenote_category":0,"footnotes":""},"categories":[3,1],"tags":[],"class_list":["post"],"yoast_head":" \n<title>Sonora en Equipo. 50 a\u00f1os del atentado contra m\u00e1ximo l\u00edder del &quot;Movimiento del 68&quot; alem\u00e1n MUNDO<\/title>\n<meta name=\"description\" content=\"CIUDAD DE M\u00c9XICO. MX. \u2014 Alemania conmemora este mes de mayo el 50 aniversario del atentado contra Rudi Dutschke, una de las figuras m\u00e1s carism\u00e1ticas del En Sonora en Equipo publicamos toda la informaci\u00f3n de Sonora, M\u00e9xico y el Mundo de manera oportuna y busca que la libertad de expresi\u00f3n sea real. Visita nuestro medio informativo publicado desde Hermosillo, Sonora. %\" \/>\n<meta name=\"robots\" content=\"index, follow, max-snippet:-1, max-image-preview:large, max-video-preview:-1\" \/>\n<link rel=\"canonical\" href=\"https:\/\/www.sonoraenequipo.com.mx\/50-anos-del-atentado-contra-maximo-lider-del-movimiento-del-68-aleman\/\" \/>\n<meta property=\"og:locale\" content=\"es_ES\" \/>\n<meta property=\"og:type\" content=\"article\" \/>\n<meta property=\"og:title\" content=\"Sonora en Equipo. 50 a\u00f1os del atentado contra m\u00e1ximo l\u00edder del &quot;Movimiento del 68&quot; alem\u00e1n MUNDO\" \/>\n<meta property=\"og:description\" content=\"CIUDAD DE M\u00c9XICO. MX. \u2014 Alemania conmemora este mes de mayo el 50 aniversario del atentado contra Rudi Dutschke, una de las figuras m\u00e1s carism\u00e1ticas del En Sonora en Equipo publicamos toda la informaci\u00f3n de Sonora, M\u00e9xico y el Mundo de manera oportuna y busca que la libertad de expresi\u00f3n sea real. Visita nuestro medio informativo publicado desde Hermosillo, Sonora. %\" \/>\n<meta property=\"og:url\" content=\"https:\/\/www.sonoraenequipo.com.mx\/50-anos-del-atentado-contra-maximo-lider-del-movimiento-del-68-aleman\/\" \/>\n<meta property=\"og:site_name\" content=\"Sonora en Equipo.\" \/>\n<meta property=\"article:publisher\" content=\"https:\/\/www.facebook.com\/SonoraEE\/\" \/>\n<meta property=\"article:author\" content=\"https:\/\/www.facebook.com\/SonoraEE\" \/>\n<meta property=\"article:published_time\" content=\"2018-05-24T17:00:27+00:00\" \/>\n<meta property=\"article:modified_time\" content=\"2018-05-24T23:50:41+00:00\" \/>\n<meta property=\"og:image\" content=\"https:\/\/www.sonoraenequipo.com.mx\/storage\/2018\/05\/Rudi-Dutschke_opt.jpg\" \/>\n\t<meta property=\"og:image:width\" content=\"711\" \/>\n\t<meta property=\"og:image:height\" content=\"400\" \/>\n\t<meta property=\"og:image:type\" content=\"image\/jpeg\" \/>\n<meta name=\"author\" content=\"enequipo\" \/>\n<meta name=\"twitter:card\" content=\"summary_large_image\" \/>\n<meta name=\"twitter:creator\" content=\"@sonoraenequipo\" \/>\n<meta name=\"twitter:site\" content=\"@sonoraenequipo\" \/>\n<meta name=\"twitter:label1\" content=\"Escrito por\" \/>\n\t<meta name=\"twitter:data1\" content=\"enequipo\" \/>\n\t<meta name=\"twitter:label2\" content=\"Tiempo de lectura\" \/>\n\t<meta name=\"twitter:data2\" content=\"3 minutos\" \/>\n<script type=\"application\/ld+json\" class=\"yoast-schema-graph\">{\"@context\":\"https:\/\/schema.org\",\"@graph\":[{\"@type\":\"Article\",\"@id\":\"https:\/\/www.sonoraenequipo.com.mx\/50-anos-del-atentado-contra-maximo-lider-del-movimiento-del-68-aleman\/#article\",\"isPartOf\":{\"@id\":\"https:\/\/www.sonoraenequipo.com.mx\/50-anos-del-atentado-contra-maximo-lider-del-movimiento-del-68-aleman\/\"},\"author\":{\"name\":\"enequipo\",\"@id\":\"https:\/\/www.sonoraenequipo.com.mx\/#\/schema\/person\/50102df0fb23a8fa9e8effad8fa81386\"},\"headline\":\"50 a\u00f1os del atentado contra m\u00e1ximo l\u00edder del \u00abMovimiento del 68\u00bb alem\u00e1n\",\"datePublished\":\"2018-05-24T17:00:27+00:00\",\"dateModified\":\"2018-05-24T23:50:41+00:00\",\"mainEntityOfPage\":{\"@id\":\"https:\/\/www.sonoraenequipo.com.mx\/50-anos-del-atentado-contra-maximo-lider-del-movimiento-del-68-aleman\/\"},\"wordCount\":703,\"commentCount\":0,\"publisher\":{\"@id\":\"https:\/\/www.sonoraenequipo.com.mx\/#organization\"},\"image\":{\"@id\":\"https:\/\/www.sonoraenequipo.com.mx\/50-anos-del-atentado-contra-maximo-lider-del-movimiento-del-68-aleman\/#primaryimage\"},\"thumbnailUrl\":\"https:\/\/www.sonoraenequipo.com.mx\/storage\/2018\/05\/Rudi-Dutschke_opt.jpg\",\"articleSection\":[\"MUNDO\",\"Sin categorizar\"],\"inLanguage\":\"es\",\"potentialAction\":[{\"@type\":\"CommentAction\",\"name\":\"Comment\",\"target\":[\"https:\/\/www.sonoraenequipo.com.mx\/50-anos-del-atentado-contra-maximo-lider-del-movimiento-del-68-aleman\/#respond\"]}]},{\"@type\":\"WebPage\",\"@id\":\"https:\/\/www.sonoraenequipo.com.mx\/50-anos-del-atentado-contra-maximo-lider-del-movimiento-del-68-aleman\/\",\"url\":\"https:\/\/www.sonoraenequipo.com.mx\/50-anos-del-atentado-contra-maximo-lider-del-movimiento-del-68-aleman\/\",\"name\":\"Sonora en Equipo. 50 a\u00f1os del atentado contra m\u00e1ximo l\u00edder del \\\"Movimiento del 68\\\" alem\u00e1n MUNDO\",\"isPartOf\":{\"@id\":\"https:\/\/www.sonoraenequipo.com.mx\/#website\"},\"primaryImageOfPage\":{\"@id\":\"https:\/\/www.sonoraenequipo.com.mx\/50-anos-del-atentado-contra-maximo-lider-del-movimiento-del-68-aleman\/#primaryimage\"},\"image\":{\"@id\":\"https:\/\/www.sonoraenequipo.com.mx\/50-anos-del-atentado-contra-maximo-lider-del-movimiento-del-68-aleman\/#primaryimage\"},\"thumbnailUrl\":\"https:\/\/www.sonoraenequipo.com.mx\/storage\/2018\/05\/Rudi-Dutschke_opt.jpg\",\"datePublished\":\"2018-05-24T17:00:27+00:00\",\"dateModified\":\"2018-05-24T23:50:41+00:00\",\"description\":\"CIUDAD DE M\u00c9XICO. MX. \u2014 Alemania conmemora este mes de mayo el 50 aniversario del atentado contra Rudi Dutschke, una de las figuras m\u00e1s carism\u00e1ticas del En Sonora en Equipo publicamos toda la informaci\u00f3n de Sonora, M\u00e9xico y el Mundo de manera oportuna y busca que la libertad de expresi\u00f3n sea real. Visita nuestro medio informativo publicado desde Hermosillo, Sonora. %\",\"breadcrumb\":{\"@id\":\"https:\/\/www.sonoraenequipo.com.mx\/50-anos-del-atentado-contra-maximo-lider-del-movimiento-del-68-aleman\/#breadcrumb\"},\"inLanguage\":\"es\",\"potentialAction\":[{\"@type\":\"ReadAction\",\"target\":[\"https:\/\/www.sonoraenequipo.com.mx\/50-anos-del-atentado-contra-maximo-lider-del-movimiento-del-68-aleman\/\"]}]},{\"@type\":\"ImageObject\",\"inLanguage\":\"es\",\"@id\":\"https:\/\/www.sonoraenequipo.com.mx\/50-anos-del-atentado-contra-maximo-lider-del-movimiento-del-68-aleman\/#primaryimage\",\"url\":\"https:\/\/www.sonoraenequipo.com.mx\/storage\/2018\/05\/Rudi-Dutschke_opt.jpg\",\"contentUrl\":\"https:\/\/www.sonoraenequipo.com.mx\/storage\/2018\/05\/Rudi-Dutschke_opt.jpg\",\"width\":711,\"height\":400},{\"@type\":\"BreadcrumbList\",\"@id\":\"https:\/\/www.sonoraenequipo.com.mx\/50-anos-del-atentado-contra-maximo-lider-del-movimiento-del-68-aleman\/#breadcrumb\",\"itemListElement\":[{\"@type\":\"ListItem\",\"position\":1,\"name\":\"Portada\",\"item\":\"https:\/\/www.sonoraenequipo.com.mx\/\"},{\"@type\":\"ListItem\",\"position\":2,\"name\":\"50 a\u00f1os del atentado contra m\u00e1ximo l\u00edder del \u00abMovimiento del 68\u00bb alem\u00e1n\"}]},{\"@type\":\"WebSite\",\"@id\":\"https:\/\/www.sonoraenequipo.com.mx\/#website\",\"url\":\"https:\/\/www.sonoraenequipo.com.mx\/\",\"name\":\"Sonora en Equipo.\",\"description\":\"Diario en l\u00ednea con Noticias desde Hermosillo, Sonora\",\"publisher\":{\"@id\":\"https:\/\/www.sonoraenequipo.com.mx\/#organization\"},\"potentialAction\":[{\"@type\":\"SearchAction\",\"target\":{\"@type\":\"EntryPoint\",\"urlTemplate\":\"https:\/\/www.sonoraenequipo.com.mx\/?s={search_term_string}\"},\"query-input\":{\"@type\":\"PropertyValueSpecification\",\"valueRequired\":true,\"valueName\":\"search_term_string\"}}],\"inLanguage\":\"es\"},{\"@type\":\"Organization\",\"@id\":\"https:\/\/www.sonoraenequipo.com.mx\/#organization\",\"name\":\"Sonoraenequipo.com.mx\",\"url\":\"https:\/\/www.sonoraenequipo.com.mx\/\",\"logo\":{\"@type\":\"ImageObject\",\"inLanguage\":\"es\",\"@id\":\"https:\/\/www.sonoraenequipo.com.mx\/#\/schema\/logo\/image\/\",\"url\":\"https:\/\/www.sonoraenequipo.com.mx\/storage\/2019\/01\/sonoraenequipo_opt.png\",\"contentUrl\":\"https:\/\/www.sonoraenequipo.com.mx\/storage\/2019\/01\/sonoraenequipo_opt.png\",\"width\":375,\"height\":125,\"caption\":\"Sonoraenequipo.com.mx\"},\"image\":{\"@id\":\"https:\/\/www.sonoraenequipo.com.mx\/#\/schema\/logo\/image\/\"},\"sameAs\":[\"https:\/\/www.facebook.com\/SonoraEE\/\",\"https:\/\/x.com\/sonoraenequipo\",\"https:\/\/www.youtube.com\/channel\/UC338nW-lPEYmJQs4ZABQ1SQ\"]},{\"@type\":\"Person\",\"@id\":\"https:\/\/www.sonoraenequipo.com.mx\/#\/schema\/person\/50102df0fb23a8fa9e8effad8fa81386\",\"name\":\"enequipo\",\"image\":{\"@type\":\"ImageObject\",\"inLanguage\":\"es\",\"@id\":\"https:\/\/www.sonoraenequipo.com.mx\/#\/schema\/person\/image\/\",\"url\":\"https:\/\/secure.gravatar.com\/avatar\/049821681b589dabc0bc20695993ccebb09f5b5d4d790cd9251b97faac7c652b?s=96&d=blank&r=g\",\"contentUrl\":\"https:\/\/secure.gravatar.com\/avatar\/049821681b589dabc0bc20695993ccebb09f5b5d4d790cd9251b97faac7c652b?s=96&d=blank&r=g\",\"caption\":\"enequipo\"},\"sameAs\":[\"https:\/\/www.facebook.com\/SonoraEE\"]}]}<\/script>\n ","yoast_head_json":{"title":"Sonora en Equipo. 50 a\u00f1os del atentado contra m\u00e1ximo l\u00edder del \"Movimiento del 68\" alem\u00e1n MUNDO","description":"CIUDAD DE M\u00c9XICO. MX. \u2014 Alemania conmemora este mes de mayo el 50 aniversario del atentado contra Rudi Dutschke, una de las figuras m\u00e1s carism\u00e1ticas del En Sonora en Equipo publicamos toda la informaci\u00f3n de Sonora, M\u00e9xico y el Mundo de manera oportuna y busca que la libertad de expresi\u00f3n sea real. Visita nuestro medio informativo publicado desde Hermosillo, Sonora. %","robots":{"index":"index","follow":"follow","max-snippet":"max-snippet:-1","max-image-preview":"max-image-preview:large","max-video-preview":"max-video-preview:-1"},"canonical":"https:\/\/www.sonoraenequipo.com.mx\/50-anos-del-atentado-contra-maximo-lider-del-movimiento-del-68-aleman\/","og_locale":"es_ES","og_type":"article","og_title":"Sonora en Equipo. 50 a\u00f1os del atentado contra m\u00e1ximo l\u00edder del \"Movimiento del 68\" alem\u00e1n MUNDO","og_description":"CIUDAD DE M\u00c9XICO. MX. \u2014 Alemania conmemora este mes de mayo el 50 aniversario del atentado contra Rudi Dutschke, una de las figuras m\u00e1s carism\u00e1ticas del En Sonora en Equipo publicamos toda la informaci\u00f3n de Sonora, M\u00e9xico y el Mundo de manera oportuna y busca que la libertad de expresi\u00f3n sea real. Visita nuestro medio informativo publicado desde Hermosillo, Sonora. %","og_url":"https:\/\/www.sonoraenequipo.com.mx\/50-anos-del-atentado-contra-maximo-lider-del-movimiento-del-68-aleman\/","og_site_name":"Sonora en Equipo.","article_publisher":"https:\/\/www.facebook.com\/SonoraEE\/","article_author":"https:\/\/www.facebook.com\/SonoraEE","article_published_time":"2018-05-24T17:00:27+00:00","article_modified_time":"2018-05-24T23:50:41+00:00","og_image":[{"width":711,"height":400,"url":"https:\/\/www.sonoraenequipo.com.mx\/storage\/2018\/05\/Rudi-Dutschke_opt.jpg","type":"image\/jpeg"}],"author":"enequipo","twitter_card":"summary_large_image","twitter_creator":"@sonoraenequipo","twitter_site":"@sonoraenequipo","twitter_misc":{"Escrito por":"enequipo","Tiempo de lectura":"3 minutos"},"schema":{"@context":"https:\/\/schema.org","@graph":[{"@type":"Article","@id":"https:\/\/www.sonoraenequipo.com.mx\/50-anos-del-atentado-contra-maximo-lider-del-movimiento-del-68-aleman\/#article","isPartOf":{"@id":"https:\/\/www.sonoraenequipo.com.mx\/50-anos-del-atentado-contra-maximo-lider-del-movimiento-del-68-aleman\/"},"author":{"name":"enequipo","@id":"https:\/\/www.sonoraenequipo.com.mx\/#\/schema\/person\/50102df0fb23a8fa9e8effad8fa81386"},"headline":"50 a\u00f1os del atentado contra m\u00e1ximo l\u00edder del \u00abMovimiento del 68\u00bb alem\u00e1n","datePublished":"2018-05-24T17:00:27+00:00","dateModified":"2018-05-24T23:50:41+00:00","mainEntityOfPage":{"@id":"https:\/\/www.sonoraenequipo.com.mx\/50-anos-del-atentado-contra-maximo-lider-del-movimiento-del-68-aleman\/"},"wordCount":703,"commentCount":0,"publisher":{"@id":"https:\/\/www.sonoraenequipo.com.mx\/#organization"},"image":{"@id":"https:\/\/www.sonoraenequipo.com.mx\/50-anos-del-atentado-contra-maximo-lider-del-movimiento-del-68-aleman\/#primaryimage"},"thumbnailUrl":"https:\/\/www.sonoraenequipo.com.mx\/storage\/2018\/05\/Rudi-Dutschke_opt.jpg","articleSection":["MUNDO","Sin categorizar"],"inLanguage":"es","potentialAction":[{"@type":"CommentAction","name":"Comment","target":["https:\/\/www.sonoraenequipo.com.mx\/50-anos-del-atentado-contra-maximo-lider-del-movimiento-del-68-aleman\/#respond"]}]},{"@type":"WebPage","@id":"https:\/\/www.sonoraenequipo.com.mx\/50-anos-del-atentado-contra-maximo-lider-del-movimiento-del-68-aleman\/","url":"https:\/\/www.sonoraenequipo.com.mx\/50-anos-del-atentado-contra-maximo-lider-del-movimiento-del-68-aleman\/","name":"Sonora en Equipo. 50 a\u00f1os del atentado contra m\u00e1ximo l\u00edder del \"Movimiento del 68\" alem\u00e1n MUNDO","isPartOf":{"@id":"https:\/\/www.sonoraenequipo.com.mx\/#website"},"primaryImageOfPage":{"@id":"https:\/\/www.sonoraenequipo.com.mx\/50-anos-del-atentado-contra-maximo-lider-del-movimiento-del-68-aleman\/#primaryimage"},"image":{"@id":"https:\/\/www.sonoraenequipo.com.mx\/50-anos-del-atentado-contra-maximo-lider-del-movimiento-del-68-aleman\/#primaryimage"},"thumbnailUrl":"https:\/\/www.sonoraenequipo.com.mx\/storage\/2018\/05\/Rudi-Dutschke_opt.jpg","datePublished":"2018-05-24T17:00:27+00:00","dateModified":"2018-05-24T23:50:41+00:00","description":"CIUDAD DE M\u00c9XICO. MX. \u2014 Alemania conmemora este mes de mayo el 50 aniversario del atentado contra Rudi Dutschke, una de las figuras m\u00e1s carism\u00e1ticas del En Sonora en Equipo publicamos toda la informaci\u00f3n de Sonora, M\u00e9xico y el Mundo de manera oportuna y busca que la libertad de expresi\u00f3n sea real. Visita nuestro medio informativo publicado desde Hermosillo, Sonora. %","breadcrumb":{"@id":"https:\/\/www.sonoraenequipo.com.mx\/50-anos-del-atentado-contra-maximo-lider-del-movimiento-del-68-aleman\/#breadcrumb"},"inLanguage":"es","potentialAction":[{"@type":"ReadAction","target":["https:\/\/www.sonoraenequipo.com.mx\/50-anos-del-atentado-contra-maximo-lider-del-movimiento-del-68-aleman\/"]}]},{"@type":"ImageObject","inLanguage":"es","@id":"https:\/\/www.sonoraenequipo.com.mx\/50-anos-del-atentado-contra-maximo-lider-del-movimiento-del-68-aleman\/#primaryimage","url":"https:\/\/www.sonoraenequipo.com.mx\/storage\/2018\/05\/Rudi-Dutschke_opt.jpg","contentUrl":"https:\/\/www.sonoraenequipo.com.mx\/storage\/2018\/05\/Rudi-Dutschke_opt.jpg","width":711,"height":400},{"@type":"BreadcrumbList","@id":"https:\/\/www.sonoraenequipo.com.mx\/50-anos-del-atentado-contra-maximo-lider-del-movimiento-del-68-aleman\/#breadcrumb","itemListElement":[{"@type":"ListItem","position":1,"name":"Portada","item":"https:\/\/www.sonoraenequipo.com.mx\/"},{"@type":"ListItem","position":2,"name":"50 a\u00f1os del atentado contra m\u00e1ximo l\u00edder del \u00abMovimiento del 68\u00bb alem\u00e1n"}]},{"@type":"WebSite","@id":"https:\/\/www.sonoraenequipo.com.mx\/#website","url":"https:\/\/www.sonoraenequipo.com.mx\/","name":"Sonora en Equipo.","description":"Diario en l\u00ednea con Noticias desde Hermosillo, Sonora","publisher":{"@id":"https:\/\/www.sonoraenequipo.com.mx\/#organization"},"potentialAction":[{"@type":"SearchAction","target":{"@type":"EntryPoint","urlTemplate":"https:\/\/www.sonoraenequipo.com.mx\/?s={search_term_string}"},"query-input":{"@type":"PropertyValueSpecification","valueRequired":true,"valueName":"search_term_string"}}],"inLanguage":"es"},{"@type":"Organization","@id":"https:\/\/www.sonoraenequipo.com.mx\/#organization","name":"Sonoraenequipo.com.mx","url":"https:\/\/www.sonoraenequipo.com.mx\/","logo":{"@type":"ImageObject","inLanguage":"es","@id":"https:\/\/www.sonoraenequipo.com.mx\/#\/schema\/logo\/image\/","url":"https:\/\/www.sonoraenequipo.com.mx\/storage\/2019\/01\/sonoraenequipo_opt.png","contentUrl":"https:\/\/www.sonoraenequipo.com.mx\/storage\/2019\/01\/sonoraenequipo_opt.png","width":375,"height":125,"caption":"Sonoraenequipo.com.mx"},"image":{"@id":"https:\/\/www.sonoraenequipo.com.mx\/#\/schema\/logo\/image\/"},"sameAs":["https:\/\/www.facebook.com\/SonoraEE\/","https:\/\/x.com\/sonoraenequipo","https:\/\/www.youtube.com\/channel\/UC338nW-lPEYmJQs4ZABQ1SQ"]},{"@type":"Person","@id":"https:\/\/www.sonoraenequipo.com.mx\/#\/schema\/person\/50102df0fb23a8fa9e8effad8fa81386","name":"enequipo","image":{"@type":"ImageObject","inLanguage":"es","@id":"https:\/\/www.sonoraenequipo.com.mx\/#\/schema\/person\/image\/","url":"https:\/\/secure.gravatar.com\/avatar\/049821681b589dabc0bc20695993ccebb09f5b5d4d790cd9251b97faac7c652b?s=96&d=blank&r=g","contentUrl":"https:\/\/secure.gravatar.com\/avatar\/049821681b589dabc0bc20695993ccebb09f5b5d4d790cd9251b97faac7c652b?s=96&d=blank&r=g","caption":"enequipo"},"sameAs":["https:\/\/www.facebook.com\/SonoraEE"]}]}},"jetpack_featured_media_url":"https:\/\/www.sonoraenequipo.com.mx\/storage\/2018\/05\/Rudi-Dutschke_opt.jpg","_links":{"self":[{"href":"https:\/\/www.sonoraenequipo.com.mx\/api\/wp\/v2\/posts\/37738","targetHints":{"allow":["GET"]}}],"collection":[{"href":"https:\/\/www.sonoraenequipo.com.mx\/api\/wp\/v2\/posts"}],"about":[{"href":"https:\/\/www.sonoraenequipo.com.mx\/api\/wp\/v2\/types\/post"}],"author":[{"embeddable":true,"href":"https:\/\/www.sonoraenequipo.com.mx\/api\/wp\/v2\/users\/1"}],"replies":[{"embeddable":true,"href":"https:\/\/www.sonoraenequipo.com.mx\/api\/wp\/v2\/comments?post=37738"}],"version-history":[{"count":0,"href":"https:\/\/www.sonoraenequipo.com.mx\/api\/wp\/v2\/posts\/37738\/revisions"}],"wp:featuredmedia":[{"embeddable":true,"href":"https:\/\/www.sonoraenequipo.com.mx\/api\/wp\/v2\/media\/37739"}],"wp:attachment":[{"href":"https:\/\/www.sonoraenequipo.com.mx\/api\/wp\/v2\/media?parent=37738"}],"wp:term":[{"taxonomy":"category","embeddable":true,"href":"https:\/\/www.sonoraenequipo.com.mx\/api\/wp\/v2\/categories?post=37738"},{"taxonomy":"post_tag","embeddable":true,"href":"https:\/\/www.sonoraenequipo.com.mx\/api\/wp\/v2\/tags?post=37738"}],"curies":[{"name":"wp","href":"https:\/\/api.w.org\/{rel}","templated":true}]}}