{"id":37749,"date":"2018-05-24T11:28:52","date_gmt":"2018-05-24T18:28:52","guid":{"rendered":"http:\/\/www.sonoraenequipo.com.mx\/?p=37749"},"modified":"2018-05-24T17:31:06","modified_gmt":"2018-05-25T00:31:06","slug":"crece-en-espana-el-riesgo-de-la-larva-que-invade-el-cerebro","status":"publish","type":"post","link":"https:\/\/www.sonoraenequipo.com.mx\/crece-en-espana-el-riesgo-de-la-larva-que-invade-el-cerebro\/","title":{"rendered":"Crece en Espa\u00f1a el riesgo de la larva que invade el cerebro"},"content":{"rendered":"<p>MADRID, ESPA\u00d1A. \u2014 Parece una enfermedad de otros tiempos, un trastorno eliminado del primer mundo. Pero la cisticercosis, la infecci\u00f3n que producen en los tejidos las larvas del par\u00e1sito Taenia solium, sigue existiendo en Espa\u00f1a y no recibe la suficiente atenci\u00f3n. Lo denuncia un estudio que acaban de publicar investigadores del Instituto de Salud Carlos III.<\/p>\n<p> <\/p>\n<p>Tras analizar los casos atendidos en hospitales de nuestro pa\u00eds entre 1997 y 2014, y constatar un aumento de los casos -principalmente entre 1998 y 2008-, los investigadores reclaman un sistema de vigilancia estandarizado que permita monitorizar y hacer un seguimiento adecuado de los afectados, algo que, se\u00f1alan, no existe actualmente.<\/p>\n<p><em>\u00abSer\u00eda importante contar con una estrategia com\u00fan de recopilaci\u00f3n, monitorizaci\u00f3n e informaci\u00f3n de los casos para mejorar el conocimiento sobre la enfermedad, reconocer los factores de riesgo para desarrollarla, saber cu\u00e1l es su distribuci\u00f3n y mejorar el control de la enfermedad\u00bb<\/em>, apunta Zaida Herrador, investigadora del Centro Nacional de Medicina Tropical del Instituto de Salud Carlos III y primer firmante de la investigaci\u00f3n que acaba de publicarse en la revista cient\u00edfica de libre acceso Plos Neglected Tropical Diseases.<\/p>\n<p>Seg\u00fan sus datos, entre 1997 y 2014 se produjeron en Espa\u00f1a 1.912 hospitalizaciones a causa de la cisticercosis, aunque las cifras reales de la enfermedad podr\u00edan ser muy superiores, ya que los registros de las hospitalizaciones por esta afecci\u00f3n no son exhaustivos y, adem\u00e1s, las estimaciones apuntan a que m\u00e1s del 80% de los casos de cisticercosis cursan de manera asintom\u00e1tica. <em>\u00abNo hay datos precisos, ya que es una enfermedad infradiagnosticada y desatendida no s\u00f3lo en Espa\u00f1a. Tambi\u00e9n a nivel mundial\u00bb, <\/em>lamenta Herrador.<\/p>\n<p>Sin embargo, la infecci\u00f3n no es banal; sino que, de hecho, se trata de una de las principales causas prevenibles de epilepsia en todo el mundo. En los pa\u00edses donde el trastorno es end\u00e9mico, se estima que la infecci\u00f3n es responsable de hasta el 30% de los diagn\u00f3sticos de este trastorno neurol\u00f3gico.<\/p>\n<p>La cisticercosis se produce al ingerir los huevos de un par\u00e1sito que usa al cerdo como hu\u00e9sped y se denomina Taenia solium. Estas larvas se adhieren a tejidos como los m\u00fasculos, el cerebro o los ojos y forman quistes cuyas consecuencias pueden ser graves.<\/p>\n<p>La enfermedad no se contrae al consumir carne de cerdo parasitada (teniasis), sino tras entrar en contacto con alg\u00fan producto contaminado con heces de personas afectadas en las que est\u00e1n presentes los huevos de la tenia.<\/p>\n<p>Es m\u00e1s frecuente en pa\u00edses en desarrollo donde las condiciones de higiene no son adecuadas, pero se sigue viendo en nuestro pa\u00eds -y en toda Europa-, sobre todo desde que se increment\u00f3 la inmigraci\u00f3n y los viajes desde zonas donde la enfermedad es end\u00e9mica, como gran parte de de Am\u00e9rica Latina, el \u00c1frica Subsahariana y regiones de Asia y Ocean\u00eda, indican los investigadores.<\/p>\n<p><em>\u00abSe est\u00e1 convirtiendo en un problema creciente de salud p\u00fablica tambi\u00e9n en los pa\u00edses de altos ingresos, principalmente en comunidades donde las condiciones de higiene son pobres y, en consecuencia, favorecen la diseminaci\u00f3n de los huevos del par\u00e1sito\u00bb,<\/em> se\u00f1alan en el trabajo.<\/p>\n<p>En Espa\u00f1a, seg\u00fan los datos del trabajo, se produjo un aumento de los casos entre 1998 y 2008, coincidiendo con un aumento del flujo migratorio. A partir de ese a\u00f1o, en paralelo tambi\u00e9n con el regreso de muchas personas a sus pa\u00edses de origen, las tasas de infecciones detectadas decayeron.<\/p>\n<p>Las zonas del pa\u00eds donde se han registrado m\u00e1s afectados han sido Murcia (13,37 hospitalizaciones por 100.000 habitantes), Navarra (10.9\/100.000 habitantes) y Madrid (9,32\/100.000 habitantes) y los diagn\u00f3sticos m\u00e1s frecuentes asociados a la infecci\u00f3n fueron trastornos del sistema nervioso central, como epilepsia y convulsiones, encefalitis o meningitis.<\/p>\n<p>Con esos datos en la mano, que saben insuficientes, los investigadores reclaman una vigilancia m\u00e1s estructurada que permita realizar una fotograf\u00eda real de la epidemiolog\u00eda de la enfermedad en el pa\u00eds.<\/p>\n<p>\u00abLa mejora de las condiciones higi\u00e9nicas y de las inspecciones sanitarias ha sido clave para el control de la enfermedad. Se llevan a cabo en todos los pa\u00edses europeos siguiendo la legislaci\u00f3n vigente. A\u00fan as\u00ed, pueden existir otras formas de contagio que requieren m\u00e1s vigilancia, como los portadores sanos\u00bb, expone Herrador.<\/p>\n<p>La Directiva Europea 2003\/99\/EC recomienda la monitorizaci\u00f3n de la cisticercosis, pero muchos pa\u00edses de la UE siguen sin informar adecuadamente de la epidemiolog\u00eda de la enfermedad, lamentan los investigadores.<\/p>\n<p>(Fecha de publicaci\u00f3n 24052018)<\/p>\n","protected":false},"excerpt":{"rendered":"<p>MADRID, ESPA\u00d1A. \u2014 Parece una enfermedad de otros tiempos, un trastorno eliminado del primer mundo&#8230;.<\/p>\n","protected":false},"author":1,"featured_media":37750,"comment_status":"open","ping_status":"open","sticky":false,"template":"","format":"standard","meta":{"_monsterinsights_skip_tracking":false,"_monsterinsights_sitenote_active":false,"_monsterinsights_sitenote_note":"","_monsterinsights_sitenote_category":0,"footnotes":""},"categories":[2216,1],"tags":[],"class_list":["post"],"yoast_head":" \n<title>Sonora en Equipo. Crece en Espa\u00f1a el riesgo de la larva que invade el cerebro Sin categorizar<\/title>\n<meta name=\"description\" content=\"MADRID, ESPA\u00d1A. \u2014 Parece una enfermedad de otros tiempos, un trastorno eliminado del primer mundo. Pero la cisticercosis, la infecci\u00f3n que producen en los En Sonora en Equipo publicamos toda la informaci\u00f3n de Sonora, M\u00e9xico y el Mundo de manera oportuna y busca que la libertad de expresi\u00f3n sea real. Visita nuestro medio informativo publicado desde Hermosillo, Sonora. %\" \/>\n<meta name=\"robots\" content=\"index, follow, max-snippet:-1, max-image-preview:large, max-video-preview:-1\" \/>\n<link rel=\"canonical\" href=\"https:\/\/www.sonoraenequipo.com.mx\/crece-en-espana-el-riesgo-de-la-larva-que-invade-el-cerebro\/\" \/>\n<meta property=\"og:locale\" content=\"es_ES\" \/>\n<meta property=\"og:type\" content=\"article\" \/>\n<meta property=\"og:title\" content=\"Sonora en Equipo. Crece en Espa\u00f1a el riesgo de la larva que invade el cerebro Sin categorizar\" \/>\n<meta property=\"og:description\" content=\"MADRID, ESPA\u00d1A. \u2014 Parece una enfermedad de otros tiempos, un trastorno eliminado del primer mundo. Pero la cisticercosis, la infecci\u00f3n que producen en los En Sonora en Equipo publicamos toda la informaci\u00f3n de Sonora, M\u00e9xico y el Mundo de manera oportuna y busca que la libertad de expresi\u00f3n sea real. Visita nuestro medio informativo publicado desde Hermosillo, Sonora. %\" \/>\n<meta property=\"og:url\" content=\"https:\/\/www.sonoraenequipo.com.mx\/crece-en-espana-el-riesgo-de-la-larva-que-invade-el-cerebro\/\" \/>\n<meta property=\"og:site_name\" content=\"Sonora en Equipo.\" \/>\n<meta property=\"article:publisher\" content=\"https:\/\/www.facebook.com\/SonoraEE\/\" \/>\n<meta property=\"article:author\" content=\"https:\/\/www.facebook.com\/SonoraEE\" \/>\n<meta property=\"article:published_time\" content=\"2018-05-24T18:28:52+00:00\" \/>\n<meta property=\"article:modified_time\" content=\"2018-05-25T00:31:06+00:00\" \/>\n<meta property=\"og:image\" content=\"https:\/\/www.sonoraenequipo.com.mx\/storage\/2018\/05\/larva_opt.jpg\" \/>\n\t<meta property=\"og:image:width\" content=\"590\" \/>\n\t<meta property=\"og:image:height\" content=\"393\" \/>\n\t<meta property=\"og:image:type\" content=\"image\/jpeg\" \/>\n<meta name=\"author\" content=\"enequipo\" \/>\n<meta name=\"twitter:card\" content=\"summary_large_image\" \/>\n<meta name=\"twitter:creator\" content=\"@sonoraenequipo\" \/>\n<meta name=\"twitter:site\" content=\"@sonoraenequipo\" \/>\n<meta name=\"twitter:label1\" content=\"Escrito por\" \/>\n\t<meta name=\"twitter:data1\" content=\"enequipo\" \/>\n\t<meta name=\"twitter:label2\" content=\"Tiempo de lectura\" \/>\n\t<meta name=\"twitter:data2\" content=\"4 minutos\" \/>\n<script type=\"application\/ld+json\" class=\"yoast-schema-graph\">{\"@context\":\"https:\/\/schema.org\",\"@graph\":[{\"@type\":\"Article\",\"@id\":\"https:\/\/www.sonoraenequipo.com.mx\/crece-en-espana-el-riesgo-de-la-larva-que-invade-el-cerebro\/#article\",\"isPartOf\":{\"@id\":\"https:\/\/www.sonoraenequipo.com.mx\/crece-en-espana-el-riesgo-de-la-larva-que-invade-el-cerebro\/\"},\"author\":{\"name\":\"enequipo\",\"@id\":\"https:\/\/www.sonoraenequipo.com.mx\/#\/schema\/person\/50102df0fb23a8fa9e8effad8fa81386\"},\"headline\":\"Crece en Espa\u00f1a el riesgo de la larva que invade el cerebro\",\"datePublished\":\"2018-05-24T18:28:52+00:00\",\"dateModified\":\"2018-05-25T00:31:06+00:00\",\"mainEntityOfPage\":{\"@id\":\"https:\/\/www.sonoraenequipo.com.mx\/crece-en-espana-el-riesgo-de-la-larva-que-invade-el-cerebro\/\"},\"wordCount\":787,\"commentCount\":0,\"publisher\":{\"@id\":\"https:\/\/www.sonoraenequipo.com.mx\/#organization\"},\"image\":{\"@id\":\"https:\/\/www.sonoraenequipo.com.mx\/crece-en-espana-el-riesgo-de-la-larva-que-invade-el-cerebro\/#primaryimage\"},\"thumbnailUrl\":\"https:\/\/www.sonoraenequipo.com.mx\/storage\/2018\/05\/larva_opt.jpg\",\"articleSection\":[\"Ciencia y Tecnolog\u00eda\",\"Sin categorizar\"],\"inLanguage\":\"es\",\"potentialAction\":[{\"@type\":\"CommentAction\",\"name\":\"Comment\",\"target\":[\"https:\/\/www.sonoraenequipo.com.mx\/crece-en-espana-el-riesgo-de-la-larva-que-invade-el-cerebro\/#respond\"]}]},{\"@type\":\"WebPage\",\"@id\":\"https:\/\/www.sonoraenequipo.com.mx\/crece-en-espana-el-riesgo-de-la-larva-que-invade-el-cerebro\/\",\"url\":\"https:\/\/www.sonoraenequipo.com.mx\/crece-en-espana-el-riesgo-de-la-larva-que-invade-el-cerebro\/\",\"name\":\"Sonora en Equipo. Crece en Espa\u00f1a el riesgo de la larva que invade el cerebro Sin categorizar\",\"isPartOf\":{\"@id\":\"https:\/\/www.sonoraenequipo.com.mx\/#website\"},\"primaryImageOfPage\":{\"@id\":\"https:\/\/www.sonoraenequipo.com.mx\/crece-en-espana-el-riesgo-de-la-larva-que-invade-el-cerebro\/#primaryimage\"},\"image\":{\"@id\":\"https:\/\/www.sonoraenequipo.com.mx\/crece-en-espana-el-riesgo-de-la-larva-que-invade-el-cerebro\/#primaryimage\"},\"thumbnailUrl\":\"https:\/\/www.sonoraenequipo.com.mx\/storage\/2018\/05\/larva_opt.jpg\",\"datePublished\":\"2018-05-24T18:28:52+00:00\",\"dateModified\":\"2018-05-25T00:31:06+00:00\",\"description\":\"MADRID, ESPA\u00d1A. \u2014 Parece una enfermedad de otros tiempos, un trastorno eliminado del primer mundo. Pero la cisticercosis, la infecci\u00f3n que producen en los En Sonora en Equipo publicamos toda la informaci\u00f3n de Sonora, M\u00e9xico y el Mundo de manera oportuna y busca que la libertad de expresi\u00f3n sea real. Visita nuestro medio informativo publicado desde Hermosillo, Sonora. %\",\"breadcrumb\":{\"@id\":\"https:\/\/www.sonoraenequipo.com.mx\/crece-en-espana-el-riesgo-de-la-larva-que-invade-el-cerebro\/#breadcrumb\"},\"inLanguage\":\"es\",\"potentialAction\":[{\"@type\":\"ReadAction\",\"target\":[\"https:\/\/www.sonoraenequipo.com.mx\/crece-en-espana-el-riesgo-de-la-larva-que-invade-el-cerebro\/\"]}]},{\"@type\":\"ImageObject\",\"inLanguage\":\"es\",\"@id\":\"https:\/\/www.sonoraenequipo.com.mx\/crece-en-espana-el-riesgo-de-la-larva-que-invade-el-cerebro\/#primaryimage\",\"url\":\"https:\/\/www.sonoraenequipo.com.mx\/storage\/2018\/05\/larva_opt.jpg\",\"contentUrl\":\"https:\/\/www.sonoraenequipo.com.mx\/storage\/2018\/05\/larva_opt.jpg\",\"width\":590,\"height\":393},{\"@type\":\"BreadcrumbList\",\"@id\":\"https:\/\/www.sonoraenequipo.com.mx\/crece-en-espana-el-riesgo-de-la-larva-que-invade-el-cerebro\/#breadcrumb\",\"itemListElement\":[{\"@type\":\"ListItem\",\"position\":1,\"name\":\"Portada\",\"item\":\"https:\/\/www.sonoraenequipo.com.mx\/\"},{\"@type\":\"ListItem\",\"position\":2,\"name\":\"Crece en Espa\u00f1a el riesgo de la larva que invade el cerebro\"}]},{\"@type\":\"WebSite\",\"@id\":\"https:\/\/www.sonoraenequipo.com.mx\/#website\",\"url\":\"https:\/\/www.sonoraenequipo.com.mx\/\",\"name\":\"Sonora en Equipo.\",\"description\":\"Diario en l\u00ednea con Noticias desde Hermosillo, Sonora\",\"publisher\":{\"@id\":\"https:\/\/www.sonoraenequipo.com.mx\/#organization\"},\"potentialAction\":[{\"@type\":\"SearchAction\",\"target\":{\"@type\":\"EntryPoint\",\"urlTemplate\":\"https:\/\/www.sonoraenequipo.com.mx\/?s={search_term_string}\"},\"query-input\":{\"@type\":\"PropertyValueSpecification\",\"valueRequired\":true,\"valueName\":\"search_term_string\"}}],\"inLanguage\":\"es\"},{\"@type\":\"Organization\",\"@id\":\"https:\/\/www.sonoraenequipo.com.mx\/#organization\",\"name\":\"Sonoraenequipo.com.mx\",\"url\":\"https:\/\/www.sonoraenequipo.com.mx\/\",\"logo\":{\"@type\":\"ImageObject\",\"inLanguage\":\"es\",\"@id\":\"https:\/\/www.sonoraenequipo.com.mx\/#\/schema\/logo\/image\/\",\"url\":\"https:\/\/www.sonoraenequipo.com.mx\/storage\/2019\/01\/sonoraenequipo_opt.png\",\"contentUrl\":\"https:\/\/www.sonoraenequipo.com.mx\/storage\/2019\/01\/sonoraenequipo_opt.png\",\"width\":375,\"height\":125,\"caption\":\"Sonoraenequipo.com.mx\"},\"image\":{\"@id\":\"https:\/\/www.sonoraenequipo.com.mx\/#\/schema\/logo\/image\/\"},\"sameAs\":[\"https:\/\/www.facebook.com\/SonoraEE\/\",\"https:\/\/x.com\/sonoraenequipo\",\"https:\/\/www.youtube.com\/channel\/UC338nW-lPEYmJQs4ZABQ1SQ\"]},{\"@type\":\"Person\",\"@id\":\"https:\/\/www.sonoraenequipo.com.mx\/#\/schema\/person\/50102df0fb23a8fa9e8effad8fa81386\",\"name\":\"enequipo\",\"image\":{\"@type\":\"ImageObject\",\"inLanguage\":\"es\",\"@id\":\"https:\/\/www.sonoraenequipo.com.mx\/#\/schema\/person\/image\/\",\"url\":\"https:\/\/secure.gravatar.com\/avatar\/049821681b589dabc0bc20695993ccebb09f5b5d4d790cd9251b97faac7c652b?s=96&d=blank&r=g\",\"contentUrl\":\"https:\/\/secure.gravatar.com\/avatar\/049821681b589dabc0bc20695993ccebb09f5b5d4d790cd9251b97faac7c652b?s=96&d=blank&r=g\",\"caption\":\"enequipo\"},\"sameAs\":[\"https:\/\/www.facebook.com\/SonoraEE\"]}]}<\/script>\n ","yoast_head_json":{"title":"Sonora en Equipo. Crece en Espa\u00f1a el riesgo de la larva que invade el cerebro Sin categorizar","description":"MADRID, ESPA\u00d1A. \u2014 Parece una enfermedad de otros tiempos, un trastorno eliminado del primer mundo. Pero la cisticercosis, la infecci\u00f3n que producen en los En Sonora en Equipo publicamos toda la informaci\u00f3n de Sonora, M\u00e9xico y el Mundo de manera oportuna y busca que la libertad de expresi\u00f3n sea real. Visita nuestro medio informativo publicado desde Hermosillo, Sonora. %","robots":{"index":"index","follow":"follow","max-snippet":"max-snippet:-1","max-image-preview":"max-image-preview:large","max-video-preview":"max-video-preview:-1"},"canonical":"https:\/\/www.sonoraenequipo.com.mx\/crece-en-espana-el-riesgo-de-la-larva-que-invade-el-cerebro\/","og_locale":"es_ES","og_type":"article","og_title":"Sonora en Equipo. Crece en Espa\u00f1a el riesgo de la larva que invade el cerebro Sin categorizar","og_description":"MADRID, ESPA\u00d1A. \u2014 Parece una enfermedad de otros tiempos, un trastorno eliminado del primer mundo. Pero la cisticercosis, la infecci\u00f3n que producen en los En Sonora en Equipo publicamos toda la informaci\u00f3n de Sonora, M\u00e9xico y el Mundo de manera oportuna y busca que la libertad de expresi\u00f3n sea real. Visita nuestro medio informativo publicado desde Hermosillo, Sonora. %","og_url":"https:\/\/www.sonoraenequipo.com.mx\/crece-en-espana-el-riesgo-de-la-larva-que-invade-el-cerebro\/","og_site_name":"Sonora en Equipo.","article_publisher":"https:\/\/www.facebook.com\/SonoraEE\/","article_author":"https:\/\/www.facebook.com\/SonoraEE","article_published_time":"2018-05-24T18:28:52+00:00","article_modified_time":"2018-05-25T00:31:06+00:00","og_image":[{"width":590,"height":393,"url":"https:\/\/www.sonoraenequipo.com.mx\/storage\/2018\/05\/larva_opt.jpg","type":"image\/jpeg"}],"author":"enequipo","twitter_card":"summary_large_image","twitter_creator":"@sonoraenequipo","twitter_site":"@sonoraenequipo","twitter_misc":{"Escrito por":"enequipo","Tiempo de lectura":"4 minutos"},"schema":{"@context":"https:\/\/schema.org","@graph":[{"@type":"Article","@id":"https:\/\/www.sonoraenequipo.com.mx\/crece-en-espana-el-riesgo-de-la-larva-que-invade-el-cerebro\/#article","isPartOf":{"@id":"https:\/\/www.sonoraenequipo.com.mx\/crece-en-espana-el-riesgo-de-la-larva-que-invade-el-cerebro\/"},"author":{"name":"enequipo","@id":"https:\/\/www.sonoraenequipo.com.mx\/#\/schema\/person\/50102df0fb23a8fa9e8effad8fa81386"},"headline":"Crece en Espa\u00f1a el riesgo de la larva que invade el cerebro","datePublished":"2018-05-24T18:28:52+00:00","dateModified":"2018-05-25T00:31:06+00:00","mainEntityOfPage":{"@id":"https:\/\/www.sonoraenequipo.com.mx\/crece-en-espana-el-riesgo-de-la-larva-que-invade-el-cerebro\/"},"wordCount":787,"commentCount":0,"publisher":{"@id":"https:\/\/www.sonoraenequipo.com.mx\/#organization"},"image":{"@id":"https:\/\/www.sonoraenequipo.com.mx\/crece-en-espana-el-riesgo-de-la-larva-que-invade-el-cerebro\/#primaryimage"},"thumbnailUrl":"https:\/\/www.sonoraenequipo.com.mx\/storage\/2018\/05\/larva_opt.jpg","articleSection":["Ciencia y Tecnolog\u00eda","Sin categorizar"],"inLanguage":"es","potentialAction":[{"@type":"CommentAction","name":"Comment","target":["https:\/\/www.sonoraenequipo.com.mx\/crece-en-espana-el-riesgo-de-la-larva-que-invade-el-cerebro\/#respond"]}]},{"@type":"WebPage","@id":"https:\/\/www.sonoraenequipo.com.mx\/crece-en-espana-el-riesgo-de-la-larva-que-invade-el-cerebro\/","url":"https:\/\/www.sonoraenequipo.com.mx\/crece-en-espana-el-riesgo-de-la-larva-que-invade-el-cerebro\/","name":"Sonora en Equipo. Crece en Espa\u00f1a el riesgo de la larva que invade el cerebro Sin categorizar","isPartOf":{"@id":"https:\/\/www.sonoraenequipo.com.mx\/#website"},"primaryImageOfPage":{"@id":"https:\/\/www.sonoraenequipo.com.mx\/crece-en-espana-el-riesgo-de-la-larva-que-invade-el-cerebro\/#primaryimage"},"image":{"@id":"https:\/\/www.sonoraenequipo.com.mx\/crece-en-espana-el-riesgo-de-la-larva-que-invade-el-cerebro\/#primaryimage"},"thumbnailUrl":"https:\/\/www.sonoraenequipo.com.mx\/storage\/2018\/05\/larva_opt.jpg","datePublished":"2018-05-24T18:28:52+00:00","dateModified":"2018-05-25T00:31:06+00:00","description":"MADRID, ESPA\u00d1A. \u2014 Parece una enfermedad de otros tiempos, un trastorno eliminado del primer mundo. Pero la cisticercosis, la infecci\u00f3n que producen en los En Sonora en Equipo publicamos toda la informaci\u00f3n de Sonora, M\u00e9xico y el Mundo de manera oportuna y busca que la libertad de expresi\u00f3n sea real. Visita nuestro medio informativo publicado desde Hermosillo, Sonora. %","breadcrumb":{"@id":"https:\/\/www.sonoraenequipo.com.mx\/crece-en-espana-el-riesgo-de-la-larva-que-invade-el-cerebro\/#breadcrumb"},"inLanguage":"es","potentialAction":[{"@type":"ReadAction","target":["https:\/\/www.sonoraenequipo.com.mx\/crece-en-espana-el-riesgo-de-la-larva-que-invade-el-cerebro\/"]}]},{"@type":"ImageObject","inLanguage":"es","@id":"https:\/\/www.sonoraenequipo.com.mx\/crece-en-espana-el-riesgo-de-la-larva-que-invade-el-cerebro\/#primaryimage","url":"https:\/\/www.sonoraenequipo.com.mx\/storage\/2018\/05\/larva_opt.jpg","contentUrl":"https:\/\/www.sonoraenequipo.com.mx\/storage\/2018\/05\/larva_opt.jpg","width":590,"height":393},{"@type":"BreadcrumbList","@id":"https:\/\/www.sonoraenequipo.com.mx\/crece-en-espana-el-riesgo-de-la-larva-que-invade-el-cerebro\/#breadcrumb","itemListElement":[{"@type":"ListItem","position":1,"name":"Portada","item":"https:\/\/www.sonoraenequipo.com.mx\/"},{"@type":"ListItem","position":2,"name":"Crece en Espa\u00f1a el riesgo de la larva que invade el cerebro"}]},{"@type":"WebSite","@id":"https:\/\/www.sonoraenequipo.com.mx\/#website","url":"https:\/\/www.sonoraenequipo.com.mx\/","name":"Sonora en Equipo.","description":"Diario en l\u00ednea con Noticias desde Hermosillo, Sonora","publisher":{"@id":"https:\/\/www.sonoraenequipo.com.mx\/#organization"},"potentialAction":[{"@type":"SearchAction","target":{"@type":"EntryPoint","urlTemplate":"https:\/\/www.sonoraenequipo.com.mx\/?s={search_term_string}"},"query-input":{"@type":"PropertyValueSpecification","valueRequired":true,"valueName":"search_term_string"}}],"inLanguage":"es"},{"@type":"Organization","@id":"https:\/\/www.sonoraenequipo.com.mx\/#organization","name":"Sonoraenequipo.com.mx","url":"https:\/\/www.sonoraenequipo.com.mx\/","logo":{"@type":"ImageObject","inLanguage":"es","@id":"https:\/\/www.sonoraenequipo.com.mx\/#\/schema\/logo\/image\/","url":"https:\/\/www.sonoraenequipo.com.mx\/storage\/2019\/01\/sonoraenequipo_opt.png","contentUrl":"https:\/\/www.sonoraenequipo.com.mx\/storage\/2019\/01\/sonoraenequipo_opt.png","width":375,"height":125,"caption":"Sonoraenequipo.com.mx"},"image":{"@id":"https:\/\/www.sonoraenequipo.com.mx\/#\/schema\/logo\/image\/"},"sameAs":["https:\/\/www.facebook.com\/SonoraEE\/","https:\/\/x.com\/sonoraenequipo","https:\/\/www.youtube.com\/channel\/UC338nW-lPEYmJQs4ZABQ1SQ"]},{"@type":"Person","@id":"https:\/\/www.sonoraenequipo.com.mx\/#\/schema\/person\/50102df0fb23a8fa9e8effad8fa81386","name":"enequipo","image":{"@type":"ImageObject","inLanguage":"es","@id":"https:\/\/www.sonoraenequipo.com.mx\/#\/schema\/person\/image\/","url":"https:\/\/secure.gravatar.com\/avatar\/049821681b589dabc0bc20695993ccebb09f5b5d4d790cd9251b97faac7c652b?s=96&d=blank&r=g","contentUrl":"https:\/\/secure.gravatar.com\/avatar\/049821681b589dabc0bc20695993ccebb09f5b5d4d790cd9251b97faac7c652b?s=96&d=blank&r=g","caption":"enequipo"},"sameAs":["https:\/\/www.facebook.com\/SonoraEE"]}]}},"jetpack_featured_media_url":"https:\/\/www.sonoraenequipo.com.mx\/storage\/2018\/05\/larva_opt.jpg","_links":{"self":[{"href":"https:\/\/www.sonoraenequipo.com.mx\/api\/wp\/v2\/posts\/37749","targetHints":{"allow":["GET"]}}],"collection":[{"href":"https:\/\/www.sonoraenequipo.com.mx\/api\/wp\/v2\/posts"}],"about":[{"href":"https:\/\/www.sonoraenequipo.com.mx\/api\/wp\/v2\/types\/post"}],"author":[{"embeddable":true,"href":"https:\/\/www.sonoraenequipo.com.mx\/api\/wp\/v2\/users\/1"}],"replies":[{"embeddable":true,"href":"https:\/\/www.sonoraenequipo.com.mx\/api\/wp\/v2\/comments?post=37749"}],"version-history":[{"count":0,"href":"https:\/\/www.sonoraenequipo.com.mx\/api\/wp\/v2\/posts\/37749\/revisions"}],"wp:featuredmedia":[{"embeddable":true,"href":"https:\/\/www.sonoraenequipo.com.mx\/api\/wp\/v2\/media\/37750"}],"wp:attachment":[{"href":"https:\/\/www.sonoraenequipo.com.mx\/api\/wp\/v2\/media?parent=37749"}],"wp:term":[{"taxonomy":"category","embeddable":true,"href":"https:\/\/www.sonoraenequipo.com.mx\/api\/wp\/v2\/categories?post=37749"},{"taxonomy":"post_tag","embeddable":true,"href":"https:\/\/www.sonoraenequipo.com.mx\/api\/wp\/v2\/tags?post=37749"}],"curies":[{"name":"wp","href":"https:\/\/api.w.org\/{rel}","templated":true}]}}