{"id":38848,"date":"2018-06-12T20:00:15","date_gmt":"2018-06-13T03:00:15","guid":{"rendered":"http:\/\/www.sonoraenequipo.com.mx\/?p=38848"},"modified":"2018-06-12T21:23:57","modified_gmt":"2018-06-13T04:23:57","slug":"se-presentan-aspirantes-a-la-alcaldia-de-hermosillo-a-la-comunidad-del-colegio-sonora","status":"publish","type":"post","link":"https:\/\/www.sonoraenequipo.com.mx\/se-presentan-aspirantes-a-la-alcaldia-de-hermosillo-a-la-comunidad-del-colegio-sonora\/","title":{"rendered":"Se presentan aspirantes a la alcald\u00eda de Hermosillo en Colegio Sonora"},"content":{"rendered":"<p>HERMOSILLO, SONORA. MX. \u2014 Recolecci\u00f3n de basura, Seguridad y Transparencia, fueron los temas que abordaron los candidatos a la alcald\u00eda de Hermosillo, en el foro organizado por el Colegio de Sonora para la presentaci\u00f3n de propuestas a investigadores, docentes y estudiantes de la Instituci\u00f3n.<\/p>\n<p> <\/p>\n<p>El foro inaugurado por el Rector del Colegio de Sonora <strong>Juan Poom Medina<\/strong>, se desarrollo en formato debate, en el que cada candidato present\u00f3 en un tiempo no mayor a tres minutos, sus iniciativas y proyectos de acuerdo a los temas que se sortearon.<\/p>\n<p><em><br \/>\n\u201cEs tradici\u00f3n para el colegio de Sonora realizar estos eventos, nosotros apostamos a que los candidatos de la alcald\u00eda aqu\u00ed en el colson puedan encontrar un espacio para dejar con claridad su propuestas, es un espacios para las propuestas y no es un debate.<\/em><\/p>\n<p>&nbsp;<\/p>\n<p>En su presentaci\u00f3n de propuestas en el tema de Seguridad, <strong>Ernesto De Lucas Hopkins<\/strong> <em>candidato de los partidos PRI, Verde Ecologista y Panal,<\/em> destac\u00f3 la necesidad de triplicar el n\u00famero de polic\u00edas en operativos, tambi\u00e9n la creaci\u00f3n del departamento de robo a casa habitaci\u00f3n y comercio.<\/p>\n<p><strong>Guadalupe Curiel<\/strong> <em>abanderado del Movimiento Alternativo Sonorense,<\/em> propuso dotar de tecnolog\u00eda a la polic\u00eda y abatir la narcomenudeo; por su parte <strong>C\u00e9lida L\u00f3pez<\/strong><em> de los partidos Morena, PES y PT,<\/em> argument\u00f3 la necesidad de mayor participaci\u00f3n ciudadana en colaboraci\u00f3n con autoridades municipales.<\/p>\n<p>En tanto,<strong> Carlos Le\u00f3n<\/strong> <em>de Movimiento Ciudadano,<\/em> dijo que se focalizar\u00e1n las acciones de prevenci\u00f3n en las 20 colonias con mayor \u00edndice de violencia y por \u00faltimo, el candidato independiente propuso dividir los cuadrantes de la ciudad y monitorear que los elementos policiacos hagan bien su trabajo.<\/p>\n<p>(Fecha de publicaci\u00f3n 12062018)<\/p>\n","protected":false},"excerpt":{"rendered":"<p>HERMOSILLO, SONORA. MX. \u2014 Recolecci\u00f3n de basura, Seguridad y Transparencia, fueron los temas que abordaron&#8230;<\/p>\n","protected":false},"author":1,"featured_media":38855,"comment_status":"open","ping_status":"open","sticky":false,"template":"","format":"standard","meta":{"_monsterinsights_skip_tracking":false,"_monsterinsights_sitenote_active":false,"_monsterinsights_sitenote_note":"","_monsterinsights_sitenote_category":0,"footnotes":""},"categories":[1],"tags":[],"class_list":["post"],"yoast_head":" \n<title>Sonora en Equipo. Se presentan aspirantes a la alcald\u00eda de Hermosillo en Colegio Sonora<\/title>\n<meta name=\"description\" content=\"HERMOSILLO, SONORA. MX. \u2014 Recolecci\u00f3n de basura, Seguridad y Transparencia, fueron los temas que abordaron los candidatos a la alcald\u00eda de Hermosillo, en En Sonora en Equipo publicamos toda la informaci\u00f3n de Sonora, M\u00e9xico y el Mundo de manera oportuna y busca que la libertad de expresi\u00f3n sea real. Visita nuestro medio informativo publicado desde Hermosillo, Sonora. %\" \/>\n<meta name=\"robots\" content=\"index, follow, max-snippet:-1, max-image-preview:large, max-video-preview:-1\" \/>\n<link rel=\"canonical\" href=\"https:\/\/www.sonoraenequipo.com.mx\/se-presentan-aspirantes-a-la-alcaldia-de-hermosillo-a-la-comunidad-del-colegio-sonora\/\" \/>\n<meta property=\"og:locale\" content=\"es_ES\" \/>\n<meta property=\"og:type\" content=\"article\" \/>\n<meta property=\"og:title\" content=\"Sonora en Equipo. Se presentan aspirantes a la alcald\u00eda de Hermosillo en Colegio Sonora\" \/>\n<meta property=\"og:description\" content=\"HERMOSILLO, SONORA. MX. \u2014 Recolecci\u00f3n de basura, Seguridad y Transparencia, fueron los temas que abordaron los candidatos a la alcald\u00eda de Hermosillo, en En Sonora en Equipo publicamos toda la informaci\u00f3n de Sonora, M\u00e9xico y el Mundo de manera oportuna y busca que la libertad de expresi\u00f3n sea real. Visita nuestro medio informativo publicado desde Hermosillo, Sonora. %\" \/>\n<meta property=\"og:url\" content=\"https:\/\/www.sonoraenequipo.com.mx\/se-presentan-aspirantes-a-la-alcaldia-de-hermosillo-a-la-comunidad-del-colegio-sonora\/\" \/>\n<meta property=\"og:site_name\" content=\"Sonora en Equipo.\" \/>\n<meta property=\"article:publisher\" content=\"https:\/\/www.facebook.com\/SonoraEE\/\" \/>\n<meta property=\"article:author\" content=\"https:\/\/www.facebook.com\/SonoraEE\" \/>\n<meta property=\"article:published_time\" content=\"2018-06-13T03:00:15+00:00\" \/>\n<meta property=\"article:modified_time\" content=\"2018-06-13T04:23:57+00:00\" \/>\n<meta property=\"og:image\" content=\"https:\/\/www.sonoraenequipo.com.mx\/storage\/2018\/06\/candidatos_opt3.jpg\" \/>\n\t<meta property=\"og:image:width\" content=\"600\" \/>\n\t<meta property=\"og:image:height\" content=\"400\" \/>\n\t<meta property=\"og:image:type\" content=\"image\/jpeg\" \/>\n<meta name=\"author\" content=\"enequipo\" \/>\n<meta name=\"twitter:card\" content=\"summary_large_image\" \/>\n<meta name=\"twitter:creator\" content=\"@sonoraenequipo\" \/>\n<meta name=\"twitter:site\" content=\"@sonoraenequipo\" \/>\n<meta name=\"twitter:label1\" content=\"Escrito por\" \/>\n\t<meta name=\"twitter:data1\" content=\"enequipo\" \/>\n\t<meta name=\"twitter:label2\" content=\"Tiempo de lectura\" \/>\n\t<meta name=\"twitter:data2\" content=\"1 minuto\" \/>\n<script type=\"application\/ld+json\" class=\"yoast-schema-graph\">{\"@context\":\"https:\/\/schema.org\",\"@graph\":[{\"@type\":\"Article\",\"@id\":\"https:\/\/www.sonoraenequipo.com.mx\/se-presentan-aspirantes-a-la-alcaldia-de-hermosillo-a-la-comunidad-del-colegio-sonora\/#article\",\"isPartOf\":{\"@id\":\"https:\/\/www.sonoraenequipo.com.mx\/se-presentan-aspirantes-a-la-alcaldia-de-hermosillo-a-la-comunidad-del-colegio-sonora\/\"},\"author\":{\"name\":\"enequipo\",\"@id\":\"https:\/\/www.sonoraenequipo.com.mx\/#\/schema\/person\/50102df0fb23a8fa9e8effad8fa81386\"},\"headline\":\"Se presentan aspirantes a la alcald\u00eda de Hermosillo en Colegio Sonora\",\"datePublished\":\"2018-06-13T03:00:15+00:00\",\"dateModified\":\"2018-06-13T04:23:57+00:00\",\"mainEntityOfPage\":{\"@id\":\"https:\/\/www.sonoraenequipo.com.mx\/se-presentan-aspirantes-a-la-alcaldia-de-hermosillo-a-la-comunidad-del-colegio-sonora\/\"},\"wordCount\":303,\"commentCount\":0,\"publisher\":{\"@id\":\"https:\/\/www.sonoraenequipo.com.mx\/#organization\"},\"image\":{\"@id\":\"https:\/\/www.sonoraenequipo.com.mx\/se-presentan-aspirantes-a-la-alcaldia-de-hermosillo-a-la-comunidad-del-colegio-sonora\/#primaryimage\"},\"thumbnailUrl\":\"https:\/\/www.sonoraenequipo.com.mx\/storage\/2018\/06\/candidatos_opt3.jpg\",\"articleSection\":[\"Sin categorizar\"],\"inLanguage\":\"es\",\"potentialAction\":[{\"@type\":\"CommentAction\",\"name\":\"Comment\",\"target\":[\"https:\/\/www.sonoraenequipo.com.mx\/se-presentan-aspirantes-a-la-alcaldia-de-hermosillo-a-la-comunidad-del-colegio-sonora\/#respond\"]}]},{\"@type\":\"WebPage\",\"@id\":\"https:\/\/www.sonoraenequipo.com.mx\/se-presentan-aspirantes-a-la-alcaldia-de-hermosillo-a-la-comunidad-del-colegio-sonora\/\",\"url\":\"https:\/\/www.sonoraenequipo.com.mx\/se-presentan-aspirantes-a-la-alcaldia-de-hermosillo-a-la-comunidad-del-colegio-sonora\/\",\"name\":\"Sonora en Equipo. Se presentan aspirantes a la alcald\u00eda de Hermosillo en Colegio Sonora\",\"isPartOf\":{\"@id\":\"https:\/\/www.sonoraenequipo.com.mx\/#website\"},\"primaryImageOfPage\":{\"@id\":\"https:\/\/www.sonoraenequipo.com.mx\/se-presentan-aspirantes-a-la-alcaldia-de-hermosillo-a-la-comunidad-del-colegio-sonora\/#primaryimage\"},\"image\":{\"@id\":\"https:\/\/www.sonoraenequipo.com.mx\/se-presentan-aspirantes-a-la-alcaldia-de-hermosillo-a-la-comunidad-del-colegio-sonora\/#primaryimage\"},\"thumbnailUrl\":\"https:\/\/www.sonoraenequipo.com.mx\/storage\/2018\/06\/candidatos_opt3.jpg\",\"datePublished\":\"2018-06-13T03:00:15+00:00\",\"dateModified\":\"2018-06-13T04:23:57+00:00\",\"description\":\"HERMOSILLO, SONORA. MX. \u2014 Recolecci\u00f3n de basura, Seguridad y Transparencia, fueron los temas que abordaron los candidatos a la alcald\u00eda de Hermosillo, en En Sonora en Equipo publicamos toda la informaci\u00f3n de Sonora, M\u00e9xico y el Mundo de manera oportuna y busca que la libertad de expresi\u00f3n sea real. Visita nuestro medio informativo publicado desde Hermosillo, Sonora. %\",\"breadcrumb\":{\"@id\":\"https:\/\/www.sonoraenequipo.com.mx\/se-presentan-aspirantes-a-la-alcaldia-de-hermosillo-a-la-comunidad-del-colegio-sonora\/#breadcrumb\"},\"inLanguage\":\"es\",\"potentialAction\":[{\"@type\":\"ReadAction\",\"target\":[\"https:\/\/www.sonoraenequipo.com.mx\/se-presentan-aspirantes-a-la-alcaldia-de-hermosillo-a-la-comunidad-del-colegio-sonora\/\"]}]},{\"@type\":\"ImageObject\",\"inLanguage\":\"es\",\"@id\":\"https:\/\/www.sonoraenequipo.com.mx\/se-presentan-aspirantes-a-la-alcaldia-de-hermosillo-a-la-comunidad-del-colegio-sonora\/#primaryimage\",\"url\":\"https:\/\/www.sonoraenequipo.com.mx\/storage\/2018\/06\/candidatos_opt3.jpg\",\"contentUrl\":\"https:\/\/www.sonoraenequipo.com.mx\/storage\/2018\/06\/candidatos_opt3.jpg\",\"width\":600,\"height\":400},{\"@type\":\"BreadcrumbList\",\"@id\":\"https:\/\/www.sonoraenequipo.com.mx\/se-presentan-aspirantes-a-la-alcaldia-de-hermosillo-a-la-comunidad-del-colegio-sonora\/#breadcrumb\",\"itemListElement\":[{\"@type\":\"ListItem\",\"position\":1,\"name\":\"Portada\",\"item\":\"https:\/\/www.sonoraenequipo.com.mx\/\"},{\"@type\":\"ListItem\",\"position\":2,\"name\":\"Se presentan aspirantes a la alcald\u00eda de Hermosillo en Colegio Sonora\"}]},{\"@type\":\"WebSite\",\"@id\":\"https:\/\/www.sonoraenequipo.com.mx\/#website\",\"url\":\"https:\/\/www.sonoraenequipo.com.mx\/\",\"name\":\"Sonora en Equipo.\",\"description\":\"Diario en l\u00ednea con Noticias desde Hermosillo, Sonora\",\"publisher\":{\"@id\":\"https:\/\/www.sonoraenequipo.com.mx\/#organization\"},\"potentialAction\":[{\"@type\":\"SearchAction\",\"target\":{\"@type\":\"EntryPoint\",\"urlTemplate\":\"https:\/\/www.sonoraenequipo.com.mx\/?s={search_term_string}\"},\"query-input\":{\"@type\":\"PropertyValueSpecification\",\"valueRequired\":true,\"valueName\":\"search_term_string\"}}],\"inLanguage\":\"es\"},{\"@type\":\"Organization\",\"@id\":\"https:\/\/www.sonoraenequipo.com.mx\/#organization\",\"name\":\"Sonoraenequipo.com.mx\",\"url\":\"https:\/\/www.sonoraenequipo.com.mx\/\",\"logo\":{\"@type\":\"ImageObject\",\"inLanguage\":\"es\",\"@id\":\"https:\/\/www.sonoraenequipo.com.mx\/#\/schema\/logo\/image\/\",\"url\":\"https:\/\/www.sonoraenequipo.com.mx\/storage\/2019\/01\/sonoraenequipo_opt.png\",\"contentUrl\":\"https:\/\/www.sonoraenequipo.com.mx\/storage\/2019\/01\/sonoraenequipo_opt.png\",\"width\":375,\"height\":125,\"caption\":\"Sonoraenequipo.com.mx\"},\"image\":{\"@id\":\"https:\/\/www.sonoraenequipo.com.mx\/#\/schema\/logo\/image\/\"},\"sameAs\":[\"https:\/\/www.facebook.com\/SonoraEE\/\",\"https:\/\/x.com\/sonoraenequipo\",\"https:\/\/www.youtube.com\/channel\/UC338nW-lPEYmJQs4ZABQ1SQ\"]},{\"@type\":\"Person\",\"@id\":\"https:\/\/www.sonoraenequipo.com.mx\/#\/schema\/person\/50102df0fb23a8fa9e8effad8fa81386\",\"name\":\"enequipo\",\"image\":{\"@type\":\"ImageObject\",\"inLanguage\":\"es\",\"@id\":\"https:\/\/www.sonoraenequipo.com.mx\/#\/schema\/person\/image\/\",\"url\":\"https:\/\/secure.gravatar.com\/avatar\/049821681b589dabc0bc20695993ccebb09f5b5d4d790cd9251b97faac7c652b?s=96&d=blank&r=g\",\"contentUrl\":\"https:\/\/secure.gravatar.com\/avatar\/049821681b589dabc0bc20695993ccebb09f5b5d4d790cd9251b97faac7c652b?s=96&d=blank&r=g\",\"caption\":\"enequipo\"},\"sameAs\":[\"https:\/\/www.facebook.com\/SonoraEE\"]}]}<\/script>\n ","yoast_head_json":{"title":"Sonora en Equipo. Se presentan aspirantes a la alcald\u00eda de Hermosillo en Colegio Sonora","description":"HERMOSILLO, SONORA. MX. \u2014 Recolecci\u00f3n de basura, Seguridad y Transparencia, fueron los temas que abordaron los candidatos a la alcald\u00eda de Hermosillo, en En Sonora en Equipo publicamos toda la informaci\u00f3n de Sonora, M\u00e9xico y el Mundo de manera oportuna y busca que la libertad de expresi\u00f3n sea real. Visita nuestro medio informativo publicado desde Hermosillo, Sonora. %","robots":{"index":"index","follow":"follow","max-snippet":"max-snippet:-1","max-image-preview":"max-image-preview:large","max-video-preview":"max-video-preview:-1"},"canonical":"https:\/\/www.sonoraenequipo.com.mx\/se-presentan-aspirantes-a-la-alcaldia-de-hermosillo-a-la-comunidad-del-colegio-sonora\/","og_locale":"es_ES","og_type":"article","og_title":"Sonora en Equipo. Se presentan aspirantes a la alcald\u00eda de Hermosillo en Colegio Sonora","og_description":"HERMOSILLO, SONORA. MX. \u2014 Recolecci\u00f3n de basura, Seguridad y Transparencia, fueron los temas que abordaron los candidatos a la alcald\u00eda de Hermosillo, en En Sonora en Equipo publicamos toda la informaci\u00f3n de Sonora, M\u00e9xico y el Mundo de manera oportuna y busca que la libertad de expresi\u00f3n sea real. Visita nuestro medio informativo publicado desde Hermosillo, Sonora. %","og_url":"https:\/\/www.sonoraenequipo.com.mx\/se-presentan-aspirantes-a-la-alcaldia-de-hermosillo-a-la-comunidad-del-colegio-sonora\/","og_site_name":"Sonora en Equipo.","article_publisher":"https:\/\/www.facebook.com\/SonoraEE\/","article_author":"https:\/\/www.facebook.com\/SonoraEE","article_published_time":"2018-06-13T03:00:15+00:00","article_modified_time":"2018-06-13T04:23:57+00:00","og_image":[{"width":600,"height":400,"url":"https:\/\/www.sonoraenequipo.com.mx\/storage\/2018\/06\/candidatos_opt3.jpg","type":"image\/jpeg"}],"author":"enequipo","twitter_card":"summary_large_image","twitter_creator":"@sonoraenequipo","twitter_site":"@sonoraenequipo","twitter_misc":{"Escrito por":"enequipo","Tiempo de lectura":"1 minuto"},"schema":{"@context":"https:\/\/schema.org","@graph":[{"@type":"Article","@id":"https:\/\/www.sonoraenequipo.com.mx\/se-presentan-aspirantes-a-la-alcaldia-de-hermosillo-a-la-comunidad-del-colegio-sonora\/#article","isPartOf":{"@id":"https:\/\/www.sonoraenequipo.com.mx\/se-presentan-aspirantes-a-la-alcaldia-de-hermosillo-a-la-comunidad-del-colegio-sonora\/"},"author":{"name":"enequipo","@id":"https:\/\/www.sonoraenequipo.com.mx\/#\/schema\/person\/50102df0fb23a8fa9e8effad8fa81386"},"headline":"Se presentan aspirantes a la alcald\u00eda de Hermosillo en Colegio Sonora","datePublished":"2018-06-13T03:00:15+00:00","dateModified":"2018-06-13T04:23:57+00:00","mainEntityOfPage":{"@id":"https:\/\/www.sonoraenequipo.com.mx\/se-presentan-aspirantes-a-la-alcaldia-de-hermosillo-a-la-comunidad-del-colegio-sonora\/"},"wordCount":303,"commentCount":0,"publisher":{"@id":"https:\/\/www.sonoraenequipo.com.mx\/#organization"},"image":{"@id":"https:\/\/www.sonoraenequipo.com.mx\/se-presentan-aspirantes-a-la-alcaldia-de-hermosillo-a-la-comunidad-del-colegio-sonora\/#primaryimage"},"thumbnailUrl":"https:\/\/www.sonoraenequipo.com.mx\/storage\/2018\/06\/candidatos_opt3.jpg","articleSection":["Sin categorizar"],"inLanguage":"es","potentialAction":[{"@type":"CommentAction","name":"Comment","target":["https:\/\/www.sonoraenequipo.com.mx\/se-presentan-aspirantes-a-la-alcaldia-de-hermosillo-a-la-comunidad-del-colegio-sonora\/#respond"]}]},{"@type":"WebPage","@id":"https:\/\/www.sonoraenequipo.com.mx\/se-presentan-aspirantes-a-la-alcaldia-de-hermosillo-a-la-comunidad-del-colegio-sonora\/","url":"https:\/\/www.sonoraenequipo.com.mx\/se-presentan-aspirantes-a-la-alcaldia-de-hermosillo-a-la-comunidad-del-colegio-sonora\/","name":"Sonora en Equipo. Se presentan aspirantes a la alcald\u00eda de Hermosillo en Colegio Sonora","isPartOf":{"@id":"https:\/\/www.sonoraenequipo.com.mx\/#website"},"primaryImageOfPage":{"@id":"https:\/\/www.sonoraenequipo.com.mx\/se-presentan-aspirantes-a-la-alcaldia-de-hermosillo-a-la-comunidad-del-colegio-sonora\/#primaryimage"},"image":{"@id":"https:\/\/www.sonoraenequipo.com.mx\/se-presentan-aspirantes-a-la-alcaldia-de-hermosillo-a-la-comunidad-del-colegio-sonora\/#primaryimage"},"thumbnailUrl":"https:\/\/www.sonoraenequipo.com.mx\/storage\/2018\/06\/candidatos_opt3.jpg","datePublished":"2018-06-13T03:00:15+00:00","dateModified":"2018-06-13T04:23:57+00:00","description":"HERMOSILLO, SONORA. MX. \u2014 Recolecci\u00f3n de basura, Seguridad y Transparencia, fueron los temas que abordaron los candidatos a la alcald\u00eda de Hermosillo, en En Sonora en Equipo publicamos toda la informaci\u00f3n de Sonora, M\u00e9xico y el Mundo de manera oportuna y busca que la libertad de expresi\u00f3n sea real. Visita nuestro medio informativo publicado desde Hermosillo, Sonora. %","breadcrumb":{"@id":"https:\/\/www.sonoraenequipo.com.mx\/se-presentan-aspirantes-a-la-alcaldia-de-hermosillo-a-la-comunidad-del-colegio-sonora\/#breadcrumb"},"inLanguage":"es","potentialAction":[{"@type":"ReadAction","target":["https:\/\/www.sonoraenequipo.com.mx\/se-presentan-aspirantes-a-la-alcaldia-de-hermosillo-a-la-comunidad-del-colegio-sonora\/"]}]},{"@type":"ImageObject","inLanguage":"es","@id":"https:\/\/www.sonoraenequipo.com.mx\/se-presentan-aspirantes-a-la-alcaldia-de-hermosillo-a-la-comunidad-del-colegio-sonora\/#primaryimage","url":"https:\/\/www.sonoraenequipo.com.mx\/storage\/2018\/06\/candidatos_opt3.jpg","contentUrl":"https:\/\/www.sonoraenequipo.com.mx\/storage\/2018\/06\/candidatos_opt3.jpg","width":600,"height":400},{"@type":"BreadcrumbList","@id":"https:\/\/www.sonoraenequipo.com.mx\/se-presentan-aspirantes-a-la-alcaldia-de-hermosillo-a-la-comunidad-del-colegio-sonora\/#breadcrumb","itemListElement":[{"@type":"ListItem","position":1,"name":"Portada","item":"https:\/\/www.sonoraenequipo.com.mx\/"},{"@type":"ListItem","position":2,"name":"Se presentan aspirantes a la alcald\u00eda de Hermosillo en Colegio Sonora"}]},{"@type":"WebSite","@id":"https:\/\/www.sonoraenequipo.com.mx\/#website","url":"https:\/\/www.sonoraenequipo.com.mx\/","name":"Sonora en Equipo.","description":"Diario en l\u00ednea con Noticias desde Hermosillo, Sonora","publisher":{"@id":"https:\/\/www.sonoraenequipo.com.mx\/#organization"},"potentialAction":[{"@type":"SearchAction","target":{"@type":"EntryPoint","urlTemplate":"https:\/\/www.sonoraenequipo.com.mx\/?s={search_term_string}"},"query-input":{"@type":"PropertyValueSpecification","valueRequired":true,"valueName":"search_term_string"}}],"inLanguage":"es"},{"@type":"Organization","@id":"https:\/\/www.sonoraenequipo.com.mx\/#organization","name":"Sonoraenequipo.com.mx","url":"https:\/\/www.sonoraenequipo.com.mx\/","logo":{"@type":"ImageObject","inLanguage":"es","@id":"https:\/\/www.sonoraenequipo.com.mx\/#\/schema\/logo\/image\/","url":"https:\/\/www.sonoraenequipo.com.mx\/storage\/2019\/01\/sonoraenequipo_opt.png","contentUrl":"https:\/\/www.sonoraenequipo.com.mx\/storage\/2019\/01\/sonoraenequipo_opt.png","width":375,"height":125,"caption":"Sonoraenequipo.com.mx"},"image":{"@id":"https:\/\/www.sonoraenequipo.com.mx\/#\/schema\/logo\/image\/"},"sameAs":["https:\/\/www.facebook.com\/SonoraEE\/","https:\/\/x.com\/sonoraenequipo","https:\/\/www.youtube.com\/channel\/UC338nW-lPEYmJQs4ZABQ1SQ"]},{"@type":"Person","@id":"https:\/\/www.sonoraenequipo.com.mx\/#\/schema\/person\/50102df0fb23a8fa9e8effad8fa81386","name":"enequipo","image":{"@type":"ImageObject","inLanguage":"es","@id":"https:\/\/www.sonoraenequipo.com.mx\/#\/schema\/person\/image\/","url":"https:\/\/secure.gravatar.com\/avatar\/049821681b589dabc0bc20695993ccebb09f5b5d4d790cd9251b97faac7c652b?s=96&d=blank&r=g","contentUrl":"https:\/\/secure.gravatar.com\/avatar\/049821681b589dabc0bc20695993ccebb09f5b5d4d790cd9251b97faac7c652b?s=96&d=blank&r=g","caption":"enequipo"},"sameAs":["https:\/\/www.facebook.com\/SonoraEE"]}]}},"jetpack_featured_media_url":"https:\/\/www.sonoraenequipo.com.mx\/storage\/2018\/06\/candidatos_opt3.jpg","_links":{"self":[{"href":"https:\/\/www.sonoraenequipo.com.mx\/api\/wp\/v2\/posts\/38848","targetHints":{"allow":["GET"]}}],"collection":[{"href":"https:\/\/www.sonoraenequipo.com.mx\/api\/wp\/v2\/posts"}],"about":[{"href":"https:\/\/www.sonoraenequipo.com.mx\/api\/wp\/v2\/types\/post"}],"author":[{"embeddable":true,"href":"https:\/\/www.sonoraenequipo.com.mx\/api\/wp\/v2\/users\/1"}],"replies":[{"embeddable":true,"href":"https:\/\/www.sonoraenequipo.com.mx\/api\/wp\/v2\/comments?post=38848"}],"version-history":[{"count":0,"href":"https:\/\/www.sonoraenequipo.com.mx\/api\/wp\/v2\/posts\/38848\/revisions"}],"wp:featuredmedia":[{"embeddable":true,"href":"https:\/\/www.sonoraenequipo.com.mx\/api\/wp\/v2\/media\/38855"}],"wp:attachment":[{"href":"https:\/\/www.sonoraenequipo.com.mx\/api\/wp\/v2\/media?parent=38848"}],"wp:term":[{"taxonomy":"category","embeddable":true,"href":"https:\/\/www.sonoraenequipo.com.mx\/api\/wp\/v2\/categories?post=38848"},{"taxonomy":"post_tag","embeddable":true,"href":"https:\/\/www.sonoraenequipo.com.mx\/api\/wp\/v2\/tags?post=38848"}],"curies":[{"name":"wp","href":"https:\/\/api.w.org\/{rel}","templated":true}]}}