{"id":38853,"date":"2018-06-13T01:30:11","date_gmt":"2018-06-13T08:30:11","guid":{"rendered":"http:\/\/www.sonoraenequipo.com.mx\/?p=38853"},"modified":"2018-06-12T21:16:09","modified_gmt":"2018-06-13T04:16:09","slug":"la-cfe-no-tiene-capacidad-en-generacion-de-energia-por-lo-que-habra-apagones-en-verano","status":"publish","type":"post","link":"https:\/\/www.sonoraenequipo.com.mx\/la-cfe-no-tiene-capacidad-en-generacion-de-energia-por-lo-que-habra-apagones-en-verano\/","title":{"rendered":"La CFE no tiene capacidad en generaci\u00f3n de energ\u00eda por lo que habr\u00e1 apagones en verano"},"content":{"rendered":"<p>HERMOSILLO, SONORA. MX. \u2014 La alta demanda de energ\u00eda el\u00e9ctrica en Sonora traer\u00e1 apagones durante la temporada de verano, pues la Comisi\u00f3n Federal de Electricidad ha reconocido falta de capacidad en materia de generaci\u00f3n para atender los picos en la demanda.<\/p>\n<p> <\/p>\n<p>Esto fue admitido por el Centro nacional de Control de Energ\u00eda de la misma empresa productiva del estado, luego de que este fin de semana se reportaran cortes temporales y apagones en la zona urbana de Hermosillo, se\u00f1alando de manera oficial que por la baja disponibilidad de energ\u00eda y en particular de combustibles para generar suficiente fluido el\u00e9ctrico, que se podr\u00e1n registrar apagones en todo el pa\u00eds, aunque particularmente esto se dar\u00eda en las zonas de mayor intensidad del calor, en especifico algunas ciudades de Sonora como Hermosillo, Cajeme, Caborca y San Luis R\u00edo Colorado, entre otras.<\/p>\n<p>Los cortes no son fortuitos o al azar, y se trata de bajas programadas en el flujo de energ\u00eda hacia ciertos sectores, admiti\u00f3 la CFE.<\/p>\n<p>La empresa indic\u00f3 que uno de los factores es la falta de gas natural suficiente para alimentar su plantas de ciclo combinado en regiones del sureste y el noroeste de M\u00e9xico, situaci\u00f3n que ha tendido agravarse para el caso de la regi\u00f3n noroeste por el bloqueo a la operaci\u00f3n del <em>\u201cGasoducto Sonora\u201d<\/em> que desde agosto del 2017 suspendi\u00f3 el abasto de ese combustible desde la zona de Loma de B\u00e1cum hacia la regi\u00f3n de Sinaloa.<\/p>\n<p>(Fecha de publicaci\u00f3n 12062018)<\/p>\n","protected":false},"excerpt":{"rendered":"<p>HERMOSILLO, SONORA. MX. \u2014 La alta demanda de energ\u00eda el\u00e9ctrica en Sonora traer\u00e1 apagones durante&#8230;<\/p>\n","protected":false},"author":1,"featured_media":38854,"comment_status":"open","ping_status":"open","sticky":false,"template":"","format":"standard","meta":{"_monsterinsights_skip_tracking":false,"_monsterinsights_sitenote_active":false,"_monsterinsights_sitenote_note":"","_monsterinsights_sitenote_category":0,"footnotes":""},"categories":[13,22],"tags":[],"class_list":["post"],"yoast_head":" \n<title>Sonora en Equipo. La CFE no tiene capacidad en generaci\u00f3n de energ\u00eda por lo que habr\u00e1 apagones en verano Destacadas<\/title>\n<meta name=\"description\" content=\"HERMOSILLO, SONORA. MX. \u2014 La alta demanda de energ\u00eda el\u00e9ctrica en Sonora traer\u00e1 apagones durante la temporada de verano, pues la Comisi\u00f3n Federal de En Sonora en Equipo publicamos toda la informaci\u00f3n de Sonora, M\u00e9xico y el Mundo de manera oportuna y busca que la libertad de expresi\u00f3n sea real. Visita nuestro medio informativo publicado desde Hermosillo, Sonora. %\" \/>\n<meta name=\"robots\" content=\"index, follow, max-snippet:-1, max-image-preview:large, max-video-preview:-1\" \/>\n<link rel=\"canonical\" href=\"https:\/\/www.sonoraenequipo.com.mx\/la-cfe-no-tiene-capacidad-en-generacion-de-energia-por-lo-que-habra-apagones-en-verano\/\" \/>\n<meta property=\"og:locale\" content=\"es_ES\" \/>\n<meta property=\"og:type\" content=\"article\" \/>\n<meta property=\"og:title\" content=\"Sonora en Equipo. La CFE no tiene capacidad en generaci\u00f3n de energ\u00eda por lo que habr\u00e1 apagones en verano Destacadas\" \/>\n<meta property=\"og:description\" content=\"HERMOSILLO, SONORA. MX. \u2014 La alta demanda de energ\u00eda el\u00e9ctrica en Sonora traer\u00e1 apagones durante la temporada de verano, pues la Comisi\u00f3n Federal de En Sonora en Equipo publicamos toda la informaci\u00f3n de Sonora, M\u00e9xico y el Mundo de manera oportuna y busca que la libertad de expresi\u00f3n sea real. Visita nuestro medio informativo publicado desde Hermosillo, Sonora. %\" \/>\n<meta property=\"og:url\" content=\"https:\/\/www.sonoraenequipo.com.mx\/la-cfe-no-tiene-capacidad-en-generacion-de-energia-por-lo-que-habra-apagones-en-verano\/\" \/>\n<meta property=\"og:site_name\" content=\"Sonora en Equipo.\" \/>\n<meta property=\"article:publisher\" content=\"https:\/\/www.facebook.com\/SonoraEE\/\" \/>\n<meta property=\"article:author\" content=\"https:\/\/www.facebook.com\/SonoraEE\" \/>\n<meta property=\"article:published_time\" content=\"2018-06-13T08:30:11+00:00\" \/>\n<meta property=\"og:image\" content=\"https:\/\/www.sonoraenequipo.com.mx\/storage\/2018\/06\/cfe_opt2.jpg\" \/>\n\t<meta property=\"og:image:width\" content=\"711\" \/>\n\t<meta property=\"og:image:height\" content=\"400\" \/>\n\t<meta property=\"og:image:type\" content=\"image\/jpeg\" \/>\n<meta name=\"author\" content=\"enequipo\" \/>\n<meta name=\"twitter:card\" content=\"summary_large_image\" \/>\n<meta name=\"twitter:creator\" content=\"@sonoraenequipo\" \/>\n<meta name=\"twitter:site\" content=\"@sonoraenequipo\" \/>\n<meta name=\"twitter:label1\" content=\"Escrito por\" \/>\n\t<meta name=\"twitter:data1\" content=\"enequipo\" \/>\n\t<meta name=\"twitter:label2\" content=\"Tiempo de lectura\" \/>\n\t<meta name=\"twitter:data2\" content=\"1 minuto\" \/>\n<script type=\"application\/ld+json\" class=\"yoast-schema-graph\">{\"@context\":\"https:\/\/schema.org\",\"@graph\":[{\"@type\":\"Article\",\"@id\":\"https:\/\/www.sonoraenequipo.com.mx\/la-cfe-no-tiene-capacidad-en-generacion-de-energia-por-lo-que-habra-apagones-en-verano\/#article\",\"isPartOf\":{\"@id\":\"https:\/\/www.sonoraenequipo.com.mx\/la-cfe-no-tiene-capacidad-en-generacion-de-energia-por-lo-que-habra-apagones-en-verano\/\"},\"author\":{\"name\":\"enequipo\",\"@id\":\"https:\/\/www.sonoraenequipo.com.mx\/#\/schema\/person\/50102df0fb23a8fa9e8effad8fa81386\"},\"headline\":\"La CFE no tiene capacidad en generaci\u00f3n de energ\u00eda por lo que habr\u00e1 apagones en verano\",\"datePublished\":\"2018-06-13T08:30:11+00:00\",\"mainEntityOfPage\":{\"@id\":\"https:\/\/www.sonoraenequipo.com.mx\/la-cfe-no-tiene-capacidad-en-generacion-de-energia-por-lo-que-habra-apagones-en-verano\/\"},\"wordCount\":277,\"commentCount\":0,\"publisher\":{\"@id\":\"https:\/\/www.sonoraenequipo.com.mx\/#organization\"},\"image\":{\"@id\":\"https:\/\/www.sonoraenequipo.com.mx\/la-cfe-no-tiene-capacidad-en-generacion-de-energia-por-lo-que-habra-apagones-en-verano\/#primaryimage\"},\"thumbnailUrl\":\"https:\/\/www.sonoraenequipo.com.mx\/storage\/2018\/06\/cfe_opt2.jpg\",\"articleSection\":[\"Destacadas\",\"Sonora\"],\"inLanguage\":\"es\",\"potentialAction\":[{\"@type\":\"CommentAction\",\"name\":\"Comment\",\"target\":[\"https:\/\/www.sonoraenequipo.com.mx\/la-cfe-no-tiene-capacidad-en-generacion-de-energia-por-lo-que-habra-apagones-en-verano\/#respond\"]}]},{\"@type\":\"WebPage\",\"@id\":\"https:\/\/www.sonoraenequipo.com.mx\/la-cfe-no-tiene-capacidad-en-generacion-de-energia-por-lo-que-habra-apagones-en-verano\/\",\"url\":\"https:\/\/www.sonoraenequipo.com.mx\/la-cfe-no-tiene-capacidad-en-generacion-de-energia-por-lo-que-habra-apagones-en-verano\/\",\"name\":\"Sonora en Equipo. La CFE no tiene capacidad en generaci\u00f3n de energ\u00eda por lo que habr\u00e1 apagones en verano Destacadas\",\"isPartOf\":{\"@id\":\"https:\/\/www.sonoraenequipo.com.mx\/#website\"},\"primaryImageOfPage\":{\"@id\":\"https:\/\/www.sonoraenequipo.com.mx\/la-cfe-no-tiene-capacidad-en-generacion-de-energia-por-lo-que-habra-apagones-en-verano\/#primaryimage\"},\"image\":{\"@id\":\"https:\/\/www.sonoraenequipo.com.mx\/la-cfe-no-tiene-capacidad-en-generacion-de-energia-por-lo-que-habra-apagones-en-verano\/#primaryimage\"},\"thumbnailUrl\":\"https:\/\/www.sonoraenequipo.com.mx\/storage\/2018\/06\/cfe_opt2.jpg\",\"datePublished\":\"2018-06-13T08:30:11+00:00\",\"description\":\"HERMOSILLO, SONORA. MX. \u2014 La alta demanda de energ\u00eda el\u00e9ctrica en Sonora traer\u00e1 apagones durante la temporada de verano, pues la Comisi\u00f3n Federal de En Sonora en Equipo publicamos toda la informaci\u00f3n de Sonora, M\u00e9xico y el Mundo de manera oportuna y busca que la libertad de expresi\u00f3n sea real. Visita nuestro medio informativo publicado desde Hermosillo, Sonora. %\",\"breadcrumb\":{\"@id\":\"https:\/\/www.sonoraenequipo.com.mx\/la-cfe-no-tiene-capacidad-en-generacion-de-energia-por-lo-que-habra-apagones-en-verano\/#breadcrumb\"},\"inLanguage\":\"es\",\"potentialAction\":[{\"@type\":\"ReadAction\",\"target\":[\"https:\/\/www.sonoraenequipo.com.mx\/la-cfe-no-tiene-capacidad-en-generacion-de-energia-por-lo-que-habra-apagones-en-verano\/\"]}]},{\"@type\":\"ImageObject\",\"inLanguage\":\"es\",\"@id\":\"https:\/\/www.sonoraenequipo.com.mx\/la-cfe-no-tiene-capacidad-en-generacion-de-energia-por-lo-que-habra-apagones-en-verano\/#primaryimage\",\"url\":\"https:\/\/www.sonoraenequipo.com.mx\/storage\/2018\/06\/cfe_opt2.jpg\",\"contentUrl\":\"https:\/\/www.sonoraenequipo.com.mx\/storage\/2018\/06\/cfe_opt2.jpg\",\"width\":711,\"height\":400},{\"@type\":\"BreadcrumbList\",\"@id\":\"https:\/\/www.sonoraenequipo.com.mx\/la-cfe-no-tiene-capacidad-en-generacion-de-energia-por-lo-que-habra-apagones-en-verano\/#breadcrumb\",\"itemListElement\":[{\"@type\":\"ListItem\",\"position\":1,\"name\":\"Portada\",\"item\":\"https:\/\/www.sonoraenequipo.com.mx\/\"},{\"@type\":\"ListItem\",\"position\":2,\"name\":\"La CFE no tiene capacidad en generaci\u00f3n de energ\u00eda por lo que habr\u00e1 apagones en verano\"}]},{\"@type\":\"WebSite\",\"@id\":\"https:\/\/www.sonoraenequipo.com.mx\/#website\",\"url\":\"https:\/\/www.sonoraenequipo.com.mx\/\",\"name\":\"Sonora en Equipo.\",\"description\":\"Diario en l\u00ednea con Noticias desde Hermosillo, Sonora\",\"publisher\":{\"@id\":\"https:\/\/www.sonoraenequipo.com.mx\/#organization\"},\"potentialAction\":[{\"@type\":\"SearchAction\",\"target\":{\"@type\":\"EntryPoint\",\"urlTemplate\":\"https:\/\/www.sonoraenequipo.com.mx\/?s={search_term_string}\"},\"query-input\":{\"@type\":\"PropertyValueSpecification\",\"valueRequired\":true,\"valueName\":\"search_term_string\"}}],\"inLanguage\":\"es\"},{\"@type\":\"Organization\",\"@id\":\"https:\/\/www.sonoraenequipo.com.mx\/#organization\",\"name\":\"Sonoraenequipo.com.mx\",\"url\":\"https:\/\/www.sonoraenequipo.com.mx\/\",\"logo\":{\"@type\":\"ImageObject\",\"inLanguage\":\"es\",\"@id\":\"https:\/\/www.sonoraenequipo.com.mx\/#\/schema\/logo\/image\/\",\"url\":\"https:\/\/www.sonoraenequipo.com.mx\/storage\/2019\/01\/sonoraenequipo_opt.png\",\"contentUrl\":\"https:\/\/www.sonoraenequipo.com.mx\/storage\/2019\/01\/sonoraenequipo_opt.png\",\"width\":375,\"height\":125,\"caption\":\"Sonoraenequipo.com.mx\"},\"image\":{\"@id\":\"https:\/\/www.sonoraenequipo.com.mx\/#\/schema\/logo\/image\/\"},\"sameAs\":[\"https:\/\/www.facebook.com\/SonoraEE\/\",\"https:\/\/x.com\/sonoraenequipo\",\"https:\/\/www.youtube.com\/channel\/UC338nW-lPEYmJQs4ZABQ1SQ\"]},{\"@type\":\"Person\",\"@id\":\"https:\/\/www.sonoraenequipo.com.mx\/#\/schema\/person\/50102df0fb23a8fa9e8effad8fa81386\",\"name\":\"enequipo\",\"image\":{\"@type\":\"ImageObject\",\"inLanguage\":\"es\",\"@id\":\"https:\/\/www.sonoraenequipo.com.mx\/#\/schema\/person\/image\/\",\"url\":\"https:\/\/secure.gravatar.com\/avatar\/049821681b589dabc0bc20695993ccebb09f5b5d4d790cd9251b97faac7c652b?s=96&d=blank&r=g\",\"contentUrl\":\"https:\/\/secure.gravatar.com\/avatar\/049821681b589dabc0bc20695993ccebb09f5b5d4d790cd9251b97faac7c652b?s=96&d=blank&r=g\",\"caption\":\"enequipo\"},\"sameAs\":[\"https:\/\/www.facebook.com\/SonoraEE\"]}]}<\/script>\n ","yoast_head_json":{"title":"Sonora en Equipo. La CFE no tiene capacidad en generaci\u00f3n de energ\u00eda por lo que habr\u00e1 apagones en verano Destacadas","description":"HERMOSILLO, SONORA. MX. \u2014 La alta demanda de energ\u00eda el\u00e9ctrica en Sonora traer\u00e1 apagones durante la temporada de verano, pues la Comisi\u00f3n Federal de En Sonora en Equipo publicamos toda la informaci\u00f3n de Sonora, M\u00e9xico y el Mundo de manera oportuna y busca que la libertad de expresi\u00f3n sea real. Visita nuestro medio informativo publicado desde Hermosillo, Sonora. %","robots":{"index":"index","follow":"follow","max-snippet":"max-snippet:-1","max-image-preview":"max-image-preview:large","max-video-preview":"max-video-preview:-1"},"canonical":"https:\/\/www.sonoraenequipo.com.mx\/la-cfe-no-tiene-capacidad-en-generacion-de-energia-por-lo-que-habra-apagones-en-verano\/","og_locale":"es_ES","og_type":"article","og_title":"Sonora en Equipo. La CFE no tiene capacidad en generaci\u00f3n de energ\u00eda por lo que habr\u00e1 apagones en verano Destacadas","og_description":"HERMOSILLO, SONORA. MX. \u2014 La alta demanda de energ\u00eda el\u00e9ctrica en Sonora traer\u00e1 apagones durante la temporada de verano, pues la Comisi\u00f3n Federal de En Sonora en Equipo publicamos toda la informaci\u00f3n de Sonora, M\u00e9xico y el Mundo de manera oportuna y busca que la libertad de expresi\u00f3n sea real. Visita nuestro medio informativo publicado desde Hermosillo, Sonora. %","og_url":"https:\/\/www.sonoraenequipo.com.mx\/la-cfe-no-tiene-capacidad-en-generacion-de-energia-por-lo-que-habra-apagones-en-verano\/","og_site_name":"Sonora en Equipo.","article_publisher":"https:\/\/www.facebook.com\/SonoraEE\/","article_author":"https:\/\/www.facebook.com\/SonoraEE","article_published_time":"2018-06-13T08:30:11+00:00","og_image":[{"width":711,"height":400,"url":"https:\/\/www.sonoraenequipo.com.mx\/storage\/2018\/06\/cfe_opt2.jpg","type":"image\/jpeg"}],"author":"enequipo","twitter_card":"summary_large_image","twitter_creator":"@sonoraenequipo","twitter_site":"@sonoraenequipo","twitter_misc":{"Escrito por":"enequipo","Tiempo de lectura":"1 minuto"},"schema":{"@context":"https:\/\/schema.org","@graph":[{"@type":"Article","@id":"https:\/\/www.sonoraenequipo.com.mx\/la-cfe-no-tiene-capacidad-en-generacion-de-energia-por-lo-que-habra-apagones-en-verano\/#article","isPartOf":{"@id":"https:\/\/www.sonoraenequipo.com.mx\/la-cfe-no-tiene-capacidad-en-generacion-de-energia-por-lo-que-habra-apagones-en-verano\/"},"author":{"name":"enequipo","@id":"https:\/\/www.sonoraenequipo.com.mx\/#\/schema\/person\/50102df0fb23a8fa9e8effad8fa81386"},"headline":"La CFE no tiene capacidad en generaci\u00f3n de energ\u00eda por lo que habr\u00e1 apagones en verano","datePublished":"2018-06-13T08:30:11+00:00","mainEntityOfPage":{"@id":"https:\/\/www.sonoraenequipo.com.mx\/la-cfe-no-tiene-capacidad-en-generacion-de-energia-por-lo-que-habra-apagones-en-verano\/"},"wordCount":277,"commentCount":0,"publisher":{"@id":"https:\/\/www.sonoraenequipo.com.mx\/#organization"},"image":{"@id":"https:\/\/www.sonoraenequipo.com.mx\/la-cfe-no-tiene-capacidad-en-generacion-de-energia-por-lo-que-habra-apagones-en-verano\/#primaryimage"},"thumbnailUrl":"https:\/\/www.sonoraenequipo.com.mx\/storage\/2018\/06\/cfe_opt2.jpg","articleSection":["Destacadas","Sonora"],"inLanguage":"es","potentialAction":[{"@type":"CommentAction","name":"Comment","target":["https:\/\/www.sonoraenequipo.com.mx\/la-cfe-no-tiene-capacidad-en-generacion-de-energia-por-lo-que-habra-apagones-en-verano\/#respond"]}]},{"@type":"WebPage","@id":"https:\/\/www.sonoraenequipo.com.mx\/la-cfe-no-tiene-capacidad-en-generacion-de-energia-por-lo-que-habra-apagones-en-verano\/","url":"https:\/\/www.sonoraenequipo.com.mx\/la-cfe-no-tiene-capacidad-en-generacion-de-energia-por-lo-que-habra-apagones-en-verano\/","name":"Sonora en Equipo. La CFE no tiene capacidad en generaci\u00f3n de energ\u00eda por lo que habr\u00e1 apagones en verano Destacadas","isPartOf":{"@id":"https:\/\/www.sonoraenequipo.com.mx\/#website"},"primaryImageOfPage":{"@id":"https:\/\/www.sonoraenequipo.com.mx\/la-cfe-no-tiene-capacidad-en-generacion-de-energia-por-lo-que-habra-apagones-en-verano\/#primaryimage"},"image":{"@id":"https:\/\/www.sonoraenequipo.com.mx\/la-cfe-no-tiene-capacidad-en-generacion-de-energia-por-lo-que-habra-apagones-en-verano\/#primaryimage"},"thumbnailUrl":"https:\/\/www.sonoraenequipo.com.mx\/storage\/2018\/06\/cfe_opt2.jpg","datePublished":"2018-06-13T08:30:11+00:00","description":"HERMOSILLO, SONORA. MX. \u2014 La alta demanda de energ\u00eda el\u00e9ctrica en Sonora traer\u00e1 apagones durante la temporada de verano, pues la Comisi\u00f3n Federal de En Sonora en Equipo publicamos toda la informaci\u00f3n de Sonora, M\u00e9xico y el Mundo de manera oportuna y busca que la libertad de expresi\u00f3n sea real. Visita nuestro medio informativo publicado desde Hermosillo, Sonora. %","breadcrumb":{"@id":"https:\/\/www.sonoraenequipo.com.mx\/la-cfe-no-tiene-capacidad-en-generacion-de-energia-por-lo-que-habra-apagones-en-verano\/#breadcrumb"},"inLanguage":"es","potentialAction":[{"@type":"ReadAction","target":["https:\/\/www.sonoraenequipo.com.mx\/la-cfe-no-tiene-capacidad-en-generacion-de-energia-por-lo-que-habra-apagones-en-verano\/"]}]},{"@type":"ImageObject","inLanguage":"es","@id":"https:\/\/www.sonoraenequipo.com.mx\/la-cfe-no-tiene-capacidad-en-generacion-de-energia-por-lo-que-habra-apagones-en-verano\/#primaryimage","url":"https:\/\/www.sonoraenequipo.com.mx\/storage\/2018\/06\/cfe_opt2.jpg","contentUrl":"https:\/\/www.sonoraenequipo.com.mx\/storage\/2018\/06\/cfe_opt2.jpg","width":711,"height":400},{"@type":"BreadcrumbList","@id":"https:\/\/www.sonoraenequipo.com.mx\/la-cfe-no-tiene-capacidad-en-generacion-de-energia-por-lo-que-habra-apagones-en-verano\/#breadcrumb","itemListElement":[{"@type":"ListItem","position":1,"name":"Portada","item":"https:\/\/www.sonoraenequipo.com.mx\/"},{"@type":"ListItem","position":2,"name":"La CFE no tiene capacidad en generaci\u00f3n de energ\u00eda por lo que habr\u00e1 apagones en verano"}]},{"@type":"WebSite","@id":"https:\/\/www.sonoraenequipo.com.mx\/#website","url":"https:\/\/www.sonoraenequipo.com.mx\/","name":"Sonora en Equipo.","description":"Diario en l\u00ednea con Noticias desde Hermosillo, Sonora","publisher":{"@id":"https:\/\/www.sonoraenequipo.com.mx\/#organization"},"potentialAction":[{"@type":"SearchAction","target":{"@type":"EntryPoint","urlTemplate":"https:\/\/www.sonoraenequipo.com.mx\/?s={search_term_string}"},"query-input":{"@type":"PropertyValueSpecification","valueRequired":true,"valueName":"search_term_string"}}],"inLanguage":"es"},{"@type":"Organization","@id":"https:\/\/www.sonoraenequipo.com.mx\/#organization","name":"Sonoraenequipo.com.mx","url":"https:\/\/www.sonoraenequipo.com.mx\/","logo":{"@type":"ImageObject","inLanguage":"es","@id":"https:\/\/www.sonoraenequipo.com.mx\/#\/schema\/logo\/image\/","url":"https:\/\/www.sonoraenequipo.com.mx\/storage\/2019\/01\/sonoraenequipo_opt.png","contentUrl":"https:\/\/www.sonoraenequipo.com.mx\/storage\/2019\/01\/sonoraenequipo_opt.png","width":375,"height":125,"caption":"Sonoraenequipo.com.mx"},"image":{"@id":"https:\/\/www.sonoraenequipo.com.mx\/#\/schema\/logo\/image\/"},"sameAs":["https:\/\/www.facebook.com\/SonoraEE\/","https:\/\/x.com\/sonoraenequipo","https:\/\/www.youtube.com\/channel\/UC338nW-lPEYmJQs4ZABQ1SQ"]},{"@type":"Person","@id":"https:\/\/www.sonoraenequipo.com.mx\/#\/schema\/person\/50102df0fb23a8fa9e8effad8fa81386","name":"enequipo","image":{"@type":"ImageObject","inLanguage":"es","@id":"https:\/\/www.sonoraenequipo.com.mx\/#\/schema\/person\/image\/","url":"https:\/\/secure.gravatar.com\/avatar\/049821681b589dabc0bc20695993ccebb09f5b5d4d790cd9251b97faac7c652b?s=96&d=blank&r=g","contentUrl":"https:\/\/secure.gravatar.com\/avatar\/049821681b589dabc0bc20695993ccebb09f5b5d4d790cd9251b97faac7c652b?s=96&d=blank&r=g","caption":"enequipo"},"sameAs":["https:\/\/www.facebook.com\/SonoraEE"]}]}},"jetpack_featured_media_url":"https:\/\/www.sonoraenequipo.com.mx\/storage\/2018\/06\/cfe_opt2.jpg","_links":{"self":[{"href":"https:\/\/www.sonoraenequipo.com.mx\/api\/wp\/v2\/posts\/38853","targetHints":{"allow":["GET"]}}],"collection":[{"href":"https:\/\/www.sonoraenequipo.com.mx\/api\/wp\/v2\/posts"}],"about":[{"href":"https:\/\/www.sonoraenequipo.com.mx\/api\/wp\/v2\/types\/post"}],"author":[{"embeddable":true,"href":"https:\/\/www.sonoraenequipo.com.mx\/api\/wp\/v2\/users\/1"}],"replies":[{"embeddable":true,"href":"https:\/\/www.sonoraenequipo.com.mx\/api\/wp\/v2\/comments?post=38853"}],"version-history":[{"count":0,"href":"https:\/\/www.sonoraenequipo.com.mx\/api\/wp\/v2\/posts\/38853\/revisions"}],"wp:featuredmedia":[{"embeddable":true,"href":"https:\/\/www.sonoraenequipo.com.mx\/api\/wp\/v2\/media\/38854"}],"wp:attachment":[{"href":"https:\/\/www.sonoraenequipo.com.mx\/api\/wp\/v2\/media?parent=38853"}],"wp:term":[{"taxonomy":"category","embeddable":true,"href":"https:\/\/www.sonoraenequipo.com.mx\/api\/wp\/v2\/categories?post=38853"},{"taxonomy":"post_tag","embeddable":true,"href":"https:\/\/www.sonoraenequipo.com.mx\/api\/wp\/v2\/tags?post=38853"}],"curies":[{"name":"wp","href":"https:\/\/api.w.org\/{rel}","templated":true}]}}