{"id":38857,"date":"2018-06-12T20:30:41","date_gmt":"2018-06-13T03:30:41","guid":{"rendered":"http:\/\/www.sonoraenequipo.com.mx\/?p=38857"},"modified":"2018-06-12T21:22:51","modified_gmt":"2018-06-13T04:22:51","slug":"celida-lopez-gobernara-con-un-sello-distinto","status":"publish","type":"post","link":"https:\/\/www.sonoraenequipo.com.mx\/celida-lopez-gobernara-con-un-sello-distinto\/","title":{"rendered":"C\u00e9lida L\u00f3pez gobernar\u00e1 con un sello distinto"},"content":{"rendered":"<p>HERMOSILLO, SONORA. MX. \u2014 C\u00e9lida L\u00f3pez, la candidata a la Alcald\u00eda de Hermosillo asegur\u00f3 que ser\u00e1 la primera presidenta municipal que ponga en manos de los ciudadanos la elecci\u00f3n de los titulares de la Tesorer\u00eda, la Direcci\u00f3n de Obras P\u00fablica, Oficial\u00eda Mayor, la Contralor\u00eda y la Comisi\u00f3n de Seguridad P\u00fablica.<\/p>\n<p> <\/p>\n<p>La propuesta de ciudadanizar su gesti\u00f3n, la expuso en el Foro de Candidatos a la Alcald\u00eda de Hermosillo, realizado por el Colegio de Sonora, donde la abanderada de la Coalici\u00f3n \u201cJuntos Haremos Historia\u201d, destac\u00f3 que quiere contar con un gobierno diferente.<\/p>\n<p><em><br \/>\n\u201cQuiero hombres y mujeres con gran probidad, con patrimonio propio, con gran prestigio y que quieran servirle a los ciudadano, no tengo ning\u00fan inter\u00e9s de gobernar con compadres ni con incondicionales\u201d,<\/em> afirm\u00f3.<\/p>\n<p>La aspirante a la Alcald\u00eda explic\u00f3 que una vez que tenga el acta de mayor\u00eda en sus manos instalar\u00e1 una comisi\u00f3n de ciudadanos, quienes elegir\u00e1n los perfiles m\u00e1s aptos para ocupar dichos cargos.<\/p>\n<p>En el Foro tambi\u00e9n se trataron temas de vital importancia para la capital sonorense, como la seguridad y los servicios p\u00fablicos. \u201cEn el \u00e1rea de servicios p\u00fablicos dos de mis prioridades ser\u00e1n: mejores camiones y lograr una planta de trabajadores bien atendidos y remunerados.<\/p>\n<p>Es necesario transformar los Servicios P\u00fablicos pero sin privatizarlos\u201d, precis\u00f3.<\/p>\n<p>En el tema de Seguridad P\u00fablica , C\u00e9lida L\u00f3pez describi\u00f3 que no hay una planeaci\u00f3n estrat\u00e9gica y la seguridad p\u00fablica debe ser la tarea principal.<\/p>\n<p><em>\u201cSe ocupar\u00e1n organizaciones dedicadas a la evaluaci\u00f3n de las polic\u00edas, al elemento policiaco lo tenemos que evaluar, pero tambi\u00e9n incentivar\u201d,<\/em> destac\u00f3.<\/p>\n<p>Necesitamos de la participaci\u00f3n ciudadana, hay un grave temor del ciudadano por denunciar.<\/p>\n<p>C\u00e9lida L\u00f3pez reiter\u00f3 su propuesta de echar a andar la aplicaci\u00f3n para tel\u00e9fonos inteligentes <em>\u201cMi polic\u00eda\u201d,<\/em> en la cual adem\u00e1s de denunciar el ciudadano podr\u00e1 ver el estado de lo denunciado y la autoridad podr\u00e1 contrastar con lo que reporta el polic\u00eda.<\/p>\n<p>Con la advertencia de que buscar\u00e1 <em>\u201cel atrincherar a la delincuencia y recuperar nuestros espacios p\u00fablicos\u201d,<\/em> concluy\u00f3 su participaci\u00f3n en el Foro organizado por el Colegio de Sonora la abanderada de la coalici\u00f3n <em>\u201cJuntos Haremos Historia\u201d.<\/em><\/p>\n<p>&nbsp;<\/p>\n<p>(Fecha de publicaci\u00f3n 13062018)<\/p>\n","protected":false},"excerpt":{"rendered":"<p>HERMOSILLO, SONORA. MX. \u2014 C\u00e9lida L\u00f3pez, la candidata a la Alcald\u00eda de Hermosillo asegur\u00f3 que&#8230;<\/p>\n","protected":false},"author":1,"featured_media":38858,"comment_status":"open","ping_status":"open","sticky":false,"template":"","format":"standard","meta":{"_monsterinsights_skip_tracking":false,"_monsterinsights_sitenote_active":false,"_monsterinsights_sitenote_note":"","_monsterinsights_sitenote_category":0,"footnotes":""},"categories":[13,4],"tags":[2842],"class_list":["post"],"yoast_head":" \n<title>Sonora en Equipo. C\u00e9lida L\u00f3pez gobernar\u00e1 con un sello distinto Destacadas<\/title>\n<meta name=\"description\" content=\"HERMOSILLO, SONORA. MX. \u2014 C\u00e9lida L\u00f3pez, la candidata a la Alcald\u00eda de Hermosillo asegur\u00f3 que ser\u00e1 la primera presidenta municipal que ponga en manos de En Sonora en Equipo publicamos toda la informaci\u00f3n de Sonora, M\u00e9xico y el Mundo de manera oportuna y busca que la libertad de expresi\u00f3n sea real. Visita nuestro medio informativo publicado desde Hermosillo, Sonora. %\" \/>\n<meta name=\"robots\" content=\"index, follow, max-snippet:-1, max-image-preview:large, max-video-preview:-1\" \/>\n<link rel=\"canonical\" href=\"https:\/\/www.sonoraenequipo.com.mx\/celida-lopez-gobernara-con-un-sello-distinto\/\" \/>\n<meta property=\"og:locale\" content=\"es_ES\" \/>\n<meta property=\"og:type\" content=\"article\" \/>\n<meta property=\"og:title\" content=\"Sonora en Equipo. C\u00e9lida L\u00f3pez gobernar\u00e1 con un sello distinto Destacadas\" \/>\n<meta property=\"og:description\" content=\"HERMOSILLO, SONORA. MX. \u2014 C\u00e9lida L\u00f3pez, la candidata a la Alcald\u00eda de Hermosillo asegur\u00f3 que ser\u00e1 la primera presidenta municipal que ponga en manos de En Sonora en Equipo publicamos toda la informaci\u00f3n de Sonora, M\u00e9xico y el Mundo de manera oportuna y busca que la libertad de expresi\u00f3n sea real. Visita nuestro medio informativo publicado desde Hermosillo, Sonora. %\" \/>\n<meta property=\"og:url\" content=\"https:\/\/www.sonoraenequipo.com.mx\/celida-lopez-gobernara-con-un-sello-distinto\/\" \/>\n<meta property=\"og:site_name\" content=\"Sonora en Equipo.\" \/>\n<meta property=\"article:publisher\" content=\"https:\/\/www.facebook.com\/SonoraEE\/\" \/>\n<meta property=\"article:author\" content=\"https:\/\/www.facebook.com\/SonoraEE\" \/>\n<meta property=\"article:published_time\" content=\"2018-06-13T03:30:41+00:00\" \/>\n<meta property=\"article:modified_time\" content=\"2018-06-13T04:22:51+00:00\" \/>\n<meta property=\"og:image\" content=\"https:\/\/www.sonoraenequipo.com.mx\/storage\/2018\/06\/debateenelcolson_opt.jpg\" \/>\n\t<meta property=\"og:image:width\" content=\"600\" \/>\n\t<meta property=\"og:image:height\" content=\"400\" \/>\n\t<meta property=\"og:image:type\" content=\"image\/jpeg\" \/>\n<meta name=\"author\" content=\"enequipo\" \/>\n<meta name=\"twitter:card\" content=\"summary_large_image\" \/>\n<meta name=\"twitter:creator\" content=\"@sonoraenequipo\" \/>\n<meta name=\"twitter:site\" content=\"@sonoraenequipo\" \/>\n<meta name=\"twitter:label1\" content=\"Escrito por\" \/>\n\t<meta name=\"twitter:data1\" content=\"enequipo\" \/>\n\t<meta name=\"twitter:label2\" content=\"Tiempo de lectura\" \/>\n\t<meta name=\"twitter:data2\" content=\"2 minutos\" \/>\n<script type=\"application\/ld+json\" class=\"yoast-schema-graph\">{\"@context\":\"https:\/\/schema.org\",\"@graph\":[{\"@type\":\"Article\",\"@id\":\"https:\/\/www.sonoraenequipo.com.mx\/celida-lopez-gobernara-con-un-sello-distinto\/#article\",\"isPartOf\":{\"@id\":\"https:\/\/www.sonoraenequipo.com.mx\/celida-lopez-gobernara-con-un-sello-distinto\/\"},\"author\":{\"name\":\"enequipo\",\"@id\":\"https:\/\/www.sonoraenequipo.com.mx\/#\/schema\/person\/50102df0fb23a8fa9e8effad8fa81386\"},\"headline\":\"C\u00e9lida L\u00f3pez gobernar\u00e1 con un sello distinto\",\"datePublished\":\"2018-06-13T03:30:41+00:00\",\"dateModified\":\"2018-06-13T04:22:51+00:00\",\"mainEntityOfPage\":{\"@id\":\"https:\/\/www.sonoraenequipo.com.mx\/celida-lopez-gobernara-con-un-sello-distinto\/\"},\"wordCount\":406,\"commentCount\":0,\"publisher\":{\"@id\":\"https:\/\/www.sonoraenequipo.com.mx\/#organization\"},\"image\":{\"@id\":\"https:\/\/www.sonoraenequipo.com.mx\/celida-lopez-gobernara-con-un-sello-distinto\/#primaryimage\"},\"thumbnailUrl\":\"https:\/\/www.sonoraenequipo.com.mx\/storage\/2018\/06\/debateenelcolson_opt.jpg\",\"keywords\":[\"CELIDA LOPEZ\"],\"articleSection\":[\"Destacadas\",\"Municipios\"],\"inLanguage\":\"es\",\"potentialAction\":[{\"@type\":\"CommentAction\",\"name\":\"Comment\",\"target\":[\"https:\/\/www.sonoraenequipo.com.mx\/celida-lopez-gobernara-con-un-sello-distinto\/#respond\"]}]},{\"@type\":\"WebPage\",\"@id\":\"https:\/\/www.sonoraenequipo.com.mx\/celida-lopez-gobernara-con-un-sello-distinto\/\",\"url\":\"https:\/\/www.sonoraenequipo.com.mx\/celida-lopez-gobernara-con-un-sello-distinto\/\",\"name\":\"Sonora en Equipo. C\u00e9lida L\u00f3pez gobernar\u00e1 con un sello distinto Destacadas\",\"isPartOf\":{\"@id\":\"https:\/\/www.sonoraenequipo.com.mx\/#website\"},\"primaryImageOfPage\":{\"@id\":\"https:\/\/www.sonoraenequipo.com.mx\/celida-lopez-gobernara-con-un-sello-distinto\/#primaryimage\"},\"image\":{\"@id\":\"https:\/\/www.sonoraenequipo.com.mx\/celida-lopez-gobernara-con-un-sello-distinto\/#primaryimage\"},\"thumbnailUrl\":\"https:\/\/www.sonoraenequipo.com.mx\/storage\/2018\/06\/debateenelcolson_opt.jpg\",\"datePublished\":\"2018-06-13T03:30:41+00:00\",\"dateModified\":\"2018-06-13T04:22:51+00:00\",\"description\":\"HERMOSILLO, SONORA. MX. \u2014 C\u00e9lida L\u00f3pez, la candidata a la Alcald\u00eda de Hermosillo asegur\u00f3 que ser\u00e1 la primera presidenta municipal que ponga en manos de En Sonora en Equipo publicamos toda la informaci\u00f3n de Sonora, M\u00e9xico y el Mundo de manera oportuna y busca que la libertad de expresi\u00f3n sea real. Visita nuestro medio informativo publicado desde Hermosillo, Sonora. %\",\"breadcrumb\":{\"@id\":\"https:\/\/www.sonoraenequipo.com.mx\/celida-lopez-gobernara-con-un-sello-distinto\/#breadcrumb\"},\"inLanguage\":\"es\",\"potentialAction\":[{\"@type\":\"ReadAction\",\"target\":[\"https:\/\/www.sonoraenequipo.com.mx\/celida-lopez-gobernara-con-un-sello-distinto\/\"]}]},{\"@type\":\"ImageObject\",\"inLanguage\":\"es\",\"@id\":\"https:\/\/www.sonoraenequipo.com.mx\/celida-lopez-gobernara-con-un-sello-distinto\/#primaryimage\",\"url\":\"https:\/\/www.sonoraenequipo.com.mx\/storage\/2018\/06\/debateenelcolson_opt.jpg\",\"contentUrl\":\"https:\/\/www.sonoraenequipo.com.mx\/storage\/2018\/06\/debateenelcolson_opt.jpg\",\"width\":600,\"height\":400},{\"@type\":\"BreadcrumbList\",\"@id\":\"https:\/\/www.sonoraenequipo.com.mx\/celida-lopez-gobernara-con-un-sello-distinto\/#breadcrumb\",\"itemListElement\":[{\"@type\":\"ListItem\",\"position\":1,\"name\":\"Portada\",\"item\":\"https:\/\/www.sonoraenequipo.com.mx\/\"},{\"@type\":\"ListItem\",\"position\":2,\"name\":\"C\u00e9lida L\u00f3pez gobernar\u00e1 con un sello distinto\"}]},{\"@type\":\"WebSite\",\"@id\":\"https:\/\/www.sonoraenequipo.com.mx\/#website\",\"url\":\"https:\/\/www.sonoraenequipo.com.mx\/\",\"name\":\"Sonora en Equipo.\",\"description\":\"Diario en l\u00ednea con Noticias desde Hermosillo, Sonora\",\"publisher\":{\"@id\":\"https:\/\/www.sonoraenequipo.com.mx\/#organization\"},\"potentialAction\":[{\"@type\":\"SearchAction\",\"target\":{\"@type\":\"EntryPoint\",\"urlTemplate\":\"https:\/\/www.sonoraenequipo.com.mx\/?s={search_term_string}\"},\"query-input\":{\"@type\":\"PropertyValueSpecification\",\"valueRequired\":true,\"valueName\":\"search_term_string\"}}],\"inLanguage\":\"es\"},{\"@type\":\"Organization\",\"@id\":\"https:\/\/www.sonoraenequipo.com.mx\/#organization\",\"name\":\"Sonoraenequipo.com.mx\",\"url\":\"https:\/\/www.sonoraenequipo.com.mx\/\",\"logo\":{\"@type\":\"ImageObject\",\"inLanguage\":\"es\",\"@id\":\"https:\/\/www.sonoraenequipo.com.mx\/#\/schema\/logo\/image\/\",\"url\":\"https:\/\/www.sonoraenequipo.com.mx\/storage\/2019\/01\/sonoraenequipo_opt.png\",\"contentUrl\":\"https:\/\/www.sonoraenequipo.com.mx\/storage\/2019\/01\/sonoraenequipo_opt.png\",\"width\":375,\"height\":125,\"caption\":\"Sonoraenequipo.com.mx\"},\"image\":{\"@id\":\"https:\/\/www.sonoraenequipo.com.mx\/#\/schema\/logo\/image\/\"},\"sameAs\":[\"https:\/\/www.facebook.com\/SonoraEE\/\",\"https:\/\/x.com\/sonoraenequipo\",\"https:\/\/www.youtube.com\/channel\/UC338nW-lPEYmJQs4ZABQ1SQ\"]},{\"@type\":\"Person\",\"@id\":\"https:\/\/www.sonoraenequipo.com.mx\/#\/schema\/person\/50102df0fb23a8fa9e8effad8fa81386\",\"name\":\"enequipo\",\"image\":{\"@type\":\"ImageObject\",\"inLanguage\":\"es\",\"@id\":\"https:\/\/www.sonoraenequipo.com.mx\/#\/schema\/person\/image\/\",\"url\":\"https:\/\/secure.gravatar.com\/avatar\/049821681b589dabc0bc20695993ccebb09f5b5d4d790cd9251b97faac7c652b?s=96&d=blank&r=g\",\"contentUrl\":\"https:\/\/secure.gravatar.com\/avatar\/049821681b589dabc0bc20695993ccebb09f5b5d4d790cd9251b97faac7c652b?s=96&d=blank&r=g\",\"caption\":\"enequipo\"},\"sameAs\":[\"https:\/\/www.facebook.com\/SonoraEE\"]}]}<\/script>\n ","yoast_head_json":{"title":"Sonora en Equipo. C\u00e9lida L\u00f3pez gobernar\u00e1 con un sello distinto Destacadas","description":"HERMOSILLO, SONORA. MX. \u2014 C\u00e9lida L\u00f3pez, la candidata a la Alcald\u00eda de Hermosillo asegur\u00f3 que ser\u00e1 la primera presidenta municipal que ponga en manos de En Sonora en Equipo publicamos toda la informaci\u00f3n de Sonora, M\u00e9xico y el Mundo de manera oportuna y busca que la libertad de expresi\u00f3n sea real. Visita nuestro medio informativo publicado desde Hermosillo, Sonora. %","robots":{"index":"index","follow":"follow","max-snippet":"max-snippet:-1","max-image-preview":"max-image-preview:large","max-video-preview":"max-video-preview:-1"},"canonical":"https:\/\/www.sonoraenequipo.com.mx\/celida-lopez-gobernara-con-un-sello-distinto\/","og_locale":"es_ES","og_type":"article","og_title":"Sonora en Equipo. C\u00e9lida L\u00f3pez gobernar\u00e1 con un sello distinto Destacadas","og_description":"HERMOSILLO, SONORA. MX. \u2014 C\u00e9lida L\u00f3pez, la candidata a la Alcald\u00eda de Hermosillo asegur\u00f3 que ser\u00e1 la primera presidenta municipal que ponga en manos de En Sonora en Equipo publicamos toda la informaci\u00f3n de Sonora, M\u00e9xico y el Mundo de manera oportuna y busca que la libertad de expresi\u00f3n sea real. Visita nuestro medio informativo publicado desde Hermosillo, Sonora. %","og_url":"https:\/\/www.sonoraenequipo.com.mx\/celida-lopez-gobernara-con-un-sello-distinto\/","og_site_name":"Sonora en Equipo.","article_publisher":"https:\/\/www.facebook.com\/SonoraEE\/","article_author":"https:\/\/www.facebook.com\/SonoraEE","article_published_time":"2018-06-13T03:30:41+00:00","article_modified_time":"2018-06-13T04:22:51+00:00","og_image":[{"width":600,"height":400,"url":"https:\/\/www.sonoraenequipo.com.mx\/storage\/2018\/06\/debateenelcolson_opt.jpg","type":"image\/jpeg"}],"author":"enequipo","twitter_card":"summary_large_image","twitter_creator":"@sonoraenequipo","twitter_site":"@sonoraenequipo","twitter_misc":{"Escrito por":"enequipo","Tiempo de lectura":"2 minutos"},"schema":{"@context":"https:\/\/schema.org","@graph":[{"@type":"Article","@id":"https:\/\/www.sonoraenequipo.com.mx\/celida-lopez-gobernara-con-un-sello-distinto\/#article","isPartOf":{"@id":"https:\/\/www.sonoraenequipo.com.mx\/celida-lopez-gobernara-con-un-sello-distinto\/"},"author":{"name":"enequipo","@id":"https:\/\/www.sonoraenequipo.com.mx\/#\/schema\/person\/50102df0fb23a8fa9e8effad8fa81386"},"headline":"C\u00e9lida L\u00f3pez gobernar\u00e1 con un sello distinto","datePublished":"2018-06-13T03:30:41+00:00","dateModified":"2018-06-13T04:22:51+00:00","mainEntityOfPage":{"@id":"https:\/\/www.sonoraenequipo.com.mx\/celida-lopez-gobernara-con-un-sello-distinto\/"},"wordCount":406,"commentCount":0,"publisher":{"@id":"https:\/\/www.sonoraenequipo.com.mx\/#organization"},"image":{"@id":"https:\/\/www.sonoraenequipo.com.mx\/celida-lopez-gobernara-con-un-sello-distinto\/#primaryimage"},"thumbnailUrl":"https:\/\/www.sonoraenequipo.com.mx\/storage\/2018\/06\/debateenelcolson_opt.jpg","keywords":["CELIDA LOPEZ"],"articleSection":["Destacadas","Municipios"],"inLanguage":"es","potentialAction":[{"@type":"CommentAction","name":"Comment","target":["https:\/\/www.sonoraenequipo.com.mx\/celida-lopez-gobernara-con-un-sello-distinto\/#respond"]}]},{"@type":"WebPage","@id":"https:\/\/www.sonoraenequipo.com.mx\/celida-lopez-gobernara-con-un-sello-distinto\/","url":"https:\/\/www.sonoraenequipo.com.mx\/celida-lopez-gobernara-con-un-sello-distinto\/","name":"Sonora en Equipo. C\u00e9lida L\u00f3pez gobernar\u00e1 con un sello distinto Destacadas","isPartOf":{"@id":"https:\/\/www.sonoraenequipo.com.mx\/#website"},"primaryImageOfPage":{"@id":"https:\/\/www.sonoraenequipo.com.mx\/celida-lopez-gobernara-con-un-sello-distinto\/#primaryimage"},"image":{"@id":"https:\/\/www.sonoraenequipo.com.mx\/celida-lopez-gobernara-con-un-sello-distinto\/#primaryimage"},"thumbnailUrl":"https:\/\/www.sonoraenequipo.com.mx\/storage\/2018\/06\/debateenelcolson_opt.jpg","datePublished":"2018-06-13T03:30:41+00:00","dateModified":"2018-06-13T04:22:51+00:00","description":"HERMOSILLO, SONORA. MX. \u2014 C\u00e9lida L\u00f3pez, la candidata a la Alcald\u00eda de Hermosillo asegur\u00f3 que ser\u00e1 la primera presidenta municipal que ponga en manos de En Sonora en Equipo publicamos toda la informaci\u00f3n de Sonora, M\u00e9xico y el Mundo de manera oportuna y busca que la libertad de expresi\u00f3n sea real. Visita nuestro medio informativo publicado desde Hermosillo, Sonora. %","breadcrumb":{"@id":"https:\/\/www.sonoraenequipo.com.mx\/celida-lopez-gobernara-con-un-sello-distinto\/#breadcrumb"},"inLanguage":"es","potentialAction":[{"@type":"ReadAction","target":["https:\/\/www.sonoraenequipo.com.mx\/celida-lopez-gobernara-con-un-sello-distinto\/"]}]},{"@type":"ImageObject","inLanguage":"es","@id":"https:\/\/www.sonoraenequipo.com.mx\/celida-lopez-gobernara-con-un-sello-distinto\/#primaryimage","url":"https:\/\/www.sonoraenequipo.com.mx\/storage\/2018\/06\/debateenelcolson_opt.jpg","contentUrl":"https:\/\/www.sonoraenequipo.com.mx\/storage\/2018\/06\/debateenelcolson_opt.jpg","width":600,"height":400},{"@type":"BreadcrumbList","@id":"https:\/\/www.sonoraenequipo.com.mx\/celida-lopez-gobernara-con-un-sello-distinto\/#breadcrumb","itemListElement":[{"@type":"ListItem","position":1,"name":"Portada","item":"https:\/\/www.sonoraenequipo.com.mx\/"},{"@type":"ListItem","position":2,"name":"C\u00e9lida L\u00f3pez gobernar\u00e1 con un sello distinto"}]},{"@type":"WebSite","@id":"https:\/\/www.sonoraenequipo.com.mx\/#website","url":"https:\/\/www.sonoraenequipo.com.mx\/","name":"Sonora en Equipo.","description":"Diario en l\u00ednea con Noticias desde Hermosillo, Sonora","publisher":{"@id":"https:\/\/www.sonoraenequipo.com.mx\/#organization"},"potentialAction":[{"@type":"SearchAction","target":{"@type":"EntryPoint","urlTemplate":"https:\/\/www.sonoraenequipo.com.mx\/?s={search_term_string}"},"query-input":{"@type":"PropertyValueSpecification","valueRequired":true,"valueName":"search_term_string"}}],"inLanguage":"es"},{"@type":"Organization","@id":"https:\/\/www.sonoraenequipo.com.mx\/#organization","name":"Sonoraenequipo.com.mx","url":"https:\/\/www.sonoraenequipo.com.mx\/","logo":{"@type":"ImageObject","inLanguage":"es","@id":"https:\/\/www.sonoraenequipo.com.mx\/#\/schema\/logo\/image\/","url":"https:\/\/www.sonoraenequipo.com.mx\/storage\/2019\/01\/sonoraenequipo_opt.png","contentUrl":"https:\/\/www.sonoraenequipo.com.mx\/storage\/2019\/01\/sonoraenequipo_opt.png","width":375,"height":125,"caption":"Sonoraenequipo.com.mx"},"image":{"@id":"https:\/\/www.sonoraenequipo.com.mx\/#\/schema\/logo\/image\/"},"sameAs":["https:\/\/www.facebook.com\/SonoraEE\/","https:\/\/x.com\/sonoraenequipo","https:\/\/www.youtube.com\/channel\/UC338nW-lPEYmJQs4ZABQ1SQ"]},{"@type":"Person","@id":"https:\/\/www.sonoraenequipo.com.mx\/#\/schema\/person\/50102df0fb23a8fa9e8effad8fa81386","name":"enequipo","image":{"@type":"ImageObject","inLanguage":"es","@id":"https:\/\/www.sonoraenequipo.com.mx\/#\/schema\/person\/image\/","url":"https:\/\/secure.gravatar.com\/avatar\/049821681b589dabc0bc20695993ccebb09f5b5d4d790cd9251b97faac7c652b?s=96&d=blank&r=g","contentUrl":"https:\/\/secure.gravatar.com\/avatar\/049821681b589dabc0bc20695993ccebb09f5b5d4d790cd9251b97faac7c652b?s=96&d=blank&r=g","caption":"enequipo"},"sameAs":["https:\/\/www.facebook.com\/SonoraEE"]}]}},"jetpack_featured_media_url":"https:\/\/www.sonoraenequipo.com.mx\/storage\/2018\/06\/debateenelcolson_opt.jpg","_links":{"self":[{"href":"https:\/\/www.sonoraenequipo.com.mx\/api\/wp\/v2\/posts\/38857","targetHints":{"allow":["GET"]}}],"collection":[{"href":"https:\/\/www.sonoraenequipo.com.mx\/api\/wp\/v2\/posts"}],"about":[{"href":"https:\/\/www.sonoraenequipo.com.mx\/api\/wp\/v2\/types\/post"}],"author":[{"embeddable":true,"href":"https:\/\/www.sonoraenequipo.com.mx\/api\/wp\/v2\/users\/1"}],"replies":[{"embeddable":true,"href":"https:\/\/www.sonoraenequipo.com.mx\/api\/wp\/v2\/comments?post=38857"}],"version-history":[{"count":0,"href":"https:\/\/www.sonoraenequipo.com.mx\/api\/wp\/v2\/posts\/38857\/revisions"}],"wp:featuredmedia":[{"embeddable":true,"href":"https:\/\/www.sonoraenequipo.com.mx\/api\/wp\/v2\/media\/38858"}],"wp:attachment":[{"href":"https:\/\/www.sonoraenequipo.com.mx\/api\/wp\/v2\/media?parent=38857"}],"wp:term":[{"taxonomy":"category","embeddable":true,"href":"https:\/\/www.sonoraenequipo.com.mx\/api\/wp\/v2\/categories?post=38857"},{"taxonomy":"post_tag","embeddable":true,"href":"https:\/\/www.sonoraenequipo.com.mx\/api\/wp\/v2\/tags?post=38857"}],"curies":[{"name":"wp","href":"https:\/\/api.w.org\/{rel}","templated":true}]}}