{"id":38875,"date":"2018-06-12T20:34:08","date_gmt":"2018-06-13T03:34:08","guid":{"rendered":"http:\/\/www.sonoraenequipo.com.mx\/?p=38875"},"modified":"2018-06-12T22:38:55","modified_gmt":"2018-06-13T05:38:55","slug":"garantizara-ayuntamiento-el-servicio-de-recoleccion-de-basura","status":"publish","type":"post","link":"https:\/\/www.sonoraenequipo.com.mx\/garantizara-ayuntamiento-el-servicio-de-recoleccion-de-basura\/","title":{"rendered":"Garantizar\u00e1 Ayuntamiento el servicio de recolecci\u00f3n de basura"},"content":{"rendered":"<p>HERMOSILLO, SONORA. MX. \u2014 Con la contrataci\u00f3n del personal externo que sea necesario, el Ayuntamiento de Hermosillo garantizar\u00e1 que los hermosillenses no se queden sin el servicio de recolecci\u00f3n de basura en caso de concretarse una paralizaci\u00f3n de actividades por parte del Sindicato \u00danico de Trabajadores al Servicio del Municipio de Hermosillo.<\/p>\n<p> <\/p>\n<p>As\u00ed lo asegur\u00f3 Julio C\u00e9sar Ulloa Gir\u00f3n, Secretario del Ayuntamiento, quien revel\u00f3 tener conocimiento de que el dirigente sindical Salvador D\u00edaz Holgu\u00edn cit\u00f3 a asamblea parcial para el pr\u00f3ximo jueves, presuntamente para acordar un emplazamiento a huelga por parte de los recolectores de basura.<\/p>\n<p><em>\u201cEstamos atentos a lo que se desarrolle en esa asamblea, le he pedido a recursos humanos que tenga lista una convocatoria para cubrir los espacios de los trabajadores que se quieran ir a un emplazamiento y que el servicio de recolecci\u00f3n no deje de funcionar\u201d,<\/em> asegur\u00f3 el funcionario.<\/p>\n<p>Consider\u00f3 que es legalmente improcedente un recurso de esta naturaleza por no cumplirse los requisitos de un emplazamiento a huelga, sin embargo el Gobierno Municipal estar\u00e1 preparado para suplir a quienes falten a sus jornadas laborales.<\/p>\n<p>Explic\u00f3 que el \u00e1rea de Recursos Humanos del Ayuntamiento cuenta con 300 expedientes completos de personal externo disponible para contrataci\u00f3n eventual y se llamar\u00eda al n\u00famero de ellos que sea necesario seg\u00fan las rutas que haya que cubrir.<\/p>\n<p>En funci\u00f3n de las decisiones del mencionado representante gremial, y quienes opten por seguir sus indicaciones, se determinar\u00e1 a cu\u00e1ntos empleados externos hay que incorporar al servicio, abund\u00f3 el funcionario.<\/p>\n<p>(Fecha de publicaci\u00f3n 13062018)<\/p>\n","protected":false},"excerpt":{"rendered":"<p>HERMOSILLO, SONORA. MX. \u2014 Con la contrataci\u00f3n del personal externo que sea necesario, el Ayuntamiento&#8230;<\/p>\n","protected":false},"author":1,"featured_media":38876,"comment_status":"open","ping_status":"open","sticky":false,"template":"","format":"standard","meta":{"_monsterinsights_skip_tracking":false,"_monsterinsights_sitenote_active":false,"_monsterinsights_sitenote_note":"","_monsterinsights_sitenote_category":0,"footnotes":""},"categories":[13,4],"tags":[],"class_list":["post"],"yoast_head":" \n<title>Sonora en Equipo. Garantizar\u00e1 Ayuntamiento el servicio de recolecci\u00f3n de basura Destacadas<\/title>\n<meta name=\"description\" content=\"HERMOSILLO, SONORA. MX. \u2014 Con la contrataci\u00f3n del personal externo que sea necesario, el Ayuntamiento de Hermosillo garantizar\u00e1 que los hermosillenses no En Sonora en Equipo publicamos toda la informaci\u00f3n de Sonora, M\u00e9xico y el Mundo de manera oportuna y busca que la libertad de expresi\u00f3n sea real. Visita nuestro medio informativo publicado desde Hermosillo, Sonora. %\" \/>\n<meta name=\"robots\" content=\"index, follow, max-snippet:-1, max-image-preview:large, max-video-preview:-1\" \/>\n<link rel=\"canonical\" href=\"https:\/\/www.sonoraenequipo.com.mx\/garantizara-ayuntamiento-el-servicio-de-recoleccion-de-basura\/\" \/>\n<meta property=\"og:locale\" content=\"es_ES\" \/>\n<meta property=\"og:type\" content=\"article\" \/>\n<meta property=\"og:title\" content=\"Sonora en Equipo. Garantizar\u00e1 Ayuntamiento el servicio de recolecci\u00f3n de basura Destacadas\" \/>\n<meta property=\"og:description\" content=\"HERMOSILLO, SONORA. MX. \u2014 Con la contrataci\u00f3n del personal externo que sea necesario, el Ayuntamiento de Hermosillo garantizar\u00e1 que los hermosillenses no En Sonora en Equipo publicamos toda la informaci\u00f3n de Sonora, M\u00e9xico y el Mundo de manera oportuna y busca que la libertad de expresi\u00f3n sea real. Visita nuestro medio informativo publicado desde Hermosillo, Sonora. %\" \/>\n<meta property=\"og:url\" content=\"https:\/\/www.sonoraenequipo.com.mx\/garantizara-ayuntamiento-el-servicio-de-recoleccion-de-basura\/\" \/>\n<meta property=\"og:site_name\" content=\"Sonora en Equipo.\" \/>\n<meta property=\"article:publisher\" content=\"https:\/\/www.facebook.com\/SonoraEE\/\" \/>\n<meta property=\"article:author\" content=\"https:\/\/www.facebook.com\/SonoraEE\" \/>\n<meta property=\"article:published_time\" content=\"2018-06-13T03:34:08+00:00\" \/>\n<meta property=\"article:modified_time\" content=\"2018-06-13T05:38:55+00:00\" \/>\n<meta property=\"og:image\" content=\"https:\/\/www.sonoraenequipo.com.mx\/storage\/2018\/06\/basura_opt8.jpg\" \/>\n\t<meta property=\"og:image:width\" content=\"602\" \/>\n\t<meta property=\"og:image:height\" content=\"400\" \/>\n\t<meta property=\"og:image:type\" content=\"image\/jpeg\" \/>\n<meta name=\"author\" content=\"enequipo\" \/>\n<meta name=\"twitter:card\" content=\"summary_large_image\" \/>\n<meta name=\"twitter:creator\" content=\"@sonoraenequipo\" \/>\n<meta name=\"twitter:site\" content=\"@sonoraenequipo\" \/>\n<meta name=\"twitter:label1\" content=\"Escrito por\" \/>\n\t<meta name=\"twitter:data1\" content=\"enequipo\" \/>\n\t<meta name=\"twitter:label2\" content=\"Tiempo de lectura\" \/>\n\t<meta name=\"twitter:data2\" content=\"1 minuto\" \/>\n<script type=\"application\/ld+json\" class=\"yoast-schema-graph\">{\"@context\":\"https:\/\/schema.org\",\"@graph\":[{\"@type\":\"Article\",\"@id\":\"https:\/\/www.sonoraenequipo.com.mx\/garantizara-ayuntamiento-el-servicio-de-recoleccion-de-basura\/#article\",\"isPartOf\":{\"@id\":\"https:\/\/www.sonoraenequipo.com.mx\/garantizara-ayuntamiento-el-servicio-de-recoleccion-de-basura\/\"},\"author\":{\"name\":\"enequipo\",\"@id\":\"https:\/\/www.sonoraenequipo.com.mx\/#\/schema\/person\/50102df0fb23a8fa9e8effad8fa81386\"},\"headline\":\"Garantizar\u00e1 Ayuntamiento el servicio de recolecci\u00f3n de basura\",\"datePublished\":\"2018-06-13T03:34:08+00:00\",\"dateModified\":\"2018-06-13T05:38:55+00:00\",\"mainEntityOfPage\":{\"@id\":\"https:\/\/www.sonoraenequipo.com.mx\/garantizara-ayuntamiento-el-servicio-de-recoleccion-de-basura\/\"},\"wordCount\":274,\"commentCount\":0,\"publisher\":{\"@id\":\"https:\/\/www.sonoraenequipo.com.mx\/#organization\"},\"image\":{\"@id\":\"https:\/\/www.sonoraenequipo.com.mx\/garantizara-ayuntamiento-el-servicio-de-recoleccion-de-basura\/#primaryimage\"},\"thumbnailUrl\":\"https:\/\/www.sonoraenequipo.com.mx\/storage\/2018\/06\/basura_opt8.jpg\",\"articleSection\":[\"Destacadas\",\"Municipios\"],\"inLanguage\":\"es\",\"potentialAction\":[{\"@type\":\"CommentAction\",\"name\":\"Comment\",\"target\":[\"https:\/\/www.sonoraenequipo.com.mx\/garantizara-ayuntamiento-el-servicio-de-recoleccion-de-basura\/#respond\"]}]},{\"@type\":\"WebPage\",\"@id\":\"https:\/\/www.sonoraenequipo.com.mx\/garantizara-ayuntamiento-el-servicio-de-recoleccion-de-basura\/\",\"url\":\"https:\/\/www.sonoraenequipo.com.mx\/garantizara-ayuntamiento-el-servicio-de-recoleccion-de-basura\/\",\"name\":\"Sonora en Equipo. Garantizar\u00e1 Ayuntamiento el servicio de recolecci\u00f3n de basura Destacadas\",\"isPartOf\":{\"@id\":\"https:\/\/www.sonoraenequipo.com.mx\/#website\"},\"primaryImageOfPage\":{\"@id\":\"https:\/\/www.sonoraenequipo.com.mx\/garantizara-ayuntamiento-el-servicio-de-recoleccion-de-basura\/#primaryimage\"},\"image\":{\"@id\":\"https:\/\/www.sonoraenequipo.com.mx\/garantizara-ayuntamiento-el-servicio-de-recoleccion-de-basura\/#primaryimage\"},\"thumbnailUrl\":\"https:\/\/www.sonoraenequipo.com.mx\/storage\/2018\/06\/basura_opt8.jpg\",\"datePublished\":\"2018-06-13T03:34:08+00:00\",\"dateModified\":\"2018-06-13T05:38:55+00:00\",\"description\":\"HERMOSILLO, SONORA. MX. \u2014 Con la contrataci\u00f3n del personal externo que sea necesario, el Ayuntamiento de Hermosillo garantizar\u00e1 que los hermosillenses no En Sonora en Equipo publicamos toda la informaci\u00f3n de Sonora, M\u00e9xico y el Mundo de manera oportuna y busca que la libertad de expresi\u00f3n sea real. Visita nuestro medio informativo publicado desde Hermosillo, Sonora. %\",\"breadcrumb\":{\"@id\":\"https:\/\/www.sonoraenequipo.com.mx\/garantizara-ayuntamiento-el-servicio-de-recoleccion-de-basura\/#breadcrumb\"},\"inLanguage\":\"es\",\"potentialAction\":[{\"@type\":\"ReadAction\",\"target\":[\"https:\/\/www.sonoraenequipo.com.mx\/garantizara-ayuntamiento-el-servicio-de-recoleccion-de-basura\/\"]}]},{\"@type\":\"ImageObject\",\"inLanguage\":\"es\",\"@id\":\"https:\/\/www.sonoraenequipo.com.mx\/garantizara-ayuntamiento-el-servicio-de-recoleccion-de-basura\/#primaryimage\",\"url\":\"https:\/\/www.sonoraenequipo.com.mx\/storage\/2018\/06\/basura_opt8.jpg\",\"contentUrl\":\"https:\/\/www.sonoraenequipo.com.mx\/storage\/2018\/06\/basura_opt8.jpg\",\"width\":602,\"height\":400},{\"@type\":\"BreadcrumbList\",\"@id\":\"https:\/\/www.sonoraenequipo.com.mx\/garantizara-ayuntamiento-el-servicio-de-recoleccion-de-basura\/#breadcrumb\",\"itemListElement\":[{\"@type\":\"ListItem\",\"position\":1,\"name\":\"Portada\",\"item\":\"https:\/\/www.sonoraenequipo.com.mx\/\"},{\"@type\":\"ListItem\",\"position\":2,\"name\":\"Garantizar\u00e1 Ayuntamiento el servicio de recolecci\u00f3n de basura\"}]},{\"@type\":\"WebSite\",\"@id\":\"https:\/\/www.sonoraenequipo.com.mx\/#website\",\"url\":\"https:\/\/www.sonoraenequipo.com.mx\/\",\"name\":\"Sonora en Equipo.\",\"description\":\"Diario en l\u00ednea con Noticias desde Hermosillo, Sonora\",\"publisher\":{\"@id\":\"https:\/\/www.sonoraenequipo.com.mx\/#organization\"},\"potentialAction\":[{\"@type\":\"SearchAction\",\"target\":{\"@type\":\"EntryPoint\",\"urlTemplate\":\"https:\/\/www.sonoraenequipo.com.mx\/?s={search_term_string}\"},\"query-input\":{\"@type\":\"PropertyValueSpecification\",\"valueRequired\":true,\"valueName\":\"search_term_string\"}}],\"inLanguage\":\"es\"},{\"@type\":\"Organization\",\"@id\":\"https:\/\/www.sonoraenequipo.com.mx\/#organization\",\"name\":\"Sonoraenequipo.com.mx\",\"url\":\"https:\/\/www.sonoraenequipo.com.mx\/\",\"logo\":{\"@type\":\"ImageObject\",\"inLanguage\":\"es\",\"@id\":\"https:\/\/www.sonoraenequipo.com.mx\/#\/schema\/logo\/image\/\",\"url\":\"https:\/\/www.sonoraenequipo.com.mx\/storage\/2019\/01\/sonoraenequipo_opt.png\",\"contentUrl\":\"https:\/\/www.sonoraenequipo.com.mx\/storage\/2019\/01\/sonoraenequipo_opt.png\",\"width\":375,\"height\":125,\"caption\":\"Sonoraenequipo.com.mx\"},\"image\":{\"@id\":\"https:\/\/www.sonoraenequipo.com.mx\/#\/schema\/logo\/image\/\"},\"sameAs\":[\"https:\/\/www.facebook.com\/SonoraEE\/\",\"https:\/\/x.com\/sonoraenequipo\",\"https:\/\/www.youtube.com\/channel\/UC338nW-lPEYmJQs4ZABQ1SQ\"]},{\"@type\":\"Person\",\"@id\":\"https:\/\/www.sonoraenequipo.com.mx\/#\/schema\/person\/50102df0fb23a8fa9e8effad8fa81386\",\"name\":\"enequipo\",\"image\":{\"@type\":\"ImageObject\",\"inLanguage\":\"es\",\"@id\":\"https:\/\/www.sonoraenequipo.com.mx\/#\/schema\/person\/image\/\",\"url\":\"https:\/\/secure.gravatar.com\/avatar\/049821681b589dabc0bc20695993ccebb09f5b5d4d790cd9251b97faac7c652b?s=96&d=blank&r=g\",\"contentUrl\":\"https:\/\/secure.gravatar.com\/avatar\/049821681b589dabc0bc20695993ccebb09f5b5d4d790cd9251b97faac7c652b?s=96&d=blank&r=g\",\"caption\":\"enequipo\"},\"sameAs\":[\"https:\/\/www.facebook.com\/SonoraEE\"]}]}<\/script>\n ","yoast_head_json":{"title":"Sonora en Equipo. Garantizar\u00e1 Ayuntamiento el servicio de recolecci\u00f3n de basura Destacadas","description":"HERMOSILLO, SONORA. MX. \u2014 Con la contrataci\u00f3n del personal externo que sea necesario, el Ayuntamiento de Hermosillo garantizar\u00e1 que los hermosillenses no En Sonora en Equipo publicamos toda la informaci\u00f3n de Sonora, M\u00e9xico y el Mundo de manera oportuna y busca que la libertad de expresi\u00f3n sea real. Visita nuestro medio informativo publicado desde Hermosillo, Sonora. %","robots":{"index":"index","follow":"follow","max-snippet":"max-snippet:-1","max-image-preview":"max-image-preview:large","max-video-preview":"max-video-preview:-1"},"canonical":"https:\/\/www.sonoraenequipo.com.mx\/garantizara-ayuntamiento-el-servicio-de-recoleccion-de-basura\/","og_locale":"es_ES","og_type":"article","og_title":"Sonora en Equipo. Garantizar\u00e1 Ayuntamiento el servicio de recolecci\u00f3n de basura Destacadas","og_description":"HERMOSILLO, SONORA. MX. \u2014 Con la contrataci\u00f3n del personal externo que sea necesario, el Ayuntamiento de Hermosillo garantizar\u00e1 que los hermosillenses no En Sonora en Equipo publicamos toda la informaci\u00f3n de Sonora, M\u00e9xico y el Mundo de manera oportuna y busca que la libertad de expresi\u00f3n sea real. Visita nuestro medio informativo publicado desde Hermosillo, Sonora. %","og_url":"https:\/\/www.sonoraenequipo.com.mx\/garantizara-ayuntamiento-el-servicio-de-recoleccion-de-basura\/","og_site_name":"Sonora en Equipo.","article_publisher":"https:\/\/www.facebook.com\/SonoraEE\/","article_author":"https:\/\/www.facebook.com\/SonoraEE","article_published_time":"2018-06-13T03:34:08+00:00","article_modified_time":"2018-06-13T05:38:55+00:00","og_image":[{"width":602,"height":400,"url":"https:\/\/www.sonoraenequipo.com.mx\/storage\/2018\/06\/basura_opt8.jpg","type":"image\/jpeg"}],"author":"enequipo","twitter_card":"summary_large_image","twitter_creator":"@sonoraenequipo","twitter_site":"@sonoraenequipo","twitter_misc":{"Escrito por":"enequipo","Tiempo de lectura":"1 minuto"},"schema":{"@context":"https:\/\/schema.org","@graph":[{"@type":"Article","@id":"https:\/\/www.sonoraenequipo.com.mx\/garantizara-ayuntamiento-el-servicio-de-recoleccion-de-basura\/#article","isPartOf":{"@id":"https:\/\/www.sonoraenequipo.com.mx\/garantizara-ayuntamiento-el-servicio-de-recoleccion-de-basura\/"},"author":{"name":"enequipo","@id":"https:\/\/www.sonoraenequipo.com.mx\/#\/schema\/person\/50102df0fb23a8fa9e8effad8fa81386"},"headline":"Garantizar\u00e1 Ayuntamiento el servicio de recolecci\u00f3n de basura","datePublished":"2018-06-13T03:34:08+00:00","dateModified":"2018-06-13T05:38:55+00:00","mainEntityOfPage":{"@id":"https:\/\/www.sonoraenequipo.com.mx\/garantizara-ayuntamiento-el-servicio-de-recoleccion-de-basura\/"},"wordCount":274,"commentCount":0,"publisher":{"@id":"https:\/\/www.sonoraenequipo.com.mx\/#organization"},"image":{"@id":"https:\/\/www.sonoraenequipo.com.mx\/garantizara-ayuntamiento-el-servicio-de-recoleccion-de-basura\/#primaryimage"},"thumbnailUrl":"https:\/\/www.sonoraenequipo.com.mx\/storage\/2018\/06\/basura_opt8.jpg","articleSection":["Destacadas","Municipios"],"inLanguage":"es","potentialAction":[{"@type":"CommentAction","name":"Comment","target":["https:\/\/www.sonoraenequipo.com.mx\/garantizara-ayuntamiento-el-servicio-de-recoleccion-de-basura\/#respond"]}]},{"@type":"WebPage","@id":"https:\/\/www.sonoraenequipo.com.mx\/garantizara-ayuntamiento-el-servicio-de-recoleccion-de-basura\/","url":"https:\/\/www.sonoraenequipo.com.mx\/garantizara-ayuntamiento-el-servicio-de-recoleccion-de-basura\/","name":"Sonora en Equipo. Garantizar\u00e1 Ayuntamiento el servicio de recolecci\u00f3n de basura Destacadas","isPartOf":{"@id":"https:\/\/www.sonoraenequipo.com.mx\/#website"},"primaryImageOfPage":{"@id":"https:\/\/www.sonoraenequipo.com.mx\/garantizara-ayuntamiento-el-servicio-de-recoleccion-de-basura\/#primaryimage"},"image":{"@id":"https:\/\/www.sonoraenequipo.com.mx\/garantizara-ayuntamiento-el-servicio-de-recoleccion-de-basura\/#primaryimage"},"thumbnailUrl":"https:\/\/www.sonoraenequipo.com.mx\/storage\/2018\/06\/basura_opt8.jpg","datePublished":"2018-06-13T03:34:08+00:00","dateModified":"2018-06-13T05:38:55+00:00","description":"HERMOSILLO, SONORA. MX. \u2014 Con la contrataci\u00f3n del personal externo que sea necesario, el Ayuntamiento de Hermosillo garantizar\u00e1 que los hermosillenses no En Sonora en Equipo publicamos toda la informaci\u00f3n de Sonora, M\u00e9xico y el Mundo de manera oportuna y busca que la libertad de expresi\u00f3n sea real. Visita nuestro medio informativo publicado desde Hermosillo, Sonora. %","breadcrumb":{"@id":"https:\/\/www.sonoraenequipo.com.mx\/garantizara-ayuntamiento-el-servicio-de-recoleccion-de-basura\/#breadcrumb"},"inLanguage":"es","potentialAction":[{"@type":"ReadAction","target":["https:\/\/www.sonoraenequipo.com.mx\/garantizara-ayuntamiento-el-servicio-de-recoleccion-de-basura\/"]}]},{"@type":"ImageObject","inLanguage":"es","@id":"https:\/\/www.sonoraenequipo.com.mx\/garantizara-ayuntamiento-el-servicio-de-recoleccion-de-basura\/#primaryimage","url":"https:\/\/www.sonoraenequipo.com.mx\/storage\/2018\/06\/basura_opt8.jpg","contentUrl":"https:\/\/www.sonoraenequipo.com.mx\/storage\/2018\/06\/basura_opt8.jpg","width":602,"height":400},{"@type":"BreadcrumbList","@id":"https:\/\/www.sonoraenequipo.com.mx\/garantizara-ayuntamiento-el-servicio-de-recoleccion-de-basura\/#breadcrumb","itemListElement":[{"@type":"ListItem","position":1,"name":"Portada","item":"https:\/\/www.sonoraenequipo.com.mx\/"},{"@type":"ListItem","position":2,"name":"Garantizar\u00e1 Ayuntamiento el servicio de recolecci\u00f3n de basura"}]},{"@type":"WebSite","@id":"https:\/\/www.sonoraenequipo.com.mx\/#website","url":"https:\/\/www.sonoraenequipo.com.mx\/","name":"Sonora en Equipo.","description":"Diario en l\u00ednea con Noticias desde Hermosillo, Sonora","publisher":{"@id":"https:\/\/www.sonoraenequipo.com.mx\/#organization"},"potentialAction":[{"@type":"SearchAction","target":{"@type":"EntryPoint","urlTemplate":"https:\/\/www.sonoraenequipo.com.mx\/?s={search_term_string}"},"query-input":{"@type":"PropertyValueSpecification","valueRequired":true,"valueName":"search_term_string"}}],"inLanguage":"es"},{"@type":"Organization","@id":"https:\/\/www.sonoraenequipo.com.mx\/#organization","name":"Sonoraenequipo.com.mx","url":"https:\/\/www.sonoraenequipo.com.mx\/","logo":{"@type":"ImageObject","inLanguage":"es","@id":"https:\/\/www.sonoraenequipo.com.mx\/#\/schema\/logo\/image\/","url":"https:\/\/www.sonoraenequipo.com.mx\/storage\/2019\/01\/sonoraenequipo_opt.png","contentUrl":"https:\/\/www.sonoraenequipo.com.mx\/storage\/2019\/01\/sonoraenequipo_opt.png","width":375,"height":125,"caption":"Sonoraenequipo.com.mx"},"image":{"@id":"https:\/\/www.sonoraenequipo.com.mx\/#\/schema\/logo\/image\/"},"sameAs":["https:\/\/www.facebook.com\/SonoraEE\/","https:\/\/x.com\/sonoraenequipo","https:\/\/www.youtube.com\/channel\/UC338nW-lPEYmJQs4ZABQ1SQ"]},{"@type":"Person","@id":"https:\/\/www.sonoraenequipo.com.mx\/#\/schema\/person\/50102df0fb23a8fa9e8effad8fa81386","name":"enequipo","image":{"@type":"ImageObject","inLanguage":"es","@id":"https:\/\/www.sonoraenequipo.com.mx\/#\/schema\/person\/image\/","url":"https:\/\/secure.gravatar.com\/avatar\/049821681b589dabc0bc20695993ccebb09f5b5d4d790cd9251b97faac7c652b?s=96&d=blank&r=g","contentUrl":"https:\/\/secure.gravatar.com\/avatar\/049821681b589dabc0bc20695993ccebb09f5b5d4d790cd9251b97faac7c652b?s=96&d=blank&r=g","caption":"enequipo"},"sameAs":["https:\/\/www.facebook.com\/SonoraEE"]}]}},"jetpack_featured_media_url":"https:\/\/www.sonoraenequipo.com.mx\/storage\/2018\/06\/basura_opt8.jpg","_links":{"self":[{"href":"https:\/\/www.sonoraenequipo.com.mx\/api\/wp\/v2\/posts\/38875","targetHints":{"allow":["GET"]}}],"collection":[{"href":"https:\/\/www.sonoraenequipo.com.mx\/api\/wp\/v2\/posts"}],"about":[{"href":"https:\/\/www.sonoraenequipo.com.mx\/api\/wp\/v2\/types\/post"}],"author":[{"embeddable":true,"href":"https:\/\/www.sonoraenequipo.com.mx\/api\/wp\/v2\/users\/1"}],"replies":[{"embeddable":true,"href":"https:\/\/www.sonoraenequipo.com.mx\/api\/wp\/v2\/comments?post=38875"}],"version-history":[{"count":0,"href":"https:\/\/www.sonoraenequipo.com.mx\/api\/wp\/v2\/posts\/38875\/revisions"}],"wp:featuredmedia":[{"embeddable":true,"href":"https:\/\/www.sonoraenequipo.com.mx\/api\/wp\/v2\/media\/38876"}],"wp:attachment":[{"href":"https:\/\/www.sonoraenequipo.com.mx\/api\/wp\/v2\/media?parent=38875"}],"wp:term":[{"taxonomy":"category","embeddable":true,"href":"https:\/\/www.sonoraenequipo.com.mx\/api\/wp\/v2\/categories?post=38875"},{"taxonomy":"post_tag","embeddable":true,"href":"https:\/\/www.sonoraenequipo.com.mx\/api\/wp\/v2\/tags?post=38875"}],"curies":[{"name":"wp","href":"https:\/\/api.w.org\/{rel}","templated":true}]}}