{"id":38881,"date":"2018-06-12T21:00:23","date_gmt":"2018-06-13T04:00:23","guid":{"rendered":"http:\/\/www.sonoraenequipo.com.mx\/?p=38881"},"modified":"2018-06-12T22:42:36","modified_gmt":"2018-06-13T05:42:36","slug":"capacita-sedesson-a-organizaciones-de-la-sociedad-civil-en-materia-fiscal","status":"publish","type":"post","link":"https:\/\/www.sonoraenequipo.com.mx\/capacita-sedesson-a-organizaciones-de-la-sociedad-civil-en-materia-fiscal\/","title":{"rendered":"Capacita SEDESSON a Organizaciones de la Sociedad Civil en materia fiscal"},"content":{"rendered":"<p>HERMOSILLO, SONORA. MX. \u2014 Representantes de Organizaciones de la Sociedad Civil (OSC) recibieron capacitaci\u00f3n, actualizaci\u00f3n y asesor\u00eda en materia fiscal, por parte de la Secretar\u00eda de Desarrollo Social en Sonora (SEDESSON), para fortalecer la transparencia en Sonora, inform\u00f3 Jorge Alberto Bustamante Valenzuela.<\/p>\n<p> <\/p>\n<p>El Director General de Enlace Institucional de la SEDESSON se\u00f1al\u00f3 que este taller busca, en coordinaci\u00f3n con el Servicio de Administraci\u00f3n Tributaria (SAT) y la Universidad de Sonora, profesionalizar a las distintas OSC que funcionan como donatarias autorizadas en la entidad.<\/p>\n<p>\u201cPrecisamente (beneficia a las OSC) a tener la actualizaci\u00f3n en materia fiscal para que lleven bien a cabo sus declaraciones o rendimientos de cuentas ante el Fisco, dependiendo de los recursos que ellos capten ya sean recursos p\u00fablicos o recursos privados\u201d, apunt\u00f3.<\/p>\n<p>El fortalecimiento de la transparencia en la rendici\u00f3n de cuentas es un punto toral para el Gobierno del Estado, indic\u00f3, de ah\u00ed la importancia de estas capacitaciones y el apoyo de la actual administraci\u00f3n hacia este tipo de organizaciones que contribuyen a erradicar las carencias sociales.<\/p>\n<p>Mencion\u00f3 que estas actualizaciones refuerzan las actividades y labores de las OSC, y esto impacta directamente para que los sonorenses mejoren su calidad de vida en distintas \u00e1reas.<\/p>\n<p><em>\u201cCon ello nosotros fortalecemos el objeto social que cada una de ellas realiza, y que vienen a motivar el desarrollo social, y combatir las carencias sociales de la poblaci\u00f3n m\u00e1s vulnerable en el entorno que manejan cada una de ellas, ya sea en tem\u00e1ticas de salud, vivienda, educaci\u00f3n, adultos mayores, adicci\u00f3n, deporte, cada una de ellas tiene objetos sociales diferentes\u201d,<\/em> explic\u00f3.<\/p>\n<p>El taller fue impartido por Patricia Gast\u00e9lum Padilla, Administradora Desconcentrada de Servicios al Contribuyente del SAT, agreg\u00f3, y en pr\u00f3ximas fechas se impartir\u00e1 este taller en el sur y norte de la entidad para profesionalizar el mayor n\u00famero de OSC en Sonora.<\/p>\n<p>Presentes: Nydia Guadalupe Parra Alcaraz, representante de la Fundaci\u00f3n Dar M\u00e1s para Sonora; Mar\u00eda Dolores de la Luz Contreras, de la Junta de Asistencia Privada y Jes\u00fas Antonio Garc\u00eda Ram\u00edrez, Subdirector de Vinculaci\u00f3n Estudiantil de la Universidad de Sonora.<\/p>\n<p>&nbsp;<\/p>\n<p>(Fecha de publicaci\u00f3n 12062018)<\/p>\n","protected":false},"excerpt":{"rendered":"<p>HERMOSILLO, SONORA. MX. \u2014 Representantes de Organizaciones de la Sociedad Civil (OSC) recibieron capacitaci\u00f3n, actualizaci\u00f3n&#8230;<\/p>\n","protected":false},"author":1,"featured_media":38882,"comment_status":"open","ping_status":"open","sticky":false,"template":"","format":"standard","meta":{"_monsterinsights_skip_tracking":false,"_monsterinsights_sitenote_active":false,"_monsterinsights_sitenote_note":"","_monsterinsights_sitenote_category":0,"footnotes":""},"categories":[13,22],"tags":[],"class_list":["post"],"yoast_head":" \n<title>Sonora en Equipo. Capacita SEDESSON a Organizaciones de la Sociedad Civil en materia fiscal Destacadas<\/title>\n<meta name=\"description\" content=\"HERMOSILLO, SONORA. MX. \u2014 Representantes de Organizaciones de la Sociedad Civil (OSC) recibieron capacitaci\u00f3n, actualizaci\u00f3n y asesor\u00eda en materia fiscal, En Sonora en Equipo publicamos toda la informaci\u00f3n de Sonora, M\u00e9xico y el Mundo de manera oportuna y busca que la libertad de expresi\u00f3n sea real. Visita nuestro medio informativo publicado desde Hermosillo, Sonora. %\" \/>\n<meta name=\"robots\" content=\"index, follow, max-snippet:-1, max-image-preview:large, max-video-preview:-1\" \/>\n<link rel=\"canonical\" href=\"https:\/\/www.sonoraenequipo.com.mx\/capacita-sedesson-a-organizaciones-de-la-sociedad-civil-en-materia-fiscal\/\" \/>\n<meta property=\"og:locale\" content=\"es_ES\" \/>\n<meta property=\"og:type\" content=\"article\" \/>\n<meta property=\"og:title\" content=\"Sonora en Equipo. Capacita SEDESSON a Organizaciones de la Sociedad Civil en materia fiscal Destacadas\" \/>\n<meta property=\"og:description\" content=\"HERMOSILLO, SONORA. MX. \u2014 Representantes de Organizaciones de la Sociedad Civil (OSC) recibieron capacitaci\u00f3n, actualizaci\u00f3n y asesor\u00eda en materia fiscal, En Sonora en Equipo publicamos toda la informaci\u00f3n de Sonora, M\u00e9xico y el Mundo de manera oportuna y busca que la libertad de expresi\u00f3n sea real. Visita nuestro medio informativo publicado desde Hermosillo, Sonora. %\" \/>\n<meta property=\"og:url\" content=\"https:\/\/www.sonoraenequipo.com.mx\/capacita-sedesson-a-organizaciones-de-la-sociedad-civil-en-materia-fiscal\/\" \/>\n<meta property=\"og:site_name\" content=\"Sonora en Equipo.\" \/>\n<meta property=\"article:publisher\" content=\"https:\/\/www.facebook.com\/SonoraEE\/\" \/>\n<meta property=\"article:author\" content=\"https:\/\/www.facebook.com\/SonoraEE\" \/>\n<meta property=\"article:published_time\" content=\"2018-06-13T04:00:23+00:00\" \/>\n<meta property=\"article:modified_time\" content=\"2018-06-13T05:42:36+00:00\" \/>\n<meta property=\"og:image\" content=\"https:\/\/www.sonoraenequipo.com.mx\/storage\/2018\/06\/capacitacion_sedesson_opt1.jpg\" \/>\n\t<meta property=\"og:image:width\" content=\"600\" \/>\n\t<meta property=\"og:image:height\" content=\"400\" \/>\n\t<meta property=\"og:image:type\" content=\"image\/jpeg\" \/>\n<meta name=\"author\" content=\"enequipo\" \/>\n<meta name=\"twitter:card\" content=\"summary_large_image\" \/>\n<meta name=\"twitter:creator\" content=\"@sonoraenequipo\" \/>\n<meta name=\"twitter:site\" content=\"@sonoraenequipo\" \/>\n<meta name=\"twitter:label1\" content=\"Escrito por\" \/>\n\t<meta name=\"twitter:data1\" content=\"enequipo\" \/>\n\t<meta name=\"twitter:label2\" content=\"Tiempo de lectura\" \/>\n\t<meta name=\"twitter:data2\" content=\"2 minutos\" \/>\n<script type=\"application\/ld+json\" class=\"yoast-schema-graph\">{\"@context\":\"https:\/\/schema.org\",\"@graph\":[{\"@type\":\"Article\",\"@id\":\"https:\/\/www.sonoraenequipo.com.mx\/capacita-sedesson-a-organizaciones-de-la-sociedad-civil-en-materia-fiscal\/#article\",\"isPartOf\":{\"@id\":\"https:\/\/www.sonoraenequipo.com.mx\/capacita-sedesson-a-organizaciones-de-la-sociedad-civil-en-materia-fiscal\/\"},\"author\":{\"name\":\"enequipo\",\"@id\":\"https:\/\/www.sonoraenequipo.com.mx\/#\/schema\/person\/50102df0fb23a8fa9e8effad8fa81386\"},\"headline\":\"Capacita SEDESSON a Organizaciones de la Sociedad Civil en materia fiscal\",\"datePublished\":\"2018-06-13T04:00:23+00:00\",\"dateModified\":\"2018-06-13T05:42:36+00:00\",\"mainEntityOfPage\":{\"@id\":\"https:\/\/www.sonoraenequipo.com.mx\/capacita-sedesson-a-organizaciones-de-la-sociedad-civil-en-materia-fiscal\/\"},\"wordCount\":382,\"commentCount\":0,\"publisher\":{\"@id\":\"https:\/\/www.sonoraenequipo.com.mx\/#organization\"},\"image\":{\"@id\":\"https:\/\/www.sonoraenequipo.com.mx\/capacita-sedesson-a-organizaciones-de-la-sociedad-civil-en-materia-fiscal\/#primaryimage\"},\"thumbnailUrl\":\"https:\/\/www.sonoraenequipo.com.mx\/storage\/2018\/06\/capacitacion_sedesson_opt1.jpg\",\"articleSection\":[\"Destacadas\",\"Sonora\"],\"inLanguage\":\"es\",\"potentialAction\":[{\"@type\":\"CommentAction\",\"name\":\"Comment\",\"target\":[\"https:\/\/www.sonoraenequipo.com.mx\/capacita-sedesson-a-organizaciones-de-la-sociedad-civil-en-materia-fiscal\/#respond\"]}]},{\"@type\":\"WebPage\",\"@id\":\"https:\/\/www.sonoraenequipo.com.mx\/capacita-sedesson-a-organizaciones-de-la-sociedad-civil-en-materia-fiscal\/\",\"url\":\"https:\/\/www.sonoraenequipo.com.mx\/capacita-sedesson-a-organizaciones-de-la-sociedad-civil-en-materia-fiscal\/\",\"name\":\"Sonora en Equipo. Capacita SEDESSON a Organizaciones de la Sociedad Civil en materia fiscal Destacadas\",\"isPartOf\":{\"@id\":\"https:\/\/www.sonoraenequipo.com.mx\/#website\"},\"primaryImageOfPage\":{\"@id\":\"https:\/\/www.sonoraenequipo.com.mx\/capacita-sedesson-a-organizaciones-de-la-sociedad-civil-en-materia-fiscal\/#primaryimage\"},\"image\":{\"@id\":\"https:\/\/www.sonoraenequipo.com.mx\/capacita-sedesson-a-organizaciones-de-la-sociedad-civil-en-materia-fiscal\/#primaryimage\"},\"thumbnailUrl\":\"https:\/\/www.sonoraenequipo.com.mx\/storage\/2018\/06\/capacitacion_sedesson_opt1.jpg\",\"datePublished\":\"2018-06-13T04:00:23+00:00\",\"dateModified\":\"2018-06-13T05:42:36+00:00\",\"description\":\"HERMOSILLO, SONORA. MX. \u2014 Representantes de Organizaciones de la Sociedad Civil (OSC) recibieron capacitaci\u00f3n, actualizaci\u00f3n y asesor\u00eda en materia fiscal, En Sonora en Equipo publicamos toda la informaci\u00f3n de Sonora, M\u00e9xico y el Mundo de manera oportuna y busca que la libertad de expresi\u00f3n sea real. Visita nuestro medio informativo publicado desde Hermosillo, Sonora. %\",\"breadcrumb\":{\"@id\":\"https:\/\/www.sonoraenequipo.com.mx\/capacita-sedesson-a-organizaciones-de-la-sociedad-civil-en-materia-fiscal\/#breadcrumb\"},\"inLanguage\":\"es\",\"potentialAction\":[{\"@type\":\"ReadAction\",\"target\":[\"https:\/\/www.sonoraenequipo.com.mx\/capacita-sedesson-a-organizaciones-de-la-sociedad-civil-en-materia-fiscal\/\"]}]},{\"@type\":\"ImageObject\",\"inLanguage\":\"es\",\"@id\":\"https:\/\/www.sonoraenequipo.com.mx\/capacita-sedesson-a-organizaciones-de-la-sociedad-civil-en-materia-fiscal\/#primaryimage\",\"url\":\"https:\/\/www.sonoraenequipo.com.mx\/storage\/2018\/06\/capacitacion_sedesson_opt1.jpg\",\"contentUrl\":\"https:\/\/www.sonoraenequipo.com.mx\/storage\/2018\/06\/capacitacion_sedesson_opt1.jpg\",\"width\":600,\"height\":400},{\"@type\":\"BreadcrumbList\",\"@id\":\"https:\/\/www.sonoraenequipo.com.mx\/capacita-sedesson-a-organizaciones-de-la-sociedad-civil-en-materia-fiscal\/#breadcrumb\",\"itemListElement\":[{\"@type\":\"ListItem\",\"position\":1,\"name\":\"Portada\",\"item\":\"https:\/\/www.sonoraenequipo.com.mx\/\"},{\"@type\":\"ListItem\",\"position\":2,\"name\":\"Capacita SEDESSON a Organizaciones de la Sociedad Civil en materia fiscal\"}]},{\"@type\":\"WebSite\",\"@id\":\"https:\/\/www.sonoraenequipo.com.mx\/#website\",\"url\":\"https:\/\/www.sonoraenequipo.com.mx\/\",\"name\":\"Sonora en Equipo.\",\"description\":\"Diario en l\u00ednea con Noticias desde Hermosillo, Sonora\",\"publisher\":{\"@id\":\"https:\/\/www.sonoraenequipo.com.mx\/#organization\"},\"potentialAction\":[{\"@type\":\"SearchAction\",\"target\":{\"@type\":\"EntryPoint\",\"urlTemplate\":\"https:\/\/www.sonoraenequipo.com.mx\/?s={search_term_string}\"},\"query-input\":{\"@type\":\"PropertyValueSpecification\",\"valueRequired\":true,\"valueName\":\"search_term_string\"}}],\"inLanguage\":\"es\"},{\"@type\":\"Organization\",\"@id\":\"https:\/\/www.sonoraenequipo.com.mx\/#organization\",\"name\":\"Sonoraenequipo.com.mx\",\"url\":\"https:\/\/www.sonoraenequipo.com.mx\/\",\"logo\":{\"@type\":\"ImageObject\",\"inLanguage\":\"es\",\"@id\":\"https:\/\/www.sonoraenequipo.com.mx\/#\/schema\/logo\/image\/\",\"url\":\"https:\/\/www.sonoraenequipo.com.mx\/storage\/2019\/01\/sonoraenequipo_opt.png\",\"contentUrl\":\"https:\/\/www.sonoraenequipo.com.mx\/storage\/2019\/01\/sonoraenequipo_opt.png\",\"width\":375,\"height\":125,\"caption\":\"Sonoraenequipo.com.mx\"},\"image\":{\"@id\":\"https:\/\/www.sonoraenequipo.com.mx\/#\/schema\/logo\/image\/\"},\"sameAs\":[\"https:\/\/www.facebook.com\/SonoraEE\/\",\"https:\/\/x.com\/sonoraenequipo\",\"https:\/\/www.youtube.com\/channel\/UC338nW-lPEYmJQs4ZABQ1SQ\"]},{\"@type\":\"Person\",\"@id\":\"https:\/\/www.sonoraenequipo.com.mx\/#\/schema\/person\/50102df0fb23a8fa9e8effad8fa81386\",\"name\":\"enequipo\",\"image\":{\"@type\":\"ImageObject\",\"inLanguage\":\"es\",\"@id\":\"https:\/\/www.sonoraenequipo.com.mx\/#\/schema\/person\/image\/\",\"url\":\"https:\/\/secure.gravatar.com\/avatar\/049821681b589dabc0bc20695993ccebb09f5b5d4d790cd9251b97faac7c652b?s=96&d=blank&r=g\",\"contentUrl\":\"https:\/\/secure.gravatar.com\/avatar\/049821681b589dabc0bc20695993ccebb09f5b5d4d790cd9251b97faac7c652b?s=96&d=blank&r=g\",\"caption\":\"enequipo\"},\"sameAs\":[\"https:\/\/www.facebook.com\/SonoraEE\"]}]}<\/script>\n ","yoast_head_json":{"title":"Sonora en Equipo. Capacita SEDESSON a Organizaciones de la Sociedad Civil en materia fiscal Destacadas","description":"HERMOSILLO, SONORA. MX. \u2014 Representantes de Organizaciones de la Sociedad Civil (OSC) recibieron capacitaci\u00f3n, actualizaci\u00f3n y asesor\u00eda en materia fiscal, En Sonora en Equipo publicamos toda la informaci\u00f3n de Sonora, M\u00e9xico y el Mundo de manera oportuna y busca que la libertad de expresi\u00f3n sea real. Visita nuestro medio informativo publicado desde Hermosillo, Sonora. %","robots":{"index":"index","follow":"follow","max-snippet":"max-snippet:-1","max-image-preview":"max-image-preview:large","max-video-preview":"max-video-preview:-1"},"canonical":"https:\/\/www.sonoraenequipo.com.mx\/capacita-sedesson-a-organizaciones-de-la-sociedad-civil-en-materia-fiscal\/","og_locale":"es_ES","og_type":"article","og_title":"Sonora en Equipo. Capacita SEDESSON a Organizaciones de la Sociedad Civil en materia fiscal Destacadas","og_description":"HERMOSILLO, SONORA. MX. \u2014 Representantes de Organizaciones de la Sociedad Civil (OSC) recibieron capacitaci\u00f3n, actualizaci\u00f3n y asesor\u00eda en materia fiscal, En Sonora en Equipo publicamos toda la informaci\u00f3n de Sonora, M\u00e9xico y el Mundo de manera oportuna y busca que la libertad de expresi\u00f3n sea real. Visita nuestro medio informativo publicado desde Hermosillo, Sonora. %","og_url":"https:\/\/www.sonoraenequipo.com.mx\/capacita-sedesson-a-organizaciones-de-la-sociedad-civil-en-materia-fiscal\/","og_site_name":"Sonora en Equipo.","article_publisher":"https:\/\/www.facebook.com\/SonoraEE\/","article_author":"https:\/\/www.facebook.com\/SonoraEE","article_published_time":"2018-06-13T04:00:23+00:00","article_modified_time":"2018-06-13T05:42:36+00:00","og_image":[{"width":600,"height":400,"url":"https:\/\/www.sonoraenequipo.com.mx\/storage\/2018\/06\/capacitacion_sedesson_opt1.jpg","type":"image\/jpeg"}],"author":"enequipo","twitter_card":"summary_large_image","twitter_creator":"@sonoraenequipo","twitter_site":"@sonoraenequipo","twitter_misc":{"Escrito por":"enequipo","Tiempo de lectura":"2 minutos"},"schema":{"@context":"https:\/\/schema.org","@graph":[{"@type":"Article","@id":"https:\/\/www.sonoraenequipo.com.mx\/capacita-sedesson-a-organizaciones-de-la-sociedad-civil-en-materia-fiscal\/#article","isPartOf":{"@id":"https:\/\/www.sonoraenequipo.com.mx\/capacita-sedesson-a-organizaciones-de-la-sociedad-civil-en-materia-fiscal\/"},"author":{"name":"enequipo","@id":"https:\/\/www.sonoraenequipo.com.mx\/#\/schema\/person\/50102df0fb23a8fa9e8effad8fa81386"},"headline":"Capacita SEDESSON a Organizaciones de la Sociedad Civil en materia fiscal","datePublished":"2018-06-13T04:00:23+00:00","dateModified":"2018-06-13T05:42:36+00:00","mainEntityOfPage":{"@id":"https:\/\/www.sonoraenequipo.com.mx\/capacita-sedesson-a-organizaciones-de-la-sociedad-civil-en-materia-fiscal\/"},"wordCount":382,"commentCount":0,"publisher":{"@id":"https:\/\/www.sonoraenequipo.com.mx\/#organization"},"image":{"@id":"https:\/\/www.sonoraenequipo.com.mx\/capacita-sedesson-a-organizaciones-de-la-sociedad-civil-en-materia-fiscal\/#primaryimage"},"thumbnailUrl":"https:\/\/www.sonoraenequipo.com.mx\/storage\/2018\/06\/capacitacion_sedesson_opt1.jpg","articleSection":["Destacadas","Sonora"],"inLanguage":"es","potentialAction":[{"@type":"CommentAction","name":"Comment","target":["https:\/\/www.sonoraenequipo.com.mx\/capacita-sedesson-a-organizaciones-de-la-sociedad-civil-en-materia-fiscal\/#respond"]}]},{"@type":"WebPage","@id":"https:\/\/www.sonoraenequipo.com.mx\/capacita-sedesson-a-organizaciones-de-la-sociedad-civil-en-materia-fiscal\/","url":"https:\/\/www.sonoraenequipo.com.mx\/capacita-sedesson-a-organizaciones-de-la-sociedad-civil-en-materia-fiscal\/","name":"Sonora en Equipo. Capacita SEDESSON a Organizaciones de la Sociedad Civil en materia fiscal Destacadas","isPartOf":{"@id":"https:\/\/www.sonoraenequipo.com.mx\/#website"},"primaryImageOfPage":{"@id":"https:\/\/www.sonoraenequipo.com.mx\/capacita-sedesson-a-organizaciones-de-la-sociedad-civil-en-materia-fiscal\/#primaryimage"},"image":{"@id":"https:\/\/www.sonoraenequipo.com.mx\/capacita-sedesson-a-organizaciones-de-la-sociedad-civil-en-materia-fiscal\/#primaryimage"},"thumbnailUrl":"https:\/\/www.sonoraenequipo.com.mx\/storage\/2018\/06\/capacitacion_sedesson_opt1.jpg","datePublished":"2018-06-13T04:00:23+00:00","dateModified":"2018-06-13T05:42:36+00:00","description":"HERMOSILLO, SONORA. MX. \u2014 Representantes de Organizaciones de la Sociedad Civil (OSC) recibieron capacitaci\u00f3n, actualizaci\u00f3n y asesor\u00eda en materia fiscal, En Sonora en Equipo publicamos toda la informaci\u00f3n de Sonora, M\u00e9xico y el Mundo de manera oportuna y busca que la libertad de expresi\u00f3n sea real. Visita nuestro medio informativo publicado desde Hermosillo, Sonora. %","breadcrumb":{"@id":"https:\/\/www.sonoraenequipo.com.mx\/capacita-sedesson-a-organizaciones-de-la-sociedad-civil-en-materia-fiscal\/#breadcrumb"},"inLanguage":"es","potentialAction":[{"@type":"ReadAction","target":["https:\/\/www.sonoraenequipo.com.mx\/capacita-sedesson-a-organizaciones-de-la-sociedad-civil-en-materia-fiscal\/"]}]},{"@type":"ImageObject","inLanguage":"es","@id":"https:\/\/www.sonoraenequipo.com.mx\/capacita-sedesson-a-organizaciones-de-la-sociedad-civil-en-materia-fiscal\/#primaryimage","url":"https:\/\/www.sonoraenequipo.com.mx\/storage\/2018\/06\/capacitacion_sedesson_opt1.jpg","contentUrl":"https:\/\/www.sonoraenequipo.com.mx\/storage\/2018\/06\/capacitacion_sedesson_opt1.jpg","width":600,"height":400},{"@type":"BreadcrumbList","@id":"https:\/\/www.sonoraenequipo.com.mx\/capacita-sedesson-a-organizaciones-de-la-sociedad-civil-en-materia-fiscal\/#breadcrumb","itemListElement":[{"@type":"ListItem","position":1,"name":"Portada","item":"https:\/\/www.sonoraenequipo.com.mx\/"},{"@type":"ListItem","position":2,"name":"Capacita SEDESSON a Organizaciones de la Sociedad Civil en materia fiscal"}]},{"@type":"WebSite","@id":"https:\/\/www.sonoraenequipo.com.mx\/#website","url":"https:\/\/www.sonoraenequipo.com.mx\/","name":"Sonora en Equipo.","description":"Diario en l\u00ednea con Noticias desde Hermosillo, Sonora","publisher":{"@id":"https:\/\/www.sonoraenequipo.com.mx\/#organization"},"potentialAction":[{"@type":"SearchAction","target":{"@type":"EntryPoint","urlTemplate":"https:\/\/www.sonoraenequipo.com.mx\/?s={search_term_string}"},"query-input":{"@type":"PropertyValueSpecification","valueRequired":true,"valueName":"search_term_string"}}],"inLanguage":"es"},{"@type":"Organization","@id":"https:\/\/www.sonoraenequipo.com.mx\/#organization","name":"Sonoraenequipo.com.mx","url":"https:\/\/www.sonoraenequipo.com.mx\/","logo":{"@type":"ImageObject","inLanguage":"es","@id":"https:\/\/www.sonoraenequipo.com.mx\/#\/schema\/logo\/image\/","url":"https:\/\/www.sonoraenequipo.com.mx\/storage\/2019\/01\/sonoraenequipo_opt.png","contentUrl":"https:\/\/www.sonoraenequipo.com.mx\/storage\/2019\/01\/sonoraenequipo_opt.png","width":375,"height":125,"caption":"Sonoraenequipo.com.mx"},"image":{"@id":"https:\/\/www.sonoraenequipo.com.mx\/#\/schema\/logo\/image\/"},"sameAs":["https:\/\/www.facebook.com\/SonoraEE\/","https:\/\/x.com\/sonoraenequipo","https:\/\/www.youtube.com\/channel\/UC338nW-lPEYmJQs4ZABQ1SQ"]},{"@type":"Person","@id":"https:\/\/www.sonoraenequipo.com.mx\/#\/schema\/person\/50102df0fb23a8fa9e8effad8fa81386","name":"enequipo","image":{"@type":"ImageObject","inLanguage":"es","@id":"https:\/\/www.sonoraenequipo.com.mx\/#\/schema\/person\/image\/","url":"https:\/\/secure.gravatar.com\/avatar\/049821681b589dabc0bc20695993ccebb09f5b5d4d790cd9251b97faac7c652b?s=96&d=blank&r=g","contentUrl":"https:\/\/secure.gravatar.com\/avatar\/049821681b589dabc0bc20695993ccebb09f5b5d4d790cd9251b97faac7c652b?s=96&d=blank&r=g","caption":"enequipo"},"sameAs":["https:\/\/www.facebook.com\/SonoraEE"]}]}},"jetpack_featured_media_url":"https:\/\/www.sonoraenequipo.com.mx\/storage\/2018\/06\/capacitacion_sedesson_opt1.jpg","_links":{"self":[{"href":"https:\/\/www.sonoraenequipo.com.mx\/api\/wp\/v2\/posts\/38881","targetHints":{"allow":["GET"]}}],"collection":[{"href":"https:\/\/www.sonoraenequipo.com.mx\/api\/wp\/v2\/posts"}],"about":[{"href":"https:\/\/www.sonoraenequipo.com.mx\/api\/wp\/v2\/types\/post"}],"author":[{"embeddable":true,"href":"https:\/\/www.sonoraenequipo.com.mx\/api\/wp\/v2\/users\/1"}],"replies":[{"embeddable":true,"href":"https:\/\/www.sonoraenequipo.com.mx\/api\/wp\/v2\/comments?post=38881"}],"version-history":[{"count":0,"href":"https:\/\/www.sonoraenequipo.com.mx\/api\/wp\/v2\/posts\/38881\/revisions"}],"wp:featuredmedia":[{"embeddable":true,"href":"https:\/\/www.sonoraenequipo.com.mx\/api\/wp\/v2\/media\/38882"}],"wp:attachment":[{"href":"https:\/\/www.sonoraenequipo.com.mx\/api\/wp\/v2\/media?parent=38881"}],"wp:term":[{"taxonomy":"category","embeddable":true,"href":"https:\/\/www.sonoraenequipo.com.mx\/api\/wp\/v2\/categories?post=38881"},{"taxonomy":"post_tag","embeddable":true,"href":"https:\/\/www.sonoraenequipo.com.mx\/api\/wp\/v2\/tags?post=38881"}],"curies":[{"name":"wp","href":"https:\/\/api.w.org\/{rel}","templated":true}]}}