{"id":39198,"date":"2018-06-19T18:25:29","date_gmt":"2018-06-20T01:25:29","guid":{"rendered":"http:\/\/www.sonoraenequipo.com.mx\/?p=39198"},"modified":"2018-06-19T20:35:56","modified_gmt":"2018-06-20T03:35:56","slug":"atendera-gobernadora-desabasto-de-agua-en-nacozari-y-alamos","status":"publish","type":"post","link":"https:\/\/www.sonoraenequipo.com.mx\/atendera-gobernadora-desabasto-de-agua-en-nacozari-y-alamos\/","title":{"rendered":"Atender\u00e1 Gobernadora desabasto de agua en Nacozari y \u00c1lamos"},"content":{"rendered":"<p>HERMOSILLO, SONORA. MX. \u2014 Con la aplicaci\u00f3n de 215 millones de pesos provenientes del Fondo Minero, municipios sonorenses concretar\u00e1n proyectos sustentables para la soluci\u00f3n de problem\u00e1ticas en sus comunidades, como el desabasto de agua en Nacozari y \u00c1lamos, resalt\u00f3 la Gobernadora Claudia Pavlovich Arellano.<\/p>\n<p> <\/p>\n<p>Agreg\u00f3 que entre las obras aprobadas se encuentran la construcci\u00f3n de una presa para atender el suministro de agua para la poblaci\u00f3n de Nacozari, adem\u00e1s de infraestructura para dotar del vital l\u00edquido a los ciudadanos de \u00c1lamos.<\/p>\n<p>Al encabezar junto al titular de la Unidad de Utilizaci\u00f3n del Suelo para Proyectos en Energ\u00eda e Inversiones F\u00edsicas de los Fondos Mineros, Xavier Lazcano D\u00edaz, la reuni\u00f3n del Comit\u00e9 de Desarrollo Regional para las Zonas Mineras de Sonora, en la cual autorizaron la aplicaci\u00f3n de 215 millones de pesos para invertirlos en diversos proyectos de abasto de agua e infraestructura, la Gobernadora Pavlovich resalt\u00f3 la transparencia con la que se destinan los recursos, adem\u00e1s de la colaboraci\u00f3n que prevalece entre autoridades de los tres niveles de gobierno y empresas mineras.<\/p>\n<p><em>\u201cPara nosotros es important\u00edsimo que estos temas avancen, que las comunidades tengan proyectos sustentables a largo plazo, para que le den vida a sus municipios, me da mucho gusto que este fondo se haya creado, porque hay muchos municipios que en lo personal ve\u00eda que carec\u00edan de muchas cosas y hoy gracias a este Fondo puedo decir que han adelantado much\u00edsimo\u201d,<\/em> indic\u00f3.<\/p>\n<p>Por su parte, Xavier Lazcano D\u00edaz, manifest\u00f3 su respaldo al trabajo de la Gobernadora Pavlovich, para el destino de estos recursos, y se comprometi\u00f3 a mantener una comunicaci\u00f3n personal con los alcaldes para atender sus inquietudes.<\/p>\n<p><em>\u201cDebemos de estar muy orgullosos de la Gobernadora, quien hoy dirige, y sobre todo, coordina los esfuerzos de todos los sonorenses, porque desde all\u00e1 del Gobierno Federal le extendemos un gran reconocimiento porque se oye fuerte, se pisa fuerte, y la Gobernadora est\u00e1 trabajando a tambor batiente\u201d,<\/em> expres\u00f3.<\/p>\n<p>El Secretario de Gobierno, Miguel Ernesto Pompa Corella, revel\u00f3 que Sonora es el estado que recibe mayores recursos, producto del Fondo Minero, esto como parte del esfuerzo de los municipios por atender problem\u00e1ticas de infraestructura en sus localidades.<\/p>\n<p><em>\u201cSonora es el estado que mayor n\u00famero de recursos recibe por este concepto, cosa que la verdad somos beneficiarios de este esfuerzo que se hizo en su momento\u201d,<\/em> se\u00f1al\u00f3.<\/p>\n<p>Durante la reuni\u00f3n el Presidente Municipal de \u00c1lamos y representante de los municipios beneficiarios del Fondo Minero, Axel Omar Salas Hern\u00e1ndez, explic\u00f3 que los alcaldes mantienen el compromiso de elaborar los proyectos que se hacen con recursos del Fondo Minero con absoluta transparencia, lo cual ha permitido que se sigan asignando para la ejecuci\u00f3n de distintas obras.<\/p>\n<p><em>\u201cCreo que el compromiso que hacemos con la SEDATU a nivel federal los alcaldes de Sonora, que hacemos con las empresas mineras, que son quienes aportan el recurso, es propiamente defender la reforma, el beneficio que se ha generado para los municipios, pero tambi\u00e9n la transparencia con la que tenemos que hacer las cosas\u201d,<\/em> resalt\u00f3.<\/p>\n<p>En representaci\u00f3n de las empresas mineras, Christopher \u00c1vila, integrante de Grupo Bal, se comprometi\u00f3 a ser un enlace de comunicaci\u00f3n entre las compa\u00f1\u00edas, los municipios, el estado y el gobierno federal, para que los recursos puedan destinarse a un mayor n\u00famero de obras y proyectos.<\/p>\n<p><em>\u201cPedirles que v\u00eda su servidor podamos tener un di\u00e1logo m\u00e1s cercano con las empresas mineras, lo mismo usted Gobernadora y Gobierno del Estado, que vean en nosotros una manera que podamos dialogar con las autoridades federales y con las empresas mineras para lograr que las aplicaciones de estos recursos sean de largo alcance y de mayor prop\u00f3sito\u201d,<\/em> coment\u00f3.<\/p>\n<p>Presentes: Ricardo Mart\u00ednez Terrazas, Secretario de Infraestructura y Desarrollo Urbano; Jaime Jos\u00e9 Mar\u00eda Mancilla Reyes, Director General de Organizaci\u00f3n y Evaluaci\u00f3n del Fondo para el Desarrollo Regional Sustentable de Estados y Municipios Mineros; Alfredo Mart\u00ednez Olivas, Director General de la Junta de Caminos del Estado de Sonora; Sergio \u00c1vila Cece\u00f1a, Vocal Ejecutivo de la Comisi\u00f3n Estatal del Agua; y Eusebio Pillado Hern\u00e1ndez, Delegado Estatal de la SEDATU.<\/p>\n<p>(Fecha de publicaci\u00f3n 19062018)<\/p>\n","protected":false},"excerpt":{"rendered":"<p>HERMOSILLO, SONORA. MX. \u2014 Con la aplicaci\u00f3n de 215 millones de pesos provenientes del Fondo&#8230;<\/p>\n","protected":false},"author":1,"featured_media":39199,"comment_status":"open","ping_status":"open","sticky":false,"template":"","format":"standard","meta":{"_monsterinsights_skip_tracking":false,"_monsterinsights_sitenote_active":false,"_monsterinsights_sitenote_note":"","_monsterinsights_sitenote_category":0,"footnotes":""},"categories":[13,22],"tags":[],"class_list":["post"],"yoast_head":" \n<title>Sonora en Equipo. Atender\u00e1 Gobernadora desabasto de agua en Nacozari y \u00c1lamos Destacadas<\/title>\n<meta name=\"description\" content=\"HERMOSILLO, SONORA. MX. \u2014 Con la aplicaci\u00f3n de 215 millones de pesos provenientes del Fondo Minero, municipios sonorenses concretar\u00e1n proyectos En Sonora en Equipo publicamos toda la informaci\u00f3n de Sonora, M\u00e9xico y el Mundo de manera oportuna y busca que la libertad de expresi\u00f3n sea real. Visita nuestro medio informativo publicado desde Hermosillo, Sonora. %\" \/>\n<meta name=\"robots\" content=\"index, follow, max-snippet:-1, max-image-preview:large, max-video-preview:-1\" \/>\n<link rel=\"canonical\" href=\"https:\/\/www.sonoraenequipo.com.mx\/atendera-gobernadora-desabasto-de-agua-en-nacozari-y-alamos\/\" \/>\n<meta property=\"og:locale\" content=\"es_ES\" \/>\n<meta property=\"og:type\" content=\"article\" \/>\n<meta property=\"og:title\" content=\"Sonora en Equipo. Atender\u00e1 Gobernadora desabasto de agua en Nacozari y \u00c1lamos Destacadas\" \/>\n<meta property=\"og:description\" content=\"HERMOSILLO, SONORA. MX. \u2014 Con la aplicaci\u00f3n de 215 millones de pesos provenientes del Fondo Minero, municipios sonorenses concretar\u00e1n proyectos En Sonora en Equipo publicamos toda la informaci\u00f3n de Sonora, M\u00e9xico y el Mundo de manera oportuna y busca que la libertad de expresi\u00f3n sea real. Visita nuestro medio informativo publicado desde Hermosillo, Sonora. %\" \/>\n<meta property=\"og:url\" content=\"https:\/\/www.sonoraenequipo.com.mx\/atendera-gobernadora-desabasto-de-agua-en-nacozari-y-alamos\/\" \/>\n<meta property=\"og:site_name\" content=\"Sonora en Equipo.\" \/>\n<meta property=\"article:publisher\" content=\"https:\/\/www.facebook.com\/SonoraEE\/\" \/>\n<meta property=\"article:author\" content=\"https:\/\/www.facebook.com\/SonoraEE\" \/>\n<meta property=\"article:published_time\" content=\"2018-06-20T01:25:29+00:00\" \/>\n<meta property=\"article:modified_time\" content=\"2018-06-20T03:35:56+00:00\" \/>\n<meta property=\"og:image\" content=\"https:\/\/www.sonoraenequipo.com.mx\/storage\/2018\/06\/alamosynacozari_opt.jpg\" \/>\n\t<meta property=\"og:image:width\" content=\"601\" \/>\n\t<meta property=\"og:image:height\" content=\"400\" \/>\n\t<meta property=\"og:image:type\" content=\"image\/jpeg\" \/>\n<meta name=\"author\" content=\"enequipo\" \/>\n<meta name=\"twitter:card\" content=\"summary_large_image\" \/>\n<meta name=\"twitter:creator\" content=\"@sonoraenequipo\" \/>\n<meta name=\"twitter:site\" content=\"@sonoraenequipo\" \/>\n<meta name=\"twitter:label1\" content=\"Escrito por\" \/>\n\t<meta name=\"twitter:data1\" content=\"enequipo\" \/>\n\t<meta name=\"twitter:label2\" content=\"Tiempo de lectura\" \/>\n\t<meta name=\"twitter:data2\" content=\"4 minutos\" \/>\n<script type=\"application\/ld+json\" class=\"yoast-schema-graph\">{\"@context\":\"https:\/\/schema.org\",\"@graph\":[{\"@type\":\"Article\",\"@id\":\"https:\/\/www.sonoraenequipo.com.mx\/atendera-gobernadora-desabasto-de-agua-en-nacozari-y-alamos\/#article\",\"isPartOf\":{\"@id\":\"https:\/\/www.sonoraenequipo.com.mx\/atendera-gobernadora-desabasto-de-agua-en-nacozari-y-alamos\/\"},\"author\":{\"name\":\"enequipo\",\"@id\":\"https:\/\/www.sonoraenequipo.com.mx\/#\/schema\/person\/50102df0fb23a8fa9e8effad8fa81386\"},\"headline\":\"Atender\u00e1 Gobernadora desabasto de agua en Nacozari y \u00c1lamos\",\"datePublished\":\"2018-06-20T01:25:29+00:00\",\"dateModified\":\"2018-06-20T03:35:56+00:00\",\"mainEntityOfPage\":{\"@id\":\"https:\/\/www.sonoraenequipo.com.mx\/atendera-gobernadora-desabasto-de-agua-en-nacozari-y-alamos\/\"},\"wordCount\":722,\"commentCount\":0,\"publisher\":{\"@id\":\"https:\/\/www.sonoraenequipo.com.mx\/#organization\"},\"image\":{\"@id\":\"https:\/\/www.sonoraenequipo.com.mx\/atendera-gobernadora-desabasto-de-agua-en-nacozari-y-alamos\/#primaryimage\"},\"thumbnailUrl\":\"https:\/\/www.sonoraenequipo.com.mx\/storage\/2018\/06\/alamosynacozari_opt.jpg\",\"articleSection\":[\"Destacadas\",\"Sonora\"],\"inLanguage\":\"es\",\"potentialAction\":[{\"@type\":\"CommentAction\",\"name\":\"Comment\",\"target\":[\"https:\/\/www.sonoraenequipo.com.mx\/atendera-gobernadora-desabasto-de-agua-en-nacozari-y-alamos\/#respond\"]}]},{\"@type\":\"WebPage\",\"@id\":\"https:\/\/www.sonoraenequipo.com.mx\/atendera-gobernadora-desabasto-de-agua-en-nacozari-y-alamos\/\",\"url\":\"https:\/\/www.sonoraenequipo.com.mx\/atendera-gobernadora-desabasto-de-agua-en-nacozari-y-alamos\/\",\"name\":\"Sonora en Equipo. Atender\u00e1 Gobernadora desabasto de agua en Nacozari y \u00c1lamos Destacadas\",\"isPartOf\":{\"@id\":\"https:\/\/www.sonoraenequipo.com.mx\/#website\"},\"primaryImageOfPage\":{\"@id\":\"https:\/\/www.sonoraenequipo.com.mx\/atendera-gobernadora-desabasto-de-agua-en-nacozari-y-alamos\/#primaryimage\"},\"image\":{\"@id\":\"https:\/\/www.sonoraenequipo.com.mx\/atendera-gobernadora-desabasto-de-agua-en-nacozari-y-alamos\/#primaryimage\"},\"thumbnailUrl\":\"https:\/\/www.sonoraenequipo.com.mx\/storage\/2018\/06\/alamosynacozari_opt.jpg\",\"datePublished\":\"2018-06-20T01:25:29+00:00\",\"dateModified\":\"2018-06-20T03:35:56+00:00\",\"description\":\"HERMOSILLO, SONORA. MX. \u2014 Con la aplicaci\u00f3n de 215 millones de pesos provenientes del Fondo Minero, municipios sonorenses concretar\u00e1n proyectos En Sonora en Equipo publicamos toda la informaci\u00f3n de Sonora, M\u00e9xico y el Mundo de manera oportuna y busca que la libertad de expresi\u00f3n sea real. Visita nuestro medio informativo publicado desde Hermosillo, Sonora. %\",\"breadcrumb\":{\"@id\":\"https:\/\/www.sonoraenequipo.com.mx\/atendera-gobernadora-desabasto-de-agua-en-nacozari-y-alamos\/#breadcrumb\"},\"inLanguage\":\"es\",\"potentialAction\":[{\"@type\":\"ReadAction\",\"target\":[\"https:\/\/www.sonoraenequipo.com.mx\/atendera-gobernadora-desabasto-de-agua-en-nacozari-y-alamos\/\"]}]},{\"@type\":\"ImageObject\",\"inLanguage\":\"es\",\"@id\":\"https:\/\/www.sonoraenequipo.com.mx\/atendera-gobernadora-desabasto-de-agua-en-nacozari-y-alamos\/#primaryimage\",\"url\":\"https:\/\/www.sonoraenequipo.com.mx\/storage\/2018\/06\/alamosynacozari_opt.jpg\",\"contentUrl\":\"https:\/\/www.sonoraenequipo.com.mx\/storage\/2018\/06\/alamosynacozari_opt.jpg\",\"width\":601,\"height\":400},{\"@type\":\"BreadcrumbList\",\"@id\":\"https:\/\/www.sonoraenequipo.com.mx\/atendera-gobernadora-desabasto-de-agua-en-nacozari-y-alamos\/#breadcrumb\",\"itemListElement\":[{\"@type\":\"ListItem\",\"position\":1,\"name\":\"Portada\",\"item\":\"https:\/\/www.sonoraenequipo.com.mx\/\"},{\"@type\":\"ListItem\",\"position\":2,\"name\":\"Atender\u00e1 Gobernadora desabasto de agua en Nacozari y \u00c1lamos\"}]},{\"@type\":\"WebSite\",\"@id\":\"https:\/\/www.sonoraenequipo.com.mx\/#website\",\"url\":\"https:\/\/www.sonoraenequipo.com.mx\/\",\"name\":\"Sonora en Equipo.\",\"description\":\"Diario en l\u00ednea con Noticias desde Hermosillo, Sonora\",\"publisher\":{\"@id\":\"https:\/\/www.sonoraenequipo.com.mx\/#organization\"},\"potentialAction\":[{\"@type\":\"SearchAction\",\"target\":{\"@type\":\"EntryPoint\",\"urlTemplate\":\"https:\/\/www.sonoraenequipo.com.mx\/?s={search_term_string}\"},\"query-input\":{\"@type\":\"PropertyValueSpecification\",\"valueRequired\":true,\"valueName\":\"search_term_string\"}}],\"inLanguage\":\"es\"},{\"@type\":\"Organization\",\"@id\":\"https:\/\/www.sonoraenequipo.com.mx\/#organization\",\"name\":\"Sonoraenequipo.com.mx\",\"url\":\"https:\/\/www.sonoraenequipo.com.mx\/\",\"logo\":{\"@type\":\"ImageObject\",\"inLanguage\":\"es\",\"@id\":\"https:\/\/www.sonoraenequipo.com.mx\/#\/schema\/logo\/image\/\",\"url\":\"https:\/\/www.sonoraenequipo.com.mx\/storage\/2019\/01\/sonoraenequipo_opt.png\",\"contentUrl\":\"https:\/\/www.sonoraenequipo.com.mx\/storage\/2019\/01\/sonoraenequipo_opt.png\",\"width\":375,\"height\":125,\"caption\":\"Sonoraenequipo.com.mx\"},\"image\":{\"@id\":\"https:\/\/www.sonoraenequipo.com.mx\/#\/schema\/logo\/image\/\"},\"sameAs\":[\"https:\/\/www.facebook.com\/SonoraEE\/\",\"https:\/\/x.com\/sonoraenequipo\",\"https:\/\/www.youtube.com\/channel\/UC338nW-lPEYmJQs4ZABQ1SQ\"]},{\"@type\":\"Person\",\"@id\":\"https:\/\/www.sonoraenequipo.com.mx\/#\/schema\/person\/50102df0fb23a8fa9e8effad8fa81386\",\"name\":\"enequipo\",\"image\":{\"@type\":\"ImageObject\",\"inLanguage\":\"es\",\"@id\":\"https:\/\/www.sonoraenequipo.com.mx\/#\/schema\/person\/image\/\",\"url\":\"https:\/\/secure.gravatar.com\/avatar\/049821681b589dabc0bc20695993ccebb09f5b5d4d790cd9251b97faac7c652b?s=96&d=blank&r=g\",\"contentUrl\":\"https:\/\/secure.gravatar.com\/avatar\/049821681b589dabc0bc20695993ccebb09f5b5d4d790cd9251b97faac7c652b?s=96&d=blank&r=g\",\"caption\":\"enequipo\"},\"sameAs\":[\"https:\/\/www.facebook.com\/SonoraEE\"]}]}<\/script>\n ","yoast_head_json":{"title":"Sonora en Equipo. Atender\u00e1 Gobernadora desabasto de agua en Nacozari y \u00c1lamos Destacadas","description":"HERMOSILLO, SONORA. MX. \u2014 Con la aplicaci\u00f3n de 215 millones de pesos provenientes del Fondo Minero, municipios sonorenses concretar\u00e1n proyectos En Sonora en Equipo publicamos toda la informaci\u00f3n de Sonora, M\u00e9xico y el Mundo de manera oportuna y busca que la libertad de expresi\u00f3n sea real. Visita nuestro medio informativo publicado desde Hermosillo, Sonora. %","robots":{"index":"index","follow":"follow","max-snippet":"max-snippet:-1","max-image-preview":"max-image-preview:large","max-video-preview":"max-video-preview:-1"},"canonical":"https:\/\/www.sonoraenequipo.com.mx\/atendera-gobernadora-desabasto-de-agua-en-nacozari-y-alamos\/","og_locale":"es_ES","og_type":"article","og_title":"Sonora en Equipo. Atender\u00e1 Gobernadora desabasto de agua en Nacozari y \u00c1lamos Destacadas","og_description":"HERMOSILLO, SONORA. MX. \u2014 Con la aplicaci\u00f3n de 215 millones de pesos provenientes del Fondo Minero, municipios sonorenses concretar\u00e1n proyectos En Sonora en Equipo publicamos toda la informaci\u00f3n de Sonora, M\u00e9xico y el Mundo de manera oportuna y busca que la libertad de expresi\u00f3n sea real. Visita nuestro medio informativo publicado desde Hermosillo, Sonora. %","og_url":"https:\/\/www.sonoraenequipo.com.mx\/atendera-gobernadora-desabasto-de-agua-en-nacozari-y-alamos\/","og_site_name":"Sonora en Equipo.","article_publisher":"https:\/\/www.facebook.com\/SonoraEE\/","article_author":"https:\/\/www.facebook.com\/SonoraEE","article_published_time":"2018-06-20T01:25:29+00:00","article_modified_time":"2018-06-20T03:35:56+00:00","og_image":[{"width":601,"height":400,"url":"https:\/\/www.sonoraenequipo.com.mx\/storage\/2018\/06\/alamosynacozari_opt.jpg","type":"image\/jpeg"}],"author":"enequipo","twitter_card":"summary_large_image","twitter_creator":"@sonoraenequipo","twitter_site":"@sonoraenequipo","twitter_misc":{"Escrito por":"enequipo","Tiempo de lectura":"4 minutos"},"schema":{"@context":"https:\/\/schema.org","@graph":[{"@type":"Article","@id":"https:\/\/www.sonoraenequipo.com.mx\/atendera-gobernadora-desabasto-de-agua-en-nacozari-y-alamos\/#article","isPartOf":{"@id":"https:\/\/www.sonoraenequipo.com.mx\/atendera-gobernadora-desabasto-de-agua-en-nacozari-y-alamos\/"},"author":{"name":"enequipo","@id":"https:\/\/www.sonoraenequipo.com.mx\/#\/schema\/person\/50102df0fb23a8fa9e8effad8fa81386"},"headline":"Atender\u00e1 Gobernadora desabasto de agua en Nacozari y \u00c1lamos","datePublished":"2018-06-20T01:25:29+00:00","dateModified":"2018-06-20T03:35:56+00:00","mainEntityOfPage":{"@id":"https:\/\/www.sonoraenequipo.com.mx\/atendera-gobernadora-desabasto-de-agua-en-nacozari-y-alamos\/"},"wordCount":722,"commentCount":0,"publisher":{"@id":"https:\/\/www.sonoraenequipo.com.mx\/#organization"},"image":{"@id":"https:\/\/www.sonoraenequipo.com.mx\/atendera-gobernadora-desabasto-de-agua-en-nacozari-y-alamos\/#primaryimage"},"thumbnailUrl":"https:\/\/www.sonoraenequipo.com.mx\/storage\/2018\/06\/alamosynacozari_opt.jpg","articleSection":["Destacadas","Sonora"],"inLanguage":"es","potentialAction":[{"@type":"CommentAction","name":"Comment","target":["https:\/\/www.sonoraenequipo.com.mx\/atendera-gobernadora-desabasto-de-agua-en-nacozari-y-alamos\/#respond"]}]},{"@type":"WebPage","@id":"https:\/\/www.sonoraenequipo.com.mx\/atendera-gobernadora-desabasto-de-agua-en-nacozari-y-alamos\/","url":"https:\/\/www.sonoraenequipo.com.mx\/atendera-gobernadora-desabasto-de-agua-en-nacozari-y-alamos\/","name":"Sonora en Equipo. Atender\u00e1 Gobernadora desabasto de agua en Nacozari y \u00c1lamos Destacadas","isPartOf":{"@id":"https:\/\/www.sonoraenequipo.com.mx\/#website"},"primaryImageOfPage":{"@id":"https:\/\/www.sonoraenequipo.com.mx\/atendera-gobernadora-desabasto-de-agua-en-nacozari-y-alamos\/#primaryimage"},"image":{"@id":"https:\/\/www.sonoraenequipo.com.mx\/atendera-gobernadora-desabasto-de-agua-en-nacozari-y-alamos\/#primaryimage"},"thumbnailUrl":"https:\/\/www.sonoraenequipo.com.mx\/storage\/2018\/06\/alamosynacozari_opt.jpg","datePublished":"2018-06-20T01:25:29+00:00","dateModified":"2018-06-20T03:35:56+00:00","description":"HERMOSILLO, SONORA. MX. \u2014 Con la aplicaci\u00f3n de 215 millones de pesos provenientes del Fondo Minero, municipios sonorenses concretar\u00e1n proyectos En Sonora en Equipo publicamos toda la informaci\u00f3n de Sonora, M\u00e9xico y el Mundo de manera oportuna y busca que la libertad de expresi\u00f3n sea real. Visita nuestro medio informativo publicado desde Hermosillo, Sonora. %","breadcrumb":{"@id":"https:\/\/www.sonoraenequipo.com.mx\/atendera-gobernadora-desabasto-de-agua-en-nacozari-y-alamos\/#breadcrumb"},"inLanguage":"es","potentialAction":[{"@type":"ReadAction","target":["https:\/\/www.sonoraenequipo.com.mx\/atendera-gobernadora-desabasto-de-agua-en-nacozari-y-alamos\/"]}]},{"@type":"ImageObject","inLanguage":"es","@id":"https:\/\/www.sonoraenequipo.com.mx\/atendera-gobernadora-desabasto-de-agua-en-nacozari-y-alamos\/#primaryimage","url":"https:\/\/www.sonoraenequipo.com.mx\/storage\/2018\/06\/alamosynacozari_opt.jpg","contentUrl":"https:\/\/www.sonoraenequipo.com.mx\/storage\/2018\/06\/alamosynacozari_opt.jpg","width":601,"height":400},{"@type":"BreadcrumbList","@id":"https:\/\/www.sonoraenequipo.com.mx\/atendera-gobernadora-desabasto-de-agua-en-nacozari-y-alamos\/#breadcrumb","itemListElement":[{"@type":"ListItem","position":1,"name":"Portada","item":"https:\/\/www.sonoraenequipo.com.mx\/"},{"@type":"ListItem","position":2,"name":"Atender\u00e1 Gobernadora desabasto de agua en Nacozari y \u00c1lamos"}]},{"@type":"WebSite","@id":"https:\/\/www.sonoraenequipo.com.mx\/#website","url":"https:\/\/www.sonoraenequipo.com.mx\/","name":"Sonora en Equipo.","description":"Diario en l\u00ednea con Noticias desde Hermosillo, Sonora","publisher":{"@id":"https:\/\/www.sonoraenequipo.com.mx\/#organization"},"potentialAction":[{"@type":"SearchAction","target":{"@type":"EntryPoint","urlTemplate":"https:\/\/www.sonoraenequipo.com.mx\/?s={search_term_string}"},"query-input":{"@type":"PropertyValueSpecification","valueRequired":true,"valueName":"search_term_string"}}],"inLanguage":"es"},{"@type":"Organization","@id":"https:\/\/www.sonoraenequipo.com.mx\/#organization","name":"Sonoraenequipo.com.mx","url":"https:\/\/www.sonoraenequipo.com.mx\/","logo":{"@type":"ImageObject","inLanguage":"es","@id":"https:\/\/www.sonoraenequipo.com.mx\/#\/schema\/logo\/image\/","url":"https:\/\/www.sonoraenequipo.com.mx\/storage\/2019\/01\/sonoraenequipo_opt.png","contentUrl":"https:\/\/www.sonoraenequipo.com.mx\/storage\/2019\/01\/sonoraenequipo_opt.png","width":375,"height":125,"caption":"Sonoraenequipo.com.mx"},"image":{"@id":"https:\/\/www.sonoraenequipo.com.mx\/#\/schema\/logo\/image\/"},"sameAs":["https:\/\/www.facebook.com\/SonoraEE\/","https:\/\/x.com\/sonoraenequipo","https:\/\/www.youtube.com\/channel\/UC338nW-lPEYmJQs4ZABQ1SQ"]},{"@type":"Person","@id":"https:\/\/www.sonoraenequipo.com.mx\/#\/schema\/person\/50102df0fb23a8fa9e8effad8fa81386","name":"enequipo","image":{"@type":"ImageObject","inLanguage":"es","@id":"https:\/\/www.sonoraenequipo.com.mx\/#\/schema\/person\/image\/","url":"https:\/\/secure.gravatar.com\/avatar\/049821681b589dabc0bc20695993ccebb09f5b5d4d790cd9251b97faac7c652b?s=96&d=blank&r=g","contentUrl":"https:\/\/secure.gravatar.com\/avatar\/049821681b589dabc0bc20695993ccebb09f5b5d4d790cd9251b97faac7c652b?s=96&d=blank&r=g","caption":"enequipo"},"sameAs":["https:\/\/www.facebook.com\/SonoraEE"]}]}},"jetpack_featured_media_url":"https:\/\/www.sonoraenequipo.com.mx\/storage\/2018\/06\/alamosynacozari_opt.jpg","_links":{"self":[{"href":"https:\/\/www.sonoraenequipo.com.mx\/api\/wp\/v2\/posts\/39198","targetHints":{"allow":["GET"]}}],"collection":[{"href":"https:\/\/www.sonoraenequipo.com.mx\/api\/wp\/v2\/posts"}],"about":[{"href":"https:\/\/www.sonoraenequipo.com.mx\/api\/wp\/v2\/types\/post"}],"author":[{"embeddable":true,"href":"https:\/\/www.sonoraenequipo.com.mx\/api\/wp\/v2\/users\/1"}],"replies":[{"embeddable":true,"href":"https:\/\/www.sonoraenequipo.com.mx\/api\/wp\/v2\/comments?post=39198"}],"version-history":[{"count":0,"href":"https:\/\/www.sonoraenequipo.com.mx\/api\/wp\/v2\/posts\/39198\/revisions"}],"wp:featuredmedia":[{"embeddable":true,"href":"https:\/\/www.sonoraenequipo.com.mx\/api\/wp\/v2\/media\/39199"}],"wp:attachment":[{"href":"https:\/\/www.sonoraenequipo.com.mx\/api\/wp\/v2\/media?parent=39198"}],"wp:term":[{"taxonomy":"category","embeddable":true,"href":"https:\/\/www.sonoraenequipo.com.mx\/api\/wp\/v2\/categories?post=39198"},{"taxonomy":"post_tag","embeddable":true,"href":"https:\/\/www.sonoraenequipo.com.mx\/api\/wp\/v2\/tags?post=39198"}],"curies":[{"name":"wp","href":"https:\/\/api.w.org\/{rel}","templated":true}]}}