{"id":39201,"date":"2018-06-19T17:05:41","date_gmt":"2018-06-20T00:05:41","guid":{"rendered":"http:\/\/www.sonoraenequipo.com.mx\/?p=39201"},"modified":"2018-06-19T20:39:52","modified_gmt":"2018-06-20T03:39:52","slug":"avanza-sonora-en-erradicacion-del-trabajo-infantil","status":"publish","type":"post","link":"https:\/\/www.sonoraenequipo.com.mx\/avanza-sonora-en-erradicacion-del-trabajo-infantil\/","title":{"rendered":"Avanza Sonora en erradicaci\u00f3n del Trabajo Infantil"},"content":{"rendered":"<p>HERMOSILLO, SONORA. MX. \u2014 Sonora sigue siendo referente y l\u00edder en acciones para erradicar el trabajo infantil, asegur\u00f3 Horacio Valenzuela Ibarra, Secretario del Trabajo, al firmar un convenio de colaboraci\u00f3n con representantes de la fundaci\u00f3n internacional Save the Children.<\/p>\n<p> <\/p>\n<p>En la quinta sesi\u00f3n de la Comisi\u00f3n Estatal Para la Erradicaci\u00f3n del Trabajo Infantil, el funcionario estatal refiri\u00f3 que al inicio de la administraci\u00f3n, seg\u00fan datos del INEGI, Sonora ten\u00eda 58 mil 400 menores y adolescentes trabajando y actualmente la cifra es de 25 mil.<\/p>\n<p><em>\u201cSon los datos del INEGI, quiere decir que vamos bien, y \u00bfcu\u00e1l es la meta, cu\u00e1l es el objetivo?, que al t\u00e9rmino de la administraci\u00f3n de la Licenciada Claudia Pavlovich podamos levantar la bandera blanca de haber erradicado para siempre jam\u00e1s, la presencia de ni\u00f1os y de adolescentes o de ni\u00f1os trabajadores\u201d,<\/em> a\u00f1adi\u00f3.<\/p>\n<p>Con motivo del D\u00eda Mundial Contra el Trabajo Infantil y de que Sonora recibi\u00f3, por segundo a\u00f1o consecutivo, el distintivo MEXSTI 2018 (M\u00e9xico Sin Trabajo Infantil), Valenzuela Ibarra manifest\u00f3 que gran parte de este avance se debe a las buenas condiciones laborales que tiene el estado, ya que se han generado m\u00e1s de 70 mil empleos formales en lo que va de la presente administraci\u00f3n.<\/p>\n<p>Adem\u00e1s, agreg\u00f3 que Sonora mantiene una tasa de crecimiento de 5.2 por ciento y una tasa de desempleo de 3.2 por ciento, la m\u00e1s baja a nivel nacional.<\/p>\n<p>Margarita Ibarra de Torres, Presidenta del Sistema DIF Sonora, resalt\u00f3 la importancia de visibilizar el problema del trabajo infantil y buscar c\u00f3mo erradicarlo totalmente, a fin de que los ni\u00f1os y adolescentes dediquen su tiempo a ser felices, estudiar y prepararse para tener un futuro m\u00e1s prometedor.<\/p>\n<p><em>\u201cNos emociona mucho que, en esta ocasi\u00f3n, una instituci\u00f3n tan importante como Save the Children pueda comprometerse con nosotros como estado, como personas f\u00edsicas y que sabemos que vamos a llevar a erradicar cien por ciento esta problem\u00e1tica que ha venido aquejando a nuestro estado\u201d<\/em>, puntualiz\u00f3.<\/p>\n<p>Jorge Vidal Arnaud, Director de Programas de la fundaci\u00f3n \u201cSave the Children\u201d enalteci\u00f3 el trabajo de los funcionarios actuales del Gobierno del Estado por preocuparse y buscar acciones que trasciendan m\u00e1s all\u00e1 de la presente administraci\u00f3n y dejen un mejor futuro a los ni\u00f1os y adolescentes de Sonora.<\/p>\n<p><em>\u201cHoy Save the Children est\u00e1 aqu\u00ed ante ustedes para poder colocarnos este distintivo de Sonora libre de trabajo infantil y comprometernos los siguientes a\u00f1os de gobierno para poder sumar esfuerzos, con esta voluntad que ya la Gobernadora Claudia Pavlovich est\u00e1 impulsando\u201d,<\/em> agreg\u00f3.<\/p>\n<p>A casi cien a\u00f1os de su creaci\u00f3n, esta fundaci\u00f3n trabaja para apoyar con becas, traslados a sus centros educativos y otras acciones, a menores que vivan en alguna situaci\u00f3n vulnerable, en busca de que contin\u00faen sus estudios.<\/p>\n<p><strong>Permisos de trabajo a menores de 15 a 17 a\u00f1os<\/strong><\/p>\n<p>El Secretario del Trabajo, Horacio Valenzuela Ibarra, inform\u00f3 que en 2017 otorgaron alrededor de 7 mil 500 permisos para que menores de entre 15 y 17 a\u00f1os puedan desempe\u00f1ar un trabajo legalmente, y a\u00f1adi\u00f3 que este 2018 han autorizado alrededor de mil 288, cifra que esperan aumente por las vacaciones de verano.<\/p>\n<p>Los requisitos para solicitar un permiso de trabajo a un menor son: tener entre 15 y 17 a\u00f1os, consentimiento de su padre o tutor, certificado m\u00e9dico y detallar en una solicitud las labores que realizar\u00e1, las cuales no deben significar ning\u00fan riesgo a la salud o integridad del adolescente.<\/p>\n<p>Presentes: Glenda Arg\u00fcelles Rodr\u00edguez, Directora General de Inclusi\u00f3n Laboral y Trabajo de Menores; Blanca Camacho, Secretaria Ejecutiva de SIPINNA Sonora; Wenceslao Cota Amador, Procurador de Protecci\u00f3n de Ni\u00f1as, Ni\u00f1os y Adolescentes del estado y Rafael Eduardo Puebla Gracia, adolescente trabajador de edad permitida.<\/p>\n<p>Tambi\u00e9n: Jos\u00e9 Ram\u00f3n Bachelet, Delegado del Trabajo en Sonora; Mar\u00eda Leticia Navarro Duarte, Presidenta Municipal de Navojoa y Blanca Salda\u00f1a L\u00f3pez, Coordinadora Ejecutiva del Instituto Sonorense de la Mujer.<\/p>\n<p>(Fecha de publicaci\u00f3n 19062018)<\/p>\n","protected":false},"excerpt":{"rendered":"<p>HERMOSILLO, SONORA. MX. \u2014 Sonora sigue siendo referente y l\u00edder en acciones para erradicar el&#8230;<\/p>\n","protected":false},"author":1,"featured_media":39202,"comment_status":"open","ping_status":"open","sticky":false,"template":"","format":"standard","meta":{"_monsterinsights_skip_tracking":false,"_monsterinsights_sitenote_active":false,"_monsterinsights_sitenote_note":"","_monsterinsights_sitenote_category":0,"footnotes":""},"categories":[13,5],"tags":[],"class_list":["post"],"yoast_head":" \n<title>Sonora en Equipo. Avanza Sonora en erradicaci\u00f3n del Trabajo Infantil Destacadas<\/title>\n<meta name=\"description\" content=\"HERMOSILLO, SONORA. MX. \u2014 Sonora sigue siendo referente y l\u00edder en acciones para erradicar el trabajo infantil, asegur\u00f3 Horacio Valenzuela Ibarra, En Sonora en Equipo publicamos toda la informaci\u00f3n de Sonora, M\u00e9xico y el Mundo de manera oportuna y busca que la libertad de expresi\u00f3n sea real. Visita nuestro medio informativo publicado desde Hermosillo, Sonora. %\" \/>\n<meta name=\"robots\" content=\"index, follow, max-snippet:-1, max-image-preview:large, max-video-preview:-1\" \/>\n<link rel=\"canonical\" href=\"https:\/\/www.sonoraenequipo.com.mx\/avanza-sonora-en-erradicacion-del-trabajo-infantil\/\" \/>\n<meta property=\"og:locale\" content=\"es_ES\" \/>\n<meta property=\"og:type\" content=\"article\" \/>\n<meta property=\"og:title\" content=\"Sonora en Equipo. Avanza Sonora en erradicaci\u00f3n del Trabajo Infantil Destacadas\" \/>\n<meta property=\"og:description\" content=\"HERMOSILLO, SONORA. MX. \u2014 Sonora sigue siendo referente y l\u00edder en acciones para erradicar el trabajo infantil, asegur\u00f3 Horacio Valenzuela Ibarra, En Sonora en Equipo publicamos toda la informaci\u00f3n de Sonora, M\u00e9xico y el Mundo de manera oportuna y busca que la libertad de expresi\u00f3n sea real. Visita nuestro medio informativo publicado desde Hermosillo, Sonora. %\" \/>\n<meta property=\"og:url\" content=\"https:\/\/www.sonoraenequipo.com.mx\/avanza-sonora-en-erradicacion-del-trabajo-infantil\/\" \/>\n<meta property=\"og:site_name\" content=\"Sonora en Equipo.\" \/>\n<meta property=\"article:publisher\" content=\"https:\/\/www.facebook.com\/SonoraEE\/\" \/>\n<meta property=\"article:author\" content=\"https:\/\/www.facebook.com\/SonoraEE\" \/>\n<meta property=\"article:published_time\" content=\"2018-06-20T00:05:41+00:00\" \/>\n<meta property=\"article:modified_time\" content=\"2018-06-20T03:39:52+00:00\" \/>\n<meta property=\"og:image\" content=\"https:\/\/www.sonoraenequipo.com.mx\/storage\/2018\/06\/diamundialtrabajoinfantil_opt.jpg\" \/>\n\t<meta property=\"og:image:width\" content=\"713\" \/>\n\t<meta property=\"og:image:height\" content=\"400\" \/>\n\t<meta property=\"og:image:type\" content=\"image\/jpeg\" \/>\n<meta name=\"author\" content=\"enequipo\" \/>\n<meta name=\"twitter:card\" content=\"summary_large_image\" \/>\n<meta name=\"twitter:creator\" content=\"@sonoraenequipo\" \/>\n<meta name=\"twitter:site\" content=\"@sonoraenequipo\" \/>\n<meta name=\"twitter:label1\" content=\"Escrito por\" \/>\n\t<meta name=\"twitter:data1\" content=\"enequipo\" \/>\n\t<meta name=\"twitter:label2\" content=\"Tiempo de lectura\" \/>\n\t<meta name=\"twitter:data2\" content=\"3 minutos\" \/>\n<script type=\"application\/ld+json\" class=\"yoast-schema-graph\">{\"@context\":\"https:\/\/schema.org\",\"@graph\":[{\"@type\":\"Article\",\"@id\":\"https:\/\/www.sonoraenequipo.com.mx\/avanza-sonora-en-erradicacion-del-trabajo-infantil\/#article\",\"isPartOf\":{\"@id\":\"https:\/\/www.sonoraenequipo.com.mx\/avanza-sonora-en-erradicacion-del-trabajo-infantil\/\"},\"author\":{\"name\":\"enequipo\",\"@id\":\"https:\/\/www.sonoraenequipo.com.mx\/#\/schema\/person\/50102df0fb23a8fa9e8effad8fa81386\"},\"headline\":\"Avanza Sonora en erradicaci\u00f3n del Trabajo Infantil\",\"datePublished\":\"2018-06-20T00:05:41+00:00\",\"dateModified\":\"2018-06-20T03:39:52+00:00\",\"mainEntityOfPage\":{\"@id\":\"https:\/\/www.sonoraenequipo.com.mx\/avanza-sonora-en-erradicacion-del-trabajo-infantil\/\"},\"wordCount\":685,\"commentCount\":0,\"publisher\":{\"@id\":\"https:\/\/www.sonoraenequipo.com.mx\/#organization\"},\"image\":{\"@id\":\"https:\/\/www.sonoraenequipo.com.mx\/avanza-sonora-en-erradicacion-del-trabajo-infantil\/#primaryimage\"},\"thumbnailUrl\":\"https:\/\/www.sonoraenequipo.com.mx\/storage\/2018\/06\/diamundialtrabajoinfantil_opt.jpg\",\"articleSection\":[\"Destacadas\",\"Rep\u00fablica\"],\"inLanguage\":\"es\",\"potentialAction\":[{\"@type\":\"CommentAction\",\"name\":\"Comment\",\"target\":[\"https:\/\/www.sonoraenequipo.com.mx\/avanza-sonora-en-erradicacion-del-trabajo-infantil\/#respond\"]}]},{\"@type\":\"WebPage\",\"@id\":\"https:\/\/www.sonoraenequipo.com.mx\/avanza-sonora-en-erradicacion-del-trabajo-infantil\/\",\"url\":\"https:\/\/www.sonoraenequipo.com.mx\/avanza-sonora-en-erradicacion-del-trabajo-infantil\/\",\"name\":\"Sonora en Equipo. Avanza Sonora en erradicaci\u00f3n del Trabajo Infantil Destacadas\",\"isPartOf\":{\"@id\":\"https:\/\/www.sonoraenequipo.com.mx\/#website\"},\"primaryImageOfPage\":{\"@id\":\"https:\/\/www.sonoraenequipo.com.mx\/avanza-sonora-en-erradicacion-del-trabajo-infantil\/#primaryimage\"},\"image\":{\"@id\":\"https:\/\/www.sonoraenequipo.com.mx\/avanza-sonora-en-erradicacion-del-trabajo-infantil\/#primaryimage\"},\"thumbnailUrl\":\"https:\/\/www.sonoraenequipo.com.mx\/storage\/2018\/06\/diamundialtrabajoinfantil_opt.jpg\",\"datePublished\":\"2018-06-20T00:05:41+00:00\",\"dateModified\":\"2018-06-20T03:39:52+00:00\",\"description\":\"HERMOSILLO, SONORA. MX. \u2014 Sonora sigue siendo referente y l\u00edder en acciones para erradicar el trabajo infantil, asegur\u00f3 Horacio Valenzuela Ibarra, En Sonora en Equipo publicamos toda la informaci\u00f3n de Sonora, M\u00e9xico y el Mundo de manera oportuna y busca que la libertad de expresi\u00f3n sea real. Visita nuestro medio informativo publicado desde Hermosillo, Sonora. %\",\"breadcrumb\":{\"@id\":\"https:\/\/www.sonoraenequipo.com.mx\/avanza-sonora-en-erradicacion-del-trabajo-infantil\/#breadcrumb\"},\"inLanguage\":\"es\",\"potentialAction\":[{\"@type\":\"ReadAction\",\"target\":[\"https:\/\/www.sonoraenequipo.com.mx\/avanza-sonora-en-erradicacion-del-trabajo-infantil\/\"]}]},{\"@type\":\"ImageObject\",\"inLanguage\":\"es\",\"@id\":\"https:\/\/www.sonoraenequipo.com.mx\/avanza-sonora-en-erradicacion-del-trabajo-infantil\/#primaryimage\",\"url\":\"https:\/\/www.sonoraenequipo.com.mx\/storage\/2018\/06\/diamundialtrabajoinfantil_opt.jpg\",\"contentUrl\":\"https:\/\/www.sonoraenequipo.com.mx\/storage\/2018\/06\/diamundialtrabajoinfantil_opt.jpg\",\"width\":713,\"height\":400},{\"@type\":\"BreadcrumbList\",\"@id\":\"https:\/\/www.sonoraenequipo.com.mx\/avanza-sonora-en-erradicacion-del-trabajo-infantil\/#breadcrumb\",\"itemListElement\":[{\"@type\":\"ListItem\",\"position\":1,\"name\":\"Portada\",\"item\":\"https:\/\/www.sonoraenequipo.com.mx\/\"},{\"@type\":\"ListItem\",\"position\":2,\"name\":\"Avanza Sonora en erradicaci\u00f3n del Trabajo Infantil\"}]},{\"@type\":\"WebSite\",\"@id\":\"https:\/\/www.sonoraenequipo.com.mx\/#website\",\"url\":\"https:\/\/www.sonoraenequipo.com.mx\/\",\"name\":\"Sonora en Equipo.\",\"description\":\"Diario en l\u00ednea con Noticias desde Hermosillo, Sonora\",\"publisher\":{\"@id\":\"https:\/\/www.sonoraenequipo.com.mx\/#organization\"},\"potentialAction\":[{\"@type\":\"SearchAction\",\"target\":{\"@type\":\"EntryPoint\",\"urlTemplate\":\"https:\/\/www.sonoraenequipo.com.mx\/?s={search_term_string}\"},\"query-input\":{\"@type\":\"PropertyValueSpecification\",\"valueRequired\":true,\"valueName\":\"search_term_string\"}}],\"inLanguage\":\"es\"},{\"@type\":\"Organization\",\"@id\":\"https:\/\/www.sonoraenequipo.com.mx\/#organization\",\"name\":\"Sonoraenequipo.com.mx\",\"url\":\"https:\/\/www.sonoraenequipo.com.mx\/\",\"logo\":{\"@type\":\"ImageObject\",\"inLanguage\":\"es\",\"@id\":\"https:\/\/www.sonoraenequipo.com.mx\/#\/schema\/logo\/image\/\",\"url\":\"https:\/\/www.sonoraenequipo.com.mx\/storage\/2019\/01\/sonoraenequipo_opt.png\",\"contentUrl\":\"https:\/\/www.sonoraenequipo.com.mx\/storage\/2019\/01\/sonoraenequipo_opt.png\",\"width\":375,\"height\":125,\"caption\":\"Sonoraenequipo.com.mx\"},\"image\":{\"@id\":\"https:\/\/www.sonoraenequipo.com.mx\/#\/schema\/logo\/image\/\"},\"sameAs\":[\"https:\/\/www.facebook.com\/SonoraEE\/\",\"https:\/\/x.com\/sonoraenequipo\",\"https:\/\/www.youtube.com\/channel\/UC338nW-lPEYmJQs4ZABQ1SQ\"]},{\"@type\":\"Person\",\"@id\":\"https:\/\/www.sonoraenequipo.com.mx\/#\/schema\/person\/50102df0fb23a8fa9e8effad8fa81386\",\"name\":\"enequipo\",\"image\":{\"@type\":\"ImageObject\",\"inLanguage\":\"es\",\"@id\":\"https:\/\/www.sonoraenequipo.com.mx\/#\/schema\/person\/image\/\",\"url\":\"https:\/\/secure.gravatar.com\/avatar\/049821681b589dabc0bc20695993ccebb09f5b5d4d790cd9251b97faac7c652b?s=96&d=blank&r=g\",\"contentUrl\":\"https:\/\/secure.gravatar.com\/avatar\/049821681b589dabc0bc20695993ccebb09f5b5d4d790cd9251b97faac7c652b?s=96&d=blank&r=g\",\"caption\":\"enequipo\"},\"sameAs\":[\"https:\/\/www.facebook.com\/SonoraEE\"]}]}<\/script>\n ","yoast_head_json":{"title":"Sonora en Equipo. Avanza Sonora en erradicaci\u00f3n del Trabajo Infantil Destacadas","description":"HERMOSILLO, SONORA. MX. \u2014 Sonora sigue siendo referente y l\u00edder en acciones para erradicar el trabajo infantil, asegur\u00f3 Horacio Valenzuela Ibarra, En Sonora en Equipo publicamos toda la informaci\u00f3n de Sonora, M\u00e9xico y el Mundo de manera oportuna y busca que la libertad de expresi\u00f3n sea real. Visita nuestro medio informativo publicado desde Hermosillo, Sonora. %","robots":{"index":"index","follow":"follow","max-snippet":"max-snippet:-1","max-image-preview":"max-image-preview:large","max-video-preview":"max-video-preview:-1"},"canonical":"https:\/\/www.sonoraenequipo.com.mx\/avanza-sonora-en-erradicacion-del-trabajo-infantil\/","og_locale":"es_ES","og_type":"article","og_title":"Sonora en Equipo. Avanza Sonora en erradicaci\u00f3n del Trabajo Infantil Destacadas","og_description":"HERMOSILLO, SONORA. MX. \u2014 Sonora sigue siendo referente y l\u00edder en acciones para erradicar el trabajo infantil, asegur\u00f3 Horacio Valenzuela Ibarra, En Sonora en Equipo publicamos toda la informaci\u00f3n de Sonora, M\u00e9xico y el Mundo de manera oportuna y busca que la libertad de expresi\u00f3n sea real. Visita nuestro medio informativo publicado desde Hermosillo, Sonora. %","og_url":"https:\/\/www.sonoraenequipo.com.mx\/avanza-sonora-en-erradicacion-del-trabajo-infantil\/","og_site_name":"Sonora en Equipo.","article_publisher":"https:\/\/www.facebook.com\/SonoraEE\/","article_author":"https:\/\/www.facebook.com\/SonoraEE","article_published_time":"2018-06-20T00:05:41+00:00","article_modified_time":"2018-06-20T03:39:52+00:00","og_image":[{"width":713,"height":400,"url":"https:\/\/www.sonoraenequipo.com.mx\/storage\/2018\/06\/diamundialtrabajoinfantil_opt.jpg","type":"image\/jpeg"}],"author":"enequipo","twitter_card":"summary_large_image","twitter_creator":"@sonoraenequipo","twitter_site":"@sonoraenequipo","twitter_misc":{"Escrito por":"enequipo","Tiempo de lectura":"3 minutos"},"schema":{"@context":"https:\/\/schema.org","@graph":[{"@type":"Article","@id":"https:\/\/www.sonoraenequipo.com.mx\/avanza-sonora-en-erradicacion-del-trabajo-infantil\/#article","isPartOf":{"@id":"https:\/\/www.sonoraenequipo.com.mx\/avanza-sonora-en-erradicacion-del-trabajo-infantil\/"},"author":{"name":"enequipo","@id":"https:\/\/www.sonoraenequipo.com.mx\/#\/schema\/person\/50102df0fb23a8fa9e8effad8fa81386"},"headline":"Avanza Sonora en erradicaci\u00f3n del Trabajo Infantil","datePublished":"2018-06-20T00:05:41+00:00","dateModified":"2018-06-20T03:39:52+00:00","mainEntityOfPage":{"@id":"https:\/\/www.sonoraenequipo.com.mx\/avanza-sonora-en-erradicacion-del-trabajo-infantil\/"},"wordCount":685,"commentCount":0,"publisher":{"@id":"https:\/\/www.sonoraenequipo.com.mx\/#organization"},"image":{"@id":"https:\/\/www.sonoraenequipo.com.mx\/avanza-sonora-en-erradicacion-del-trabajo-infantil\/#primaryimage"},"thumbnailUrl":"https:\/\/www.sonoraenequipo.com.mx\/storage\/2018\/06\/diamundialtrabajoinfantil_opt.jpg","articleSection":["Destacadas","Rep\u00fablica"],"inLanguage":"es","potentialAction":[{"@type":"CommentAction","name":"Comment","target":["https:\/\/www.sonoraenequipo.com.mx\/avanza-sonora-en-erradicacion-del-trabajo-infantil\/#respond"]}]},{"@type":"WebPage","@id":"https:\/\/www.sonoraenequipo.com.mx\/avanza-sonora-en-erradicacion-del-trabajo-infantil\/","url":"https:\/\/www.sonoraenequipo.com.mx\/avanza-sonora-en-erradicacion-del-trabajo-infantil\/","name":"Sonora en Equipo. Avanza Sonora en erradicaci\u00f3n del Trabajo Infantil Destacadas","isPartOf":{"@id":"https:\/\/www.sonoraenequipo.com.mx\/#website"},"primaryImageOfPage":{"@id":"https:\/\/www.sonoraenequipo.com.mx\/avanza-sonora-en-erradicacion-del-trabajo-infantil\/#primaryimage"},"image":{"@id":"https:\/\/www.sonoraenequipo.com.mx\/avanza-sonora-en-erradicacion-del-trabajo-infantil\/#primaryimage"},"thumbnailUrl":"https:\/\/www.sonoraenequipo.com.mx\/storage\/2018\/06\/diamundialtrabajoinfantil_opt.jpg","datePublished":"2018-06-20T00:05:41+00:00","dateModified":"2018-06-20T03:39:52+00:00","description":"HERMOSILLO, SONORA. MX. \u2014 Sonora sigue siendo referente y l\u00edder en acciones para erradicar el trabajo infantil, asegur\u00f3 Horacio Valenzuela Ibarra, En Sonora en Equipo publicamos toda la informaci\u00f3n de Sonora, M\u00e9xico y el Mundo de manera oportuna y busca que la libertad de expresi\u00f3n sea real. Visita nuestro medio informativo publicado desde Hermosillo, Sonora. %","breadcrumb":{"@id":"https:\/\/www.sonoraenequipo.com.mx\/avanza-sonora-en-erradicacion-del-trabajo-infantil\/#breadcrumb"},"inLanguage":"es","potentialAction":[{"@type":"ReadAction","target":["https:\/\/www.sonoraenequipo.com.mx\/avanza-sonora-en-erradicacion-del-trabajo-infantil\/"]}]},{"@type":"ImageObject","inLanguage":"es","@id":"https:\/\/www.sonoraenequipo.com.mx\/avanza-sonora-en-erradicacion-del-trabajo-infantil\/#primaryimage","url":"https:\/\/www.sonoraenequipo.com.mx\/storage\/2018\/06\/diamundialtrabajoinfantil_opt.jpg","contentUrl":"https:\/\/www.sonoraenequipo.com.mx\/storage\/2018\/06\/diamundialtrabajoinfantil_opt.jpg","width":713,"height":400},{"@type":"BreadcrumbList","@id":"https:\/\/www.sonoraenequipo.com.mx\/avanza-sonora-en-erradicacion-del-trabajo-infantil\/#breadcrumb","itemListElement":[{"@type":"ListItem","position":1,"name":"Portada","item":"https:\/\/www.sonoraenequipo.com.mx\/"},{"@type":"ListItem","position":2,"name":"Avanza Sonora en erradicaci\u00f3n del Trabajo Infantil"}]},{"@type":"WebSite","@id":"https:\/\/www.sonoraenequipo.com.mx\/#website","url":"https:\/\/www.sonoraenequipo.com.mx\/","name":"Sonora en Equipo.","description":"Diario en l\u00ednea con Noticias desde Hermosillo, Sonora","publisher":{"@id":"https:\/\/www.sonoraenequipo.com.mx\/#organization"},"potentialAction":[{"@type":"SearchAction","target":{"@type":"EntryPoint","urlTemplate":"https:\/\/www.sonoraenequipo.com.mx\/?s={search_term_string}"},"query-input":{"@type":"PropertyValueSpecification","valueRequired":true,"valueName":"search_term_string"}}],"inLanguage":"es"},{"@type":"Organization","@id":"https:\/\/www.sonoraenequipo.com.mx\/#organization","name":"Sonoraenequipo.com.mx","url":"https:\/\/www.sonoraenequipo.com.mx\/","logo":{"@type":"ImageObject","inLanguage":"es","@id":"https:\/\/www.sonoraenequipo.com.mx\/#\/schema\/logo\/image\/","url":"https:\/\/www.sonoraenequipo.com.mx\/storage\/2019\/01\/sonoraenequipo_opt.png","contentUrl":"https:\/\/www.sonoraenequipo.com.mx\/storage\/2019\/01\/sonoraenequipo_opt.png","width":375,"height":125,"caption":"Sonoraenequipo.com.mx"},"image":{"@id":"https:\/\/www.sonoraenequipo.com.mx\/#\/schema\/logo\/image\/"},"sameAs":["https:\/\/www.facebook.com\/SonoraEE\/","https:\/\/x.com\/sonoraenequipo","https:\/\/www.youtube.com\/channel\/UC338nW-lPEYmJQs4ZABQ1SQ"]},{"@type":"Person","@id":"https:\/\/www.sonoraenequipo.com.mx\/#\/schema\/person\/50102df0fb23a8fa9e8effad8fa81386","name":"enequipo","image":{"@type":"ImageObject","inLanguage":"es","@id":"https:\/\/www.sonoraenequipo.com.mx\/#\/schema\/person\/image\/","url":"https:\/\/secure.gravatar.com\/avatar\/049821681b589dabc0bc20695993ccebb09f5b5d4d790cd9251b97faac7c652b?s=96&d=blank&r=g","contentUrl":"https:\/\/secure.gravatar.com\/avatar\/049821681b589dabc0bc20695993ccebb09f5b5d4d790cd9251b97faac7c652b?s=96&d=blank&r=g","caption":"enequipo"},"sameAs":["https:\/\/www.facebook.com\/SonoraEE"]}]}},"jetpack_featured_media_url":"https:\/\/www.sonoraenequipo.com.mx\/storage\/2018\/06\/diamundialtrabajoinfantil_opt.jpg","_links":{"self":[{"href":"https:\/\/www.sonoraenequipo.com.mx\/api\/wp\/v2\/posts\/39201","targetHints":{"allow":["GET"]}}],"collection":[{"href":"https:\/\/www.sonoraenequipo.com.mx\/api\/wp\/v2\/posts"}],"about":[{"href":"https:\/\/www.sonoraenequipo.com.mx\/api\/wp\/v2\/types\/post"}],"author":[{"embeddable":true,"href":"https:\/\/www.sonoraenequipo.com.mx\/api\/wp\/v2\/users\/1"}],"replies":[{"embeddable":true,"href":"https:\/\/www.sonoraenequipo.com.mx\/api\/wp\/v2\/comments?post=39201"}],"version-history":[{"count":0,"href":"https:\/\/www.sonoraenequipo.com.mx\/api\/wp\/v2\/posts\/39201\/revisions"}],"wp:featuredmedia":[{"embeddable":true,"href":"https:\/\/www.sonoraenequipo.com.mx\/api\/wp\/v2\/media\/39202"}],"wp:attachment":[{"href":"https:\/\/www.sonoraenequipo.com.mx\/api\/wp\/v2\/media?parent=39201"}],"wp:term":[{"taxonomy":"category","embeddable":true,"href":"https:\/\/www.sonoraenequipo.com.mx\/api\/wp\/v2\/categories?post=39201"},{"taxonomy":"post_tag","embeddable":true,"href":"https:\/\/www.sonoraenequipo.com.mx\/api\/wp\/v2\/tags?post=39201"}],"curies":[{"name":"wp","href":"https:\/\/api.w.org\/{rel}","templated":true}]}}