{"id":39255,"date":"2018-06-19T19:00:21","date_gmt":"2018-06-20T02:00:21","guid":{"rendered":"http:\/\/www.sonoraenequipo.com.mx\/?p=39255"},"modified":"2018-06-19T22:30:00","modified_gmt":"2018-06-20T05:30:00","slug":"eu-se-retira-del-consejo-de-derechos-humanos-de-la-onu","status":"publish","type":"post","link":"https:\/\/www.sonoraenequipo.com.mx\/eu-se-retira-del-consejo-de-derechos-humanos-de-la-onu\/","title":{"rendered":"EU se retira del Consejo de Derechos Humanos de la ONU"},"content":{"rendered":"<p>CIUDAD DE M\u00c9XICO. MX.\u2014 Estados Unidos se retir\u00f3 este martes 19 de junio del Consejo de Derechos Humanos de Naciones Unidas (ONU) al que acus\u00f3 de un \u00absesgo cr\u00f3nico contra Israel\u00bb, una medida que activistas advirtieron que dificultar\u00e1 a\u00fan m\u00e1s el avance de las garant\u00edas para las personas a nivel global.<\/p>\n<p> <\/p>\n<p>Acompa\u00f1ada del secretario de Estado Mike Pompeo, la embajadora de Washington ante Naciones Unidas, Nikki Haley, critic\u00f3 a Rusia, China, Cuba y Egipto por frustrar los esfuerzos de su pa\u00eds para reformar el consejo. Adem\u00e1s, carg\u00f3 contra naciones que dijo que comparten valores con Estados Unidos pero siguen \u00absin voluntad de cambiar el status quo\u00bb.<\/p>\n<p>Estados Unidos, que est\u00e1 a medio camino de su periodo de tres a\u00f1os como miembro del consejo de derechos humanos, ya hab\u00eda amenazado en reiteradas ocasiones con retirarse si no hab\u00eda una reforma, ya que acusa a la entidad compuesta por 47 pa\u00edses de adoptar pol\u00edticas en contra de Israel.<\/p>\n<p><em>\u00abMiren a los miembros del consejo y ver\u00e1n una terrible falta de respeto por los derechos m\u00e1s b\u00e1sicos\u00bb<\/em>, dijo Haley, que mencion\u00f3 a Venezuela, China, Cuba y la Rep\u00fablica Democr\u00e1tica del Congo.<\/p>\n<p>Haley tambi\u00e9n dijo que el <em>\u00abfoco desproporcionado y la hostilidad sin fin hacia Israel es una prueba clara de que el consejo est\u00e1 motivado por prejuicios pol\u00edticos y no por los derechos humanos\u00bb.<\/p>\n<p><\/em><\/p>\n<p>El retiro de Washington es el m\u00e1s reciente rechazo de Estados Unidos a esfuerzos multilaterales, despu\u00e9s de que abandon\u00f3 el acuerdo clim\u00e1tico de Par\u00eds y un tratado nuclear sobre Ir\u00e1n.<\/p>\n<p>Tambi\u00e9n ocurre cuando Estados Unidos enfrenta intensas cr\u00edticas por la detenci\u00f3n de ni\u00f1os separados de sus padres inmigrantes en la frontera con M\u00e9xico. El Alto Comisionado de la ONU para los Derechos Humanos, Zeid Ra&#8217;ad al-Hussein, pidi\u00f3 el lunes a Washington que detenga su pol\u00edtica \u00abinadmisible\u00bb.<\/p>\n<p>Grupos de defensa de los derechos humanos han criticado al Gobierno de Trump por no priorizar su promoci\u00f3n como parte de su pol\u00edtica exterior. Sus cr\u00edticos dicen que env\u00eda el mensaje de que su administraci\u00f3n ha decidido ignorar los abusos cometidos en algunas partes del mundo.<\/p>\n<p>Haley dijo que el retiro de Estados Unidos del organismo no es un \u00abalejamiento de nuestros compromisos con los derechos humanos\u00bb.<\/p>\n<p>(Fecha de publicaci\u00f3n 19062018)<\/p>\n","protected":false},"excerpt":{"rendered":"<p>CIUDAD DE M\u00c9XICO. MX.\u2014 Estados Unidos se retir\u00f3 este martes 19 de junio del Consejo&#8230;<\/p>\n","protected":false},"author":1,"featured_media":39256,"comment_status":"open","ping_status":"open","sticky":false,"template":"","format":"standard","meta":{"_monsterinsights_skip_tracking":false,"_monsterinsights_sitenote_active":false,"_monsterinsights_sitenote_note":"","_monsterinsights_sitenote_category":0,"footnotes":""},"categories":[13,3],"tags":[],"class_list":["post"],"yoast_head":" \n<title>Sonora en Equipo. EU se retira del Consejo de Derechos Humanos de la ONU Destacadas<\/title>\n<meta name=\"description\" content=\"CIUDAD DE M\u00c9XICO. MX.\u2014 Estados Unidos se retir\u00f3 este martes 19 de junio del Consejo de Derechos Humanos de Naciones Unidas (ONU) al que acus\u00f3 de un &quot;sesgo En Sonora en Equipo publicamos toda la informaci\u00f3n de Sonora, M\u00e9xico y el Mundo de manera oportuna y busca que la libertad de expresi\u00f3n sea real. Visita nuestro medio informativo publicado desde Hermosillo, Sonora. %\" \/>\n<meta name=\"robots\" content=\"index, follow, max-snippet:-1, max-image-preview:large, max-video-preview:-1\" \/>\n<link rel=\"canonical\" href=\"https:\/\/www.sonoraenequipo.com.mx\/eu-se-retira-del-consejo-de-derechos-humanos-de-la-onu\/\" \/>\n<meta property=\"og:locale\" content=\"es_ES\" \/>\n<meta property=\"og:type\" content=\"article\" \/>\n<meta property=\"og:title\" content=\"Sonora en Equipo. EU se retira del Consejo de Derechos Humanos de la ONU Destacadas\" \/>\n<meta property=\"og:description\" content=\"CIUDAD DE M\u00c9XICO. MX.\u2014 Estados Unidos se retir\u00f3 este martes 19 de junio del Consejo de Derechos Humanos de Naciones Unidas (ONU) al que acus\u00f3 de un &quot;sesgo En Sonora en Equipo publicamos toda la informaci\u00f3n de Sonora, M\u00e9xico y el Mundo de manera oportuna y busca que la libertad de expresi\u00f3n sea real. Visita nuestro medio informativo publicado desde Hermosillo, Sonora. %\" \/>\n<meta property=\"og:url\" content=\"https:\/\/www.sonoraenequipo.com.mx\/eu-se-retira-del-consejo-de-derechos-humanos-de-la-onu\/\" \/>\n<meta property=\"og:site_name\" content=\"Sonora en Equipo.\" \/>\n<meta property=\"article:publisher\" content=\"https:\/\/www.facebook.com\/SonoraEE\/\" \/>\n<meta property=\"article:author\" content=\"https:\/\/www.facebook.com\/SonoraEE\" \/>\n<meta property=\"article:published_time\" content=\"2018-06-20T02:00:21+00:00\" \/>\n<meta property=\"article:modified_time\" content=\"2018-06-20T05:30:00+00:00\" \/>\n<meta property=\"og:image\" content=\"https:\/\/www.sonoraenequipo.com.mx\/storage\/2018\/06\/Nikki-Haley_opt.jpg\" \/>\n\t<meta property=\"og:image:width\" content=\"751\" \/>\n\t<meta property=\"og:image:height\" content=\"500\" \/>\n\t<meta property=\"og:image:type\" content=\"image\/jpeg\" \/>\n<meta name=\"author\" content=\"enequipo\" \/>\n<meta name=\"twitter:card\" content=\"summary_large_image\" \/>\n<meta name=\"twitter:creator\" content=\"@sonoraenequipo\" \/>\n<meta name=\"twitter:site\" content=\"@sonoraenequipo\" \/>\n<meta name=\"twitter:label1\" content=\"Escrito por\" \/>\n\t<meta name=\"twitter:data1\" content=\"enequipo\" \/>\n\t<meta name=\"twitter:label2\" content=\"Tiempo de lectura\" \/>\n\t<meta name=\"twitter:data2\" content=\"2 minutos\" \/>\n<script type=\"application\/ld+json\" class=\"yoast-schema-graph\">{\"@context\":\"https:\/\/schema.org\",\"@graph\":[{\"@type\":\"Article\",\"@id\":\"https:\/\/www.sonoraenequipo.com.mx\/eu-se-retira-del-consejo-de-derechos-humanos-de-la-onu\/#article\",\"isPartOf\":{\"@id\":\"https:\/\/www.sonoraenequipo.com.mx\/eu-se-retira-del-consejo-de-derechos-humanos-de-la-onu\/\"},\"author\":{\"name\":\"enequipo\",\"@id\":\"https:\/\/www.sonoraenequipo.com.mx\/#\/schema\/person\/50102df0fb23a8fa9e8effad8fa81386\"},\"headline\":\"EU se retira del Consejo de Derechos Humanos de la ONU\",\"datePublished\":\"2018-06-20T02:00:21+00:00\",\"dateModified\":\"2018-06-20T05:30:00+00:00\",\"mainEntityOfPage\":{\"@id\":\"https:\/\/www.sonoraenequipo.com.mx\/eu-se-retira-del-consejo-de-derechos-humanos-de-la-onu\/\"},\"wordCount\":414,\"commentCount\":0,\"publisher\":{\"@id\":\"https:\/\/www.sonoraenequipo.com.mx\/#organization\"},\"image\":{\"@id\":\"https:\/\/www.sonoraenequipo.com.mx\/eu-se-retira-del-consejo-de-derechos-humanos-de-la-onu\/#primaryimage\"},\"thumbnailUrl\":\"https:\/\/www.sonoraenequipo.com.mx\/storage\/2018\/06\/Nikki-Haley_opt.jpg\",\"articleSection\":[\"Destacadas\",\"MUNDO\"],\"inLanguage\":\"es\",\"potentialAction\":[{\"@type\":\"CommentAction\",\"name\":\"Comment\",\"target\":[\"https:\/\/www.sonoraenequipo.com.mx\/eu-se-retira-del-consejo-de-derechos-humanos-de-la-onu\/#respond\"]}]},{\"@type\":\"WebPage\",\"@id\":\"https:\/\/www.sonoraenequipo.com.mx\/eu-se-retira-del-consejo-de-derechos-humanos-de-la-onu\/\",\"url\":\"https:\/\/www.sonoraenequipo.com.mx\/eu-se-retira-del-consejo-de-derechos-humanos-de-la-onu\/\",\"name\":\"Sonora en Equipo. EU se retira del Consejo de Derechos Humanos de la ONU Destacadas\",\"isPartOf\":{\"@id\":\"https:\/\/www.sonoraenequipo.com.mx\/#website\"},\"primaryImageOfPage\":{\"@id\":\"https:\/\/www.sonoraenequipo.com.mx\/eu-se-retira-del-consejo-de-derechos-humanos-de-la-onu\/#primaryimage\"},\"image\":{\"@id\":\"https:\/\/www.sonoraenequipo.com.mx\/eu-se-retira-del-consejo-de-derechos-humanos-de-la-onu\/#primaryimage\"},\"thumbnailUrl\":\"https:\/\/www.sonoraenequipo.com.mx\/storage\/2018\/06\/Nikki-Haley_opt.jpg\",\"datePublished\":\"2018-06-20T02:00:21+00:00\",\"dateModified\":\"2018-06-20T05:30:00+00:00\",\"description\":\"CIUDAD DE M\u00c9XICO. MX.\u2014 Estados Unidos se retir\u00f3 este martes 19 de junio del Consejo de Derechos Humanos de Naciones Unidas (ONU) al que acus\u00f3 de un \\\"sesgo En Sonora en Equipo publicamos toda la informaci\u00f3n de Sonora, M\u00e9xico y el Mundo de manera oportuna y busca que la libertad de expresi\u00f3n sea real. Visita nuestro medio informativo publicado desde Hermosillo, Sonora. %\",\"breadcrumb\":{\"@id\":\"https:\/\/www.sonoraenequipo.com.mx\/eu-se-retira-del-consejo-de-derechos-humanos-de-la-onu\/#breadcrumb\"},\"inLanguage\":\"es\",\"potentialAction\":[{\"@type\":\"ReadAction\",\"target\":[\"https:\/\/www.sonoraenequipo.com.mx\/eu-se-retira-del-consejo-de-derechos-humanos-de-la-onu\/\"]}]},{\"@type\":\"ImageObject\",\"inLanguage\":\"es\",\"@id\":\"https:\/\/www.sonoraenequipo.com.mx\/eu-se-retira-del-consejo-de-derechos-humanos-de-la-onu\/#primaryimage\",\"url\":\"https:\/\/www.sonoraenequipo.com.mx\/storage\/2018\/06\/Nikki-Haley_opt.jpg\",\"contentUrl\":\"https:\/\/www.sonoraenequipo.com.mx\/storage\/2018\/06\/Nikki-Haley_opt.jpg\",\"width\":751,\"height\":500},{\"@type\":\"BreadcrumbList\",\"@id\":\"https:\/\/www.sonoraenequipo.com.mx\/eu-se-retira-del-consejo-de-derechos-humanos-de-la-onu\/#breadcrumb\",\"itemListElement\":[{\"@type\":\"ListItem\",\"position\":1,\"name\":\"Portada\",\"item\":\"https:\/\/www.sonoraenequipo.com.mx\/\"},{\"@type\":\"ListItem\",\"position\":2,\"name\":\"EU se retira del Consejo de Derechos Humanos de la ONU\"}]},{\"@type\":\"WebSite\",\"@id\":\"https:\/\/www.sonoraenequipo.com.mx\/#website\",\"url\":\"https:\/\/www.sonoraenequipo.com.mx\/\",\"name\":\"Sonora en Equipo.\",\"description\":\"Diario en l\u00ednea con Noticias desde Hermosillo, Sonora\",\"publisher\":{\"@id\":\"https:\/\/www.sonoraenequipo.com.mx\/#organization\"},\"potentialAction\":[{\"@type\":\"SearchAction\",\"target\":{\"@type\":\"EntryPoint\",\"urlTemplate\":\"https:\/\/www.sonoraenequipo.com.mx\/?s={search_term_string}\"},\"query-input\":{\"@type\":\"PropertyValueSpecification\",\"valueRequired\":true,\"valueName\":\"search_term_string\"}}],\"inLanguage\":\"es\"},{\"@type\":\"Organization\",\"@id\":\"https:\/\/www.sonoraenequipo.com.mx\/#organization\",\"name\":\"Sonoraenequipo.com.mx\",\"url\":\"https:\/\/www.sonoraenequipo.com.mx\/\",\"logo\":{\"@type\":\"ImageObject\",\"inLanguage\":\"es\",\"@id\":\"https:\/\/www.sonoraenequipo.com.mx\/#\/schema\/logo\/image\/\",\"url\":\"https:\/\/www.sonoraenequipo.com.mx\/storage\/2019\/01\/sonoraenequipo_opt.png\",\"contentUrl\":\"https:\/\/www.sonoraenequipo.com.mx\/storage\/2019\/01\/sonoraenequipo_opt.png\",\"width\":375,\"height\":125,\"caption\":\"Sonoraenequipo.com.mx\"},\"image\":{\"@id\":\"https:\/\/www.sonoraenequipo.com.mx\/#\/schema\/logo\/image\/\"},\"sameAs\":[\"https:\/\/www.facebook.com\/SonoraEE\/\",\"https:\/\/x.com\/sonoraenequipo\",\"https:\/\/www.youtube.com\/channel\/UC338nW-lPEYmJQs4ZABQ1SQ\"]},{\"@type\":\"Person\",\"@id\":\"https:\/\/www.sonoraenequipo.com.mx\/#\/schema\/person\/50102df0fb23a8fa9e8effad8fa81386\",\"name\":\"enequipo\",\"image\":{\"@type\":\"ImageObject\",\"inLanguage\":\"es\",\"@id\":\"https:\/\/www.sonoraenequipo.com.mx\/#\/schema\/person\/image\/\",\"url\":\"https:\/\/secure.gravatar.com\/avatar\/049821681b589dabc0bc20695993ccebb09f5b5d4d790cd9251b97faac7c652b?s=96&d=blank&r=g\",\"contentUrl\":\"https:\/\/secure.gravatar.com\/avatar\/049821681b589dabc0bc20695993ccebb09f5b5d4d790cd9251b97faac7c652b?s=96&d=blank&r=g\",\"caption\":\"enequipo\"},\"sameAs\":[\"https:\/\/www.facebook.com\/SonoraEE\"]}]}<\/script>\n ","yoast_head_json":{"title":"Sonora en Equipo. EU se retira del Consejo de Derechos Humanos de la ONU Destacadas","description":"CIUDAD DE M\u00c9XICO. MX.\u2014 Estados Unidos se retir\u00f3 este martes 19 de junio del Consejo de Derechos Humanos de Naciones Unidas (ONU) al que acus\u00f3 de un \"sesgo En Sonora en Equipo publicamos toda la informaci\u00f3n de Sonora, M\u00e9xico y el Mundo de manera oportuna y busca que la libertad de expresi\u00f3n sea real. Visita nuestro medio informativo publicado desde Hermosillo, Sonora. %","robots":{"index":"index","follow":"follow","max-snippet":"max-snippet:-1","max-image-preview":"max-image-preview:large","max-video-preview":"max-video-preview:-1"},"canonical":"https:\/\/www.sonoraenequipo.com.mx\/eu-se-retira-del-consejo-de-derechos-humanos-de-la-onu\/","og_locale":"es_ES","og_type":"article","og_title":"Sonora en Equipo. EU se retira del Consejo de Derechos Humanos de la ONU Destacadas","og_description":"CIUDAD DE M\u00c9XICO. MX.\u2014 Estados Unidos se retir\u00f3 este martes 19 de junio del Consejo de Derechos Humanos de Naciones Unidas (ONU) al que acus\u00f3 de un \"sesgo En Sonora en Equipo publicamos toda la informaci\u00f3n de Sonora, M\u00e9xico y el Mundo de manera oportuna y busca que la libertad de expresi\u00f3n sea real. Visita nuestro medio informativo publicado desde Hermosillo, Sonora. %","og_url":"https:\/\/www.sonoraenequipo.com.mx\/eu-se-retira-del-consejo-de-derechos-humanos-de-la-onu\/","og_site_name":"Sonora en Equipo.","article_publisher":"https:\/\/www.facebook.com\/SonoraEE\/","article_author":"https:\/\/www.facebook.com\/SonoraEE","article_published_time":"2018-06-20T02:00:21+00:00","article_modified_time":"2018-06-20T05:30:00+00:00","og_image":[{"width":751,"height":500,"url":"https:\/\/www.sonoraenequipo.com.mx\/storage\/2018\/06\/Nikki-Haley_opt.jpg","type":"image\/jpeg"}],"author":"enequipo","twitter_card":"summary_large_image","twitter_creator":"@sonoraenequipo","twitter_site":"@sonoraenequipo","twitter_misc":{"Escrito por":"enequipo","Tiempo de lectura":"2 minutos"},"schema":{"@context":"https:\/\/schema.org","@graph":[{"@type":"Article","@id":"https:\/\/www.sonoraenequipo.com.mx\/eu-se-retira-del-consejo-de-derechos-humanos-de-la-onu\/#article","isPartOf":{"@id":"https:\/\/www.sonoraenequipo.com.mx\/eu-se-retira-del-consejo-de-derechos-humanos-de-la-onu\/"},"author":{"name":"enequipo","@id":"https:\/\/www.sonoraenequipo.com.mx\/#\/schema\/person\/50102df0fb23a8fa9e8effad8fa81386"},"headline":"EU se retira del Consejo de Derechos Humanos de la ONU","datePublished":"2018-06-20T02:00:21+00:00","dateModified":"2018-06-20T05:30:00+00:00","mainEntityOfPage":{"@id":"https:\/\/www.sonoraenequipo.com.mx\/eu-se-retira-del-consejo-de-derechos-humanos-de-la-onu\/"},"wordCount":414,"commentCount":0,"publisher":{"@id":"https:\/\/www.sonoraenequipo.com.mx\/#organization"},"image":{"@id":"https:\/\/www.sonoraenequipo.com.mx\/eu-se-retira-del-consejo-de-derechos-humanos-de-la-onu\/#primaryimage"},"thumbnailUrl":"https:\/\/www.sonoraenequipo.com.mx\/storage\/2018\/06\/Nikki-Haley_opt.jpg","articleSection":["Destacadas","MUNDO"],"inLanguage":"es","potentialAction":[{"@type":"CommentAction","name":"Comment","target":["https:\/\/www.sonoraenequipo.com.mx\/eu-se-retira-del-consejo-de-derechos-humanos-de-la-onu\/#respond"]}]},{"@type":"WebPage","@id":"https:\/\/www.sonoraenequipo.com.mx\/eu-se-retira-del-consejo-de-derechos-humanos-de-la-onu\/","url":"https:\/\/www.sonoraenequipo.com.mx\/eu-se-retira-del-consejo-de-derechos-humanos-de-la-onu\/","name":"Sonora en Equipo. EU se retira del Consejo de Derechos Humanos de la ONU Destacadas","isPartOf":{"@id":"https:\/\/www.sonoraenequipo.com.mx\/#website"},"primaryImageOfPage":{"@id":"https:\/\/www.sonoraenequipo.com.mx\/eu-se-retira-del-consejo-de-derechos-humanos-de-la-onu\/#primaryimage"},"image":{"@id":"https:\/\/www.sonoraenequipo.com.mx\/eu-se-retira-del-consejo-de-derechos-humanos-de-la-onu\/#primaryimage"},"thumbnailUrl":"https:\/\/www.sonoraenequipo.com.mx\/storage\/2018\/06\/Nikki-Haley_opt.jpg","datePublished":"2018-06-20T02:00:21+00:00","dateModified":"2018-06-20T05:30:00+00:00","description":"CIUDAD DE M\u00c9XICO. MX.\u2014 Estados Unidos se retir\u00f3 este martes 19 de junio del Consejo de Derechos Humanos de Naciones Unidas (ONU) al que acus\u00f3 de un \"sesgo En Sonora en Equipo publicamos toda la informaci\u00f3n de Sonora, M\u00e9xico y el Mundo de manera oportuna y busca que la libertad de expresi\u00f3n sea real. Visita nuestro medio informativo publicado desde Hermosillo, Sonora. %","breadcrumb":{"@id":"https:\/\/www.sonoraenequipo.com.mx\/eu-se-retira-del-consejo-de-derechos-humanos-de-la-onu\/#breadcrumb"},"inLanguage":"es","potentialAction":[{"@type":"ReadAction","target":["https:\/\/www.sonoraenequipo.com.mx\/eu-se-retira-del-consejo-de-derechos-humanos-de-la-onu\/"]}]},{"@type":"ImageObject","inLanguage":"es","@id":"https:\/\/www.sonoraenequipo.com.mx\/eu-se-retira-del-consejo-de-derechos-humanos-de-la-onu\/#primaryimage","url":"https:\/\/www.sonoraenequipo.com.mx\/storage\/2018\/06\/Nikki-Haley_opt.jpg","contentUrl":"https:\/\/www.sonoraenequipo.com.mx\/storage\/2018\/06\/Nikki-Haley_opt.jpg","width":751,"height":500},{"@type":"BreadcrumbList","@id":"https:\/\/www.sonoraenequipo.com.mx\/eu-se-retira-del-consejo-de-derechos-humanos-de-la-onu\/#breadcrumb","itemListElement":[{"@type":"ListItem","position":1,"name":"Portada","item":"https:\/\/www.sonoraenequipo.com.mx\/"},{"@type":"ListItem","position":2,"name":"EU se retira del Consejo de Derechos Humanos de la ONU"}]},{"@type":"WebSite","@id":"https:\/\/www.sonoraenequipo.com.mx\/#website","url":"https:\/\/www.sonoraenequipo.com.mx\/","name":"Sonora en Equipo.","description":"Diario en l\u00ednea con Noticias desde Hermosillo, Sonora","publisher":{"@id":"https:\/\/www.sonoraenequipo.com.mx\/#organization"},"potentialAction":[{"@type":"SearchAction","target":{"@type":"EntryPoint","urlTemplate":"https:\/\/www.sonoraenequipo.com.mx\/?s={search_term_string}"},"query-input":{"@type":"PropertyValueSpecification","valueRequired":true,"valueName":"search_term_string"}}],"inLanguage":"es"},{"@type":"Organization","@id":"https:\/\/www.sonoraenequipo.com.mx\/#organization","name":"Sonoraenequipo.com.mx","url":"https:\/\/www.sonoraenequipo.com.mx\/","logo":{"@type":"ImageObject","inLanguage":"es","@id":"https:\/\/www.sonoraenequipo.com.mx\/#\/schema\/logo\/image\/","url":"https:\/\/www.sonoraenequipo.com.mx\/storage\/2019\/01\/sonoraenequipo_opt.png","contentUrl":"https:\/\/www.sonoraenequipo.com.mx\/storage\/2019\/01\/sonoraenequipo_opt.png","width":375,"height":125,"caption":"Sonoraenequipo.com.mx"},"image":{"@id":"https:\/\/www.sonoraenequipo.com.mx\/#\/schema\/logo\/image\/"},"sameAs":["https:\/\/www.facebook.com\/SonoraEE\/","https:\/\/x.com\/sonoraenequipo","https:\/\/www.youtube.com\/channel\/UC338nW-lPEYmJQs4ZABQ1SQ"]},{"@type":"Person","@id":"https:\/\/www.sonoraenequipo.com.mx\/#\/schema\/person\/50102df0fb23a8fa9e8effad8fa81386","name":"enequipo","image":{"@type":"ImageObject","inLanguage":"es","@id":"https:\/\/www.sonoraenequipo.com.mx\/#\/schema\/person\/image\/","url":"https:\/\/secure.gravatar.com\/avatar\/049821681b589dabc0bc20695993ccebb09f5b5d4d790cd9251b97faac7c652b?s=96&d=blank&r=g","contentUrl":"https:\/\/secure.gravatar.com\/avatar\/049821681b589dabc0bc20695993ccebb09f5b5d4d790cd9251b97faac7c652b?s=96&d=blank&r=g","caption":"enequipo"},"sameAs":["https:\/\/www.facebook.com\/SonoraEE"]}]}},"jetpack_featured_media_url":"https:\/\/www.sonoraenequipo.com.mx\/storage\/2018\/06\/Nikki-Haley_opt.jpg","_links":{"self":[{"href":"https:\/\/www.sonoraenequipo.com.mx\/api\/wp\/v2\/posts\/39255","targetHints":{"allow":["GET"]}}],"collection":[{"href":"https:\/\/www.sonoraenequipo.com.mx\/api\/wp\/v2\/posts"}],"about":[{"href":"https:\/\/www.sonoraenequipo.com.mx\/api\/wp\/v2\/types\/post"}],"author":[{"embeddable":true,"href":"https:\/\/www.sonoraenequipo.com.mx\/api\/wp\/v2\/users\/1"}],"replies":[{"embeddable":true,"href":"https:\/\/www.sonoraenequipo.com.mx\/api\/wp\/v2\/comments?post=39255"}],"version-history":[{"count":0,"href":"https:\/\/www.sonoraenequipo.com.mx\/api\/wp\/v2\/posts\/39255\/revisions"}],"wp:featuredmedia":[{"embeddable":true,"href":"https:\/\/www.sonoraenequipo.com.mx\/api\/wp\/v2\/media\/39256"}],"wp:attachment":[{"href":"https:\/\/www.sonoraenequipo.com.mx\/api\/wp\/v2\/media?parent=39255"}],"wp:term":[{"taxonomy":"category","embeddable":true,"href":"https:\/\/www.sonoraenequipo.com.mx\/api\/wp\/v2\/categories?post=39255"},{"taxonomy":"post_tag","embeddable":true,"href":"https:\/\/www.sonoraenequipo.com.mx\/api\/wp\/v2\/tags?post=39255"}],"curies":[{"name":"wp","href":"https:\/\/api.w.org\/{rel}","templated":true}]}}