{"id":39278,"date":"2018-06-20T15:10:54","date_gmt":"2018-06-20T22:10:54","guid":{"rendered":"http:\/\/www.sonoraenequipo.com.mx\/?p=39278"},"modified":"2018-06-20T17:56:58","modified_gmt":"2018-06-21T00:56:58","slug":"aseguran-que-carlos-villalobos-tramito-nuevo-amparo-para-evitar-extradicion-a-mexico","status":"publish","type":"post","link":"https:\/\/www.sonoraenequipo.com.mx\/aseguran-que-carlos-villalobos-tramito-nuevo-amparo-para-evitar-extradicion-a-mexico\/","title":{"rendered":"Aseguran que Carlos Villalobos tramit\u00f3 nuevo amparo para evitar extradici\u00f3n a M\u00e9xico"},"content":{"rendered":"<p>Este d\u00eda v\u00eda las redes sociales circul\u00f3 la versi\u00f3n que Carlos Villalobos Organista ex secretario de hacienda durante el sexenio del ex gobernador panista de Sonora Guillermo Padr\u00e9s, tramit\u00f3 un nuevo amparo para evitar su extradici\u00f3n de Estados Unidos a M\u00e9xico bajo el expediente 855\/2018 anteJuez Segundo de Distrito.<\/p>\n<p> <\/p>\n<p>Desde 2017 el ex funcionario, quien se encuentra detenido en Arizona, se la ha llevado interponiendo amparos para evadir su extradici\u00f3n.<\/p>\n<p>(Fecha de publicaci\u00f3n 20062018)<\/p>\n","protected":false},"excerpt":{"rendered":"<p>Este d\u00eda v\u00eda las redes sociales circul\u00f3 la versi\u00f3n que Carlos Villalobos Organista ex secretario&#8230;<\/p>\n","protected":false},"author":1,"featured_media":39279,"comment_status":"open","ping_status":"open","sticky":false,"template":"","format":"standard","meta":{"_monsterinsights_skip_tracking":false,"_monsterinsights_sitenote_active":false,"_monsterinsights_sitenote_note":"","_monsterinsights_sitenote_category":0,"footnotes":""},"categories":[13,1],"tags":[],"class_list":["post"],"yoast_head":" \n<title>Sonora en Equipo. Aseguran que Carlos Villalobos tramit\u00f3 nuevo amparo para evitar extradici\u00f3n a M\u00e9xico Destacadas<\/title>\n<meta name=\"description\" content=\"Este d\u00eda v\u00eda las redes sociales circul\u00f3 la versi\u00f3n que Carlos Villalobos Organista ex secretario de hacienda durante el sexenio del ex gobernador panista En Sonora en Equipo publicamos toda la informaci\u00f3n de Sonora, M\u00e9xico y el Mundo de manera oportuna y busca que la libertad de expresi\u00f3n sea real. Visita nuestro medio informativo publicado desde Hermosillo, Sonora. %\" \/>\n<meta name=\"robots\" content=\"index, follow, max-snippet:-1, max-image-preview:large, max-video-preview:-1\" \/>\n<link rel=\"canonical\" href=\"https:\/\/www.sonoraenequipo.com.mx\/aseguran-que-carlos-villalobos-tramito-nuevo-amparo-para-evitar-extradicion-a-mexico\/\" \/>\n<meta property=\"og:locale\" content=\"es_ES\" \/>\n<meta property=\"og:type\" content=\"article\" \/>\n<meta property=\"og:title\" content=\"Sonora en Equipo. Aseguran que Carlos Villalobos tramit\u00f3 nuevo amparo para evitar extradici\u00f3n a M\u00e9xico Destacadas\" \/>\n<meta property=\"og:description\" content=\"Este d\u00eda v\u00eda las redes sociales circul\u00f3 la versi\u00f3n que Carlos Villalobos Organista ex secretario de hacienda durante el sexenio del ex gobernador panista En Sonora en Equipo publicamos toda la informaci\u00f3n de Sonora, M\u00e9xico y el Mundo de manera oportuna y busca que la libertad de expresi\u00f3n sea real. Visita nuestro medio informativo publicado desde Hermosillo, Sonora. %\" \/>\n<meta property=\"og:url\" content=\"https:\/\/www.sonoraenequipo.com.mx\/aseguran-que-carlos-villalobos-tramito-nuevo-amparo-para-evitar-extradicion-a-mexico\/\" \/>\n<meta property=\"og:site_name\" content=\"Sonora en Equipo.\" \/>\n<meta property=\"article:publisher\" content=\"https:\/\/www.facebook.com\/SonoraEE\/\" \/>\n<meta property=\"article:author\" content=\"https:\/\/www.facebook.com\/SonoraEE\" \/>\n<meta property=\"article:published_time\" content=\"2018-06-20T22:10:54+00:00\" \/>\n<meta property=\"article:modified_time\" content=\"2018-06-21T00:56:58+00:00\" \/>\n<meta property=\"og:image\" content=\"https:\/\/www.sonoraenequipo.com.mx\/storage\/2018\/06\/carlos-villalobos-organista_opt.jpg\" \/>\n\t<meta property=\"og:image:width\" content=\"805\" \/>\n\t<meta property=\"og:image:height\" content=\"452\" \/>\n\t<meta property=\"og:image:type\" content=\"image\/jpeg\" \/>\n<meta name=\"author\" content=\"enequipo\" \/>\n<meta name=\"twitter:card\" content=\"summary_large_image\" \/>\n<meta name=\"twitter:creator\" content=\"@sonoraenequipo\" \/>\n<meta name=\"twitter:site\" content=\"@sonoraenequipo\" \/>\n<meta name=\"twitter:label1\" content=\"Escrito por\" \/>\n\t<meta name=\"twitter:data1\" content=\"enequipo\" \/>\n<script type=\"application\/ld+json\" class=\"yoast-schema-graph\">{\"@context\":\"https:\/\/schema.org\",\"@graph\":[{\"@type\":\"Article\",\"@id\":\"https:\/\/www.sonoraenequipo.com.mx\/aseguran-que-carlos-villalobos-tramito-nuevo-amparo-para-evitar-extradicion-a-mexico\/#article\",\"isPartOf\":{\"@id\":\"https:\/\/www.sonoraenequipo.com.mx\/aseguran-que-carlos-villalobos-tramito-nuevo-amparo-para-evitar-extradicion-a-mexico\/\"},\"author\":{\"name\":\"enequipo\",\"@id\":\"https:\/\/www.sonoraenequipo.com.mx\/#\/schema\/person\/50102df0fb23a8fa9e8effad8fa81386\"},\"headline\":\"Aseguran que Carlos Villalobos tramit\u00f3 nuevo amparo para evitar extradici\u00f3n a M\u00e9xico\",\"datePublished\":\"2018-06-20T22:10:54+00:00\",\"dateModified\":\"2018-06-21T00:56:58+00:00\",\"mainEntityOfPage\":{\"@id\":\"https:\/\/www.sonoraenequipo.com.mx\/aseguran-que-carlos-villalobos-tramito-nuevo-amparo-para-evitar-extradicion-a-mexico\/\"},\"wordCount\":93,\"commentCount\":0,\"publisher\":{\"@id\":\"https:\/\/www.sonoraenequipo.com.mx\/#organization\"},\"image\":{\"@id\":\"https:\/\/www.sonoraenequipo.com.mx\/aseguran-que-carlos-villalobos-tramito-nuevo-amparo-para-evitar-extradicion-a-mexico\/#primaryimage\"},\"thumbnailUrl\":\"https:\/\/www.sonoraenequipo.com.mx\/storage\/2018\/06\/carlos-villalobos-organista_opt.jpg\",\"articleSection\":[\"Destacadas\",\"Sin categorizar\"],\"inLanguage\":\"es\",\"potentialAction\":[{\"@type\":\"CommentAction\",\"name\":\"Comment\",\"target\":[\"https:\/\/www.sonoraenequipo.com.mx\/aseguran-que-carlos-villalobos-tramito-nuevo-amparo-para-evitar-extradicion-a-mexico\/#respond\"]}]},{\"@type\":\"WebPage\",\"@id\":\"https:\/\/www.sonoraenequipo.com.mx\/aseguran-que-carlos-villalobos-tramito-nuevo-amparo-para-evitar-extradicion-a-mexico\/\",\"url\":\"https:\/\/www.sonoraenequipo.com.mx\/aseguran-que-carlos-villalobos-tramito-nuevo-amparo-para-evitar-extradicion-a-mexico\/\",\"name\":\"Sonora en Equipo. Aseguran que Carlos Villalobos tramit\u00f3 nuevo amparo para evitar extradici\u00f3n a M\u00e9xico Destacadas\",\"isPartOf\":{\"@id\":\"https:\/\/www.sonoraenequipo.com.mx\/#website\"},\"primaryImageOfPage\":{\"@id\":\"https:\/\/www.sonoraenequipo.com.mx\/aseguran-que-carlos-villalobos-tramito-nuevo-amparo-para-evitar-extradicion-a-mexico\/#primaryimage\"},\"image\":{\"@id\":\"https:\/\/www.sonoraenequipo.com.mx\/aseguran-que-carlos-villalobos-tramito-nuevo-amparo-para-evitar-extradicion-a-mexico\/#primaryimage\"},\"thumbnailUrl\":\"https:\/\/www.sonoraenequipo.com.mx\/storage\/2018\/06\/carlos-villalobos-organista_opt.jpg\",\"datePublished\":\"2018-06-20T22:10:54+00:00\",\"dateModified\":\"2018-06-21T00:56:58+00:00\",\"description\":\"Este d\u00eda v\u00eda las redes sociales circul\u00f3 la versi\u00f3n que Carlos Villalobos Organista ex secretario de hacienda durante el sexenio del ex gobernador panista En Sonora en Equipo publicamos toda la informaci\u00f3n de Sonora, M\u00e9xico y el Mundo de manera oportuna y busca que la libertad de expresi\u00f3n sea real. Visita nuestro medio informativo publicado desde Hermosillo, Sonora. %\",\"breadcrumb\":{\"@id\":\"https:\/\/www.sonoraenequipo.com.mx\/aseguran-que-carlos-villalobos-tramito-nuevo-amparo-para-evitar-extradicion-a-mexico\/#breadcrumb\"},\"inLanguage\":\"es\",\"potentialAction\":[{\"@type\":\"ReadAction\",\"target\":[\"https:\/\/www.sonoraenequipo.com.mx\/aseguran-que-carlos-villalobos-tramito-nuevo-amparo-para-evitar-extradicion-a-mexico\/\"]}]},{\"@type\":\"ImageObject\",\"inLanguage\":\"es\",\"@id\":\"https:\/\/www.sonoraenequipo.com.mx\/aseguran-que-carlos-villalobos-tramito-nuevo-amparo-para-evitar-extradicion-a-mexico\/#primaryimage\",\"url\":\"https:\/\/www.sonoraenequipo.com.mx\/storage\/2018\/06\/carlos-villalobos-organista_opt.jpg\",\"contentUrl\":\"https:\/\/www.sonoraenequipo.com.mx\/storage\/2018\/06\/carlos-villalobos-organista_opt.jpg\",\"width\":805,\"height\":452},{\"@type\":\"BreadcrumbList\",\"@id\":\"https:\/\/www.sonoraenequipo.com.mx\/aseguran-que-carlos-villalobos-tramito-nuevo-amparo-para-evitar-extradicion-a-mexico\/#breadcrumb\",\"itemListElement\":[{\"@type\":\"ListItem\",\"position\":1,\"name\":\"Portada\",\"item\":\"https:\/\/www.sonoraenequipo.com.mx\/\"},{\"@type\":\"ListItem\",\"position\":2,\"name\":\"Aseguran que Carlos Villalobos tramit\u00f3 nuevo amparo para evitar extradici\u00f3n a M\u00e9xico\"}]},{\"@type\":\"WebSite\",\"@id\":\"https:\/\/www.sonoraenequipo.com.mx\/#website\",\"url\":\"https:\/\/www.sonoraenequipo.com.mx\/\",\"name\":\"Sonora en Equipo.\",\"description\":\"Diario en l\u00ednea con Noticias desde Hermosillo, Sonora\",\"publisher\":{\"@id\":\"https:\/\/www.sonoraenequipo.com.mx\/#organization\"},\"potentialAction\":[{\"@type\":\"SearchAction\",\"target\":{\"@type\":\"EntryPoint\",\"urlTemplate\":\"https:\/\/www.sonoraenequipo.com.mx\/?s={search_term_string}\"},\"query-input\":{\"@type\":\"PropertyValueSpecification\",\"valueRequired\":true,\"valueName\":\"search_term_string\"}}],\"inLanguage\":\"es\"},{\"@type\":\"Organization\",\"@id\":\"https:\/\/www.sonoraenequipo.com.mx\/#organization\",\"name\":\"Sonoraenequipo.com.mx\",\"url\":\"https:\/\/www.sonoraenequipo.com.mx\/\",\"logo\":{\"@type\":\"ImageObject\",\"inLanguage\":\"es\",\"@id\":\"https:\/\/www.sonoraenequipo.com.mx\/#\/schema\/logo\/image\/\",\"url\":\"https:\/\/www.sonoraenequipo.com.mx\/storage\/2019\/01\/sonoraenequipo_opt.png\",\"contentUrl\":\"https:\/\/www.sonoraenequipo.com.mx\/storage\/2019\/01\/sonoraenequipo_opt.png\",\"width\":375,\"height\":125,\"caption\":\"Sonoraenequipo.com.mx\"},\"image\":{\"@id\":\"https:\/\/www.sonoraenequipo.com.mx\/#\/schema\/logo\/image\/\"},\"sameAs\":[\"https:\/\/www.facebook.com\/SonoraEE\/\",\"https:\/\/x.com\/sonoraenequipo\",\"https:\/\/www.youtube.com\/channel\/UC338nW-lPEYmJQs4ZABQ1SQ\"]},{\"@type\":\"Person\",\"@id\":\"https:\/\/www.sonoraenequipo.com.mx\/#\/schema\/person\/50102df0fb23a8fa9e8effad8fa81386\",\"name\":\"enequipo\",\"image\":{\"@type\":\"ImageObject\",\"inLanguage\":\"es\",\"@id\":\"https:\/\/www.sonoraenequipo.com.mx\/#\/schema\/person\/image\/\",\"url\":\"https:\/\/secure.gravatar.com\/avatar\/049821681b589dabc0bc20695993ccebb09f5b5d4d790cd9251b97faac7c652b?s=96&d=blank&r=g\",\"contentUrl\":\"https:\/\/secure.gravatar.com\/avatar\/049821681b589dabc0bc20695993ccebb09f5b5d4d790cd9251b97faac7c652b?s=96&d=blank&r=g\",\"caption\":\"enequipo\"},\"sameAs\":[\"https:\/\/www.facebook.com\/SonoraEE\"]}]}<\/script>\n ","yoast_head_json":{"title":"Sonora en Equipo. Aseguran que Carlos Villalobos tramit\u00f3 nuevo amparo para evitar extradici\u00f3n a M\u00e9xico Destacadas","description":"Este d\u00eda v\u00eda las redes sociales circul\u00f3 la versi\u00f3n que Carlos Villalobos Organista ex secretario de hacienda durante el sexenio del ex gobernador panista En Sonora en Equipo publicamos toda la informaci\u00f3n de Sonora, M\u00e9xico y el Mundo de manera oportuna y busca que la libertad de expresi\u00f3n sea real. Visita nuestro medio informativo publicado desde Hermosillo, Sonora. %","robots":{"index":"index","follow":"follow","max-snippet":"max-snippet:-1","max-image-preview":"max-image-preview:large","max-video-preview":"max-video-preview:-1"},"canonical":"https:\/\/www.sonoraenequipo.com.mx\/aseguran-que-carlos-villalobos-tramito-nuevo-amparo-para-evitar-extradicion-a-mexico\/","og_locale":"es_ES","og_type":"article","og_title":"Sonora en Equipo. Aseguran que Carlos Villalobos tramit\u00f3 nuevo amparo para evitar extradici\u00f3n a M\u00e9xico Destacadas","og_description":"Este d\u00eda v\u00eda las redes sociales circul\u00f3 la versi\u00f3n que Carlos Villalobos Organista ex secretario de hacienda durante el sexenio del ex gobernador panista En Sonora en Equipo publicamos toda la informaci\u00f3n de Sonora, M\u00e9xico y el Mundo de manera oportuna y busca que la libertad de expresi\u00f3n sea real. Visita nuestro medio informativo publicado desde Hermosillo, Sonora. %","og_url":"https:\/\/www.sonoraenequipo.com.mx\/aseguran-que-carlos-villalobos-tramito-nuevo-amparo-para-evitar-extradicion-a-mexico\/","og_site_name":"Sonora en Equipo.","article_publisher":"https:\/\/www.facebook.com\/SonoraEE\/","article_author":"https:\/\/www.facebook.com\/SonoraEE","article_published_time":"2018-06-20T22:10:54+00:00","article_modified_time":"2018-06-21T00:56:58+00:00","og_image":[{"width":805,"height":452,"url":"https:\/\/www.sonoraenequipo.com.mx\/storage\/2018\/06\/carlos-villalobos-organista_opt.jpg","type":"image\/jpeg"}],"author":"enequipo","twitter_card":"summary_large_image","twitter_creator":"@sonoraenequipo","twitter_site":"@sonoraenequipo","twitter_misc":{"Escrito por":"enequipo"},"schema":{"@context":"https:\/\/schema.org","@graph":[{"@type":"Article","@id":"https:\/\/www.sonoraenequipo.com.mx\/aseguran-que-carlos-villalobos-tramito-nuevo-amparo-para-evitar-extradicion-a-mexico\/#article","isPartOf":{"@id":"https:\/\/www.sonoraenequipo.com.mx\/aseguran-que-carlos-villalobos-tramito-nuevo-amparo-para-evitar-extradicion-a-mexico\/"},"author":{"name":"enequipo","@id":"https:\/\/www.sonoraenequipo.com.mx\/#\/schema\/person\/50102df0fb23a8fa9e8effad8fa81386"},"headline":"Aseguran que Carlos Villalobos tramit\u00f3 nuevo amparo para evitar extradici\u00f3n a M\u00e9xico","datePublished":"2018-06-20T22:10:54+00:00","dateModified":"2018-06-21T00:56:58+00:00","mainEntityOfPage":{"@id":"https:\/\/www.sonoraenequipo.com.mx\/aseguran-que-carlos-villalobos-tramito-nuevo-amparo-para-evitar-extradicion-a-mexico\/"},"wordCount":93,"commentCount":0,"publisher":{"@id":"https:\/\/www.sonoraenequipo.com.mx\/#organization"},"image":{"@id":"https:\/\/www.sonoraenequipo.com.mx\/aseguran-que-carlos-villalobos-tramito-nuevo-amparo-para-evitar-extradicion-a-mexico\/#primaryimage"},"thumbnailUrl":"https:\/\/www.sonoraenequipo.com.mx\/storage\/2018\/06\/carlos-villalobos-organista_opt.jpg","articleSection":["Destacadas","Sin categorizar"],"inLanguage":"es","potentialAction":[{"@type":"CommentAction","name":"Comment","target":["https:\/\/www.sonoraenequipo.com.mx\/aseguran-que-carlos-villalobos-tramito-nuevo-amparo-para-evitar-extradicion-a-mexico\/#respond"]}]},{"@type":"WebPage","@id":"https:\/\/www.sonoraenequipo.com.mx\/aseguran-que-carlos-villalobos-tramito-nuevo-amparo-para-evitar-extradicion-a-mexico\/","url":"https:\/\/www.sonoraenequipo.com.mx\/aseguran-que-carlos-villalobos-tramito-nuevo-amparo-para-evitar-extradicion-a-mexico\/","name":"Sonora en Equipo. Aseguran que Carlos Villalobos tramit\u00f3 nuevo amparo para evitar extradici\u00f3n a M\u00e9xico Destacadas","isPartOf":{"@id":"https:\/\/www.sonoraenequipo.com.mx\/#website"},"primaryImageOfPage":{"@id":"https:\/\/www.sonoraenequipo.com.mx\/aseguran-que-carlos-villalobos-tramito-nuevo-amparo-para-evitar-extradicion-a-mexico\/#primaryimage"},"image":{"@id":"https:\/\/www.sonoraenequipo.com.mx\/aseguran-que-carlos-villalobos-tramito-nuevo-amparo-para-evitar-extradicion-a-mexico\/#primaryimage"},"thumbnailUrl":"https:\/\/www.sonoraenequipo.com.mx\/storage\/2018\/06\/carlos-villalobos-organista_opt.jpg","datePublished":"2018-06-20T22:10:54+00:00","dateModified":"2018-06-21T00:56:58+00:00","description":"Este d\u00eda v\u00eda las redes sociales circul\u00f3 la versi\u00f3n que Carlos Villalobos Organista ex secretario de hacienda durante el sexenio del ex gobernador panista En Sonora en Equipo publicamos toda la informaci\u00f3n de Sonora, M\u00e9xico y el Mundo de manera oportuna y busca que la libertad de expresi\u00f3n sea real. Visita nuestro medio informativo publicado desde Hermosillo, Sonora. %","breadcrumb":{"@id":"https:\/\/www.sonoraenequipo.com.mx\/aseguran-que-carlos-villalobos-tramito-nuevo-amparo-para-evitar-extradicion-a-mexico\/#breadcrumb"},"inLanguage":"es","potentialAction":[{"@type":"ReadAction","target":["https:\/\/www.sonoraenequipo.com.mx\/aseguran-que-carlos-villalobos-tramito-nuevo-amparo-para-evitar-extradicion-a-mexico\/"]}]},{"@type":"ImageObject","inLanguage":"es","@id":"https:\/\/www.sonoraenequipo.com.mx\/aseguran-que-carlos-villalobos-tramito-nuevo-amparo-para-evitar-extradicion-a-mexico\/#primaryimage","url":"https:\/\/www.sonoraenequipo.com.mx\/storage\/2018\/06\/carlos-villalobos-organista_opt.jpg","contentUrl":"https:\/\/www.sonoraenequipo.com.mx\/storage\/2018\/06\/carlos-villalobos-organista_opt.jpg","width":805,"height":452},{"@type":"BreadcrumbList","@id":"https:\/\/www.sonoraenequipo.com.mx\/aseguran-que-carlos-villalobos-tramito-nuevo-amparo-para-evitar-extradicion-a-mexico\/#breadcrumb","itemListElement":[{"@type":"ListItem","position":1,"name":"Portada","item":"https:\/\/www.sonoraenequipo.com.mx\/"},{"@type":"ListItem","position":2,"name":"Aseguran que Carlos Villalobos tramit\u00f3 nuevo amparo para evitar extradici\u00f3n a M\u00e9xico"}]},{"@type":"WebSite","@id":"https:\/\/www.sonoraenequipo.com.mx\/#website","url":"https:\/\/www.sonoraenequipo.com.mx\/","name":"Sonora en Equipo.","description":"Diario en l\u00ednea con Noticias desde Hermosillo, Sonora","publisher":{"@id":"https:\/\/www.sonoraenequipo.com.mx\/#organization"},"potentialAction":[{"@type":"SearchAction","target":{"@type":"EntryPoint","urlTemplate":"https:\/\/www.sonoraenequipo.com.mx\/?s={search_term_string}"},"query-input":{"@type":"PropertyValueSpecification","valueRequired":true,"valueName":"search_term_string"}}],"inLanguage":"es"},{"@type":"Organization","@id":"https:\/\/www.sonoraenequipo.com.mx\/#organization","name":"Sonoraenequipo.com.mx","url":"https:\/\/www.sonoraenequipo.com.mx\/","logo":{"@type":"ImageObject","inLanguage":"es","@id":"https:\/\/www.sonoraenequipo.com.mx\/#\/schema\/logo\/image\/","url":"https:\/\/www.sonoraenequipo.com.mx\/storage\/2019\/01\/sonoraenequipo_opt.png","contentUrl":"https:\/\/www.sonoraenequipo.com.mx\/storage\/2019\/01\/sonoraenequipo_opt.png","width":375,"height":125,"caption":"Sonoraenequipo.com.mx"},"image":{"@id":"https:\/\/www.sonoraenequipo.com.mx\/#\/schema\/logo\/image\/"},"sameAs":["https:\/\/www.facebook.com\/SonoraEE\/","https:\/\/x.com\/sonoraenequipo","https:\/\/www.youtube.com\/channel\/UC338nW-lPEYmJQs4ZABQ1SQ"]},{"@type":"Person","@id":"https:\/\/www.sonoraenequipo.com.mx\/#\/schema\/person\/50102df0fb23a8fa9e8effad8fa81386","name":"enequipo","image":{"@type":"ImageObject","inLanguage":"es","@id":"https:\/\/www.sonoraenequipo.com.mx\/#\/schema\/person\/image\/","url":"https:\/\/secure.gravatar.com\/avatar\/049821681b589dabc0bc20695993ccebb09f5b5d4d790cd9251b97faac7c652b?s=96&d=blank&r=g","contentUrl":"https:\/\/secure.gravatar.com\/avatar\/049821681b589dabc0bc20695993ccebb09f5b5d4d790cd9251b97faac7c652b?s=96&d=blank&r=g","caption":"enequipo"},"sameAs":["https:\/\/www.facebook.com\/SonoraEE"]}]}},"jetpack_featured_media_url":"https:\/\/www.sonoraenequipo.com.mx\/storage\/2018\/06\/carlos-villalobos-organista_opt.jpg","_links":{"self":[{"href":"https:\/\/www.sonoraenequipo.com.mx\/api\/wp\/v2\/posts\/39278","targetHints":{"allow":["GET"]}}],"collection":[{"href":"https:\/\/www.sonoraenequipo.com.mx\/api\/wp\/v2\/posts"}],"about":[{"href":"https:\/\/www.sonoraenequipo.com.mx\/api\/wp\/v2\/types\/post"}],"author":[{"embeddable":true,"href":"https:\/\/www.sonoraenequipo.com.mx\/api\/wp\/v2\/users\/1"}],"replies":[{"embeddable":true,"href":"https:\/\/www.sonoraenequipo.com.mx\/api\/wp\/v2\/comments?post=39278"}],"version-history":[{"count":0,"href":"https:\/\/www.sonoraenequipo.com.mx\/api\/wp\/v2\/posts\/39278\/revisions"}],"wp:featuredmedia":[{"embeddable":true,"href":"https:\/\/www.sonoraenequipo.com.mx\/api\/wp\/v2\/media\/39279"}],"wp:attachment":[{"href":"https:\/\/www.sonoraenequipo.com.mx\/api\/wp\/v2\/media?parent=39278"}],"wp:term":[{"taxonomy":"category","embeddable":true,"href":"https:\/\/www.sonoraenequipo.com.mx\/api\/wp\/v2\/categories?post=39278"},{"taxonomy":"post_tag","embeddable":true,"href":"https:\/\/www.sonoraenequipo.com.mx\/api\/wp\/v2\/tags?post=39278"}],"curies":[{"name":"wp","href":"https:\/\/api.w.org\/{rel}","templated":true}]}}