{"id":39282,"date":"2018-06-20T18:14:59","date_gmt":"2018-06-21T01:14:59","guid":{"rendered":"http:\/\/www.sonoraenequipo.com.mx\/?p=39282"},"modified":"2018-06-20T18:14:59","modified_gmt":"2018-06-21T01:14:59","slug":"mexicanos-tienen-poco-o-nulo-interes-por-la-politica-revela-encuesta-del-conacyt","status":"publish","type":"post","link":"https:\/\/www.sonoraenequipo.com.mx\/mexicanos-tienen-poco-o-nulo-interes-por-la-politica-revela-encuesta-del-conacyt\/","title":{"rendered":"Mexicanos tienen poco o nulo inter\u00e9s por la pol\u00edtica, revela encuesta del CONACYT"},"content":{"rendered":"<p>HERMOSILLO, SONORA. MX. \u2014 La Encuesta sobre Percepci\u00f3n P\u00fablica de la Ciencia y la Tecnolog\u00eda en M\u00e9xico (ENPECYT) 2017 que hoy da a conocer el INEGI en colaboraci\u00f3n con el Consejo Nacional de Ciencia y Tecnolog\u00eda (CONACYT), tiene el prop\u00f3sito de generar informaci\u00f3n para elaborar indicadores que midan el conocimiento, entendimiento y la opini\u00f3n de las personas de 18 a\u00f1os y m\u00e1s del pa\u00eds respecto de la ciencia y la tecnolog\u00eda.<\/p>\n<p> <\/p>\n<p>La encuesta considera temas como conocimiento, inter\u00e9s y entendimiento de la poblaci\u00f3n sobre conceptos b\u00e1sicos de ciencia y tecnolog\u00eda; actitudes ante el avance cient\u00edfico y tecnol\u00f3gico; percepci\u00f3n sobre el gasto gubernamental en estas materias; medios para obtener informaci\u00f3n cient\u00edfica y tecnol\u00f3gica, as\u00ed como conocimiento e imagen acerca del CONACYT.<\/p>\n<p>La ENPECYT 2017 revela que 8.4% de la poblaci\u00f3n en \u00e1reas urbanas se\u00f1al\u00f3 tener un inter\u00e9s muy grande por los nuevos inventos, descubrimientos cient\u00edficos y desarrollo tecnol\u00f3gico. El 27.4% dijo tener un inter\u00e9s grande, el 39.2% un inter\u00e9s moderado y 25.0% declar\u00f3 nulo inter\u00e9s por estos temas.<\/p>\n<p>Sobre contaminaci\u00f3n ambiental, el 14.7% declar\u00f3 un inter\u00e9s muy grande, 34.3% un inter\u00e9s grande y solo 14.5% declar\u00f3 nulo inter\u00e9s. En contraste, en temas relacionados con la pol\u00edtica, el 3.5% declar\u00f3 tener un inter\u00e9s muy grande, el 12.9% un inter\u00e9s grande, el 40.7% un inter\u00e9s moderado y el 42.9% un inter\u00e9s nulo.<\/p>\n<p>La encuesta revela que 5.2% de la poblaci\u00f3n dijo contar con un nivel de informaci\u00f3n muy bueno sobre nuevos inventos, descubrimientos cient\u00edficos y desarrollo tecnol\u00f3gico, el 18.8% un nivel bueno, el 47.0% moderado y el 29.0% un nivel de informaci\u00f3n nulo. Por el contrario, en temas relacionados con los deportes, el 10.2% manifest\u00f3 un nivel de informaci\u00f3n muy bueno, el 29.9% bueno, mientras que 40.1% tiene conocimiento moderado.<\/p>\n<p>El 92.2% de la poblaci\u00f3n est\u00e1 de acuerdo o muy de acuerdo en que es necesaria una mayor inversi\u00f3n gubernamental para el impulso de la investigaci\u00f3n cient\u00edfica.<\/p>\n<p>M\u00e1s de la mitad de la poblaci\u00f3n considera que debe haber una mayor participaci\u00f3n de las mujeres en la investigaci\u00f3n cient\u00edfica (el 37.3% manifest\u00f3 estar muy de acuerdo y el 54.8% dijo estar de acuerdo).<\/p>\n<p>De la poblaci\u00f3n urbana de 18 a\u00f1os y m\u00e1s que hab\u00eda o\u00eddo hablar de la clonaci\u00f3n, el 30.7% estuvo de acuerdo con que se aplique para la reproducci\u00f3n de algunos animales, mientras que el 69.3% restante declar\u00f3 estar en contra de esta pr\u00e1ctica.<\/p>\n<p>Por otra parte, el 79.8% de los mexicanos estuvo de acuerdo en que se utilice la clonaci\u00f3n para la reproducci\u00f3n de \u00f3rganos y tejidos humanos para la realizaci\u00f3n de trasplantes quir\u00fargicos. Solo el 20.2% no est\u00e1 de acuerdo con este uso de las t\u00e9cnicas de clonaci\u00f3n.<\/p>\n<p>En t\u00e9rminos de la respetabilidad de su quehacer, las profesiones o empleos mejor calificados fueron los de bombero con 59.5%, inventor con 48.4%, enfermera con 41.5% e investigador con 34.6%. Mientras que los que tuvieron menor calificaci\u00f3n fueron los de abogado con 5.9%, oficial de polic\u00eda con 5.1% y juez con 4.4 por ciento.<\/p>\n<p>Los lugares o recintos culturales y de diversi\u00f3n m\u00e1s frecuentados fueron los cines (60.5%), los parques de diversi\u00f3n (39.9%) y los zool\u00f3gicos o acuarios (32.6%). Los menos visitados fueron la Semana Nacional de Ciencia y Tecnolog\u00eda (6.9%), los planetarios (10.9%) y las exposiciones tecnol\u00f3gicas o industriales (13.1 por ciento).<\/p>\n<p>Los medios m\u00e1s utilizados para consultar temas de ciencia y tecnolog\u00eda fueron las revistas (48.7%), seguido de los peri\u00f3dicos (43.8%), la televisi\u00f3n (26. 6%) y, finalmente, la radio (9.7 por ciento).<\/p>\n<p>La ENPECYT 2017 ofrece un par\u00e1metro respecto del nivel de cultura cient\u00edfica que tiene la poblaci\u00f3n urbana de 18 a\u00f1os y m\u00e1s del pa\u00eds. Para ello, en el cuestionario se incluyeron 20 reactivos que se responden con verdadero o un falso sobre temas cient\u00edficos y tecnol\u00f3gicos para obtener dicho indicador.<\/p>\n<p>En los resultados del 2017, referentes a la cultura cient\u00edfica de la poblaci\u00f3n, se observ\u00f3 que el 96.5% de \u00e9sta acert\u00f3 en que <em>\u201cfumar puede causar c\u00e1ncer pulmonar\u201d,<\/em> el 88.4% respondi\u00f3<\/p>\n<p>correctamente (cierto) que<em> \u201cel centro de la tierra es muy caliente\u201d,<\/em> y el 85.3% tambi\u00e9n contest\u00f3 que es cierto que \u201cel hombre ya ha llegado a la luna\u201d.<\/p>\n<p>Por otra parte, solo el 15.6% de la poblaci\u00f3n respondi\u00f3 correctamente a la pregunta \u201c\u00bfExiste el premio Nobel de matem\u00e1ticas?\u201d. La respuesta correcta es: Falso. El 19.1% acert\u00f3 en la respuesta a la pregunta \u201c\u00bfLos antibi\u00f3ticos sirven para tratar enfermedades causadas tanto por virus como por bacterias?\u201d La respuesta correcta es: Falso. Y el 24.6% acertaron al contestar la pregunta de si \u201c\u00bfAl menos cinco mexicanos han ganado el premio Nobel?\u201d La respuesta correcta es: Falso.<\/p>\n<p>La Encuesta sobre la Percepci\u00f3n P\u00fablica de la Ciencia y la Tecnolog\u00eda en M\u00e9xico (ENPECYT), se levanta desde 2001 y el CONACYT ha financiado nueve ediciones.<\/p>\n<p>Esta d\u00e9cima edici\u00f3n se realiz\u00f3 del 6 de noviembre al 5 de diciembre de 2017 en 3,200 viviendas ubicadas en \u00e1reas urbanas de 100,000 y m\u00e1s habitantes y la entrevista se aplic\u00f3 a un miembro del hogar de 18 a\u00f1os y m\u00e1s, seleccionado de manera aleatoria.<\/p>\n<p>La encuesta cumple con las recomendaciones sugeridas por organismos internacionales, tales como la Encuesta Eurobar\u00f3metro de los pa\u00edses miembros de la Uni\u00f3n Europea y la Encuesta de Percepci\u00f3n P\u00fablica de la Ciencia, realizada por la National Science Foundation (NSF) de Estados Unidos.<\/p>\n<p>(Fecha de publicaci\u00f3n 20062018)<\/p>\n","protected":false},"excerpt":{"rendered":"<p>HERMOSILLO, SONORA. MX. \u2014 La Encuesta sobre Percepci\u00f3n P\u00fablica de la Ciencia y la Tecnolog\u00eda&#8230;<\/p>\n","protected":false},"author":1,"featured_media":39283,"comment_status":"open","ping_status":"open","sticky":false,"template":"","format":"standard","meta":{"_monsterinsights_skip_tracking":false,"_monsterinsights_sitenote_active":false,"_monsterinsights_sitenote_note":"","_monsterinsights_sitenote_category":0,"footnotes":""},"categories":[13,5],"tags":[],"class_list":["post"],"yoast_head":" \n<title>Sonora en Equipo. Mexicanos tienen poco o nulo inter\u00e9s por la pol\u00edtica, revela encuesta del CONACYT Destacadas<\/title>\n<meta name=\"description\" content=\"HERMOSILLO, SONORA. MX. \u2014 La Encuesta sobre Percepci\u00f3n P\u00fablica de la Ciencia y la Tecnolog\u00eda en M\u00e9xico (ENPECYT) 2017 que hoy da a conocer el INEGI en En Sonora en Equipo publicamos toda la informaci\u00f3n de Sonora, M\u00e9xico y el Mundo de manera oportuna y busca que la libertad de expresi\u00f3n sea real. Visita nuestro medio informativo publicado desde Hermosillo, Sonora. %\" \/>\n<meta name=\"robots\" content=\"index, follow, max-snippet:-1, max-image-preview:large, max-video-preview:-1\" \/>\n<link rel=\"canonical\" href=\"https:\/\/www.sonoraenequipo.com.mx\/mexicanos-tienen-poco-o-nulo-interes-por-la-politica-revela-encuesta-del-conacyt\/\" \/>\n<meta property=\"og:locale\" content=\"es_ES\" \/>\n<meta property=\"og:type\" content=\"article\" \/>\n<meta property=\"og:title\" content=\"Sonora en Equipo. Mexicanos tienen poco o nulo inter\u00e9s por la pol\u00edtica, revela encuesta del CONACYT Destacadas\" \/>\n<meta property=\"og:description\" content=\"HERMOSILLO, SONORA. MX. \u2014 La Encuesta sobre Percepci\u00f3n P\u00fablica de la Ciencia y la Tecnolog\u00eda en M\u00e9xico (ENPECYT) 2017 que hoy da a conocer el INEGI en En Sonora en Equipo publicamos toda la informaci\u00f3n de Sonora, M\u00e9xico y el Mundo de manera oportuna y busca que la libertad de expresi\u00f3n sea real. Visita nuestro medio informativo publicado desde Hermosillo, Sonora. %\" \/>\n<meta property=\"og:url\" content=\"https:\/\/www.sonoraenequipo.com.mx\/mexicanos-tienen-poco-o-nulo-interes-por-la-politica-revela-encuesta-del-conacyt\/\" \/>\n<meta property=\"og:site_name\" content=\"Sonora en Equipo.\" \/>\n<meta property=\"article:publisher\" content=\"https:\/\/www.facebook.com\/SonoraEE\/\" \/>\n<meta property=\"article:author\" content=\"https:\/\/www.facebook.com\/SonoraEE\" \/>\n<meta property=\"article:published_time\" content=\"2018-06-21T01:14:59+00:00\" \/>\n<meta property=\"og:image\" content=\"https:\/\/www.sonoraenequipo.com.mx\/storage\/2018\/06\/mexicanosencuestados_opt.jpg\" \/>\n\t<meta property=\"og:image:width\" content=\"842\" \/>\n\t<meta property=\"og:image:height\" content=\"466\" \/>\n\t<meta property=\"og:image:type\" content=\"image\/jpeg\" \/>\n<meta name=\"author\" content=\"enequipo\" \/>\n<meta name=\"twitter:card\" content=\"summary_large_image\" \/>\n<meta name=\"twitter:creator\" content=\"@sonoraenequipo\" \/>\n<meta name=\"twitter:site\" content=\"@sonoraenequipo\" \/>\n<meta name=\"twitter:label1\" content=\"Escrito por\" \/>\n\t<meta name=\"twitter:data1\" content=\"enequipo\" \/>\n\t<meta name=\"twitter:label2\" content=\"Tiempo de lectura\" \/>\n\t<meta name=\"twitter:data2\" content=\"5 minutos\" \/>\n<script type=\"application\/ld+json\" class=\"yoast-schema-graph\">{\"@context\":\"https:\/\/schema.org\",\"@graph\":[{\"@type\":\"Article\",\"@id\":\"https:\/\/www.sonoraenequipo.com.mx\/mexicanos-tienen-poco-o-nulo-interes-por-la-politica-revela-encuesta-del-conacyt\/#article\",\"isPartOf\":{\"@id\":\"https:\/\/www.sonoraenequipo.com.mx\/mexicanos-tienen-poco-o-nulo-interes-por-la-politica-revela-encuesta-del-conacyt\/\"},\"author\":{\"name\":\"enequipo\",\"@id\":\"https:\/\/www.sonoraenequipo.com.mx\/#\/schema\/person\/50102df0fb23a8fa9e8effad8fa81386\"},\"headline\":\"Mexicanos tienen poco o nulo inter\u00e9s por la pol\u00edtica, revela encuesta del CONACYT\",\"datePublished\":\"2018-06-21T01:14:59+00:00\",\"mainEntityOfPage\":{\"@id\":\"https:\/\/www.sonoraenequipo.com.mx\/mexicanos-tienen-poco-o-nulo-interes-por-la-politica-revela-encuesta-del-conacyt\/\"},\"wordCount\":936,\"commentCount\":0,\"publisher\":{\"@id\":\"https:\/\/www.sonoraenequipo.com.mx\/#organization\"},\"image\":{\"@id\":\"https:\/\/www.sonoraenequipo.com.mx\/mexicanos-tienen-poco-o-nulo-interes-por-la-politica-revela-encuesta-del-conacyt\/#primaryimage\"},\"thumbnailUrl\":\"https:\/\/www.sonoraenequipo.com.mx\/storage\/2018\/06\/mexicanosencuestados_opt.jpg\",\"articleSection\":[\"Destacadas\",\"Rep\u00fablica\"],\"inLanguage\":\"es\",\"potentialAction\":[{\"@type\":\"CommentAction\",\"name\":\"Comment\",\"target\":[\"https:\/\/www.sonoraenequipo.com.mx\/mexicanos-tienen-poco-o-nulo-interes-por-la-politica-revela-encuesta-del-conacyt\/#respond\"]}]},{\"@type\":\"WebPage\",\"@id\":\"https:\/\/www.sonoraenequipo.com.mx\/mexicanos-tienen-poco-o-nulo-interes-por-la-politica-revela-encuesta-del-conacyt\/\",\"url\":\"https:\/\/www.sonoraenequipo.com.mx\/mexicanos-tienen-poco-o-nulo-interes-por-la-politica-revela-encuesta-del-conacyt\/\",\"name\":\"Sonora en Equipo. Mexicanos tienen poco o nulo inter\u00e9s por la pol\u00edtica, revela encuesta del CONACYT Destacadas\",\"isPartOf\":{\"@id\":\"https:\/\/www.sonoraenequipo.com.mx\/#website\"},\"primaryImageOfPage\":{\"@id\":\"https:\/\/www.sonoraenequipo.com.mx\/mexicanos-tienen-poco-o-nulo-interes-por-la-politica-revela-encuesta-del-conacyt\/#primaryimage\"},\"image\":{\"@id\":\"https:\/\/www.sonoraenequipo.com.mx\/mexicanos-tienen-poco-o-nulo-interes-por-la-politica-revela-encuesta-del-conacyt\/#primaryimage\"},\"thumbnailUrl\":\"https:\/\/www.sonoraenequipo.com.mx\/storage\/2018\/06\/mexicanosencuestados_opt.jpg\",\"datePublished\":\"2018-06-21T01:14:59+00:00\",\"description\":\"HERMOSILLO, SONORA. MX. \u2014 La Encuesta sobre Percepci\u00f3n P\u00fablica de la Ciencia y la Tecnolog\u00eda en M\u00e9xico (ENPECYT) 2017 que hoy da a conocer el INEGI en En Sonora en Equipo publicamos toda la informaci\u00f3n de Sonora, M\u00e9xico y el Mundo de manera oportuna y busca que la libertad de expresi\u00f3n sea real. Visita nuestro medio informativo publicado desde Hermosillo, Sonora. %\",\"breadcrumb\":{\"@id\":\"https:\/\/www.sonoraenequipo.com.mx\/mexicanos-tienen-poco-o-nulo-interes-por-la-politica-revela-encuesta-del-conacyt\/#breadcrumb\"},\"inLanguage\":\"es\",\"potentialAction\":[{\"@type\":\"ReadAction\",\"target\":[\"https:\/\/www.sonoraenequipo.com.mx\/mexicanos-tienen-poco-o-nulo-interes-por-la-politica-revela-encuesta-del-conacyt\/\"]}]},{\"@type\":\"ImageObject\",\"inLanguage\":\"es\",\"@id\":\"https:\/\/www.sonoraenequipo.com.mx\/mexicanos-tienen-poco-o-nulo-interes-por-la-politica-revela-encuesta-del-conacyt\/#primaryimage\",\"url\":\"https:\/\/www.sonoraenequipo.com.mx\/storage\/2018\/06\/mexicanosencuestados_opt.jpg\",\"contentUrl\":\"https:\/\/www.sonoraenequipo.com.mx\/storage\/2018\/06\/mexicanosencuestados_opt.jpg\",\"width\":842,\"height\":466},{\"@type\":\"BreadcrumbList\",\"@id\":\"https:\/\/www.sonoraenequipo.com.mx\/mexicanos-tienen-poco-o-nulo-interes-por-la-politica-revela-encuesta-del-conacyt\/#breadcrumb\",\"itemListElement\":[{\"@type\":\"ListItem\",\"position\":1,\"name\":\"Portada\",\"item\":\"https:\/\/www.sonoraenequipo.com.mx\/\"},{\"@type\":\"ListItem\",\"position\":2,\"name\":\"Mexicanos tienen poco o nulo inter\u00e9s por la pol\u00edtica, revela encuesta del CONACYT\"}]},{\"@type\":\"WebSite\",\"@id\":\"https:\/\/www.sonoraenequipo.com.mx\/#website\",\"url\":\"https:\/\/www.sonoraenequipo.com.mx\/\",\"name\":\"Sonora en Equipo.\",\"description\":\"Diario en l\u00ednea con Noticias desde Hermosillo, Sonora\",\"publisher\":{\"@id\":\"https:\/\/www.sonoraenequipo.com.mx\/#organization\"},\"potentialAction\":[{\"@type\":\"SearchAction\",\"target\":{\"@type\":\"EntryPoint\",\"urlTemplate\":\"https:\/\/www.sonoraenequipo.com.mx\/?s={search_term_string}\"},\"query-input\":{\"@type\":\"PropertyValueSpecification\",\"valueRequired\":true,\"valueName\":\"search_term_string\"}}],\"inLanguage\":\"es\"},{\"@type\":\"Organization\",\"@id\":\"https:\/\/www.sonoraenequipo.com.mx\/#organization\",\"name\":\"Sonoraenequipo.com.mx\",\"url\":\"https:\/\/www.sonoraenequipo.com.mx\/\",\"logo\":{\"@type\":\"ImageObject\",\"inLanguage\":\"es\",\"@id\":\"https:\/\/www.sonoraenequipo.com.mx\/#\/schema\/logo\/image\/\",\"url\":\"https:\/\/www.sonoraenequipo.com.mx\/storage\/2019\/01\/sonoraenequipo_opt.png\",\"contentUrl\":\"https:\/\/www.sonoraenequipo.com.mx\/storage\/2019\/01\/sonoraenequipo_opt.png\",\"width\":375,\"height\":125,\"caption\":\"Sonoraenequipo.com.mx\"},\"image\":{\"@id\":\"https:\/\/www.sonoraenequipo.com.mx\/#\/schema\/logo\/image\/\"},\"sameAs\":[\"https:\/\/www.facebook.com\/SonoraEE\/\",\"https:\/\/x.com\/sonoraenequipo\",\"https:\/\/www.youtube.com\/channel\/UC338nW-lPEYmJQs4ZABQ1SQ\"]},{\"@type\":\"Person\",\"@id\":\"https:\/\/www.sonoraenequipo.com.mx\/#\/schema\/person\/50102df0fb23a8fa9e8effad8fa81386\",\"name\":\"enequipo\",\"image\":{\"@type\":\"ImageObject\",\"inLanguage\":\"es\",\"@id\":\"https:\/\/www.sonoraenequipo.com.mx\/#\/schema\/person\/image\/\",\"url\":\"https:\/\/secure.gravatar.com\/avatar\/049821681b589dabc0bc20695993ccebb09f5b5d4d790cd9251b97faac7c652b?s=96&d=blank&r=g\",\"contentUrl\":\"https:\/\/secure.gravatar.com\/avatar\/049821681b589dabc0bc20695993ccebb09f5b5d4d790cd9251b97faac7c652b?s=96&d=blank&r=g\",\"caption\":\"enequipo\"},\"sameAs\":[\"https:\/\/www.facebook.com\/SonoraEE\"]}]}<\/script>\n ","yoast_head_json":{"title":"Sonora en Equipo. Mexicanos tienen poco o nulo inter\u00e9s por la pol\u00edtica, revela encuesta del CONACYT Destacadas","description":"HERMOSILLO, SONORA. MX. \u2014 La Encuesta sobre Percepci\u00f3n P\u00fablica de la Ciencia y la Tecnolog\u00eda en M\u00e9xico (ENPECYT) 2017 que hoy da a conocer el INEGI en En Sonora en Equipo publicamos toda la informaci\u00f3n de Sonora, M\u00e9xico y el Mundo de manera oportuna y busca que la libertad de expresi\u00f3n sea real. Visita nuestro medio informativo publicado desde Hermosillo, Sonora. %","robots":{"index":"index","follow":"follow","max-snippet":"max-snippet:-1","max-image-preview":"max-image-preview:large","max-video-preview":"max-video-preview:-1"},"canonical":"https:\/\/www.sonoraenequipo.com.mx\/mexicanos-tienen-poco-o-nulo-interes-por-la-politica-revela-encuesta-del-conacyt\/","og_locale":"es_ES","og_type":"article","og_title":"Sonora en Equipo. Mexicanos tienen poco o nulo inter\u00e9s por la pol\u00edtica, revela encuesta del CONACYT Destacadas","og_description":"HERMOSILLO, SONORA. MX. \u2014 La Encuesta sobre Percepci\u00f3n P\u00fablica de la Ciencia y la Tecnolog\u00eda en M\u00e9xico (ENPECYT) 2017 que hoy da a conocer el INEGI en En Sonora en Equipo publicamos toda la informaci\u00f3n de Sonora, M\u00e9xico y el Mundo de manera oportuna y busca que la libertad de expresi\u00f3n sea real. Visita nuestro medio informativo publicado desde Hermosillo, Sonora. %","og_url":"https:\/\/www.sonoraenequipo.com.mx\/mexicanos-tienen-poco-o-nulo-interes-por-la-politica-revela-encuesta-del-conacyt\/","og_site_name":"Sonora en Equipo.","article_publisher":"https:\/\/www.facebook.com\/SonoraEE\/","article_author":"https:\/\/www.facebook.com\/SonoraEE","article_published_time":"2018-06-21T01:14:59+00:00","og_image":[{"width":842,"height":466,"url":"https:\/\/www.sonoraenequipo.com.mx\/storage\/2018\/06\/mexicanosencuestados_opt.jpg","type":"image\/jpeg"}],"author":"enequipo","twitter_card":"summary_large_image","twitter_creator":"@sonoraenequipo","twitter_site":"@sonoraenequipo","twitter_misc":{"Escrito por":"enequipo","Tiempo de lectura":"5 minutos"},"schema":{"@context":"https:\/\/schema.org","@graph":[{"@type":"Article","@id":"https:\/\/www.sonoraenequipo.com.mx\/mexicanos-tienen-poco-o-nulo-interes-por-la-politica-revela-encuesta-del-conacyt\/#article","isPartOf":{"@id":"https:\/\/www.sonoraenequipo.com.mx\/mexicanos-tienen-poco-o-nulo-interes-por-la-politica-revela-encuesta-del-conacyt\/"},"author":{"name":"enequipo","@id":"https:\/\/www.sonoraenequipo.com.mx\/#\/schema\/person\/50102df0fb23a8fa9e8effad8fa81386"},"headline":"Mexicanos tienen poco o nulo inter\u00e9s por la pol\u00edtica, revela encuesta del CONACYT","datePublished":"2018-06-21T01:14:59+00:00","mainEntityOfPage":{"@id":"https:\/\/www.sonoraenequipo.com.mx\/mexicanos-tienen-poco-o-nulo-interes-por-la-politica-revela-encuesta-del-conacyt\/"},"wordCount":936,"commentCount":0,"publisher":{"@id":"https:\/\/www.sonoraenequipo.com.mx\/#organization"},"image":{"@id":"https:\/\/www.sonoraenequipo.com.mx\/mexicanos-tienen-poco-o-nulo-interes-por-la-politica-revela-encuesta-del-conacyt\/#primaryimage"},"thumbnailUrl":"https:\/\/www.sonoraenequipo.com.mx\/storage\/2018\/06\/mexicanosencuestados_opt.jpg","articleSection":["Destacadas","Rep\u00fablica"],"inLanguage":"es","potentialAction":[{"@type":"CommentAction","name":"Comment","target":["https:\/\/www.sonoraenequipo.com.mx\/mexicanos-tienen-poco-o-nulo-interes-por-la-politica-revela-encuesta-del-conacyt\/#respond"]}]},{"@type":"WebPage","@id":"https:\/\/www.sonoraenequipo.com.mx\/mexicanos-tienen-poco-o-nulo-interes-por-la-politica-revela-encuesta-del-conacyt\/","url":"https:\/\/www.sonoraenequipo.com.mx\/mexicanos-tienen-poco-o-nulo-interes-por-la-politica-revela-encuesta-del-conacyt\/","name":"Sonora en Equipo. Mexicanos tienen poco o nulo inter\u00e9s por la pol\u00edtica, revela encuesta del CONACYT Destacadas","isPartOf":{"@id":"https:\/\/www.sonoraenequipo.com.mx\/#website"},"primaryImageOfPage":{"@id":"https:\/\/www.sonoraenequipo.com.mx\/mexicanos-tienen-poco-o-nulo-interes-por-la-politica-revela-encuesta-del-conacyt\/#primaryimage"},"image":{"@id":"https:\/\/www.sonoraenequipo.com.mx\/mexicanos-tienen-poco-o-nulo-interes-por-la-politica-revela-encuesta-del-conacyt\/#primaryimage"},"thumbnailUrl":"https:\/\/www.sonoraenequipo.com.mx\/storage\/2018\/06\/mexicanosencuestados_opt.jpg","datePublished":"2018-06-21T01:14:59+00:00","description":"HERMOSILLO, SONORA. MX. \u2014 La Encuesta sobre Percepci\u00f3n P\u00fablica de la Ciencia y la Tecnolog\u00eda en M\u00e9xico (ENPECYT) 2017 que hoy da a conocer el INEGI en En Sonora en Equipo publicamos toda la informaci\u00f3n de Sonora, M\u00e9xico y el Mundo de manera oportuna y busca que la libertad de expresi\u00f3n sea real. Visita nuestro medio informativo publicado desde Hermosillo, Sonora. %","breadcrumb":{"@id":"https:\/\/www.sonoraenequipo.com.mx\/mexicanos-tienen-poco-o-nulo-interes-por-la-politica-revela-encuesta-del-conacyt\/#breadcrumb"},"inLanguage":"es","potentialAction":[{"@type":"ReadAction","target":["https:\/\/www.sonoraenequipo.com.mx\/mexicanos-tienen-poco-o-nulo-interes-por-la-politica-revela-encuesta-del-conacyt\/"]}]},{"@type":"ImageObject","inLanguage":"es","@id":"https:\/\/www.sonoraenequipo.com.mx\/mexicanos-tienen-poco-o-nulo-interes-por-la-politica-revela-encuesta-del-conacyt\/#primaryimage","url":"https:\/\/www.sonoraenequipo.com.mx\/storage\/2018\/06\/mexicanosencuestados_opt.jpg","contentUrl":"https:\/\/www.sonoraenequipo.com.mx\/storage\/2018\/06\/mexicanosencuestados_opt.jpg","width":842,"height":466},{"@type":"BreadcrumbList","@id":"https:\/\/www.sonoraenequipo.com.mx\/mexicanos-tienen-poco-o-nulo-interes-por-la-politica-revela-encuesta-del-conacyt\/#breadcrumb","itemListElement":[{"@type":"ListItem","position":1,"name":"Portada","item":"https:\/\/www.sonoraenequipo.com.mx\/"},{"@type":"ListItem","position":2,"name":"Mexicanos tienen poco o nulo inter\u00e9s por la pol\u00edtica, revela encuesta del CONACYT"}]},{"@type":"WebSite","@id":"https:\/\/www.sonoraenequipo.com.mx\/#website","url":"https:\/\/www.sonoraenequipo.com.mx\/","name":"Sonora en Equipo.","description":"Diario en l\u00ednea con Noticias desde Hermosillo, Sonora","publisher":{"@id":"https:\/\/www.sonoraenequipo.com.mx\/#organization"},"potentialAction":[{"@type":"SearchAction","target":{"@type":"EntryPoint","urlTemplate":"https:\/\/www.sonoraenequipo.com.mx\/?s={search_term_string}"},"query-input":{"@type":"PropertyValueSpecification","valueRequired":true,"valueName":"search_term_string"}}],"inLanguage":"es"},{"@type":"Organization","@id":"https:\/\/www.sonoraenequipo.com.mx\/#organization","name":"Sonoraenequipo.com.mx","url":"https:\/\/www.sonoraenequipo.com.mx\/","logo":{"@type":"ImageObject","inLanguage":"es","@id":"https:\/\/www.sonoraenequipo.com.mx\/#\/schema\/logo\/image\/","url":"https:\/\/www.sonoraenequipo.com.mx\/storage\/2019\/01\/sonoraenequipo_opt.png","contentUrl":"https:\/\/www.sonoraenequipo.com.mx\/storage\/2019\/01\/sonoraenequipo_opt.png","width":375,"height":125,"caption":"Sonoraenequipo.com.mx"},"image":{"@id":"https:\/\/www.sonoraenequipo.com.mx\/#\/schema\/logo\/image\/"},"sameAs":["https:\/\/www.facebook.com\/SonoraEE\/","https:\/\/x.com\/sonoraenequipo","https:\/\/www.youtube.com\/channel\/UC338nW-lPEYmJQs4ZABQ1SQ"]},{"@type":"Person","@id":"https:\/\/www.sonoraenequipo.com.mx\/#\/schema\/person\/50102df0fb23a8fa9e8effad8fa81386","name":"enequipo","image":{"@type":"ImageObject","inLanguage":"es","@id":"https:\/\/www.sonoraenequipo.com.mx\/#\/schema\/person\/image\/","url":"https:\/\/secure.gravatar.com\/avatar\/049821681b589dabc0bc20695993ccebb09f5b5d4d790cd9251b97faac7c652b?s=96&d=blank&r=g","contentUrl":"https:\/\/secure.gravatar.com\/avatar\/049821681b589dabc0bc20695993ccebb09f5b5d4d790cd9251b97faac7c652b?s=96&d=blank&r=g","caption":"enequipo"},"sameAs":["https:\/\/www.facebook.com\/SonoraEE"]}]}},"jetpack_featured_media_url":"https:\/\/www.sonoraenequipo.com.mx\/storage\/2018\/06\/mexicanosencuestados_opt.jpg","_links":{"self":[{"href":"https:\/\/www.sonoraenequipo.com.mx\/api\/wp\/v2\/posts\/39282","targetHints":{"allow":["GET"]}}],"collection":[{"href":"https:\/\/www.sonoraenequipo.com.mx\/api\/wp\/v2\/posts"}],"about":[{"href":"https:\/\/www.sonoraenequipo.com.mx\/api\/wp\/v2\/types\/post"}],"author":[{"embeddable":true,"href":"https:\/\/www.sonoraenequipo.com.mx\/api\/wp\/v2\/users\/1"}],"replies":[{"embeddable":true,"href":"https:\/\/www.sonoraenequipo.com.mx\/api\/wp\/v2\/comments?post=39282"}],"version-history":[{"count":0,"href":"https:\/\/www.sonoraenequipo.com.mx\/api\/wp\/v2\/posts\/39282\/revisions"}],"wp:featuredmedia":[{"embeddable":true,"href":"https:\/\/www.sonoraenequipo.com.mx\/api\/wp\/v2\/media\/39283"}],"wp:attachment":[{"href":"https:\/\/www.sonoraenequipo.com.mx\/api\/wp\/v2\/media?parent=39282"}],"wp:term":[{"taxonomy":"category","embeddable":true,"href":"https:\/\/www.sonoraenequipo.com.mx\/api\/wp\/v2\/categories?post=39282"},{"taxonomy":"post_tag","embeddable":true,"href":"https:\/\/www.sonoraenequipo.com.mx\/api\/wp\/v2\/tags?post=39282"}],"curies":[{"name":"wp","href":"https:\/\/api.w.org\/{rel}","templated":true}]}}