{"id":39302,"date":"2018-06-20T15:35:59","date_gmt":"2018-06-20T22:35:59","guid":{"rendered":"http:\/\/www.sonoraenequipo.com.mx\/?p=39302"},"modified":"2018-06-20T18:35:06","modified_gmt":"2018-06-21T01:35:06","slug":"renuevan-contrato-colectivo-de-trabajo-sutspes-y-radio-sonora","status":"publish","type":"post","link":"https:\/\/www.sonoraenequipo.com.mx\/renuevan-contrato-colectivo-de-trabajo-sutspes-y-radio-sonora\/","title":{"rendered":"Renuevan contrato colectivo de trabajo SUTSPES y Radio Sonora"},"content":{"rendered":"<p>HERMOSILLO, SONORA. MX.\u2014 El Secretario General del Sindicato \u00danico de Trabajadores al Servicio de los Poderes del Estado de Sonora, Luis Antonio Castro Ruiz, y la Directora General de Radio Sonora, Mar\u00eda Elena Verduzco Chaires, renovaron el contrato colectivo de trabajo para los empleados de la radiodifusora, con lo cual se convirti\u00f3 en el primer organismo descentralizado en contar con este tipo de convenios laborales.<\/p>\n<p> <\/p>\n<p>En presencia de la Coordinadora Ejecutiva de Comunicaci\u00f3n e Imagen Institucional, Ivone Andrade Zepeda, fungiendo como testigo de honor, la Directora General de Radio Sonora explic\u00f3 que este contrato colectivo busca atender las necesidades espec\u00edficas de los trabajadores de la radio, si bien son atendidas pero no estaban formalizadas en un documento.<\/p>\n<p><em>\u201cDesde que llegamos aqu\u00ed tuvimos la motivaci\u00f3n, la intenci\u00f3n de la Gobernadora Claudia Pavlovich Arellano, de hacer un trabajo interno y externo lo m\u00e1s abierto posible para dar el servicio que los sonorenses ocupan desde la radio p\u00fablica, as\u00ed hemos trabajado desde que llegamos, y cuando \u00edbamos caminando nos \u00edbamos dando cuenta que a pesar de hacer actividades no estaban reflejadas en el contrato \u00bfC\u00f3mo nos amparamos? Entonces le dije a mi gente vamos poni\u00e9ndole orden\u201d<\/em>, se\u00f1al\u00f3.<\/p>\n<p>Al respecto, el Secretario General del SUTSPES, Luis Antonio Castro Ruiz, destac\u00f3 la colaboraci\u00f3n que existe entre el gremio sindical y las instituciones gubernamentales, con el prop\u00f3sito de darle respuesta a las inquietudes de los trabajadores.<\/p>\n<p><em>\u201cEsta firma de contrato colectivo es el primero que se firma de un organismo descentralizado, gracias a la voluntad y al trabajo en equipo que se ha venido haciendo, hab\u00eda un rezago de actualizaci\u00f3n de cosas que se han ido firmando con el Gobierno del Estado, de 2010 en delante, hace 8 a\u00f1os, y ah\u00ed se hab\u00eda dejado en ese momento para actualizar el trabajo, la responsabilidad, la obligaci\u00f3n, el derecho, todo lo que tiene el trabajador y la instituci\u00f3n\u201d,<\/em> coment\u00f3.<\/p>\n<p>Como testigos de la formalizaci\u00f3n de este contrato colectivo de trabajo firmaron: Ivone Andrade Zepeda, Coordinadora Ejecutiva de Comunicaci\u00f3n e Imagen Institucional; y Juan Galv\u00e1n Gallegos, Secretario del Interior del SUTSPES.<\/p>\n<p>(Fecha de publicaci\u00f3n 20062018)<\/p>\n","protected":false},"excerpt":{"rendered":"<p>HERMOSILLO, SONORA. MX.\u2014 El Secretario General del Sindicato \u00danico de Trabajadores al Servicio de los&#8230;<\/p>\n","protected":false},"author":1,"featured_media":39292,"comment_status":"open","ping_status":"open","sticky":false,"template":"","format":"standard","meta":{"_monsterinsights_skip_tracking":false,"_monsterinsights_sitenote_active":false,"_monsterinsights_sitenote_note":"","_monsterinsights_sitenote_category":0,"footnotes":""},"categories":[13,22],"tags":[],"class_list":["post"],"yoast_head":" \n<title>Sonora en Equipo. Renuevan contrato colectivo de trabajo SUTSPES y Radio Sonora Destacadas<\/title>\n<meta name=\"description\" content=\"HERMOSILLO, SONORA. MX.\u2014 El Secretario General del Sindicato \u00danico de Trabajadores al Servicio de los Poderes del Estado de Sonora, Luis Antonio Castro En Sonora en Equipo publicamos toda la informaci\u00f3n de Sonora, M\u00e9xico y el Mundo de manera oportuna y busca que la libertad de expresi\u00f3n sea real. Visita nuestro medio informativo publicado desde Hermosillo, Sonora. %\" \/>\n<meta name=\"robots\" content=\"index, follow, max-snippet:-1, max-image-preview:large, max-video-preview:-1\" \/>\n<link rel=\"canonical\" href=\"https:\/\/www.sonoraenequipo.com.mx\/renuevan-contrato-colectivo-de-trabajo-sutspes-y-radio-sonora\/\" \/>\n<meta property=\"og:locale\" content=\"es_ES\" \/>\n<meta property=\"og:type\" content=\"article\" \/>\n<meta property=\"og:title\" content=\"Sonora en Equipo. Renuevan contrato colectivo de trabajo SUTSPES y Radio Sonora Destacadas\" \/>\n<meta property=\"og:description\" content=\"HERMOSILLO, SONORA. MX.\u2014 El Secretario General del Sindicato \u00danico de Trabajadores al Servicio de los Poderes del Estado de Sonora, Luis Antonio Castro En Sonora en Equipo publicamos toda la informaci\u00f3n de Sonora, M\u00e9xico y el Mundo de manera oportuna y busca que la libertad de expresi\u00f3n sea real. Visita nuestro medio informativo publicado desde Hermosillo, Sonora. %\" \/>\n<meta property=\"og:url\" content=\"https:\/\/www.sonoraenequipo.com.mx\/renuevan-contrato-colectivo-de-trabajo-sutspes-y-radio-sonora\/\" \/>\n<meta property=\"og:site_name\" content=\"Sonora en Equipo.\" \/>\n<meta property=\"article:publisher\" content=\"https:\/\/www.facebook.com\/SonoraEE\/\" \/>\n<meta property=\"article:author\" content=\"https:\/\/www.facebook.com\/SonoraEE\" \/>\n<meta property=\"article:published_time\" content=\"2018-06-20T22:35:59+00:00\" \/>\n<meta property=\"article:modified_time\" content=\"2018-06-21T01:35:06+00:00\" \/>\n<meta property=\"og:image\" content=\"https:\/\/www.sonoraenequipo.com.mx\/storage\/2018\/06\/sutspesyradiosonora_opt.jpg\" \/>\n\t<meta property=\"og:image:width\" content=\"600\" \/>\n\t<meta property=\"og:image:height\" content=\"400\" \/>\n\t<meta property=\"og:image:type\" content=\"image\/jpeg\" \/>\n<meta name=\"author\" content=\"enequipo\" \/>\n<meta name=\"twitter:card\" content=\"summary_large_image\" \/>\n<meta name=\"twitter:creator\" content=\"@sonoraenequipo\" \/>\n<meta name=\"twitter:site\" content=\"@sonoraenequipo\" \/>\n<meta name=\"twitter:label1\" content=\"Escrito por\" \/>\n\t<meta name=\"twitter:data1\" content=\"enequipo\" \/>\n\t<meta name=\"twitter:label2\" content=\"Tiempo de lectura\" \/>\n\t<meta name=\"twitter:data2\" content=\"2 minutos\" \/>\n<script type=\"application\/ld+json\" class=\"yoast-schema-graph\">{\"@context\":\"https:\/\/schema.org\",\"@graph\":[{\"@type\":\"Article\",\"@id\":\"https:\/\/www.sonoraenequipo.com.mx\/renuevan-contrato-colectivo-de-trabajo-sutspes-y-radio-sonora\/#article\",\"isPartOf\":{\"@id\":\"https:\/\/www.sonoraenequipo.com.mx\/renuevan-contrato-colectivo-de-trabajo-sutspes-y-radio-sonora\/\"},\"author\":{\"name\":\"enequipo\",\"@id\":\"https:\/\/www.sonoraenequipo.com.mx\/#\/schema\/person\/50102df0fb23a8fa9e8effad8fa81386\"},\"headline\":\"Renuevan contrato colectivo de trabajo SUTSPES y Radio Sonora\",\"datePublished\":\"2018-06-20T22:35:59+00:00\",\"dateModified\":\"2018-06-21T01:35:06+00:00\",\"mainEntityOfPage\":{\"@id\":\"https:\/\/www.sonoraenequipo.com.mx\/renuevan-contrato-colectivo-de-trabajo-sutspes-y-radio-sonora\/\"},\"wordCount\":374,\"commentCount\":0,\"publisher\":{\"@id\":\"https:\/\/www.sonoraenequipo.com.mx\/#organization\"},\"image\":{\"@id\":\"https:\/\/www.sonoraenequipo.com.mx\/renuevan-contrato-colectivo-de-trabajo-sutspes-y-radio-sonora\/#primaryimage\"},\"thumbnailUrl\":\"https:\/\/www.sonoraenequipo.com.mx\/storage\/2018\/06\/sutspesyradiosonora_opt.jpg\",\"articleSection\":[\"Destacadas\",\"Sonora\"],\"inLanguage\":\"es\",\"potentialAction\":[{\"@type\":\"CommentAction\",\"name\":\"Comment\",\"target\":[\"https:\/\/www.sonoraenequipo.com.mx\/renuevan-contrato-colectivo-de-trabajo-sutspes-y-radio-sonora\/#respond\"]}]},{\"@type\":\"WebPage\",\"@id\":\"https:\/\/www.sonoraenequipo.com.mx\/renuevan-contrato-colectivo-de-trabajo-sutspes-y-radio-sonora\/\",\"url\":\"https:\/\/www.sonoraenequipo.com.mx\/renuevan-contrato-colectivo-de-trabajo-sutspes-y-radio-sonora\/\",\"name\":\"Sonora en Equipo. Renuevan contrato colectivo de trabajo SUTSPES y Radio Sonora Destacadas\",\"isPartOf\":{\"@id\":\"https:\/\/www.sonoraenequipo.com.mx\/#website\"},\"primaryImageOfPage\":{\"@id\":\"https:\/\/www.sonoraenequipo.com.mx\/renuevan-contrato-colectivo-de-trabajo-sutspes-y-radio-sonora\/#primaryimage\"},\"image\":{\"@id\":\"https:\/\/www.sonoraenequipo.com.mx\/renuevan-contrato-colectivo-de-trabajo-sutspes-y-radio-sonora\/#primaryimage\"},\"thumbnailUrl\":\"https:\/\/www.sonoraenequipo.com.mx\/storage\/2018\/06\/sutspesyradiosonora_opt.jpg\",\"datePublished\":\"2018-06-20T22:35:59+00:00\",\"dateModified\":\"2018-06-21T01:35:06+00:00\",\"description\":\"HERMOSILLO, SONORA. MX.\u2014 El Secretario General del Sindicato \u00danico de Trabajadores al Servicio de los Poderes del Estado de Sonora, Luis Antonio Castro En Sonora en Equipo publicamos toda la informaci\u00f3n de Sonora, M\u00e9xico y el Mundo de manera oportuna y busca que la libertad de expresi\u00f3n sea real. Visita nuestro medio informativo publicado desde Hermosillo, Sonora. %\",\"breadcrumb\":{\"@id\":\"https:\/\/www.sonoraenequipo.com.mx\/renuevan-contrato-colectivo-de-trabajo-sutspes-y-radio-sonora\/#breadcrumb\"},\"inLanguage\":\"es\",\"potentialAction\":[{\"@type\":\"ReadAction\",\"target\":[\"https:\/\/www.sonoraenequipo.com.mx\/renuevan-contrato-colectivo-de-trabajo-sutspes-y-radio-sonora\/\"]}]},{\"@type\":\"ImageObject\",\"inLanguage\":\"es\",\"@id\":\"https:\/\/www.sonoraenequipo.com.mx\/renuevan-contrato-colectivo-de-trabajo-sutspes-y-radio-sonora\/#primaryimage\",\"url\":\"https:\/\/www.sonoraenequipo.com.mx\/storage\/2018\/06\/sutspesyradiosonora_opt.jpg\",\"contentUrl\":\"https:\/\/www.sonoraenequipo.com.mx\/storage\/2018\/06\/sutspesyradiosonora_opt.jpg\",\"width\":600,\"height\":400},{\"@type\":\"BreadcrumbList\",\"@id\":\"https:\/\/www.sonoraenequipo.com.mx\/renuevan-contrato-colectivo-de-trabajo-sutspes-y-radio-sonora\/#breadcrumb\",\"itemListElement\":[{\"@type\":\"ListItem\",\"position\":1,\"name\":\"Portada\",\"item\":\"https:\/\/www.sonoraenequipo.com.mx\/\"},{\"@type\":\"ListItem\",\"position\":2,\"name\":\"Renuevan contrato colectivo de trabajo SUTSPES y Radio Sonora\"}]},{\"@type\":\"WebSite\",\"@id\":\"https:\/\/www.sonoraenequipo.com.mx\/#website\",\"url\":\"https:\/\/www.sonoraenequipo.com.mx\/\",\"name\":\"Sonora en Equipo.\",\"description\":\"Diario en l\u00ednea con Noticias desde Hermosillo, Sonora\",\"publisher\":{\"@id\":\"https:\/\/www.sonoraenequipo.com.mx\/#organization\"},\"potentialAction\":[{\"@type\":\"SearchAction\",\"target\":{\"@type\":\"EntryPoint\",\"urlTemplate\":\"https:\/\/www.sonoraenequipo.com.mx\/?s={search_term_string}\"},\"query-input\":{\"@type\":\"PropertyValueSpecification\",\"valueRequired\":true,\"valueName\":\"search_term_string\"}}],\"inLanguage\":\"es\"},{\"@type\":\"Organization\",\"@id\":\"https:\/\/www.sonoraenequipo.com.mx\/#organization\",\"name\":\"Sonoraenequipo.com.mx\",\"url\":\"https:\/\/www.sonoraenequipo.com.mx\/\",\"logo\":{\"@type\":\"ImageObject\",\"inLanguage\":\"es\",\"@id\":\"https:\/\/www.sonoraenequipo.com.mx\/#\/schema\/logo\/image\/\",\"url\":\"https:\/\/www.sonoraenequipo.com.mx\/storage\/2019\/01\/sonoraenequipo_opt.png\",\"contentUrl\":\"https:\/\/www.sonoraenequipo.com.mx\/storage\/2019\/01\/sonoraenequipo_opt.png\",\"width\":375,\"height\":125,\"caption\":\"Sonoraenequipo.com.mx\"},\"image\":{\"@id\":\"https:\/\/www.sonoraenequipo.com.mx\/#\/schema\/logo\/image\/\"},\"sameAs\":[\"https:\/\/www.facebook.com\/SonoraEE\/\",\"https:\/\/x.com\/sonoraenequipo\",\"https:\/\/www.youtube.com\/channel\/UC338nW-lPEYmJQs4ZABQ1SQ\"]},{\"@type\":\"Person\",\"@id\":\"https:\/\/www.sonoraenequipo.com.mx\/#\/schema\/person\/50102df0fb23a8fa9e8effad8fa81386\",\"name\":\"enequipo\",\"image\":{\"@type\":\"ImageObject\",\"inLanguage\":\"es\",\"@id\":\"https:\/\/www.sonoraenequipo.com.mx\/#\/schema\/person\/image\/\",\"url\":\"https:\/\/secure.gravatar.com\/avatar\/049821681b589dabc0bc20695993ccebb09f5b5d4d790cd9251b97faac7c652b?s=96&d=blank&r=g\",\"contentUrl\":\"https:\/\/secure.gravatar.com\/avatar\/049821681b589dabc0bc20695993ccebb09f5b5d4d790cd9251b97faac7c652b?s=96&d=blank&r=g\",\"caption\":\"enequipo\"},\"sameAs\":[\"https:\/\/www.facebook.com\/SonoraEE\"]}]}<\/script>\n ","yoast_head_json":{"title":"Sonora en Equipo. Renuevan contrato colectivo de trabajo SUTSPES y Radio Sonora Destacadas","description":"HERMOSILLO, SONORA. MX.\u2014 El Secretario General del Sindicato \u00danico de Trabajadores al Servicio de los Poderes del Estado de Sonora, Luis Antonio Castro En Sonora en Equipo publicamos toda la informaci\u00f3n de Sonora, M\u00e9xico y el Mundo de manera oportuna y busca que la libertad de expresi\u00f3n sea real. Visita nuestro medio informativo publicado desde Hermosillo, Sonora. %","robots":{"index":"index","follow":"follow","max-snippet":"max-snippet:-1","max-image-preview":"max-image-preview:large","max-video-preview":"max-video-preview:-1"},"canonical":"https:\/\/www.sonoraenequipo.com.mx\/renuevan-contrato-colectivo-de-trabajo-sutspes-y-radio-sonora\/","og_locale":"es_ES","og_type":"article","og_title":"Sonora en Equipo. Renuevan contrato colectivo de trabajo SUTSPES y Radio Sonora Destacadas","og_description":"HERMOSILLO, SONORA. MX.\u2014 El Secretario General del Sindicato \u00danico de Trabajadores al Servicio de los Poderes del Estado de Sonora, Luis Antonio Castro En Sonora en Equipo publicamos toda la informaci\u00f3n de Sonora, M\u00e9xico y el Mundo de manera oportuna y busca que la libertad de expresi\u00f3n sea real. Visita nuestro medio informativo publicado desde Hermosillo, Sonora. %","og_url":"https:\/\/www.sonoraenequipo.com.mx\/renuevan-contrato-colectivo-de-trabajo-sutspes-y-radio-sonora\/","og_site_name":"Sonora en Equipo.","article_publisher":"https:\/\/www.facebook.com\/SonoraEE\/","article_author":"https:\/\/www.facebook.com\/SonoraEE","article_published_time":"2018-06-20T22:35:59+00:00","article_modified_time":"2018-06-21T01:35:06+00:00","og_image":[{"width":600,"height":400,"url":"https:\/\/www.sonoraenequipo.com.mx\/storage\/2018\/06\/sutspesyradiosonora_opt.jpg","type":"image\/jpeg"}],"author":"enequipo","twitter_card":"summary_large_image","twitter_creator":"@sonoraenequipo","twitter_site":"@sonoraenequipo","twitter_misc":{"Escrito por":"enequipo","Tiempo de lectura":"2 minutos"},"schema":{"@context":"https:\/\/schema.org","@graph":[{"@type":"Article","@id":"https:\/\/www.sonoraenequipo.com.mx\/renuevan-contrato-colectivo-de-trabajo-sutspes-y-radio-sonora\/#article","isPartOf":{"@id":"https:\/\/www.sonoraenequipo.com.mx\/renuevan-contrato-colectivo-de-trabajo-sutspes-y-radio-sonora\/"},"author":{"name":"enequipo","@id":"https:\/\/www.sonoraenequipo.com.mx\/#\/schema\/person\/50102df0fb23a8fa9e8effad8fa81386"},"headline":"Renuevan contrato colectivo de trabajo SUTSPES y Radio Sonora","datePublished":"2018-06-20T22:35:59+00:00","dateModified":"2018-06-21T01:35:06+00:00","mainEntityOfPage":{"@id":"https:\/\/www.sonoraenequipo.com.mx\/renuevan-contrato-colectivo-de-trabajo-sutspes-y-radio-sonora\/"},"wordCount":374,"commentCount":0,"publisher":{"@id":"https:\/\/www.sonoraenequipo.com.mx\/#organization"},"image":{"@id":"https:\/\/www.sonoraenequipo.com.mx\/renuevan-contrato-colectivo-de-trabajo-sutspes-y-radio-sonora\/#primaryimage"},"thumbnailUrl":"https:\/\/www.sonoraenequipo.com.mx\/storage\/2018\/06\/sutspesyradiosonora_opt.jpg","articleSection":["Destacadas","Sonora"],"inLanguage":"es","potentialAction":[{"@type":"CommentAction","name":"Comment","target":["https:\/\/www.sonoraenequipo.com.mx\/renuevan-contrato-colectivo-de-trabajo-sutspes-y-radio-sonora\/#respond"]}]},{"@type":"WebPage","@id":"https:\/\/www.sonoraenequipo.com.mx\/renuevan-contrato-colectivo-de-trabajo-sutspes-y-radio-sonora\/","url":"https:\/\/www.sonoraenequipo.com.mx\/renuevan-contrato-colectivo-de-trabajo-sutspes-y-radio-sonora\/","name":"Sonora en Equipo. Renuevan contrato colectivo de trabajo SUTSPES y Radio Sonora Destacadas","isPartOf":{"@id":"https:\/\/www.sonoraenequipo.com.mx\/#website"},"primaryImageOfPage":{"@id":"https:\/\/www.sonoraenequipo.com.mx\/renuevan-contrato-colectivo-de-trabajo-sutspes-y-radio-sonora\/#primaryimage"},"image":{"@id":"https:\/\/www.sonoraenequipo.com.mx\/renuevan-contrato-colectivo-de-trabajo-sutspes-y-radio-sonora\/#primaryimage"},"thumbnailUrl":"https:\/\/www.sonoraenequipo.com.mx\/storage\/2018\/06\/sutspesyradiosonora_opt.jpg","datePublished":"2018-06-20T22:35:59+00:00","dateModified":"2018-06-21T01:35:06+00:00","description":"HERMOSILLO, SONORA. MX.\u2014 El Secretario General del Sindicato \u00danico de Trabajadores al Servicio de los Poderes del Estado de Sonora, Luis Antonio Castro En Sonora en Equipo publicamos toda la informaci\u00f3n de Sonora, M\u00e9xico y el Mundo de manera oportuna y busca que la libertad de expresi\u00f3n sea real. Visita nuestro medio informativo publicado desde Hermosillo, Sonora. %","breadcrumb":{"@id":"https:\/\/www.sonoraenequipo.com.mx\/renuevan-contrato-colectivo-de-trabajo-sutspes-y-radio-sonora\/#breadcrumb"},"inLanguage":"es","potentialAction":[{"@type":"ReadAction","target":["https:\/\/www.sonoraenequipo.com.mx\/renuevan-contrato-colectivo-de-trabajo-sutspes-y-radio-sonora\/"]}]},{"@type":"ImageObject","inLanguage":"es","@id":"https:\/\/www.sonoraenequipo.com.mx\/renuevan-contrato-colectivo-de-trabajo-sutspes-y-radio-sonora\/#primaryimage","url":"https:\/\/www.sonoraenequipo.com.mx\/storage\/2018\/06\/sutspesyradiosonora_opt.jpg","contentUrl":"https:\/\/www.sonoraenequipo.com.mx\/storage\/2018\/06\/sutspesyradiosonora_opt.jpg","width":600,"height":400},{"@type":"BreadcrumbList","@id":"https:\/\/www.sonoraenequipo.com.mx\/renuevan-contrato-colectivo-de-trabajo-sutspes-y-radio-sonora\/#breadcrumb","itemListElement":[{"@type":"ListItem","position":1,"name":"Portada","item":"https:\/\/www.sonoraenequipo.com.mx\/"},{"@type":"ListItem","position":2,"name":"Renuevan contrato colectivo de trabajo SUTSPES y Radio Sonora"}]},{"@type":"WebSite","@id":"https:\/\/www.sonoraenequipo.com.mx\/#website","url":"https:\/\/www.sonoraenequipo.com.mx\/","name":"Sonora en Equipo.","description":"Diario en l\u00ednea con Noticias desde Hermosillo, Sonora","publisher":{"@id":"https:\/\/www.sonoraenequipo.com.mx\/#organization"},"potentialAction":[{"@type":"SearchAction","target":{"@type":"EntryPoint","urlTemplate":"https:\/\/www.sonoraenequipo.com.mx\/?s={search_term_string}"},"query-input":{"@type":"PropertyValueSpecification","valueRequired":true,"valueName":"search_term_string"}}],"inLanguage":"es"},{"@type":"Organization","@id":"https:\/\/www.sonoraenequipo.com.mx\/#organization","name":"Sonoraenequipo.com.mx","url":"https:\/\/www.sonoraenequipo.com.mx\/","logo":{"@type":"ImageObject","inLanguage":"es","@id":"https:\/\/www.sonoraenequipo.com.mx\/#\/schema\/logo\/image\/","url":"https:\/\/www.sonoraenequipo.com.mx\/storage\/2019\/01\/sonoraenequipo_opt.png","contentUrl":"https:\/\/www.sonoraenequipo.com.mx\/storage\/2019\/01\/sonoraenequipo_opt.png","width":375,"height":125,"caption":"Sonoraenequipo.com.mx"},"image":{"@id":"https:\/\/www.sonoraenequipo.com.mx\/#\/schema\/logo\/image\/"},"sameAs":["https:\/\/www.facebook.com\/SonoraEE\/","https:\/\/x.com\/sonoraenequipo","https:\/\/www.youtube.com\/channel\/UC338nW-lPEYmJQs4ZABQ1SQ"]},{"@type":"Person","@id":"https:\/\/www.sonoraenequipo.com.mx\/#\/schema\/person\/50102df0fb23a8fa9e8effad8fa81386","name":"enequipo","image":{"@type":"ImageObject","inLanguage":"es","@id":"https:\/\/www.sonoraenequipo.com.mx\/#\/schema\/person\/image\/","url":"https:\/\/secure.gravatar.com\/avatar\/049821681b589dabc0bc20695993ccebb09f5b5d4d790cd9251b97faac7c652b?s=96&d=blank&r=g","contentUrl":"https:\/\/secure.gravatar.com\/avatar\/049821681b589dabc0bc20695993ccebb09f5b5d4d790cd9251b97faac7c652b?s=96&d=blank&r=g","caption":"enequipo"},"sameAs":["https:\/\/www.facebook.com\/SonoraEE"]}]}},"jetpack_featured_media_url":"https:\/\/www.sonoraenequipo.com.mx\/storage\/2018\/06\/sutspesyradiosonora_opt.jpg","_links":{"self":[{"href":"https:\/\/www.sonoraenequipo.com.mx\/api\/wp\/v2\/posts\/39302","targetHints":{"allow":["GET"]}}],"collection":[{"href":"https:\/\/www.sonoraenequipo.com.mx\/api\/wp\/v2\/posts"}],"about":[{"href":"https:\/\/www.sonoraenequipo.com.mx\/api\/wp\/v2\/types\/post"}],"author":[{"embeddable":true,"href":"https:\/\/www.sonoraenequipo.com.mx\/api\/wp\/v2\/users\/1"}],"replies":[{"embeddable":true,"href":"https:\/\/www.sonoraenequipo.com.mx\/api\/wp\/v2\/comments?post=39302"}],"version-history":[{"count":0,"href":"https:\/\/www.sonoraenequipo.com.mx\/api\/wp\/v2\/posts\/39302\/revisions"}],"wp:featuredmedia":[{"embeddable":true,"href":"https:\/\/www.sonoraenequipo.com.mx\/api\/wp\/v2\/media\/39292"}],"wp:attachment":[{"href":"https:\/\/www.sonoraenequipo.com.mx\/api\/wp\/v2\/media?parent=39302"}],"wp:term":[{"taxonomy":"category","embeddable":true,"href":"https:\/\/www.sonoraenequipo.com.mx\/api\/wp\/v2\/categories?post=39302"},{"taxonomy":"post_tag","embeddable":true,"href":"https:\/\/www.sonoraenequipo.com.mx\/api\/wp\/v2\/tags?post=39302"}],"curies":[{"name":"wp","href":"https:\/\/api.w.org\/{rel}","templated":true}]}}