{"id":39304,"date":"2018-06-20T15:02:37","date_gmt":"2018-06-20T22:02:37","guid":{"rendered":"http:\/\/www.sonoraenequipo.com.mx\/?p=39304"},"modified":"2018-06-20T18:37:42","modified_gmt":"2018-06-21T01:37:42","slug":"nunca-mas-actos-que-atenten-contra-derechos-de-menores-gobernadora","status":"publish","type":"post","link":"https:\/\/www.sonoraenequipo.com.mx\/nunca-mas-actos-que-atenten-contra-derechos-de-menores-gobernadora\/","title":{"rendered":"Nunca m\u00e1s actos que atenten contra derechos de menores: Gobernadora"},"content":{"rendered":"<p>HERMOSILLO, SONORA. MX. \u2014 En Sonora se prioriza la protecci\u00f3n de ni\u00f1os, ni\u00f1as y adolescentes, por eso condenamos se vulneren sus derechos, y nos unimos al reclamo de que nunca m\u00e1s se repitan acciones condenables y reprobables, asegur\u00f3 la Gobernadora Pavlovich Arellano en torno a la separaci\u00f3n de menores migrantes de sus padres y su encierro en jaulas en Estados Unidos.<\/p>\n<p> <\/p>\n<p>La Mandataria Estatal indic\u00f3 que aun cuando se sabe de una decisi\u00f3n para poner fin a esta acci\u00f3n por parte del Gobierno estadounidense, eso no quita lo inhumano del acto, y fue en\u00e9rgica al exigir que nunca m\u00e1s se vulneren los derechos de la ni\u00f1ez, no s\u00f3lo migrante, sino de toda la ni\u00f1ez en el mundo.<\/p>\n<p><em>\u201cQue nunca m\u00e1s se repitan estas acciones condenables y reprobables que muestran una absoluta falta de respeto hacia la dignidad de las personas. Nunca m\u00e1s nos veamos obligados a alzar la voz frente a este tipo de medidas retrogradas y carentes de todo sentido de humanidad y solidaridad\u201d,<\/em> subray\u00f3.<\/p>\n<p>Sonora no s\u00f3lo se une a la exigencia de \u201cNunca m\u00e1s\u201d, apunt\u00f3, sino que con hechos prioriza la protecci\u00f3n de los ni\u00f1os, ni\u00f1as y adolescentes.<\/p>\n<p>La Gobernadora Pavlovich a\u00f1adi\u00f3 que al inicio de su administraci\u00f3n observaron la necesidad de brindar los mismos tratos a ni\u00f1as, ni\u00f1os y adolescentes extranjeros acompa\u00f1ados y no acompa\u00f1ados, detectados en Sonora en situaci\u00f3n de migraci\u00f3n.<\/p>\n<p>Por ello, en 2017, se inici\u00f3 la construcci\u00f3n del albergue Tin Otoh (Mi Casa, en lengua Mayo) con m\u00e1s de 21 millones de pesos que fueron aportados por la organizaci\u00f3n Howard G. Foundation y 2 millones 674 mil 322 pesos m\u00e1s para su equipamiento, por parte del Sistema DIF Nacional.<\/p>\n<p>Dicho albergue que es ejemplo a nivel nacional, ser\u00e1 una realidad este a\u00f1o y vendr\u00e1 a reforzar las medidas para brindar el mismo trato digno a ni\u00f1as, ni\u00f1os y adolescentes extranjeros acompa\u00f1ados y no acompa\u00f1ados, detectados en Sonora\u201d, manifest\u00f3.<\/p>\n<p>Adem\u00e1s, destac\u00f3 que a trav\u00e9s del programa <em>\u201cCamino a Casa\u201d<\/em>, que opera desde el 2004, atienden de manera inmediata a ni\u00f1as, ni\u00f1os y adolescentes no acompa\u00f1ados que son repatriados diariamente, con alojamiento digno, alimentaci\u00f3n, atenci\u00f3n m\u00e9dica, sicol\u00f3gica y jur\u00eddica gratuita, adem\u00e1s de brindarles acceso a juegos y esparcimiento, como es el derecho de la ni\u00f1ez.<\/p>\n<p>(Fecha de publicaci\u00f3n 20062018)<\/p>\n","protected":false},"excerpt":{"rendered":"<p>HERMOSILLO, SONORA. MX. \u2014 En Sonora se prioriza la protecci\u00f3n de ni\u00f1os, ni\u00f1as y adolescentes,&#8230;<\/p>\n","protected":false},"author":1,"featured_media":39295,"comment_status":"open","ping_status":"open","sticky":false,"template":"","format":"standard","meta":{"_monsterinsights_skip_tracking":false,"_monsterinsights_sitenote_active":false,"_monsterinsights_sitenote_note":"","_monsterinsights_sitenote_category":0,"footnotes":""},"categories":[13,22],"tags":[],"class_list":["post"],"yoast_head":" \n<title>Sonora en Equipo. Nunca m\u00e1s actos que atenten contra derechos de menores: Gobernadora Destacadas<\/title>\n<meta name=\"description\" content=\"HERMOSILLO, SONORA. MX. \u2014 En Sonora se prioriza la protecci\u00f3n de ni\u00f1os, ni\u00f1as y adolescentes, por eso condenamos se vulneren sus derechos, y nos unimos al En Sonora en Equipo publicamos toda la informaci\u00f3n de Sonora, M\u00e9xico y el Mundo de manera oportuna y busca que la libertad de expresi\u00f3n sea real. Visita nuestro medio informativo publicado desde Hermosillo, Sonora. %\" \/>\n<meta name=\"robots\" content=\"index, follow, max-snippet:-1, max-image-preview:large, max-video-preview:-1\" \/>\n<link rel=\"canonical\" href=\"https:\/\/www.sonoraenequipo.com.mx\/nunca-mas-actos-que-atenten-contra-derechos-de-menores-gobernadora\/\" \/>\n<meta property=\"og:locale\" content=\"es_ES\" \/>\n<meta property=\"og:type\" content=\"article\" \/>\n<meta property=\"og:title\" content=\"Sonora en Equipo. Nunca m\u00e1s actos que atenten contra derechos de menores: Gobernadora Destacadas\" \/>\n<meta property=\"og:description\" content=\"HERMOSILLO, SONORA. MX. \u2014 En Sonora se prioriza la protecci\u00f3n de ni\u00f1os, ni\u00f1as y adolescentes, por eso condenamos se vulneren sus derechos, y nos unimos al En Sonora en Equipo publicamos toda la informaci\u00f3n de Sonora, M\u00e9xico y el Mundo de manera oportuna y busca que la libertad de expresi\u00f3n sea real. Visita nuestro medio informativo publicado desde Hermosillo, Sonora. %\" \/>\n<meta property=\"og:url\" content=\"https:\/\/www.sonoraenequipo.com.mx\/nunca-mas-actos-que-atenten-contra-derechos-de-menores-gobernadora\/\" \/>\n<meta property=\"og:site_name\" content=\"Sonora en Equipo.\" \/>\n<meta property=\"article:publisher\" content=\"https:\/\/www.facebook.com\/SonoraEE\/\" \/>\n<meta property=\"article:author\" content=\"https:\/\/www.facebook.com\/SonoraEE\" \/>\n<meta property=\"article:published_time\" content=\"2018-06-20T22:02:37+00:00\" \/>\n<meta property=\"article:modified_time\" content=\"2018-06-21T01:37:42+00:00\" \/>\n<meta property=\"og:image\" content=\"https:\/\/www.sonoraenequipo.com.mx\/storage\/2018\/06\/pavlovichclaare_opt.jpg\" \/>\n\t<meta property=\"og:image:width\" content=\"600\" \/>\n\t<meta property=\"og:image:height\" content=\"557\" \/>\n\t<meta property=\"og:image:type\" content=\"image\/jpeg\" \/>\n<meta name=\"author\" content=\"enequipo\" \/>\n<meta name=\"twitter:card\" content=\"summary_large_image\" \/>\n<meta name=\"twitter:creator\" content=\"@sonoraenequipo\" \/>\n<meta name=\"twitter:site\" content=\"@sonoraenequipo\" \/>\n<meta name=\"twitter:label1\" content=\"Escrito por\" \/>\n\t<meta name=\"twitter:data1\" content=\"enequipo\" \/>\n\t<meta name=\"twitter:label2\" content=\"Tiempo de lectura\" \/>\n\t<meta name=\"twitter:data2\" content=\"2 minutos\" \/>\n<script type=\"application\/ld+json\" class=\"yoast-schema-graph\">{\"@context\":\"https:\/\/schema.org\",\"@graph\":[{\"@type\":\"Article\",\"@id\":\"https:\/\/www.sonoraenequipo.com.mx\/nunca-mas-actos-que-atenten-contra-derechos-de-menores-gobernadora\/#article\",\"isPartOf\":{\"@id\":\"https:\/\/www.sonoraenequipo.com.mx\/nunca-mas-actos-que-atenten-contra-derechos-de-menores-gobernadora\/\"},\"author\":{\"name\":\"enequipo\",\"@id\":\"https:\/\/www.sonoraenequipo.com.mx\/#\/schema\/person\/50102df0fb23a8fa9e8effad8fa81386\"},\"headline\":\"Nunca m\u00e1s actos que atenten contra derechos de menores: Gobernadora\",\"datePublished\":\"2018-06-20T22:02:37+00:00\",\"dateModified\":\"2018-06-21T01:37:42+00:00\",\"mainEntityOfPage\":{\"@id\":\"https:\/\/www.sonoraenequipo.com.mx\/nunca-mas-actos-que-atenten-contra-derechos-de-menores-gobernadora\/\"},\"wordCount\":426,\"commentCount\":0,\"publisher\":{\"@id\":\"https:\/\/www.sonoraenequipo.com.mx\/#organization\"},\"image\":{\"@id\":\"https:\/\/www.sonoraenequipo.com.mx\/nunca-mas-actos-que-atenten-contra-derechos-de-menores-gobernadora\/#primaryimage\"},\"thumbnailUrl\":\"https:\/\/www.sonoraenequipo.com.mx\/storage\/2018\/06\/pavlovichclaare_opt.jpg\",\"articleSection\":[\"Destacadas\",\"Sonora\"],\"inLanguage\":\"es\",\"potentialAction\":[{\"@type\":\"CommentAction\",\"name\":\"Comment\",\"target\":[\"https:\/\/www.sonoraenequipo.com.mx\/nunca-mas-actos-que-atenten-contra-derechos-de-menores-gobernadora\/#respond\"]}]},{\"@type\":\"WebPage\",\"@id\":\"https:\/\/www.sonoraenequipo.com.mx\/nunca-mas-actos-que-atenten-contra-derechos-de-menores-gobernadora\/\",\"url\":\"https:\/\/www.sonoraenequipo.com.mx\/nunca-mas-actos-que-atenten-contra-derechos-de-menores-gobernadora\/\",\"name\":\"Sonora en Equipo. Nunca m\u00e1s actos que atenten contra derechos de menores: Gobernadora Destacadas\",\"isPartOf\":{\"@id\":\"https:\/\/www.sonoraenequipo.com.mx\/#website\"},\"primaryImageOfPage\":{\"@id\":\"https:\/\/www.sonoraenequipo.com.mx\/nunca-mas-actos-que-atenten-contra-derechos-de-menores-gobernadora\/#primaryimage\"},\"image\":{\"@id\":\"https:\/\/www.sonoraenequipo.com.mx\/nunca-mas-actos-que-atenten-contra-derechos-de-menores-gobernadora\/#primaryimage\"},\"thumbnailUrl\":\"https:\/\/www.sonoraenequipo.com.mx\/storage\/2018\/06\/pavlovichclaare_opt.jpg\",\"datePublished\":\"2018-06-20T22:02:37+00:00\",\"dateModified\":\"2018-06-21T01:37:42+00:00\",\"description\":\"HERMOSILLO, SONORA. MX. \u2014 En Sonora se prioriza la protecci\u00f3n de ni\u00f1os, ni\u00f1as y adolescentes, por eso condenamos se vulneren sus derechos, y nos unimos al En Sonora en Equipo publicamos toda la informaci\u00f3n de Sonora, M\u00e9xico y el Mundo de manera oportuna y busca que la libertad de expresi\u00f3n sea real. Visita nuestro medio informativo publicado desde Hermosillo, Sonora. %\",\"breadcrumb\":{\"@id\":\"https:\/\/www.sonoraenequipo.com.mx\/nunca-mas-actos-que-atenten-contra-derechos-de-menores-gobernadora\/#breadcrumb\"},\"inLanguage\":\"es\",\"potentialAction\":[{\"@type\":\"ReadAction\",\"target\":[\"https:\/\/www.sonoraenequipo.com.mx\/nunca-mas-actos-que-atenten-contra-derechos-de-menores-gobernadora\/\"]}]},{\"@type\":\"ImageObject\",\"inLanguage\":\"es\",\"@id\":\"https:\/\/www.sonoraenequipo.com.mx\/nunca-mas-actos-que-atenten-contra-derechos-de-menores-gobernadora\/#primaryimage\",\"url\":\"https:\/\/www.sonoraenequipo.com.mx\/storage\/2018\/06\/pavlovichclaare_opt.jpg\",\"contentUrl\":\"https:\/\/www.sonoraenequipo.com.mx\/storage\/2018\/06\/pavlovichclaare_opt.jpg\",\"width\":600,\"height\":557},{\"@type\":\"BreadcrumbList\",\"@id\":\"https:\/\/www.sonoraenequipo.com.mx\/nunca-mas-actos-que-atenten-contra-derechos-de-menores-gobernadora\/#breadcrumb\",\"itemListElement\":[{\"@type\":\"ListItem\",\"position\":1,\"name\":\"Portada\",\"item\":\"https:\/\/www.sonoraenequipo.com.mx\/\"},{\"@type\":\"ListItem\",\"position\":2,\"name\":\"Nunca m\u00e1s actos que atenten contra derechos de menores: Gobernadora\"}]},{\"@type\":\"WebSite\",\"@id\":\"https:\/\/www.sonoraenequipo.com.mx\/#website\",\"url\":\"https:\/\/www.sonoraenequipo.com.mx\/\",\"name\":\"Sonora en Equipo.\",\"description\":\"Diario en l\u00ednea con Noticias desde Hermosillo, Sonora\",\"publisher\":{\"@id\":\"https:\/\/www.sonoraenequipo.com.mx\/#organization\"},\"potentialAction\":[{\"@type\":\"SearchAction\",\"target\":{\"@type\":\"EntryPoint\",\"urlTemplate\":\"https:\/\/www.sonoraenequipo.com.mx\/?s={search_term_string}\"},\"query-input\":{\"@type\":\"PropertyValueSpecification\",\"valueRequired\":true,\"valueName\":\"search_term_string\"}}],\"inLanguage\":\"es\"},{\"@type\":\"Organization\",\"@id\":\"https:\/\/www.sonoraenequipo.com.mx\/#organization\",\"name\":\"Sonoraenequipo.com.mx\",\"url\":\"https:\/\/www.sonoraenequipo.com.mx\/\",\"logo\":{\"@type\":\"ImageObject\",\"inLanguage\":\"es\",\"@id\":\"https:\/\/www.sonoraenequipo.com.mx\/#\/schema\/logo\/image\/\",\"url\":\"https:\/\/www.sonoraenequipo.com.mx\/storage\/2019\/01\/sonoraenequipo_opt.png\",\"contentUrl\":\"https:\/\/www.sonoraenequipo.com.mx\/storage\/2019\/01\/sonoraenequipo_opt.png\",\"width\":375,\"height\":125,\"caption\":\"Sonoraenequipo.com.mx\"},\"image\":{\"@id\":\"https:\/\/www.sonoraenequipo.com.mx\/#\/schema\/logo\/image\/\"},\"sameAs\":[\"https:\/\/www.facebook.com\/SonoraEE\/\",\"https:\/\/x.com\/sonoraenequipo\",\"https:\/\/www.youtube.com\/channel\/UC338nW-lPEYmJQs4ZABQ1SQ\"]},{\"@type\":\"Person\",\"@id\":\"https:\/\/www.sonoraenequipo.com.mx\/#\/schema\/person\/50102df0fb23a8fa9e8effad8fa81386\",\"name\":\"enequipo\",\"image\":{\"@type\":\"ImageObject\",\"inLanguage\":\"es\",\"@id\":\"https:\/\/www.sonoraenequipo.com.mx\/#\/schema\/person\/image\/\",\"url\":\"https:\/\/secure.gravatar.com\/avatar\/049821681b589dabc0bc20695993ccebb09f5b5d4d790cd9251b97faac7c652b?s=96&d=blank&r=g\",\"contentUrl\":\"https:\/\/secure.gravatar.com\/avatar\/049821681b589dabc0bc20695993ccebb09f5b5d4d790cd9251b97faac7c652b?s=96&d=blank&r=g\",\"caption\":\"enequipo\"},\"sameAs\":[\"https:\/\/www.facebook.com\/SonoraEE\"]}]}<\/script>\n ","yoast_head_json":{"title":"Sonora en Equipo. Nunca m\u00e1s actos que atenten contra derechos de menores: Gobernadora Destacadas","description":"HERMOSILLO, SONORA. MX. \u2014 En Sonora se prioriza la protecci\u00f3n de ni\u00f1os, ni\u00f1as y adolescentes, por eso condenamos se vulneren sus derechos, y nos unimos al En Sonora en Equipo publicamos toda la informaci\u00f3n de Sonora, M\u00e9xico y el Mundo de manera oportuna y busca que la libertad de expresi\u00f3n sea real. Visita nuestro medio informativo publicado desde Hermosillo, Sonora. %","robots":{"index":"index","follow":"follow","max-snippet":"max-snippet:-1","max-image-preview":"max-image-preview:large","max-video-preview":"max-video-preview:-1"},"canonical":"https:\/\/www.sonoraenequipo.com.mx\/nunca-mas-actos-que-atenten-contra-derechos-de-menores-gobernadora\/","og_locale":"es_ES","og_type":"article","og_title":"Sonora en Equipo. Nunca m\u00e1s actos que atenten contra derechos de menores: Gobernadora Destacadas","og_description":"HERMOSILLO, SONORA. MX. \u2014 En Sonora se prioriza la protecci\u00f3n de ni\u00f1os, ni\u00f1as y adolescentes, por eso condenamos se vulneren sus derechos, y nos unimos al En Sonora en Equipo publicamos toda la informaci\u00f3n de Sonora, M\u00e9xico y el Mundo de manera oportuna y busca que la libertad de expresi\u00f3n sea real. Visita nuestro medio informativo publicado desde Hermosillo, Sonora. %","og_url":"https:\/\/www.sonoraenequipo.com.mx\/nunca-mas-actos-que-atenten-contra-derechos-de-menores-gobernadora\/","og_site_name":"Sonora en Equipo.","article_publisher":"https:\/\/www.facebook.com\/SonoraEE\/","article_author":"https:\/\/www.facebook.com\/SonoraEE","article_published_time":"2018-06-20T22:02:37+00:00","article_modified_time":"2018-06-21T01:37:42+00:00","og_image":[{"width":600,"height":557,"url":"https:\/\/www.sonoraenequipo.com.mx\/storage\/2018\/06\/pavlovichclaare_opt.jpg","type":"image\/jpeg"}],"author":"enequipo","twitter_card":"summary_large_image","twitter_creator":"@sonoraenequipo","twitter_site":"@sonoraenequipo","twitter_misc":{"Escrito por":"enequipo","Tiempo de lectura":"2 minutos"},"schema":{"@context":"https:\/\/schema.org","@graph":[{"@type":"Article","@id":"https:\/\/www.sonoraenequipo.com.mx\/nunca-mas-actos-que-atenten-contra-derechos-de-menores-gobernadora\/#article","isPartOf":{"@id":"https:\/\/www.sonoraenequipo.com.mx\/nunca-mas-actos-que-atenten-contra-derechos-de-menores-gobernadora\/"},"author":{"name":"enequipo","@id":"https:\/\/www.sonoraenequipo.com.mx\/#\/schema\/person\/50102df0fb23a8fa9e8effad8fa81386"},"headline":"Nunca m\u00e1s actos que atenten contra derechos de menores: Gobernadora","datePublished":"2018-06-20T22:02:37+00:00","dateModified":"2018-06-21T01:37:42+00:00","mainEntityOfPage":{"@id":"https:\/\/www.sonoraenequipo.com.mx\/nunca-mas-actos-que-atenten-contra-derechos-de-menores-gobernadora\/"},"wordCount":426,"commentCount":0,"publisher":{"@id":"https:\/\/www.sonoraenequipo.com.mx\/#organization"},"image":{"@id":"https:\/\/www.sonoraenequipo.com.mx\/nunca-mas-actos-que-atenten-contra-derechos-de-menores-gobernadora\/#primaryimage"},"thumbnailUrl":"https:\/\/www.sonoraenequipo.com.mx\/storage\/2018\/06\/pavlovichclaare_opt.jpg","articleSection":["Destacadas","Sonora"],"inLanguage":"es","potentialAction":[{"@type":"CommentAction","name":"Comment","target":["https:\/\/www.sonoraenequipo.com.mx\/nunca-mas-actos-que-atenten-contra-derechos-de-menores-gobernadora\/#respond"]}]},{"@type":"WebPage","@id":"https:\/\/www.sonoraenequipo.com.mx\/nunca-mas-actos-que-atenten-contra-derechos-de-menores-gobernadora\/","url":"https:\/\/www.sonoraenequipo.com.mx\/nunca-mas-actos-que-atenten-contra-derechos-de-menores-gobernadora\/","name":"Sonora en Equipo. Nunca m\u00e1s actos que atenten contra derechos de menores: Gobernadora Destacadas","isPartOf":{"@id":"https:\/\/www.sonoraenequipo.com.mx\/#website"},"primaryImageOfPage":{"@id":"https:\/\/www.sonoraenequipo.com.mx\/nunca-mas-actos-que-atenten-contra-derechos-de-menores-gobernadora\/#primaryimage"},"image":{"@id":"https:\/\/www.sonoraenequipo.com.mx\/nunca-mas-actos-que-atenten-contra-derechos-de-menores-gobernadora\/#primaryimage"},"thumbnailUrl":"https:\/\/www.sonoraenequipo.com.mx\/storage\/2018\/06\/pavlovichclaare_opt.jpg","datePublished":"2018-06-20T22:02:37+00:00","dateModified":"2018-06-21T01:37:42+00:00","description":"HERMOSILLO, SONORA. MX. \u2014 En Sonora se prioriza la protecci\u00f3n de ni\u00f1os, ni\u00f1as y adolescentes, por eso condenamos se vulneren sus derechos, y nos unimos al En Sonora en Equipo publicamos toda la informaci\u00f3n de Sonora, M\u00e9xico y el Mundo de manera oportuna y busca que la libertad de expresi\u00f3n sea real. Visita nuestro medio informativo publicado desde Hermosillo, Sonora. %","breadcrumb":{"@id":"https:\/\/www.sonoraenequipo.com.mx\/nunca-mas-actos-que-atenten-contra-derechos-de-menores-gobernadora\/#breadcrumb"},"inLanguage":"es","potentialAction":[{"@type":"ReadAction","target":["https:\/\/www.sonoraenequipo.com.mx\/nunca-mas-actos-que-atenten-contra-derechos-de-menores-gobernadora\/"]}]},{"@type":"ImageObject","inLanguage":"es","@id":"https:\/\/www.sonoraenequipo.com.mx\/nunca-mas-actos-que-atenten-contra-derechos-de-menores-gobernadora\/#primaryimage","url":"https:\/\/www.sonoraenequipo.com.mx\/storage\/2018\/06\/pavlovichclaare_opt.jpg","contentUrl":"https:\/\/www.sonoraenequipo.com.mx\/storage\/2018\/06\/pavlovichclaare_opt.jpg","width":600,"height":557},{"@type":"BreadcrumbList","@id":"https:\/\/www.sonoraenequipo.com.mx\/nunca-mas-actos-que-atenten-contra-derechos-de-menores-gobernadora\/#breadcrumb","itemListElement":[{"@type":"ListItem","position":1,"name":"Portada","item":"https:\/\/www.sonoraenequipo.com.mx\/"},{"@type":"ListItem","position":2,"name":"Nunca m\u00e1s actos que atenten contra derechos de menores: Gobernadora"}]},{"@type":"WebSite","@id":"https:\/\/www.sonoraenequipo.com.mx\/#website","url":"https:\/\/www.sonoraenequipo.com.mx\/","name":"Sonora en Equipo.","description":"Diario en l\u00ednea con Noticias desde Hermosillo, Sonora","publisher":{"@id":"https:\/\/www.sonoraenequipo.com.mx\/#organization"},"potentialAction":[{"@type":"SearchAction","target":{"@type":"EntryPoint","urlTemplate":"https:\/\/www.sonoraenequipo.com.mx\/?s={search_term_string}"},"query-input":{"@type":"PropertyValueSpecification","valueRequired":true,"valueName":"search_term_string"}}],"inLanguage":"es"},{"@type":"Organization","@id":"https:\/\/www.sonoraenequipo.com.mx\/#organization","name":"Sonoraenequipo.com.mx","url":"https:\/\/www.sonoraenequipo.com.mx\/","logo":{"@type":"ImageObject","inLanguage":"es","@id":"https:\/\/www.sonoraenequipo.com.mx\/#\/schema\/logo\/image\/","url":"https:\/\/www.sonoraenequipo.com.mx\/storage\/2019\/01\/sonoraenequipo_opt.png","contentUrl":"https:\/\/www.sonoraenequipo.com.mx\/storage\/2019\/01\/sonoraenequipo_opt.png","width":375,"height":125,"caption":"Sonoraenequipo.com.mx"},"image":{"@id":"https:\/\/www.sonoraenequipo.com.mx\/#\/schema\/logo\/image\/"},"sameAs":["https:\/\/www.facebook.com\/SonoraEE\/","https:\/\/x.com\/sonoraenequipo","https:\/\/www.youtube.com\/channel\/UC338nW-lPEYmJQs4ZABQ1SQ"]},{"@type":"Person","@id":"https:\/\/www.sonoraenequipo.com.mx\/#\/schema\/person\/50102df0fb23a8fa9e8effad8fa81386","name":"enequipo","image":{"@type":"ImageObject","inLanguage":"es","@id":"https:\/\/www.sonoraenequipo.com.mx\/#\/schema\/person\/image\/","url":"https:\/\/secure.gravatar.com\/avatar\/049821681b589dabc0bc20695993ccebb09f5b5d4d790cd9251b97faac7c652b?s=96&d=blank&r=g","contentUrl":"https:\/\/secure.gravatar.com\/avatar\/049821681b589dabc0bc20695993ccebb09f5b5d4d790cd9251b97faac7c652b?s=96&d=blank&r=g","caption":"enequipo"},"sameAs":["https:\/\/www.facebook.com\/SonoraEE"]}]}},"jetpack_featured_media_url":"https:\/\/www.sonoraenequipo.com.mx\/storage\/2018\/06\/pavlovichclaare_opt.jpg","_links":{"self":[{"href":"https:\/\/www.sonoraenequipo.com.mx\/api\/wp\/v2\/posts\/39304","targetHints":{"allow":["GET"]}}],"collection":[{"href":"https:\/\/www.sonoraenequipo.com.mx\/api\/wp\/v2\/posts"}],"about":[{"href":"https:\/\/www.sonoraenequipo.com.mx\/api\/wp\/v2\/types\/post"}],"author":[{"embeddable":true,"href":"https:\/\/www.sonoraenequipo.com.mx\/api\/wp\/v2\/users\/1"}],"replies":[{"embeddable":true,"href":"https:\/\/www.sonoraenequipo.com.mx\/api\/wp\/v2\/comments?post=39304"}],"version-history":[{"count":0,"href":"https:\/\/www.sonoraenequipo.com.mx\/api\/wp\/v2\/posts\/39304\/revisions"}],"wp:featuredmedia":[{"embeddable":true,"href":"https:\/\/www.sonoraenequipo.com.mx\/api\/wp\/v2\/media\/39295"}],"wp:attachment":[{"href":"https:\/\/www.sonoraenequipo.com.mx\/api\/wp\/v2\/media?parent=39304"}],"wp:term":[{"taxonomy":"category","embeddable":true,"href":"https:\/\/www.sonoraenequipo.com.mx\/api\/wp\/v2\/categories?post=39304"},{"taxonomy":"post_tag","embeddable":true,"href":"https:\/\/www.sonoraenequipo.com.mx\/api\/wp\/v2\/tags?post=39304"}],"curies":[{"name":"wp","href":"https:\/\/api.w.org\/{rel}","templated":true}]}}