{"id":39306,"date":"2018-06-20T14:55:01","date_gmt":"2018-06-20T21:55:01","guid":{"rendered":"http:\/\/www.sonoraenequipo.com.mx\/?p=39306"},"modified":"2018-06-20T18:39:41","modified_gmt":"2018-06-21T01:39:41","slug":"anuncian-campamento-de-verano-2018-el-mejor-bombero-eres-tu","status":"publish","type":"post","link":"https:\/\/www.sonoraenequipo.com.mx\/anuncian-campamento-de-verano-2018-el-mejor-bombero-eres-tu\/","title":{"rendered":"Anuncian campamento de verano 2018  \u201cEl Mejor Bombero Eres T\u00fa\u201d"},"content":{"rendered":"<p>HERMOSILLO, SONORA. MX. \u2014 El pr\u00f3ximo s\u00e1bado ser\u00e1n las inscripciones para los ni\u00f1os de 8 a 11 a\u00f1os de edad que deseen formar parte de la novena edici\u00f3n del Campamento de Verano \u201cEl Mejor Bombero Eres T\u00fa\u201d, con un cupo l\u00edmite de 120 participantes, en dos sedes.<\/p>\n<p> <\/p>\n<p>Jos\u00e9 Mar\u00eda Moreno Fierros, Presidente del Patronato de Bomberos de Hermosillo y Omar Francisco Mart\u00ednez Lira, coordinador del campamento, coincidieron en que esta actividad ha demostrado ser una excelente forma de sembrar y hacer crecer en la comunidad la semilla de la prevenci\u00f3n, empezando por los hogares de los peque\u00f1os.<\/p>\n<p>Este a\u00f1o el campamento se efectuar\u00e1 los s\u00e1bados, del 07 y el 28 de Julio en dos sedes, con capacidad de 60 ni\u00f1os cada una: la Estaci\u00f3n Norte, que se ubica en Olivares y Progreso, de la colonia El Cortijo y la Estaci\u00f3n Sur, que se localiza en la calle Horizonte, esquina con Cimarr\u00f3n, de la colonia Nuevo Hermosillo. Habr\u00e1 adem\u00e1s un evento de clausura y convivencia el 5 de agosto, explicaron.<\/p>\n<p>En ambas instalaciones podr\u00e1n inscribirse los ni\u00f1os interesados el pr\u00f3ximo s\u00e1bado 23 de Junio a partir de las 8:30 horas, con una copia de su boleta de calificaciones m\u00e1s reciente y una copia de identificaci\u00f3n oficial.<\/p>\n<p>Al igual que en las ediciones anteriores, el campamento ser\u00e1 gratuito y solo se les requerir\u00e1 un donativo en especie consistente en una mochila con \u00fatiles escolares para que sea donada a ni\u00f1os de escasos recursos de escuelas de la localidad durante el pr\u00f3ximo ciclo escolar, detall\u00f3 Mart\u00ednez Lira.<\/p>\n<p>El Presidente del patronato de Bomberos de Hermosillo destac\u00f3 como el rasgo m\u00e1s trascendente de esta actividad de verano el que los menores se adentran en la cultura de prevenci\u00f3n de riesgos e involucran en ella a los dem\u00e1s miembros de sus familias.<\/p>\n<p>Invit\u00f3 a los padres de ni\u00f1os de 8 a 11 a\u00f1os a inscribirlos con la certeza de que estar\u00e1n seguros a cargo de profesionales entrenados que los guiar\u00e1n en temas como Cuidado del Agua; Medio Ambiente; Prevenci\u00f3n de Uso de Drogas; Educaci\u00f3n Vial; Valores; Identificaci\u00f3n de riesgos de incendios y accidentes en el hogar y dise\u00f1o de rutas de escape, entre otras, abundaron.<\/p>\n<p>(Fecha de publicaci\u00f3n 20062018)<\/p>\n","protected":false},"excerpt":{"rendered":"<p>HERMOSILLO, SONORA. MX. \u2014 El pr\u00f3ximo s\u00e1bado ser\u00e1n las inscripciones para los ni\u00f1os de 8&#8230;<\/p>\n","protected":false},"author":1,"featured_media":39298,"comment_status":"open","ping_status":"open","sticky":false,"template":"","format":"standard","meta":{"_monsterinsights_skip_tracking":false,"_monsterinsights_sitenote_active":false,"_monsterinsights_sitenote_note":"","_monsterinsights_sitenote_category":0,"footnotes":""},"categories":[13,4],"tags":[],"class_list":["post"],"yoast_head":" \n<title>Sonora en Equipo. Anuncian campamento de verano 2018 \u201cEl Mejor Bombero Eres T\u00fa\u201d Destacadas<\/title>\n<meta name=\"description\" content=\"HERMOSILLO, SONORA. MX. \u2014 El pr\u00f3ximo s\u00e1bado ser\u00e1n las inscripciones para los ni\u00f1os de 8 a 11 a\u00f1os de edad que deseen formar parte de la novena edici\u00f3n del En Sonora en Equipo publicamos toda la informaci\u00f3n de Sonora, M\u00e9xico y el Mundo de manera oportuna y busca que la libertad de expresi\u00f3n sea real. Visita nuestro medio informativo publicado desde Hermosillo, Sonora. %\" \/>\n<meta name=\"robots\" content=\"index, follow, max-snippet:-1, max-image-preview:large, max-video-preview:-1\" \/>\n<link rel=\"canonical\" href=\"https:\/\/www.sonoraenequipo.com.mx\/anuncian-campamento-de-verano-2018-el-mejor-bombero-eres-tu\/\" \/>\n<meta property=\"og:locale\" content=\"es_ES\" \/>\n<meta property=\"og:type\" content=\"article\" \/>\n<meta property=\"og:title\" content=\"Sonora en Equipo. Anuncian campamento de verano 2018 \u201cEl Mejor Bombero Eres T\u00fa\u201d Destacadas\" \/>\n<meta property=\"og:description\" content=\"HERMOSILLO, SONORA. MX. \u2014 El pr\u00f3ximo s\u00e1bado ser\u00e1n las inscripciones para los ni\u00f1os de 8 a 11 a\u00f1os de edad que deseen formar parte de la novena edici\u00f3n del En Sonora en Equipo publicamos toda la informaci\u00f3n de Sonora, M\u00e9xico y el Mundo de manera oportuna y busca que la libertad de expresi\u00f3n sea real. Visita nuestro medio informativo publicado desde Hermosillo, Sonora. %\" \/>\n<meta property=\"og:url\" content=\"https:\/\/www.sonoraenequipo.com.mx\/anuncian-campamento-de-verano-2018-el-mejor-bombero-eres-tu\/\" \/>\n<meta property=\"og:site_name\" content=\"Sonora en Equipo.\" \/>\n<meta property=\"article:publisher\" content=\"https:\/\/www.facebook.com\/SonoraEE\/\" \/>\n<meta property=\"article:author\" content=\"https:\/\/www.facebook.com\/SonoraEE\" \/>\n<meta property=\"article:published_time\" content=\"2018-06-20T21:55:01+00:00\" \/>\n<meta property=\"article:modified_time\" content=\"2018-06-21T01:39:41+00:00\" \/>\n<meta property=\"og:image\" content=\"https:\/\/www.sonoraenequipo.com.mx\/storage\/2018\/06\/Confbomberos2_opt.jpg\" \/>\n\t<meta property=\"og:image:width\" content=\"694\" \/>\n\t<meta property=\"og:image:height\" content=\"466\" \/>\n\t<meta property=\"og:image:type\" content=\"image\/jpeg\" \/>\n<meta name=\"author\" content=\"enequipo\" \/>\n<meta name=\"twitter:card\" content=\"summary_large_image\" \/>\n<meta name=\"twitter:creator\" content=\"@sonoraenequipo\" \/>\n<meta name=\"twitter:site\" content=\"@sonoraenequipo\" \/>\n<meta name=\"twitter:label1\" content=\"Escrito por\" \/>\n\t<meta name=\"twitter:data1\" content=\"enequipo\" \/>\n\t<meta name=\"twitter:label2\" content=\"Tiempo de lectura\" \/>\n\t<meta name=\"twitter:data2\" content=\"2 minutos\" \/>\n<script type=\"application\/ld+json\" class=\"yoast-schema-graph\">{\"@context\":\"https:\/\/schema.org\",\"@graph\":[{\"@type\":\"Article\",\"@id\":\"https:\/\/www.sonoraenequipo.com.mx\/anuncian-campamento-de-verano-2018-el-mejor-bombero-eres-tu\/#article\",\"isPartOf\":{\"@id\":\"https:\/\/www.sonoraenequipo.com.mx\/anuncian-campamento-de-verano-2018-el-mejor-bombero-eres-tu\/\"},\"author\":{\"name\":\"enequipo\",\"@id\":\"https:\/\/www.sonoraenequipo.com.mx\/#\/schema\/person\/50102df0fb23a8fa9e8effad8fa81386\"},\"headline\":\"Anuncian campamento de verano 2018 \u201cEl Mejor Bombero Eres T\u00fa\u201d\",\"datePublished\":\"2018-06-20T21:55:01+00:00\",\"dateModified\":\"2018-06-21T01:39:41+00:00\",\"mainEntityOfPage\":{\"@id\":\"https:\/\/www.sonoraenequipo.com.mx\/anuncian-campamento-de-verano-2018-el-mejor-bombero-eres-tu\/\"},\"wordCount\":399,\"commentCount\":0,\"publisher\":{\"@id\":\"https:\/\/www.sonoraenequipo.com.mx\/#organization\"},\"image\":{\"@id\":\"https:\/\/www.sonoraenequipo.com.mx\/anuncian-campamento-de-verano-2018-el-mejor-bombero-eres-tu\/#primaryimage\"},\"thumbnailUrl\":\"https:\/\/www.sonoraenequipo.com.mx\/storage\/2018\/06\/Confbomberos2_opt.jpg\",\"articleSection\":[\"Destacadas\",\"Municipios\"],\"inLanguage\":\"es\",\"potentialAction\":[{\"@type\":\"CommentAction\",\"name\":\"Comment\",\"target\":[\"https:\/\/www.sonoraenequipo.com.mx\/anuncian-campamento-de-verano-2018-el-mejor-bombero-eres-tu\/#respond\"]}]},{\"@type\":\"WebPage\",\"@id\":\"https:\/\/www.sonoraenequipo.com.mx\/anuncian-campamento-de-verano-2018-el-mejor-bombero-eres-tu\/\",\"url\":\"https:\/\/www.sonoraenequipo.com.mx\/anuncian-campamento-de-verano-2018-el-mejor-bombero-eres-tu\/\",\"name\":\"Sonora en Equipo. Anuncian campamento de verano 2018 \u201cEl Mejor Bombero Eres T\u00fa\u201d Destacadas\",\"isPartOf\":{\"@id\":\"https:\/\/www.sonoraenequipo.com.mx\/#website\"},\"primaryImageOfPage\":{\"@id\":\"https:\/\/www.sonoraenequipo.com.mx\/anuncian-campamento-de-verano-2018-el-mejor-bombero-eres-tu\/#primaryimage\"},\"image\":{\"@id\":\"https:\/\/www.sonoraenequipo.com.mx\/anuncian-campamento-de-verano-2018-el-mejor-bombero-eres-tu\/#primaryimage\"},\"thumbnailUrl\":\"https:\/\/www.sonoraenequipo.com.mx\/storage\/2018\/06\/Confbomberos2_opt.jpg\",\"datePublished\":\"2018-06-20T21:55:01+00:00\",\"dateModified\":\"2018-06-21T01:39:41+00:00\",\"description\":\"HERMOSILLO, SONORA. MX. \u2014 El pr\u00f3ximo s\u00e1bado ser\u00e1n las inscripciones para los ni\u00f1os de 8 a 11 a\u00f1os de edad que deseen formar parte de la novena edici\u00f3n del En Sonora en Equipo publicamos toda la informaci\u00f3n de Sonora, M\u00e9xico y el Mundo de manera oportuna y busca que la libertad de expresi\u00f3n sea real. Visita nuestro medio informativo publicado desde Hermosillo, Sonora. %\",\"breadcrumb\":{\"@id\":\"https:\/\/www.sonoraenequipo.com.mx\/anuncian-campamento-de-verano-2018-el-mejor-bombero-eres-tu\/#breadcrumb\"},\"inLanguage\":\"es\",\"potentialAction\":[{\"@type\":\"ReadAction\",\"target\":[\"https:\/\/www.sonoraenequipo.com.mx\/anuncian-campamento-de-verano-2018-el-mejor-bombero-eres-tu\/\"]}]},{\"@type\":\"ImageObject\",\"inLanguage\":\"es\",\"@id\":\"https:\/\/www.sonoraenequipo.com.mx\/anuncian-campamento-de-verano-2018-el-mejor-bombero-eres-tu\/#primaryimage\",\"url\":\"https:\/\/www.sonoraenequipo.com.mx\/storage\/2018\/06\/Confbomberos2_opt.jpg\",\"contentUrl\":\"https:\/\/www.sonoraenequipo.com.mx\/storage\/2018\/06\/Confbomberos2_opt.jpg\",\"width\":694,\"height\":466},{\"@type\":\"BreadcrumbList\",\"@id\":\"https:\/\/www.sonoraenequipo.com.mx\/anuncian-campamento-de-verano-2018-el-mejor-bombero-eres-tu\/#breadcrumb\",\"itemListElement\":[{\"@type\":\"ListItem\",\"position\":1,\"name\":\"Portada\",\"item\":\"https:\/\/www.sonoraenequipo.com.mx\/\"},{\"@type\":\"ListItem\",\"position\":2,\"name\":\"Anuncian campamento de verano 2018 \u201cEl Mejor Bombero Eres T\u00fa\u201d\"}]},{\"@type\":\"WebSite\",\"@id\":\"https:\/\/www.sonoraenequipo.com.mx\/#website\",\"url\":\"https:\/\/www.sonoraenequipo.com.mx\/\",\"name\":\"Sonora en Equipo.\",\"description\":\"Diario en l\u00ednea con Noticias desde Hermosillo, Sonora\",\"publisher\":{\"@id\":\"https:\/\/www.sonoraenequipo.com.mx\/#organization\"},\"potentialAction\":[{\"@type\":\"SearchAction\",\"target\":{\"@type\":\"EntryPoint\",\"urlTemplate\":\"https:\/\/www.sonoraenequipo.com.mx\/?s={search_term_string}\"},\"query-input\":{\"@type\":\"PropertyValueSpecification\",\"valueRequired\":true,\"valueName\":\"search_term_string\"}}],\"inLanguage\":\"es\"},{\"@type\":\"Organization\",\"@id\":\"https:\/\/www.sonoraenequipo.com.mx\/#organization\",\"name\":\"Sonoraenequipo.com.mx\",\"url\":\"https:\/\/www.sonoraenequipo.com.mx\/\",\"logo\":{\"@type\":\"ImageObject\",\"inLanguage\":\"es\",\"@id\":\"https:\/\/www.sonoraenequipo.com.mx\/#\/schema\/logo\/image\/\",\"url\":\"https:\/\/www.sonoraenequipo.com.mx\/storage\/2019\/01\/sonoraenequipo_opt.png\",\"contentUrl\":\"https:\/\/www.sonoraenequipo.com.mx\/storage\/2019\/01\/sonoraenequipo_opt.png\",\"width\":375,\"height\":125,\"caption\":\"Sonoraenequipo.com.mx\"},\"image\":{\"@id\":\"https:\/\/www.sonoraenequipo.com.mx\/#\/schema\/logo\/image\/\"},\"sameAs\":[\"https:\/\/www.facebook.com\/SonoraEE\/\",\"https:\/\/x.com\/sonoraenequipo\",\"https:\/\/www.youtube.com\/channel\/UC338nW-lPEYmJQs4ZABQ1SQ\"]},{\"@type\":\"Person\",\"@id\":\"https:\/\/www.sonoraenequipo.com.mx\/#\/schema\/person\/50102df0fb23a8fa9e8effad8fa81386\",\"name\":\"enequipo\",\"image\":{\"@type\":\"ImageObject\",\"inLanguage\":\"es\",\"@id\":\"https:\/\/www.sonoraenequipo.com.mx\/#\/schema\/person\/image\/\",\"url\":\"https:\/\/secure.gravatar.com\/avatar\/049821681b589dabc0bc20695993ccebb09f5b5d4d790cd9251b97faac7c652b?s=96&d=blank&r=g\",\"contentUrl\":\"https:\/\/secure.gravatar.com\/avatar\/049821681b589dabc0bc20695993ccebb09f5b5d4d790cd9251b97faac7c652b?s=96&d=blank&r=g\",\"caption\":\"enequipo\"},\"sameAs\":[\"https:\/\/www.facebook.com\/SonoraEE\"]}]}<\/script>\n ","yoast_head_json":{"title":"Sonora en Equipo. Anuncian campamento de verano 2018 \u201cEl Mejor Bombero Eres T\u00fa\u201d Destacadas","description":"HERMOSILLO, SONORA. MX. \u2014 El pr\u00f3ximo s\u00e1bado ser\u00e1n las inscripciones para los ni\u00f1os de 8 a 11 a\u00f1os de edad que deseen formar parte de la novena edici\u00f3n del En Sonora en Equipo publicamos toda la informaci\u00f3n de Sonora, M\u00e9xico y el Mundo de manera oportuna y busca que la libertad de expresi\u00f3n sea real. Visita nuestro medio informativo publicado desde Hermosillo, Sonora. %","robots":{"index":"index","follow":"follow","max-snippet":"max-snippet:-1","max-image-preview":"max-image-preview:large","max-video-preview":"max-video-preview:-1"},"canonical":"https:\/\/www.sonoraenequipo.com.mx\/anuncian-campamento-de-verano-2018-el-mejor-bombero-eres-tu\/","og_locale":"es_ES","og_type":"article","og_title":"Sonora en Equipo. Anuncian campamento de verano 2018 \u201cEl Mejor Bombero Eres T\u00fa\u201d Destacadas","og_description":"HERMOSILLO, SONORA. MX. \u2014 El pr\u00f3ximo s\u00e1bado ser\u00e1n las inscripciones para los ni\u00f1os de 8 a 11 a\u00f1os de edad que deseen formar parte de la novena edici\u00f3n del En Sonora en Equipo publicamos toda la informaci\u00f3n de Sonora, M\u00e9xico y el Mundo de manera oportuna y busca que la libertad de expresi\u00f3n sea real. Visita nuestro medio informativo publicado desde Hermosillo, Sonora. %","og_url":"https:\/\/www.sonoraenequipo.com.mx\/anuncian-campamento-de-verano-2018-el-mejor-bombero-eres-tu\/","og_site_name":"Sonora en Equipo.","article_publisher":"https:\/\/www.facebook.com\/SonoraEE\/","article_author":"https:\/\/www.facebook.com\/SonoraEE","article_published_time":"2018-06-20T21:55:01+00:00","article_modified_time":"2018-06-21T01:39:41+00:00","og_image":[{"width":694,"height":466,"url":"https:\/\/www.sonoraenequipo.com.mx\/storage\/2018\/06\/Confbomberos2_opt.jpg","type":"image\/jpeg"}],"author":"enequipo","twitter_card":"summary_large_image","twitter_creator":"@sonoraenequipo","twitter_site":"@sonoraenequipo","twitter_misc":{"Escrito por":"enequipo","Tiempo de lectura":"2 minutos"},"schema":{"@context":"https:\/\/schema.org","@graph":[{"@type":"Article","@id":"https:\/\/www.sonoraenequipo.com.mx\/anuncian-campamento-de-verano-2018-el-mejor-bombero-eres-tu\/#article","isPartOf":{"@id":"https:\/\/www.sonoraenequipo.com.mx\/anuncian-campamento-de-verano-2018-el-mejor-bombero-eres-tu\/"},"author":{"name":"enequipo","@id":"https:\/\/www.sonoraenequipo.com.mx\/#\/schema\/person\/50102df0fb23a8fa9e8effad8fa81386"},"headline":"Anuncian campamento de verano 2018 \u201cEl Mejor Bombero Eres T\u00fa\u201d","datePublished":"2018-06-20T21:55:01+00:00","dateModified":"2018-06-21T01:39:41+00:00","mainEntityOfPage":{"@id":"https:\/\/www.sonoraenequipo.com.mx\/anuncian-campamento-de-verano-2018-el-mejor-bombero-eres-tu\/"},"wordCount":399,"commentCount":0,"publisher":{"@id":"https:\/\/www.sonoraenequipo.com.mx\/#organization"},"image":{"@id":"https:\/\/www.sonoraenequipo.com.mx\/anuncian-campamento-de-verano-2018-el-mejor-bombero-eres-tu\/#primaryimage"},"thumbnailUrl":"https:\/\/www.sonoraenequipo.com.mx\/storage\/2018\/06\/Confbomberos2_opt.jpg","articleSection":["Destacadas","Municipios"],"inLanguage":"es","potentialAction":[{"@type":"CommentAction","name":"Comment","target":["https:\/\/www.sonoraenequipo.com.mx\/anuncian-campamento-de-verano-2018-el-mejor-bombero-eres-tu\/#respond"]}]},{"@type":"WebPage","@id":"https:\/\/www.sonoraenequipo.com.mx\/anuncian-campamento-de-verano-2018-el-mejor-bombero-eres-tu\/","url":"https:\/\/www.sonoraenequipo.com.mx\/anuncian-campamento-de-verano-2018-el-mejor-bombero-eres-tu\/","name":"Sonora en Equipo. Anuncian campamento de verano 2018 \u201cEl Mejor Bombero Eres T\u00fa\u201d Destacadas","isPartOf":{"@id":"https:\/\/www.sonoraenequipo.com.mx\/#website"},"primaryImageOfPage":{"@id":"https:\/\/www.sonoraenequipo.com.mx\/anuncian-campamento-de-verano-2018-el-mejor-bombero-eres-tu\/#primaryimage"},"image":{"@id":"https:\/\/www.sonoraenequipo.com.mx\/anuncian-campamento-de-verano-2018-el-mejor-bombero-eres-tu\/#primaryimage"},"thumbnailUrl":"https:\/\/www.sonoraenequipo.com.mx\/storage\/2018\/06\/Confbomberos2_opt.jpg","datePublished":"2018-06-20T21:55:01+00:00","dateModified":"2018-06-21T01:39:41+00:00","description":"HERMOSILLO, SONORA. MX. \u2014 El pr\u00f3ximo s\u00e1bado ser\u00e1n las inscripciones para los ni\u00f1os de 8 a 11 a\u00f1os de edad que deseen formar parte de la novena edici\u00f3n del En Sonora en Equipo publicamos toda la informaci\u00f3n de Sonora, M\u00e9xico y el Mundo de manera oportuna y busca que la libertad de expresi\u00f3n sea real. Visita nuestro medio informativo publicado desde Hermosillo, Sonora. %","breadcrumb":{"@id":"https:\/\/www.sonoraenequipo.com.mx\/anuncian-campamento-de-verano-2018-el-mejor-bombero-eres-tu\/#breadcrumb"},"inLanguage":"es","potentialAction":[{"@type":"ReadAction","target":["https:\/\/www.sonoraenequipo.com.mx\/anuncian-campamento-de-verano-2018-el-mejor-bombero-eres-tu\/"]}]},{"@type":"ImageObject","inLanguage":"es","@id":"https:\/\/www.sonoraenequipo.com.mx\/anuncian-campamento-de-verano-2018-el-mejor-bombero-eres-tu\/#primaryimage","url":"https:\/\/www.sonoraenequipo.com.mx\/storage\/2018\/06\/Confbomberos2_opt.jpg","contentUrl":"https:\/\/www.sonoraenequipo.com.mx\/storage\/2018\/06\/Confbomberos2_opt.jpg","width":694,"height":466},{"@type":"BreadcrumbList","@id":"https:\/\/www.sonoraenequipo.com.mx\/anuncian-campamento-de-verano-2018-el-mejor-bombero-eres-tu\/#breadcrumb","itemListElement":[{"@type":"ListItem","position":1,"name":"Portada","item":"https:\/\/www.sonoraenequipo.com.mx\/"},{"@type":"ListItem","position":2,"name":"Anuncian campamento de verano 2018 \u201cEl Mejor Bombero Eres T\u00fa\u201d"}]},{"@type":"WebSite","@id":"https:\/\/www.sonoraenequipo.com.mx\/#website","url":"https:\/\/www.sonoraenequipo.com.mx\/","name":"Sonora en Equipo.","description":"Diario en l\u00ednea con Noticias desde Hermosillo, Sonora","publisher":{"@id":"https:\/\/www.sonoraenequipo.com.mx\/#organization"},"potentialAction":[{"@type":"SearchAction","target":{"@type":"EntryPoint","urlTemplate":"https:\/\/www.sonoraenequipo.com.mx\/?s={search_term_string}"},"query-input":{"@type":"PropertyValueSpecification","valueRequired":true,"valueName":"search_term_string"}}],"inLanguage":"es"},{"@type":"Organization","@id":"https:\/\/www.sonoraenequipo.com.mx\/#organization","name":"Sonoraenequipo.com.mx","url":"https:\/\/www.sonoraenequipo.com.mx\/","logo":{"@type":"ImageObject","inLanguage":"es","@id":"https:\/\/www.sonoraenequipo.com.mx\/#\/schema\/logo\/image\/","url":"https:\/\/www.sonoraenequipo.com.mx\/storage\/2019\/01\/sonoraenequipo_opt.png","contentUrl":"https:\/\/www.sonoraenequipo.com.mx\/storage\/2019\/01\/sonoraenequipo_opt.png","width":375,"height":125,"caption":"Sonoraenequipo.com.mx"},"image":{"@id":"https:\/\/www.sonoraenequipo.com.mx\/#\/schema\/logo\/image\/"},"sameAs":["https:\/\/www.facebook.com\/SonoraEE\/","https:\/\/x.com\/sonoraenequipo","https:\/\/www.youtube.com\/channel\/UC338nW-lPEYmJQs4ZABQ1SQ"]},{"@type":"Person","@id":"https:\/\/www.sonoraenequipo.com.mx\/#\/schema\/person\/50102df0fb23a8fa9e8effad8fa81386","name":"enequipo","image":{"@type":"ImageObject","inLanguage":"es","@id":"https:\/\/www.sonoraenequipo.com.mx\/#\/schema\/person\/image\/","url":"https:\/\/secure.gravatar.com\/avatar\/049821681b589dabc0bc20695993ccebb09f5b5d4d790cd9251b97faac7c652b?s=96&d=blank&r=g","contentUrl":"https:\/\/secure.gravatar.com\/avatar\/049821681b589dabc0bc20695993ccebb09f5b5d4d790cd9251b97faac7c652b?s=96&d=blank&r=g","caption":"enequipo"},"sameAs":["https:\/\/www.facebook.com\/SonoraEE"]}]}},"jetpack_featured_media_url":"https:\/\/www.sonoraenequipo.com.mx\/storage\/2018\/06\/Confbomberos2_opt.jpg","_links":{"self":[{"href":"https:\/\/www.sonoraenequipo.com.mx\/api\/wp\/v2\/posts\/39306","targetHints":{"allow":["GET"]}}],"collection":[{"href":"https:\/\/www.sonoraenequipo.com.mx\/api\/wp\/v2\/posts"}],"about":[{"href":"https:\/\/www.sonoraenequipo.com.mx\/api\/wp\/v2\/types\/post"}],"author":[{"embeddable":true,"href":"https:\/\/www.sonoraenequipo.com.mx\/api\/wp\/v2\/users\/1"}],"replies":[{"embeddable":true,"href":"https:\/\/www.sonoraenequipo.com.mx\/api\/wp\/v2\/comments?post=39306"}],"version-history":[{"count":0,"href":"https:\/\/www.sonoraenequipo.com.mx\/api\/wp\/v2\/posts\/39306\/revisions"}],"wp:featuredmedia":[{"embeddable":true,"href":"https:\/\/www.sonoraenequipo.com.mx\/api\/wp\/v2\/media\/39298"}],"wp:attachment":[{"href":"https:\/\/www.sonoraenequipo.com.mx\/api\/wp\/v2\/media?parent=39306"}],"wp:term":[{"taxonomy":"category","embeddable":true,"href":"https:\/\/www.sonoraenequipo.com.mx\/api\/wp\/v2\/categories?post=39306"},{"taxonomy":"post_tag","embeddable":true,"href":"https:\/\/www.sonoraenequipo.com.mx\/api\/wp\/v2\/tags?post=39306"}],"curies":[{"name":"wp","href":"https:\/\/api.w.org\/{rel}","templated":true}]}}