{"id":39310,"date":"2018-06-20T18:34:53","date_gmt":"2018-06-21T01:34:53","guid":{"rendered":"http:\/\/www.sonoraenequipo.com.mx\/?p=39310"},"modified":"2018-06-20T19:44:14","modified_gmt":"2018-06-21T02:44:14","slug":"unos-imperceptibles-terremotos-lentos-en-la-falla-de-san-andres-podrian-causar-una-catastrofe","status":"publish","type":"post","link":"https:\/\/www.sonoraenequipo.com.mx\/unos-imperceptibles-terremotos-lentos-en-la-falla-de-san-andres-podrian-causar-una-catastrofe\/","title":{"rendered":"Unos imperceptibles \u00abterremotos lentos\u00bb en la falla de San Andr\u00e9s podr\u00edan causar una cat\u00e1strofe"},"content":{"rendered":"<p>CALIFORNIA, ESTADOS UNIDOS. \u2014 Seg\u00fan los modelos actuales, existe una probabilidad de 75 % para que un sismo de magnitud 7 o mayor se produzca en California en las pr\u00f3ximas tres d\u00e9cadas.<\/p>\n<p> <\/p>\n<p>El riesgo s\u00edsmico en California podr\u00eda ser mayor de lo que se cre\u00eda hasta ahora, advierten los cient\u00edficos que han descubierto unos movimientos inesperados en la zona central de la falla de San Andr\u00e9s.<\/p>\n<p>Los investigadores de la Universidad Estatal de Arizona (EE.UU.) han revelado que en esa parte de la falla, que tiene unos 145 kil\u00f3metros de largo, se producen unos \u00abterremotos lentos\u00bb que no pueden ser percibidos por las personas pero podr\u00edan desencadenar potentes sismos en el futuro.<\/p>\n<p><a href=\"http:\/\/www.sonoraenequipo.com.mx\/destacadas\/unos-imperceptibles-terremotos-lentos-en-la-falla-de-san-andres-podrian-causar-una-catastrofe\/attachment\/falladesanadres2006_opt\/\" rel=\"attachment \"><img loading=\"lazy\" decoding=\"async\" class=\"x-left  \" src=\"http:\/\/www.sonoraenequipo.com.mx\/storage\/2018\/06\/falladesanadres2006_opt.jpg\" alt=\"\" width=\"354\" height=\"341\"><\/a>Hasta ahora se pensaba que los movimientos lentos y estables en esta zona permit\u00edan soltar la energ\u00eda acumulada a lo largo de la falla, pero el nuevo estudio, publicado en <a href=\"https:\/\/www.nature.com\/ngeo\/\">Nature Geoscience<\/a>, sugiere que los movimientos tect\u00f3nicos son m\u00e1s intensos y espor\u00e1dicos.<\/p>\n<p><em>\u00abHemos descubierto que esta parte de la falla tiene un movimiento promedio de unos tres cent\u00edmetros al a\u00f1o\u00bb,<\/em> detalla Mostafa Khoshmanesh, uno de los investigadores. <em>\u00abPero, en ocasiones, el movimiento se detiene por completo, mientras que otras veces se mueve hasta 10 cent\u00edmetros al a\u00f1o\u00bb<\/em>, advierte.<\/p>\n<p><em>\u00abEstos terremotos lentos epis\u00f3dicos llevan a un aumento de la presi\u00f3n en los segmentos cerrados de la falla al norte y al sur de la secci\u00f3n central\u00bb<\/em>, explica otro investigador, Manoochehr Shirzaei. El cient\u00edfico recuerda que estas secciones ya experimentaron dos terremotos de magnitud 7,9: en 1857 en Fort Tejon y en 1906 en San Francisco.<\/p>\n<p><em>\u00abBas\u00e1ndonos en nuestras observaciones, creemos que el riesgo s\u00edsmico en California es algo que var\u00eda con el tiempo y es probablemente m\u00e1s alto de lo que la gente ha estado pensado hasta ahora\u00bb,<\/em> dice Shirzaei. A\u00f1ade que es esencial incluir unas estimaciones precisas de este peligro variable en los sistemas operativos de previsi\u00f3n de terremotos.<\/p>\n<p>A su vez, Khoshmanesh subraya que, de acuerdo con los modelos actuales, existe una probabilidad del 75 % de que un sismo de magnitud 7 o mayor se produzca tanto en el sur como en el norte de California en las pr\u00f3ximas tres d\u00e9cadas.<\/p>\n<p>(Fecha de publicaci\u00f3n 20062018)<\/p>\n","protected":false},"excerpt":{"rendered":"<p>CALIFORNIA, ESTADOS UNIDOS. \u2014 Seg\u00fan los modelos actuales, existe una probabilidad de 75 % para&#8230;<\/p>\n","protected":false},"author":1,"featured_media":39311,"comment_status":"open","ping_status":"open","sticky":false,"template":"","format":"standard","meta":{"_monsterinsights_skip_tracking":false,"_monsterinsights_sitenote_active":false,"_monsterinsights_sitenote_note":"","_monsterinsights_sitenote_category":0,"footnotes":""},"categories":[13,12,3],"tags":[],"class_list":["post"],"yoast_head":" \n<title>Sonora en Equipo. Unos imperceptibles &quot;terremotos lentos&quot; en la falla de San Andr\u00e9s podr\u00edan causar una cat\u00e1strofe Destacadas<\/title>\n<meta name=\"description\" content=\"CALIFORNIA, ESTADOS UNIDOS. \u2014 Seg\u00fan los modelos actuales, existe una probabilidad de 75 % para que un sismo de magnitud 7 o mayor se produzca en En Sonora en Equipo publicamos toda la informaci\u00f3n de Sonora, M\u00e9xico y el Mundo de manera oportuna y busca que la libertad de expresi\u00f3n sea real. Visita nuestro medio informativo publicado desde Hermosillo, Sonora. %\" \/>\n<meta name=\"robots\" content=\"index, follow, max-snippet:-1, max-image-preview:large, max-video-preview:-1\" \/>\n<link rel=\"canonical\" href=\"https:\/\/www.sonoraenequipo.com.mx\/unos-imperceptibles-terremotos-lentos-en-la-falla-de-san-andres-podrian-causar-una-catastrofe\/\" \/>\n<meta property=\"og:locale\" content=\"es_ES\" \/>\n<meta property=\"og:type\" content=\"article\" \/>\n<meta property=\"og:title\" content=\"Sonora en Equipo. Unos imperceptibles &quot;terremotos lentos&quot; en la falla de San Andr\u00e9s podr\u00edan causar una cat\u00e1strofe Destacadas\" \/>\n<meta property=\"og:description\" content=\"CALIFORNIA, ESTADOS UNIDOS. \u2014 Seg\u00fan los modelos actuales, existe una probabilidad de 75 % para que un sismo de magnitud 7 o mayor se produzca en En Sonora en Equipo publicamos toda la informaci\u00f3n de Sonora, M\u00e9xico y el Mundo de manera oportuna y busca que la libertad de expresi\u00f3n sea real. Visita nuestro medio informativo publicado desde Hermosillo, Sonora. %\" \/>\n<meta property=\"og:url\" content=\"https:\/\/www.sonoraenequipo.com.mx\/unos-imperceptibles-terremotos-lentos-en-la-falla-de-san-andres-podrian-causar-una-catastrofe\/\" \/>\n<meta property=\"og:site_name\" content=\"Sonora en Equipo.\" \/>\n<meta property=\"article:publisher\" content=\"https:\/\/www.facebook.com\/SonoraEE\/\" \/>\n<meta property=\"article:author\" content=\"https:\/\/www.facebook.com\/SonoraEE\" \/>\n<meta property=\"article:published_time\" content=\"2018-06-21T01:34:53+00:00\" \/>\n<meta property=\"article:modified_time\" content=\"2018-06-21T02:44:14+00:00\" \/>\n<meta property=\"og:image\" content=\"https:\/\/www.sonoraenequipo.com.mx\/storage\/2018\/06\/falladesanadres_opt1.jpg\" \/>\n\t<meta property=\"og:image:width\" content=\"710\" \/>\n\t<meta property=\"og:image:height\" content=\"400\" \/>\n\t<meta property=\"og:image:type\" content=\"image\/jpeg\" \/>\n<meta name=\"author\" content=\"enequipo\" \/>\n<meta name=\"twitter:card\" content=\"summary_large_image\" \/>\n<meta name=\"twitter:creator\" content=\"@sonoraenequipo\" \/>\n<meta name=\"twitter:site\" content=\"@sonoraenequipo\" \/>\n<meta name=\"twitter:label1\" content=\"Escrito por\" \/>\n\t<meta name=\"twitter:data1\" content=\"enequipo\" \/>\n\t<meta name=\"twitter:label2\" content=\"Tiempo de lectura\" \/>\n\t<meta name=\"twitter:data2\" content=\"2 minutos\" \/>\n<script type=\"application\/ld+json\" class=\"yoast-schema-graph\">{\"@context\":\"https:\/\/schema.org\",\"@graph\":[{\"@type\":\"Article\",\"@id\":\"https:\/\/www.sonoraenequipo.com.mx\/unos-imperceptibles-terremotos-lentos-en-la-falla-de-san-andres-podrian-causar-una-catastrofe\/#article\",\"isPartOf\":{\"@id\":\"https:\/\/www.sonoraenequipo.com.mx\/unos-imperceptibles-terremotos-lentos-en-la-falla-de-san-andres-podrian-causar-una-catastrofe\/\"},\"author\":{\"name\":\"enequipo\",\"@id\":\"https:\/\/www.sonoraenequipo.com.mx\/#\/schema\/person\/50102df0fb23a8fa9e8effad8fa81386\"},\"headline\":\"Unos imperceptibles \u00abterremotos lentos\u00bb en la falla de San Andr\u00e9s podr\u00edan causar una cat\u00e1strofe\",\"datePublished\":\"2018-06-21T01:34:53+00:00\",\"dateModified\":\"2018-06-21T02:44:14+00:00\",\"mainEntityOfPage\":{\"@id\":\"https:\/\/www.sonoraenequipo.com.mx\/unos-imperceptibles-terremotos-lentos-en-la-falla-de-san-andres-podrian-causar-una-catastrofe\/\"},\"wordCount\":396,\"commentCount\":0,\"publisher\":{\"@id\":\"https:\/\/www.sonoraenequipo.com.mx\/#organization\"},\"image\":{\"@id\":\"https:\/\/www.sonoraenequipo.com.mx\/unos-imperceptibles-terremotos-lentos-en-la-falla-de-san-andres-podrian-causar-una-catastrofe\/#primaryimage\"},\"thumbnailUrl\":\"https:\/\/www.sonoraenequipo.com.mx\/storage\/2018\/06\/falladesanadres_opt1.jpg\",\"articleSection\":[\"Destacadas\",\"Especiales\",\"MUNDO\"],\"inLanguage\":\"es\",\"potentialAction\":[{\"@type\":\"CommentAction\",\"name\":\"Comment\",\"target\":[\"https:\/\/www.sonoraenequipo.com.mx\/unos-imperceptibles-terremotos-lentos-en-la-falla-de-san-andres-podrian-causar-una-catastrofe\/#respond\"]}]},{\"@type\":\"WebPage\",\"@id\":\"https:\/\/www.sonoraenequipo.com.mx\/unos-imperceptibles-terremotos-lentos-en-la-falla-de-san-andres-podrian-causar-una-catastrofe\/\",\"url\":\"https:\/\/www.sonoraenequipo.com.mx\/unos-imperceptibles-terremotos-lentos-en-la-falla-de-san-andres-podrian-causar-una-catastrofe\/\",\"name\":\"Sonora en Equipo. Unos imperceptibles \\\"terremotos lentos\\\" en la falla de San Andr\u00e9s podr\u00edan causar una cat\u00e1strofe Destacadas\",\"isPartOf\":{\"@id\":\"https:\/\/www.sonoraenequipo.com.mx\/#website\"},\"primaryImageOfPage\":{\"@id\":\"https:\/\/www.sonoraenequipo.com.mx\/unos-imperceptibles-terremotos-lentos-en-la-falla-de-san-andres-podrian-causar-una-catastrofe\/#primaryimage\"},\"image\":{\"@id\":\"https:\/\/www.sonoraenequipo.com.mx\/unos-imperceptibles-terremotos-lentos-en-la-falla-de-san-andres-podrian-causar-una-catastrofe\/#primaryimage\"},\"thumbnailUrl\":\"https:\/\/www.sonoraenequipo.com.mx\/storage\/2018\/06\/falladesanadres_opt1.jpg\",\"datePublished\":\"2018-06-21T01:34:53+00:00\",\"dateModified\":\"2018-06-21T02:44:14+00:00\",\"description\":\"CALIFORNIA, ESTADOS UNIDOS. \u2014 Seg\u00fan los modelos actuales, existe una probabilidad de 75 % para que un sismo de magnitud 7 o mayor se produzca en En Sonora en Equipo publicamos toda la informaci\u00f3n de Sonora, M\u00e9xico y el Mundo de manera oportuna y busca que la libertad de expresi\u00f3n sea real. Visita nuestro medio informativo publicado desde Hermosillo, Sonora. %\",\"breadcrumb\":{\"@id\":\"https:\/\/www.sonoraenequipo.com.mx\/unos-imperceptibles-terremotos-lentos-en-la-falla-de-san-andres-podrian-causar-una-catastrofe\/#breadcrumb\"},\"inLanguage\":\"es\",\"potentialAction\":[{\"@type\":\"ReadAction\",\"target\":[\"https:\/\/www.sonoraenequipo.com.mx\/unos-imperceptibles-terremotos-lentos-en-la-falla-de-san-andres-podrian-causar-una-catastrofe\/\"]}]},{\"@type\":\"ImageObject\",\"inLanguage\":\"es\",\"@id\":\"https:\/\/www.sonoraenequipo.com.mx\/unos-imperceptibles-terremotos-lentos-en-la-falla-de-san-andres-podrian-causar-una-catastrofe\/#primaryimage\",\"url\":\"https:\/\/www.sonoraenequipo.com.mx\/storage\/2018\/06\/falladesanadres_opt1.jpg\",\"contentUrl\":\"https:\/\/www.sonoraenequipo.com.mx\/storage\/2018\/06\/falladesanadres_opt1.jpg\",\"width\":710,\"height\":400},{\"@type\":\"BreadcrumbList\",\"@id\":\"https:\/\/www.sonoraenequipo.com.mx\/unos-imperceptibles-terremotos-lentos-en-la-falla-de-san-andres-podrian-causar-una-catastrofe\/#breadcrumb\",\"itemListElement\":[{\"@type\":\"ListItem\",\"position\":1,\"name\":\"Portada\",\"item\":\"https:\/\/www.sonoraenequipo.com.mx\/\"},{\"@type\":\"ListItem\",\"position\":2,\"name\":\"Unos imperceptibles \u00abterremotos lentos\u00bb en la falla de San Andr\u00e9s podr\u00edan causar una cat\u00e1strofe\"}]},{\"@type\":\"WebSite\",\"@id\":\"https:\/\/www.sonoraenequipo.com.mx\/#website\",\"url\":\"https:\/\/www.sonoraenequipo.com.mx\/\",\"name\":\"Sonora en Equipo.\",\"description\":\"Diario en l\u00ednea con Noticias desde Hermosillo, Sonora\",\"publisher\":{\"@id\":\"https:\/\/www.sonoraenequipo.com.mx\/#organization\"},\"potentialAction\":[{\"@type\":\"SearchAction\",\"target\":{\"@type\":\"EntryPoint\",\"urlTemplate\":\"https:\/\/www.sonoraenequipo.com.mx\/?s={search_term_string}\"},\"query-input\":{\"@type\":\"PropertyValueSpecification\",\"valueRequired\":true,\"valueName\":\"search_term_string\"}}],\"inLanguage\":\"es\"},{\"@type\":\"Organization\",\"@id\":\"https:\/\/www.sonoraenequipo.com.mx\/#organization\",\"name\":\"Sonoraenequipo.com.mx\",\"url\":\"https:\/\/www.sonoraenequipo.com.mx\/\",\"logo\":{\"@type\":\"ImageObject\",\"inLanguage\":\"es\",\"@id\":\"https:\/\/www.sonoraenequipo.com.mx\/#\/schema\/logo\/image\/\",\"url\":\"https:\/\/www.sonoraenequipo.com.mx\/storage\/2019\/01\/sonoraenequipo_opt.png\",\"contentUrl\":\"https:\/\/www.sonoraenequipo.com.mx\/storage\/2019\/01\/sonoraenequipo_opt.png\",\"width\":375,\"height\":125,\"caption\":\"Sonoraenequipo.com.mx\"},\"image\":{\"@id\":\"https:\/\/www.sonoraenequipo.com.mx\/#\/schema\/logo\/image\/\"},\"sameAs\":[\"https:\/\/www.facebook.com\/SonoraEE\/\",\"https:\/\/x.com\/sonoraenequipo\",\"https:\/\/www.youtube.com\/channel\/UC338nW-lPEYmJQs4ZABQ1SQ\"]},{\"@type\":\"Person\",\"@id\":\"https:\/\/www.sonoraenequipo.com.mx\/#\/schema\/person\/50102df0fb23a8fa9e8effad8fa81386\",\"name\":\"enequipo\",\"image\":{\"@type\":\"ImageObject\",\"inLanguage\":\"es\",\"@id\":\"https:\/\/www.sonoraenequipo.com.mx\/#\/schema\/person\/image\/\",\"url\":\"https:\/\/secure.gravatar.com\/avatar\/049821681b589dabc0bc20695993ccebb09f5b5d4d790cd9251b97faac7c652b?s=96&d=blank&r=g\",\"contentUrl\":\"https:\/\/secure.gravatar.com\/avatar\/049821681b589dabc0bc20695993ccebb09f5b5d4d790cd9251b97faac7c652b?s=96&d=blank&r=g\",\"caption\":\"enequipo\"},\"sameAs\":[\"https:\/\/www.facebook.com\/SonoraEE\"]}]}<\/script>\n ","yoast_head_json":{"title":"Sonora en Equipo. Unos imperceptibles \"terremotos lentos\" en la falla de San Andr\u00e9s podr\u00edan causar una cat\u00e1strofe Destacadas","description":"CALIFORNIA, ESTADOS UNIDOS. \u2014 Seg\u00fan los modelos actuales, existe una probabilidad de 75 % para que un sismo de magnitud 7 o mayor se produzca en En Sonora en Equipo publicamos toda la informaci\u00f3n de Sonora, M\u00e9xico y el Mundo de manera oportuna y busca que la libertad de expresi\u00f3n sea real. Visita nuestro medio informativo publicado desde Hermosillo, Sonora. %","robots":{"index":"index","follow":"follow","max-snippet":"max-snippet:-1","max-image-preview":"max-image-preview:large","max-video-preview":"max-video-preview:-1"},"canonical":"https:\/\/www.sonoraenequipo.com.mx\/unos-imperceptibles-terremotos-lentos-en-la-falla-de-san-andres-podrian-causar-una-catastrofe\/","og_locale":"es_ES","og_type":"article","og_title":"Sonora en Equipo. Unos imperceptibles \"terremotos lentos\" en la falla de San Andr\u00e9s podr\u00edan causar una cat\u00e1strofe Destacadas","og_description":"CALIFORNIA, ESTADOS UNIDOS. \u2014 Seg\u00fan los modelos actuales, existe una probabilidad de 75 % para que un sismo de magnitud 7 o mayor se produzca en En Sonora en Equipo publicamos toda la informaci\u00f3n de Sonora, M\u00e9xico y el Mundo de manera oportuna y busca que la libertad de expresi\u00f3n sea real. Visita nuestro medio informativo publicado desde Hermosillo, Sonora. %","og_url":"https:\/\/www.sonoraenequipo.com.mx\/unos-imperceptibles-terremotos-lentos-en-la-falla-de-san-andres-podrian-causar-una-catastrofe\/","og_site_name":"Sonora en Equipo.","article_publisher":"https:\/\/www.facebook.com\/SonoraEE\/","article_author":"https:\/\/www.facebook.com\/SonoraEE","article_published_time":"2018-06-21T01:34:53+00:00","article_modified_time":"2018-06-21T02:44:14+00:00","og_image":[{"width":710,"height":400,"url":"https:\/\/www.sonoraenequipo.com.mx\/storage\/2018\/06\/falladesanadres_opt1.jpg","type":"image\/jpeg"}],"author":"enequipo","twitter_card":"summary_large_image","twitter_creator":"@sonoraenequipo","twitter_site":"@sonoraenequipo","twitter_misc":{"Escrito por":"enequipo","Tiempo de lectura":"2 minutos"},"schema":{"@context":"https:\/\/schema.org","@graph":[{"@type":"Article","@id":"https:\/\/www.sonoraenequipo.com.mx\/unos-imperceptibles-terremotos-lentos-en-la-falla-de-san-andres-podrian-causar-una-catastrofe\/#article","isPartOf":{"@id":"https:\/\/www.sonoraenequipo.com.mx\/unos-imperceptibles-terremotos-lentos-en-la-falla-de-san-andres-podrian-causar-una-catastrofe\/"},"author":{"name":"enequipo","@id":"https:\/\/www.sonoraenequipo.com.mx\/#\/schema\/person\/50102df0fb23a8fa9e8effad8fa81386"},"headline":"Unos imperceptibles \u00abterremotos lentos\u00bb en la falla de San Andr\u00e9s podr\u00edan causar una cat\u00e1strofe","datePublished":"2018-06-21T01:34:53+00:00","dateModified":"2018-06-21T02:44:14+00:00","mainEntityOfPage":{"@id":"https:\/\/www.sonoraenequipo.com.mx\/unos-imperceptibles-terremotos-lentos-en-la-falla-de-san-andres-podrian-causar-una-catastrofe\/"},"wordCount":396,"commentCount":0,"publisher":{"@id":"https:\/\/www.sonoraenequipo.com.mx\/#organization"},"image":{"@id":"https:\/\/www.sonoraenequipo.com.mx\/unos-imperceptibles-terremotos-lentos-en-la-falla-de-san-andres-podrian-causar-una-catastrofe\/#primaryimage"},"thumbnailUrl":"https:\/\/www.sonoraenequipo.com.mx\/storage\/2018\/06\/falladesanadres_opt1.jpg","articleSection":["Destacadas","Especiales","MUNDO"],"inLanguage":"es","potentialAction":[{"@type":"CommentAction","name":"Comment","target":["https:\/\/www.sonoraenequipo.com.mx\/unos-imperceptibles-terremotos-lentos-en-la-falla-de-san-andres-podrian-causar-una-catastrofe\/#respond"]}]},{"@type":"WebPage","@id":"https:\/\/www.sonoraenequipo.com.mx\/unos-imperceptibles-terremotos-lentos-en-la-falla-de-san-andres-podrian-causar-una-catastrofe\/","url":"https:\/\/www.sonoraenequipo.com.mx\/unos-imperceptibles-terremotos-lentos-en-la-falla-de-san-andres-podrian-causar-una-catastrofe\/","name":"Sonora en Equipo. Unos imperceptibles \"terremotos lentos\" en la falla de San Andr\u00e9s podr\u00edan causar una cat\u00e1strofe Destacadas","isPartOf":{"@id":"https:\/\/www.sonoraenequipo.com.mx\/#website"},"primaryImageOfPage":{"@id":"https:\/\/www.sonoraenequipo.com.mx\/unos-imperceptibles-terremotos-lentos-en-la-falla-de-san-andres-podrian-causar-una-catastrofe\/#primaryimage"},"image":{"@id":"https:\/\/www.sonoraenequipo.com.mx\/unos-imperceptibles-terremotos-lentos-en-la-falla-de-san-andres-podrian-causar-una-catastrofe\/#primaryimage"},"thumbnailUrl":"https:\/\/www.sonoraenequipo.com.mx\/storage\/2018\/06\/falladesanadres_opt1.jpg","datePublished":"2018-06-21T01:34:53+00:00","dateModified":"2018-06-21T02:44:14+00:00","description":"CALIFORNIA, ESTADOS UNIDOS. \u2014 Seg\u00fan los modelos actuales, existe una probabilidad de 75 % para que un sismo de magnitud 7 o mayor se produzca en En Sonora en Equipo publicamos toda la informaci\u00f3n de Sonora, M\u00e9xico y el Mundo de manera oportuna y busca que la libertad de expresi\u00f3n sea real. Visita nuestro medio informativo publicado desde Hermosillo, Sonora. %","breadcrumb":{"@id":"https:\/\/www.sonoraenequipo.com.mx\/unos-imperceptibles-terremotos-lentos-en-la-falla-de-san-andres-podrian-causar-una-catastrofe\/#breadcrumb"},"inLanguage":"es","potentialAction":[{"@type":"ReadAction","target":["https:\/\/www.sonoraenequipo.com.mx\/unos-imperceptibles-terremotos-lentos-en-la-falla-de-san-andres-podrian-causar-una-catastrofe\/"]}]},{"@type":"ImageObject","inLanguage":"es","@id":"https:\/\/www.sonoraenequipo.com.mx\/unos-imperceptibles-terremotos-lentos-en-la-falla-de-san-andres-podrian-causar-una-catastrofe\/#primaryimage","url":"https:\/\/www.sonoraenequipo.com.mx\/storage\/2018\/06\/falladesanadres_opt1.jpg","contentUrl":"https:\/\/www.sonoraenequipo.com.mx\/storage\/2018\/06\/falladesanadres_opt1.jpg","width":710,"height":400},{"@type":"BreadcrumbList","@id":"https:\/\/www.sonoraenequipo.com.mx\/unos-imperceptibles-terremotos-lentos-en-la-falla-de-san-andres-podrian-causar-una-catastrofe\/#breadcrumb","itemListElement":[{"@type":"ListItem","position":1,"name":"Portada","item":"https:\/\/www.sonoraenequipo.com.mx\/"},{"@type":"ListItem","position":2,"name":"Unos imperceptibles \u00abterremotos lentos\u00bb en la falla de San Andr\u00e9s podr\u00edan causar una cat\u00e1strofe"}]},{"@type":"WebSite","@id":"https:\/\/www.sonoraenequipo.com.mx\/#website","url":"https:\/\/www.sonoraenequipo.com.mx\/","name":"Sonora en Equipo.","description":"Diario en l\u00ednea con Noticias desde Hermosillo, Sonora","publisher":{"@id":"https:\/\/www.sonoraenequipo.com.mx\/#organization"},"potentialAction":[{"@type":"SearchAction","target":{"@type":"EntryPoint","urlTemplate":"https:\/\/www.sonoraenequipo.com.mx\/?s={search_term_string}"},"query-input":{"@type":"PropertyValueSpecification","valueRequired":true,"valueName":"search_term_string"}}],"inLanguage":"es"},{"@type":"Organization","@id":"https:\/\/www.sonoraenequipo.com.mx\/#organization","name":"Sonoraenequipo.com.mx","url":"https:\/\/www.sonoraenequipo.com.mx\/","logo":{"@type":"ImageObject","inLanguage":"es","@id":"https:\/\/www.sonoraenequipo.com.mx\/#\/schema\/logo\/image\/","url":"https:\/\/www.sonoraenequipo.com.mx\/storage\/2019\/01\/sonoraenequipo_opt.png","contentUrl":"https:\/\/www.sonoraenequipo.com.mx\/storage\/2019\/01\/sonoraenequipo_opt.png","width":375,"height":125,"caption":"Sonoraenequipo.com.mx"},"image":{"@id":"https:\/\/www.sonoraenequipo.com.mx\/#\/schema\/logo\/image\/"},"sameAs":["https:\/\/www.facebook.com\/SonoraEE\/","https:\/\/x.com\/sonoraenequipo","https:\/\/www.youtube.com\/channel\/UC338nW-lPEYmJQs4ZABQ1SQ"]},{"@type":"Person","@id":"https:\/\/www.sonoraenequipo.com.mx\/#\/schema\/person\/50102df0fb23a8fa9e8effad8fa81386","name":"enequipo","image":{"@type":"ImageObject","inLanguage":"es","@id":"https:\/\/www.sonoraenequipo.com.mx\/#\/schema\/person\/image\/","url":"https:\/\/secure.gravatar.com\/avatar\/049821681b589dabc0bc20695993ccebb09f5b5d4d790cd9251b97faac7c652b?s=96&d=blank&r=g","contentUrl":"https:\/\/secure.gravatar.com\/avatar\/049821681b589dabc0bc20695993ccebb09f5b5d4d790cd9251b97faac7c652b?s=96&d=blank&r=g","caption":"enequipo"},"sameAs":["https:\/\/www.facebook.com\/SonoraEE"]}]}},"jetpack_featured_media_url":"https:\/\/www.sonoraenequipo.com.mx\/storage\/2018\/06\/falladesanadres_opt1.jpg","_links":{"self":[{"href":"https:\/\/www.sonoraenequipo.com.mx\/api\/wp\/v2\/posts\/39310","targetHints":{"allow":["GET"]}}],"collection":[{"href":"https:\/\/www.sonoraenequipo.com.mx\/api\/wp\/v2\/posts"}],"about":[{"href":"https:\/\/www.sonoraenequipo.com.mx\/api\/wp\/v2\/types\/post"}],"author":[{"embeddable":true,"href":"https:\/\/www.sonoraenequipo.com.mx\/api\/wp\/v2\/users\/1"}],"replies":[{"embeddable":true,"href":"https:\/\/www.sonoraenequipo.com.mx\/api\/wp\/v2\/comments?post=39310"}],"version-history":[{"count":0,"href":"https:\/\/www.sonoraenequipo.com.mx\/api\/wp\/v2\/posts\/39310\/revisions"}],"wp:featuredmedia":[{"embeddable":true,"href":"https:\/\/www.sonoraenequipo.com.mx\/api\/wp\/v2\/media\/39311"}],"wp:attachment":[{"href":"https:\/\/www.sonoraenequipo.com.mx\/api\/wp\/v2\/media?parent=39310"}],"wp:term":[{"taxonomy":"category","embeddable":true,"href":"https:\/\/www.sonoraenequipo.com.mx\/api\/wp\/v2\/categories?post=39310"},{"taxonomy":"post_tag","embeddable":true,"href":"https:\/\/www.sonoraenequipo.com.mx\/api\/wp\/v2\/tags?post=39310"}],"curies":[{"name":"wp","href":"https:\/\/api.w.org\/{rel}","templated":true}]}}