{"id":39318,"date":"2018-06-20T18:40:01","date_gmt":"2018-06-21T01:40:01","guid":{"rendered":"http:\/\/www.sonoraenequipo.com.mx\/?p=39318"},"modified":"2018-06-20T19:57:28","modified_gmt":"2018-06-21T02:57:28","slug":"participa-sonora-en-xv-encuentro-nacional-de-titulares-de-juventud-del-pais","status":"publish","type":"post","link":"https:\/\/www.sonoraenequipo.com.mx\/participa-sonora-en-xv-encuentro-nacional-de-titulares-de-juventud-del-pais\/","title":{"rendered":"Participa Sonora en XV Encuentro Nacional de Titulares de Juventud del pa\u00eds"},"content":{"rendered":"<p>CIUDAD DE M\u00c9XICO. MX. \u2014 Con el fin de dialogar, debatir, intercambiar experiencias de \u00e9xito y formular las pol\u00edticas p\u00fablicas adecuadas para implementar en favor de la juventud del pa\u00eds, se reunieron 28 titulares de juventud de las entidades federativas en la sede del Senado, donde particip\u00f3 Ana Gabriela Peiro S\u00e1nchez, Encargada de despacho del Instituto Sonorense de la Juventud (ISJuventud).<\/p>\n<p> <\/p>\n<p>El XV Encuentro Nacional de Titulares de Juventud del pa\u00eds reuni\u00f3 tambi\u00e9n a autoridades de la Secretar\u00eda de Desarrollo Social (Sedesol), del Instituto Mexicano de la Juventud (Imjuve), as\u00ed como a Senadores, quienes discutieron en mesas de trabajo y debatieron sobre las pol\u00edticas p\u00fablicas que se requieren legislar en favor de los j\u00f3venes del pa\u00eds.<\/p>\n<p>Peiro S\u00e1nchez expuso que en Sonora hay j\u00f3venes talentosos que est\u00e1n destacando a nivel internacional por sus conocimientos, obteniendo becas de estudios y de investigaci\u00f3n en el extranjero, as\u00ed como participando en mundiales de rob\u00f3tica, ciencia y otros campos, sin embargo, dijo, a\u00fan se deben redoblar esfuerzos para apoyar a los j\u00f3venes que enfrentan problem\u00e1ticas como adicciones y embarazos, y es sumando esfuerzos y aliados como se lograr\u00e1n mejores resultados.<\/p>\n<p>En el evento el Senador Enrique Burgos Garc\u00eda, Presidente de la Comisi\u00f3n de Puntos Constitucionales, se\u00f1al\u00f3 que quienes se re\u00fanen tienen la encomienda de construir y edificar oportunidades en las instituciones para elevar las capacidades de los j\u00f3venes mexicanos y encontrar las propuestas para avanzar e ir un paso delante de la sociedad por las futuras generaciones.<\/p>\n<p>Por su parte el Director de Imjuve, M\u00e1ximo Quintana Haddad, expuso que la importancia de la reuni\u00f3n est\u00e1 en llevar reflexiones para incidir en la creaci\u00f3n de pol\u00edticas y leyes federales a sus instituciones, pero tambi\u00e9n a los congresos locales, a los ayuntamientos o cabildos, generando una conversaci\u00f3n de perspectiva de juventud y de contextualizar en las leyes la realidad de los j\u00f3venes de cada estado.<\/p>\n<p>Finalmente, las autoridades coincidieron en que para la implementaci\u00f3n de las pol\u00edticas p\u00fablicas orientadas a los j\u00f3venes se requiere de mecanismos de participaci\u00f3n y consulta con la participaci\u00f3n de los tres \u00f3rdenes de gobierno, la sociedad civil, el sector privado y los dem\u00e1s actores estrat\u00e9gicos involucrados.<\/p>\n<p>(Fecha de publicaci\u00f3n 20062018)<\/p>\n","protected":false},"excerpt":{"rendered":"<p>CIUDAD DE M\u00c9XICO. MX. \u2014 Con el fin de dialogar, debatir, intercambiar experiencias de \u00e9xito&#8230;<\/p>\n","protected":false},"author":1,"featured_media":39319,"comment_status":"open","ping_status":"open","sticky":false,"template":"","format":"standard","meta":{"_monsterinsights_skip_tracking":false,"_monsterinsights_sitenote_active":false,"_monsterinsights_sitenote_note":"","_monsterinsights_sitenote_category":0,"footnotes":""},"categories":[13,5],"tags":[],"class_list":["post"],"yoast_head":" \n<title>Sonora en Equipo. Participa Sonora en XV Encuentro Nacional de Titulares de Juventud del pa\u00eds Destacadas<\/title>\n<meta name=\"description\" content=\"CIUDAD DE M\u00c9XICO. MX. \u2014 Con el fin de dialogar, debatir, intercambiar experiencias de \u00e9xito y formular las pol\u00edticas p\u00fablicas adecuadas para implementar En Sonora en Equipo publicamos toda la informaci\u00f3n de Sonora, M\u00e9xico y el Mundo de manera oportuna y busca que la libertad de expresi\u00f3n sea real. Visita nuestro medio informativo publicado desde Hermosillo, Sonora. %\" \/>\n<meta name=\"robots\" content=\"index, follow, max-snippet:-1, max-image-preview:large, max-video-preview:-1\" \/>\n<link rel=\"canonical\" href=\"https:\/\/www.sonoraenequipo.com.mx\/participa-sonora-en-xv-encuentro-nacional-de-titulares-de-juventud-del-pais\/\" \/>\n<meta property=\"og:locale\" content=\"es_ES\" \/>\n<meta property=\"og:type\" content=\"article\" \/>\n<meta property=\"og:title\" content=\"Sonora en Equipo. Participa Sonora en XV Encuentro Nacional de Titulares de Juventud del pa\u00eds Destacadas\" \/>\n<meta property=\"og:description\" content=\"CIUDAD DE M\u00c9XICO. MX. \u2014 Con el fin de dialogar, debatir, intercambiar experiencias de \u00e9xito y formular las pol\u00edticas p\u00fablicas adecuadas para implementar En Sonora en Equipo publicamos toda la informaci\u00f3n de Sonora, M\u00e9xico y el Mundo de manera oportuna y busca que la libertad de expresi\u00f3n sea real. Visita nuestro medio informativo publicado desde Hermosillo, Sonora. %\" \/>\n<meta property=\"og:url\" content=\"https:\/\/www.sonoraenequipo.com.mx\/participa-sonora-en-xv-encuentro-nacional-de-titulares-de-juventud-del-pais\/\" \/>\n<meta property=\"og:site_name\" content=\"Sonora en Equipo.\" \/>\n<meta property=\"article:publisher\" content=\"https:\/\/www.facebook.com\/SonoraEE\/\" \/>\n<meta property=\"article:author\" content=\"https:\/\/www.facebook.com\/SonoraEE\" \/>\n<meta property=\"article:published_time\" content=\"2018-06-21T01:40:01+00:00\" \/>\n<meta property=\"article:modified_time\" content=\"2018-06-21T02:57:28+00:00\" \/>\n<meta property=\"og:image\" content=\"https:\/\/www.sonoraenequipo.com.mx\/storage\/2018\/06\/titularesdejuventudenmx_opt.jpg\" \/>\n\t<meta property=\"og:image:width\" content=\"989\" \/>\n\t<meta property=\"og:image:height\" content=\"600\" \/>\n\t<meta property=\"og:image:type\" content=\"image\/jpeg\" \/>\n<meta name=\"author\" content=\"enequipo\" \/>\n<meta name=\"twitter:card\" content=\"summary_large_image\" \/>\n<meta name=\"twitter:creator\" content=\"@sonoraenequipo\" \/>\n<meta name=\"twitter:site\" content=\"@sonoraenequipo\" \/>\n<meta name=\"twitter:label1\" content=\"Escrito por\" \/>\n\t<meta name=\"twitter:data1\" content=\"enequipo\" \/>\n\t<meta name=\"twitter:label2\" content=\"Tiempo de lectura\" \/>\n\t<meta name=\"twitter:data2\" content=\"2 minutos\" \/>\n<script type=\"application\/ld+json\" class=\"yoast-schema-graph\">{\"@context\":\"https:\/\/schema.org\",\"@graph\":[{\"@type\":\"Article\",\"@id\":\"https:\/\/www.sonoraenequipo.com.mx\/participa-sonora-en-xv-encuentro-nacional-de-titulares-de-juventud-del-pais\/#article\",\"isPartOf\":{\"@id\":\"https:\/\/www.sonoraenequipo.com.mx\/participa-sonora-en-xv-encuentro-nacional-de-titulares-de-juventud-del-pais\/\"},\"author\":{\"name\":\"enequipo\",\"@id\":\"https:\/\/www.sonoraenequipo.com.mx\/#\/schema\/person\/50102df0fb23a8fa9e8effad8fa81386\"},\"headline\":\"Participa Sonora en XV Encuentro Nacional de Titulares de Juventud del pa\u00eds\",\"datePublished\":\"2018-06-21T01:40:01+00:00\",\"dateModified\":\"2018-06-21T02:57:28+00:00\",\"mainEntityOfPage\":{\"@id\":\"https:\/\/www.sonoraenequipo.com.mx\/participa-sonora-en-xv-encuentro-nacional-de-titulares-de-juventud-del-pais\/\"},\"wordCount\":411,\"commentCount\":0,\"publisher\":{\"@id\":\"https:\/\/www.sonoraenequipo.com.mx\/#organization\"},\"image\":{\"@id\":\"https:\/\/www.sonoraenequipo.com.mx\/participa-sonora-en-xv-encuentro-nacional-de-titulares-de-juventud-del-pais\/#primaryimage\"},\"thumbnailUrl\":\"https:\/\/www.sonoraenequipo.com.mx\/storage\/2018\/06\/titularesdejuventudenmx_opt.jpg\",\"articleSection\":[\"Destacadas\",\"Rep\u00fablica\"],\"inLanguage\":\"es\",\"potentialAction\":[{\"@type\":\"CommentAction\",\"name\":\"Comment\",\"target\":[\"https:\/\/www.sonoraenequipo.com.mx\/participa-sonora-en-xv-encuentro-nacional-de-titulares-de-juventud-del-pais\/#respond\"]}]},{\"@type\":\"WebPage\",\"@id\":\"https:\/\/www.sonoraenequipo.com.mx\/participa-sonora-en-xv-encuentro-nacional-de-titulares-de-juventud-del-pais\/\",\"url\":\"https:\/\/www.sonoraenequipo.com.mx\/participa-sonora-en-xv-encuentro-nacional-de-titulares-de-juventud-del-pais\/\",\"name\":\"Sonora en Equipo. Participa Sonora en XV Encuentro Nacional de Titulares de Juventud del pa\u00eds Destacadas\",\"isPartOf\":{\"@id\":\"https:\/\/www.sonoraenequipo.com.mx\/#website\"},\"primaryImageOfPage\":{\"@id\":\"https:\/\/www.sonoraenequipo.com.mx\/participa-sonora-en-xv-encuentro-nacional-de-titulares-de-juventud-del-pais\/#primaryimage\"},\"image\":{\"@id\":\"https:\/\/www.sonoraenequipo.com.mx\/participa-sonora-en-xv-encuentro-nacional-de-titulares-de-juventud-del-pais\/#primaryimage\"},\"thumbnailUrl\":\"https:\/\/www.sonoraenequipo.com.mx\/storage\/2018\/06\/titularesdejuventudenmx_opt.jpg\",\"datePublished\":\"2018-06-21T01:40:01+00:00\",\"dateModified\":\"2018-06-21T02:57:28+00:00\",\"description\":\"CIUDAD DE M\u00c9XICO. MX. \u2014 Con el fin de dialogar, debatir, intercambiar experiencias de \u00e9xito y formular las pol\u00edticas p\u00fablicas adecuadas para implementar En Sonora en Equipo publicamos toda la informaci\u00f3n de Sonora, M\u00e9xico y el Mundo de manera oportuna y busca que la libertad de expresi\u00f3n sea real. Visita nuestro medio informativo publicado desde Hermosillo, Sonora. %\",\"breadcrumb\":{\"@id\":\"https:\/\/www.sonoraenequipo.com.mx\/participa-sonora-en-xv-encuentro-nacional-de-titulares-de-juventud-del-pais\/#breadcrumb\"},\"inLanguage\":\"es\",\"potentialAction\":[{\"@type\":\"ReadAction\",\"target\":[\"https:\/\/www.sonoraenequipo.com.mx\/participa-sonora-en-xv-encuentro-nacional-de-titulares-de-juventud-del-pais\/\"]}]},{\"@type\":\"ImageObject\",\"inLanguage\":\"es\",\"@id\":\"https:\/\/www.sonoraenequipo.com.mx\/participa-sonora-en-xv-encuentro-nacional-de-titulares-de-juventud-del-pais\/#primaryimage\",\"url\":\"https:\/\/www.sonoraenequipo.com.mx\/storage\/2018\/06\/titularesdejuventudenmx_opt.jpg\",\"contentUrl\":\"https:\/\/www.sonoraenequipo.com.mx\/storage\/2018\/06\/titularesdejuventudenmx_opt.jpg\",\"width\":989,\"height\":600},{\"@type\":\"BreadcrumbList\",\"@id\":\"https:\/\/www.sonoraenequipo.com.mx\/participa-sonora-en-xv-encuentro-nacional-de-titulares-de-juventud-del-pais\/#breadcrumb\",\"itemListElement\":[{\"@type\":\"ListItem\",\"position\":1,\"name\":\"Portada\",\"item\":\"https:\/\/www.sonoraenequipo.com.mx\/\"},{\"@type\":\"ListItem\",\"position\":2,\"name\":\"Participa Sonora en XV Encuentro Nacional de Titulares de Juventud del pa\u00eds\"}]},{\"@type\":\"WebSite\",\"@id\":\"https:\/\/www.sonoraenequipo.com.mx\/#website\",\"url\":\"https:\/\/www.sonoraenequipo.com.mx\/\",\"name\":\"Sonora en Equipo.\",\"description\":\"Diario en l\u00ednea con Noticias desde Hermosillo, Sonora\",\"publisher\":{\"@id\":\"https:\/\/www.sonoraenequipo.com.mx\/#organization\"},\"potentialAction\":[{\"@type\":\"SearchAction\",\"target\":{\"@type\":\"EntryPoint\",\"urlTemplate\":\"https:\/\/www.sonoraenequipo.com.mx\/?s={search_term_string}\"},\"query-input\":{\"@type\":\"PropertyValueSpecification\",\"valueRequired\":true,\"valueName\":\"search_term_string\"}}],\"inLanguage\":\"es\"},{\"@type\":\"Organization\",\"@id\":\"https:\/\/www.sonoraenequipo.com.mx\/#organization\",\"name\":\"Sonoraenequipo.com.mx\",\"url\":\"https:\/\/www.sonoraenequipo.com.mx\/\",\"logo\":{\"@type\":\"ImageObject\",\"inLanguage\":\"es\",\"@id\":\"https:\/\/www.sonoraenequipo.com.mx\/#\/schema\/logo\/image\/\",\"url\":\"https:\/\/www.sonoraenequipo.com.mx\/storage\/2019\/01\/sonoraenequipo_opt.png\",\"contentUrl\":\"https:\/\/www.sonoraenequipo.com.mx\/storage\/2019\/01\/sonoraenequipo_opt.png\",\"width\":375,\"height\":125,\"caption\":\"Sonoraenequipo.com.mx\"},\"image\":{\"@id\":\"https:\/\/www.sonoraenequipo.com.mx\/#\/schema\/logo\/image\/\"},\"sameAs\":[\"https:\/\/www.facebook.com\/SonoraEE\/\",\"https:\/\/x.com\/sonoraenequipo\",\"https:\/\/www.youtube.com\/channel\/UC338nW-lPEYmJQs4ZABQ1SQ\"]},{\"@type\":\"Person\",\"@id\":\"https:\/\/www.sonoraenequipo.com.mx\/#\/schema\/person\/50102df0fb23a8fa9e8effad8fa81386\",\"name\":\"enequipo\",\"image\":{\"@type\":\"ImageObject\",\"inLanguage\":\"es\",\"@id\":\"https:\/\/www.sonoraenequipo.com.mx\/#\/schema\/person\/image\/\",\"url\":\"https:\/\/secure.gravatar.com\/avatar\/049821681b589dabc0bc20695993ccebb09f5b5d4d790cd9251b97faac7c652b?s=96&d=blank&r=g\",\"contentUrl\":\"https:\/\/secure.gravatar.com\/avatar\/049821681b589dabc0bc20695993ccebb09f5b5d4d790cd9251b97faac7c652b?s=96&d=blank&r=g\",\"caption\":\"enequipo\"},\"sameAs\":[\"https:\/\/www.facebook.com\/SonoraEE\"]}]}<\/script>\n ","yoast_head_json":{"title":"Sonora en Equipo. Participa Sonora en XV Encuentro Nacional de Titulares de Juventud del pa\u00eds Destacadas","description":"CIUDAD DE M\u00c9XICO. MX. \u2014 Con el fin de dialogar, debatir, intercambiar experiencias de \u00e9xito y formular las pol\u00edticas p\u00fablicas adecuadas para implementar En Sonora en Equipo publicamos toda la informaci\u00f3n de Sonora, M\u00e9xico y el Mundo de manera oportuna y busca que la libertad de expresi\u00f3n sea real. Visita nuestro medio informativo publicado desde Hermosillo, Sonora. %","robots":{"index":"index","follow":"follow","max-snippet":"max-snippet:-1","max-image-preview":"max-image-preview:large","max-video-preview":"max-video-preview:-1"},"canonical":"https:\/\/www.sonoraenequipo.com.mx\/participa-sonora-en-xv-encuentro-nacional-de-titulares-de-juventud-del-pais\/","og_locale":"es_ES","og_type":"article","og_title":"Sonora en Equipo. Participa Sonora en XV Encuentro Nacional de Titulares de Juventud del pa\u00eds Destacadas","og_description":"CIUDAD DE M\u00c9XICO. MX. \u2014 Con el fin de dialogar, debatir, intercambiar experiencias de \u00e9xito y formular las pol\u00edticas p\u00fablicas adecuadas para implementar En Sonora en Equipo publicamos toda la informaci\u00f3n de Sonora, M\u00e9xico y el Mundo de manera oportuna y busca que la libertad de expresi\u00f3n sea real. Visita nuestro medio informativo publicado desde Hermosillo, Sonora. %","og_url":"https:\/\/www.sonoraenequipo.com.mx\/participa-sonora-en-xv-encuentro-nacional-de-titulares-de-juventud-del-pais\/","og_site_name":"Sonora en Equipo.","article_publisher":"https:\/\/www.facebook.com\/SonoraEE\/","article_author":"https:\/\/www.facebook.com\/SonoraEE","article_published_time":"2018-06-21T01:40:01+00:00","article_modified_time":"2018-06-21T02:57:28+00:00","og_image":[{"width":989,"height":600,"url":"https:\/\/www.sonoraenequipo.com.mx\/storage\/2018\/06\/titularesdejuventudenmx_opt.jpg","type":"image\/jpeg"}],"author":"enequipo","twitter_card":"summary_large_image","twitter_creator":"@sonoraenequipo","twitter_site":"@sonoraenequipo","twitter_misc":{"Escrito por":"enequipo","Tiempo de lectura":"2 minutos"},"schema":{"@context":"https:\/\/schema.org","@graph":[{"@type":"Article","@id":"https:\/\/www.sonoraenequipo.com.mx\/participa-sonora-en-xv-encuentro-nacional-de-titulares-de-juventud-del-pais\/#article","isPartOf":{"@id":"https:\/\/www.sonoraenequipo.com.mx\/participa-sonora-en-xv-encuentro-nacional-de-titulares-de-juventud-del-pais\/"},"author":{"name":"enequipo","@id":"https:\/\/www.sonoraenequipo.com.mx\/#\/schema\/person\/50102df0fb23a8fa9e8effad8fa81386"},"headline":"Participa Sonora en XV Encuentro Nacional de Titulares de Juventud del pa\u00eds","datePublished":"2018-06-21T01:40:01+00:00","dateModified":"2018-06-21T02:57:28+00:00","mainEntityOfPage":{"@id":"https:\/\/www.sonoraenequipo.com.mx\/participa-sonora-en-xv-encuentro-nacional-de-titulares-de-juventud-del-pais\/"},"wordCount":411,"commentCount":0,"publisher":{"@id":"https:\/\/www.sonoraenequipo.com.mx\/#organization"},"image":{"@id":"https:\/\/www.sonoraenequipo.com.mx\/participa-sonora-en-xv-encuentro-nacional-de-titulares-de-juventud-del-pais\/#primaryimage"},"thumbnailUrl":"https:\/\/www.sonoraenequipo.com.mx\/storage\/2018\/06\/titularesdejuventudenmx_opt.jpg","articleSection":["Destacadas","Rep\u00fablica"],"inLanguage":"es","potentialAction":[{"@type":"CommentAction","name":"Comment","target":["https:\/\/www.sonoraenequipo.com.mx\/participa-sonora-en-xv-encuentro-nacional-de-titulares-de-juventud-del-pais\/#respond"]}]},{"@type":"WebPage","@id":"https:\/\/www.sonoraenequipo.com.mx\/participa-sonora-en-xv-encuentro-nacional-de-titulares-de-juventud-del-pais\/","url":"https:\/\/www.sonoraenequipo.com.mx\/participa-sonora-en-xv-encuentro-nacional-de-titulares-de-juventud-del-pais\/","name":"Sonora en Equipo. Participa Sonora en XV Encuentro Nacional de Titulares de Juventud del pa\u00eds Destacadas","isPartOf":{"@id":"https:\/\/www.sonoraenequipo.com.mx\/#website"},"primaryImageOfPage":{"@id":"https:\/\/www.sonoraenequipo.com.mx\/participa-sonora-en-xv-encuentro-nacional-de-titulares-de-juventud-del-pais\/#primaryimage"},"image":{"@id":"https:\/\/www.sonoraenequipo.com.mx\/participa-sonora-en-xv-encuentro-nacional-de-titulares-de-juventud-del-pais\/#primaryimage"},"thumbnailUrl":"https:\/\/www.sonoraenequipo.com.mx\/storage\/2018\/06\/titularesdejuventudenmx_opt.jpg","datePublished":"2018-06-21T01:40:01+00:00","dateModified":"2018-06-21T02:57:28+00:00","description":"CIUDAD DE M\u00c9XICO. MX. \u2014 Con el fin de dialogar, debatir, intercambiar experiencias de \u00e9xito y formular las pol\u00edticas p\u00fablicas adecuadas para implementar En Sonora en Equipo publicamos toda la informaci\u00f3n de Sonora, M\u00e9xico y el Mundo de manera oportuna y busca que la libertad de expresi\u00f3n sea real. Visita nuestro medio informativo publicado desde Hermosillo, Sonora. %","breadcrumb":{"@id":"https:\/\/www.sonoraenequipo.com.mx\/participa-sonora-en-xv-encuentro-nacional-de-titulares-de-juventud-del-pais\/#breadcrumb"},"inLanguage":"es","potentialAction":[{"@type":"ReadAction","target":["https:\/\/www.sonoraenequipo.com.mx\/participa-sonora-en-xv-encuentro-nacional-de-titulares-de-juventud-del-pais\/"]}]},{"@type":"ImageObject","inLanguage":"es","@id":"https:\/\/www.sonoraenequipo.com.mx\/participa-sonora-en-xv-encuentro-nacional-de-titulares-de-juventud-del-pais\/#primaryimage","url":"https:\/\/www.sonoraenequipo.com.mx\/storage\/2018\/06\/titularesdejuventudenmx_opt.jpg","contentUrl":"https:\/\/www.sonoraenequipo.com.mx\/storage\/2018\/06\/titularesdejuventudenmx_opt.jpg","width":989,"height":600},{"@type":"BreadcrumbList","@id":"https:\/\/www.sonoraenequipo.com.mx\/participa-sonora-en-xv-encuentro-nacional-de-titulares-de-juventud-del-pais\/#breadcrumb","itemListElement":[{"@type":"ListItem","position":1,"name":"Portada","item":"https:\/\/www.sonoraenequipo.com.mx\/"},{"@type":"ListItem","position":2,"name":"Participa Sonora en XV Encuentro Nacional de Titulares de Juventud del pa\u00eds"}]},{"@type":"WebSite","@id":"https:\/\/www.sonoraenequipo.com.mx\/#website","url":"https:\/\/www.sonoraenequipo.com.mx\/","name":"Sonora en Equipo.","description":"Diario en l\u00ednea con Noticias desde Hermosillo, Sonora","publisher":{"@id":"https:\/\/www.sonoraenequipo.com.mx\/#organization"},"potentialAction":[{"@type":"SearchAction","target":{"@type":"EntryPoint","urlTemplate":"https:\/\/www.sonoraenequipo.com.mx\/?s={search_term_string}"},"query-input":{"@type":"PropertyValueSpecification","valueRequired":true,"valueName":"search_term_string"}}],"inLanguage":"es"},{"@type":"Organization","@id":"https:\/\/www.sonoraenequipo.com.mx\/#organization","name":"Sonoraenequipo.com.mx","url":"https:\/\/www.sonoraenequipo.com.mx\/","logo":{"@type":"ImageObject","inLanguage":"es","@id":"https:\/\/www.sonoraenequipo.com.mx\/#\/schema\/logo\/image\/","url":"https:\/\/www.sonoraenequipo.com.mx\/storage\/2019\/01\/sonoraenequipo_opt.png","contentUrl":"https:\/\/www.sonoraenequipo.com.mx\/storage\/2019\/01\/sonoraenequipo_opt.png","width":375,"height":125,"caption":"Sonoraenequipo.com.mx"},"image":{"@id":"https:\/\/www.sonoraenequipo.com.mx\/#\/schema\/logo\/image\/"},"sameAs":["https:\/\/www.facebook.com\/SonoraEE\/","https:\/\/x.com\/sonoraenequipo","https:\/\/www.youtube.com\/channel\/UC338nW-lPEYmJQs4ZABQ1SQ"]},{"@type":"Person","@id":"https:\/\/www.sonoraenequipo.com.mx\/#\/schema\/person\/50102df0fb23a8fa9e8effad8fa81386","name":"enequipo","image":{"@type":"ImageObject","inLanguage":"es","@id":"https:\/\/www.sonoraenequipo.com.mx\/#\/schema\/person\/image\/","url":"https:\/\/secure.gravatar.com\/avatar\/049821681b589dabc0bc20695993ccebb09f5b5d4d790cd9251b97faac7c652b?s=96&d=blank&r=g","contentUrl":"https:\/\/secure.gravatar.com\/avatar\/049821681b589dabc0bc20695993ccebb09f5b5d4d790cd9251b97faac7c652b?s=96&d=blank&r=g","caption":"enequipo"},"sameAs":["https:\/\/www.facebook.com\/SonoraEE"]}]}},"jetpack_featured_media_url":"https:\/\/www.sonoraenequipo.com.mx\/storage\/2018\/06\/titularesdejuventudenmx_opt.jpg","_links":{"self":[{"href":"https:\/\/www.sonoraenequipo.com.mx\/api\/wp\/v2\/posts\/39318","targetHints":{"allow":["GET"]}}],"collection":[{"href":"https:\/\/www.sonoraenequipo.com.mx\/api\/wp\/v2\/posts"}],"about":[{"href":"https:\/\/www.sonoraenequipo.com.mx\/api\/wp\/v2\/types\/post"}],"author":[{"embeddable":true,"href":"https:\/\/www.sonoraenequipo.com.mx\/api\/wp\/v2\/users\/1"}],"replies":[{"embeddable":true,"href":"https:\/\/www.sonoraenequipo.com.mx\/api\/wp\/v2\/comments?post=39318"}],"version-history":[{"count":0,"href":"https:\/\/www.sonoraenequipo.com.mx\/api\/wp\/v2\/posts\/39318\/revisions"}],"wp:featuredmedia":[{"embeddable":true,"href":"https:\/\/www.sonoraenequipo.com.mx\/api\/wp\/v2\/media\/39319"}],"wp:attachment":[{"href":"https:\/\/www.sonoraenequipo.com.mx\/api\/wp\/v2\/media?parent=39318"}],"wp:term":[{"taxonomy":"category","embeddable":true,"href":"https:\/\/www.sonoraenequipo.com.mx\/api\/wp\/v2\/categories?post=39318"},{"taxonomy":"post_tag","embeddable":true,"href":"https:\/\/www.sonoraenequipo.com.mx\/api\/wp\/v2\/tags?post=39318"}],"curies":[{"name":"wp","href":"https:\/\/api.w.org\/{rel}","templated":true}]}}