{"id":39321,"date":"2018-06-20T16:50:04","date_gmt":"2018-06-20T23:50:04","guid":{"rendered":"http:\/\/www.sonoraenequipo.com.mx\/?p=39321"},"modified":"2018-06-20T20:13:33","modified_gmt":"2018-06-21T03:13:33","slug":"ciudadanos-piden-revisar-reforma-educativa-porque-no-ven-avance-en-algunos-rubros-parametria","status":"publish","type":"post","link":"https:\/\/www.sonoraenequipo.com.mx\/ciudadanos-piden-revisar-reforma-educativa-porque-no-ven-avance-en-algunos-rubros-parametria\/","title":{"rendered":"Ciudadanos piden revisar Reforma Educativa porque no ven avance en algunos rubros: Parametr\u00eda"},"content":{"rendered":"<p>CIUDAD DE M\u00c9XICO. MX. \u2014&nbsp; En diciembre del 2012, se aprob\u00f3 en M\u00e9xico la Reforma Educativa, la cual de acuerdo con el ejecutivo federal tiene el prop\u00f3sito de mejorar la calidad de la ense\u00f1anza en nuestro pa\u00eds.<\/p>\n<p> <\/p>\n<p>Dicha reforma tiene tres objetivos principales 1) La profesionalizaci\u00f3n de los maestros y evaluaciones peri\u00f3dicas. 2) Reducir la desigualdad en el acceso a la educaci\u00f3n al tener programas especiales para zonas con alta marginaci\u00f3n e 3) Involucrar a los padres de familia y a la sociedad en la transformaci\u00f3n de la educaci\u00f3n a trav\u00e9s de consejos nacionales, estatales y municipales.<\/p>\n<p>A partir del a\u00f1o 2014, Parametr\u00eda ha indagado la opini\u00f3n p\u00fablica de los mexicanos sobre c\u00f3mo se ha implementado la reforma educativa. Preguntamos qu\u00e9 aspectos de la educaci\u00f3n en M\u00e9xico consideran son mejores a partir de su puesta en marcha, cu\u00e1les no han tenido cambios y en cu\u00e1les hemos retrocedido. Adem\u00e1s, consultamos si la reforma a la educaci\u00f3n debe cancelarse, revisarse para mejorar o permanecer como est\u00e1 actualmente. Los resultados de la encuesta nacional, as\u00ed como las series hist\u00f3ricas se analizan a continuaci\u00f3n.<\/p>\n<p><a href=\"http:\/\/www.sonoraenequipo.com.mx\/destacadas\/ciudadanos-piden-revisar-reforma-educativa-porque-no-ven-avance-en-algunos-rubros-parametria\/attachment\/para-educ_opt\/\" rel=\"attachment \"><img loading=\"lazy\" decoding=\"async\" class=\"x-left  \" src=\"http:\/\/www.sonoraenequipo.com.mx\/storage\/2018\/06\/para-educ_opt.jpg\" alt=\"\" width=\"437\" height=\"304\"><\/a>Resultados de la encuesta nacional realizada en mayo de este a\u00f1o en vivienda por Parametr\u00eda, muestran que cuatro de cada diez mexicanos consideran que a partir de la implementaci\u00f3n de la Reforma Educativa se ha avanzado en la evaluaci\u00f3n de los maestros (39%); la prohibici\u00f3n en las escuelas para la venta de alimentos que no fortalecen la salud de los ni\u00f1os (38%) y en el n\u00famero de escuelas de tiempo completa (36%).<\/p>\n<p>No obstante, cuatro de cada diez consideran que no ha habido cambios en otros rubros tales como: la calidad de la educaci\u00f3n (40%), la preparaci\u00f3n de los maestros (42%) o bien el impedir el cobro de cuotas escolares (49%).<\/p>\n<p>Si analizamos cada una de estas categor\u00edas en el tiempo podemos ver c\u00f3mo ha ido cambiando la opini\u00f3n de los mexicanos en algunos temas.<\/p>\n<p>Por ejemplo, en cuanto a la preparaci\u00f3n de los maestros, en 2016 el 45% de personas consideraba que a partir de la reforma se hab\u00eda avanzado en este rubro, no obstante, para 2017 ese porcentaje descendi\u00f3 a 26%.<\/p>\n<p>De 2017 a 2018 creci\u00f3 \u00fanicamente tres puntos para llegar a 29% quienes consideran que hemos avanzado en tener maestros mejor preparados.<\/p>\n<p>Observamos la misma tendencia en cuanto a la calidad de la educaci\u00f3n.<\/p>\n<p>En 2016 m\u00e1s entrevistados ve\u00edan un avance en este tema, as\u00ed lo se\u00f1al\u00f3 el 41% de entrevistados, pero en 2017 y 2018 fueron mayores los porcentajes de personas que dijeron que a\u00fan con la implementaci\u00f3n de la reforma educativa que no hab\u00eda pasado nada en cuanto a tener una educaci\u00f3n con mayor calidad. Incluso en 2017 el 29% de encuestados dijo que hab\u00edamos descendido en ello.<\/p>\n<p>Uno de los rubros donde la gente observa que se ha mejorado m\u00e1s a partir de la reforma educativa es en la evaluaci\u00f3n de maestros.<\/p>\n<p>Si bien en 2014 y en 2017 era mayor el porcentaje de personas que dijeron que no hab\u00eda pasado nada, en 2016 y 2018 es mayor el porcentaje de aquellos que consideran que s\u00ed hay un avance.<\/p>\n<p>Uno de los temas que cobr\u00f3 relevancia en este proceso electoral fue precisamente la reforma educativa. Los candidatos a la presidencia dieron su punto de vista en distintas ocasiones sobre la misma, por ejemplo, en los debates. Las posturas iban desde su cancelaci\u00f3n hasta la permanencia de la misma. En la opini\u00f3n p\u00fablica podemos ver que la mayor\u00eda de los mexicanos coincide en que la reforma educativa debe revisarse para mejorarse. S\u00f3lo 9% considera que lo mejor es cancelarla y un 12% dijo que lo mejor era dejarla tal como est\u00e1.<\/p>\n<p>(Fecha de publicaci\u00f3n 20062018)<\/p>\n","protected":false},"excerpt":{"rendered":"<p>CIUDAD DE M\u00c9XICO. MX. \u2014&nbsp; En diciembre del 2012, se aprob\u00f3 en M\u00e9xico la Reforma&#8230;<\/p>\n","protected":false},"author":6,"featured_media":39323,"comment_status":"open","ping_status":"open","sticky":false,"template":"","format":"standard","meta":{"_monsterinsights_skip_tracking":false,"_monsterinsights_sitenote_active":false,"_monsterinsights_sitenote_note":"","_monsterinsights_sitenote_category":0,"footnotes":""},"categories":[13,5],"tags":[],"class_list":["post"],"yoast_head":" \n<title>Sonora en Equipo. Ciudadanos piden revisar Reforma Educativa porque no ven avance en algunos rubros: Parametr\u00eda Destacadas<\/title>\n<meta name=\"description\" content=\"CIUDAD DE M\u00c9XICO. MX. \u2014&nbsp; En diciembre del 2012, se aprob\u00f3 en M\u00e9xico la Reforma Educativa, la cual de acuerdo con el ejecutivo federal tiene el En Sonora en Equipo publicamos toda la informaci\u00f3n de Sonora, M\u00e9xico y el Mundo de manera oportuna y busca que la libertad de expresi\u00f3n sea real. Visita nuestro medio informativo publicado desde Hermosillo, Sonora. %\" \/>\n<meta name=\"robots\" content=\"index, follow, max-snippet:-1, max-image-preview:large, max-video-preview:-1\" \/>\n<link rel=\"canonical\" href=\"https:\/\/www.sonoraenequipo.com.mx\/ciudadanos-piden-revisar-reforma-educativa-porque-no-ven-avance-en-algunos-rubros-parametria\/\" \/>\n<meta property=\"og:locale\" content=\"es_ES\" \/>\n<meta property=\"og:type\" content=\"article\" \/>\n<meta property=\"og:title\" content=\"Sonora en Equipo. Ciudadanos piden revisar Reforma Educativa porque no ven avance en algunos rubros: Parametr\u00eda Destacadas\" \/>\n<meta property=\"og:description\" content=\"CIUDAD DE M\u00c9XICO. MX. \u2014&nbsp; En diciembre del 2012, se aprob\u00f3 en M\u00e9xico la Reforma Educativa, la cual de acuerdo con el ejecutivo federal tiene el En Sonora en Equipo publicamos toda la informaci\u00f3n de Sonora, M\u00e9xico y el Mundo de manera oportuna y busca que la libertad de expresi\u00f3n sea real. Visita nuestro medio informativo publicado desde Hermosillo, Sonora. %\" \/>\n<meta property=\"og:url\" content=\"https:\/\/www.sonoraenequipo.com.mx\/ciudadanos-piden-revisar-reforma-educativa-porque-no-ven-avance-en-algunos-rubros-parametria\/\" \/>\n<meta property=\"og:site_name\" content=\"Sonora en Equipo.\" \/>\n<meta property=\"article:publisher\" content=\"https:\/\/www.facebook.com\/SonoraEE\/\" \/>\n<meta property=\"article:published_time\" content=\"2018-06-20T23:50:04+00:00\" \/>\n<meta property=\"article:modified_time\" content=\"2018-06-21T03:13:33+00:00\" \/>\n<meta property=\"og:image\" content=\"https:\/\/www.sonoraenequipo.com.mx\/storage\/2018\/06\/magisterioevaluado_opt.jpg\" \/>\n\t<meta property=\"og:image:width\" content=\"878\" \/>\n\t<meta property=\"og:image:height\" content=\"450\" \/>\n\t<meta property=\"og:image:type\" content=\"image\/jpeg\" \/>\n<meta name=\"author\" content=\"Nacho Bandin\" \/>\n<meta name=\"twitter:card\" content=\"summary_large_image\" \/>\n<meta name=\"twitter:creator\" content=\"@sonoraenequipo\" \/>\n<meta name=\"twitter:site\" content=\"@sonoraenequipo\" \/>\n<meta name=\"twitter:label1\" content=\"Escrito por\" \/>\n\t<meta name=\"twitter:data1\" content=\"Nacho Bandin\" \/>\n\t<meta name=\"twitter:label2\" content=\"Tiempo de lectura\" \/>\n\t<meta name=\"twitter:data2\" content=\"3 minutos\" \/>\n<script type=\"application\/ld+json\" class=\"yoast-schema-graph\">{\"@context\":\"https:\/\/schema.org\",\"@graph\":[{\"@type\":\"Article\",\"@id\":\"https:\/\/www.sonoraenequipo.com.mx\/ciudadanos-piden-revisar-reforma-educativa-porque-no-ven-avance-en-algunos-rubros-parametria\/#article\",\"isPartOf\":{\"@id\":\"https:\/\/www.sonoraenequipo.com.mx\/ciudadanos-piden-revisar-reforma-educativa-porque-no-ven-avance-en-algunos-rubros-parametria\/\"},\"author\":{\"name\":\"Nacho Bandin\",\"@id\":\"https:\/\/www.sonoraenequipo.com.mx\/#\/schema\/person\/fbd9952aca28efec00f1fb7fa9428cad\"},\"headline\":\"Ciudadanos piden revisar Reforma Educativa porque no ven avance en algunos rubros: Parametr\u00eda\",\"datePublished\":\"2018-06-20T23:50:04+00:00\",\"dateModified\":\"2018-06-21T03:13:33+00:00\",\"mainEntityOfPage\":{\"@id\":\"https:\/\/www.sonoraenequipo.com.mx\/ciudadanos-piden-revisar-reforma-educativa-porque-no-ven-avance-en-algunos-rubros-parametria\/\"},\"wordCount\":650,\"commentCount\":0,\"publisher\":{\"@id\":\"https:\/\/www.sonoraenequipo.com.mx\/#organization\"},\"image\":{\"@id\":\"https:\/\/www.sonoraenequipo.com.mx\/ciudadanos-piden-revisar-reforma-educativa-porque-no-ven-avance-en-algunos-rubros-parametria\/#primaryimage\"},\"thumbnailUrl\":\"https:\/\/www.sonoraenequipo.com.mx\/storage\/2018\/06\/magisterioevaluado_opt.jpg\",\"articleSection\":[\"Destacadas\",\"Rep\u00fablica\"],\"inLanguage\":\"es\",\"potentialAction\":[{\"@type\":\"CommentAction\",\"name\":\"Comment\",\"target\":[\"https:\/\/www.sonoraenequipo.com.mx\/ciudadanos-piden-revisar-reforma-educativa-porque-no-ven-avance-en-algunos-rubros-parametria\/#respond\"]}]},{\"@type\":\"WebPage\",\"@id\":\"https:\/\/www.sonoraenequipo.com.mx\/ciudadanos-piden-revisar-reforma-educativa-porque-no-ven-avance-en-algunos-rubros-parametria\/\",\"url\":\"https:\/\/www.sonoraenequipo.com.mx\/ciudadanos-piden-revisar-reforma-educativa-porque-no-ven-avance-en-algunos-rubros-parametria\/\",\"name\":\"Sonora en Equipo. Ciudadanos piden revisar Reforma Educativa porque no ven avance en algunos rubros: Parametr\u00eda Destacadas\",\"isPartOf\":{\"@id\":\"https:\/\/www.sonoraenequipo.com.mx\/#website\"},\"primaryImageOfPage\":{\"@id\":\"https:\/\/www.sonoraenequipo.com.mx\/ciudadanos-piden-revisar-reforma-educativa-porque-no-ven-avance-en-algunos-rubros-parametria\/#primaryimage\"},\"image\":{\"@id\":\"https:\/\/www.sonoraenequipo.com.mx\/ciudadanos-piden-revisar-reforma-educativa-porque-no-ven-avance-en-algunos-rubros-parametria\/#primaryimage\"},\"thumbnailUrl\":\"https:\/\/www.sonoraenequipo.com.mx\/storage\/2018\/06\/magisterioevaluado_opt.jpg\",\"datePublished\":\"2018-06-20T23:50:04+00:00\",\"dateModified\":\"2018-06-21T03:13:33+00:00\",\"description\":\"CIUDAD DE M\u00c9XICO. MX. \u2014&nbsp; En diciembre del 2012, se aprob\u00f3 en M\u00e9xico la Reforma Educativa, la cual de acuerdo con el ejecutivo federal tiene el En Sonora en Equipo publicamos toda la informaci\u00f3n de Sonora, M\u00e9xico y el Mundo de manera oportuna y busca que la libertad de expresi\u00f3n sea real. Visita nuestro medio informativo publicado desde Hermosillo, Sonora. %\",\"breadcrumb\":{\"@id\":\"https:\/\/www.sonoraenequipo.com.mx\/ciudadanos-piden-revisar-reforma-educativa-porque-no-ven-avance-en-algunos-rubros-parametria\/#breadcrumb\"},\"inLanguage\":\"es\",\"potentialAction\":[{\"@type\":\"ReadAction\",\"target\":[\"https:\/\/www.sonoraenequipo.com.mx\/ciudadanos-piden-revisar-reforma-educativa-porque-no-ven-avance-en-algunos-rubros-parametria\/\"]}]},{\"@type\":\"ImageObject\",\"inLanguage\":\"es\",\"@id\":\"https:\/\/www.sonoraenequipo.com.mx\/ciudadanos-piden-revisar-reforma-educativa-porque-no-ven-avance-en-algunos-rubros-parametria\/#primaryimage\",\"url\":\"https:\/\/www.sonoraenequipo.com.mx\/storage\/2018\/06\/magisterioevaluado_opt.jpg\",\"contentUrl\":\"https:\/\/www.sonoraenequipo.com.mx\/storage\/2018\/06\/magisterioevaluado_opt.jpg\",\"width\":878,\"height\":450},{\"@type\":\"BreadcrumbList\",\"@id\":\"https:\/\/www.sonoraenequipo.com.mx\/ciudadanos-piden-revisar-reforma-educativa-porque-no-ven-avance-en-algunos-rubros-parametria\/#breadcrumb\",\"itemListElement\":[{\"@type\":\"ListItem\",\"position\":1,\"name\":\"Portada\",\"item\":\"https:\/\/www.sonoraenequipo.com.mx\/\"},{\"@type\":\"ListItem\",\"position\":2,\"name\":\"Ciudadanos piden revisar Reforma Educativa porque no ven avance en algunos rubros: Parametr\u00eda\"}]},{\"@type\":\"WebSite\",\"@id\":\"https:\/\/www.sonoraenequipo.com.mx\/#website\",\"url\":\"https:\/\/www.sonoraenequipo.com.mx\/\",\"name\":\"Sonora en Equipo.\",\"description\":\"Diario en l\u00ednea con Noticias desde Hermosillo, Sonora\",\"publisher\":{\"@id\":\"https:\/\/www.sonoraenequipo.com.mx\/#organization\"},\"potentialAction\":[{\"@type\":\"SearchAction\",\"target\":{\"@type\":\"EntryPoint\",\"urlTemplate\":\"https:\/\/www.sonoraenequipo.com.mx\/?s={search_term_string}\"},\"query-input\":{\"@type\":\"PropertyValueSpecification\",\"valueRequired\":true,\"valueName\":\"search_term_string\"}}],\"inLanguage\":\"es\"},{\"@type\":\"Organization\",\"@id\":\"https:\/\/www.sonoraenequipo.com.mx\/#organization\",\"name\":\"Sonoraenequipo.com.mx\",\"url\":\"https:\/\/www.sonoraenequipo.com.mx\/\",\"logo\":{\"@type\":\"ImageObject\",\"inLanguage\":\"es\",\"@id\":\"https:\/\/www.sonoraenequipo.com.mx\/#\/schema\/logo\/image\/\",\"url\":\"https:\/\/www.sonoraenequipo.com.mx\/storage\/2019\/01\/sonoraenequipo_opt.png\",\"contentUrl\":\"https:\/\/www.sonoraenequipo.com.mx\/storage\/2019\/01\/sonoraenequipo_opt.png\",\"width\":375,\"height\":125,\"caption\":\"Sonoraenequipo.com.mx\"},\"image\":{\"@id\":\"https:\/\/www.sonoraenequipo.com.mx\/#\/schema\/logo\/image\/\"},\"sameAs\":[\"https:\/\/www.facebook.com\/SonoraEE\/\",\"https:\/\/x.com\/sonoraenequipo\",\"https:\/\/www.youtube.com\/channel\/UC338nW-lPEYmJQs4ZABQ1SQ\"]},{\"@type\":\"Person\",\"@id\":\"https:\/\/www.sonoraenequipo.com.mx\/#\/schema\/person\/fbd9952aca28efec00f1fb7fa9428cad\",\"name\":\"Nacho Bandin\",\"image\":{\"@type\":\"ImageObject\",\"inLanguage\":\"es\",\"@id\":\"https:\/\/www.sonoraenequipo.com.mx\/#\/schema\/person\/image\/\",\"url\":\"https:\/\/secure.gravatar.com\/avatar\/aa8b9910cb9aca6bb907bea274a87d80d1290d00069310f251740e3ee0bf15f1?s=96&d=blank&r=g\",\"contentUrl\":\"https:\/\/secure.gravatar.com\/avatar\/aa8b9910cb9aca6bb907bea274a87d80d1290d00069310f251740e3ee0bf15f1?s=96&d=blank&r=g\",\"caption\":\"Nacho Bandin\"},\"sameAs\":[\"http:\/\/sonoraenequipo.com.mx\"]}]}<\/script>\n ","yoast_head_json":{"title":"Sonora en Equipo. Ciudadanos piden revisar Reforma Educativa porque no ven avance en algunos rubros: Parametr\u00eda Destacadas","description":"CIUDAD DE M\u00c9XICO. MX. \u2014&nbsp; En diciembre del 2012, se aprob\u00f3 en M\u00e9xico la Reforma Educativa, la cual de acuerdo con el ejecutivo federal tiene el En Sonora en Equipo publicamos toda la informaci\u00f3n de Sonora, M\u00e9xico y el Mundo de manera oportuna y busca que la libertad de expresi\u00f3n sea real. Visita nuestro medio informativo publicado desde Hermosillo, Sonora. %","robots":{"index":"index","follow":"follow","max-snippet":"max-snippet:-1","max-image-preview":"max-image-preview:large","max-video-preview":"max-video-preview:-1"},"canonical":"https:\/\/www.sonoraenequipo.com.mx\/ciudadanos-piden-revisar-reforma-educativa-porque-no-ven-avance-en-algunos-rubros-parametria\/","og_locale":"es_ES","og_type":"article","og_title":"Sonora en Equipo. Ciudadanos piden revisar Reforma Educativa porque no ven avance en algunos rubros: Parametr\u00eda Destacadas","og_description":"CIUDAD DE M\u00c9XICO. MX. \u2014&nbsp; En diciembre del 2012, se aprob\u00f3 en M\u00e9xico la Reforma Educativa, la cual de acuerdo con el ejecutivo federal tiene el En Sonora en Equipo publicamos toda la informaci\u00f3n de Sonora, M\u00e9xico y el Mundo de manera oportuna y busca que la libertad de expresi\u00f3n sea real. Visita nuestro medio informativo publicado desde Hermosillo, Sonora. %","og_url":"https:\/\/www.sonoraenequipo.com.mx\/ciudadanos-piden-revisar-reforma-educativa-porque-no-ven-avance-en-algunos-rubros-parametria\/","og_site_name":"Sonora en Equipo.","article_publisher":"https:\/\/www.facebook.com\/SonoraEE\/","article_published_time":"2018-06-20T23:50:04+00:00","article_modified_time":"2018-06-21T03:13:33+00:00","og_image":[{"width":878,"height":450,"url":"https:\/\/www.sonoraenequipo.com.mx\/storage\/2018\/06\/magisterioevaluado_opt.jpg","type":"image\/jpeg"}],"author":"Nacho Bandin","twitter_card":"summary_large_image","twitter_creator":"@sonoraenequipo","twitter_site":"@sonoraenequipo","twitter_misc":{"Escrito por":"Nacho Bandin","Tiempo de lectura":"3 minutos"},"schema":{"@context":"https:\/\/schema.org","@graph":[{"@type":"Article","@id":"https:\/\/www.sonoraenequipo.com.mx\/ciudadanos-piden-revisar-reforma-educativa-porque-no-ven-avance-en-algunos-rubros-parametria\/#article","isPartOf":{"@id":"https:\/\/www.sonoraenequipo.com.mx\/ciudadanos-piden-revisar-reforma-educativa-porque-no-ven-avance-en-algunos-rubros-parametria\/"},"author":{"name":"Nacho Bandin","@id":"https:\/\/www.sonoraenequipo.com.mx\/#\/schema\/person\/fbd9952aca28efec00f1fb7fa9428cad"},"headline":"Ciudadanos piden revisar Reforma Educativa porque no ven avance en algunos rubros: Parametr\u00eda","datePublished":"2018-06-20T23:50:04+00:00","dateModified":"2018-06-21T03:13:33+00:00","mainEntityOfPage":{"@id":"https:\/\/www.sonoraenequipo.com.mx\/ciudadanos-piden-revisar-reforma-educativa-porque-no-ven-avance-en-algunos-rubros-parametria\/"},"wordCount":650,"commentCount":0,"publisher":{"@id":"https:\/\/www.sonoraenequipo.com.mx\/#organization"},"image":{"@id":"https:\/\/www.sonoraenequipo.com.mx\/ciudadanos-piden-revisar-reforma-educativa-porque-no-ven-avance-en-algunos-rubros-parametria\/#primaryimage"},"thumbnailUrl":"https:\/\/www.sonoraenequipo.com.mx\/storage\/2018\/06\/magisterioevaluado_opt.jpg","articleSection":["Destacadas","Rep\u00fablica"],"inLanguage":"es","potentialAction":[{"@type":"CommentAction","name":"Comment","target":["https:\/\/www.sonoraenequipo.com.mx\/ciudadanos-piden-revisar-reforma-educativa-porque-no-ven-avance-en-algunos-rubros-parametria\/#respond"]}]},{"@type":"WebPage","@id":"https:\/\/www.sonoraenequipo.com.mx\/ciudadanos-piden-revisar-reforma-educativa-porque-no-ven-avance-en-algunos-rubros-parametria\/","url":"https:\/\/www.sonoraenequipo.com.mx\/ciudadanos-piden-revisar-reforma-educativa-porque-no-ven-avance-en-algunos-rubros-parametria\/","name":"Sonora en Equipo. Ciudadanos piden revisar Reforma Educativa porque no ven avance en algunos rubros: Parametr\u00eda Destacadas","isPartOf":{"@id":"https:\/\/www.sonoraenequipo.com.mx\/#website"},"primaryImageOfPage":{"@id":"https:\/\/www.sonoraenequipo.com.mx\/ciudadanos-piden-revisar-reforma-educativa-porque-no-ven-avance-en-algunos-rubros-parametria\/#primaryimage"},"image":{"@id":"https:\/\/www.sonoraenequipo.com.mx\/ciudadanos-piden-revisar-reforma-educativa-porque-no-ven-avance-en-algunos-rubros-parametria\/#primaryimage"},"thumbnailUrl":"https:\/\/www.sonoraenequipo.com.mx\/storage\/2018\/06\/magisterioevaluado_opt.jpg","datePublished":"2018-06-20T23:50:04+00:00","dateModified":"2018-06-21T03:13:33+00:00","description":"CIUDAD DE M\u00c9XICO. MX. \u2014&nbsp; En diciembre del 2012, se aprob\u00f3 en M\u00e9xico la Reforma Educativa, la cual de acuerdo con el ejecutivo federal tiene el En Sonora en Equipo publicamos toda la informaci\u00f3n de Sonora, M\u00e9xico y el Mundo de manera oportuna y busca que la libertad de expresi\u00f3n sea real. Visita nuestro medio informativo publicado desde Hermosillo, Sonora. %","breadcrumb":{"@id":"https:\/\/www.sonoraenequipo.com.mx\/ciudadanos-piden-revisar-reforma-educativa-porque-no-ven-avance-en-algunos-rubros-parametria\/#breadcrumb"},"inLanguage":"es","potentialAction":[{"@type":"ReadAction","target":["https:\/\/www.sonoraenequipo.com.mx\/ciudadanos-piden-revisar-reforma-educativa-porque-no-ven-avance-en-algunos-rubros-parametria\/"]}]},{"@type":"ImageObject","inLanguage":"es","@id":"https:\/\/www.sonoraenequipo.com.mx\/ciudadanos-piden-revisar-reforma-educativa-porque-no-ven-avance-en-algunos-rubros-parametria\/#primaryimage","url":"https:\/\/www.sonoraenequipo.com.mx\/storage\/2018\/06\/magisterioevaluado_opt.jpg","contentUrl":"https:\/\/www.sonoraenequipo.com.mx\/storage\/2018\/06\/magisterioevaluado_opt.jpg","width":878,"height":450},{"@type":"BreadcrumbList","@id":"https:\/\/www.sonoraenequipo.com.mx\/ciudadanos-piden-revisar-reforma-educativa-porque-no-ven-avance-en-algunos-rubros-parametria\/#breadcrumb","itemListElement":[{"@type":"ListItem","position":1,"name":"Portada","item":"https:\/\/www.sonoraenequipo.com.mx\/"},{"@type":"ListItem","position":2,"name":"Ciudadanos piden revisar Reforma Educativa porque no ven avance en algunos rubros: Parametr\u00eda"}]},{"@type":"WebSite","@id":"https:\/\/www.sonoraenequipo.com.mx\/#website","url":"https:\/\/www.sonoraenequipo.com.mx\/","name":"Sonora en Equipo.","description":"Diario en l\u00ednea con Noticias desde Hermosillo, Sonora","publisher":{"@id":"https:\/\/www.sonoraenequipo.com.mx\/#organization"},"potentialAction":[{"@type":"SearchAction","target":{"@type":"EntryPoint","urlTemplate":"https:\/\/www.sonoraenequipo.com.mx\/?s={search_term_string}"},"query-input":{"@type":"PropertyValueSpecification","valueRequired":true,"valueName":"search_term_string"}}],"inLanguage":"es"},{"@type":"Organization","@id":"https:\/\/www.sonoraenequipo.com.mx\/#organization","name":"Sonoraenequipo.com.mx","url":"https:\/\/www.sonoraenequipo.com.mx\/","logo":{"@type":"ImageObject","inLanguage":"es","@id":"https:\/\/www.sonoraenequipo.com.mx\/#\/schema\/logo\/image\/","url":"https:\/\/www.sonoraenequipo.com.mx\/storage\/2019\/01\/sonoraenequipo_opt.png","contentUrl":"https:\/\/www.sonoraenequipo.com.mx\/storage\/2019\/01\/sonoraenequipo_opt.png","width":375,"height":125,"caption":"Sonoraenequipo.com.mx"},"image":{"@id":"https:\/\/www.sonoraenequipo.com.mx\/#\/schema\/logo\/image\/"},"sameAs":["https:\/\/www.facebook.com\/SonoraEE\/","https:\/\/x.com\/sonoraenequipo","https:\/\/www.youtube.com\/channel\/UC338nW-lPEYmJQs4ZABQ1SQ"]},{"@type":"Person","@id":"https:\/\/www.sonoraenequipo.com.mx\/#\/schema\/person\/fbd9952aca28efec00f1fb7fa9428cad","name":"Nacho Bandin","image":{"@type":"ImageObject","inLanguage":"es","@id":"https:\/\/www.sonoraenequipo.com.mx\/#\/schema\/person\/image\/","url":"https:\/\/secure.gravatar.com\/avatar\/aa8b9910cb9aca6bb907bea274a87d80d1290d00069310f251740e3ee0bf15f1?s=96&d=blank&r=g","contentUrl":"https:\/\/secure.gravatar.com\/avatar\/aa8b9910cb9aca6bb907bea274a87d80d1290d00069310f251740e3ee0bf15f1?s=96&d=blank&r=g","caption":"Nacho Bandin"},"sameAs":["http:\/\/sonoraenequipo.com.mx"]}]}},"jetpack_featured_media_url":"https:\/\/www.sonoraenequipo.com.mx\/storage\/2018\/06\/magisterioevaluado_opt.jpg","_links":{"self":[{"href":"https:\/\/www.sonoraenequipo.com.mx\/api\/wp\/v2\/posts\/39321","targetHints":{"allow":["GET"]}}],"collection":[{"href":"https:\/\/www.sonoraenequipo.com.mx\/api\/wp\/v2\/posts"}],"about":[{"href":"https:\/\/www.sonoraenequipo.com.mx\/api\/wp\/v2\/types\/post"}],"author":[{"embeddable":true,"href":"https:\/\/www.sonoraenequipo.com.mx\/api\/wp\/v2\/users\/6"}],"replies":[{"embeddable":true,"href":"https:\/\/www.sonoraenequipo.com.mx\/api\/wp\/v2\/comments?post=39321"}],"version-history":[{"count":0,"href":"https:\/\/www.sonoraenequipo.com.mx\/api\/wp\/v2\/posts\/39321\/revisions"}],"wp:featuredmedia":[{"embeddable":true,"href":"https:\/\/www.sonoraenequipo.com.mx\/api\/wp\/v2\/media\/39323"}],"wp:attachment":[{"href":"https:\/\/www.sonoraenequipo.com.mx\/api\/wp\/v2\/media?parent=39321"}],"wp:term":[{"taxonomy":"category","embeddable":true,"href":"https:\/\/www.sonoraenequipo.com.mx\/api\/wp\/v2\/categories?post=39321"},{"taxonomy":"post_tag","embeddable":true,"href":"https:\/\/www.sonoraenequipo.com.mx\/api\/wp\/v2\/tags?post=39321"}],"curies":[{"name":"wp","href":"https:\/\/api.w.org\/{rel}","templated":true}]}}