{"id":39326,"date":"2018-06-20T19:00:23","date_gmt":"2018-06-21T02:00:23","guid":{"rendered":"http:\/\/www.sonoraenequipo.com.mx\/?p=39326"},"modified":"2018-06-20T21:12:41","modified_gmt":"2018-06-21T04:12:41","slug":"trudeau-anuncia-que-en-octubre-la-marihuana-sera-legal-en-canada","status":"publish","type":"post","link":"https:\/\/www.sonoraenequipo.com.mx\/trudeau-anuncia-que-en-octubre-la-marihuana-sera-legal-en-canada\/","title":{"rendered":"Trudeau anuncia que en octubre la marihuana ser\u00e1 legal en Canad\u00e1"},"content":{"rendered":"<p>OTAWA, CANAD\u00c1.\u2014 El consumo y cultivo de marihuana ser\u00e1n legales en Canad\u00e1 a partir del 17 de octubre, anunci\u00f3 este mi\u00e9rcoles el primer ministro Justin Trudeau ante la C\u00e1mara de los Comunes en Ottawa.<\/p>\n<p> <\/p>\n<p>Canad\u00e1 se convertir\u00e1 as\u00ed en el primer pa\u00eds del G7 en autorizar el uso recreativo de esta droga y el segundo del mundo despu\u00e9s de Uruguay.<\/p>\n<p>El anuncio ocurre luego de que las dos c\u00e1maras del Parlamento aprobaran esta semana el proyecto de ley del gobierno liberal.<\/p>\n<p>La ministra de Sanidad, Ginette Petitpas Taylor, celebr\u00f3 el anuncio: <em>\u201cMe complace que la ley del cannabis haya sido aprobada por el Parlamento, este proyecto de ley pone fin a la prohibici\u00f3n y da paso a una pol\u00edtica responsable y justa\u201d,<\/em> escribi\u00f3 en Twitter.<\/p>\n<p>Canad\u00e1 ya autoriz\u00f3 el uso de cannabis con fines terap\u00e9uticos en 2001. La prohibici\u00f3n estaba vigente desde 1923.<\/p>\n<p>De acuerdo con la nueva ley, los adultos que tienen al menos 18 o 19 a\u00f1os de edad, seg\u00fan la provincia o el territorio, pueden legalmente comprar, cultivar y consumir una cantidad limitada de marihuana.<\/p>\n<p>Hasta el 17 de octubre, seguir\u00e1 siendo ilegal en Canad\u00e1 salvo que sea autorizado para fines m\u00e9dicos o cient\u00edficos, seg\u00fan un comunicado del gobierno.<\/p>\n<p>Cada hogar canadiense podr\u00e1 cultivar hasta cuatro plantas y una persona puede portar hasta 30 gramos de marihuana legal en lugares p\u00fablicos, dijo el gobierno.<\/p>\n<p>El primer ministro, que hab\u00eda admitido en 2013 haber fumado <em>\u201ccinco o seis veces\u201d<\/em> un porro con sus amigos, justifica la legalizaci\u00f3n para sacar a los traficantes del mercado y proteger a los j\u00f3venes.<\/p>\n<p>Justin Trudeau ha manifestado estar convencido de que despu\u00e9s de Canad\u00e1 seguir\u00e1n despenalizando su uso otros grandes pa\u00edses.<\/p>\n<p>Algunos pa\u00edses occidentales \u201creconocen que Canad\u00e1 est\u00e1 siendo audaz (\u2026) y reconocen la honestidad\u201d del pa\u00eds, que admite que el actual sistema represivo \u201cno funciona para evitar que nuestros j\u00f3venes tengan un acceso f\u00e1cil a la marihuana\u201d, declar\u00f3 Trudeau en mayo.<\/p>\n<p>Ser\u00e1 potestad de las provincias organizar la venta de cannabis en tiendas autorizadas, en algunos casos en la forma actual de las tiendas de venta de alcohol controladas por el gobierno.<\/p>\n<p>(Fecha de publicaci\u00f3n 20062018)<\/p>\n","protected":false},"excerpt":{"rendered":"<p>OTAWA, CANAD\u00c1.\u2014 El consumo y cultivo de marihuana ser\u00e1n legales en Canad\u00e1 a partir del&#8230;<\/p>\n","protected":false},"author":1,"featured_media":39328,"comment_status":"open","ping_status":"open","sticky":false,"template":"","format":"standard","meta":{"_monsterinsights_skip_tracking":false,"_monsterinsights_sitenote_active":false,"_monsterinsights_sitenote_note":"","_monsterinsights_sitenote_category":0,"footnotes":""},"categories":[13,12,3],"tags":[],"class_list":["post"],"yoast_head":" \n<title>Sonora en Equipo. Trudeau anuncia que en octubre la marihuana ser\u00e1 legal en Canad\u00e1 Destacadas<\/title>\n<meta name=\"description\" content=\"OTAWA, CANAD\u00c1.\u2014 El consumo y cultivo de marihuana ser\u00e1n legales en Canad\u00e1 a partir del 17 de octubre, anunci\u00f3 este mi\u00e9rcoles el primer ministro Justin En Sonora en Equipo publicamos toda la informaci\u00f3n de Sonora, M\u00e9xico y el Mundo de manera oportuna y busca que la libertad de expresi\u00f3n sea real. Visita nuestro medio informativo publicado desde Hermosillo, Sonora. %\" \/>\n<meta name=\"robots\" content=\"index, follow, max-snippet:-1, max-image-preview:large, max-video-preview:-1\" \/>\n<link rel=\"canonical\" href=\"https:\/\/www.sonoraenequipo.com.mx\/trudeau-anuncia-que-en-octubre-la-marihuana-sera-legal-en-canada\/\" \/>\n<meta property=\"og:locale\" content=\"es_ES\" \/>\n<meta property=\"og:type\" content=\"article\" \/>\n<meta property=\"og:title\" content=\"Sonora en Equipo. Trudeau anuncia que en octubre la marihuana ser\u00e1 legal en Canad\u00e1 Destacadas\" \/>\n<meta property=\"og:description\" content=\"OTAWA, CANAD\u00c1.\u2014 El consumo y cultivo de marihuana ser\u00e1n legales en Canad\u00e1 a partir del 17 de octubre, anunci\u00f3 este mi\u00e9rcoles el primer ministro Justin En Sonora en Equipo publicamos toda la informaci\u00f3n de Sonora, M\u00e9xico y el Mundo de manera oportuna y busca que la libertad de expresi\u00f3n sea real. Visita nuestro medio informativo publicado desde Hermosillo, Sonora. %\" \/>\n<meta property=\"og:url\" content=\"https:\/\/www.sonoraenequipo.com.mx\/trudeau-anuncia-que-en-octubre-la-marihuana-sera-legal-en-canada\/\" \/>\n<meta property=\"og:site_name\" content=\"Sonora en Equipo.\" \/>\n<meta property=\"article:publisher\" content=\"https:\/\/www.facebook.com\/SonoraEE\/\" \/>\n<meta property=\"article:author\" content=\"https:\/\/www.facebook.com\/SonoraEE\" \/>\n<meta property=\"article:published_time\" content=\"2018-06-21T02:00:23+00:00\" \/>\n<meta property=\"article:modified_time\" content=\"2018-06-21T04:12:41+00:00\" \/>\n<meta property=\"og:image\" content=\"https:\/\/www.sonoraenequipo.com.mx\/storage\/2018\/06\/trudeau_opt1.jpg\" \/>\n\t<meta property=\"og:image:width\" content=\"781\" \/>\n\t<meta property=\"og:image:height\" content=\"450\" \/>\n\t<meta property=\"og:image:type\" content=\"image\/jpeg\" \/>\n<meta name=\"author\" content=\"enequipo\" \/>\n<meta name=\"twitter:card\" content=\"summary_large_image\" \/>\n<meta name=\"twitter:creator\" content=\"@sonoraenequipo\" \/>\n<meta name=\"twitter:site\" content=\"@sonoraenequipo\" \/>\n<meta name=\"twitter:label1\" content=\"Escrito por\" \/>\n\t<meta name=\"twitter:data1\" content=\"enequipo\" \/>\n\t<meta name=\"twitter:label2\" content=\"Tiempo de lectura\" \/>\n\t<meta name=\"twitter:data2\" content=\"2 minutos\" \/>\n<script type=\"application\/ld+json\" class=\"yoast-schema-graph\">{\"@context\":\"https:\/\/schema.org\",\"@graph\":[{\"@type\":\"Article\",\"@id\":\"https:\/\/www.sonoraenequipo.com.mx\/trudeau-anuncia-que-en-octubre-la-marihuana-sera-legal-en-canada\/#article\",\"isPartOf\":{\"@id\":\"https:\/\/www.sonoraenequipo.com.mx\/trudeau-anuncia-que-en-octubre-la-marihuana-sera-legal-en-canada\/\"},\"author\":{\"name\":\"enequipo\",\"@id\":\"https:\/\/www.sonoraenequipo.com.mx\/#\/schema\/person\/50102df0fb23a8fa9e8effad8fa81386\"},\"headline\":\"Trudeau anuncia que en octubre la marihuana ser\u00e1 legal en Canad\u00e1\",\"datePublished\":\"2018-06-21T02:00:23+00:00\",\"dateModified\":\"2018-06-21T04:12:41+00:00\",\"mainEntityOfPage\":{\"@id\":\"https:\/\/www.sonoraenequipo.com.mx\/trudeau-anuncia-que-en-octubre-la-marihuana-sera-legal-en-canada\/\"},\"wordCount\":383,\"commentCount\":0,\"publisher\":{\"@id\":\"https:\/\/www.sonoraenequipo.com.mx\/#organization\"},\"image\":{\"@id\":\"https:\/\/www.sonoraenequipo.com.mx\/trudeau-anuncia-que-en-octubre-la-marihuana-sera-legal-en-canada\/#primaryimage\"},\"thumbnailUrl\":\"https:\/\/www.sonoraenequipo.com.mx\/storage\/2018\/06\/trudeau_opt1.jpg\",\"articleSection\":[\"Destacadas\",\"Especiales\",\"MUNDO\"],\"inLanguage\":\"es\",\"potentialAction\":[{\"@type\":\"CommentAction\",\"name\":\"Comment\",\"target\":[\"https:\/\/www.sonoraenequipo.com.mx\/trudeau-anuncia-que-en-octubre-la-marihuana-sera-legal-en-canada\/#respond\"]}]},{\"@type\":\"WebPage\",\"@id\":\"https:\/\/www.sonoraenequipo.com.mx\/trudeau-anuncia-que-en-octubre-la-marihuana-sera-legal-en-canada\/\",\"url\":\"https:\/\/www.sonoraenequipo.com.mx\/trudeau-anuncia-que-en-octubre-la-marihuana-sera-legal-en-canada\/\",\"name\":\"Sonora en Equipo. Trudeau anuncia que en octubre la marihuana ser\u00e1 legal en Canad\u00e1 Destacadas\",\"isPartOf\":{\"@id\":\"https:\/\/www.sonoraenequipo.com.mx\/#website\"},\"primaryImageOfPage\":{\"@id\":\"https:\/\/www.sonoraenequipo.com.mx\/trudeau-anuncia-que-en-octubre-la-marihuana-sera-legal-en-canada\/#primaryimage\"},\"image\":{\"@id\":\"https:\/\/www.sonoraenequipo.com.mx\/trudeau-anuncia-que-en-octubre-la-marihuana-sera-legal-en-canada\/#primaryimage\"},\"thumbnailUrl\":\"https:\/\/www.sonoraenequipo.com.mx\/storage\/2018\/06\/trudeau_opt1.jpg\",\"datePublished\":\"2018-06-21T02:00:23+00:00\",\"dateModified\":\"2018-06-21T04:12:41+00:00\",\"description\":\"OTAWA, CANAD\u00c1.\u2014 El consumo y cultivo de marihuana ser\u00e1n legales en Canad\u00e1 a partir del 17 de octubre, anunci\u00f3 este mi\u00e9rcoles el primer ministro Justin En Sonora en Equipo publicamos toda la informaci\u00f3n de Sonora, M\u00e9xico y el Mundo de manera oportuna y busca que la libertad de expresi\u00f3n sea real. Visita nuestro medio informativo publicado desde Hermosillo, Sonora. %\",\"breadcrumb\":{\"@id\":\"https:\/\/www.sonoraenequipo.com.mx\/trudeau-anuncia-que-en-octubre-la-marihuana-sera-legal-en-canada\/#breadcrumb\"},\"inLanguage\":\"es\",\"potentialAction\":[{\"@type\":\"ReadAction\",\"target\":[\"https:\/\/www.sonoraenequipo.com.mx\/trudeau-anuncia-que-en-octubre-la-marihuana-sera-legal-en-canada\/\"]}]},{\"@type\":\"ImageObject\",\"inLanguage\":\"es\",\"@id\":\"https:\/\/www.sonoraenequipo.com.mx\/trudeau-anuncia-que-en-octubre-la-marihuana-sera-legal-en-canada\/#primaryimage\",\"url\":\"https:\/\/www.sonoraenequipo.com.mx\/storage\/2018\/06\/trudeau_opt1.jpg\",\"contentUrl\":\"https:\/\/www.sonoraenequipo.com.mx\/storage\/2018\/06\/trudeau_opt1.jpg\",\"width\":781,\"height\":450,\"caption\":\"Canada's Prime Minister Justin Trudeau takes part in a news conference in Ottawa, Ontario, Canada, June 20, 2018. REUTERS\/Chris Wattie\"},{\"@type\":\"BreadcrumbList\",\"@id\":\"https:\/\/www.sonoraenequipo.com.mx\/trudeau-anuncia-que-en-octubre-la-marihuana-sera-legal-en-canada\/#breadcrumb\",\"itemListElement\":[{\"@type\":\"ListItem\",\"position\":1,\"name\":\"Portada\",\"item\":\"https:\/\/www.sonoraenequipo.com.mx\/\"},{\"@type\":\"ListItem\",\"position\":2,\"name\":\"Trudeau anuncia que en octubre la marihuana ser\u00e1 legal en Canad\u00e1\"}]},{\"@type\":\"WebSite\",\"@id\":\"https:\/\/www.sonoraenequipo.com.mx\/#website\",\"url\":\"https:\/\/www.sonoraenequipo.com.mx\/\",\"name\":\"Sonora en Equipo.\",\"description\":\"Diario en l\u00ednea con Noticias desde Hermosillo, Sonora\",\"publisher\":{\"@id\":\"https:\/\/www.sonoraenequipo.com.mx\/#organization\"},\"potentialAction\":[{\"@type\":\"SearchAction\",\"target\":{\"@type\":\"EntryPoint\",\"urlTemplate\":\"https:\/\/www.sonoraenequipo.com.mx\/?s={search_term_string}\"},\"query-input\":{\"@type\":\"PropertyValueSpecification\",\"valueRequired\":true,\"valueName\":\"search_term_string\"}}],\"inLanguage\":\"es\"},{\"@type\":\"Organization\",\"@id\":\"https:\/\/www.sonoraenequipo.com.mx\/#organization\",\"name\":\"Sonoraenequipo.com.mx\",\"url\":\"https:\/\/www.sonoraenequipo.com.mx\/\",\"logo\":{\"@type\":\"ImageObject\",\"inLanguage\":\"es\",\"@id\":\"https:\/\/www.sonoraenequipo.com.mx\/#\/schema\/logo\/image\/\",\"url\":\"https:\/\/www.sonoraenequipo.com.mx\/storage\/2019\/01\/sonoraenequipo_opt.png\",\"contentUrl\":\"https:\/\/www.sonoraenequipo.com.mx\/storage\/2019\/01\/sonoraenequipo_opt.png\",\"width\":375,\"height\":125,\"caption\":\"Sonoraenequipo.com.mx\"},\"image\":{\"@id\":\"https:\/\/www.sonoraenequipo.com.mx\/#\/schema\/logo\/image\/\"},\"sameAs\":[\"https:\/\/www.facebook.com\/SonoraEE\/\",\"https:\/\/x.com\/sonoraenequipo\",\"https:\/\/www.youtube.com\/channel\/UC338nW-lPEYmJQs4ZABQ1SQ\"]},{\"@type\":\"Person\",\"@id\":\"https:\/\/www.sonoraenequipo.com.mx\/#\/schema\/person\/50102df0fb23a8fa9e8effad8fa81386\",\"name\":\"enequipo\",\"image\":{\"@type\":\"ImageObject\",\"inLanguage\":\"es\",\"@id\":\"https:\/\/www.sonoraenequipo.com.mx\/#\/schema\/person\/image\/\",\"url\":\"https:\/\/secure.gravatar.com\/avatar\/049821681b589dabc0bc20695993ccebb09f5b5d4d790cd9251b97faac7c652b?s=96&d=blank&r=g\",\"contentUrl\":\"https:\/\/secure.gravatar.com\/avatar\/049821681b589dabc0bc20695993ccebb09f5b5d4d790cd9251b97faac7c652b?s=96&d=blank&r=g\",\"caption\":\"enequipo\"},\"sameAs\":[\"https:\/\/www.facebook.com\/SonoraEE\"]}]}<\/script>\n ","yoast_head_json":{"title":"Sonora en Equipo. Trudeau anuncia que en octubre la marihuana ser\u00e1 legal en Canad\u00e1 Destacadas","description":"OTAWA, CANAD\u00c1.\u2014 El consumo y cultivo de marihuana ser\u00e1n legales en Canad\u00e1 a partir del 17 de octubre, anunci\u00f3 este mi\u00e9rcoles el primer ministro Justin En Sonora en Equipo publicamos toda la informaci\u00f3n de Sonora, M\u00e9xico y el Mundo de manera oportuna y busca que la libertad de expresi\u00f3n sea real. Visita nuestro medio informativo publicado desde Hermosillo, Sonora. %","robots":{"index":"index","follow":"follow","max-snippet":"max-snippet:-1","max-image-preview":"max-image-preview:large","max-video-preview":"max-video-preview:-1"},"canonical":"https:\/\/www.sonoraenequipo.com.mx\/trudeau-anuncia-que-en-octubre-la-marihuana-sera-legal-en-canada\/","og_locale":"es_ES","og_type":"article","og_title":"Sonora en Equipo. Trudeau anuncia que en octubre la marihuana ser\u00e1 legal en Canad\u00e1 Destacadas","og_description":"OTAWA, CANAD\u00c1.\u2014 El consumo y cultivo de marihuana ser\u00e1n legales en Canad\u00e1 a partir del 17 de octubre, anunci\u00f3 este mi\u00e9rcoles el primer ministro Justin En Sonora en Equipo publicamos toda la informaci\u00f3n de Sonora, M\u00e9xico y el Mundo de manera oportuna y busca que la libertad de expresi\u00f3n sea real. Visita nuestro medio informativo publicado desde Hermosillo, Sonora. %","og_url":"https:\/\/www.sonoraenequipo.com.mx\/trudeau-anuncia-que-en-octubre-la-marihuana-sera-legal-en-canada\/","og_site_name":"Sonora en Equipo.","article_publisher":"https:\/\/www.facebook.com\/SonoraEE\/","article_author":"https:\/\/www.facebook.com\/SonoraEE","article_published_time":"2018-06-21T02:00:23+00:00","article_modified_time":"2018-06-21T04:12:41+00:00","og_image":[{"width":781,"height":450,"url":"https:\/\/www.sonoraenequipo.com.mx\/storage\/2018\/06\/trudeau_opt1.jpg","type":"image\/jpeg"}],"author":"enequipo","twitter_card":"summary_large_image","twitter_creator":"@sonoraenequipo","twitter_site":"@sonoraenequipo","twitter_misc":{"Escrito por":"enequipo","Tiempo de lectura":"2 minutos"},"schema":{"@context":"https:\/\/schema.org","@graph":[{"@type":"Article","@id":"https:\/\/www.sonoraenequipo.com.mx\/trudeau-anuncia-que-en-octubre-la-marihuana-sera-legal-en-canada\/#article","isPartOf":{"@id":"https:\/\/www.sonoraenequipo.com.mx\/trudeau-anuncia-que-en-octubre-la-marihuana-sera-legal-en-canada\/"},"author":{"name":"enequipo","@id":"https:\/\/www.sonoraenequipo.com.mx\/#\/schema\/person\/50102df0fb23a8fa9e8effad8fa81386"},"headline":"Trudeau anuncia que en octubre la marihuana ser\u00e1 legal en Canad\u00e1","datePublished":"2018-06-21T02:00:23+00:00","dateModified":"2018-06-21T04:12:41+00:00","mainEntityOfPage":{"@id":"https:\/\/www.sonoraenequipo.com.mx\/trudeau-anuncia-que-en-octubre-la-marihuana-sera-legal-en-canada\/"},"wordCount":383,"commentCount":0,"publisher":{"@id":"https:\/\/www.sonoraenequipo.com.mx\/#organization"},"image":{"@id":"https:\/\/www.sonoraenequipo.com.mx\/trudeau-anuncia-que-en-octubre-la-marihuana-sera-legal-en-canada\/#primaryimage"},"thumbnailUrl":"https:\/\/www.sonoraenequipo.com.mx\/storage\/2018\/06\/trudeau_opt1.jpg","articleSection":["Destacadas","Especiales","MUNDO"],"inLanguage":"es","potentialAction":[{"@type":"CommentAction","name":"Comment","target":["https:\/\/www.sonoraenequipo.com.mx\/trudeau-anuncia-que-en-octubre-la-marihuana-sera-legal-en-canada\/#respond"]}]},{"@type":"WebPage","@id":"https:\/\/www.sonoraenequipo.com.mx\/trudeau-anuncia-que-en-octubre-la-marihuana-sera-legal-en-canada\/","url":"https:\/\/www.sonoraenequipo.com.mx\/trudeau-anuncia-que-en-octubre-la-marihuana-sera-legal-en-canada\/","name":"Sonora en Equipo. Trudeau anuncia que en octubre la marihuana ser\u00e1 legal en Canad\u00e1 Destacadas","isPartOf":{"@id":"https:\/\/www.sonoraenequipo.com.mx\/#website"},"primaryImageOfPage":{"@id":"https:\/\/www.sonoraenequipo.com.mx\/trudeau-anuncia-que-en-octubre-la-marihuana-sera-legal-en-canada\/#primaryimage"},"image":{"@id":"https:\/\/www.sonoraenequipo.com.mx\/trudeau-anuncia-que-en-octubre-la-marihuana-sera-legal-en-canada\/#primaryimage"},"thumbnailUrl":"https:\/\/www.sonoraenequipo.com.mx\/storage\/2018\/06\/trudeau_opt1.jpg","datePublished":"2018-06-21T02:00:23+00:00","dateModified":"2018-06-21T04:12:41+00:00","description":"OTAWA, CANAD\u00c1.\u2014 El consumo y cultivo de marihuana ser\u00e1n legales en Canad\u00e1 a partir del 17 de octubre, anunci\u00f3 este mi\u00e9rcoles el primer ministro Justin En Sonora en Equipo publicamos toda la informaci\u00f3n de Sonora, M\u00e9xico y el Mundo de manera oportuna y busca que la libertad de expresi\u00f3n sea real. Visita nuestro medio informativo publicado desde Hermosillo, Sonora. %","breadcrumb":{"@id":"https:\/\/www.sonoraenequipo.com.mx\/trudeau-anuncia-que-en-octubre-la-marihuana-sera-legal-en-canada\/#breadcrumb"},"inLanguage":"es","potentialAction":[{"@type":"ReadAction","target":["https:\/\/www.sonoraenequipo.com.mx\/trudeau-anuncia-que-en-octubre-la-marihuana-sera-legal-en-canada\/"]}]},{"@type":"ImageObject","inLanguage":"es","@id":"https:\/\/www.sonoraenequipo.com.mx\/trudeau-anuncia-que-en-octubre-la-marihuana-sera-legal-en-canada\/#primaryimage","url":"https:\/\/www.sonoraenequipo.com.mx\/storage\/2018\/06\/trudeau_opt1.jpg","contentUrl":"https:\/\/www.sonoraenequipo.com.mx\/storage\/2018\/06\/trudeau_opt1.jpg","width":781,"height":450,"caption":"Canada's Prime Minister Justin Trudeau takes part in a news conference in Ottawa, Ontario, Canada, June 20, 2018. REUTERS\/Chris Wattie"},{"@type":"BreadcrumbList","@id":"https:\/\/www.sonoraenequipo.com.mx\/trudeau-anuncia-que-en-octubre-la-marihuana-sera-legal-en-canada\/#breadcrumb","itemListElement":[{"@type":"ListItem","position":1,"name":"Portada","item":"https:\/\/www.sonoraenequipo.com.mx\/"},{"@type":"ListItem","position":2,"name":"Trudeau anuncia que en octubre la marihuana ser\u00e1 legal en Canad\u00e1"}]},{"@type":"WebSite","@id":"https:\/\/www.sonoraenequipo.com.mx\/#website","url":"https:\/\/www.sonoraenequipo.com.mx\/","name":"Sonora en Equipo.","description":"Diario en l\u00ednea con Noticias desde Hermosillo, Sonora","publisher":{"@id":"https:\/\/www.sonoraenequipo.com.mx\/#organization"},"potentialAction":[{"@type":"SearchAction","target":{"@type":"EntryPoint","urlTemplate":"https:\/\/www.sonoraenequipo.com.mx\/?s={search_term_string}"},"query-input":{"@type":"PropertyValueSpecification","valueRequired":true,"valueName":"search_term_string"}}],"inLanguage":"es"},{"@type":"Organization","@id":"https:\/\/www.sonoraenequipo.com.mx\/#organization","name":"Sonoraenequipo.com.mx","url":"https:\/\/www.sonoraenequipo.com.mx\/","logo":{"@type":"ImageObject","inLanguage":"es","@id":"https:\/\/www.sonoraenequipo.com.mx\/#\/schema\/logo\/image\/","url":"https:\/\/www.sonoraenequipo.com.mx\/storage\/2019\/01\/sonoraenequipo_opt.png","contentUrl":"https:\/\/www.sonoraenequipo.com.mx\/storage\/2019\/01\/sonoraenequipo_opt.png","width":375,"height":125,"caption":"Sonoraenequipo.com.mx"},"image":{"@id":"https:\/\/www.sonoraenequipo.com.mx\/#\/schema\/logo\/image\/"},"sameAs":["https:\/\/www.facebook.com\/SonoraEE\/","https:\/\/x.com\/sonoraenequipo","https:\/\/www.youtube.com\/channel\/UC338nW-lPEYmJQs4ZABQ1SQ"]},{"@type":"Person","@id":"https:\/\/www.sonoraenequipo.com.mx\/#\/schema\/person\/50102df0fb23a8fa9e8effad8fa81386","name":"enequipo","image":{"@type":"ImageObject","inLanguage":"es","@id":"https:\/\/www.sonoraenequipo.com.mx\/#\/schema\/person\/image\/","url":"https:\/\/secure.gravatar.com\/avatar\/049821681b589dabc0bc20695993ccebb09f5b5d4d790cd9251b97faac7c652b?s=96&d=blank&r=g","contentUrl":"https:\/\/secure.gravatar.com\/avatar\/049821681b589dabc0bc20695993ccebb09f5b5d4d790cd9251b97faac7c652b?s=96&d=blank&r=g","caption":"enequipo"},"sameAs":["https:\/\/www.facebook.com\/SonoraEE"]}]}},"jetpack_featured_media_url":"https:\/\/www.sonoraenequipo.com.mx\/storage\/2018\/06\/trudeau_opt1.jpg","_links":{"self":[{"href":"https:\/\/www.sonoraenequipo.com.mx\/api\/wp\/v2\/posts\/39326","targetHints":{"allow":["GET"]}}],"collection":[{"href":"https:\/\/www.sonoraenequipo.com.mx\/api\/wp\/v2\/posts"}],"about":[{"href":"https:\/\/www.sonoraenequipo.com.mx\/api\/wp\/v2\/types\/post"}],"author":[{"embeddable":true,"href":"https:\/\/www.sonoraenequipo.com.mx\/api\/wp\/v2\/users\/1"}],"replies":[{"embeddable":true,"href":"https:\/\/www.sonoraenequipo.com.mx\/api\/wp\/v2\/comments?post=39326"}],"version-history":[{"count":0,"href":"https:\/\/www.sonoraenequipo.com.mx\/api\/wp\/v2\/posts\/39326\/revisions"}],"wp:featuredmedia":[{"embeddable":true,"href":"https:\/\/www.sonoraenequipo.com.mx\/api\/wp\/v2\/media\/39328"}],"wp:attachment":[{"href":"https:\/\/www.sonoraenequipo.com.mx\/api\/wp\/v2\/media?parent=39326"}],"wp:term":[{"taxonomy":"category","embeddable":true,"href":"https:\/\/www.sonoraenequipo.com.mx\/api\/wp\/v2\/categories?post=39326"},{"taxonomy":"post_tag","embeddable":true,"href":"https:\/\/www.sonoraenequipo.com.mx\/api\/wp\/v2\/tags?post=39326"}],"curies":[{"name":"wp","href":"https:\/\/api.w.org\/{rel}","templated":true}]}}