{"id":39330,"date":"2018-06-21T05:00:46","date_gmt":"2018-06-21T12:00:46","guid":{"rendered":"http:\/\/www.sonoraenequipo.com.mx\/?p=39330"},"modified":"2018-06-20T22:34:24","modified_gmt":"2018-06-21T05:34:24","slug":"trump-firma-orden-ejecutiva-para-acabar-con-la-separacion-de-las-familias-de-migrantes-irregulares","status":"publish","type":"post","link":"https:\/\/www.sonoraenequipo.com.mx\/trump-firma-orden-ejecutiva-para-acabar-con-la-separacion-de-las-familias-de-migrantes-irregulares\/","title":{"rendered":"Seguir\u00e1 la pol\u00edtica de \u00abCero tolerancia\u00bb dice Trump"},"content":{"rendered":"<p>ESTADOS UNIDOS. \u2014El presidente de Estados Unidos, Donald Trump, ha firmado ayer mi\u00e9rcoles una orden ejecutiva destinada a poner fin a la separaci\u00f3n de familias de migrantes en la frontera.<\/p>\n<p> <\/p>\n<p>Trump dice que la orden ejecutiva<em> \u00abresolver\u00e1 el problema\u00bb<\/em> de la separaci\u00f3n familiar. <em>\u00abMantenemos a las familias unidas\u00bb,<\/em> dijo el presidente, pero agreg\u00f3 que la pol\u00edtica de \u00abcero tolerancia\u00bb continuar\u00e1.<\/p>\n<p><em>\u00abSigue siendo una tolerancia cero. Tenemos cero tolerancia para las personas que ingresan ilegalmente a nuestro pa\u00eds\u00bb,<\/em> destac\u00f3.<\/p>\n<p><em>\u00abEstamos firmando una orden ejecutiva (&#8230;) Se trata de mantener a las familias unidas, al mismo tiempo que estamos seguros de que tenemos una frontera poderosa y muy s\u00f3lida\u00bb,<\/em> afirm\u00f3 Trump.<\/p>\n<p><strong>El origen de la pol\u00e9mica<\/strong><\/p>\n<p>En abril, el fiscal general, Jeff Sessions, anunci\u00f3 una pol\u00edtica migratoria en la frontera de \u201ctolerancia cero\u201d, en la que el Departamento de Seguridad Nacional, que est\u00e1 cargo de las fronteras, comenz\u00f3 a derivar al Departamento de Justicia a los inmigrantes que eran capturados cruzando ilegalmente, para que fueran procesados por delitos criminales en una corte federal. As\u00ed, los padres que entraron de esa forma a Estados Unidos fueron separados de sus hijos.<\/p>\n<p>La revista Time explic\u00f3 que si bien hay leyes y jurisprudencia respecto de c\u00f3mo los ni\u00f1os deben ser tratados en la frontera, ninguna norma establece la separaci\u00f3n de los padres de sus hijos.<\/p>\n<p>Seg\u00fan la organizaci\u00f3n The Marshall Project, antes de esta pol\u00edtica migratoria de \u201ctolerancia cero\u201d, la mayor\u00eda de los inmigrantes que eran capturados en la frontera eran procesados por violaciones migratorias en cortes que deciden sobre estas materias y no en cortes federales criminales. Algunos eran deportados r\u00e1pidamente, pero muchos de los provenientes de Centroam\u00e9rica le dec\u00edan a las autoridades fronterizas que ten\u00edan miedo de retornar a sus pa\u00edses y ped\u00edan asilo. Muchos de los solicitantes de asilo eran detenidos por alg\u00fan tiempo y otros eran liberados para que sus casos fueran escuchados en alguna corte del pa\u00eds mientras ellos estaban en libertad. Pero todo cambi\u00f3 tras la orden de Sessions.<\/p>\n<p>El \u00faltimo reporte de la Agencia de Naciones Unidas para los Refugiados (ACNUR), divulgado el martes, alert\u00f3 sobre un aumento de refugiados y solicitantes de asilo en Estados Unidos de personas procedentes del norte de Centroam\u00e9rica. El informe se\u00f1ala que los solicitantes de esta zona representaron el 43% del total de solicitudes de asilo que recibi\u00f3 Estados Unidos y el n\u00famero de peticiones aument\u00f3 un 44%, alcanzando niveles que no se registraban desde la d\u00e9cada del 80. Los ciudadanos de El Salvador constituyeron la nacionalidad m\u00e1s representada, con 49.500 solicitudes, casi un 50% m\u00e1s que en 2016. Los ciudadanos guatemaltecos y hondure\u00f1os fueron los siguientes con 35.300 y 28.800 solicitudes en 2017, respectivamente.<\/p>\n<p>De todos modos, Trump no ha sido el \u00fanico Presidente que ha tenido que lidiar con olas migratorias. En 2005, el republicano George W. Bush puso en marcha la operaci\u00f3n \u201cStreamline\u201d, inicialmente en Texas y luego expandida a otras zonas de la frontera, que buscaba procesar por la v\u00eda criminal a los inmigrantes ilegales, con la excepci\u00f3n de las familias con menores. The Marshall Project se\u00f1ala que ahora, con Trump, es la primera vez que un proceso criminal se ha aplicado para todos los cruces ilegales de la frontera.<\/p>\n<p>El plan de Bush es considerado el origen de las pol\u00edticas de \u201ctolerancia cero\u201d de Trump y fue empleado en ocasiones muy puntuales incluso por el gobierno de Barack Obama (2009-2017). Pero en 2014, el mandatario dem\u00f3crata viol\u00f3 el acuerdo Flores cuando se produjo una llegada masiva de menores procedentes de Centroam\u00e9rica. Tal fue la pol\u00e9mica que una corte fall\u00f3 que el l\u00edmite de los 20 d\u00edas de arresto deb\u00eda aplicarse s\u00f3lo a los ni\u00f1os. Luego, durante el segundo mandato de Obama, se plante\u00f3 la idea de criminalizar a los ilegales, con la consiguiente separaci\u00f3n familiar, pero finalmente nunca se puso en marcha.<\/p>\n<p>&nbsp;<\/p>\n<p>(Fecha de publicaci\u00f3n 20062018)<\/p>\n","protected":false},"excerpt":{"rendered":"<p>ESTADOS UNIDOS. \u2014El presidente de Estados Unidos, Donald Trump, ha firmado ayer mi\u00e9rcoles una orden&#8230;<\/p>\n","protected":false},"author":1,"featured_media":39341,"comment_status":"open","ping_status":"open","sticky":false,"template":"","format":"standard","meta":{"_monsterinsights_skip_tracking":false,"_monsterinsights_sitenote_active":false,"_monsterinsights_sitenote_note":"","_monsterinsights_sitenote_category":0,"footnotes":""},"categories":[13,3],"tags":[],"class_list":["post"],"yoast_head":" \n<title>Sonora en Equipo. Seguir\u00e1 la pol\u00edtica de &quot;Cero tolerancia&quot; dice Trump Destacadas<\/title>\n<meta name=\"description\" content=\"ESTADOS UNIDOS. \u2014El presidente de Estados Unidos, Donald Trump, ha firmado ayer mi\u00e9rcoles una orden ejecutiva destinada a poner fin a la separaci\u00f3n de En Sonora en Equipo publicamos toda la informaci\u00f3n de Sonora, M\u00e9xico y el Mundo de manera oportuna y busca que la libertad de expresi\u00f3n sea real. Visita nuestro medio informativo publicado desde Hermosillo, Sonora. %\" \/>\n<meta name=\"robots\" content=\"index, follow, max-snippet:-1, max-image-preview:large, max-video-preview:-1\" \/>\n<link rel=\"canonical\" href=\"https:\/\/www.sonoraenequipo.com.mx\/trump-firma-orden-ejecutiva-para-acabar-con-la-separacion-de-las-familias-de-migrantes-irregulares\/\" \/>\n<meta property=\"og:locale\" content=\"es_ES\" \/>\n<meta property=\"og:type\" content=\"article\" \/>\n<meta property=\"og:title\" content=\"Sonora en Equipo. Seguir\u00e1 la pol\u00edtica de &quot;Cero tolerancia&quot; dice Trump Destacadas\" \/>\n<meta property=\"og:description\" content=\"ESTADOS UNIDOS. \u2014El presidente de Estados Unidos, Donald Trump, ha firmado ayer mi\u00e9rcoles una orden ejecutiva destinada a poner fin a la separaci\u00f3n de En Sonora en Equipo publicamos toda la informaci\u00f3n de Sonora, M\u00e9xico y el Mundo de manera oportuna y busca que la libertad de expresi\u00f3n sea real. Visita nuestro medio informativo publicado desde Hermosillo, Sonora. %\" \/>\n<meta property=\"og:url\" content=\"https:\/\/www.sonoraenequipo.com.mx\/trump-firma-orden-ejecutiva-para-acabar-con-la-separacion-de-las-familias-de-migrantes-irregulares\/\" \/>\n<meta property=\"og:site_name\" content=\"Sonora en Equipo.\" \/>\n<meta property=\"article:publisher\" content=\"https:\/\/www.facebook.com\/SonoraEE\/\" \/>\n<meta property=\"article:author\" content=\"https:\/\/www.facebook.com\/SonoraEE\" \/>\n<meta property=\"article:published_time\" content=\"2018-06-21T12:00:46+00:00\" \/>\n<meta property=\"og:image\" content=\"https:\/\/www.sonoraenequipo.com.mx\/storage\/2018\/06\/ni\u00f1ollorando_opt.jpg\" \/>\n\t<meta property=\"og:image:width\" content=\"600\" \/>\n\t<meta property=\"og:image:height\" content=\"400\" \/>\n\t<meta property=\"og:image:type\" content=\"image\/jpeg\" \/>\n<meta name=\"author\" content=\"enequipo\" \/>\n<meta name=\"twitter:card\" content=\"summary_large_image\" \/>\n<meta name=\"twitter:creator\" content=\"@sonoraenequipo\" \/>\n<meta name=\"twitter:site\" content=\"@sonoraenequipo\" \/>\n<meta name=\"twitter:label1\" content=\"Escrito por\" \/>\n\t<meta name=\"twitter:data1\" content=\"enequipo\" \/>\n\t<meta name=\"twitter:label2\" content=\"Tiempo de lectura\" \/>\n\t<meta name=\"twitter:data2\" content=\"3 minutos\" \/>\n<script type=\"application\/ld+json\" class=\"yoast-schema-graph\">{\"@context\":\"https:\/\/schema.org\",\"@graph\":[{\"@type\":\"Article\",\"@id\":\"https:\/\/www.sonoraenequipo.com.mx\/trump-firma-orden-ejecutiva-para-acabar-con-la-separacion-de-las-familias-de-migrantes-irregulares\/#article\",\"isPartOf\":{\"@id\":\"https:\/\/www.sonoraenequipo.com.mx\/trump-firma-orden-ejecutiva-para-acabar-con-la-separacion-de-las-familias-de-migrantes-irregulares\/\"},\"author\":{\"name\":\"enequipo\",\"@id\":\"https:\/\/www.sonoraenequipo.com.mx\/#\/schema\/person\/50102df0fb23a8fa9e8effad8fa81386\"},\"headline\":\"Seguir\u00e1 la pol\u00edtica de \u00abCero tolerancia\u00bb dice Trump\",\"datePublished\":\"2018-06-21T12:00:46+00:00\",\"mainEntityOfPage\":{\"@id\":\"https:\/\/www.sonoraenequipo.com.mx\/trump-firma-orden-ejecutiva-para-acabar-con-la-separacion-de-las-familias-de-migrantes-irregulares\/\"},\"wordCount\":680,\"commentCount\":0,\"publisher\":{\"@id\":\"https:\/\/www.sonoraenequipo.com.mx\/#organization\"},\"image\":{\"@id\":\"https:\/\/www.sonoraenequipo.com.mx\/trump-firma-orden-ejecutiva-para-acabar-con-la-separacion-de-las-familias-de-migrantes-irregulares\/#primaryimage\"},\"thumbnailUrl\":\"https:\/\/www.sonoraenequipo.com.mx\/storage\/2018\/06\/ni\u00f1ollorando_opt.jpg\",\"articleSection\":[\"Destacadas\",\"MUNDO\"],\"inLanguage\":\"es\",\"potentialAction\":[{\"@type\":\"CommentAction\",\"name\":\"Comment\",\"target\":[\"https:\/\/www.sonoraenequipo.com.mx\/trump-firma-orden-ejecutiva-para-acabar-con-la-separacion-de-las-familias-de-migrantes-irregulares\/#respond\"]}]},{\"@type\":\"WebPage\",\"@id\":\"https:\/\/www.sonoraenequipo.com.mx\/trump-firma-orden-ejecutiva-para-acabar-con-la-separacion-de-las-familias-de-migrantes-irregulares\/\",\"url\":\"https:\/\/www.sonoraenequipo.com.mx\/trump-firma-orden-ejecutiva-para-acabar-con-la-separacion-de-las-familias-de-migrantes-irregulares\/\",\"name\":\"Sonora en Equipo. Seguir\u00e1 la pol\u00edtica de \\\"Cero tolerancia\\\" dice Trump Destacadas\",\"isPartOf\":{\"@id\":\"https:\/\/www.sonoraenequipo.com.mx\/#website\"},\"primaryImageOfPage\":{\"@id\":\"https:\/\/www.sonoraenequipo.com.mx\/trump-firma-orden-ejecutiva-para-acabar-con-la-separacion-de-las-familias-de-migrantes-irregulares\/#primaryimage\"},\"image\":{\"@id\":\"https:\/\/www.sonoraenequipo.com.mx\/trump-firma-orden-ejecutiva-para-acabar-con-la-separacion-de-las-familias-de-migrantes-irregulares\/#primaryimage\"},\"thumbnailUrl\":\"https:\/\/www.sonoraenequipo.com.mx\/storage\/2018\/06\/ni\u00f1ollorando_opt.jpg\",\"datePublished\":\"2018-06-21T12:00:46+00:00\",\"description\":\"ESTADOS UNIDOS. \u2014El presidente de Estados Unidos, Donald Trump, ha firmado ayer mi\u00e9rcoles una orden ejecutiva destinada a poner fin a la separaci\u00f3n de En Sonora en Equipo publicamos toda la informaci\u00f3n de Sonora, M\u00e9xico y el Mundo de manera oportuna y busca que la libertad de expresi\u00f3n sea real. Visita nuestro medio informativo publicado desde Hermosillo, Sonora. %\",\"breadcrumb\":{\"@id\":\"https:\/\/www.sonoraenequipo.com.mx\/trump-firma-orden-ejecutiva-para-acabar-con-la-separacion-de-las-familias-de-migrantes-irregulares\/#breadcrumb\"},\"inLanguage\":\"es\",\"potentialAction\":[{\"@type\":\"ReadAction\",\"target\":[\"https:\/\/www.sonoraenequipo.com.mx\/trump-firma-orden-ejecutiva-para-acabar-con-la-separacion-de-las-familias-de-migrantes-irregulares\/\"]}]},{\"@type\":\"ImageObject\",\"inLanguage\":\"es\",\"@id\":\"https:\/\/www.sonoraenequipo.com.mx\/trump-firma-orden-ejecutiva-para-acabar-con-la-separacion-de-las-familias-de-migrantes-irregulares\/#primaryimage\",\"url\":\"https:\/\/www.sonoraenequipo.com.mx\/storage\/2018\/06\/ni\u00f1ollorando_opt.jpg\",\"contentUrl\":\"https:\/\/www.sonoraenequipo.com.mx\/storage\/2018\/06\/ni\u00f1ollorando_opt.jpg\",\"width\":600,\"height\":400},{\"@type\":\"BreadcrumbList\",\"@id\":\"https:\/\/www.sonoraenequipo.com.mx\/trump-firma-orden-ejecutiva-para-acabar-con-la-separacion-de-las-familias-de-migrantes-irregulares\/#breadcrumb\",\"itemListElement\":[{\"@type\":\"ListItem\",\"position\":1,\"name\":\"Portada\",\"item\":\"https:\/\/www.sonoraenequipo.com.mx\/\"},{\"@type\":\"ListItem\",\"position\":2,\"name\":\"Seguir\u00e1 la pol\u00edtica de \u00abCero tolerancia\u00bb dice Trump\"}]},{\"@type\":\"WebSite\",\"@id\":\"https:\/\/www.sonoraenequipo.com.mx\/#website\",\"url\":\"https:\/\/www.sonoraenequipo.com.mx\/\",\"name\":\"Sonora en Equipo.\",\"description\":\"Diario en l\u00ednea con Noticias desde Hermosillo, Sonora\",\"publisher\":{\"@id\":\"https:\/\/www.sonoraenequipo.com.mx\/#organization\"},\"potentialAction\":[{\"@type\":\"SearchAction\",\"target\":{\"@type\":\"EntryPoint\",\"urlTemplate\":\"https:\/\/www.sonoraenequipo.com.mx\/?s={search_term_string}\"},\"query-input\":{\"@type\":\"PropertyValueSpecification\",\"valueRequired\":true,\"valueName\":\"search_term_string\"}}],\"inLanguage\":\"es\"},{\"@type\":\"Organization\",\"@id\":\"https:\/\/www.sonoraenequipo.com.mx\/#organization\",\"name\":\"Sonoraenequipo.com.mx\",\"url\":\"https:\/\/www.sonoraenequipo.com.mx\/\",\"logo\":{\"@type\":\"ImageObject\",\"inLanguage\":\"es\",\"@id\":\"https:\/\/www.sonoraenequipo.com.mx\/#\/schema\/logo\/image\/\",\"url\":\"https:\/\/www.sonoraenequipo.com.mx\/storage\/2019\/01\/sonoraenequipo_opt.png\",\"contentUrl\":\"https:\/\/www.sonoraenequipo.com.mx\/storage\/2019\/01\/sonoraenequipo_opt.png\",\"width\":375,\"height\":125,\"caption\":\"Sonoraenequipo.com.mx\"},\"image\":{\"@id\":\"https:\/\/www.sonoraenequipo.com.mx\/#\/schema\/logo\/image\/\"},\"sameAs\":[\"https:\/\/www.facebook.com\/SonoraEE\/\",\"https:\/\/x.com\/sonoraenequipo\",\"https:\/\/www.youtube.com\/channel\/UC338nW-lPEYmJQs4ZABQ1SQ\"]},{\"@type\":\"Person\",\"@id\":\"https:\/\/www.sonoraenequipo.com.mx\/#\/schema\/person\/50102df0fb23a8fa9e8effad8fa81386\",\"name\":\"enequipo\",\"image\":{\"@type\":\"ImageObject\",\"inLanguage\":\"es\",\"@id\":\"https:\/\/www.sonoraenequipo.com.mx\/#\/schema\/person\/image\/\",\"url\":\"https:\/\/secure.gravatar.com\/avatar\/049821681b589dabc0bc20695993ccebb09f5b5d4d790cd9251b97faac7c652b?s=96&d=blank&r=g\",\"contentUrl\":\"https:\/\/secure.gravatar.com\/avatar\/049821681b589dabc0bc20695993ccebb09f5b5d4d790cd9251b97faac7c652b?s=96&d=blank&r=g\",\"caption\":\"enequipo\"},\"sameAs\":[\"https:\/\/www.facebook.com\/SonoraEE\"]}]}<\/script>\n ","yoast_head_json":{"title":"Sonora en Equipo. Seguir\u00e1 la pol\u00edtica de \"Cero tolerancia\" dice Trump Destacadas","description":"ESTADOS UNIDOS. \u2014El presidente de Estados Unidos, Donald Trump, ha firmado ayer mi\u00e9rcoles una orden ejecutiva destinada a poner fin a la separaci\u00f3n de En Sonora en Equipo publicamos toda la informaci\u00f3n de Sonora, M\u00e9xico y el Mundo de manera oportuna y busca que la libertad de expresi\u00f3n sea real. Visita nuestro medio informativo publicado desde Hermosillo, Sonora. %","robots":{"index":"index","follow":"follow","max-snippet":"max-snippet:-1","max-image-preview":"max-image-preview:large","max-video-preview":"max-video-preview:-1"},"canonical":"https:\/\/www.sonoraenequipo.com.mx\/trump-firma-orden-ejecutiva-para-acabar-con-la-separacion-de-las-familias-de-migrantes-irregulares\/","og_locale":"es_ES","og_type":"article","og_title":"Sonora en Equipo. Seguir\u00e1 la pol\u00edtica de \"Cero tolerancia\" dice Trump Destacadas","og_description":"ESTADOS UNIDOS. \u2014El presidente de Estados Unidos, Donald Trump, ha firmado ayer mi\u00e9rcoles una orden ejecutiva destinada a poner fin a la separaci\u00f3n de En Sonora en Equipo publicamos toda la informaci\u00f3n de Sonora, M\u00e9xico y el Mundo de manera oportuna y busca que la libertad de expresi\u00f3n sea real. Visita nuestro medio informativo publicado desde Hermosillo, Sonora. %","og_url":"https:\/\/www.sonoraenequipo.com.mx\/trump-firma-orden-ejecutiva-para-acabar-con-la-separacion-de-las-familias-de-migrantes-irregulares\/","og_site_name":"Sonora en Equipo.","article_publisher":"https:\/\/www.facebook.com\/SonoraEE\/","article_author":"https:\/\/www.facebook.com\/SonoraEE","article_published_time":"2018-06-21T12:00:46+00:00","og_image":[{"width":600,"height":400,"url":"https:\/\/www.sonoraenequipo.com.mx\/storage\/2018\/06\/ni\u00f1ollorando_opt.jpg","type":"image\/jpeg"}],"author":"enequipo","twitter_card":"summary_large_image","twitter_creator":"@sonoraenequipo","twitter_site":"@sonoraenequipo","twitter_misc":{"Escrito por":"enequipo","Tiempo de lectura":"3 minutos"},"schema":{"@context":"https:\/\/schema.org","@graph":[{"@type":"Article","@id":"https:\/\/www.sonoraenequipo.com.mx\/trump-firma-orden-ejecutiva-para-acabar-con-la-separacion-de-las-familias-de-migrantes-irregulares\/#article","isPartOf":{"@id":"https:\/\/www.sonoraenequipo.com.mx\/trump-firma-orden-ejecutiva-para-acabar-con-la-separacion-de-las-familias-de-migrantes-irregulares\/"},"author":{"name":"enequipo","@id":"https:\/\/www.sonoraenequipo.com.mx\/#\/schema\/person\/50102df0fb23a8fa9e8effad8fa81386"},"headline":"Seguir\u00e1 la pol\u00edtica de \u00abCero tolerancia\u00bb dice Trump","datePublished":"2018-06-21T12:00:46+00:00","mainEntityOfPage":{"@id":"https:\/\/www.sonoraenequipo.com.mx\/trump-firma-orden-ejecutiva-para-acabar-con-la-separacion-de-las-familias-de-migrantes-irregulares\/"},"wordCount":680,"commentCount":0,"publisher":{"@id":"https:\/\/www.sonoraenequipo.com.mx\/#organization"},"image":{"@id":"https:\/\/www.sonoraenequipo.com.mx\/trump-firma-orden-ejecutiva-para-acabar-con-la-separacion-de-las-familias-de-migrantes-irregulares\/#primaryimage"},"thumbnailUrl":"https:\/\/www.sonoraenequipo.com.mx\/storage\/2018\/06\/ni\u00f1ollorando_opt.jpg","articleSection":["Destacadas","MUNDO"],"inLanguage":"es","potentialAction":[{"@type":"CommentAction","name":"Comment","target":["https:\/\/www.sonoraenequipo.com.mx\/trump-firma-orden-ejecutiva-para-acabar-con-la-separacion-de-las-familias-de-migrantes-irregulares\/#respond"]}]},{"@type":"WebPage","@id":"https:\/\/www.sonoraenequipo.com.mx\/trump-firma-orden-ejecutiva-para-acabar-con-la-separacion-de-las-familias-de-migrantes-irregulares\/","url":"https:\/\/www.sonoraenequipo.com.mx\/trump-firma-orden-ejecutiva-para-acabar-con-la-separacion-de-las-familias-de-migrantes-irregulares\/","name":"Sonora en Equipo. Seguir\u00e1 la pol\u00edtica de \"Cero tolerancia\" dice Trump Destacadas","isPartOf":{"@id":"https:\/\/www.sonoraenequipo.com.mx\/#website"},"primaryImageOfPage":{"@id":"https:\/\/www.sonoraenequipo.com.mx\/trump-firma-orden-ejecutiva-para-acabar-con-la-separacion-de-las-familias-de-migrantes-irregulares\/#primaryimage"},"image":{"@id":"https:\/\/www.sonoraenequipo.com.mx\/trump-firma-orden-ejecutiva-para-acabar-con-la-separacion-de-las-familias-de-migrantes-irregulares\/#primaryimage"},"thumbnailUrl":"https:\/\/www.sonoraenequipo.com.mx\/storage\/2018\/06\/ni\u00f1ollorando_opt.jpg","datePublished":"2018-06-21T12:00:46+00:00","description":"ESTADOS UNIDOS. \u2014El presidente de Estados Unidos, Donald Trump, ha firmado ayer mi\u00e9rcoles una orden ejecutiva destinada a poner fin a la separaci\u00f3n de En Sonora en Equipo publicamos toda la informaci\u00f3n de Sonora, M\u00e9xico y el Mundo de manera oportuna y busca que la libertad de expresi\u00f3n sea real. Visita nuestro medio informativo publicado desde Hermosillo, Sonora. %","breadcrumb":{"@id":"https:\/\/www.sonoraenequipo.com.mx\/trump-firma-orden-ejecutiva-para-acabar-con-la-separacion-de-las-familias-de-migrantes-irregulares\/#breadcrumb"},"inLanguage":"es","potentialAction":[{"@type":"ReadAction","target":["https:\/\/www.sonoraenequipo.com.mx\/trump-firma-orden-ejecutiva-para-acabar-con-la-separacion-de-las-familias-de-migrantes-irregulares\/"]}]},{"@type":"ImageObject","inLanguage":"es","@id":"https:\/\/www.sonoraenequipo.com.mx\/trump-firma-orden-ejecutiva-para-acabar-con-la-separacion-de-las-familias-de-migrantes-irregulares\/#primaryimage","url":"https:\/\/www.sonoraenequipo.com.mx\/storage\/2018\/06\/ni\u00f1ollorando_opt.jpg","contentUrl":"https:\/\/www.sonoraenequipo.com.mx\/storage\/2018\/06\/ni\u00f1ollorando_opt.jpg","width":600,"height":400},{"@type":"BreadcrumbList","@id":"https:\/\/www.sonoraenequipo.com.mx\/trump-firma-orden-ejecutiva-para-acabar-con-la-separacion-de-las-familias-de-migrantes-irregulares\/#breadcrumb","itemListElement":[{"@type":"ListItem","position":1,"name":"Portada","item":"https:\/\/www.sonoraenequipo.com.mx\/"},{"@type":"ListItem","position":2,"name":"Seguir\u00e1 la pol\u00edtica de \u00abCero tolerancia\u00bb dice Trump"}]},{"@type":"WebSite","@id":"https:\/\/www.sonoraenequipo.com.mx\/#website","url":"https:\/\/www.sonoraenequipo.com.mx\/","name":"Sonora en Equipo.","description":"Diario en l\u00ednea con Noticias desde Hermosillo, Sonora","publisher":{"@id":"https:\/\/www.sonoraenequipo.com.mx\/#organization"},"potentialAction":[{"@type":"SearchAction","target":{"@type":"EntryPoint","urlTemplate":"https:\/\/www.sonoraenequipo.com.mx\/?s={search_term_string}"},"query-input":{"@type":"PropertyValueSpecification","valueRequired":true,"valueName":"search_term_string"}}],"inLanguage":"es"},{"@type":"Organization","@id":"https:\/\/www.sonoraenequipo.com.mx\/#organization","name":"Sonoraenequipo.com.mx","url":"https:\/\/www.sonoraenequipo.com.mx\/","logo":{"@type":"ImageObject","inLanguage":"es","@id":"https:\/\/www.sonoraenequipo.com.mx\/#\/schema\/logo\/image\/","url":"https:\/\/www.sonoraenequipo.com.mx\/storage\/2019\/01\/sonoraenequipo_opt.png","contentUrl":"https:\/\/www.sonoraenequipo.com.mx\/storage\/2019\/01\/sonoraenequipo_opt.png","width":375,"height":125,"caption":"Sonoraenequipo.com.mx"},"image":{"@id":"https:\/\/www.sonoraenequipo.com.mx\/#\/schema\/logo\/image\/"},"sameAs":["https:\/\/www.facebook.com\/SonoraEE\/","https:\/\/x.com\/sonoraenequipo","https:\/\/www.youtube.com\/channel\/UC338nW-lPEYmJQs4ZABQ1SQ"]},{"@type":"Person","@id":"https:\/\/www.sonoraenequipo.com.mx\/#\/schema\/person\/50102df0fb23a8fa9e8effad8fa81386","name":"enequipo","image":{"@type":"ImageObject","inLanguage":"es","@id":"https:\/\/www.sonoraenequipo.com.mx\/#\/schema\/person\/image\/","url":"https:\/\/secure.gravatar.com\/avatar\/049821681b589dabc0bc20695993ccebb09f5b5d4d790cd9251b97faac7c652b?s=96&d=blank&r=g","contentUrl":"https:\/\/secure.gravatar.com\/avatar\/049821681b589dabc0bc20695993ccebb09f5b5d4d790cd9251b97faac7c652b?s=96&d=blank&r=g","caption":"enequipo"},"sameAs":["https:\/\/www.facebook.com\/SonoraEE"]}]}},"jetpack_featured_media_url":"https:\/\/www.sonoraenequipo.com.mx\/storage\/2018\/06\/ni\u00f1ollorando_opt.jpg","_links":{"self":[{"href":"https:\/\/www.sonoraenequipo.com.mx\/api\/wp\/v2\/posts\/39330","targetHints":{"allow":["GET"]}}],"collection":[{"href":"https:\/\/www.sonoraenequipo.com.mx\/api\/wp\/v2\/posts"}],"about":[{"href":"https:\/\/www.sonoraenequipo.com.mx\/api\/wp\/v2\/types\/post"}],"author":[{"embeddable":true,"href":"https:\/\/www.sonoraenequipo.com.mx\/api\/wp\/v2\/users\/1"}],"replies":[{"embeddable":true,"href":"https:\/\/www.sonoraenequipo.com.mx\/api\/wp\/v2\/comments?post=39330"}],"version-history":[{"count":0,"href":"https:\/\/www.sonoraenequipo.com.mx\/api\/wp\/v2\/posts\/39330\/revisions"}],"wp:featuredmedia":[{"embeddable":true,"href":"https:\/\/www.sonoraenequipo.com.mx\/api\/wp\/v2\/media\/39341"}],"wp:attachment":[{"href":"https:\/\/www.sonoraenequipo.com.mx\/api\/wp\/v2\/media?parent=39330"}],"wp:term":[{"taxonomy":"category","embeddable":true,"href":"https:\/\/www.sonoraenequipo.com.mx\/api\/wp\/v2\/categories?post=39330"},{"taxonomy":"post_tag","embeddable":true,"href":"https:\/\/www.sonoraenequipo.com.mx\/api\/wp\/v2\/tags?post=39330"}],"curies":[{"name":"wp","href":"https:\/\/api.w.org\/{rel}","templated":true}]}}