{"id":39338,"date":"2018-06-21T06:30:56","date_gmt":"2018-06-21T13:30:56","guid":{"rendered":"http:\/\/www.sonoraenequipo.com.mx\/?p=39338"},"modified":"2018-06-20T22:29:00","modified_gmt":"2018-06-21T05:29:00","slug":"trump-cede-y-anuncia-que-no-separaran-a-familias-de-inmigrantes","status":"publish","type":"post","link":"https:\/\/www.sonoraenequipo.com.mx\/trump-cede-y-anuncia-que-no-separaran-a-familias-de-inmigrantes\/","title":{"rendered":"Trump cede y anuncia que no separar\u00e1n a familias de inmigrantes"},"content":{"rendered":"<p>WASHINGTON, ESTADOS UNIDOS. \u2014 El Presidente firm\u00f3 una orden ejecutiva que establece que los padres y sus hijos esperar\u00e1n el juicio juntos en instalaciones del gobierno. Sin embargo, se mantendr\u00e1 la pol\u00edtica migratoria de tolerancia cero.<\/p>\n<p> <\/p>\n<p>Tal como lo ha hecho desde que lleg\u00f3 a la Casa Blanca con otras controvertidas medidas migratorias, el Presidente, Donald Trump, cedi\u00f3 nuevamente a las presiones y firm\u00f3 este mi\u00e9rcoles una orden ejecutiva que pondr\u00eda fin a la separaci\u00f3n de las familias cuando cruzan de manera ilegal a trav\u00e9s de la frontera con M\u00e9xico. Sin embargo, esto no supone que los m\u00e1s de 2.300 ni\u00f1os que han sido detenidos y separados de sus padres desde mayo se re\u00fanan de manera inmediata con sus respectivas familias. Adem\u00e1s, Trump insisti\u00f3 que la pol\u00edtica migratoria de \u201ctolerancia cero\u201d seguir\u00e1 vigente.<\/p>\n<p><em>\u201cVamos a tener fronteras fuertes, muy fuertes, pero vamos a mantener a las familias juntas\u201d,<\/em> anunci\u00f3 el mandatario republicano. <em>\u201cNo nos gusta ver a las familias separadas. Al mismo tiempo, no nos gusta que la gente entre ilegalmente en nuestro pa\u00eds. Esto resuelve el problema\u201d,<\/em> a\u00f1adi\u00f3 en declaraciones a periodistas en el Despacho Oval.<\/p>\n<p>De acuerdo con la orden firmada por Trump, los funcionarios continuar\u00e1n procesando criminalmente a todos los que cruzan ilegalmente la frontera, pero se buscar\u00e1n o construir\u00e1n instalaciones que puedan acoger a las familias mientras sus casos pasan a las cortes.<\/p>\n<p>Seg\u00fan el diario The New York Times, la orden ejecutiva de Trump llev\u00f3 a que los abogados del gobierno pidieran una modificaci\u00f3n al acuerdo Flores de 1997, que establece que los menores detenidos en la frontera solo pueden ser privados de libertad durante un m\u00e1ximo de 20 d\u00edas.<\/p>\n<p>Muchos de los ni\u00f1os detenidos actualmente en instalaciones especiales en Texas llevan m\u00e1s de un mes, entre ellos varios reci\u00e9n nacidos y menores de cinco a\u00f1os. De acuerdo con abogados y activistas de DD.HH. la mayor\u00eda de los ni\u00f1os se encuentran en un estado de shock y conmoci\u00f3n tras haber sido separados de sus familias. Incluso se ha dado el caso de una mujer guatemalteca, Elsa Johana Ortiz, que fue recientemente deportada, pero cuyo hijo de ocho a\u00f1os a\u00fan permanece detenido en Estados Unidos. Esta situaci\u00f3n provoc\u00f3 cr\u00edticas desde el Papa Francisco, la ONU, el Presidente mexicano Enrique Pe\u00f1a Nieto y organismos como Human Rights Watch.<\/p>\n<p>(Fecha de publicaci\u00f3n 21062018)<\/p>\n","protected":false},"excerpt":{"rendered":"<p>WASHINGTON, ESTADOS UNIDOS. \u2014 El Presidente firm\u00f3 una orden ejecutiva que establece que los padres&#8230;<\/p>\n","protected":false},"author":1,"featured_media":39331,"comment_status":"open","ping_status":"open","sticky":false,"template":"","format":"standard","meta":{"_monsterinsights_skip_tracking":false,"_monsterinsights_sitenote_active":false,"_monsterinsights_sitenote_note":"","_monsterinsights_sitenote_category":0,"footnotes":""},"categories":[13,3],"tags":[],"class_list":["post"],"yoast_head":" \n<title>Sonora en Equipo. Trump cede y anuncia que no separar\u00e1n a familias de inmigrantes Destacadas<\/title>\n<meta name=\"description\" content=\"WASHINGTON, ESTADOS UNIDOS. \u2014 El Presidente firm\u00f3 una orden ejecutiva que establece que los padres y sus hijos esperar\u00e1n el juicio juntos en instalaciones En Sonora en Equipo publicamos toda la informaci\u00f3n de Sonora, M\u00e9xico y el Mundo de manera oportuna y busca que la libertad de expresi\u00f3n sea real. Visita nuestro medio informativo publicado desde Hermosillo, Sonora. %\" \/>\n<meta name=\"robots\" content=\"index, follow, max-snippet:-1, max-image-preview:large, max-video-preview:-1\" \/>\n<link rel=\"canonical\" href=\"https:\/\/www.sonoraenequipo.com.mx\/trump-cede-y-anuncia-que-no-separaran-a-familias-de-inmigrantes\/\" \/>\n<meta property=\"og:locale\" content=\"es_ES\" \/>\n<meta property=\"og:type\" content=\"article\" \/>\n<meta property=\"og:title\" content=\"Sonora en Equipo. Trump cede y anuncia que no separar\u00e1n a familias de inmigrantes Destacadas\" \/>\n<meta property=\"og:description\" content=\"WASHINGTON, ESTADOS UNIDOS. \u2014 El Presidente firm\u00f3 una orden ejecutiva que establece que los padres y sus hijos esperar\u00e1n el juicio juntos en instalaciones En Sonora en Equipo publicamos toda la informaci\u00f3n de Sonora, M\u00e9xico y el Mundo de manera oportuna y busca que la libertad de expresi\u00f3n sea real. Visita nuestro medio informativo publicado desde Hermosillo, Sonora. %\" \/>\n<meta property=\"og:url\" content=\"https:\/\/www.sonoraenequipo.com.mx\/trump-cede-y-anuncia-que-no-separaran-a-familias-de-inmigrantes\/\" \/>\n<meta property=\"og:site_name\" content=\"Sonora en Equipo.\" \/>\n<meta property=\"article:publisher\" content=\"https:\/\/www.facebook.com\/SonoraEE\/\" \/>\n<meta property=\"article:author\" content=\"https:\/\/www.facebook.com\/SonoraEE\" \/>\n<meta property=\"article:published_time\" content=\"2018-06-21T13:30:56+00:00\" \/>\n<meta property=\"og:image\" content=\"https:\/\/www.sonoraenequipo.com.mx\/storage\/2018\/06\/donaldtrump_opt.jpg\" \/>\n\t<meta property=\"og:image:width\" content=\"799\" \/>\n\t<meta property=\"og:image:height\" content=\"450\" \/>\n\t<meta property=\"og:image:type\" content=\"image\/jpeg\" \/>\n<meta name=\"author\" content=\"enequipo\" \/>\n<meta name=\"twitter:card\" content=\"summary_large_image\" \/>\n<meta name=\"twitter:creator\" content=\"@sonoraenequipo\" \/>\n<meta name=\"twitter:site\" content=\"@sonoraenequipo\" \/>\n<meta name=\"twitter:label1\" content=\"Escrito por\" \/>\n\t<meta name=\"twitter:data1\" content=\"enequipo\" \/>\n\t<meta name=\"twitter:label2\" content=\"Tiempo de lectura\" \/>\n\t<meta name=\"twitter:data2\" content=\"2 minutos\" \/>\n<script type=\"application\/ld+json\" class=\"yoast-schema-graph\">{\"@context\":\"https:\/\/schema.org\",\"@graph\":[{\"@type\":\"Article\",\"@id\":\"https:\/\/www.sonoraenequipo.com.mx\/trump-cede-y-anuncia-que-no-separaran-a-familias-de-inmigrantes\/#article\",\"isPartOf\":{\"@id\":\"https:\/\/www.sonoraenequipo.com.mx\/trump-cede-y-anuncia-que-no-separaran-a-familias-de-inmigrantes\/\"},\"author\":{\"name\":\"enequipo\",\"@id\":\"https:\/\/www.sonoraenequipo.com.mx\/#\/schema\/person\/50102df0fb23a8fa9e8effad8fa81386\"},\"headline\":\"Trump cede y anuncia que no separar\u00e1n a familias de inmigrantes\",\"datePublished\":\"2018-06-21T13:30:56+00:00\",\"mainEntityOfPage\":{\"@id\":\"https:\/\/www.sonoraenequipo.com.mx\/trump-cede-y-anuncia-que-no-separaran-a-familias-de-inmigrantes\/\"},\"wordCount\":427,\"commentCount\":0,\"publisher\":{\"@id\":\"https:\/\/www.sonoraenequipo.com.mx\/#organization\"},\"image\":{\"@id\":\"https:\/\/www.sonoraenequipo.com.mx\/trump-cede-y-anuncia-que-no-separaran-a-familias-de-inmigrantes\/#primaryimage\"},\"thumbnailUrl\":\"https:\/\/www.sonoraenequipo.com.mx\/storage\/2018\/06\/donaldtrump_opt.jpg\",\"articleSection\":[\"Destacadas\",\"MUNDO\"],\"inLanguage\":\"es\",\"potentialAction\":[{\"@type\":\"CommentAction\",\"name\":\"Comment\",\"target\":[\"https:\/\/www.sonoraenequipo.com.mx\/trump-cede-y-anuncia-que-no-separaran-a-familias-de-inmigrantes\/#respond\"]}]},{\"@type\":\"WebPage\",\"@id\":\"https:\/\/www.sonoraenequipo.com.mx\/trump-cede-y-anuncia-que-no-separaran-a-familias-de-inmigrantes\/\",\"url\":\"https:\/\/www.sonoraenequipo.com.mx\/trump-cede-y-anuncia-que-no-separaran-a-familias-de-inmigrantes\/\",\"name\":\"Sonora en Equipo. Trump cede y anuncia que no separar\u00e1n a familias de inmigrantes Destacadas\",\"isPartOf\":{\"@id\":\"https:\/\/www.sonoraenequipo.com.mx\/#website\"},\"primaryImageOfPage\":{\"@id\":\"https:\/\/www.sonoraenequipo.com.mx\/trump-cede-y-anuncia-que-no-separaran-a-familias-de-inmigrantes\/#primaryimage\"},\"image\":{\"@id\":\"https:\/\/www.sonoraenequipo.com.mx\/trump-cede-y-anuncia-que-no-separaran-a-familias-de-inmigrantes\/#primaryimage\"},\"thumbnailUrl\":\"https:\/\/www.sonoraenequipo.com.mx\/storage\/2018\/06\/donaldtrump_opt.jpg\",\"datePublished\":\"2018-06-21T13:30:56+00:00\",\"description\":\"WASHINGTON, ESTADOS UNIDOS. \u2014 El Presidente firm\u00f3 una orden ejecutiva que establece que los padres y sus hijos esperar\u00e1n el juicio juntos en instalaciones En Sonora en Equipo publicamos toda la informaci\u00f3n de Sonora, M\u00e9xico y el Mundo de manera oportuna y busca que la libertad de expresi\u00f3n sea real. Visita nuestro medio informativo publicado desde Hermosillo, Sonora. %\",\"breadcrumb\":{\"@id\":\"https:\/\/www.sonoraenequipo.com.mx\/trump-cede-y-anuncia-que-no-separaran-a-familias-de-inmigrantes\/#breadcrumb\"},\"inLanguage\":\"es\",\"potentialAction\":[{\"@type\":\"ReadAction\",\"target\":[\"https:\/\/www.sonoraenequipo.com.mx\/trump-cede-y-anuncia-que-no-separaran-a-familias-de-inmigrantes\/\"]}]},{\"@type\":\"ImageObject\",\"inLanguage\":\"es\",\"@id\":\"https:\/\/www.sonoraenequipo.com.mx\/trump-cede-y-anuncia-que-no-separaran-a-familias-de-inmigrantes\/#primaryimage\",\"url\":\"https:\/\/www.sonoraenequipo.com.mx\/storage\/2018\/06\/donaldtrump_opt.jpg\",\"contentUrl\":\"https:\/\/www.sonoraenequipo.com.mx\/storage\/2018\/06\/donaldtrump_opt.jpg\",\"width\":799,\"height\":450},{\"@type\":\"BreadcrumbList\",\"@id\":\"https:\/\/www.sonoraenequipo.com.mx\/trump-cede-y-anuncia-que-no-separaran-a-familias-de-inmigrantes\/#breadcrumb\",\"itemListElement\":[{\"@type\":\"ListItem\",\"position\":1,\"name\":\"Portada\",\"item\":\"https:\/\/www.sonoraenequipo.com.mx\/\"},{\"@type\":\"ListItem\",\"position\":2,\"name\":\"Trump cede y anuncia que no separar\u00e1n a familias de inmigrantes\"}]},{\"@type\":\"WebSite\",\"@id\":\"https:\/\/www.sonoraenequipo.com.mx\/#website\",\"url\":\"https:\/\/www.sonoraenequipo.com.mx\/\",\"name\":\"Sonora en Equipo.\",\"description\":\"Diario en l\u00ednea con Noticias desde Hermosillo, Sonora\",\"publisher\":{\"@id\":\"https:\/\/www.sonoraenequipo.com.mx\/#organization\"},\"potentialAction\":[{\"@type\":\"SearchAction\",\"target\":{\"@type\":\"EntryPoint\",\"urlTemplate\":\"https:\/\/www.sonoraenequipo.com.mx\/?s={search_term_string}\"},\"query-input\":{\"@type\":\"PropertyValueSpecification\",\"valueRequired\":true,\"valueName\":\"search_term_string\"}}],\"inLanguage\":\"es\"},{\"@type\":\"Organization\",\"@id\":\"https:\/\/www.sonoraenequipo.com.mx\/#organization\",\"name\":\"Sonoraenequipo.com.mx\",\"url\":\"https:\/\/www.sonoraenequipo.com.mx\/\",\"logo\":{\"@type\":\"ImageObject\",\"inLanguage\":\"es\",\"@id\":\"https:\/\/www.sonoraenequipo.com.mx\/#\/schema\/logo\/image\/\",\"url\":\"https:\/\/www.sonoraenequipo.com.mx\/storage\/2019\/01\/sonoraenequipo_opt.png\",\"contentUrl\":\"https:\/\/www.sonoraenequipo.com.mx\/storage\/2019\/01\/sonoraenequipo_opt.png\",\"width\":375,\"height\":125,\"caption\":\"Sonoraenequipo.com.mx\"},\"image\":{\"@id\":\"https:\/\/www.sonoraenequipo.com.mx\/#\/schema\/logo\/image\/\"},\"sameAs\":[\"https:\/\/www.facebook.com\/SonoraEE\/\",\"https:\/\/x.com\/sonoraenequipo\",\"https:\/\/www.youtube.com\/channel\/UC338nW-lPEYmJQs4ZABQ1SQ\"]},{\"@type\":\"Person\",\"@id\":\"https:\/\/www.sonoraenequipo.com.mx\/#\/schema\/person\/50102df0fb23a8fa9e8effad8fa81386\",\"name\":\"enequipo\",\"image\":{\"@type\":\"ImageObject\",\"inLanguage\":\"es\",\"@id\":\"https:\/\/www.sonoraenequipo.com.mx\/#\/schema\/person\/image\/\",\"url\":\"https:\/\/secure.gravatar.com\/avatar\/049821681b589dabc0bc20695993ccebb09f5b5d4d790cd9251b97faac7c652b?s=96&d=blank&r=g\",\"contentUrl\":\"https:\/\/secure.gravatar.com\/avatar\/049821681b589dabc0bc20695993ccebb09f5b5d4d790cd9251b97faac7c652b?s=96&d=blank&r=g\",\"caption\":\"enequipo\"},\"sameAs\":[\"https:\/\/www.facebook.com\/SonoraEE\"]}]}<\/script>\n ","yoast_head_json":{"title":"Sonora en Equipo. Trump cede y anuncia que no separar\u00e1n a familias de inmigrantes Destacadas","description":"WASHINGTON, ESTADOS UNIDOS. \u2014 El Presidente firm\u00f3 una orden ejecutiva que establece que los padres y sus hijos esperar\u00e1n el juicio juntos en instalaciones En Sonora en Equipo publicamos toda la informaci\u00f3n de Sonora, M\u00e9xico y el Mundo de manera oportuna y busca que la libertad de expresi\u00f3n sea real. Visita nuestro medio informativo publicado desde Hermosillo, Sonora. %","robots":{"index":"index","follow":"follow","max-snippet":"max-snippet:-1","max-image-preview":"max-image-preview:large","max-video-preview":"max-video-preview:-1"},"canonical":"https:\/\/www.sonoraenequipo.com.mx\/trump-cede-y-anuncia-que-no-separaran-a-familias-de-inmigrantes\/","og_locale":"es_ES","og_type":"article","og_title":"Sonora en Equipo. Trump cede y anuncia que no separar\u00e1n a familias de inmigrantes Destacadas","og_description":"WASHINGTON, ESTADOS UNIDOS. \u2014 El Presidente firm\u00f3 una orden ejecutiva que establece que los padres y sus hijos esperar\u00e1n el juicio juntos en instalaciones En Sonora en Equipo publicamos toda la informaci\u00f3n de Sonora, M\u00e9xico y el Mundo de manera oportuna y busca que la libertad de expresi\u00f3n sea real. Visita nuestro medio informativo publicado desde Hermosillo, Sonora. %","og_url":"https:\/\/www.sonoraenequipo.com.mx\/trump-cede-y-anuncia-que-no-separaran-a-familias-de-inmigrantes\/","og_site_name":"Sonora en Equipo.","article_publisher":"https:\/\/www.facebook.com\/SonoraEE\/","article_author":"https:\/\/www.facebook.com\/SonoraEE","article_published_time":"2018-06-21T13:30:56+00:00","og_image":[{"width":799,"height":450,"url":"https:\/\/www.sonoraenequipo.com.mx\/storage\/2018\/06\/donaldtrump_opt.jpg","type":"image\/jpeg"}],"author":"enequipo","twitter_card":"summary_large_image","twitter_creator":"@sonoraenequipo","twitter_site":"@sonoraenequipo","twitter_misc":{"Escrito por":"enequipo","Tiempo de lectura":"2 minutos"},"schema":{"@context":"https:\/\/schema.org","@graph":[{"@type":"Article","@id":"https:\/\/www.sonoraenequipo.com.mx\/trump-cede-y-anuncia-que-no-separaran-a-familias-de-inmigrantes\/#article","isPartOf":{"@id":"https:\/\/www.sonoraenequipo.com.mx\/trump-cede-y-anuncia-que-no-separaran-a-familias-de-inmigrantes\/"},"author":{"name":"enequipo","@id":"https:\/\/www.sonoraenequipo.com.mx\/#\/schema\/person\/50102df0fb23a8fa9e8effad8fa81386"},"headline":"Trump cede y anuncia que no separar\u00e1n a familias de inmigrantes","datePublished":"2018-06-21T13:30:56+00:00","mainEntityOfPage":{"@id":"https:\/\/www.sonoraenequipo.com.mx\/trump-cede-y-anuncia-que-no-separaran-a-familias-de-inmigrantes\/"},"wordCount":427,"commentCount":0,"publisher":{"@id":"https:\/\/www.sonoraenequipo.com.mx\/#organization"},"image":{"@id":"https:\/\/www.sonoraenequipo.com.mx\/trump-cede-y-anuncia-que-no-separaran-a-familias-de-inmigrantes\/#primaryimage"},"thumbnailUrl":"https:\/\/www.sonoraenequipo.com.mx\/storage\/2018\/06\/donaldtrump_opt.jpg","articleSection":["Destacadas","MUNDO"],"inLanguage":"es","potentialAction":[{"@type":"CommentAction","name":"Comment","target":["https:\/\/www.sonoraenequipo.com.mx\/trump-cede-y-anuncia-que-no-separaran-a-familias-de-inmigrantes\/#respond"]}]},{"@type":"WebPage","@id":"https:\/\/www.sonoraenequipo.com.mx\/trump-cede-y-anuncia-que-no-separaran-a-familias-de-inmigrantes\/","url":"https:\/\/www.sonoraenequipo.com.mx\/trump-cede-y-anuncia-que-no-separaran-a-familias-de-inmigrantes\/","name":"Sonora en Equipo. Trump cede y anuncia que no separar\u00e1n a familias de inmigrantes Destacadas","isPartOf":{"@id":"https:\/\/www.sonoraenequipo.com.mx\/#website"},"primaryImageOfPage":{"@id":"https:\/\/www.sonoraenequipo.com.mx\/trump-cede-y-anuncia-que-no-separaran-a-familias-de-inmigrantes\/#primaryimage"},"image":{"@id":"https:\/\/www.sonoraenequipo.com.mx\/trump-cede-y-anuncia-que-no-separaran-a-familias-de-inmigrantes\/#primaryimage"},"thumbnailUrl":"https:\/\/www.sonoraenequipo.com.mx\/storage\/2018\/06\/donaldtrump_opt.jpg","datePublished":"2018-06-21T13:30:56+00:00","description":"WASHINGTON, ESTADOS UNIDOS. \u2014 El Presidente firm\u00f3 una orden ejecutiva que establece que los padres y sus hijos esperar\u00e1n el juicio juntos en instalaciones En Sonora en Equipo publicamos toda la informaci\u00f3n de Sonora, M\u00e9xico y el Mundo de manera oportuna y busca que la libertad de expresi\u00f3n sea real. Visita nuestro medio informativo publicado desde Hermosillo, Sonora. %","breadcrumb":{"@id":"https:\/\/www.sonoraenequipo.com.mx\/trump-cede-y-anuncia-que-no-separaran-a-familias-de-inmigrantes\/#breadcrumb"},"inLanguage":"es","potentialAction":[{"@type":"ReadAction","target":["https:\/\/www.sonoraenequipo.com.mx\/trump-cede-y-anuncia-que-no-separaran-a-familias-de-inmigrantes\/"]}]},{"@type":"ImageObject","inLanguage":"es","@id":"https:\/\/www.sonoraenequipo.com.mx\/trump-cede-y-anuncia-que-no-separaran-a-familias-de-inmigrantes\/#primaryimage","url":"https:\/\/www.sonoraenequipo.com.mx\/storage\/2018\/06\/donaldtrump_opt.jpg","contentUrl":"https:\/\/www.sonoraenequipo.com.mx\/storage\/2018\/06\/donaldtrump_opt.jpg","width":799,"height":450},{"@type":"BreadcrumbList","@id":"https:\/\/www.sonoraenequipo.com.mx\/trump-cede-y-anuncia-que-no-separaran-a-familias-de-inmigrantes\/#breadcrumb","itemListElement":[{"@type":"ListItem","position":1,"name":"Portada","item":"https:\/\/www.sonoraenequipo.com.mx\/"},{"@type":"ListItem","position":2,"name":"Trump cede y anuncia que no separar\u00e1n a familias de inmigrantes"}]},{"@type":"WebSite","@id":"https:\/\/www.sonoraenequipo.com.mx\/#website","url":"https:\/\/www.sonoraenequipo.com.mx\/","name":"Sonora en Equipo.","description":"Diario en l\u00ednea con Noticias desde Hermosillo, Sonora","publisher":{"@id":"https:\/\/www.sonoraenequipo.com.mx\/#organization"},"potentialAction":[{"@type":"SearchAction","target":{"@type":"EntryPoint","urlTemplate":"https:\/\/www.sonoraenequipo.com.mx\/?s={search_term_string}"},"query-input":{"@type":"PropertyValueSpecification","valueRequired":true,"valueName":"search_term_string"}}],"inLanguage":"es"},{"@type":"Organization","@id":"https:\/\/www.sonoraenequipo.com.mx\/#organization","name":"Sonoraenequipo.com.mx","url":"https:\/\/www.sonoraenequipo.com.mx\/","logo":{"@type":"ImageObject","inLanguage":"es","@id":"https:\/\/www.sonoraenequipo.com.mx\/#\/schema\/logo\/image\/","url":"https:\/\/www.sonoraenequipo.com.mx\/storage\/2019\/01\/sonoraenequipo_opt.png","contentUrl":"https:\/\/www.sonoraenequipo.com.mx\/storage\/2019\/01\/sonoraenequipo_opt.png","width":375,"height":125,"caption":"Sonoraenequipo.com.mx"},"image":{"@id":"https:\/\/www.sonoraenequipo.com.mx\/#\/schema\/logo\/image\/"},"sameAs":["https:\/\/www.facebook.com\/SonoraEE\/","https:\/\/x.com\/sonoraenequipo","https:\/\/www.youtube.com\/channel\/UC338nW-lPEYmJQs4ZABQ1SQ"]},{"@type":"Person","@id":"https:\/\/www.sonoraenequipo.com.mx\/#\/schema\/person\/50102df0fb23a8fa9e8effad8fa81386","name":"enequipo","image":{"@type":"ImageObject","inLanguage":"es","@id":"https:\/\/www.sonoraenequipo.com.mx\/#\/schema\/person\/image\/","url":"https:\/\/secure.gravatar.com\/avatar\/049821681b589dabc0bc20695993ccebb09f5b5d4d790cd9251b97faac7c652b?s=96&d=blank&r=g","contentUrl":"https:\/\/secure.gravatar.com\/avatar\/049821681b589dabc0bc20695993ccebb09f5b5d4d790cd9251b97faac7c652b?s=96&d=blank&r=g","caption":"enequipo"},"sameAs":["https:\/\/www.facebook.com\/SonoraEE"]}]}},"jetpack_featured_media_url":"https:\/\/www.sonoraenequipo.com.mx\/storage\/2018\/06\/donaldtrump_opt.jpg","_links":{"self":[{"href":"https:\/\/www.sonoraenequipo.com.mx\/api\/wp\/v2\/posts\/39338","targetHints":{"allow":["GET"]}}],"collection":[{"href":"https:\/\/www.sonoraenequipo.com.mx\/api\/wp\/v2\/posts"}],"about":[{"href":"https:\/\/www.sonoraenequipo.com.mx\/api\/wp\/v2\/types\/post"}],"author":[{"embeddable":true,"href":"https:\/\/www.sonoraenequipo.com.mx\/api\/wp\/v2\/users\/1"}],"replies":[{"embeddable":true,"href":"https:\/\/www.sonoraenequipo.com.mx\/api\/wp\/v2\/comments?post=39338"}],"version-history":[{"count":0,"href":"https:\/\/www.sonoraenequipo.com.mx\/api\/wp\/v2\/posts\/39338\/revisions"}],"wp:featuredmedia":[{"embeddable":true,"href":"https:\/\/www.sonoraenequipo.com.mx\/api\/wp\/v2\/media\/39331"}],"wp:attachment":[{"href":"https:\/\/www.sonoraenequipo.com.mx\/api\/wp\/v2\/media?parent=39338"}],"wp:term":[{"taxonomy":"category","embeddable":true,"href":"https:\/\/www.sonoraenequipo.com.mx\/api\/wp\/v2\/categories?post=39338"},{"taxonomy":"post_tag","embeddable":true,"href":"https:\/\/www.sonoraenequipo.com.mx\/api\/wp\/v2\/tags?post=39338"}],"curies":[{"name":"wp","href":"https:\/\/api.w.org\/{rel}","templated":true}]}}