{"id":39343,"date":"2018-06-20T09:50:34","date_gmt":"2018-06-20T16:50:34","guid":{"rendered":"http:\/\/www.sonoraenequipo.com.mx\/?p=39343"},"modified":"2018-06-20T22:46:15","modified_gmt":"2018-06-21T05:46:15","slug":"reves-a-trump-rechazan-tres-aerolineas-de-eua-trasladar-menores-ilegales-separados-de-sus-padres","status":"publish","type":"post","link":"https:\/\/www.sonoraenequipo.com.mx\/reves-a-trump-rechazan-tres-aerolineas-de-eua-trasladar-menores-ilegales-separados-de-sus-padres\/","title":{"rendered":"Rev\u00e9s a Trump, rechazan tres aerol\u00edneas de EUA trasladar menores ilegales separados de sus padres"},"content":{"rendered":"<p>ESTADOS UNIDOS. \u2014 Tres de las principales aerol\u00edneas estadounidenses, United, American Airlines y Frontier, anunciaron hoy que no transportar\u00e1n a menores indocumentados que hayan sido separados de sus familias con motivo de la llamada pol\u00edtica de <em>\u00abtolerancia cero\u00bb<\/em> de la Casa Blanca.<\/p>\n<p> <\/p>\n<p>La decisi\u00f3n de estas compa\u00f1\u00edas, que podr\u00edan haber sido empleadas por las autoridades para trasladar a menores desde los pasos de entrada a Estados Unidos hasta alguno de los m\u00e1s de cien centros de acogida repartidos por el pa\u00eds, supone un nuevo rev\u00e9s para el presidente estadounidense, Donald Trump.<\/p>\n<p>El proceso de separaci\u00f3n familiar que ha sido ampliamente publicitado no concuerda en absoluto con los valores de American Airlines. <em>\u00abNosotros unimos a las personas, no las separamos\u00bb,<\/em> dice el comunicado publicado por esta empresa en su p\u00e1gina web.<\/p>\n<p>En la nota, la aerol\u00ednea reconoce que tiene contratos con el Gobierno federal, pero explica que estos no detallan <em>\u00abinformaci\u00f3n relativa a los motivos del viaje\u00bb.<\/em><\/p>\n<p><strong>American Airlines<\/strong> asegur\u00f3, adem\u00e1s, que no tiene conocimiento de que sus aviones hayan sido empleados para trasladar a menores indocumentados.<\/p>\n<p><em>\u00abEstar\u00edamos profundamente decepcionados en caso de que haya sido as\u00ed\u00bb,<\/em> se agrega en la nota.<\/p>\n<p>Por otro lado, la cadena de televisi\u00f3n ABC difundi\u00f3 hoy un comunicado de un alto ejecutivo de <strong>United,<\/strong> cuyo nombre no ha sido revelado, en el que subray\u00f3 que la actual pol\u00edtica migratoria de la Administraci\u00f3n estadounidense<em> \u00abentra en profundo conflicto con los valores de la compa\u00f1\u00eda\u00bb.<\/em><\/p>\n<p>Asimismo, <strong>Frontier<\/strong> expres\u00f3 en Twitter que estaba en desacuerdo con transportar a los menores sin su familias.<\/p>\n<p><em>\u00abFrontier se enorgullece de ser una aerol\u00ednea familiar y no permitiremos que nuestros vuelos se utilicen para transportar a los ni\u00f1os migrantes lejos de sus familias. En este momento, no sabemos si Frontier se ha utilizado para este fin\u00bb<\/em>.<\/p>\n<p>(Fecha de publicaci\u00f3n 20062018)<\/p>\n","protected":false},"excerpt":{"rendered":"<p>ESTADOS UNIDOS. \u2014 Tres de las principales aerol\u00edneas estadounidenses, United, American Airlines y Frontier, anunciaron&#8230;<\/p>\n","protected":false},"author":1,"featured_media":39344,"comment_status":"open","ping_status":"open","sticky":false,"template":"","format":"standard","meta":{"_monsterinsights_skip_tracking":false,"_monsterinsights_sitenote_active":false,"_monsterinsights_sitenote_note":"","_monsterinsights_sitenote_category":0,"footnotes":""},"categories":[3,1],"tags":[],"class_list":["post"],"yoast_head":" \n<title>Sonora en Equipo. Rev\u00e9s a Trump, rechazan tres aerol\u00edneas de EUA trasladar menores ilegales separados de sus padres MUNDO<\/title>\n<meta name=\"description\" content=\"ESTADOS UNIDOS. \u2014 Tres de las principales aerol\u00edneas estadounidenses, United, American Airlines y Frontier, anunciaron hoy que no transportar\u00e1n a menores En Sonora en Equipo publicamos toda la informaci\u00f3n de Sonora, M\u00e9xico y el Mundo de manera oportuna y busca que la libertad de expresi\u00f3n sea real. Visita nuestro medio informativo publicado desde Hermosillo, Sonora. %\" \/>\n<meta name=\"robots\" content=\"index, follow, max-snippet:-1, max-image-preview:large, max-video-preview:-1\" \/>\n<link rel=\"canonical\" href=\"https:\/\/www.sonoraenequipo.com.mx\/reves-a-trump-rechazan-tres-aerolineas-de-eua-trasladar-menores-ilegales-separados-de-sus-padres\/\" \/>\n<meta property=\"og:locale\" content=\"es_ES\" \/>\n<meta property=\"og:type\" content=\"article\" \/>\n<meta property=\"og:title\" content=\"Sonora en Equipo. Rev\u00e9s a Trump, rechazan tres aerol\u00edneas de EUA trasladar menores ilegales separados de sus padres MUNDO\" \/>\n<meta property=\"og:description\" content=\"ESTADOS UNIDOS. \u2014 Tres de las principales aerol\u00edneas estadounidenses, United, American Airlines y Frontier, anunciaron hoy que no transportar\u00e1n a menores En Sonora en Equipo publicamos toda la informaci\u00f3n de Sonora, M\u00e9xico y el Mundo de manera oportuna y busca que la libertad de expresi\u00f3n sea real. Visita nuestro medio informativo publicado desde Hermosillo, Sonora. %\" \/>\n<meta property=\"og:url\" content=\"https:\/\/www.sonoraenequipo.com.mx\/reves-a-trump-rechazan-tres-aerolineas-de-eua-trasladar-menores-ilegales-separados-de-sus-padres\/\" \/>\n<meta property=\"og:site_name\" content=\"Sonora en Equipo.\" \/>\n<meta property=\"article:publisher\" content=\"https:\/\/www.facebook.com\/SonoraEE\/\" \/>\n<meta property=\"article:author\" content=\"https:\/\/www.facebook.com\/SonoraEE\" \/>\n<meta property=\"article:published_time\" content=\"2018-06-20T16:50:34+00:00\" \/>\n<meta property=\"article:modified_time\" content=\"2018-06-21T05:46:15+00:00\" \/>\n<meta property=\"og:image\" content=\"https:\/\/www.sonoraenequipo.com.mx\/storage\/2018\/06\/american_airlines_opt.jpg\" \/>\n\t<meta property=\"og:image:width\" content=\"709\" \/>\n\t<meta property=\"og:image:height\" content=\"400\" \/>\n\t<meta property=\"og:image:type\" content=\"image\/jpeg\" \/>\n<meta name=\"author\" content=\"enequipo\" \/>\n<meta name=\"twitter:card\" content=\"summary_large_image\" \/>\n<meta name=\"twitter:creator\" content=\"@sonoraenequipo\" \/>\n<meta name=\"twitter:site\" content=\"@sonoraenequipo\" \/>\n<meta name=\"twitter:label1\" content=\"Escrito por\" \/>\n\t<meta name=\"twitter:data1\" content=\"enequipo\" \/>\n\t<meta name=\"twitter:label2\" content=\"Tiempo de lectura\" \/>\n\t<meta name=\"twitter:data2\" content=\"2 minutos\" \/>\n<script type=\"application\/ld+json\" class=\"yoast-schema-graph\">{\"@context\":\"https:\/\/schema.org\",\"@graph\":[{\"@type\":\"Article\",\"@id\":\"https:\/\/www.sonoraenequipo.com.mx\/reves-a-trump-rechazan-tres-aerolineas-de-eua-trasladar-menores-ilegales-separados-de-sus-padres\/#article\",\"isPartOf\":{\"@id\":\"https:\/\/www.sonoraenequipo.com.mx\/reves-a-trump-rechazan-tres-aerolineas-de-eua-trasladar-menores-ilegales-separados-de-sus-padres\/\"},\"author\":{\"name\":\"enequipo\",\"@id\":\"https:\/\/www.sonoraenequipo.com.mx\/#\/schema\/person\/50102df0fb23a8fa9e8effad8fa81386\"},\"headline\":\"Rev\u00e9s a Trump, rechazan tres aerol\u00edneas de EUA trasladar menores ilegales separados de sus padres\",\"datePublished\":\"2018-06-20T16:50:34+00:00\",\"dateModified\":\"2018-06-21T05:46:15+00:00\",\"mainEntityOfPage\":{\"@id\":\"https:\/\/www.sonoraenequipo.com.mx\/reves-a-trump-rechazan-tres-aerolineas-de-eua-trasladar-menores-ilegales-separados-de-sus-padres\/\"},\"wordCount\":335,\"commentCount\":0,\"publisher\":{\"@id\":\"https:\/\/www.sonoraenequipo.com.mx\/#organization\"},\"image\":{\"@id\":\"https:\/\/www.sonoraenequipo.com.mx\/reves-a-trump-rechazan-tres-aerolineas-de-eua-trasladar-menores-ilegales-separados-de-sus-padres\/#primaryimage\"},\"thumbnailUrl\":\"https:\/\/www.sonoraenequipo.com.mx\/storage\/2018\/06\/american_airlines_opt.jpg\",\"articleSection\":[\"MUNDO\",\"Sin categorizar\"],\"inLanguage\":\"es\",\"potentialAction\":[{\"@type\":\"CommentAction\",\"name\":\"Comment\",\"target\":[\"https:\/\/www.sonoraenequipo.com.mx\/reves-a-trump-rechazan-tres-aerolineas-de-eua-trasladar-menores-ilegales-separados-de-sus-padres\/#respond\"]}]},{\"@type\":\"WebPage\",\"@id\":\"https:\/\/www.sonoraenequipo.com.mx\/reves-a-trump-rechazan-tres-aerolineas-de-eua-trasladar-menores-ilegales-separados-de-sus-padres\/\",\"url\":\"https:\/\/www.sonoraenequipo.com.mx\/reves-a-trump-rechazan-tres-aerolineas-de-eua-trasladar-menores-ilegales-separados-de-sus-padres\/\",\"name\":\"Sonora en Equipo. Rev\u00e9s a Trump, rechazan tres aerol\u00edneas de EUA trasladar menores ilegales separados de sus padres MUNDO\",\"isPartOf\":{\"@id\":\"https:\/\/www.sonoraenequipo.com.mx\/#website\"},\"primaryImageOfPage\":{\"@id\":\"https:\/\/www.sonoraenequipo.com.mx\/reves-a-trump-rechazan-tres-aerolineas-de-eua-trasladar-menores-ilegales-separados-de-sus-padres\/#primaryimage\"},\"image\":{\"@id\":\"https:\/\/www.sonoraenequipo.com.mx\/reves-a-trump-rechazan-tres-aerolineas-de-eua-trasladar-menores-ilegales-separados-de-sus-padres\/#primaryimage\"},\"thumbnailUrl\":\"https:\/\/www.sonoraenequipo.com.mx\/storage\/2018\/06\/american_airlines_opt.jpg\",\"datePublished\":\"2018-06-20T16:50:34+00:00\",\"dateModified\":\"2018-06-21T05:46:15+00:00\",\"description\":\"ESTADOS UNIDOS. \u2014 Tres de las principales aerol\u00edneas estadounidenses, United, American Airlines y Frontier, anunciaron hoy que no transportar\u00e1n a menores En Sonora en Equipo publicamos toda la informaci\u00f3n de Sonora, M\u00e9xico y el Mundo de manera oportuna y busca que la libertad de expresi\u00f3n sea real. Visita nuestro medio informativo publicado desde Hermosillo, Sonora. %\",\"breadcrumb\":{\"@id\":\"https:\/\/www.sonoraenequipo.com.mx\/reves-a-trump-rechazan-tres-aerolineas-de-eua-trasladar-menores-ilegales-separados-de-sus-padres\/#breadcrumb\"},\"inLanguage\":\"es\",\"potentialAction\":[{\"@type\":\"ReadAction\",\"target\":[\"https:\/\/www.sonoraenequipo.com.mx\/reves-a-trump-rechazan-tres-aerolineas-de-eua-trasladar-menores-ilegales-separados-de-sus-padres\/\"]}]},{\"@type\":\"ImageObject\",\"inLanguage\":\"es\",\"@id\":\"https:\/\/www.sonoraenequipo.com.mx\/reves-a-trump-rechazan-tres-aerolineas-de-eua-trasladar-menores-ilegales-separados-de-sus-padres\/#primaryimage\",\"url\":\"https:\/\/www.sonoraenequipo.com.mx\/storage\/2018\/06\/american_airlines_opt.jpg\",\"contentUrl\":\"https:\/\/www.sonoraenequipo.com.mx\/storage\/2018\/06\/american_airlines_opt.jpg\",\"width\":709,\"height\":400,\"caption\":\"An American Airlines passenger jet plane, a Embraer ERJ-190 model, approaches Logan Airport in Boston, Thursday, May 24, 2018. (AP Photo\/Charles Krupa)\"},{\"@type\":\"BreadcrumbList\",\"@id\":\"https:\/\/www.sonoraenequipo.com.mx\/reves-a-trump-rechazan-tres-aerolineas-de-eua-trasladar-menores-ilegales-separados-de-sus-padres\/#breadcrumb\",\"itemListElement\":[{\"@type\":\"ListItem\",\"position\":1,\"name\":\"Portada\",\"item\":\"https:\/\/www.sonoraenequipo.com.mx\/\"},{\"@type\":\"ListItem\",\"position\":2,\"name\":\"Rev\u00e9s a Trump, rechazan tres aerol\u00edneas de EUA trasladar menores ilegales separados de sus padres\"}]},{\"@type\":\"WebSite\",\"@id\":\"https:\/\/www.sonoraenequipo.com.mx\/#website\",\"url\":\"https:\/\/www.sonoraenequipo.com.mx\/\",\"name\":\"Sonora en Equipo.\",\"description\":\"Diario en l\u00ednea con Noticias desde Hermosillo, Sonora\",\"publisher\":{\"@id\":\"https:\/\/www.sonoraenequipo.com.mx\/#organization\"},\"potentialAction\":[{\"@type\":\"SearchAction\",\"target\":{\"@type\":\"EntryPoint\",\"urlTemplate\":\"https:\/\/www.sonoraenequipo.com.mx\/?s={search_term_string}\"},\"query-input\":{\"@type\":\"PropertyValueSpecification\",\"valueRequired\":true,\"valueName\":\"search_term_string\"}}],\"inLanguage\":\"es\"},{\"@type\":\"Organization\",\"@id\":\"https:\/\/www.sonoraenequipo.com.mx\/#organization\",\"name\":\"Sonoraenequipo.com.mx\",\"url\":\"https:\/\/www.sonoraenequipo.com.mx\/\",\"logo\":{\"@type\":\"ImageObject\",\"inLanguage\":\"es\",\"@id\":\"https:\/\/www.sonoraenequipo.com.mx\/#\/schema\/logo\/image\/\",\"url\":\"https:\/\/www.sonoraenequipo.com.mx\/storage\/2019\/01\/sonoraenequipo_opt.png\",\"contentUrl\":\"https:\/\/www.sonoraenequipo.com.mx\/storage\/2019\/01\/sonoraenequipo_opt.png\",\"width\":375,\"height\":125,\"caption\":\"Sonoraenequipo.com.mx\"},\"image\":{\"@id\":\"https:\/\/www.sonoraenequipo.com.mx\/#\/schema\/logo\/image\/\"},\"sameAs\":[\"https:\/\/www.facebook.com\/SonoraEE\/\",\"https:\/\/x.com\/sonoraenequipo\",\"https:\/\/www.youtube.com\/channel\/UC338nW-lPEYmJQs4ZABQ1SQ\"]},{\"@type\":\"Person\",\"@id\":\"https:\/\/www.sonoraenequipo.com.mx\/#\/schema\/person\/50102df0fb23a8fa9e8effad8fa81386\",\"name\":\"enequipo\",\"image\":{\"@type\":\"ImageObject\",\"inLanguage\":\"es\",\"@id\":\"https:\/\/www.sonoraenequipo.com.mx\/#\/schema\/person\/image\/\",\"url\":\"https:\/\/secure.gravatar.com\/avatar\/049821681b589dabc0bc20695993ccebb09f5b5d4d790cd9251b97faac7c652b?s=96&d=blank&r=g\",\"contentUrl\":\"https:\/\/secure.gravatar.com\/avatar\/049821681b589dabc0bc20695993ccebb09f5b5d4d790cd9251b97faac7c652b?s=96&d=blank&r=g\",\"caption\":\"enequipo\"},\"sameAs\":[\"https:\/\/www.facebook.com\/SonoraEE\"]}]}<\/script>\n ","yoast_head_json":{"title":"Sonora en Equipo. Rev\u00e9s a Trump, rechazan tres aerol\u00edneas de EUA trasladar menores ilegales separados de sus padres MUNDO","description":"ESTADOS UNIDOS. \u2014 Tres de las principales aerol\u00edneas estadounidenses, United, American Airlines y Frontier, anunciaron hoy que no transportar\u00e1n a menores En Sonora en Equipo publicamos toda la informaci\u00f3n de Sonora, M\u00e9xico y el Mundo de manera oportuna y busca que la libertad de expresi\u00f3n sea real. Visita nuestro medio informativo publicado desde Hermosillo, Sonora. %","robots":{"index":"index","follow":"follow","max-snippet":"max-snippet:-1","max-image-preview":"max-image-preview:large","max-video-preview":"max-video-preview:-1"},"canonical":"https:\/\/www.sonoraenequipo.com.mx\/reves-a-trump-rechazan-tres-aerolineas-de-eua-trasladar-menores-ilegales-separados-de-sus-padres\/","og_locale":"es_ES","og_type":"article","og_title":"Sonora en Equipo. Rev\u00e9s a Trump, rechazan tres aerol\u00edneas de EUA trasladar menores ilegales separados de sus padres MUNDO","og_description":"ESTADOS UNIDOS. \u2014 Tres de las principales aerol\u00edneas estadounidenses, United, American Airlines y Frontier, anunciaron hoy que no transportar\u00e1n a menores En Sonora en Equipo publicamos toda la informaci\u00f3n de Sonora, M\u00e9xico y el Mundo de manera oportuna y busca que la libertad de expresi\u00f3n sea real. Visita nuestro medio informativo publicado desde Hermosillo, Sonora. %","og_url":"https:\/\/www.sonoraenequipo.com.mx\/reves-a-trump-rechazan-tres-aerolineas-de-eua-trasladar-menores-ilegales-separados-de-sus-padres\/","og_site_name":"Sonora en Equipo.","article_publisher":"https:\/\/www.facebook.com\/SonoraEE\/","article_author":"https:\/\/www.facebook.com\/SonoraEE","article_published_time":"2018-06-20T16:50:34+00:00","article_modified_time":"2018-06-21T05:46:15+00:00","og_image":[{"width":709,"height":400,"url":"https:\/\/www.sonoraenequipo.com.mx\/storage\/2018\/06\/american_airlines_opt.jpg","type":"image\/jpeg"}],"author":"enequipo","twitter_card":"summary_large_image","twitter_creator":"@sonoraenequipo","twitter_site":"@sonoraenequipo","twitter_misc":{"Escrito por":"enequipo","Tiempo de lectura":"2 minutos"},"schema":{"@context":"https:\/\/schema.org","@graph":[{"@type":"Article","@id":"https:\/\/www.sonoraenequipo.com.mx\/reves-a-trump-rechazan-tres-aerolineas-de-eua-trasladar-menores-ilegales-separados-de-sus-padres\/#article","isPartOf":{"@id":"https:\/\/www.sonoraenequipo.com.mx\/reves-a-trump-rechazan-tres-aerolineas-de-eua-trasladar-menores-ilegales-separados-de-sus-padres\/"},"author":{"name":"enequipo","@id":"https:\/\/www.sonoraenequipo.com.mx\/#\/schema\/person\/50102df0fb23a8fa9e8effad8fa81386"},"headline":"Rev\u00e9s a Trump, rechazan tres aerol\u00edneas de EUA trasladar menores ilegales separados de sus padres","datePublished":"2018-06-20T16:50:34+00:00","dateModified":"2018-06-21T05:46:15+00:00","mainEntityOfPage":{"@id":"https:\/\/www.sonoraenequipo.com.mx\/reves-a-trump-rechazan-tres-aerolineas-de-eua-trasladar-menores-ilegales-separados-de-sus-padres\/"},"wordCount":335,"commentCount":0,"publisher":{"@id":"https:\/\/www.sonoraenequipo.com.mx\/#organization"},"image":{"@id":"https:\/\/www.sonoraenequipo.com.mx\/reves-a-trump-rechazan-tres-aerolineas-de-eua-trasladar-menores-ilegales-separados-de-sus-padres\/#primaryimage"},"thumbnailUrl":"https:\/\/www.sonoraenequipo.com.mx\/storage\/2018\/06\/american_airlines_opt.jpg","articleSection":["MUNDO","Sin categorizar"],"inLanguage":"es","potentialAction":[{"@type":"CommentAction","name":"Comment","target":["https:\/\/www.sonoraenequipo.com.mx\/reves-a-trump-rechazan-tres-aerolineas-de-eua-trasladar-menores-ilegales-separados-de-sus-padres\/#respond"]}]},{"@type":"WebPage","@id":"https:\/\/www.sonoraenequipo.com.mx\/reves-a-trump-rechazan-tres-aerolineas-de-eua-trasladar-menores-ilegales-separados-de-sus-padres\/","url":"https:\/\/www.sonoraenequipo.com.mx\/reves-a-trump-rechazan-tres-aerolineas-de-eua-trasladar-menores-ilegales-separados-de-sus-padres\/","name":"Sonora en Equipo. Rev\u00e9s a Trump, rechazan tres aerol\u00edneas de EUA trasladar menores ilegales separados de sus padres MUNDO","isPartOf":{"@id":"https:\/\/www.sonoraenequipo.com.mx\/#website"},"primaryImageOfPage":{"@id":"https:\/\/www.sonoraenequipo.com.mx\/reves-a-trump-rechazan-tres-aerolineas-de-eua-trasladar-menores-ilegales-separados-de-sus-padres\/#primaryimage"},"image":{"@id":"https:\/\/www.sonoraenequipo.com.mx\/reves-a-trump-rechazan-tres-aerolineas-de-eua-trasladar-menores-ilegales-separados-de-sus-padres\/#primaryimage"},"thumbnailUrl":"https:\/\/www.sonoraenequipo.com.mx\/storage\/2018\/06\/american_airlines_opt.jpg","datePublished":"2018-06-20T16:50:34+00:00","dateModified":"2018-06-21T05:46:15+00:00","description":"ESTADOS UNIDOS. \u2014 Tres de las principales aerol\u00edneas estadounidenses, United, American Airlines y Frontier, anunciaron hoy que no transportar\u00e1n a menores En Sonora en Equipo publicamos toda la informaci\u00f3n de Sonora, M\u00e9xico y el Mundo de manera oportuna y busca que la libertad de expresi\u00f3n sea real. Visita nuestro medio informativo publicado desde Hermosillo, Sonora. %","breadcrumb":{"@id":"https:\/\/www.sonoraenequipo.com.mx\/reves-a-trump-rechazan-tres-aerolineas-de-eua-trasladar-menores-ilegales-separados-de-sus-padres\/#breadcrumb"},"inLanguage":"es","potentialAction":[{"@type":"ReadAction","target":["https:\/\/www.sonoraenequipo.com.mx\/reves-a-trump-rechazan-tres-aerolineas-de-eua-trasladar-menores-ilegales-separados-de-sus-padres\/"]}]},{"@type":"ImageObject","inLanguage":"es","@id":"https:\/\/www.sonoraenequipo.com.mx\/reves-a-trump-rechazan-tres-aerolineas-de-eua-trasladar-menores-ilegales-separados-de-sus-padres\/#primaryimage","url":"https:\/\/www.sonoraenequipo.com.mx\/storage\/2018\/06\/american_airlines_opt.jpg","contentUrl":"https:\/\/www.sonoraenequipo.com.mx\/storage\/2018\/06\/american_airlines_opt.jpg","width":709,"height":400,"caption":"An American Airlines passenger jet plane, a Embraer ERJ-190 model, approaches Logan Airport in Boston, Thursday, May 24, 2018. (AP Photo\/Charles Krupa)"},{"@type":"BreadcrumbList","@id":"https:\/\/www.sonoraenequipo.com.mx\/reves-a-trump-rechazan-tres-aerolineas-de-eua-trasladar-menores-ilegales-separados-de-sus-padres\/#breadcrumb","itemListElement":[{"@type":"ListItem","position":1,"name":"Portada","item":"https:\/\/www.sonoraenequipo.com.mx\/"},{"@type":"ListItem","position":2,"name":"Rev\u00e9s a Trump, rechazan tres aerol\u00edneas de EUA trasladar menores ilegales separados de sus padres"}]},{"@type":"WebSite","@id":"https:\/\/www.sonoraenequipo.com.mx\/#website","url":"https:\/\/www.sonoraenequipo.com.mx\/","name":"Sonora en Equipo.","description":"Diario en l\u00ednea con Noticias desde Hermosillo, Sonora","publisher":{"@id":"https:\/\/www.sonoraenequipo.com.mx\/#organization"},"potentialAction":[{"@type":"SearchAction","target":{"@type":"EntryPoint","urlTemplate":"https:\/\/www.sonoraenequipo.com.mx\/?s={search_term_string}"},"query-input":{"@type":"PropertyValueSpecification","valueRequired":true,"valueName":"search_term_string"}}],"inLanguage":"es"},{"@type":"Organization","@id":"https:\/\/www.sonoraenequipo.com.mx\/#organization","name":"Sonoraenequipo.com.mx","url":"https:\/\/www.sonoraenequipo.com.mx\/","logo":{"@type":"ImageObject","inLanguage":"es","@id":"https:\/\/www.sonoraenequipo.com.mx\/#\/schema\/logo\/image\/","url":"https:\/\/www.sonoraenequipo.com.mx\/storage\/2019\/01\/sonoraenequipo_opt.png","contentUrl":"https:\/\/www.sonoraenequipo.com.mx\/storage\/2019\/01\/sonoraenequipo_opt.png","width":375,"height":125,"caption":"Sonoraenequipo.com.mx"},"image":{"@id":"https:\/\/www.sonoraenequipo.com.mx\/#\/schema\/logo\/image\/"},"sameAs":["https:\/\/www.facebook.com\/SonoraEE\/","https:\/\/x.com\/sonoraenequipo","https:\/\/www.youtube.com\/channel\/UC338nW-lPEYmJQs4ZABQ1SQ"]},{"@type":"Person","@id":"https:\/\/www.sonoraenequipo.com.mx\/#\/schema\/person\/50102df0fb23a8fa9e8effad8fa81386","name":"enequipo","image":{"@type":"ImageObject","inLanguage":"es","@id":"https:\/\/www.sonoraenequipo.com.mx\/#\/schema\/person\/image\/","url":"https:\/\/secure.gravatar.com\/avatar\/049821681b589dabc0bc20695993ccebb09f5b5d4d790cd9251b97faac7c652b?s=96&d=blank&r=g","contentUrl":"https:\/\/secure.gravatar.com\/avatar\/049821681b589dabc0bc20695993ccebb09f5b5d4d790cd9251b97faac7c652b?s=96&d=blank&r=g","caption":"enequipo"},"sameAs":["https:\/\/www.facebook.com\/SonoraEE"]}]}},"jetpack_featured_media_url":"https:\/\/www.sonoraenequipo.com.mx\/storage\/2018\/06\/american_airlines_opt.jpg","_links":{"self":[{"href":"https:\/\/www.sonoraenequipo.com.mx\/api\/wp\/v2\/posts\/39343","targetHints":{"allow":["GET"]}}],"collection":[{"href":"https:\/\/www.sonoraenequipo.com.mx\/api\/wp\/v2\/posts"}],"about":[{"href":"https:\/\/www.sonoraenequipo.com.mx\/api\/wp\/v2\/types\/post"}],"author":[{"embeddable":true,"href":"https:\/\/www.sonoraenequipo.com.mx\/api\/wp\/v2\/users\/1"}],"replies":[{"embeddable":true,"href":"https:\/\/www.sonoraenequipo.com.mx\/api\/wp\/v2\/comments?post=39343"}],"version-history":[{"count":0,"href":"https:\/\/www.sonoraenequipo.com.mx\/api\/wp\/v2\/posts\/39343\/revisions"}],"wp:featuredmedia":[{"embeddable":true,"href":"https:\/\/www.sonoraenequipo.com.mx\/api\/wp\/v2\/media\/39344"}],"wp:attachment":[{"href":"https:\/\/www.sonoraenequipo.com.mx\/api\/wp\/v2\/media?parent=39343"}],"wp:term":[{"taxonomy":"category","embeddable":true,"href":"https:\/\/www.sonoraenequipo.com.mx\/api\/wp\/v2\/categories?post=39343"},{"taxonomy":"post_tag","embeddable":true,"href":"https:\/\/www.sonoraenequipo.com.mx\/api\/wp\/v2\/tags?post=39343"}],"curies":[{"name":"wp","href":"https:\/\/api.w.org\/{rel}","templated":true}]}}