{"id":39364,"date":"2018-06-21T15:00:38","date_gmt":"2018-06-21T22:00:38","guid":{"rendered":"http:\/\/www.sonoraenequipo.com.mx\/?p=39364"},"modified":"2018-06-21T18:44:31","modified_gmt":"2018-06-22T01:44:31","slug":"presenta-sec-calendario-escolar-2018-2019","status":"publish","type":"post","link":"https:\/\/www.sonoraenequipo.com.mx\/presenta-sec-calendario-escolar-2018-2019\/","title":{"rendered":"Presenta SEC Calendario Escolar 2018-2019"},"content":{"rendered":"<p>HERMOSILLO, SONORA. MX. \u2014 Para que padres de familia, maestros y alumnos conozcan el inicio de clases, actividades, d\u00edas h\u00e1biles e inh\u00e1biles del pr\u00f3ximo ciclo escolar, el Encargado de Despacho de la Secretar\u00eda de Educaci\u00f3n y Cultura, V\u00edctor Guerrero Gonz\u00e1lez, present\u00f3 el Calendario Escolar 2018-2019.<\/p>\n<p> <\/p>\n<p>Destac\u00f3 que el inicio de cursos del pr\u00f3ximo Ciclo Escolar ser\u00e1 el lunes 20 de agosto de 2018 y concluir\u00e1 el martes 25 de junio de 2019; constar\u00e1 de 185 d\u00edas h\u00e1biles, con ajustes preautorizados, en concordancia con el \u201cOptativo\u201d propuesto por la SEP.<\/p>\n<p><em>\u201cEste documento fue publicado el d\u00eda de hoy en el Bolet\u00edn Oficial del Estado de Sonora por lo cual adquiere vigencia y obligatoriedad para todas las escuelas de Educaci\u00f3n B\u00e1sica p\u00fablicas y particulares incorporadas en el estado de Sonora\u201d,<\/em> indic\u00f3.<\/p>\n<p>Guerrero Gonz\u00e1lez subray\u00f3 que este Calendario Escolar fue de com\u00fan acuerdo con los docentes y directivos de la estructura educativa en la entidad, en el S\u00e9ptimo Consejo T\u00e9cnico Escolar, celebrado el viernes 25 de mayo de 2018.<\/p>\n<p>Establece con claridad los tres periodos vacacionales y los d\u00edas de suspensi\u00f3n de labores por conmemoraci\u00f3n de fechas hist\u00f3ricas y tradicionales en el pa\u00eds; se\u00f1ala los d\u00edas destinados para la celebraci\u00f3n de los ocho consejos t\u00e9cnicos escolares en el Ciclo Escolar y el periodo de inscripciones anticipadas.<\/p>\n<p><em>\u201cCon esta anticipaci\u00f3n estamos cumpliendo al informar oportunamente a los padres de familias, a las madres de familia, a los tutores, a toda la comunidad escolar, a los maestros, a nuestros alumnos informarlos oportunamente del Calendario Escolar para el pr\u00f3ximo ciclo escolar y que puedan organizar sus actividades conforme a lo que se se\u00f1ala en el mismo\u201d,<\/em> asegur\u00f3.<\/p>\n<p>El Encargado de Despacho de la SEC record\u00f3 que Sonora es la \u00fanica entidad del pa\u00eds que implementa un horario especial en todas las escuelas de Educaci\u00f3n B\u00e1sica, adelantando media hora la entrada y la salida de clases, para aminorar los efectos de las altas temperaturas en perjuicio de los alumnos durante el verano.<\/p>\n<p><strong>Ciclo Escolar 2018-2019:<\/strong><\/p>\n<p><strong>Inicio de cursos:<\/strong><br \/>\n20 de agosto de 2018<br \/>\n<strong><br \/>\nHorario de invierno:<\/strong><br \/>\n3 de diciembre de 2018 al 28 de febrero de 2019<br \/>\n<strong><br \/>\nPeriodo vacacional de invierno:<\/strong><br \/>\n20 de diciembre de 2018 al 4 de enero de 2019<\/p>\n<p><strong>Periodo vacacional de primavera:<\/strong><br \/>\n15 al 26 de abril de 2019<\/p>\n<p><strong>Inscripciones anticipadas ciclo 2019-2020:<\/strong><br \/>\n1 al 15 de febrero de 2019<\/p>\n<p><strong>Fin de cursos:<\/strong><br \/>\n25 de junio de 2019<\/p>\n<p><strong>D\u00edas festivos y tradicionales:<\/strong><\/p>\n<p><strong>16 de septiembre,<\/strong> Aniversario del inicio de la Independencia de M\u00e9xico<\/p>\n<p><strong>2 de noviembre, D\u00eda de Muertos<\/strong> (celebraci\u00f3n tradicional)<\/p>\n<p><strong>19 de noviembre<\/strong>, en conmemoraci\u00f3n del 20 de noviembre, Aniversario del inicio de la Revoluci\u00f3n Mexicana<\/p>\n<p><strong>4 de febrero<\/strong>, en conmemoraci\u00f3n del 5 de febrero, Aniversario de la promulgaci\u00f3n de la Constituci\u00f3n Pol\u00edtica de los Estados Unidos Mexicanos<\/p>\n<p><strong>18 de marzo,<\/strong> en conmemoraci\u00f3n del 21 de marzo, Aniversario del natalicio de Benito Ju\u00e1rez<\/p>\n<p><strong>1 de mayo,<\/strong> D\u00eda del Trabajo<\/p>\n<p><strong>5 de mayo,<\/strong> Aniversario de la Batalla de Puebla<\/p>\n<p><strong>10 de mayo,<\/strong> D\u00eda de las Madres (celebraci\u00f3n tradicional)<\/p>\n<p><strong>15 de mayo,<\/strong> D\u00eda del Maestro<\/p>\n<p>(Fecha de publicaci\u00f3n 21062018)<\/p>\n","protected":false},"excerpt":{"rendered":"<p>HERMOSILLO, SONORA. MX. \u2014 Para que padres de familia, maestros y alumnos conozcan el inicio&#8230;<\/p>\n","protected":false},"author":1,"featured_media":39361,"comment_status":"open","ping_status":"open","sticky":false,"template":"","format":"standard","meta":{"_monsterinsights_skip_tracking":false,"_monsterinsights_sitenote_active":false,"_monsterinsights_sitenote_note":"","_monsterinsights_sitenote_category":0,"footnotes":""},"categories":[13,22],"tags":[],"class_list":["post"],"yoast_head":" \n<title>Sonora en Equipo. Presenta SEC Calendario Escolar 2018-2019 Destacadas<\/title>\n<meta name=\"description\" content=\"HERMOSILLO, SONORA. MX. \u2014 Para que padres de familia, maestros y alumnos conozcan el inicio de clases, actividades, d\u00edas h\u00e1biles e inh\u00e1biles del pr\u00f3ximo En Sonora en Equipo publicamos toda la informaci\u00f3n de Sonora, M\u00e9xico y el Mundo de manera oportuna y busca que la libertad de expresi\u00f3n sea real. Visita nuestro medio informativo publicado desde Hermosillo, Sonora. %\" \/>\n<meta name=\"robots\" content=\"index, follow, max-snippet:-1, max-image-preview:large, max-video-preview:-1\" \/>\n<link rel=\"canonical\" href=\"https:\/\/www.sonoraenequipo.com.mx\/presenta-sec-calendario-escolar-2018-2019\/\" \/>\n<meta property=\"og:locale\" content=\"es_ES\" \/>\n<meta property=\"og:type\" content=\"article\" \/>\n<meta property=\"og:title\" content=\"Sonora en Equipo. Presenta SEC Calendario Escolar 2018-2019 Destacadas\" \/>\n<meta property=\"og:description\" content=\"HERMOSILLO, SONORA. MX. \u2014 Para que padres de familia, maestros y alumnos conozcan el inicio de clases, actividades, d\u00edas h\u00e1biles e inh\u00e1biles del pr\u00f3ximo En Sonora en Equipo publicamos toda la informaci\u00f3n de Sonora, M\u00e9xico y el Mundo de manera oportuna y busca que la libertad de expresi\u00f3n sea real. Visita nuestro medio informativo publicado desde Hermosillo, Sonora. %\" \/>\n<meta property=\"og:url\" content=\"https:\/\/www.sonoraenequipo.com.mx\/presenta-sec-calendario-escolar-2018-2019\/\" \/>\n<meta property=\"og:site_name\" content=\"Sonora en Equipo.\" \/>\n<meta property=\"article:publisher\" content=\"https:\/\/www.facebook.com\/SonoraEE\/\" \/>\n<meta property=\"article:author\" content=\"https:\/\/www.facebook.com\/SonoraEE\" \/>\n<meta property=\"article:published_time\" content=\"2018-06-21T22:00:38+00:00\" \/>\n<meta property=\"article:modified_time\" content=\"2018-06-22T01:44:31+00:00\" \/>\n<meta property=\"og:image\" content=\"https:\/\/www.sonoraenequipo.com.mx\/storage\/2018\/06\/sec_calendario_opt.jpg\" \/>\n\t<meta property=\"og:image:width\" content=\"600\" \/>\n\t<meta property=\"og:image:height\" content=\"400\" \/>\n\t<meta property=\"og:image:type\" content=\"image\/jpeg\" \/>\n<meta name=\"author\" content=\"enequipo\" \/>\n<meta name=\"twitter:card\" content=\"summary_large_image\" \/>\n<meta name=\"twitter:creator\" content=\"@sonoraenequipo\" \/>\n<meta name=\"twitter:site\" content=\"@sonoraenequipo\" \/>\n<meta name=\"twitter:label1\" content=\"Escrito por\" \/>\n\t<meta name=\"twitter:data1\" content=\"enequipo\" \/>\n\t<meta name=\"twitter:label2\" content=\"Tiempo de lectura\" \/>\n\t<meta name=\"twitter:data2\" content=\"3 minutos\" \/>\n<script type=\"application\/ld+json\" class=\"yoast-schema-graph\">{\"@context\":\"https:\/\/schema.org\",\"@graph\":[{\"@type\":\"Article\",\"@id\":\"https:\/\/www.sonoraenequipo.com.mx\/presenta-sec-calendario-escolar-2018-2019\/#article\",\"isPartOf\":{\"@id\":\"https:\/\/www.sonoraenequipo.com.mx\/presenta-sec-calendario-escolar-2018-2019\/\"},\"author\":{\"name\":\"enequipo\",\"@id\":\"https:\/\/www.sonoraenequipo.com.mx\/#\/schema\/person\/50102df0fb23a8fa9e8effad8fa81386\"},\"headline\":\"Presenta SEC Calendario Escolar 2018-2019\",\"datePublished\":\"2018-06-21T22:00:38+00:00\",\"dateModified\":\"2018-06-22T01:44:31+00:00\",\"mainEntityOfPage\":{\"@id\":\"https:\/\/www.sonoraenequipo.com.mx\/presenta-sec-calendario-escolar-2018-2019\/\"},\"wordCount\":523,\"commentCount\":0,\"publisher\":{\"@id\":\"https:\/\/www.sonoraenequipo.com.mx\/#organization\"},\"image\":{\"@id\":\"https:\/\/www.sonoraenequipo.com.mx\/presenta-sec-calendario-escolar-2018-2019\/#primaryimage\"},\"thumbnailUrl\":\"https:\/\/www.sonoraenequipo.com.mx\/storage\/2018\/06\/sec_calendario_opt.jpg\",\"articleSection\":[\"Destacadas\",\"Sonora\"],\"inLanguage\":\"es\",\"potentialAction\":[{\"@type\":\"CommentAction\",\"name\":\"Comment\",\"target\":[\"https:\/\/www.sonoraenequipo.com.mx\/presenta-sec-calendario-escolar-2018-2019\/#respond\"]}]},{\"@type\":\"WebPage\",\"@id\":\"https:\/\/www.sonoraenequipo.com.mx\/presenta-sec-calendario-escolar-2018-2019\/\",\"url\":\"https:\/\/www.sonoraenequipo.com.mx\/presenta-sec-calendario-escolar-2018-2019\/\",\"name\":\"Sonora en Equipo. Presenta SEC Calendario Escolar 2018-2019 Destacadas\",\"isPartOf\":{\"@id\":\"https:\/\/www.sonoraenequipo.com.mx\/#website\"},\"primaryImageOfPage\":{\"@id\":\"https:\/\/www.sonoraenequipo.com.mx\/presenta-sec-calendario-escolar-2018-2019\/#primaryimage\"},\"image\":{\"@id\":\"https:\/\/www.sonoraenequipo.com.mx\/presenta-sec-calendario-escolar-2018-2019\/#primaryimage\"},\"thumbnailUrl\":\"https:\/\/www.sonoraenequipo.com.mx\/storage\/2018\/06\/sec_calendario_opt.jpg\",\"datePublished\":\"2018-06-21T22:00:38+00:00\",\"dateModified\":\"2018-06-22T01:44:31+00:00\",\"description\":\"HERMOSILLO, SONORA. MX. \u2014 Para que padres de familia, maestros y alumnos conozcan el inicio de clases, actividades, d\u00edas h\u00e1biles e inh\u00e1biles del pr\u00f3ximo En Sonora en Equipo publicamos toda la informaci\u00f3n de Sonora, M\u00e9xico y el Mundo de manera oportuna y busca que la libertad de expresi\u00f3n sea real. Visita nuestro medio informativo publicado desde Hermosillo, Sonora. %\",\"breadcrumb\":{\"@id\":\"https:\/\/www.sonoraenequipo.com.mx\/presenta-sec-calendario-escolar-2018-2019\/#breadcrumb\"},\"inLanguage\":\"es\",\"potentialAction\":[{\"@type\":\"ReadAction\",\"target\":[\"https:\/\/www.sonoraenequipo.com.mx\/presenta-sec-calendario-escolar-2018-2019\/\"]}]},{\"@type\":\"ImageObject\",\"inLanguage\":\"es\",\"@id\":\"https:\/\/www.sonoraenequipo.com.mx\/presenta-sec-calendario-escolar-2018-2019\/#primaryimage\",\"url\":\"https:\/\/www.sonoraenequipo.com.mx\/storage\/2018\/06\/sec_calendario_opt.jpg\",\"contentUrl\":\"https:\/\/www.sonoraenequipo.com.mx\/storage\/2018\/06\/sec_calendario_opt.jpg\",\"width\":600,\"height\":400},{\"@type\":\"BreadcrumbList\",\"@id\":\"https:\/\/www.sonoraenequipo.com.mx\/presenta-sec-calendario-escolar-2018-2019\/#breadcrumb\",\"itemListElement\":[{\"@type\":\"ListItem\",\"position\":1,\"name\":\"Portada\",\"item\":\"https:\/\/www.sonoraenequipo.com.mx\/\"},{\"@type\":\"ListItem\",\"position\":2,\"name\":\"Presenta SEC Calendario Escolar 2018-2019\"}]},{\"@type\":\"WebSite\",\"@id\":\"https:\/\/www.sonoraenequipo.com.mx\/#website\",\"url\":\"https:\/\/www.sonoraenequipo.com.mx\/\",\"name\":\"Sonora en Equipo.\",\"description\":\"Diario en l\u00ednea con Noticias desde Hermosillo, Sonora\",\"publisher\":{\"@id\":\"https:\/\/www.sonoraenequipo.com.mx\/#organization\"},\"potentialAction\":[{\"@type\":\"SearchAction\",\"target\":{\"@type\":\"EntryPoint\",\"urlTemplate\":\"https:\/\/www.sonoraenequipo.com.mx\/?s={search_term_string}\"},\"query-input\":{\"@type\":\"PropertyValueSpecification\",\"valueRequired\":true,\"valueName\":\"search_term_string\"}}],\"inLanguage\":\"es\"},{\"@type\":\"Organization\",\"@id\":\"https:\/\/www.sonoraenequipo.com.mx\/#organization\",\"name\":\"Sonoraenequipo.com.mx\",\"url\":\"https:\/\/www.sonoraenequipo.com.mx\/\",\"logo\":{\"@type\":\"ImageObject\",\"inLanguage\":\"es\",\"@id\":\"https:\/\/www.sonoraenequipo.com.mx\/#\/schema\/logo\/image\/\",\"url\":\"https:\/\/www.sonoraenequipo.com.mx\/storage\/2019\/01\/sonoraenequipo_opt.png\",\"contentUrl\":\"https:\/\/www.sonoraenequipo.com.mx\/storage\/2019\/01\/sonoraenequipo_opt.png\",\"width\":375,\"height\":125,\"caption\":\"Sonoraenequipo.com.mx\"},\"image\":{\"@id\":\"https:\/\/www.sonoraenequipo.com.mx\/#\/schema\/logo\/image\/\"},\"sameAs\":[\"https:\/\/www.facebook.com\/SonoraEE\/\",\"https:\/\/x.com\/sonoraenequipo\",\"https:\/\/www.youtube.com\/channel\/UC338nW-lPEYmJQs4ZABQ1SQ\"]},{\"@type\":\"Person\",\"@id\":\"https:\/\/www.sonoraenequipo.com.mx\/#\/schema\/person\/50102df0fb23a8fa9e8effad8fa81386\",\"name\":\"enequipo\",\"image\":{\"@type\":\"ImageObject\",\"inLanguage\":\"es\",\"@id\":\"https:\/\/www.sonoraenequipo.com.mx\/#\/schema\/person\/image\/\",\"url\":\"https:\/\/secure.gravatar.com\/avatar\/049821681b589dabc0bc20695993ccebb09f5b5d4d790cd9251b97faac7c652b?s=96&d=blank&r=g\",\"contentUrl\":\"https:\/\/secure.gravatar.com\/avatar\/049821681b589dabc0bc20695993ccebb09f5b5d4d790cd9251b97faac7c652b?s=96&d=blank&r=g\",\"caption\":\"enequipo\"},\"sameAs\":[\"https:\/\/www.facebook.com\/SonoraEE\"]}]}<\/script>\n ","yoast_head_json":{"title":"Sonora en Equipo. Presenta SEC Calendario Escolar 2018-2019 Destacadas","description":"HERMOSILLO, SONORA. MX. \u2014 Para que padres de familia, maestros y alumnos conozcan el inicio de clases, actividades, d\u00edas h\u00e1biles e inh\u00e1biles del pr\u00f3ximo En Sonora en Equipo publicamos toda la informaci\u00f3n de Sonora, M\u00e9xico y el Mundo de manera oportuna y busca que la libertad de expresi\u00f3n sea real. Visita nuestro medio informativo publicado desde Hermosillo, Sonora. %","robots":{"index":"index","follow":"follow","max-snippet":"max-snippet:-1","max-image-preview":"max-image-preview:large","max-video-preview":"max-video-preview:-1"},"canonical":"https:\/\/www.sonoraenequipo.com.mx\/presenta-sec-calendario-escolar-2018-2019\/","og_locale":"es_ES","og_type":"article","og_title":"Sonora en Equipo. Presenta SEC Calendario Escolar 2018-2019 Destacadas","og_description":"HERMOSILLO, SONORA. MX. \u2014 Para que padres de familia, maestros y alumnos conozcan el inicio de clases, actividades, d\u00edas h\u00e1biles e inh\u00e1biles del pr\u00f3ximo En Sonora en Equipo publicamos toda la informaci\u00f3n de Sonora, M\u00e9xico y el Mundo de manera oportuna y busca que la libertad de expresi\u00f3n sea real. Visita nuestro medio informativo publicado desde Hermosillo, Sonora. %","og_url":"https:\/\/www.sonoraenequipo.com.mx\/presenta-sec-calendario-escolar-2018-2019\/","og_site_name":"Sonora en Equipo.","article_publisher":"https:\/\/www.facebook.com\/SonoraEE\/","article_author":"https:\/\/www.facebook.com\/SonoraEE","article_published_time":"2018-06-21T22:00:38+00:00","article_modified_time":"2018-06-22T01:44:31+00:00","og_image":[{"width":600,"height":400,"url":"https:\/\/www.sonoraenequipo.com.mx\/storage\/2018\/06\/sec_calendario_opt.jpg","type":"image\/jpeg"}],"author":"enequipo","twitter_card":"summary_large_image","twitter_creator":"@sonoraenequipo","twitter_site":"@sonoraenequipo","twitter_misc":{"Escrito por":"enequipo","Tiempo de lectura":"3 minutos"},"schema":{"@context":"https:\/\/schema.org","@graph":[{"@type":"Article","@id":"https:\/\/www.sonoraenequipo.com.mx\/presenta-sec-calendario-escolar-2018-2019\/#article","isPartOf":{"@id":"https:\/\/www.sonoraenequipo.com.mx\/presenta-sec-calendario-escolar-2018-2019\/"},"author":{"name":"enequipo","@id":"https:\/\/www.sonoraenequipo.com.mx\/#\/schema\/person\/50102df0fb23a8fa9e8effad8fa81386"},"headline":"Presenta SEC Calendario Escolar 2018-2019","datePublished":"2018-06-21T22:00:38+00:00","dateModified":"2018-06-22T01:44:31+00:00","mainEntityOfPage":{"@id":"https:\/\/www.sonoraenequipo.com.mx\/presenta-sec-calendario-escolar-2018-2019\/"},"wordCount":523,"commentCount":0,"publisher":{"@id":"https:\/\/www.sonoraenequipo.com.mx\/#organization"},"image":{"@id":"https:\/\/www.sonoraenequipo.com.mx\/presenta-sec-calendario-escolar-2018-2019\/#primaryimage"},"thumbnailUrl":"https:\/\/www.sonoraenequipo.com.mx\/storage\/2018\/06\/sec_calendario_opt.jpg","articleSection":["Destacadas","Sonora"],"inLanguage":"es","potentialAction":[{"@type":"CommentAction","name":"Comment","target":["https:\/\/www.sonoraenequipo.com.mx\/presenta-sec-calendario-escolar-2018-2019\/#respond"]}]},{"@type":"WebPage","@id":"https:\/\/www.sonoraenequipo.com.mx\/presenta-sec-calendario-escolar-2018-2019\/","url":"https:\/\/www.sonoraenequipo.com.mx\/presenta-sec-calendario-escolar-2018-2019\/","name":"Sonora en Equipo. Presenta SEC Calendario Escolar 2018-2019 Destacadas","isPartOf":{"@id":"https:\/\/www.sonoraenequipo.com.mx\/#website"},"primaryImageOfPage":{"@id":"https:\/\/www.sonoraenequipo.com.mx\/presenta-sec-calendario-escolar-2018-2019\/#primaryimage"},"image":{"@id":"https:\/\/www.sonoraenequipo.com.mx\/presenta-sec-calendario-escolar-2018-2019\/#primaryimage"},"thumbnailUrl":"https:\/\/www.sonoraenequipo.com.mx\/storage\/2018\/06\/sec_calendario_opt.jpg","datePublished":"2018-06-21T22:00:38+00:00","dateModified":"2018-06-22T01:44:31+00:00","description":"HERMOSILLO, SONORA. MX. \u2014 Para que padres de familia, maestros y alumnos conozcan el inicio de clases, actividades, d\u00edas h\u00e1biles e inh\u00e1biles del pr\u00f3ximo En Sonora en Equipo publicamos toda la informaci\u00f3n de Sonora, M\u00e9xico y el Mundo de manera oportuna y busca que la libertad de expresi\u00f3n sea real. Visita nuestro medio informativo publicado desde Hermosillo, Sonora. %","breadcrumb":{"@id":"https:\/\/www.sonoraenequipo.com.mx\/presenta-sec-calendario-escolar-2018-2019\/#breadcrumb"},"inLanguage":"es","potentialAction":[{"@type":"ReadAction","target":["https:\/\/www.sonoraenequipo.com.mx\/presenta-sec-calendario-escolar-2018-2019\/"]}]},{"@type":"ImageObject","inLanguage":"es","@id":"https:\/\/www.sonoraenequipo.com.mx\/presenta-sec-calendario-escolar-2018-2019\/#primaryimage","url":"https:\/\/www.sonoraenequipo.com.mx\/storage\/2018\/06\/sec_calendario_opt.jpg","contentUrl":"https:\/\/www.sonoraenequipo.com.mx\/storage\/2018\/06\/sec_calendario_opt.jpg","width":600,"height":400},{"@type":"BreadcrumbList","@id":"https:\/\/www.sonoraenequipo.com.mx\/presenta-sec-calendario-escolar-2018-2019\/#breadcrumb","itemListElement":[{"@type":"ListItem","position":1,"name":"Portada","item":"https:\/\/www.sonoraenequipo.com.mx\/"},{"@type":"ListItem","position":2,"name":"Presenta SEC Calendario Escolar 2018-2019"}]},{"@type":"WebSite","@id":"https:\/\/www.sonoraenequipo.com.mx\/#website","url":"https:\/\/www.sonoraenequipo.com.mx\/","name":"Sonora en Equipo.","description":"Diario en l\u00ednea con Noticias desde Hermosillo, Sonora","publisher":{"@id":"https:\/\/www.sonoraenequipo.com.mx\/#organization"},"potentialAction":[{"@type":"SearchAction","target":{"@type":"EntryPoint","urlTemplate":"https:\/\/www.sonoraenequipo.com.mx\/?s={search_term_string}"},"query-input":{"@type":"PropertyValueSpecification","valueRequired":true,"valueName":"search_term_string"}}],"inLanguage":"es"},{"@type":"Organization","@id":"https:\/\/www.sonoraenequipo.com.mx\/#organization","name":"Sonoraenequipo.com.mx","url":"https:\/\/www.sonoraenequipo.com.mx\/","logo":{"@type":"ImageObject","inLanguage":"es","@id":"https:\/\/www.sonoraenequipo.com.mx\/#\/schema\/logo\/image\/","url":"https:\/\/www.sonoraenequipo.com.mx\/storage\/2019\/01\/sonoraenequipo_opt.png","contentUrl":"https:\/\/www.sonoraenequipo.com.mx\/storage\/2019\/01\/sonoraenequipo_opt.png","width":375,"height":125,"caption":"Sonoraenequipo.com.mx"},"image":{"@id":"https:\/\/www.sonoraenequipo.com.mx\/#\/schema\/logo\/image\/"},"sameAs":["https:\/\/www.facebook.com\/SonoraEE\/","https:\/\/x.com\/sonoraenequipo","https:\/\/www.youtube.com\/channel\/UC338nW-lPEYmJQs4ZABQ1SQ"]},{"@type":"Person","@id":"https:\/\/www.sonoraenequipo.com.mx\/#\/schema\/person\/50102df0fb23a8fa9e8effad8fa81386","name":"enequipo","image":{"@type":"ImageObject","inLanguage":"es","@id":"https:\/\/www.sonoraenequipo.com.mx\/#\/schema\/person\/image\/","url":"https:\/\/secure.gravatar.com\/avatar\/049821681b589dabc0bc20695993ccebb09f5b5d4d790cd9251b97faac7c652b?s=96&d=blank&r=g","contentUrl":"https:\/\/secure.gravatar.com\/avatar\/049821681b589dabc0bc20695993ccebb09f5b5d4d790cd9251b97faac7c652b?s=96&d=blank&r=g","caption":"enequipo"},"sameAs":["https:\/\/www.facebook.com\/SonoraEE"]}]}},"jetpack_featured_media_url":"https:\/\/www.sonoraenequipo.com.mx\/storage\/2018\/06\/sec_calendario_opt.jpg","_links":{"self":[{"href":"https:\/\/www.sonoraenequipo.com.mx\/api\/wp\/v2\/posts\/39364","targetHints":{"allow":["GET"]}}],"collection":[{"href":"https:\/\/www.sonoraenequipo.com.mx\/api\/wp\/v2\/posts"}],"about":[{"href":"https:\/\/www.sonoraenequipo.com.mx\/api\/wp\/v2\/types\/post"}],"author":[{"embeddable":true,"href":"https:\/\/www.sonoraenequipo.com.mx\/api\/wp\/v2\/users\/1"}],"replies":[{"embeddable":true,"href":"https:\/\/www.sonoraenequipo.com.mx\/api\/wp\/v2\/comments?post=39364"}],"version-history":[{"count":0,"href":"https:\/\/www.sonoraenequipo.com.mx\/api\/wp\/v2\/posts\/39364\/revisions"}],"wp:featuredmedia":[{"embeddable":true,"href":"https:\/\/www.sonoraenequipo.com.mx\/api\/wp\/v2\/media\/39361"}],"wp:attachment":[{"href":"https:\/\/www.sonoraenequipo.com.mx\/api\/wp\/v2\/media?parent=39364"}],"wp:term":[{"taxonomy":"category","embeddable":true,"href":"https:\/\/www.sonoraenequipo.com.mx\/api\/wp\/v2\/categories?post=39364"},{"taxonomy":"post_tag","embeddable":true,"href":"https:\/\/www.sonoraenequipo.com.mx\/api\/wp\/v2\/tags?post=39364"}],"curies":[{"name":"wp","href":"https:\/\/api.w.org\/{rel}","templated":true}]}}