{"id":39366,"date":"2018-06-21T13:39:17","date_gmt":"2018-06-21T20:39:17","guid":{"rendered":"http:\/\/www.sonoraenequipo.com.mx\/?p=39366"},"modified":"2018-06-21T19:25:58","modified_gmt":"2018-06-22T02:25:58","slug":"tiene-puebla-la-menor-cantidad-de-funcionarios-publicos-por-cada-10-mil-habitantes","status":"publish","type":"post","link":"https:\/\/www.sonoraenequipo.com.mx\/tiene-puebla-la-menor-cantidad-de-funcionarios-publicos-por-cada-10-mil-habitantes\/","title":{"rendered":"Tiene Puebla la menor cantidad de funcionarios p\u00fablicos  por cada 10 mil habitantes"},"content":{"rendered":"<p>CIUDAD DE M\u00c9XICO. MX. \u2014 Las Naciones Unidas establecieron el 23 de junio como el D\u00eda para la Administraci\u00f3n P\u00fablica con el <em>\u201cobjetivo de revitalizar la administraci\u00f3n p\u00fablica creando una cultura de renovaci\u00f3n, colaboraci\u00f3n y respuesta a las necesidades de los ciudadanos\u201d,<\/em> poniendo en relieve su contribuci\u00f3n al proceso de desarrollo. El tema que en 2018 enmarca este d\u00eda es \u201cTransformar la gobernanza para alcanzar los Objetivos de Desarrollo Sostenible\u201d.<\/p>\n<p> <\/p>\n<p>En el marco de la Agenda Global para el Desarrollo 2030, los Objetivos de Desarrollo Sostenible (ODS) fueron establecidos para que los pa\u00edses adopten medidas destinadas a mejorar la calidad de vida de las generaciones futuras en condiciones de mayor igualdad de oportunidades y reconociendo la importancia de cuidar el medio ambiente.<\/p>\n<p>Por su parte, la gobernanza juega un papel clave porque ofrece elementos para transformar la forma de gobernar un pa\u00eds a partir de los principios de transparencia, participaci\u00f3n ciudadana, libertad de expresi\u00f3n, lucha contra la corrupci\u00f3n y acceso a la justicia.<\/p>\n<p>Teniendo esto en cuenta, el Instituto Nacional de Estad\u00edstica y Geograf\u00eda (INEGI) presenta informaci\u00f3n estad\u00edstica sobre algunos aspectos en que las administraciones p\u00fablicas federal y estatal en M\u00e9xico pueden contribuir a la consecuci\u00f3n de estos objetivos; en particular a lo que se refiere el Objetivo 16, el cual promueve la igualdad, la seguridad, el acceso a la justicia y, en general, la protecci\u00f3n de los derechos fundamentales a trav\u00e9s de la construcci\u00f3n de instituciones eficaces, responsables e inclusivas en todos los niveles.<\/p>\n<p>Para conocer la composici\u00f3n de las administraciones p\u00fablicas, se presenta informaci\u00f3n sobre las funciones y caracter\u00edsticas de los recursos humanos que trabajan en las instituciones p\u00fablicas federales y estatales.<\/p>\n<p>Tambi\u00e9n se ofrecen datos sobre qu\u00e9 tan satisfecha est\u00e1 la poblaci\u00f3n con algunos servicios p\u00fablicos, as\u00ed como las acciones que lleva a cabo el gobierno para garantizar el derecho de acceso a la informaci\u00f3n.<\/p>\n<p>Adicionalmente, y como un aspecto significativo de las dimensiones de gobernanza, se presentan cifras sobre la confianza de la poblaci\u00f3n en las instituciones gubernamentales.<\/p>\n<p>La informaci\u00f3n estad\u00edstica proviene de los censos nacionales de gobierno y de la Encuesta Nacional de Calidad e Impacto Gubernamental 2015 y 2017, los cuales son parte de los proyectos que el INEGI realiza en el marco del Subsistema Nacional de Informaci\u00f3n de Gobierno, Seguridad P\u00fablica e Impartici\u00f3n de Justicia.<\/p>\n<p>En 2016 las administraciones p\u00fablicas estaban integradas por 4 203 475 servidores p\u00fablicos, de los cuales 39% laboraba en el \u00e1mbito federal y 61% en las administraciones estatales.<\/p>\n<p>De acuerdo con la funci\u00f3n que desempe\u00f1aban, se observa que la mayor parte del personal estatal laboraba en instituciones educativas, ya sea de nivel b\u00e1sico, media superior o superior, las cuales concentraban 51.1% del personal; en tanto que 14.7% de los servidores p\u00fablicos estatales estaban adscritos a instituciones dedicadas a la salud, y 14.4% en instituciones de justicia, que incluye seguridad p\u00fablica, procuraci\u00f3n e impartici\u00f3n de justicia.<\/p>\n<p>En el \u00e1mbito federal, 33.1% de los servidores p\u00fablicos trabajaban en dependencias de seguridad social y 21.4% en educaci\u00f3n<\/p>\n<p>Respecto a la capacidad de atenci\u00f3n a la poblaci\u00f3n, en 2016 hab\u00eda 344 servidores p\u00fablicos por cada diez mil habitantes a nivel nacional, de los cuales 210 laboraban en las administraciones p\u00fablicas estatales y 134 en la administraci\u00f3n p\u00fablica federal (Gr\u00e1fica 2).<\/p>\n<p>A nivel estatal se encontraron diferencias significativas. Por ejemplo, en entidades como Puebla, Sinaloa y Coahuila de Zaragoza hab\u00eda menos de 100 servidores por cada diez mil habitantes.<\/p>\n<p>En estados como Tabasco, Guerrero, Colima, Nayarit, Baja California Sur, Zacatecas, Yucat\u00e1n, Durango, Hidalgo y Ciudad de M\u00e9xico hab\u00eda m\u00e1s de 300 servidores por cada diez mil habitantes.<\/p>\n<p>Los ODS buscan reducir las desigualdades en todas sus expresiones, ello incluye cerrar las brechas de participaci\u00f3n de los diferentes grupos poblacionales en las decisiones de gobierno.<\/p>\n<p>Respecto a la distribuci\u00f3n de los servidores p\u00fablicos por sexo, con excepci\u00f3n de las instituciones del \u00e1mbito de procuraci\u00f3n de justicia -tanto federal como estatal- donde la proporci\u00f3n de hombres fue mayor a la de mujeres, en general se encontr\u00f3 una distribuci\u00f3n equivalente de hombres y mujeres laborando en las administraciones p\u00fablicas (Gr\u00e1fica 3).<\/p>\n<p>Esto contrasta con la distribuci\u00f3n observada en el resto de la econom\u00eda donde el 61.8% de los trabajadores eran hombres y 38.2% mujeres. Al centrarnos en las instituciones de los gobiernos estatales se observa que en la mayor\u00eda de las entidades las mujeres representaban m\u00e1s de la mitad del personal laborando en las administraciones p\u00fablicas estatales, con excepci\u00f3n de la Ciudad de M\u00e9xico, Oaxaca y Chiapas donde alrededor de 6 de cada 10 servidores p\u00fablicos eran hombres.<\/p>\n<p>Sin embargo, al analizar la distribuci\u00f3n de los puestos de direcci\u00f3n, apenas uno de cada cuatro titulares de esas dependencias eran mujeres, y en Chiapas esta raz\u00f3n fue solo de uno de cada 10 funcionarios titulares<\/p>\n<p>(Fecha de publicaci\u00f3n 21062018)<\/p>\n","protected":false},"excerpt":{"rendered":"<p>CIUDAD DE M\u00c9XICO. MX. \u2014 Las Naciones Unidas establecieron el 23 de junio como el&#8230;<\/p>\n","protected":false},"author":1,"featured_media":39367,"comment_status":"open","ping_status":"open","sticky":false,"template":"","format":"standard","meta":{"_monsterinsights_skip_tracking":false,"_monsterinsights_sitenote_active":false,"_monsterinsights_sitenote_note":"","_monsterinsights_sitenote_category":0,"footnotes":""},"categories":[13,5],"tags":[],"class_list":["post"],"yoast_head":" \n<title>Sonora en Equipo. Tiene Puebla la menor cantidad de funcionarios p\u00fablicos por cada 10 mil habitantes Destacadas<\/title>\n<meta name=\"description\" content=\"CIUDAD DE M\u00c9XICO. MX. \u2014 Las Naciones Unidas establecieron el 23 de junio como el D\u00eda para la Administraci\u00f3n P\u00fablica con el \u201cobjetivo de revitalizar la En Sonora en Equipo publicamos toda la informaci\u00f3n de Sonora, M\u00e9xico y el Mundo de manera oportuna y busca que la libertad de expresi\u00f3n sea real. Visita nuestro medio informativo publicado desde Hermosillo, Sonora. %\" \/>\n<meta name=\"robots\" content=\"index, follow, max-snippet:-1, max-image-preview:large, max-video-preview:-1\" \/>\n<link rel=\"canonical\" href=\"https:\/\/www.sonoraenequipo.com.mx\/tiene-puebla-la-menor-cantidad-de-funcionarios-publicos-por-cada-10-mil-habitantes\/\" \/>\n<meta property=\"og:locale\" content=\"es_ES\" \/>\n<meta property=\"og:type\" content=\"article\" \/>\n<meta property=\"og:title\" content=\"Sonora en Equipo. Tiene Puebla la menor cantidad de funcionarios p\u00fablicos por cada 10 mil habitantes Destacadas\" \/>\n<meta property=\"og:description\" content=\"CIUDAD DE M\u00c9XICO. MX. \u2014 Las Naciones Unidas establecieron el 23 de junio como el D\u00eda para la Administraci\u00f3n P\u00fablica con el \u201cobjetivo de revitalizar la En Sonora en Equipo publicamos toda la informaci\u00f3n de Sonora, M\u00e9xico y el Mundo de manera oportuna y busca que la libertad de expresi\u00f3n sea real. Visita nuestro medio informativo publicado desde Hermosillo, Sonora. %\" \/>\n<meta property=\"og:url\" content=\"https:\/\/www.sonoraenequipo.com.mx\/tiene-puebla-la-menor-cantidad-de-funcionarios-publicos-por-cada-10-mil-habitantes\/\" \/>\n<meta property=\"og:site_name\" content=\"Sonora en Equipo.\" \/>\n<meta property=\"article:publisher\" content=\"https:\/\/www.facebook.com\/SonoraEE\/\" \/>\n<meta property=\"article:author\" content=\"https:\/\/www.facebook.com\/SonoraEE\" \/>\n<meta property=\"article:published_time\" content=\"2018-06-21T20:39:17+00:00\" \/>\n<meta property=\"article:modified_time\" content=\"2018-06-22T02:25:58+00:00\" \/>\n<meta property=\"og:image\" content=\"https:\/\/www.sonoraenequipo.com.mx\/storage\/2018\/06\/funcionarios-publicos_opt.jpg\" \/>\n\t<meta property=\"og:image:width\" content=\"645\" \/>\n\t<meta property=\"og:image:height\" content=\"400\" \/>\n\t<meta property=\"og:image:type\" content=\"image\/jpeg\" \/>\n<meta name=\"author\" content=\"enequipo\" \/>\n<meta name=\"twitter:card\" content=\"summary_large_image\" \/>\n<meta name=\"twitter:creator\" content=\"@sonoraenequipo\" \/>\n<meta name=\"twitter:site\" content=\"@sonoraenequipo\" \/>\n<meta name=\"twitter:label1\" content=\"Escrito por\" \/>\n\t<meta name=\"twitter:data1\" content=\"enequipo\" \/>\n\t<meta name=\"twitter:label2\" content=\"Tiempo de lectura\" \/>\n\t<meta name=\"twitter:data2\" content=\"4 minutos\" \/>\n<script type=\"application\/ld+json\" class=\"yoast-schema-graph\">{\"@context\":\"https:\/\/schema.org\",\"@graph\":[{\"@type\":\"Article\",\"@id\":\"https:\/\/www.sonoraenequipo.com.mx\/tiene-puebla-la-menor-cantidad-de-funcionarios-publicos-por-cada-10-mil-habitantes\/#article\",\"isPartOf\":{\"@id\":\"https:\/\/www.sonoraenequipo.com.mx\/tiene-puebla-la-menor-cantidad-de-funcionarios-publicos-por-cada-10-mil-habitantes\/\"},\"author\":{\"name\":\"enequipo\",\"@id\":\"https:\/\/www.sonoraenequipo.com.mx\/#\/schema\/person\/50102df0fb23a8fa9e8effad8fa81386\"},\"headline\":\"Tiene Puebla la menor cantidad de funcionarios p\u00fablicos por cada 10 mil habitantes\",\"datePublished\":\"2018-06-21T20:39:17+00:00\",\"dateModified\":\"2018-06-22T02:25:58+00:00\",\"mainEntityOfPage\":{\"@id\":\"https:\/\/www.sonoraenequipo.com.mx\/tiene-puebla-la-menor-cantidad-de-funcionarios-publicos-por-cada-10-mil-habitantes\/\"},\"wordCount\":858,\"commentCount\":0,\"publisher\":{\"@id\":\"https:\/\/www.sonoraenequipo.com.mx\/#organization\"},\"image\":{\"@id\":\"https:\/\/www.sonoraenequipo.com.mx\/tiene-puebla-la-menor-cantidad-de-funcionarios-publicos-por-cada-10-mil-habitantes\/#primaryimage\"},\"thumbnailUrl\":\"https:\/\/www.sonoraenequipo.com.mx\/storage\/2018\/06\/funcionarios-publicos_opt.jpg\",\"articleSection\":[\"Destacadas\",\"Rep\u00fablica\"],\"inLanguage\":\"es\",\"potentialAction\":[{\"@type\":\"CommentAction\",\"name\":\"Comment\",\"target\":[\"https:\/\/www.sonoraenequipo.com.mx\/tiene-puebla-la-menor-cantidad-de-funcionarios-publicos-por-cada-10-mil-habitantes\/#respond\"]}]},{\"@type\":\"WebPage\",\"@id\":\"https:\/\/www.sonoraenequipo.com.mx\/tiene-puebla-la-menor-cantidad-de-funcionarios-publicos-por-cada-10-mil-habitantes\/\",\"url\":\"https:\/\/www.sonoraenequipo.com.mx\/tiene-puebla-la-menor-cantidad-de-funcionarios-publicos-por-cada-10-mil-habitantes\/\",\"name\":\"Sonora en Equipo. Tiene Puebla la menor cantidad de funcionarios p\u00fablicos por cada 10 mil habitantes Destacadas\",\"isPartOf\":{\"@id\":\"https:\/\/www.sonoraenequipo.com.mx\/#website\"},\"primaryImageOfPage\":{\"@id\":\"https:\/\/www.sonoraenequipo.com.mx\/tiene-puebla-la-menor-cantidad-de-funcionarios-publicos-por-cada-10-mil-habitantes\/#primaryimage\"},\"image\":{\"@id\":\"https:\/\/www.sonoraenequipo.com.mx\/tiene-puebla-la-menor-cantidad-de-funcionarios-publicos-por-cada-10-mil-habitantes\/#primaryimage\"},\"thumbnailUrl\":\"https:\/\/www.sonoraenequipo.com.mx\/storage\/2018\/06\/funcionarios-publicos_opt.jpg\",\"datePublished\":\"2018-06-21T20:39:17+00:00\",\"dateModified\":\"2018-06-22T02:25:58+00:00\",\"description\":\"CIUDAD DE M\u00c9XICO. MX. \u2014 Las Naciones Unidas establecieron el 23 de junio como el D\u00eda para la Administraci\u00f3n P\u00fablica con el \u201cobjetivo de revitalizar la En Sonora en Equipo publicamos toda la informaci\u00f3n de Sonora, M\u00e9xico y el Mundo de manera oportuna y busca que la libertad de expresi\u00f3n sea real. Visita nuestro medio informativo publicado desde Hermosillo, Sonora. %\",\"breadcrumb\":{\"@id\":\"https:\/\/www.sonoraenequipo.com.mx\/tiene-puebla-la-menor-cantidad-de-funcionarios-publicos-por-cada-10-mil-habitantes\/#breadcrumb\"},\"inLanguage\":\"es\",\"potentialAction\":[{\"@type\":\"ReadAction\",\"target\":[\"https:\/\/www.sonoraenequipo.com.mx\/tiene-puebla-la-menor-cantidad-de-funcionarios-publicos-por-cada-10-mil-habitantes\/\"]}]},{\"@type\":\"ImageObject\",\"inLanguage\":\"es\",\"@id\":\"https:\/\/www.sonoraenequipo.com.mx\/tiene-puebla-la-menor-cantidad-de-funcionarios-publicos-por-cada-10-mil-habitantes\/#primaryimage\",\"url\":\"https:\/\/www.sonoraenequipo.com.mx\/storage\/2018\/06\/funcionarios-publicos_opt.jpg\",\"contentUrl\":\"https:\/\/www.sonoraenequipo.com.mx\/storage\/2018\/06\/funcionarios-publicos_opt.jpg\",\"width\":645,\"height\":400},{\"@type\":\"BreadcrumbList\",\"@id\":\"https:\/\/www.sonoraenequipo.com.mx\/tiene-puebla-la-menor-cantidad-de-funcionarios-publicos-por-cada-10-mil-habitantes\/#breadcrumb\",\"itemListElement\":[{\"@type\":\"ListItem\",\"position\":1,\"name\":\"Portada\",\"item\":\"https:\/\/www.sonoraenequipo.com.mx\/\"},{\"@type\":\"ListItem\",\"position\":2,\"name\":\"Tiene Puebla la menor cantidad de funcionarios p\u00fablicos por cada 10 mil habitantes\"}]},{\"@type\":\"WebSite\",\"@id\":\"https:\/\/www.sonoraenequipo.com.mx\/#website\",\"url\":\"https:\/\/www.sonoraenequipo.com.mx\/\",\"name\":\"Sonora en Equipo.\",\"description\":\"Diario en l\u00ednea con Noticias desde Hermosillo, Sonora\",\"publisher\":{\"@id\":\"https:\/\/www.sonoraenequipo.com.mx\/#organization\"},\"potentialAction\":[{\"@type\":\"SearchAction\",\"target\":{\"@type\":\"EntryPoint\",\"urlTemplate\":\"https:\/\/www.sonoraenequipo.com.mx\/?s={search_term_string}\"},\"query-input\":{\"@type\":\"PropertyValueSpecification\",\"valueRequired\":true,\"valueName\":\"search_term_string\"}}],\"inLanguage\":\"es\"},{\"@type\":\"Organization\",\"@id\":\"https:\/\/www.sonoraenequipo.com.mx\/#organization\",\"name\":\"Sonoraenequipo.com.mx\",\"url\":\"https:\/\/www.sonoraenequipo.com.mx\/\",\"logo\":{\"@type\":\"ImageObject\",\"inLanguage\":\"es\",\"@id\":\"https:\/\/www.sonoraenequipo.com.mx\/#\/schema\/logo\/image\/\",\"url\":\"https:\/\/www.sonoraenequipo.com.mx\/storage\/2019\/01\/sonoraenequipo_opt.png\",\"contentUrl\":\"https:\/\/www.sonoraenequipo.com.mx\/storage\/2019\/01\/sonoraenequipo_opt.png\",\"width\":375,\"height\":125,\"caption\":\"Sonoraenequipo.com.mx\"},\"image\":{\"@id\":\"https:\/\/www.sonoraenequipo.com.mx\/#\/schema\/logo\/image\/\"},\"sameAs\":[\"https:\/\/www.facebook.com\/SonoraEE\/\",\"https:\/\/x.com\/sonoraenequipo\",\"https:\/\/www.youtube.com\/channel\/UC338nW-lPEYmJQs4ZABQ1SQ\"]},{\"@type\":\"Person\",\"@id\":\"https:\/\/www.sonoraenequipo.com.mx\/#\/schema\/person\/50102df0fb23a8fa9e8effad8fa81386\",\"name\":\"enequipo\",\"image\":{\"@type\":\"ImageObject\",\"inLanguage\":\"es\",\"@id\":\"https:\/\/www.sonoraenequipo.com.mx\/#\/schema\/person\/image\/\",\"url\":\"https:\/\/secure.gravatar.com\/avatar\/049821681b589dabc0bc20695993ccebb09f5b5d4d790cd9251b97faac7c652b?s=96&d=blank&r=g\",\"contentUrl\":\"https:\/\/secure.gravatar.com\/avatar\/049821681b589dabc0bc20695993ccebb09f5b5d4d790cd9251b97faac7c652b?s=96&d=blank&r=g\",\"caption\":\"enequipo\"},\"sameAs\":[\"https:\/\/www.facebook.com\/SonoraEE\"]}]}<\/script>\n ","yoast_head_json":{"title":"Sonora en Equipo. Tiene Puebla la menor cantidad de funcionarios p\u00fablicos por cada 10 mil habitantes Destacadas","description":"CIUDAD DE M\u00c9XICO. MX. \u2014 Las Naciones Unidas establecieron el 23 de junio como el D\u00eda para la Administraci\u00f3n P\u00fablica con el \u201cobjetivo de revitalizar la En Sonora en Equipo publicamos toda la informaci\u00f3n de Sonora, M\u00e9xico y el Mundo de manera oportuna y busca que la libertad de expresi\u00f3n sea real. Visita nuestro medio informativo publicado desde Hermosillo, Sonora. %","robots":{"index":"index","follow":"follow","max-snippet":"max-snippet:-1","max-image-preview":"max-image-preview:large","max-video-preview":"max-video-preview:-1"},"canonical":"https:\/\/www.sonoraenequipo.com.mx\/tiene-puebla-la-menor-cantidad-de-funcionarios-publicos-por-cada-10-mil-habitantes\/","og_locale":"es_ES","og_type":"article","og_title":"Sonora en Equipo. Tiene Puebla la menor cantidad de funcionarios p\u00fablicos por cada 10 mil habitantes Destacadas","og_description":"CIUDAD DE M\u00c9XICO. MX. \u2014 Las Naciones Unidas establecieron el 23 de junio como el D\u00eda para la Administraci\u00f3n P\u00fablica con el \u201cobjetivo de revitalizar la En Sonora en Equipo publicamos toda la informaci\u00f3n de Sonora, M\u00e9xico y el Mundo de manera oportuna y busca que la libertad de expresi\u00f3n sea real. Visita nuestro medio informativo publicado desde Hermosillo, Sonora. %","og_url":"https:\/\/www.sonoraenequipo.com.mx\/tiene-puebla-la-menor-cantidad-de-funcionarios-publicos-por-cada-10-mil-habitantes\/","og_site_name":"Sonora en Equipo.","article_publisher":"https:\/\/www.facebook.com\/SonoraEE\/","article_author":"https:\/\/www.facebook.com\/SonoraEE","article_published_time":"2018-06-21T20:39:17+00:00","article_modified_time":"2018-06-22T02:25:58+00:00","og_image":[{"width":645,"height":400,"url":"https:\/\/www.sonoraenequipo.com.mx\/storage\/2018\/06\/funcionarios-publicos_opt.jpg","type":"image\/jpeg"}],"author":"enequipo","twitter_card":"summary_large_image","twitter_creator":"@sonoraenequipo","twitter_site":"@sonoraenequipo","twitter_misc":{"Escrito por":"enequipo","Tiempo de lectura":"4 minutos"},"schema":{"@context":"https:\/\/schema.org","@graph":[{"@type":"Article","@id":"https:\/\/www.sonoraenequipo.com.mx\/tiene-puebla-la-menor-cantidad-de-funcionarios-publicos-por-cada-10-mil-habitantes\/#article","isPartOf":{"@id":"https:\/\/www.sonoraenequipo.com.mx\/tiene-puebla-la-menor-cantidad-de-funcionarios-publicos-por-cada-10-mil-habitantes\/"},"author":{"name":"enequipo","@id":"https:\/\/www.sonoraenequipo.com.mx\/#\/schema\/person\/50102df0fb23a8fa9e8effad8fa81386"},"headline":"Tiene Puebla la menor cantidad de funcionarios p\u00fablicos por cada 10 mil habitantes","datePublished":"2018-06-21T20:39:17+00:00","dateModified":"2018-06-22T02:25:58+00:00","mainEntityOfPage":{"@id":"https:\/\/www.sonoraenequipo.com.mx\/tiene-puebla-la-menor-cantidad-de-funcionarios-publicos-por-cada-10-mil-habitantes\/"},"wordCount":858,"commentCount":0,"publisher":{"@id":"https:\/\/www.sonoraenequipo.com.mx\/#organization"},"image":{"@id":"https:\/\/www.sonoraenequipo.com.mx\/tiene-puebla-la-menor-cantidad-de-funcionarios-publicos-por-cada-10-mil-habitantes\/#primaryimage"},"thumbnailUrl":"https:\/\/www.sonoraenequipo.com.mx\/storage\/2018\/06\/funcionarios-publicos_opt.jpg","articleSection":["Destacadas","Rep\u00fablica"],"inLanguage":"es","potentialAction":[{"@type":"CommentAction","name":"Comment","target":["https:\/\/www.sonoraenequipo.com.mx\/tiene-puebla-la-menor-cantidad-de-funcionarios-publicos-por-cada-10-mil-habitantes\/#respond"]}]},{"@type":"WebPage","@id":"https:\/\/www.sonoraenequipo.com.mx\/tiene-puebla-la-menor-cantidad-de-funcionarios-publicos-por-cada-10-mil-habitantes\/","url":"https:\/\/www.sonoraenequipo.com.mx\/tiene-puebla-la-menor-cantidad-de-funcionarios-publicos-por-cada-10-mil-habitantes\/","name":"Sonora en Equipo. Tiene Puebla la menor cantidad de funcionarios p\u00fablicos por cada 10 mil habitantes Destacadas","isPartOf":{"@id":"https:\/\/www.sonoraenequipo.com.mx\/#website"},"primaryImageOfPage":{"@id":"https:\/\/www.sonoraenequipo.com.mx\/tiene-puebla-la-menor-cantidad-de-funcionarios-publicos-por-cada-10-mil-habitantes\/#primaryimage"},"image":{"@id":"https:\/\/www.sonoraenequipo.com.mx\/tiene-puebla-la-menor-cantidad-de-funcionarios-publicos-por-cada-10-mil-habitantes\/#primaryimage"},"thumbnailUrl":"https:\/\/www.sonoraenequipo.com.mx\/storage\/2018\/06\/funcionarios-publicos_opt.jpg","datePublished":"2018-06-21T20:39:17+00:00","dateModified":"2018-06-22T02:25:58+00:00","description":"CIUDAD DE M\u00c9XICO. MX. \u2014 Las Naciones Unidas establecieron el 23 de junio como el D\u00eda para la Administraci\u00f3n P\u00fablica con el \u201cobjetivo de revitalizar la En Sonora en Equipo publicamos toda la informaci\u00f3n de Sonora, M\u00e9xico y el Mundo de manera oportuna y busca que la libertad de expresi\u00f3n sea real. Visita nuestro medio informativo publicado desde Hermosillo, Sonora. %","breadcrumb":{"@id":"https:\/\/www.sonoraenequipo.com.mx\/tiene-puebla-la-menor-cantidad-de-funcionarios-publicos-por-cada-10-mil-habitantes\/#breadcrumb"},"inLanguage":"es","potentialAction":[{"@type":"ReadAction","target":["https:\/\/www.sonoraenequipo.com.mx\/tiene-puebla-la-menor-cantidad-de-funcionarios-publicos-por-cada-10-mil-habitantes\/"]}]},{"@type":"ImageObject","inLanguage":"es","@id":"https:\/\/www.sonoraenequipo.com.mx\/tiene-puebla-la-menor-cantidad-de-funcionarios-publicos-por-cada-10-mil-habitantes\/#primaryimage","url":"https:\/\/www.sonoraenequipo.com.mx\/storage\/2018\/06\/funcionarios-publicos_opt.jpg","contentUrl":"https:\/\/www.sonoraenequipo.com.mx\/storage\/2018\/06\/funcionarios-publicos_opt.jpg","width":645,"height":400},{"@type":"BreadcrumbList","@id":"https:\/\/www.sonoraenequipo.com.mx\/tiene-puebla-la-menor-cantidad-de-funcionarios-publicos-por-cada-10-mil-habitantes\/#breadcrumb","itemListElement":[{"@type":"ListItem","position":1,"name":"Portada","item":"https:\/\/www.sonoraenequipo.com.mx\/"},{"@type":"ListItem","position":2,"name":"Tiene Puebla la menor cantidad de funcionarios p\u00fablicos por cada 10 mil habitantes"}]},{"@type":"WebSite","@id":"https:\/\/www.sonoraenequipo.com.mx\/#website","url":"https:\/\/www.sonoraenequipo.com.mx\/","name":"Sonora en Equipo.","description":"Diario en l\u00ednea con Noticias desde Hermosillo, Sonora","publisher":{"@id":"https:\/\/www.sonoraenequipo.com.mx\/#organization"},"potentialAction":[{"@type":"SearchAction","target":{"@type":"EntryPoint","urlTemplate":"https:\/\/www.sonoraenequipo.com.mx\/?s={search_term_string}"},"query-input":{"@type":"PropertyValueSpecification","valueRequired":true,"valueName":"search_term_string"}}],"inLanguage":"es"},{"@type":"Organization","@id":"https:\/\/www.sonoraenequipo.com.mx\/#organization","name":"Sonoraenequipo.com.mx","url":"https:\/\/www.sonoraenequipo.com.mx\/","logo":{"@type":"ImageObject","inLanguage":"es","@id":"https:\/\/www.sonoraenequipo.com.mx\/#\/schema\/logo\/image\/","url":"https:\/\/www.sonoraenequipo.com.mx\/storage\/2019\/01\/sonoraenequipo_opt.png","contentUrl":"https:\/\/www.sonoraenequipo.com.mx\/storage\/2019\/01\/sonoraenequipo_opt.png","width":375,"height":125,"caption":"Sonoraenequipo.com.mx"},"image":{"@id":"https:\/\/www.sonoraenequipo.com.mx\/#\/schema\/logo\/image\/"},"sameAs":["https:\/\/www.facebook.com\/SonoraEE\/","https:\/\/x.com\/sonoraenequipo","https:\/\/www.youtube.com\/channel\/UC338nW-lPEYmJQs4ZABQ1SQ"]},{"@type":"Person","@id":"https:\/\/www.sonoraenequipo.com.mx\/#\/schema\/person\/50102df0fb23a8fa9e8effad8fa81386","name":"enequipo","image":{"@type":"ImageObject","inLanguage":"es","@id":"https:\/\/www.sonoraenequipo.com.mx\/#\/schema\/person\/image\/","url":"https:\/\/secure.gravatar.com\/avatar\/049821681b589dabc0bc20695993ccebb09f5b5d4d790cd9251b97faac7c652b?s=96&d=blank&r=g","contentUrl":"https:\/\/secure.gravatar.com\/avatar\/049821681b589dabc0bc20695993ccebb09f5b5d4d790cd9251b97faac7c652b?s=96&d=blank&r=g","caption":"enequipo"},"sameAs":["https:\/\/www.facebook.com\/SonoraEE"]}]}},"jetpack_featured_media_url":"https:\/\/www.sonoraenequipo.com.mx\/storage\/2018\/06\/funcionarios-publicos_opt.jpg","_links":{"self":[{"href":"https:\/\/www.sonoraenequipo.com.mx\/api\/wp\/v2\/posts\/39366","targetHints":{"allow":["GET"]}}],"collection":[{"href":"https:\/\/www.sonoraenequipo.com.mx\/api\/wp\/v2\/posts"}],"about":[{"href":"https:\/\/www.sonoraenequipo.com.mx\/api\/wp\/v2\/types\/post"}],"author":[{"embeddable":true,"href":"https:\/\/www.sonoraenequipo.com.mx\/api\/wp\/v2\/users\/1"}],"replies":[{"embeddable":true,"href":"https:\/\/www.sonoraenequipo.com.mx\/api\/wp\/v2\/comments?post=39366"}],"version-history":[{"count":0,"href":"https:\/\/www.sonoraenequipo.com.mx\/api\/wp\/v2\/posts\/39366\/revisions"}],"wp:featuredmedia":[{"embeddable":true,"href":"https:\/\/www.sonoraenequipo.com.mx\/api\/wp\/v2\/media\/39367"}],"wp:attachment":[{"href":"https:\/\/www.sonoraenequipo.com.mx\/api\/wp\/v2\/media?parent=39366"}],"wp:term":[{"taxonomy":"category","embeddable":true,"href":"https:\/\/www.sonoraenequipo.com.mx\/api\/wp\/v2\/categories?post=39366"},{"taxonomy":"post_tag","embeddable":true,"href":"https:\/\/www.sonoraenequipo.com.mx\/api\/wp\/v2\/tags?post=39366"}],"curies":[{"name":"wp","href":"https:\/\/api.w.org\/{rel}","templated":true}]}}