{"id":39374,"date":"2018-06-21T15:10:51","date_gmt":"2018-06-21T22:10:51","guid":{"rendered":"http:\/\/www.sonoraenequipo.com.mx\/?p=39374"},"modified":"2018-06-21T19:37:30","modified_gmt":"2018-06-22T02:37:30","slug":"enviaran-exhortos-a-los-gobiernos-federal-y-del-estado","status":"publish","type":"post","link":"https:\/\/www.sonoraenequipo.com.mx\/enviaran-exhortos-a-los-gobiernos-federal-y-del-estado\/","title":{"rendered":"Enviar\u00e1n exhortos a los gobiernos Federal y del Estado"},"content":{"rendered":"<p>HERMOSILLO, SONORA. MX. \u2014 Para que se refuercen acciones presupuestales, diplom\u00e1ticas y de asistencia jur\u00eddica por las medidas anti migratorias emitidas por el Gobierno de los Estados Unidos de Norteam\u00e9rica, y para que se implementen acciones a fin de eficientar el proceso de donaci\u00f3n de sangre en los hospitales p\u00fablicos de la entidad, la Diputaci\u00f3n Permanente aprob\u00f3 enviar exhortos a los gobiernos Federal y del Estado.<\/p>\n<p> <\/p>\n<p>En primer t\u00e9rmino, la diputada Lisette L\u00f3pez God\u00ednez record\u00f3 que en d\u00edas recientes comenzaron a circular fotograf\u00edas y videos en los que se puede ver a ni\u00f1as, ni\u00f1os y adolescentes siendo separados de sus padres o tutores legales, para posteriormente ser puestos en jaulas, situaci\u00f3n, dijo, que atenta contra la dignidad humana pero que, sobre todo, los deja en una situaci\u00f3n de vulnerabilidad.<\/p>\n<p><em>\u201cLa situaci\u00f3n anterior estremeci\u00f3 a la comunidad internacional, y con ello, distintas organizaciones como la UNICEF declararon que no se debe criminalizar la migraci\u00f3n y mucho menos separar a los ni\u00f1os de sus familias, bajo ninguna circunstancia\u201d,<\/em> expres\u00f3.<\/p>\n<p>A nombre del grupo parlamentario del PAN, la legisladora agreg\u00f3 que, de acuerdo con informaci\u00f3n del dominio p\u00fablico, Estados Unidos es el \u00fanico pa\u00eds en el mundo que no ha firmado y ratificado la Convenci\u00f3n de Naciones Unidas sobre los Derechos del Ni\u00f1o, el cual es considerado como primer documento jur\u00eddico internacional vinculante en la protecci\u00f3n de los menores de edad.<\/p>\n<p>El Acuerdo aprobado resuelve exhortar a la Secretar\u00eda de Relaciones Exteriores adscrita al Gobierno Federal, para que, en pleno uso de sus facultades y atribuciones, tome medidas de asistencia jur\u00eddica y acciones diplom\u00e1ticas de apoyo a ciudadanos mexicanos, ante las medidas anti migratorias emitidas por el Gobierno de los Estados Unidos de Norteam\u00e9rica.<\/p>\n<p>Tambi\u00e9n se exhorta a la Secretar\u00eda de Hacienda y Cr\u00e9dito P\u00fablico a que, en la medida de lo posible, realice las asignaciones presupuestales necesarias al Servicio Exterior Mexicano y a las entidades federativas fronterizas con los Estados Unidos de Norteam\u00e9rica, para fortalecer los programas de protecci\u00f3n a migrantes.<\/p>\n<p>Un segundo Acuerdo aprob\u00f3 la mesa directiva de la Diputaci\u00f3n Permanente, con el objeto de que el titular de la Secretar\u00eda de Salud P\u00fablica del Estado implemente las acciones que sean necesarias para eficientar el proceso de donaci\u00f3n de sangre en los hospitales p\u00fablicos del Estado.<\/p>\n<p>La diputada Sandra Mercedes Hern\u00e1ndez Barajas refiri\u00f3 que ciudadanos del Distrito que representa en Nogales le han expuesto la urgente necesidad de que se tomen cartas en el asunto respecto a la donaci\u00f3n de sangre en dicha ciudad, ya que los familiares que acuden a donar sangre para sus familiares se encuentran con m\u00e1s trabas que facilidades.<\/p>\n<p>Agreg\u00f3 que para dicha acci\u00f3n en los hospitales se limitan a un reducido n\u00famero de turnos para donadores, por lo que los familiares de pacientes que requieren de urgencia unidades de sangre, necesitan acudir al banco de sangre hasta con dos horas de anticipaci\u00f3n para alcanzar los turnos que les permitan realizar la donaci\u00f3n, y cuando no alcanzan turno necesitan acudir al siguiente d\u00eda para ver si tienen suerte, lo que provoca frustraci\u00f3n entre los familiares.<\/p>\n<p><em>\u201cAnte dicho panorama, como legisladora considero necesario hacer un llamado a la autoridad de salud en nuestro Estado, para que realice todo aquello que est\u00e9 en sus manos para girar instrucciones con el objeto de eficientar el proceso de donaci\u00f3n de sangre en los hospitales p\u00fablicos del Estado, y as\u00ed evitar a miles de pacientes que ante la falta de donaci\u00f3n de sangre oportuna, se ven afectados en su salud al no poder ser intervenidos quir\u00fargicamente\u201d,<\/em> asever\u00f3.<\/p>\n<p>La diputada Hern\u00e1ndez Barajas sostuvo que, de no realizarse lo anterior, el esp\u00edritu del Decreto aprobado en 2016 por esta Legislatura, tendiente a incentivar la donaci\u00f3n altruista de sangre, ser\u00eda letra muerta ante lo tard\u00eda que resulta ser dicha donaci\u00f3n en los hospitales p\u00fablicos de Nogales, lo que al final producir\u00eda un efecto contrario al establecido en la Ley.<\/p>\n<p>En esta sesi\u00f3n ordinaria, el presidente de la Diputaci\u00f3n Permanente, Rafael Buelna Clark, present\u00f3 un posicionamiento en relaci\u00f3n a la conmemoraci\u00f3n del D\u00eda Internacional de las Naciones Unidas en apoyo a las V\u00edctimas de la Tortura, instituido en 1997 al aprobarse la resoluci\u00f3n 52\/149 que proclama el 26 de junio como tal.<\/p>\n<p>Record\u00f3 que el 26 de junio de 2017, en el marco de la conmemoraci\u00f3n del D\u00eda Internacional de referencia, se public\u00f3 en el Diario Oficial de la Federaci\u00f3n la Ley General para prevenir, investigar y sancionar la tortura y otros tratos o penas crueles, inhumanos o degradantes.<\/p>\n<p>Esta Ley, que es de observancia obligatoria en todo el pa\u00eds, tiene por objeto establecer la coordinaci\u00f3n entre las autoridades de los tres \u00f3rdenes de gobierno para prevenir y sancionar los delitos de tortura, conducta que comete quien, con el fin de obtener informaci\u00f3n o una confesi\u00f3n con fines de investigaci\u00f3n criminal, como medio intimidatorio, castigo personal, medio de coacci\u00f3n, medida preventiva o por razones basadas en discriminaci\u00f3n, cause dolor o sufrimiento f\u00edsico o ps\u00edquico a una persona, indic\u00f3 el diputado Buelna Clark.<\/p>\n<p>Agreg\u00f3 que de acuerdo con datos de la Comisi\u00f3n Nacional de Derechos Humanos, entre 2000 y 2014 se registraron 136 quejas sobre presuntas violaciones a derechos humanos relacionadas con actos de tortura y 9 mil 988 sobre tratos crueles, inhumanos o degradantes. En \u00e9stos se identificaron como principalmente afectados a quienes han sido sujetos de una detenci\u00f3n en flagrancia o con orden judicial, o aquellas que se encuentran bajo custodia de alguna autoridad o servidores p\u00fablicos pertenecientes a corporaciones policiales.<\/p>\n<p>Una de esas denuncias lamentablemente se dio en Sonora con el caso de Gisela Peraza Villa, mismo que a\u00fan contin\u00faa en tribunales y que involucra a funcionarios de la anterior administraci\u00f3n estatal, se\u00f1al\u00f3, por lo que ser\u00e1n los tribunales los que tendr\u00e1n la \u00faltima palabra.<\/p>\n<p><em>\u201cLo cierto es que no basta con la aprobaci\u00f3n de una ley que persiga y castigue a los torturadores. Es necesario trabajar m\u00e1s en la prevenci\u00f3n y erradicaci\u00f3n de este delito, tal y como se establece en la Convenci\u00f3n contra la tortura y otros tratos o penas crueles, inhumanos o degradantes, y su protocolo facultativo\u201d,<\/em> puntualiz\u00f3 el Presidente de la Diputaci\u00f3n Permanente.<\/p>\n<p>Con oportunidad se informar\u00e1 la fecha y la hora de la pr\u00f3xima sesi\u00f3n ordinaria.<\/p>\n<p>(Fecha de publicaci\u00f3n 21062018)<\/p>\n","protected":false},"excerpt":{"rendered":"<p>HERMOSILLO, SONORA. MX. \u2014 Para que se refuercen acciones presupuestales, diplom\u00e1ticas y de asistencia jur\u00eddica&#8230;<\/p>\n","protected":false},"author":1,"featured_media":39358,"comment_status":"open","ping_status":"open","sticky":false,"template":"","format":"standard","meta":{"_monsterinsights_skip_tracking":false,"_monsterinsights_sitenote_active":false,"_monsterinsights_sitenote_note":"","_monsterinsights_sitenote_category":0,"footnotes":""},"categories":[13,22],"tags":[],"class_list":["post"],"yoast_head":" \n<title>Sonora en Equipo. Enviar\u00e1n exhortos a los gobiernos Federal y del Estado Destacadas<\/title>\n<meta name=\"description\" content=\"HERMOSILLO, SONORA. MX. \u2014 Para que se refuercen acciones presupuestales, diplom\u00e1ticas y de asistencia jur\u00eddica por las medidas anti migratorias emitidas En Sonora en Equipo publicamos toda la informaci\u00f3n de Sonora, M\u00e9xico y el Mundo de manera oportuna y busca que la libertad de expresi\u00f3n sea real. Visita nuestro medio informativo publicado desde Hermosillo, Sonora. %\" \/>\n<meta name=\"robots\" content=\"index, follow, max-snippet:-1, max-image-preview:large, max-video-preview:-1\" \/>\n<link rel=\"canonical\" href=\"https:\/\/www.sonoraenequipo.com.mx\/enviaran-exhortos-a-los-gobiernos-federal-y-del-estado\/\" \/>\n<meta property=\"og:locale\" content=\"es_ES\" \/>\n<meta property=\"og:type\" content=\"article\" \/>\n<meta property=\"og:title\" content=\"Sonora en Equipo. Enviar\u00e1n exhortos a los gobiernos Federal y del Estado Destacadas\" \/>\n<meta property=\"og:description\" content=\"HERMOSILLO, SONORA. MX. \u2014 Para que se refuercen acciones presupuestales, diplom\u00e1ticas y de asistencia jur\u00eddica por las medidas anti migratorias emitidas En Sonora en Equipo publicamos toda la informaci\u00f3n de Sonora, M\u00e9xico y el Mundo de manera oportuna y busca que la libertad de expresi\u00f3n sea real. Visita nuestro medio informativo publicado desde Hermosillo, Sonora. %\" \/>\n<meta property=\"og:url\" content=\"https:\/\/www.sonoraenequipo.com.mx\/enviaran-exhortos-a-los-gobiernos-federal-y-del-estado\/\" \/>\n<meta property=\"og:site_name\" content=\"Sonora en Equipo.\" \/>\n<meta property=\"article:publisher\" content=\"https:\/\/www.facebook.com\/SonoraEE\/\" \/>\n<meta property=\"article:author\" content=\"https:\/\/www.facebook.com\/SonoraEE\" \/>\n<meta property=\"article:published_time\" content=\"2018-06-21T22:10:51+00:00\" \/>\n<meta property=\"article:modified_time\" content=\"2018-06-22T02:37:30+00:00\" \/>\n<meta property=\"og:image\" content=\"https:\/\/www.sonoraenequipo.com.mx\/storage\/2018\/06\/exhorto_congreso_opt.jpg\" \/>\n\t<meta property=\"og:image:width\" content=\"600\" \/>\n\t<meta property=\"og:image:height\" content=\"400\" \/>\n\t<meta property=\"og:image:type\" content=\"image\/jpeg\" \/>\n<meta name=\"author\" content=\"enequipo\" \/>\n<meta name=\"twitter:card\" content=\"summary_large_image\" \/>\n<meta name=\"twitter:creator\" content=\"@sonoraenequipo\" \/>\n<meta name=\"twitter:site\" content=\"@sonoraenequipo\" \/>\n<meta name=\"twitter:label1\" content=\"Escrito por\" \/>\n\t<meta name=\"twitter:data1\" content=\"enequipo\" \/>\n\t<meta name=\"twitter:label2\" content=\"Tiempo de lectura\" \/>\n\t<meta name=\"twitter:data2\" content=\"6 minutos\" \/>\n<script type=\"application\/ld+json\" class=\"yoast-schema-graph\">{\"@context\":\"https:\/\/schema.org\",\"@graph\":[{\"@type\":\"Article\",\"@id\":\"https:\/\/www.sonoraenequipo.com.mx\/enviaran-exhortos-a-los-gobiernos-federal-y-del-estado\/#article\",\"isPartOf\":{\"@id\":\"https:\/\/www.sonoraenequipo.com.mx\/enviaran-exhortos-a-los-gobiernos-federal-y-del-estado\/\"},\"author\":{\"name\":\"enequipo\",\"@id\":\"https:\/\/www.sonoraenequipo.com.mx\/#\/schema\/person\/50102df0fb23a8fa9e8effad8fa81386\"},\"headline\":\"Enviar\u00e1n exhortos a los gobiernos Federal y del Estado\",\"datePublished\":\"2018-06-21T22:10:51+00:00\",\"dateModified\":\"2018-06-22T02:37:30+00:00\",\"mainEntityOfPage\":{\"@id\":\"https:\/\/www.sonoraenequipo.com.mx\/enviaran-exhortos-a-los-gobiernos-federal-y-del-estado\/\"},\"wordCount\":1126,\"commentCount\":0,\"publisher\":{\"@id\":\"https:\/\/www.sonoraenequipo.com.mx\/#organization\"},\"image\":{\"@id\":\"https:\/\/www.sonoraenequipo.com.mx\/enviaran-exhortos-a-los-gobiernos-federal-y-del-estado\/#primaryimage\"},\"thumbnailUrl\":\"https:\/\/www.sonoraenequipo.com.mx\/storage\/2018\/06\/exhorto_congreso_opt.jpg\",\"articleSection\":[\"Destacadas\",\"Sonora\"],\"inLanguage\":\"es\",\"potentialAction\":[{\"@type\":\"CommentAction\",\"name\":\"Comment\",\"target\":[\"https:\/\/www.sonoraenequipo.com.mx\/enviaran-exhortos-a-los-gobiernos-federal-y-del-estado\/#respond\"]}]},{\"@type\":\"WebPage\",\"@id\":\"https:\/\/www.sonoraenequipo.com.mx\/enviaran-exhortos-a-los-gobiernos-federal-y-del-estado\/\",\"url\":\"https:\/\/www.sonoraenequipo.com.mx\/enviaran-exhortos-a-los-gobiernos-federal-y-del-estado\/\",\"name\":\"Sonora en Equipo. Enviar\u00e1n exhortos a los gobiernos Federal y del Estado Destacadas\",\"isPartOf\":{\"@id\":\"https:\/\/www.sonoraenequipo.com.mx\/#website\"},\"primaryImageOfPage\":{\"@id\":\"https:\/\/www.sonoraenequipo.com.mx\/enviaran-exhortos-a-los-gobiernos-federal-y-del-estado\/#primaryimage\"},\"image\":{\"@id\":\"https:\/\/www.sonoraenequipo.com.mx\/enviaran-exhortos-a-los-gobiernos-federal-y-del-estado\/#primaryimage\"},\"thumbnailUrl\":\"https:\/\/www.sonoraenequipo.com.mx\/storage\/2018\/06\/exhorto_congreso_opt.jpg\",\"datePublished\":\"2018-06-21T22:10:51+00:00\",\"dateModified\":\"2018-06-22T02:37:30+00:00\",\"description\":\"HERMOSILLO, SONORA. MX. \u2014 Para que se refuercen acciones presupuestales, diplom\u00e1ticas y de asistencia jur\u00eddica por las medidas anti migratorias emitidas En Sonora en Equipo publicamos toda la informaci\u00f3n de Sonora, M\u00e9xico y el Mundo de manera oportuna y busca que la libertad de expresi\u00f3n sea real. Visita nuestro medio informativo publicado desde Hermosillo, Sonora. %\",\"breadcrumb\":{\"@id\":\"https:\/\/www.sonoraenequipo.com.mx\/enviaran-exhortos-a-los-gobiernos-federal-y-del-estado\/#breadcrumb\"},\"inLanguage\":\"es\",\"potentialAction\":[{\"@type\":\"ReadAction\",\"target\":[\"https:\/\/www.sonoraenequipo.com.mx\/enviaran-exhortos-a-los-gobiernos-federal-y-del-estado\/\"]}]},{\"@type\":\"ImageObject\",\"inLanguage\":\"es\",\"@id\":\"https:\/\/www.sonoraenequipo.com.mx\/enviaran-exhortos-a-los-gobiernos-federal-y-del-estado\/#primaryimage\",\"url\":\"https:\/\/www.sonoraenequipo.com.mx\/storage\/2018\/06\/exhorto_congreso_opt.jpg\",\"contentUrl\":\"https:\/\/www.sonoraenequipo.com.mx\/storage\/2018\/06\/exhorto_congreso_opt.jpg\",\"width\":600,\"height\":400},{\"@type\":\"BreadcrumbList\",\"@id\":\"https:\/\/www.sonoraenequipo.com.mx\/enviaran-exhortos-a-los-gobiernos-federal-y-del-estado\/#breadcrumb\",\"itemListElement\":[{\"@type\":\"ListItem\",\"position\":1,\"name\":\"Portada\",\"item\":\"https:\/\/www.sonoraenequipo.com.mx\/\"},{\"@type\":\"ListItem\",\"position\":2,\"name\":\"Enviar\u00e1n exhortos a los gobiernos Federal y del Estado\"}]},{\"@type\":\"WebSite\",\"@id\":\"https:\/\/www.sonoraenequipo.com.mx\/#website\",\"url\":\"https:\/\/www.sonoraenequipo.com.mx\/\",\"name\":\"Sonora en Equipo.\",\"description\":\"Diario en l\u00ednea con Noticias desde Hermosillo, Sonora\",\"publisher\":{\"@id\":\"https:\/\/www.sonoraenequipo.com.mx\/#organization\"},\"potentialAction\":[{\"@type\":\"SearchAction\",\"target\":{\"@type\":\"EntryPoint\",\"urlTemplate\":\"https:\/\/www.sonoraenequipo.com.mx\/?s={search_term_string}\"},\"query-input\":{\"@type\":\"PropertyValueSpecification\",\"valueRequired\":true,\"valueName\":\"search_term_string\"}}],\"inLanguage\":\"es\"},{\"@type\":\"Organization\",\"@id\":\"https:\/\/www.sonoraenequipo.com.mx\/#organization\",\"name\":\"Sonoraenequipo.com.mx\",\"url\":\"https:\/\/www.sonoraenequipo.com.mx\/\",\"logo\":{\"@type\":\"ImageObject\",\"inLanguage\":\"es\",\"@id\":\"https:\/\/www.sonoraenequipo.com.mx\/#\/schema\/logo\/image\/\",\"url\":\"https:\/\/www.sonoraenequipo.com.mx\/storage\/2019\/01\/sonoraenequipo_opt.png\",\"contentUrl\":\"https:\/\/www.sonoraenequipo.com.mx\/storage\/2019\/01\/sonoraenequipo_opt.png\",\"width\":375,\"height\":125,\"caption\":\"Sonoraenequipo.com.mx\"},\"image\":{\"@id\":\"https:\/\/www.sonoraenequipo.com.mx\/#\/schema\/logo\/image\/\"},\"sameAs\":[\"https:\/\/www.facebook.com\/SonoraEE\/\",\"https:\/\/x.com\/sonoraenequipo\",\"https:\/\/www.youtube.com\/channel\/UC338nW-lPEYmJQs4ZABQ1SQ\"]},{\"@type\":\"Person\",\"@id\":\"https:\/\/www.sonoraenequipo.com.mx\/#\/schema\/person\/50102df0fb23a8fa9e8effad8fa81386\",\"name\":\"enequipo\",\"image\":{\"@type\":\"ImageObject\",\"inLanguage\":\"es\",\"@id\":\"https:\/\/www.sonoraenequipo.com.mx\/#\/schema\/person\/image\/\",\"url\":\"https:\/\/secure.gravatar.com\/avatar\/049821681b589dabc0bc20695993ccebb09f5b5d4d790cd9251b97faac7c652b?s=96&d=blank&r=g\",\"contentUrl\":\"https:\/\/secure.gravatar.com\/avatar\/049821681b589dabc0bc20695993ccebb09f5b5d4d790cd9251b97faac7c652b?s=96&d=blank&r=g\",\"caption\":\"enequipo\"},\"sameAs\":[\"https:\/\/www.facebook.com\/SonoraEE\"]}]}<\/script>\n ","yoast_head_json":{"title":"Sonora en Equipo. Enviar\u00e1n exhortos a los gobiernos Federal y del Estado Destacadas","description":"HERMOSILLO, SONORA. MX. \u2014 Para que se refuercen acciones presupuestales, diplom\u00e1ticas y de asistencia jur\u00eddica por las medidas anti migratorias emitidas En Sonora en Equipo publicamos toda la informaci\u00f3n de Sonora, M\u00e9xico y el Mundo de manera oportuna y busca que la libertad de expresi\u00f3n sea real. Visita nuestro medio informativo publicado desde Hermosillo, Sonora. %","robots":{"index":"index","follow":"follow","max-snippet":"max-snippet:-1","max-image-preview":"max-image-preview:large","max-video-preview":"max-video-preview:-1"},"canonical":"https:\/\/www.sonoraenequipo.com.mx\/enviaran-exhortos-a-los-gobiernos-federal-y-del-estado\/","og_locale":"es_ES","og_type":"article","og_title":"Sonora en Equipo. Enviar\u00e1n exhortos a los gobiernos Federal y del Estado Destacadas","og_description":"HERMOSILLO, SONORA. MX. \u2014 Para que se refuercen acciones presupuestales, diplom\u00e1ticas y de asistencia jur\u00eddica por las medidas anti migratorias emitidas En Sonora en Equipo publicamos toda la informaci\u00f3n de Sonora, M\u00e9xico y el Mundo de manera oportuna y busca que la libertad de expresi\u00f3n sea real. Visita nuestro medio informativo publicado desde Hermosillo, Sonora. %","og_url":"https:\/\/www.sonoraenequipo.com.mx\/enviaran-exhortos-a-los-gobiernos-federal-y-del-estado\/","og_site_name":"Sonora en Equipo.","article_publisher":"https:\/\/www.facebook.com\/SonoraEE\/","article_author":"https:\/\/www.facebook.com\/SonoraEE","article_published_time":"2018-06-21T22:10:51+00:00","article_modified_time":"2018-06-22T02:37:30+00:00","og_image":[{"width":600,"height":400,"url":"https:\/\/www.sonoraenequipo.com.mx\/storage\/2018\/06\/exhorto_congreso_opt.jpg","type":"image\/jpeg"}],"author":"enequipo","twitter_card":"summary_large_image","twitter_creator":"@sonoraenequipo","twitter_site":"@sonoraenequipo","twitter_misc":{"Escrito por":"enequipo","Tiempo de lectura":"6 minutos"},"schema":{"@context":"https:\/\/schema.org","@graph":[{"@type":"Article","@id":"https:\/\/www.sonoraenequipo.com.mx\/enviaran-exhortos-a-los-gobiernos-federal-y-del-estado\/#article","isPartOf":{"@id":"https:\/\/www.sonoraenequipo.com.mx\/enviaran-exhortos-a-los-gobiernos-federal-y-del-estado\/"},"author":{"name":"enequipo","@id":"https:\/\/www.sonoraenequipo.com.mx\/#\/schema\/person\/50102df0fb23a8fa9e8effad8fa81386"},"headline":"Enviar\u00e1n exhortos a los gobiernos Federal y del Estado","datePublished":"2018-06-21T22:10:51+00:00","dateModified":"2018-06-22T02:37:30+00:00","mainEntityOfPage":{"@id":"https:\/\/www.sonoraenequipo.com.mx\/enviaran-exhortos-a-los-gobiernos-federal-y-del-estado\/"},"wordCount":1126,"commentCount":0,"publisher":{"@id":"https:\/\/www.sonoraenequipo.com.mx\/#organization"},"image":{"@id":"https:\/\/www.sonoraenequipo.com.mx\/enviaran-exhortos-a-los-gobiernos-federal-y-del-estado\/#primaryimage"},"thumbnailUrl":"https:\/\/www.sonoraenequipo.com.mx\/storage\/2018\/06\/exhorto_congreso_opt.jpg","articleSection":["Destacadas","Sonora"],"inLanguage":"es","potentialAction":[{"@type":"CommentAction","name":"Comment","target":["https:\/\/www.sonoraenequipo.com.mx\/enviaran-exhortos-a-los-gobiernos-federal-y-del-estado\/#respond"]}]},{"@type":"WebPage","@id":"https:\/\/www.sonoraenequipo.com.mx\/enviaran-exhortos-a-los-gobiernos-federal-y-del-estado\/","url":"https:\/\/www.sonoraenequipo.com.mx\/enviaran-exhortos-a-los-gobiernos-federal-y-del-estado\/","name":"Sonora en Equipo. Enviar\u00e1n exhortos a los gobiernos Federal y del Estado Destacadas","isPartOf":{"@id":"https:\/\/www.sonoraenequipo.com.mx\/#website"},"primaryImageOfPage":{"@id":"https:\/\/www.sonoraenequipo.com.mx\/enviaran-exhortos-a-los-gobiernos-federal-y-del-estado\/#primaryimage"},"image":{"@id":"https:\/\/www.sonoraenequipo.com.mx\/enviaran-exhortos-a-los-gobiernos-federal-y-del-estado\/#primaryimage"},"thumbnailUrl":"https:\/\/www.sonoraenequipo.com.mx\/storage\/2018\/06\/exhorto_congreso_opt.jpg","datePublished":"2018-06-21T22:10:51+00:00","dateModified":"2018-06-22T02:37:30+00:00","description":"HERMOSILLO, SONORA. MX. \u2014 Para que se refuercen acciones presupuestales, diplom\u00e1ticas y de asistencia jur\u00eddica por las medidas anti migratorias emitidas En Sonora en Equipo publicamos toda la informaci\u00f3n de Sonora, M\u00e9xico y el Mundo de manera oportuna y busca que la libertad de expresi\u00f3n sea real. Visita nuestro medio informativo publicado desde Hermosillo, Sonora. %","breadcrumb":{"@id":"https:\/\/www.sonoraenequipo.com.mx\/enviaran-exhortos-a-los-gobiernos-federal-y-del-estado\/#breadcrumb"},"inLanguage":"es","potentialAction":[{"@type":"ReadAction","target":["https:\/\/www.sonoraenequipo.com.mx\/enviaran-exhortos-a-los-gobiernos-federal-y-del-estado\/"]}]},{"@type":"ImageObject","inLanguage":"es","@id":"https:\/\/www.sonoraenequipo.com.mx\/enviaran-exhortos-a-los-gobiernos-federal-y-del-estado\/#primaryimage","url":"https:\/\/www.sonoraenequipo.com.mx\/storage\/2018\/06\/exhorto_congreso_opt.jpg","contentUrl":"https:\/\/www.sonoraenequipo.com.mx\/storage\/2018\/06\/exhorto_congreso_opt.jpg","width":600,"height":400},{"@type":"BreadcrumbList","@id":"https:\/\/www.sonoraenequipo.com.mx\/enviaran-exhortos-a-los-gobiernos-federal-y-del-estado\/#breadcrumb","itemListElement":[{"@type":"ListItem","position":1,"name":"Portada","item":"https:\/\/www.sonoraenequipo.com.mx\/"},{"@type":"ListItem","position":2,"name":"Enviar\u00e1n exhortos a los gobiernos Federal y del Estado"}]},{"@type":"WebSite","@id":"https:\/\/www.sonoraenequipo.com.mx\/#website","url":"https:\/\/www.sonoraenequipo.com.mx\/","name":"Sonora en Equipo.","description":"Diario en l\u00ednea con Noticias desde Hermosillo, Sonora","publisher":{"@id":"https:\/\/www.sonoraenequipo.com.mx\/#organization"},"potentialAction":[{"@type":"SearchAction","target":{"@type":"EntryPoint","urlTemplate":"https:\/\/www.sonoraenequipo.com.mx\/?s={search_term_string}"},"query-input":{"@type":"PropertyValueSpecification","valueRequired":true,"valueName":"search_term_string"}}],"inLanguage":"es"},{"@type":"Organization","@id":"https:\/\/www.sonoraenequipo.com.mx\/#organization","name":"Sonoraenequipo.com.mx","url":"https:\/\/www.sonoraenequipo.com.mx\/","logo":{"@type":"ImageObject","inLanguage":"es","@id":"https:\/\/www.sonoraenequipo.com.mx\/#\/schema\/logo\/image\/","url":"https:\/\/www.sonoraenequipo.com.mx\/storage\/2019\/01\/sonoraenequipo_opt.png","contentUrl":"https:\/\/www.sonoraenequipo.com.mx\/storage\/2019\/01\/sonoraenequipo_opt.png","width":375,"height":125,"caption":"Sonoraenequipo.com.mx"},"image":{"@id":"https:\/\/www.sonoraenequipo.com.mx\/#\/schema\/logo\/image\/"},"sameAs":["https:\/\/www.facebook.com\/SonoraEE\/","https:\/\/x.com\/sonoraenequipo","https:\/\/www.youtube.com\/channel\/UC338nW-lPEYmJQs4ZABQ1SQ"]},{"@type":"Person","@id":"https:\/\/www.sonoraenequipo.com.mx\/#\/schema\/person\/50102df0fb23a8fa9e8effad8fa81386","name":"enequipo","image":{"@type":"ImageObject","inLanguage":"es","@id":"https:\/\/www.sonoraenequipo.com.mx\/#\/schema\/person\/image\/","url":"https:\/\/secure.gravatar.com\/avatar\/049821681b589dabc0bc20695993ccebb09f5b5d4d790cd9251b97faac7c652b?s=96&d=blank&r=g","contentUrl":"https:\/\/secure.gravatar.com\/avatar\/049821681b589dabc0bc20695993ccebb09f5b5d4d790cd9251b97faac7c652b?s=96&d=blank&r=g","caption":"enequipo"},"sameAs":["https:\/\/www.facebook.com\/SonoraEE"]}]}},"jetpack_featured_media_url":"https:\/\/www.sonoraenequipo.com.mx\/storage\/2018\/06\/exhorto_congreso_opt.jpg","_links":{"self":[{"href":"https:\/\/www.sonoraenequipo.com.mx\/api\/wp\/v2\/posts\/39374","targetHints":{"allow":["GET"]}}],"collection":[{"href":"https:\/\/www.sonoraenequipo.com.mx\/api\/wp\/v2\/posts"}],"about":[{"href":"https:\/\/www.sonoraenequipo.com.mx\/api\/wp\/v2\/types\/post"}],"author":[{"embeddable":true,"href":"https:\/\/www.sonoraenequipo.com.mx\/api\/wp\/v2\/users\/1"}],"replies":[{"embeddable":true,"href":"https:\/\/www.sonoraenequipo.com.mx\/api\/wp\/v2\/comments?post=39374"}],"version-history":[{"count":0,"href":"https:\/\/www.sonoraenequipo.com.mx\/api\/wp\/v2\/posts\/39374\/revisions"}],"wp:featuredmedia":[{"embeddable":true,"href":"https:\/\/www.sonoraenequipo.com.mx\/api\/wp\/v2\/media\/39358"}],"wp:attachment":[{"href":"https:\/\/www.sonoraenequipo.com.mx\/api\/wp\/v2\/media?parent=39374"}],"wp:term":[{"taxonomy":"category","embeddable":true,"href":"https:\/\/www.sonoraenequipo.com.mx\/api\/wp\/v2\/categories?post=39374"},{"taxonomy":"post_tag","embeddable":true,"href":"https:\/\/www.sonoraenequipo.com.mx\/api\/wp\/v2\/tags?post=39374"}],"curies":[{"name":"wp","href":"https:\/\/api.w.org\/{rel}","templated":true}]}}