{"id":39376,"date":"2018-06-21T15:20:16","date_gmt":"2018-06-21T22:20:16","guid":{"rendered":"http:\/\/www.sonoraenequipo.com.mx\/?p=39376"},"modified":"2018-06-21T19:42:48","modified_gmt":"2018-06-22T02:42:48","slug":"firman-convenio-congreso-del-estado-y-tribunal-de-justicia-administrativa-del-estado","status":"publish","type":"post","link":"https:\/\/www.sonoraenequipo.com.mx\/firman-convenio-congreso-del-estado-y-tribunal-de-justicia-administrativa-del-estado\/","title":{"rendered":"Firman convenio Congreso del Estado y Tribunal de Justicia Administrativa del Estado"},"content":{"rendered":"<p>HERMOSILLO, SONORA. MX.\u2014 Para establecer lineamientos de cooperaci\u00f3n y capacitaci\u00f3n de sus \u00e1reas t\u00e9cnicas, el Congreso del Estado de Sonora y el Tribunal de Justicia Administrativa del Estado signaron un convenio general de colaboraci\u00f3n.<\/p>\n<p> <\/p>\n<p>El documento fue signado por el Presidente del \u00f3rgano legislativo, diputado Rafael Buelna Clark, y por el Magistrado Presidente de dicho tribunal, Aldo Gerardo Padilla Pesta\u00f1o, as\u00ed como por la directora general del Centro de Investigaciones Parlamentarias, Jazm\u00edn Paloma Valenzuela C\u00e1rdenas.<\/p>\n<p>Para su ejecuci\u00f3n, el convenio dispone la capacitaci\u00f3n del personal interno de ambas instituciones mediante el intercambio de conocimientos t\u00e9cnicos para su mejor desempe\u00f1o, a trav\u00e9s de la organizaci\u00f3n de cursos, talleres o seminarios en donde participen ambas instancias.<\/p>\n<p>El documento establece que tendr\u00e1 una vigencia de cuatro a\u00f1os, y al mismo le deber\u00e1n dar seguimiento la directora de capacitaci\u00f3n del tribunal, Ver\u00f3nica Acu\u00f1a Duarte, y la directora general del CIPES, Jazm\u00edn Valenzuela.<\/p>\n<p>En el evento, el presidente de la mesa directiva del Congreso del Estado, diputado Rafael Buelna Clark, destac\u00f3 la importancia de hacer alianzas con instituciones que buscan, al igual que el Poder que representa, llevar a cabo acciones que traigan a Sonora a mayores niveles de desarrollo.<\/p>\n<p><em>\u201cHoy por hoy, ante los desaf\u00edos que plantea la transparencia y la creciente participaci\u00f3n ciudadana, nuestro pa\u00eds necesita de una administraci\u00f3n p\u00fablica capaz de responder oportuna y eficientemente cualquier requerimiento de gesti\u00f3n p\u00fablica\u201d,<\/em> afirm\u00f3.<\/p>\n<p>A\u00f1adi\u00f3 que con esta firma, el Congreso del Estdo abraza el compromiso de cumplir y llevar a buen t\u00e9rmino cada uno de los objetivos plasmados de capacitaci\u00f3n y cooperaci\u00f3n interinstitucional.<\/p>\n<p>Encomend\u00f3 tambi\u00e9n a la directora del CIPES, a dar puntual seguimiento a este convenio de colaboraci\u00f3n, de tal manera que se pueda iniciar a la brevedad con las actividades de capacitaci\u00f3n y cooperaci\u00f3n que fortalezcan mutuamente el trabajo de cada instituci\u00f3n.<\/p>\n<p>(Fecha de publicaci\u00f3n 21062018)<\/p>\n","protected":false},"excerpt":{"rendered":"<p>HERMOSILLO, SONORA. MX.\u2014 Para establecer lineamientos de cooperaci\u00f3n y capacitaci\u00f3n de sus \u00e1reas t\u00e9cnicas, el&#8230;<\/p>\n","protected":false},"author":1,"featured_media":39360,"comment_status":"open","ping_status":"open","sticky":false,"template":"","format":"standard","meta":{"_monsterinsights_skip_tracking":false,"_monsterinsights_sitenote_active":false,"_monsterinsights_sitenote_note":"","_monsterinsights_sitenote_category":0,"footnotes":""},"categories":[13,22],"tags":[],"class_list":["post"],"yoast_head":" \n<title>Sonora en Equipo. Firman convenio Congreso del Estado y Tribunal de Justicia Administrativa del Estado Destacadas<\/title>\n<meta name=\"description\" content=\"HERMOSILLO, SONORA. MX.\u2014 Para establecer lineamientos de cooperaci\u00f3n y capacitaci\u00f3n de sus \u00e1reas t\u00e9cnicas, el Congreso del Estado de Sonora y el Tribunal En Sonora en Equipo publicamos toda la informaci\u00f3n de Sonora, M\u00e9xico y el Mundo de manera oportuna y busca que la libertad de expresi\u00f3n sea real. Visita nuestro medio informativo publicado desde Hermosillo, Sonora. %\" \/>\n<meta name=\"robots\" content=\"index, follow, max-snippet:-1, max-image-preview:large, max-video-preview:-1\" \/>\n<link rel=\"canonical\" href=\"https:\/\/www.sonoraenequipo.com.mx\/firman-convenio-congreso-del-estado-y-tribunal-de-justicia-administrativa-del-estado\/\" \/>\n<meta property=\"og:locale\" content=\"es_ES\" \/>\n<meta property=\"og:type\" content=\"article\" \/>\n<meta property=\"og:title\" content=\"Sonora en Equipo. Firman convenio Congreso del Estado y Tribunal de Justicia Administrativa del Estado Destacadas\" \/>\n<meta property=\"og:description\" content=\"HERMOSILLO, SONORA. MX.\u2014 Para establecer lineamientos de cooperaci\u00f3n y capacitaci\u00f3n de sus \u00e1reas t\u00e9cnicas, el Congreso del Estado de Sonora y el Tribunal En Sonora en Equipo publicamos toda la informaci\u00f3n de Sonora, M\u00e9xico y el Mundo de manera oportuna y busca que la libertad de expresi\u00f3n sea real. Visita nuestro medio informativo publicado desde Hermosillo, Sonora. %\" \/>\n<meta property=\"og:url\" content=\"https:\/\/www.sonoraenequipo.com.mx\/firman-convenio-congreso-del-estado-y-tribunal-de-justicia-administrativa-del-estado\/\" \/>\n<meta property=\"og:site_name\" content=\"Sonora en Equipo.\" \/>\n<meta property=\"article:publisher\" content=\"https:\/\/www.facebook.com\/SonoraEE\/\" \/>\n<meta property=\"article:author\" content=\"https:\/\/www.facebook.com\/SonoraEE\" \/>\n<meta property=\"article:published_time\" content=\"2018-06-21T22:20:16+00:00\" \/>\n<meta property=\"article:modified_time\" content=\"2018-06-22T02:42:48+00:00\" \/>\n<meta property=\"og:image\" content=\"https:\/\/www.sonoraenequipo.com.mx\/storage\/2018\/06\/congreso_opt14.jpg\" \/>\n\t<meta property=\"og:image:width\" content=\"600\" \/>\n\t<meta property=\"og:image:height\" content=\"400\" \/>\n\t<meta property=\"og:image:type\" content=\"image\/jpeg\" \/>\n<meta name=\"author\" content=\"enequipo\" \/>\n<meta name=\"twitter:card\" content=\"summary_large_image\" \/>\n<meta name=\"twitter:creator\" content=\"@sonoraenequipo\" \/>\n<meta name=\"twitter:site\" content=\"@sonoraenequipo\" \/>\n<meta name=\"twitter:label1\" content=\"Escrito por\" \/>\n\t<meta name=\"twitter:data1\" content=\"enequipo\" \/>\n\t<meta name=\"twitter:label2\" content=\"Tiempo de lectura\" \/>\n\t<meta name=\"twitter:data2\" content=\"2 minutos\" \/>\n<script type=\"application\/ld+json\" class=\"yoast-schema-graph\">{\"@context\":\"https:\/\/schema.org\",\"@graph\":[{\"@type\":\"Article\",\"@id\":\"https:\/\/www.sonoraenequipo.com.mx\/firman-convenio-congreso-del-estado-y-tribunal-de-justicia-administrativa-del-estado\/#article\",\"isPartOf\":{\"@id\":\"https:\/\/www.sonoraenequipo.com.mx\/firman-convenio-congreso-del-estado-y-tribunal-de-justicia-administrativa-del-estado\/\"},\"author\":{\"name\":\"enequipo\",\"@id\":\"https:\/\/www.sonoraenequipo.com.mx\/#\/schema\/person\/50102df0fb23a8fa9e8effad8fa81386\"},\"headline\":\"Firman convenio Congreso del Estado y Tribunal de Justicia Administrativa del Estado\",\"datePublished\":\"2018-06-21T22:20:16+00:00\",\"dateModified\":\"2018-06-22T02:42:48+00:00\",\"mainEntityOfPage\":{\"@id\":\"https:\/\/www.sonoraenequipo.com.mx\/firman-convenio-congreso-del-estado-y-tribunal-de-justicia-administrativa-del-estado\/\"},\"wordCount\":351,\"commentCount\":0,\"publisher\":{\"@id\":\"https:\/\/www.sonoraenequipo.com.mx\/#organization\"},\"image\":{\"@id\":\"https:\/\/www.sonoraenequipo.com.mx\/firman-convenio-congreso-del-estado-y-tribunal-de-justicia-administrativa-del-estado\/#primaryimage\"},\"thumbnailUrl\":\"https:\/\/www.sonoraenequipo.com.mx\/storage\/2018\/06\/congreso_opt14.jpg\",\"articleSection\":[\"Destacadas\",\"Sonora\"],\"inLanguage\":\"es\",\"potentialAction\":[{\"@type\":\"CommentAction\",\"name\":\"Comment\",\"target\":[\"https:\/\/www.sonoraenequipo.com.mx\/firman-convenio-congreso-del-estado-y-tribunal-de-justicia-administrativa-del-estado\/#respond\"]}]},{\"@type\":\"WebPage\",\"@id\":\"https:\/\/www.sonoraenequipo.com.mx\/firman-convenio-congreso-del-estado-y-tribunal-de-justicia-administrativa-del-estado\/\",\"url\":\"https:\/\/www.sonoraenequipo.com.mx\/firman-convenio-congreso-del-estado-y-tribunal-de-justicia-administrativa-del-estado\/\",\"name\":\"Sonora en Equipo. Firman convenio Congreso del Estado y Tribunal de Justicia Administrativa del Estado Destacadas\",\"isPartOf\":{\"@id\":\"https:\/\/www.sonoraenequipo.com.mx\/#website\"},\"primaryImageOfPage\":{\"@id\":\"https:\/\/www.sonoraenequipo.com.mx\/firman-convenio-congreso-del-estado-y-tribunal-de-justicia-administrativa-del-estado\/#primaryimage\"},\"image\":{\"@id\":\"https:\/\/www.sonoraenequipo.com.mx\/firman-convenio-congreso-del-estado-y-tribunal-de-justicia-administrativa-del-estado\/#primaryimage\"},\"thumbnailUrl\":\"https:\/\/www.sonoraenequipo.com.mx\/storage\/2018\/06\/congreso_opt14.jpg\",\"datePublished\":\"2018-06-21T22:20:16+00:00\",\"dateModified\":\"2018-06-22T02:42:48+00:00\",\"description\":\"HERMOSILLO, SONORA. MX.\u2014 Para establecer lineamientos de cooperaci\u00f3n y capacitaci\u00f3n de sus \u00e1reas t\u00e9cnicas, el Congreso del Estado de Sonora y el Tribunal En Sonora en Equipo publicamos toda la informaci\u00f3n de Sonora, M\u00e9xico y el Mundo de manera oportuna y busca que la libertad de expresi\u00f3n sea real. Visita nuestro medio informativo publicado desde Hermosillo, Sonora. %\",\"breadcrumb\":{\"@id\":\"https:\/\/www.sonoraenequipo.com.mx\/firman-convenio-congreso-del-estado-y-tribunal-de-justicia-administrativa-del-estado\/#breadcrumb\"},\"inLanguage\":\"es\",\"potentialAction\":[{\"@type\":\"ReadAction\",\"target\":[\"https:\/\/www.sonoraenequipo.com.mx\/firman-convenio-congreso-del-estado-y-tribunal-de-justicia-administrativa-del-estado\/\"]}]},{\"@type\":\"ImageObject\",\"inLanguage\":\"es\",\"@id\":\"https:\/\/www.sonoraenequipo.com.mx\/firman-convenio-congreso-del-estado-y-tribunal-de-justicia-administrativa-del-estado\/#primaryimage\",\"url\":\"https:\/\/www.sonoraenequipo.com.mx\/storage\/2018\/06\/congreso_opt14.jpg\",\"contentUrl\":\"https:\/\/www.sonoraenequipo.com.mx\/storage\/2018\/06\/congreso_opt14.jpg\",\"width\":600,\"height\":400},{\"@type\":\"BreadcrumbList\",\"@id\":\"https:\/\/www.sonoraenequipo.com.mx\/firman-convenio-congreso-del-estado-y-tribunal-de-justicia-administrativa-del-estado\/#breadcrumb\",\"itemListElement\":[{\"@type\":\"ListItem\",\"position\":1,\"name\":\"Portada\",\"item\":\"https:\/\/www.sonoraenequipo.com.mx\/\"},{\"@type\":\"ListItem\",\"position\":2,\"name\":\"Firman convenio Congreso del Estado y Tribunal de Justicia Administrativa del Estado\"}]},{\"@type\":\"WebSite\",\"@id\":\"https:\/\/www.sonoraenequipo.com.mx\/#website\",\"url\":\"https:\/\/www.sonoraenequipo.com.mx\/\",\"name\":\"Sonora en Equipo.\",\"description\":\"Diario en l\u00ednea con Noticias desde Hermosillo, Sonora\",\"publisher\":{\"@id\":\"https:\/\/www.sonoraenequipo.com.mx\/#organization\"},\"potentialAction\":[{\"@type\":\"SearchAction\",\"target\":{\"@type\":\"EntryPoint\",\"urlTemplate\":\"https:\/\/www.sonoraenequipo.com.mx\/?s={search_term_string}\"},\"query-input\":{\"@type\":\"PropertyValueSpecification\",\"valueRequired\":true,\"valueName\":\"search_term_string\"}}],\"inLanguage\":\"es\"},{\"@type\":\"Organization\",\"@id\":\"https:\/\/www.sonoraenequipo.com.mx\/#organization\",\"name\":\"Sonoraenequipo.com.mx\",\"url\":\"https:\/\/www.sonoraenequipo.com.mx\/\",\"logo\":{\"@type\":\"ImageObject\",\"inLanguage\":\"es\",\"@id\":\"https:\/\/www.sonoraenequipo.com.mx\/#\/schema\/logo\/image\/\",\"url\":\"https:\/\/www.sonoraenequipo.com.mx\/storage\/2019\/01\/sonoraenequipo_opt.png\",\"contentUrl\":\"https:\/\/www.sonoraenequipo.com.mx\/storage\/2019\/01\/sonoraenequipo_opt.png\",\"width\":375,\"height\":125,\"caption\":\"Sonoraenequipo.com.mx\"},\"image\":{\"@id\":\"https:\/\/www.sonoraenequipo.com.mx\/#\/schema\/logo\/image\/\"},\"sameAs\":[\"https:\/\/www.facebook.com\/SonoraEE\/\",\"https:\/\/x.com\/sonoraenequipo\",\"https:\/\/www.youtube.com\/channel\/UC338nW-lPEYmJQs4ZABQ1SQ\"]},{\"@type\":\"Person\",\"@id\":\"https:\/\/www.sonoraenequipo.com.mx\/#\/schema\/person\/50102df0fb23a8fa9e8effad8fa81386\",\"name\":\"enequipo\",\"image\":{\"@type\":\"ImageObject\",\"inLanguage\":\"es\",\"@id\":\"https:\/\/www.sonoraenequipo.com.mx\/#\/schema\/person\/image\/\",\"url\":\"https:\/\/secure.gravatar.com\/avatar\/049821681b589dabc0bc20695993ccebb09f5b5d4d790cd9251b97faac7c652b?s=96&d=blank&r=g\",\"contentUrl\":\"https:\/\/secure.gravatar.com\/avatar\/049821681b589dabc0bc20695993ccebb09f5b5d4d790cd9251b97faac7c652b?s=96&d=blank&r=g\",\"caption\":\"enequipo\"},\"sameAs\":[\"https:\/\/www.facebook.com\/SonoraEE\"]}]}<\/script>\n ","yoast_head_json":{"title":"Sonora en Equipo. Firman convenio Congreso del Estado y Tribunal de Justicia Administrativa del Estado Destacadas","description":"HERMOSILLO, SONORA. MX.\u2014 Para establecer lineamientos de cooperaci\u00f3n y capacitaci\u00f3n de sus \u00e1reas t\u00e9cnicas, el Congreso del Estado de Sonora y el Tribunal En Sonora en Equipo publicamos toda la informaci\u00f3n de Sonora, M\u00e9xico y el Mundo de manera oportuna y busca que la libertad de expresi\u00f3n sea real. Visita nuestro medio informativo publicado desde Hermosillo, Sonora. %","robots":{"index":"index","follow":"follow","max-snippet":"max-snippet:-1","max-image-preview":"max-image-preview:large","max-video-preview":"max-video-preview:-1"},"canonical":"https:\/\/www.sonoraenequipo.com.mx\/firman-convenio-congreso-del-estado-y-tribunal-de-justicia-administrativa-del-estado\/","og_locale":"es_ES","og_type":"article","og_title":"Sonora en Equipo. Firman convenio Congreso del Estado y Tribunal de Justicia Administrativa del Estado Destacadas","og_description":"HERMOSILLO, SONORA. MX.\u2014 Para establecer lineamientos de cooperaci\u00f3n y capacitaci\u00f3n de sus \u00e1reas t\u00e9cnicas, el Congreso del Estado de Sonora y el Tribunal En Sonora en Equipo publicamos toda la informaci\u00f3n de Sonora, M\u00e9xico y el Mundo de manera oportuna y busca que la libertad de expresi\u00f3n sea real. Visita nuestro medio informativo publicado desde Hermosillo, Sonora. %","og_url":"https:\/\/www.sonoraenequipo.com.mx\/firman-convenio-congreso-del-estado-y-tribunal-de-justicia-administrativa-del-estado\/","og_site_name":"Sonora en Equipo.","article_publisher":"https:\/\/www.facebook.com\/SonoraEE\/","article_author":"https:\/\/www.facebook.com\/SonoraEE","article_published_time":"2018-06-21T22:20:16+00:00","article_modified_time":"2018-06-22T02:42:48+00:00","og_image":[{"width":600,"height":400,"url":"https:\/\/www.sonoraenequipo.com.mx\/storage\/2018\/06\/congreso_opt14.jpg","type":"image\/jpeg"}],"author":"enequipo","twitter_card":"summary_large_image","twitter_creator":"@sonoraenequipo","twitter_site":"@sonoraenequipo","twitter_misc":{"Escrito por":"enequipo","Tiempo de lectura":"2 minutos"},"schema":{"@context":"https:\/\/schema.org","@graph":[{"@type":"Article","@id":"https:\/\/www.sonoraenequipo.com.mx\/firman-convenio-congreso-del-estado-y-tribunal-de-justicia-administrativa-del-estado\/#article","isPartOf":{"@id":"https:\/\/www.sonoraenequipo.com.mx\/firman-convenio-congreso-del-estado-y-tribunal-de-justicia-administrativa-del-estado\/"},"author":{"name":"enequipo","@id":"https:\/\/www.sonoraenequipo.com.mx\/#\/schema\/person\/50102df0fb23a8fa9e8effad8fa81386"},"headline":"Firman convenio Congreso del Estado y Tribunal de Justicia Administrativa del Estado","datePublished":"2018-06-21T22:20:16+00:00","dateModified":"2018-06-22T02:42:48+00:00","mainEntityOfPage":{"@id":"https:\/\/www.sonoraenequipo.com.mx\/firman-convenio-congreso-del-estado-y-tribunal-de-justicia-administrativa-del-estado\/"},"wordCount":351,"commentCount":0,"publisher":{"@id":"https:\/\/www.sonoraenequipo.com.mx\/#organization"},"image":{"@id":"https:\/\/www.sonoraenequipo.com.mx\/firman-convenio-congreso-del-estado-y-tribunal-de-justicia-administrativa-del-estado\/#primaryimage"},"thumbnailUrl":"https:\/\/www.sonoraenequipo.com.mx\/storage\/2018\/06\/congreso_opt14.jpg","articleSection":["Destacadas","Sonora"],"inLanguage":"es","potentialAction":[{"@type":"CommentAction","name":"Comment","target":["https:\/\/www.sonoraenequipo.com.mx\/firman-convenio-congreso-del-estado-y-tribunal-de-justicia-administrativa-del-estado\/#respond"]}]},{"@type":"WebPage","@id":"https:\/\/www.sonoraenequipo.com.mx\/firman-convenio-congreso-del-estado-y-tribunal-de-justicia-administrativa-del-estado\/","url":"https:\/\/www.sonoraenequipo.com.mx\/firman-convenio-congreso-del-estado-y-tribunal-de-justicia-administrativa-del-estado\/","name":"Sonora en Equipo. Firman convenio Congreso del Estado y Tribunal de Justicia Administrativa del Estado Destacadas","isPartOf":{"@id":"https:\/\/www.sonoraenequipo.com.mx\/#website"},"primaryImageOfPage":{"@id":"https:\/\/www.sonoraenequipo.com.mx\/firman-convenio-congreso-del-estado-y-tribunal-de-justicia-administrativa-del-estado\/#primaryimage"},"image":{"@id":"https:\/\/www.sonoraenequipo.com.mx\/firman-convenio-congreso-del-estado-y-tribunal-de-justicia-administrativa-del-estado\/#primaryimage"},"thumbnailUrl":"https:\/\/www.sonoraenequipo.com.mx\/storage\/2018\/06\/congreso_opt14.jpg","datePublished":"2018-06-21T22:20:16+00:00","dateModified":"2018-06-22T02:42:48+00:00","description":"HERMOSILLO, SONORA. MX.\u2014 Para establecer lineamientos de cooperaci\u00f3n y capacitaci\u00f3n de sus \u00e1reas t\u00e9cnicas, el Congreso del Estado de Sonora y el Tribunal En Sonora en Equipo publicamos toda la informaci\u00f3n de Sonora, M\u00e9xico y el Mundo de manera oportuna y busca que la libertad de expresi\u00f3n sea real. Visita nuestro medio informativo publicado desde Hermosillo, Sonora. %","breadcrumb":{"@id":"https:\/\/www.sonoraenequipo.com.mx\/firman-convenio-congreso-del-estado-y-tribunal-de-justicia-administrativa-del-estado\/#breadcrumb"},"inLanguage":"es","potentialAction":[{"@type":"ReadAction","target":["https:\/\/www.sonoraenequipo.com.mx\/firman-convenio-congreso-del-estado-y-tribunal-de-justicia-administrativa-del-estado\/"]}]},{"@type":"ImageObject","inLanguage":"es","@id":"https:\/\/www.sonoraenequipo.com.mx\/firman-convenio-congreso-del-estado-y-tribunal-de-justicia-administrativa-del-estado\/#primaryimage","url":"https:\/\/www.sonoraenequipo.com.mx\/storage\/2018\/06\/congreso_opt14.jpg","contentUrl":"https:\/\/www.sonoraenequipo.com.mx\/storage\/2018\/06\/congreso_opt14.jpg","width":600,"height":400},{"@type":"BreadcrumbList","@id":"https:\/\/www.sonoraenequipo.com.mx\/firman-convenio-congreso-del-estado-y-tribunal-de-justicia-administrativa-del-estado\/#breadcrumb","itemListElement":[{"@type":"ListItem","position":1,"name":"Portada","item":"https:\/\/www.sonoraenequipo.com.mx\/"},{"@type":"ListItem","position":2,"name":"Firman convenio Congreso del Estado y Tribunal de Justicia Administrativa del Estado"}]},{"@type":"WebSite","@id":"https:\/\/www.sonoraenequipo.com.mx\/#website","url":"https:\/\/www.sonoraenequipo.com.mx\/","name":"Sonora en Equipo.","description":"Diario en l\u00ednea con Noticias desde Hermosillo, Sonora","publisher":{"@id":"https:\/\/www.sonoraenequipo.com.mx\/#organization"},"potentialAction":[{"@type":"SearchAction","target":{"@type":"EntryPoint","urlTemplate":"https:\/\/www.sonoraenequipo.com.mx\/?s={search_term_string}"},"query-input":{"@type":"PropertyValueSpecification","valueRequired":true,"valueName":"search_term_string"}}],"inLanguage":"es"},{"@type":"Organization","@id":"https:\/\/www.sonoraenequipo.com.mx\/#organization","name":"Sonoraenequipo.com.mx","url":"https:\/\/www.sonoraenequipo.com.mx\/","logo":{"@type":"ImageObject","inLanguage":"es","@id":"https:\/\/www.sonoraenequipo.com.mx\/#\/schema\/logo\/image\/","url":"https:\/\/www.sonoraenequipo.com.mx\/storage\/2019\/01\/sonoraenequipo_opt.png","contentUrl":"https:\/\/www.sonoraenequipo.com.mx\/storage\/2019\/01\/sonoraenequipo_opt.png","width":375,"height":125,"caption":"Sonoraenequipo.com.mx"},"image":{"@id":"https:\/\/www.sonoraenequipo.com.mx\/#\/schema\/logo\/image\/"},"sameAs":["https:\/\/www.facebook.com\/SonoraEE\/","https:\/\/x.com\/sonoraenequipo","https:\/\/www.youtube.com\/channel\/UC338nW-lPEYmJQs4ZABQ1SQ"]},{"@type":"Person","@id":"https:\/\/www.sonoraenequipo.com.mx\/#\/schema\/person\/50102df0fb23a8fa9e8effad8fa81386","name":"enequipo","image":{"@type":"ImageObject","inLanguage":"es","@id":"https:\/\/www.sonoraenequipo.com.mx\/#\/schema\/person\/image\/","url":"https:\/\/secure.gravatar.com\/avatar\/049821681b589dabc0bc20695993ccebb09f5b5d4d790cd9251b97faac7c652b?s=96&d=blank&r=g","contentUrl":"https:\/\/secure.gravatar.com\/avatar\/049821681b589dabc0bc20695993ccebb09f5b5d4d790cd9251b97faac7c652b?s=96&d=blank&r=g","caption":"enequipo"},"sameAs":["https:\/\/www.facebook.com\/SonoraEE"]}]}},"jetpack_featured_media_url":"https:\/\/www.sonoraenequipo.com.mx\/storage\/2018\/06\/congreso_opt14.jpg","_links":{"self":[{"href":"https:\/\/www.sonoraenequipo.com.mx\/api\/wp\/v2\/posts\/39376","targetHints":{"allow":["GET"]}}],"collection":[{"href":"https:\/\/www.sonoraenequipo.com.mx\/api\/wp\/v2\/posts"}],"about":[{"href":"https:\/\/www.sonoraenequipo.com.mx\/api\/wp\/v2\/types\/post"}],"author":[{"embeddable":true,"href":"https:\/\/www.sonoraenequipo.com.mx\/api\/wp\/v2\/users\/1"}],"replies":[{"embeddable":true,"href":"https:\/\/www.sonoraenequipo.com.mx\/api\/wp\/v2\/comments?post=39376"}],"version-history":[{"count":0,"href":"https:\/\/www.sonoraenequipo.com.mx\/api\/wp\/v2\/posts\/39376\/revisions"}],"wp:featuredmedia":[{"embeddable":true,"href":"https:\/\/www.sonoraenequipo.com.mx\/api\/wp\/v2\/media\/39360"}],"wp:attachment":[{"href":"https:\/\/www.sonoraenequipo.com.mx\/api\/wp\/v2\/media?parent=39376"}],"wp:term":[{"taxonomy":"category","embeddable":true,"href":"https:\/\/www.sonoraenequipo.com.mx\/api\/wp\/v2\/categories?post=39376"},{"taxonomy":"post_tag","embeddable":true,"href":"https:\/\/www.sonoraenequipo.com.mx\/api\/wp\/v2\/tags?post=39376"}],"curies":[{"name":"wp","href":"https:\/\/api.w.org\/{rel}","templated":true}]}}