{"id":421,"date":"2015-10-14T19:09:12","date_gmt":"2015-10-15T02:09:12","guid":{"rendered":"http:\/\/www.sonoraenequipo.com.mx\/?p=421"},"modified":"2020-05-18T18:21:36","modified_gmt":"2020-05-19T01:21:36","slug":"eu-crea-nuevo-puesto-para-luchar-contra-el-terrorismo-interno","status":"publish","type":"post","link":"https:\/\/www.sonoraenequipo.com.mx\/eu-crea-nuevo-puesto-para-luchar-contra-el-terrorismo-interno\/","title":{"rendered":"EU crea nuevo puesto para luchar contra el terrorismo interno"},"content":{"rendered":"<p>14102015. WASHINGTON, ESTADOS UNIDOS. EFE.\u2014 El Gobierno de Estados Unidos anunci\u00f3 la creaci\u00f3n de un nuevo puesto para luchar contra el terrorismo dentro del pa\u00eds y delinear una estrategia nacional para combatir ataques inspirados en grupos yihadistas y tambi\u00e9n por motivos raciales y antigubernamentales.<\/p>\n<p> <br \/>\nDurante un seminario en la Universidad George Washington, el fiscal general adjunto para Seguridad Nacional, John P. Carlin, inform\u00f3 del nombramiento de un nuevo consejero de terrorismo interno que jugar\u00e1 \u00abun papel clave\u00bb para identificar las amenazas terroristas y coordinar el trabajo de todos los fiscales del pa\u00eds.<\/p>\n<p>\u00abEn los \u00faltimos a\u00f1os, m\u00e1s gente ha muerto en este pa\u00eds por el ataque de terroristas internos que en ataques asociados a grupo terroristas extranjeros\u00bb, advirti\u00f3 el procurador, que mencion\u00f3 en varias ocasiones el atentado de Oklahoma City, del que se cumplieron en abril pasado veinte a\u00f1os y que caus\u00f3 168 muertos.<\/p>\n<p>Este ataque, el acto terrorista m\u00e1s mort\u00edfero cometido en Estados Unidos hasta los a atentados del 11 de septiembre de 2001, estaba dirigido contra el edificio gubernamental Alfred P. Murrah de Oklahoma City y fue perpetrado por dos hombres, simpatizantes ultraderechistas y antigubernamentales.<\/p>\n<p>De esta forma, aunque el mensaje de \u00abodio y violencia\u00bb de grupos como Al Qaeda y el Estado Isl\u00e1mico (EI) ha penetrado en Estados Unidos, las causas del terrorismo interno son m\u00e1s amplias y abarcan desde motivos anarquistas, de intolerancia y oposici\u00f3n al Gobierno, hasta ideas racistas o de ultraderecha, seg\u00fan destac\u00f3 P. Carlin.<\/p>\n<p>Ejemplo de esa situaci\u00f3n es el ataque del joven blanco Dylann Roof, que el pasado 17 de junio irrumpi\u00f3 en una hist\u00f3rica iglesia de la comunidad negra de Charleston (Carolina del Sur) y acab\u00f3 con la vida de nueve feligreses negros supuestamente por odio racial.<\/p>\n","protected":false},"excerpt":{"rendered":"<p>14102015. WASHINGTON, ESTADOS UNIDOS. EFE.\u2014 El Gobierno de Estados Unidos anunci\u00f3 la creaci\u00f3n de un&#8230;<\/p>\n","protected":false},"author":1,"featured_media":0,"comment_status":"open","ping_status":"open","sticky":false,"template":"","format":"standard","meta":{"_monsterinsights_skip_tracking":false,"_monsterinsights_sitenote_active":false,"_monsterinsights_sitenote_note":"","_monsterinsights_sitenote_category":0,"footnotes":""},"categories":[3],"tags":[150,497,144,496,495,494],"class_list":["post"],"yoast_head":" \n<title>Sonora en Equipo. EU crea nuevo puesto para luchar contra el terrorismo interno<\/title>\n<meta name=\"description\" content=\"14102015. WASHINGTON, ESTADOS UNIDOS. EFE.\u2014 El Gobierno de Estados Unidos anunci\u00f3 la creaci\u00f3n de un nuevo puesto para luchar contra el terrorismo dentro En Sonora en Equipo publicamos toda la informaci\u00f3n de Sonora, M\u00e9xico y el Mundo de manera oportuna y busca que la libertad de expresi\u00f3n sea real. Visita nuestro medio informativo publicado desde Hermosillo, Sonora. %\" \/>\n<meta name=\"robots\" content=\"index, follow, max-snippet:-1, max-image-preview:large, max-video-preview:-1\" \/>\n<link rel=\"canonical\" href=\"https:\/\/www.sonoraenequipo.com.mx\/eu-crea-nuevo-puesto-para-luchar-contra-el-terrorismo-interno\/\" \/>\n<meta property=\"og:locale\" content=\"es_ES\" \/>\n<meta property=\"og:type\" content=\"article\" \/>\n<meta property=\"og:title\" content=\"Sonora en Equipo. EU crea nuevo puesto para luchar contra el terrorismo interno\" \/>\n<meta property=\"og:description\" content=\"14102015. WASHINGTON, ESTADOS UNIDOS. EFE.\u2014 El Gobierno de Estados Unidos anunci\u00f3 la creaci\u00f3n de un nuevo puesto para luchar contra el terrorismo dentro En Sonora en Equipo publicamos toda la informaci\u00f3n de Sonora, M\u00e9xico y el Mundo de manera oportuna y busca que la libertad de expresi\u00f3n sea real. Visita nuestro medio informativo publicado desde Hermosillo, Sonora. %\" \/>\n<meta property=\"og:url\" content=\"https:\/\/www.sonoraenequipo.com.mx\/eu-crea-nuevo-puesto-para-luchar-contra-el-terrorismo-interno\/\" \/>\n<meta property=\"og:site_name\" content=\"Sonora en Equipo.\" \/>\n<meta property=\"article:publisher\" content=\"https:\/\/www.facebook.com\/SonoraEE\/\" \/>\n<meta property=\"article:author\" content=\"https:\/\/www.facebook.com\/SonoraEE\" \/>\n<meta property=\"article:published_time\" content=\"2015-10-15T02:09:12+00:00\" \/>\n<meta property=\"article:modified_time\" content=\"2020-05-19T01:21:36+00:00\" \/>\n<meta name=\"author\" content=\"enequipo\" \/>\n<meta name=\"twitter:card\" content=\"summary_large_image\" \/>\n<meta name=\"twitter:creator\" content=\"@sonoraenequipo\" \/>\n<meta name=\"twitter:site\" content=\"@sonoraenequipo\" \/>\n<meta name=\"twitter:label1\" content=\"Escrito por\" \/>\n\t<meta name=\"twitter:data1\" content=\"enequipo\" \/>\n\t<meta name=\"twitter:label2\" content=\"Tiempo de lectura\" \/>\n\t<meta name=\"twitter:data2\" content=\"1 minuto\" \/>\n<script type=\"application\/ld+json\" class=\"yoast-schema-graph\">{\"@context\":\"https:\/\/schema.org\",\"@graph\":[{\"@type\":\"Article\",\"@id\":\"https:\/\/www.sonoraenequipo.com.mx\/eu-crea-nuevo-puesto-para-luchar-contra-el-terrorismo-interno\/#article\",\"isPartOf\":{\"@id\":\"https:\/\/www.sonoraenequipo.com.mx\/eu-crea-nuevo-puesto-para-luchar-contra-el-terrorismo-interno\/\"},\"author\":{\"name\":\"enequipo\",\"@id\":\"https:\/\/www.sonoraenequipo.com.mx\/#\/schema\/person\/50102df0fb23a8fa9e8effad8fa81386\"},\"headline\":\"EU crea nuevo puesto para luchar contra el terrorismo interno\",\"datePublished\":\"2015-10-15T02:09:12+00:00\",\"dateModified\":\"2020-05-19T01:21:36+00:00\",\"mainEntityOfPage\":{\"@id\":\"https:\/\/www.sonoraenequipo.com.mx\/eu-crea-nuevo-puesto-para-luchar-contra-el-terrorismo-interno\/\"},\"wordCount\":307,\"commentCount\":0,\"publisher\":{\"@id\":\"https:\/\/www.sonoraenequipo.com.mx\/#organization\"},\"keywords\":[\"estados unidos\",\"Estrategia Nacional\",\"guerra\",\"Odio y Violencia\",\"Terrorismo\",\"Torres Gemelas\"],\"articleSection\":[\"MUNDO\"],\"inLanguage\":\"es\",\"potentialAction\":[{\"@type\":\"CommentAction\",\"name\":\"Comment\",\"target\":[\"https:\/\/www.sonoraenequipo.com.mx\/eu-crea-nuevo-puesto-para-luchar-contra-el-terrorismo-interno\/#respond\"]}]},{\"@type\":\"WebPage\",\"@id\":\"https:\/\/www.sonoraenequipo.com.mx\/eu-crea-nuevo-puesto-para-luchar-contra-el-terrorismo-interno\/\",\"url\":\"https:\/\/www.sonoraenequipo.com.mx\/eu-crea-nuevo-puesto-para-luchar-contra-el-terrorismo-interno\/\",\"name\":\"Sonora en Equipo. EU crea nuevo puesto para luchar contra el terrorismo interno\",\"isPartOf\":{\"@id\":\"https:\/\/www.sonoraenequipo.com.mx\/#website\"},\"datePublished\":\"2015-10-15T02:09:12+00:00\",\"dateModified\":\"2020-05-19T01:21:36+00:00\",\"description\":\"14102015. WASHINGTON, ESTADOS UNIDOS. EFE.\u2014 El Gobierno de Estados Unidos anunci\u00f3 la creaci\u00f3n de un nuevo puesto para luchar contra el terrorismo dentro En Sonora en Equipo publicamos toda la informaci\u00f3n de Sonora, M\u00e9xico y el Mundo de manera oportuna y busca que la libertad de expresi\u00f3n sea real. Visita nuestro medio informativo publicado desde Hermosillo, Sonora. %\",\"breadcrumb\":{\"@id\":\"https:\/\/www.sonoraenequipo.com.mx\/eu-crea-nuevo-puesto-para-luchar-contra-el-terrorismo-interno\/#breadcrumb\"},\"inLanguage\":\"es\",\"potentialAction\":[{\"@type\":\"ReadAction\",\"target\":[\"https:\/\/www.sonoraenequipo.com.mx\/eu-crea-nuevo-puesto-para-luchar-contra-el-terrorismo-interno\/\"]}]},{\"@type\":\"BreadcrumbList\",\"@id\":\"https:\/\/www.sonoraenequipo.com.mx\/eu-crea-nuevo-puesto-para-luchar-contra-el-terrorismo-interno\/#breadcrumb\",\"itemListElement\":[{\"@type\":\"ListItem\",\"position\":1,\"name\":\"Portada\",\"item\":\"https:\/\/www.sonoraenequipo.com.mx\/\"},{\"@type\":\"ListItem\",\"position\":2,\"name\":\"EU crea nuevo puesto para luchar contra el terrorismo interno\"}]},{\"@type\":\"WebSite\",\"@id\":\"https:\/\/www.sonoraenequipo.com.mx\/#website\",\"url\":\"https:\/\/www.sonoraenequipo.com.mx\/\",\"name\":\"Sonora en Equipo.\",\"description\":\"Diario en l\u00ednea con Noticias desde Hermosillo, Sonora\",\"publisher\":{\"@id\":\"https:\/\/www.sonoraenequipo.com.mx\/#organization\"},\"potentialAction\":[{\"@type\":\"SearchAction\",\"target\":{\"@type\":\"EntryPoint\",\"urlTemplate\":\"https:\/\/www.sonoraenequipo.com.mx\/?s={search_term_string}\"},\"query-input\":{\"@type\":\"PropertyValueSpecification\",\"valueRequired\":true,\"valueName\":\"search_term_string\"}}],\"inLanguage\":\"es\"},{\"@type\":\"Organization\",\"@id\":\"https:\/\/www.sonoraenequipo.com.mx\/#organization\",\"name\":\"Sonoraenequipo.com.mx\",\"url\":\"https:\/\/www.sonoraenequipo.com.mx\/\",\"logo\":{\"@type\":\"ImageObject\",\"inLanguage\":\"es\",\"@id\":\"https:\/\/www.sonoraenequipo.com.mx\/#\/schema\/logo\/image\/\",\"url\":\"https:\/\/www.sonoraenequipo.com.mx\/storage\/2019\/01\/sonoraenequipo_opt.png\",\"contentUrl\":\"https:\/\/www.sonoraenequipo.com.mx\/storage\/2019\/01\/sonoraenequipo_opt.png\",\"width\":375,\"height\":125,\"caption\":\"Sonoraenequipo.com.mx\"},\"image\":{\"@id\":\"https:\/\/www.sonoraenequipo.com.mx\/#\/schema\/logo\/image\/\"},\"sameAs\":[\"https:\/\/www.facebook.com\/SonoraEE\/\",\"https:\/\/x.com\/sonoraenequipo\",\"https:\/\/www.youtube.com\/channel\/UC338nW-lPEYmJQs4ZABQ1SQ\"]},{\"@type\":\"Person\",\"@id\":\"https:\/\/www.sonoraenequipo.com.mx\/#\/schema\/person\/50102df0fb23a8fa9e8effad8fa81386\",\"name\":\"enequipo\",\"image\":{\"@type\":\"ImageObject\",\"inLanguage\":\"es\",\"@id\":\"https:\/\/www.sonoraenequipo.com.mx\/#\/schema\/person\/image\/\",\"url\":\"https:\/\/secure.gravatar.com\/avatar\/049821681b589dabc0bc20695993ccebb09f5b5d4d790cd9251b97faac7c652b?s=96&d=blank&r=g\",\"contentUrl\":\"https:\/\/secure.gravatar.com\/avatar\/049821681b589dabc0bc20695993ccebb09f5b5d4d790cd9251b97faac7c652b?s=96&d=blank&r=g\",\"caption\":\"enequipo\"},\"sameAs\":[\"https:\/\/www.facebook.com\/SonoraEE\"]}]}<\/script>\n ","yoast_head_json":{"title":"Sonora en Equipo. EU crea nuevo puesto para luchar contra el terrorismo interno","description":"14102015. WASHINGTON, ESTADOS UNIDOS. EFE.\u2014 El Gobierno de Estados Unidos anunci\u00f3 la creaci\u00f3n de un nuevo puesto para luchar contra el terrorismo dentro En Sonora en Equipo publicamos toda la informaci\u00f3n de Sonora, M\u00e9xico y el Mundo de manera oportuna y busca que la libertad de expresi\u00f3n sea real. Visita nuestro medio informativo publicado desde Hermosillo, Sonora. %","robots":{"index":"index","follow":"follow","max-snippet":"max-snippet:-1","max-image-preview":"max-image-preview:large","max-video-preview":"max-video-preview:-1"},"canonical":"https:\/\/www.sonoraenequipo.com.mx\/eu-crea-nuevo-puesto-para-luchar-contra-el-terrorismo-interno\/","og_locale":"es_ES","og_type":"article","og_title":"Sonora en Equipo. EU crea nuevo puesto para luchar contra el terrorismo interno","og_description":"14102015. WASHINGTON, ESTADOS UNIDOS. EFE.\u2014 El Gobierno de Estados Unidos anunci\u00f3 la creaci\u00f3n de un nuevo puesto para luchar contra el terrorismo dentro En Sonora en Equipo publicamos toda la informaci\u00f3n de Sonora, M\u00e9xico y el Mundo de manera oportuna y busca que la libertad de expresi\u00f3n sea real. Visita nuestro medio informativo publicado desde Hermosillo, Sonora. %","og_url":"https:\/\/www.sonoraenequipo.com.mx\/eu-crea-nuevo-puesto-para-luchar-contra-el-terrorismo-interno\/","og_site_name":"Sonora en Equipo.","article_publisher":"https:\/\/www.facebook.com\/SonoraEE\/","article_author":"https:\/\/www.facebook.com\/SonoraEE","article_published_time":"2015-10-15T02:09:12+00:00","article_modified_time":"2020-05-19T01:21:36+00:00","author":"enequipo","twitter_card":"summary_large_image","twitter_creator":"@sonoraenequipo","twitter_site":"@sonoraenequipo","twitter_misc":{"Escrito por":"enequipo","Tiempo de lectura":"1 minuto"},"schema":{"@context":"https:\/\/schema.org","@graph":[{"@type":"Article","@id":"https:\/\/www.sonoraenequipo.com.mx\/eu-crea-nuevo-puesto-para-luchar-contra-el-terrorismo-interno\/#article","isPartOf":{"@id":"https:\/\/www.sonoraenequipo.com.mx\/eu-crea-nuevo-puesto-para-luchar-contra-el-terrorismo-interno\/"},"author":{"name":"enequipo","@id":"https:\/\/www.sonoraenequipo.com.mx\/#\/schema\/person\/50102df0fb23a8fa9e8effad8fa81386"},"headline":"EU crea nuevo puesto para luchar contra el terrorismo interno","datePublished":"2015-10-15T02:09:12+00:00","dateModified":"2020-05-19T01:21:36+00:00","mainEntityOfPage":{"@id":"https:\/\/www.sonoraenequipo.com.mx\/eu-crea-nuevo-puesto-para-luchar-contra-el-terrorismo-interno\/"},"wordCount":307,"commentCount":0,"publisher":{"@id":"https:\/\/www.sonoraenequipo.com.mx\/#organization"},"keywords":["estados unidos","Estrategia Nacional","guerra","Odio y Violencia","Terrorismo","Torres Gemelas"],"articleSection":["MUNDO"],"inLanguage":"es","potentialAction":[{"@type":"CommentAction","name":"Comment","target":["https:\/\/www.sonoraenequipo.com.mx\/eu-crea-nuevo-puesto-para-luchar-contra-el-terrorismo-interno\/#respond"]}]},{"@type":"WebPage","@id":"https:\/\/www.sonoraenequipo.com.mx\/eu-crea-nuevo-puesto-para-luchar-contra-el-terrorismo-interno\/","url":"https:\/\/www.sonoraenequipo.com.mx\/eu-crea-nuevo-puesto-para-luchar-contra-el-terrorismo-interno\/","name":"Sonora en Equipo. EU crea nuevo puesto para luchar contra el terrorismo interno","isPartOf":{"@id":"https:\/\/www.sonoraenequipo.com.mx\/#website"},"datePublished":"2015-10-15T02:09:12+00:00","dateModified":"2020-05-19T01:21:36+00:00","description":"14102015. WASHINGTON, ESTADOS UNIDOS. EFE.\u2014 El Gobierno de Estados Unidos anunci\u00f3 la creaci\u00f3n de un nuevo puesto para luchar contra el terrorismo dentro En Sonora en Equipo publicamos toda la informaci\u00f3n de Sonora, M\u00e9xico y el Mundo de manera oportuna y busca que la libertad de expresi\u00f3n sea real. Visita nuestro medio informativo publicado desde Hermosillo, Sonora. %","breadcrumb":{"@id":"https:\/\/www.sonoraenequipo.com.mx\/eu-crea-nuevo-puesto-para-luchar-contra-el-terrorismo-interno\/#breadcrumb"},"inLanguage":"es","potentialAction":[{"@type":"ReadAction","target":["https:\/\/www.sonoraenequipo.com.mx\/eu-crea-nuevo-puesto-para-luchar-contra-el-terrorismo-interno\/"]}]},{"@type":"BreadcrumbList","@id":"https:\/\/www.sonoraenequipo.com.mx\/eu-crea-nuevo-puesto-para-luchar-contra-el-terrorismo-interno\/#breadcrumb","itemListElement":[{"@type":"ListItem","position":1,"name":"Portada","item":"https:\/\/www.sonoraenequipo.com.mx\/"},{"@type":"ListItem","position":2,"name":"EU crea nuevo puesto para luchar contra el terrorismo interno"}]},{"@type":"WebSite","@id":"https:\/\/www.sonoraenequipo.com.mx\/#website","url":"https:\/\/www.sonoraenequipo.com.mx\/","name":"Sonora en Equipo.","description":"Diario en l\u00ednea con Noticias desde Hermosillo, Sonora","publisher":{"@id":"https:\/\/www.sonoraenequipo.com.mx\/#organization"},"potentialAction":[{"@type":"SearchAction","target":{"@type":"EntryPoint","urlTemplate":"https:\/\/www.sonoraenequipo.com.mx\/?s={search_term_string}"},"query-input":{"@type":"PropertyValueSpecification","valueRequired":true,"valueName":"search_term_string"}}],"inLanguage":"es"},{"@type":"Organization","@id":"https:\/\/www.sonoraenequipo.com.mx\/#organization","name":"Sonoraenequipo.com.mx","url":"https:\/\/www.sonoraenequipo.com.mx\/","logo":{"@type":"ImageObject","inLanguage":"es","@id":"https:\/\/www.sonoraenequipo.com.mx\/#\/schema\/logo\/image\/","url":"https:\/\/www.sonoraenequipo.com.mx\/storage\/2019\/01\/sonoraenequipo_opt.png","contentUrl":"https:\/\/www.sonoraenequipo.com.mx\/storage\/2019\/01\/sonoraenequipo_opt.png","width":375,"height":125,"caption":"Sonoraenequipo.com.mx"},"image":{"@id":"https:\/\/www.sonoraenequipo.com.mx\/#\/schema\/logo\/image\/"},"sameAs":["https:\/\/www.facebook.com\/SonoraEE\/","https:\/\/x.com\/sonoraenequipo","https:\/\/www.youtube.com\/channel\/UC338nW-lPEYmJQs4ZABQ1SQ"]},{"@type":"Person","@id":"https:\/\/www.sonoraenequipo.com.mx\/#\/schema\/person\/50102df0fb23a8fa9e8effad8fa81386","name":"enequipo","image":{"@type":"ImageObject","inLanguage":"es","@id":"https:\/\/www.sonoraenequipo.com.mx\/#\/schema\/person\/image\/","url":"https:\/\/secure.gravatar.com\/avatar\/049821681b589dabc0bc20695993ccebb09f5b5d4d790cd9251b97faac7c652b?s=96&d=blank&r=g","contentUrl":"https:\/\/secure.gravatar.com\/avatar\/049821681b589dabc0bc20695993ccebb09f5b5d4d790cd9251b97faac7c652b?s=96&d=blank&r=g","caption":"enequipo"},"sameAs":["https:\/\/www.facebook.com\/SonoraEE"]}]}},"jetpack_featured_media_url":"","_links":{"self":[{"href":"https:\/\/www.sonoraenequipo.com.mx\/api\/wp\/v2\/posts\/421","targetHints":{"allow":["GET"]}}],"collection":[{"href":"https:\/\/www.sonoraenequipo.com.mx\/api\/wp\/v2\/posts"}],"about":[{"href":"https:\/\/www.sonoraenequipo.com.mx\/api\/wp\/v2\/types\/post"}],"author":[{"embeddable":true,"href":"https:\/\/www.sonoraenequipo.com.mx\/api\/wp\/v2\/users\/1"}],"replies":[{"embeddable":true,"href":"https:\/\/www.sonoraenequipo.com.mx\/api\/wp\/v2\/comments?post=421"}],"version-history":[{"count":0,"href":"https:\/\/www.sonoraenequipo.com.mx\/api\/wp\/v2\/posts\/421\/revisions"}],"wp:attachment":[{"href":"https:\/\/www.sonoraenequipo.com.mx\/api\/wp\/v2\/media?parent=421"}],"wp:term":[{"taxonomy":"category","embeddable":true,"href":"https:\/\/www.sonoraenequipo.com.mx\/api\/wp\/v2\/categories?post=421"},{"taxonomy":"post_tag","embeddable":true,"href":"https:\/\/www.sonoraenequipo.com.mx\/api\/wp\/v2\/tags?post=421"}],"curies":[{"name":"wp","href":"https:\/\/api.w.org\/{rel}","templated":true}]}}