{"id":42235,"date":"2018-08-08T16:15:52","date_gmt":"2018-08-08T23:15:52","guid":{"rendered":"http:\/\/www.sonoraenequipo.com.mx\/?p=42235"},"modified":"2018-08-08T22:46:21","modified_gmt":"2018-08-09T05:46:21","slug":"iniciativas-de-reforma-a-la-constitucion-de-sonora","status":"publish","type":"post","link":"https:\/\/www.sonoraenequipo.com.mx\/iniciativas-de-reforma-a-la-constitucion-de-sonora\/","title":{"rendered":"Iniciativas de reforma a la Constituci\u00f3n de Sonora"},"content":{"rendered":"<p>HERMOSILLO, SONORA. MX. \u2014 Las iniciativas que proponen modificar la Constituci\u00f3n sonorense son por los integrantes de la Diputaci\u00f3n Permanente, respectivamente, y se dictaminan de manera conjunta por tratarse de reformas constitucionales, las cuales proponen lo siguiente:<\/p>\n<p> <\/p>\n<p>La primera de ellas adiciona un art\u00edculo 25-F a la Constituci\u00f3n local, en materia de Mejora Regulatoria, mientras que la segunda es una propuesta constitucional m\u00e1s integral, que nace de una compilaci\u00f3n de los constantes reclamos ciudadanos que la presente Legislatura ha venido recopilando a lo largo de tres a\u00f1os, as\u00ed como, la homologaci\u00f3n con diversas reformas federales, para fortalecer el compromiso social del Congreso del Estado, sentando las bases constitucionales que den vida a una nueva actividad gubernamental, que sea m\u00e1s acorde a lo que los sonorenses esperan de sus funcionarios p\u00fablicos. En virtud de lo anterior, de la dictaminaci\u00f3n de estas reformas constitucionales, destaca lo siguiente:<\/p>\n<p>Simplificaci\u00f3n de regulaciones, tr\u00e1mites y servicios p\u00fablicos, mediante la Mejora Regulatoria, atendiendo los principios de mejora en el desempe\u00f1o y racionalidad del gasto en las funciones p\u00fablicas, as\u00ed como, incentivar la competitividad y el beneficio social-productivo.<\/p>\n<p>Eliminaci\u00f3n del fuero o cualquier prerrogativa similar en la Constituci\u00f3n, que actualmente gozan los servidores p\u00fablicos, para evitar el abuso de dichas prerrogativas que ha causado un gran descontento social que debilita la percepci\u00f3n ciudadana hacia las instituciones gubernamentales.<\/p>\n<p>Garantizar la transparencia de la informaci\u00f3n p\u00fablica en el Estado: fortaleciendo la autonom\u00eda del Instituto Sonorense de Transparencia, Acceso a la Informaci\u00f3n P\u00fablica y Protecci\u00f3n de Datos Personales del Estado de Sonora (ISTAI), para que pueda garantizar el Derecho Humano de los sonorenses, de acceso a la informaci\u00f3n p\u00fablica, sin la intervenci\u00f3n de intereses pol\u00edticos o ajenos al ejercicio de dicho derecho.<\/p>\n<p>Fortalecimiento de la supremac\u00eda constitucional estatal: garantizando la participaci\u00f3n de todos los actores dentro del proceso legislativo constitucional, y fortaleciendo la participaci\u00f3n de los municipios en dicho proceso, as\u00ed como, establecer mecanismos de control constitucional a nivel local, que permitan preservar la supremac\u00eda de la Constituci\u00f3n del Estado.<\/p>\n<p>Mayor certeza al Principio de Divisi\u00f3n de Poderes del Estado: mediante diversos mecanismos que fortalezcan la autonom\u00eda constitucional de los Poderes del Estado y se logre una verdadera armon\u00eda y equilibro entre estas fuerzas gubernamentales, para que existe un verdadero orden y colaboraci\u00f3n en el ejercicio gubernamental, en beneficio de la sociedad sonorense.<\/p>\n<p>Candidatos Independientes: Se reconoce el derecho de los ciudadanos sonorenses a solicitar su registro como candidatos independientes a cualquier cargo de elecci\u00f3n.<\/p>\n<p>Candados para evitar la desaparici\u00f3n unilateral de Ayuntamientos: al establecer como requisito indispensable para la desaparici\u00f3n de los Ayuntamientos, el Refer\u00e9ndum vinculante.<\/p>\n<p>Presupuesto Estatal: Se adecuan varias disposiciones jur\u00eddicas mediante las cuales se pretende garantizar el ejercicio responsable de los recursos p\u00fablicos en favor de los sonorenses.<\/p>\n<p>(FECHA DE PUBLICACI\u00d3N.08\/082018 \/\/<\/p>\n","protected":false},"excerpt":{"rendered":"<p>HERMOSILLO, SONORA. MX. \u2014 Las iniciativas que proponen modificar la Constituci\u00f3n sonorense son por los&#8230;<\/p>\n","protected":false},"author":1,"featured_media":42228,"comment_status":"open","ping_status":"open","sticky":false,"template":"","format":"standard","meta":{"_monsterinsights_skip_tracking":false,"_monsterinsights_sitenote_active":false,"_monsterinsights_sitenote_note":"","_monsterinsights_sitenote_category":0,"footnotes":""},"categories":[5,1,22],"tags":[],"class_list":["post"],"yoast_head":" \n<title>Sonora en Equipo. Iniciativas de reforma a la Constituci\u00f3n de Sonora Rep\u00fablica<\/title>\n<meta name=\"description\" content=\"HERMOSILLO, SONORA. MX. \u2014 Las iniciativas que proponen modificar la Constituci\u00f3n sonorense son por los integrantes de la Diputaci\u00f3n Permanente, En Sonora en Equipo publicamos toda la informaci\u00f3n de Sonora, M\u00e9xico y el Mundo de manera oportuna y busca que la libertad de expresi\u00f3n sea real. Visita nuestro medio informativo publicado desde Hermosillo, Sonora. %\" \/>\n<meta name=\"robots\" content=\"index, follow, max-snippet:-1, max-image-preview:large, max-video-preview:-1\" \/>\n<link rel=\"canonical\" href=\"https:\/\/www.sonoraenequipo.com.mx\/iniciativas-de-reforma-a-la-constitucion-de-sonora\/\" \/>\n<meta property=\"og:locale\" content=\"es_ES\" \/>\n<meta property=\"og:type\" content=\"article\" \/>\n<meta property=\"og:title\" content=\"Sonora en Equipo. Iniciativas de reforma a la Constituci\u00f3n de Sonora Rep\u00fablica\" \/>\n<meta property=\"og:description\" content=\"HERMOSILLO, SONORA. MX. \u2014 Las iniciativas que proponen modificar la Constituci\u00f3n sonorense son por los integrantes de la Diputaci\u00f3n Permanente, En Sonora en Equipo publicamos toda la informaci\u00f3n de Sonora, M\u00e9xico y el Mundo de manera oportuna y busca que la libertad de expresi\u00f3n sea real. Visita nuestro medio informativo publicado desde Hermosillo, Sonora. %\" \/>\n<meta property=\"og:url\" content=\"https:\/\/www.sonoraenequipo.com.mx\/iniciativas-de-reforma-a-la-constitucion-de-sonora\/\" \/>\n<meta property=\"og:site_name\" content=\"Sonora en Equipo.\" \/>\n<meta property=\"article:publisher\" content=\"https:\/\/www.facebook.com\/SonoraEE\/\" \/>\n<meta property=\"article:author\" content=\"https:\/\/www.facebook.com\/SonoraEE\" \/>\n<meta property=\"article:published_time\" content=\"2018-08-08T23:15:52+00:00\" \/>\n<meta property=\"article:modified_time\" content=\"2018-08-09T05:46:21+00:00\" \/>\n<meta property=\"og:image\" content=\"https:\/\/www.sonoraenequipo.com.mx\/storage\/2018\/08\/congrsohoy_opt.jpg\" \/>\n\t<meta property=\"og:image:width\" content=\"600\" \/>\n\t<meta property=\"og:image:height\" content=\"400\" \/>\n\t<meta property=\"og:image:type\" content=\"image\/jpeg\" \/>\n<meta name=\"author\" content=\"enequipo\" \/>\n<meta name=\"twitter:card\" content=\"summary_large_image\" \/>\n<meta name=\"twitter:creator\" content=\"@sonoraenequipo\" \/>\n<meta name=\"twitter:site\" content=\"@sonoraenequipo\" \/>\n<meta name=\"twitter:label1\" content=\"Escrito por\" \/>\n\t<meta name=\"twitter:data1\" content=\"enequipo\" \/>\n\t<meta name=\"twitter:label2\" content=\"Tiempo de lectura\" \/>\n\t<meta name=\"twitter:data2\" content=\"3 minutos\" \/>\n<script type=\"application\/ld+json\" class=\"yoast-schema-graph\">{\"@context\":\"https:\/\/schema.org\",\"@graph\":[{\"@type\":\"Article\",\"@id\":\"https:\/\/www.sonoraenequipo.com.mx\/iniciativas-de-reforma-a-la-constitucion-de-sonora\/#article\",\"isPartOf\":{\"@id\":\"https:\/\/www.sonoraenequipo.com.mx\/iniciativas-de-reforma-a-la-constitucion-de-sonora\/\"},\"author\":{\"name\":\"enequipo\",\"@id\":\"https:\/\/www.sonoraenequipo.com.mx\/#\/schema\/person\/50102df0fb23a8fa9e8effad8fa81386\"},\"headline\":\"Iniciativas de reforma a la Constituci\u00f3n de Sonora\",\"datePublished\":\"2018-08-08T23:15:52+00:00\",\"dateModified\":\"2018-08-09T05:46:21+00:00\",\"mainEntityOfPage\":{\"@id\":\"https:\/\/www.sonoraenequipo.com.mx\/iniciativas-de-reforma-a-la-constitucion-de-sonora\/\"},\"wordCount\":509,\"commentCount\":0,\"publisher\":{\"@id\":\"https:\/\/www.sonoraenequipo.com.mx\/#organization\"},\"image\":{\"@id\":\"https:\/\/www.sonoraenequipo.com.mx\/iniciativas-de-reforma-a-la-constitucion-de-sonora\/#primaryimage\"},\"thumbnailUrl\":\"https:\/\/www.sonoraenequipo.com.mx\/storage\/2018\/08\/congrsohoy_opt.jpg\",\"articleSection\":[\"Rep\u00fablica\",\"Sin categorizar\",\"Sonora\"],\"inLanguage\":\"es\",\"potentialAction\":[{\"@type\":\"CommentAction\",\"name\":\"Comment\",\"target\":[\"https:\/\/www.sonoraenequipo.com.mx\/iniciativas-de-reforma-a-la-constitucion-de-sonora\/#respond\"]}]},{\"@type\":\"WebPage\",\"@id\":\"https:\/\/www.sonoraenequipo.com.mx\/iniciativas-de-reforma-a-la-constitucion-de-sonora\/\",\"url\":\"https:\/\/www.sonoraenequipo.com.mx\/iniciativas-de-reforma-a-la-constitucion-de-sonora\/\",\"name\":\"Sonora en Equipo. Iniciativas de reforma a la Constituci\u00f3n de Sonora Rep\u00fablica\",\"isPartOf\":{\"@id\":\"https:\/\/www.sonoraenequipo.com.mx\/#website\"},\"primaryImageOfPage\":{\"@id\":\"https:\/\/www.sonoraenequipo.com.mx\/iniciativas-de-reforma-a-la-constitucion-de-sonora\/#primaryimage\"},\"image\":{\"@id\":\"https:\/\/www.sonoraenequipo.com.mx\/iniciativas-de-reforma-a-la-constitucion-de-sonora\/#primaryimage\"},\"thumbnailUrl\":\"https:\/\/www.sonoraenequipo.com.mx\/storage\/2018\/08\/congrsohoy_opt.jpg\",\"datePublished\":\"2018-08-08T23:15:52+00:00\",\"dateModified\":\"2018-08-09T05:46:21+00:00\",\"description\":\"HERMOSILLO, SONORA. MX. \u2014 Las iniciativas que proponen modificar la Constituci\u00f3n sonorense son por los integrantes de la Diputaci\u00f3n Permanente, En Sonora en Equipo publicamos toda la informaci\u00f3n de Sonora, M\u00e9xico y el Mundo de manera oportuna y busca que la libertad de expresi\u00f3n sea real. Visita nuestro medio informativo publicado desde Hermosillo, Sonora. %\",\"breadcrumb\":{\"@id\":\"https:\/\/www.sonoraenequipo.com.mx\/iniciativas-de-reforma-a-la-constitucion-de-sonora\/#breadcrumb\"},\"inLanguage\":\"es\",\"potentialAction\":[{\"@type\":\"ReadAction\",\"target\":[\"https:\/\/www.sonoraenequipo.com.mx\/iniciativas-de-reforma-a-la-constitucion-de-sonora\/\"]}]},{\"@type\":\"ImageObject\",\"inLanguage\":\"es\",\"@id\":\"https:\/\/www.sonoraenequipo.com.mx\/iniciativas-de-reforma-a-la-constitucion-de-sonora\/#primaryimage\",\"url\":\"https:\/\/www.sonoraenequipo.com.mx\/storage\/2018\/08\/congrsohoy_opt.jpg\",\"contentUrl\":\"https:\/\/www.sonoraenequipo.com.mx\/storage\/2018\/08\/congrsohoy_opt.jpg\",\"width\":600,\"height\":400},{\"@type\":\"BreadcrumbList\",\"@id\":\"https:\/\/www.sonoraenequipo.com.mx\/iniciativas-de-reforma-a-la-constitucion-de-sonora\/#breadcrumb\",\"itemListElement\":[{\"@type\":\"ListItem\",\"position\":1,\"name\":\"Portada\",\"item\":\"https:\/\/www.sonoraenequipo.com.mx\/\"},{\"@type\":\"ListItem\",\"position\":2,\"name\":\"Iniciativas de reforma a la Constituci\u00f3n de Sonora\"}]},{\"@type\":\"WebSite\",\"@id\":\"https:\/\/www.sonoraenequipo.com.mx\/#website\",\"url\":\"https:\/\/www.sonoraenequipo.com.mx\/\",\"name\":\"Sonora en Equipo.\",\"description\":\"Diario en l\u00ednea con Noticias desde Hermosillo, Sonora\",\"publisher\":{\"@id\":\"https:\/\/www.sonoraenequipo.com.mx\/#organization\"},\"potentialAction\":[{\"@type\":\"SearchAction\",\"target\":{\"@type\":\"EntryPoint\",\"urlTemplate\":\"https:\/\/www.sonoraenequipo.com.mx\/?s={search_term_string}\"},\"query-input\":{\"@type\":\"PropertyValueSpecification\",\"valueRequired\":true,\"valueName\":\"search_term_string\"}}],\"inLanguage\":\"es\"},{\"@type\":\"Organization\",\"@id\":\"https:\/\/www.sonoraenequipo.com.mx\/#organization\",\"name\":\"Sonoraenequipo.com.mx\",\"url\":\"https:\/\/www.sonoraenequipo.com.mx\/\",\"logo\":{\"@type\":\"ImageObject\",\"inLanguage\":\"es\",\"@id\":\"https:\/\/www.sonoraenequipo.com.mx\/#\/schema\/logo\/image\/\",\"url\":\"https:\/\/www.sonoraenequipo.com.mx\/storage\/2019\/01\/sonoraenequipo_opt.png\",\"contentUrl\":\"https:\/\/www.sonoraenequipo.com.mx\/storage\/2019\/01\/sonoraenequipo_opt.png\",\"width\":375,\"height\":125,\"caption\":\"Sonoraenequipo.com.mx\"},\"image\":{\"@id\":\"https:\/\/www.sonoraenequipo.com.mx\/#\/schema\/logo\/image\/\"},\"sameAs\":[\"https:\/\/www.facebook.com\/SonoraEE\/\",\"https:\/\/x.com\/sonoraenequipo\",\"https:\/\/www.youtube.com\/channel\/UC338nW-lPEYmJQs4ZABQ1SQ\"]},{\"@type\":\"Person\",\"@id\":\"https:\/\/www.sonoraenequipo.com.mx\/#\/schema\/person\/50102df0fb23a8fa9e8effad8fa81386\",\"name\":\"enequipo\",\"image\":{\"@type\":\"ImageObject\",\"inLanguage\":\"es\",\"@id\":\"https:\/\/www.sonoraenequipo.com.mx\/#\/schema\/person\/image\/\",\"url\":\"https:\/\/secure.gravatar.com\/avatar\/049821681b589dabc0bc20695993ccebb09f5b5d4d790cd9251b97faac7c652b?s=96&d=blank&r=g\",\"contentUrl\":\"https:\/\/secure.gravatar.com\/avatar\/049821681b589dabc0bc20695993ccebb09f5b5d4d790cd9251b97faac7c652b?s=96&d=blank&r=g\",\"caption\":\"enequipo\"},\"sameAs\":[\"https:\/\/www.facebook.com\/SonoraEE\"]}]}<\/script>\n ","yoast_head_json":{"title":"Sonora en Equipo. Iniciativas de reforma a la Constituci\u00f3n de Sonora Rep\u00fablica","description":"HERMOSILLO, SONORA. MX. \u2014 Las iniciativas que proponen modificar la Constituci\u00f3n sonorense son por los integrantes de la Diputaci\u00f3n Permanente, En Sonora en Equipo publicamos toda la informaci\u00f3n de Sonora, M\u00e9xico y el Mundo de manera oportuna y busca que la libertad de expresi\u00f3n sea real. Visita nuestro medio informativo publicado desde Hermosillo, Sonora. %","robots":{"index":"index","follow":"follow","max-snippet":"max-snippet:-1","max-image-preview":"max-image-preview:large","max-video-preview":"max-video-preview:-1"},"canonical":"https:\/\/www.sonoraenequipo.com.mx\/iniciativas-de-reforma-a-la-constitucion-de-sonora\/","og_locale":"es_ES","og_type":"article","og_title":"Sonora en Equipo. Iniciativas de reforma a la Constituci\u00f3n de Sonora Rep\u00fablica","og_description":"HERMOSILLO, SONORA. MX. \u2014 Las iniciativas que proponen modificar la Constituci\u00f3n sonorense son por los integrantes de la Diputaci\u00f3n Permanente, En Sonora en Equipo publicamos toda la informaci\u00f3n de Sonora, M\u00e9xico y el Mundo de manera oportuna y busca que la libertad de expresi\u00f3n sea real. Visita nuestro medio informativo publicado desde Hermosillo, Sonora. %","og_url":"https:\/\/www.sonoraenequipo.com.mx\/iniciativas-de-reforma-a-la-constitucion-de-sonora\/","og_site_name":"Sonora en Equipo.","article_publisher":"https:\/\/www.facebook.com\/SonoraEE\/","article_author":"https:\/\/www.facebook.com\/SonoraEE","article_published_time":"2018-08-08T23:15:52+00:00","article_modified_time":"2018-08-09T05:46:21+00:00","og_image":[{"width":600,"height":400,"url":"https:\/\/www.sonoraenequipo.com.mx\/storage\/2018\/08\/congrsohoy_opt.jpg","type":"image\/jpeg"}],"author":"enequipo","twitter_card":"summary_large_image","twitter_creator":"@sonoraenequipo","twitter_site":"@sonoraenequipo","twitter_misc":{"Escrito por":"enequipo","Tiempo de lectura":"3 minutos"},"schema":{"@context":"https:\/\/schema.org","@graph":[{"@type":"Article","@id":"https:\/\/www.sonoraenequipo.com.mx\/iniciativas-de-reforma-a-la-constitucion-de-sonora\/#article","isPartOf":{"@id":"https:\/\/www.sonoraenequipo.com.mx\/iniciativas-de-reforma-a-la-constitucion-de-sonora\/"},"author":{"name":"enequipo","@id":"https:\/\/www.sonoraenequipo.com.mx\/#\/schema\/person\/50102df0fb23a8fa9e8effad8fa81386"},"headline":"Iniciativas de reforma a la Constituci\u00f3n de Sonora","datePublished":"2018-08-08T23:15:52+00:00","dateModified":"2018-08-09T05:46:21+00:00","mainEntityOfPage":{"@id":"https:\/\/www.sonoraenequipo.com.mx\/iniciativas-de-reforma-a-la-constitucion-de-sonora\/"},"wordCount":509,"commentCount":0,"publisher":{"@id":"https:\/\/www.sonoraenequipo.com.mx\/#organization"},"image":{"@id":"https:\/\/www.sonoraenequipo.com.mx\/iniciativas-de-reforma-a-la-constitucion-de-sonora\/#primaryimage"},"thumbnailUrl":"https:\/\/www.sonoraenequipo.com.mx\/storage\/2018\/08\/congrsohoy_opt.jpg","articleSection":["Rep\u00fablica","Sin categorizar","Sonora"],"inLanguage":"es","potentialAction":[{"@type":"CommentAction","name":"Comment","target":["https:\/\/www.sonoraenequipo.com.mx\/iniciativas-de-reforma-a-la-constitucion-de-sonora\/#respond"]}]},{"@type":"WebPage","@id":"https:\/\/www.sonoraenequipo.com.mx\/iniciativas-de-reforma-a-la-constitucion-de-sonora\/","url":"https:\/\/www.sonoraenequipo.com.mx\/iniciativas-de-reforma-a-la-constitucion-de-sonora\/","name":"Sonora en Equipo. Iniciativas de reforma a la Constituci\u00f3n de Sonora Rep\u00fablica","isPartOf":{"@id":"https:\/\/www.sonoraenequipo.com.mx\/#website"},"primaryImageOfPage":{"@id":"https:\/\/www.sonoraenequipo.com.mx\/iniciativas-de-reforma-a-la-constitucion-de-sonora\/#primaryimage"},"image":{"@id":"https:\/\/www.sonoraenequipo.com.mx\/iniciativas-de-reforma-a-la-constitucion-de-sonora\/#primaryimage"},"thumbnailUrl":"https:\/\/www.sonoraenequipo.com.mx\/storage\/2018\/08\/congrsohoy_opt.jpg","datePublished":"2018-08-08T23:15:52+00:00","dateModified":"2018-08-09T05:46:21+00:00","description":"HERMOSILLO, SONORA. MX. \u2014 Las iniciativas que proponen modificar la Constituci\u00f3n sonorense son por los integrantes de la Diputaci\u00f3n Permanente, En Sonora en Equipo publicamos toda la informaci\u00f3n de Sonora, M\u00e9xico y el Mundo de manera oportuna y busca que la libertad de expresi\u00f3n sea real. Visita nuestro medio informativo publicado desde Hermosillo, Sonora. %","breadcrumb":{"@id":"https:\/\/www.sonoraenequipo.com.mx\/iniciativas-de-reforma-a-la-constitucion-de-sonora\/#breadcrumb"},"inLanguage":"es","potentialAction":[{"@type":"ReadAction","target":["https:\/\/www.sonoraenequipo.com.mx\/iniciativas-de-reforma-a-la-constitucion-de-sonora\/"]}]},{"@type":"ImageObject","inLanguage":"es","@id":"https:\/\/www.sonoraenequipo.com.mx\/iniciativas-de-reforma-a-la-constitucion-de-sonora\/#primaryimage","url":"https:\/\/www.sonoraenequipo.com.mx\/storage\/2018\/08\/congrsohoy_opt.jpg","contentUrl":"https:\/\/www.sonoraenequipo.com.mx\/storage\/2018\/08\/congrsohoy_opt.jpg","width":600,"height":400},{"@type":"BreadcrumbList","@id":"https:\/\/www.sonoraenequipo.com.mx\/iniciativas-de-reforma-a-la-constitucion-de-sonora\/#breadcrumb","itemListElement":[{"@type":"ListItem","position":1,"name":"Portada","item":"https:\/\/www.sonoraenequipo.com.mx\/"},{"@type":"ListItem","position":2,"name":"Iniciativas de reforma a la Constituci\u00f3n de Sonora"}]},{"@type":"WebSite","@id":"https:\/\/www.sonoraenequipo.com.mx\/#website","url":"https:\/\/www.sonoraenequipo.com.mx\/","name":"Sonora en Equipo.","description":"Diario en l\u00ednea con Noticias desde Hermosillo, Sonora","publisher":{"@id":"https:\/\/www.sonoraenequipo.com.mx\/#organization"},"potentialAction":[{"@type":"SearchAction","target":{"@type":"EntryPoint","urlTemplate":"https:\/\/www.sonoraenequipo.com.mx\/?s={search_term_string}"},"query-input":{"@type":"PropertyValueSpecification","valueRequired":true,"valueName":"search_term_string"}}],"inLanguage":"es"},{"@type":"Organization","@id":"https:\/\/www.sonoraenequipo.com.mx\/#organization","name":"Sonoraenequipo.com.mx","url":"https:\/\/www.sonoraenequipo.com.mx\/","logo":{"@type":"ImageObject","inLanguage":"es","@id":"https:\/\/www.sonoraenequipo.com.mx\/#\/schema\/logo\/image\/","url":"https:\/\/www.sonoraenequipo.com.mx\/storage\/2019\/01\/sonoraenequipo_opt.png","contentUrl":"https:\/\/www.sonoraenequipo.com.mx\/storage\/2019\/01\/sonoraenequipo_opt.png","width":375,"height":125,"caption":"Sonoraenequipo.com.mx"},"image":{"@id":"https:\/\/www.sonoraenequipo.com.mx\/#\/schema\/logo\/image\/"},"sameAs":["https:\/\/www.facebook.com\/SonoraEE\/","https:\/\/x.com\/sonoraenequipo","https:\/\/www.youtube.com\/channel\/UC338nW-lPEYmJQs4ZABQ1SQ"]},{"@type":"Person","@id":"https:\/\/www.sonoraenequipo.com.mx\/#\/schema\/person\/50102df0fb23a8fa9e8effad8fa81386","name":"enequipo","image":{"@type":"ImageObject","inLanguage":"es","@id":"https:\/\/www.sonoraenequipo.com.mx\/#\/schema\/person\/image\/","url":"https:\/\/secure.gravatar.com\/avatar\/049821681b589dabc0bc20695993ccebb09f5b5d4d790cd9251b97faac7c652b?s=96&d=blank&r=g","contentUrl":"https:\/\/secure.gravatar.com\/avatar\/049821681b589dabc0bc20695993ccebb09f5b5d4d790cd9251b97faac7c652b?s=96&d=blank&r=g","caption":"enequipo"},"sameAs":["https:\/\/www.facebook.com\/SonoraEE"]}]}},"jetpack_featured_media_url":"https:\/\/www.sonoraenequipo.com.mx\/storage\/2018\/08\/congrsohoy_opt.jpg","_links":{"self":[{"href":"https:\/\/www.sonoraenequipo.com.mx\/api\/wp\/v2\/posts\/42235","targetHints":{"allow":["GET"]}}],"collection":[{"href":"https:\/\/www.sonoraenequipo.com.mx\/api\/wp\/v2\/posts"}],"about":[{"href":"https:\/\/www.sonoraenequipo.com.mx\/api\/wp\/v2\/types\/post"}],"author":[{"embeddable":true,"href":"https:\/\/www.sonoraenequipo.com.mx\/api\/wp\/v2\/users\/1"}],"replies":[{"embeddable":true,"href":"https:\/\/www.sonoraenequipo.com.mx\/api\/wp\/v2\/comments?post=42235"}],"version-history":[{"count":0,"href":"https:\/\/www.sonoraenequipo.com.mx\/api\/wp\/v2\/posts\/42235\/revisions"}],"wp:featuredmedia":[{"embeddable":true,"href":"https:\/\/www.sonoraenequipo.com.mx\/api\/wp\/v2\/media\/42228"}],"wp:attachment":[{"href":"https:\/\/www.sonoraenequipo.com.mx\/api\/wp\/v2\/media?parent=42235"}],"wp:term":[{"taxonomy":"category","embeddable":true,"href":"https:\/\/www.sonoraenequipo.com.mx\/api\/wp\/v2\/categories?post=42235"},{"taxonomy":"post_tag","embeddable":true,"href":"https:\/\/www.sonoraenequipo.com.mx\/api\/wp\/v2\/tags?post=42235"}],"curies":[{"name":"wp","href":"https:\/\/api.w.org\/{rel}","templated":true}]}}