{"id":42302,"date":"2018-08-09T19:00:32","date_gmt":"2018-08-10T02:00:32","guid":{"rendered":"http:\/\/www.sonoraenequipo.com.mx\/?p=42302"},"modified":"2018-08-09T19:18:59","modified_gmt":"2018-08-10T02:18:59","slug":"pena-nieto-mandara-al-congreso-iniciativa-para-la-ssp-y-para-nombrar-fiscales-para-amlo","status":"publish","type":"post","link":"https:\/\/www.sonoraenequipo.com.mx\/pena-nieto-mandara-al-congreso-iniciativa-para-la-ssp-y-para-nombrar-fiscales-para-amlo\/","title":{"rendered":"Pe\u00f1a Nieto mandar\u00e1 al Congreso iniciativa para la SSP y para nombrar fiscales para AMLO"},"content":{"rendered":"<p>CIUDAD DE M\u00c9XICO. MX. \u2014 Enrique Pe\u00f1a Nieto mandar\u00e1 al Congreso la iniciativa para crear la Secretar\u00eda de Seguridad P\u00fablica Federal (SSP) y sus propuestas para nombrar al fiscal general y a los fiscales electoral y anticorrupci\u00f3n, inform\u00f3 Andr\u00e9s Manuel L\u00f3pez Obrador (AMLO) al finalizar el encuentro que tuvo con el Presidente constitucional.<\/p>\n<p> <\/p>\n<p>L\u00f3pez Obrador se\u00f1al\u00f3 que el encuentro se desarroll\u00f3 <em>\u201cen el marco de la transici\u00f3n que se ha iniciado a partir de que me entregaron la constancia como presidente electo de los Estados Unidos Mexicanos\u201d<\/em><\/p>\n<p>Apunt\u00f3 que la conversaci\u00f3n se dio<em> \u201cen buenos t\u00e9rminos, con urbanidad pol\u00edtica, con respeto, y tambi\u00e9n considerando que es importante el acuerdo para que la transici\u00f3n se siga dando en t\u00e9rminos de estabilidad, de tranquilidad, de confianza\u201d.<\/em><\/p>\n<p>De acuerdo con AMLO, buscan \u201c<em>que no haya ning\u00fan motivo para que el pa\u00eds afecte su marcha en lo econ\u00f3mico, en lo financiero, en lo pol\u00edtico, en lo que tiene que ver con el tema que nos preocupa mucho, el asunto de la seguridad y de la paz en el pa\u00eds\u201d.<\/em><\/p>\n<p>El presidente electo indic\u00f3 que, sobre este tema en particular, <em>\u201cllegamos al acuerdo de que, para ganar tiempo, desde el inicio del nuevo periodo de sesiones, con la nueva Legislatura, se van a presentar iniciativas de reforma a las leyes con el prop\u00f3sito principal y espec\u00edfico de que se apruebe la creaci\u00f3n de la SSP, de modo que el d\u00eda 1 de diciembre que tomemos posesi\u00f3n como Presidente Constitucional tengamos ya este instrumento, esa Secretar\u00eda, para que no perdamos tiempo; \u00e9ste fue un acuerdo\u201d.<\/em><\/p>\n<p>Lo mismo, dijo, <em>\u201cen el sentido de iniciar el proceso para la elecci\u00f3n del nuevo fiscal general de la Rep\u00fablica; queremos tener desde el inicio del gobierno la SSP y la Fiscal\u00eda General, con las dos fiscal\u00edas complementarias, la anticorrupci\u00f3n y la electoral\u201d.<\/em><\/p>\n<p>Adem\u00e1s, detall\u00f3, <em>\u201cllegamos al acuerdo de que se va a trabajar de manera conjunta para que en estos dos casos podamos tener resultados pronto\u201d.<\/em><\/p>\n<p>Tambi\u00e9n <em>\u201cacordamos una reuni\u00f3n conjunta para el d\u00eda 20 de este mes, una reuni\u00f3n del gabinete actual con el futuro gabinete del gobierno que me va a tocar encabezar\u201d.<\/em><\/p>\n<p>En el caso espec\u00edfico <em>\u201cde la reforma a la Ley Org\u00e1nica de la Administraci\u00f3n P\u00fablica, el presidente Pe\u00f1a presentar\u00e1 la iniciativa recogiendo nuestra propuesta para crear la SSP y desde septiembre los legisladores podr\u00e1n tomar la decisi\u00f3n que consideren\u201d.<\/em><\/p>\n<p>Rechaz\u00f3 que la iniciativa que enviar\u00e1 el presidente tome la figura de <em>\u201cpreferente\u201d,<\/em> porque <em>\u201chabr\u00e1 tiempo, no hace falta utilizar lo que se conoce con el nombre de iniciativas preferentes, porque hay tiempo de septiembre a finales de noviembre, hablamos de tres meses para aprobar la reforma; lo mismo en el caso de la integraci\u00f3n de la fiscal\u00eda general, hay tiempo para que las c\u00e1maras resuelvan sobre este asunto\u201d.<\/em><\/p>\n<h4>\nAMLO confirm\u00f3 que tendr\u00e1 una reuni\u00f3n con los ministros de la Suprema Corte de Justicia de la Naci\u00f3n\u201d.<\/h4>\n<p>Se\u00f1al\u00f3 que es su prop\u00f3sito lograr <em>\u201cel cambio por el camino de la concordia, vamos al cambio por el camino de la concordia, de la unidad nacional, del acuerdo, de la reconciliaci\u00f3n y avanzamos en ese prop\u00f3sito, dialogando, sobre asuntos de inter\u00e9s nacional\u201d.<\/em><\/p>\n<p>(FECHA DE PUBLICACI\u00d3N.09\/082018 \/\/Agencias)<\/p>\n","protected":false},"excerpt":{"rendered":"<p>CIUDAD DE M\u00c9XICO. MX. \u2014 Enrique Pe\u00f1a Nieto mandar\u00e1 al Congreso la iniciativa para crear&#8230;<\/p>\n","protected":false},"author":1,"featured_media":42303,"comment_status":"open","ping_status":"open","sticky":false,"template":"","format":"standard","meta":{"_monsterinsights_skip_tracking":false,"_monsterinsights_sitenote_active":false,"_monsterinsights_sitenote_note":"","_monsterinsights_sitenote_category":0,"footnotes":""},"categories":[13,5],"tags":[],"class_list":["post"],"yoast_head":" \n<title>Sonora en Equipo. Pe\u00f1a Nieto mandar\u00e1 al Congreso iniciativa para la SSP y para nombrar fiscales para AMLO Destacadas<\/title>\n<meta name=\"description\" content=\"CIUDAD DE M\u00c9XICO. MX. \u2014 Enrique Pe\u00f1a Nieto mandar\u00e1 al Congreso la iniciativa para crear la Secretar\u00eda de Seguridad P\u00fablica Federal (SSP) y sus propuestas En Sonora en Equipo publicamos toda la informaci\u00f3n de Sonora, M\u00e9xico y el Mundo de manera oportuna y busca que la libertad de expresi\u00f3n sea real. Visita nuestro medio informativo publicado desde Hermosillo, Sonora. %\" \/>\n<meta name=\"robots\" content=\"index, follow, max-snippet:-1, max-image-preview:large, max-video-preview:-1\" \/>\n<link rel=\"canonical\" href=\"https:\/\/www.sonoraenequipo.com.mx\/pena-nieto-mandara-al-congreso-iniciativa-para-la-ssp-y-para-nombrar-fiscales-para-amlo\/\" \/>\n<meta property=\"og:locale\" content=\"es_ES\" \/>\n<meta property=\"og:type\" content=\"article\" \/>\n<meta property=\"og:title\" content=\"Sonora en Equipo. Pe\u00f1a Nieto mandar\u00e1 al Congreso iniciativa para la SSP y para nombrar fiscales para AMLO Destacadas\" \/>\n<meta property=\"og:description\" content=\"CIUDAD DE M\u00c9XICO. MX. \u2014 Enrique Pe\u00f1a Nieto mandar\u00e1 al Congreso la iniciativa para crear la Secretar\u00eda de Seguridad P\u00fablica Federal (SSP) y sus propuestas En Sonora en Equipo publicamos toda la informaci\u00f3n de Sonora, M\u00e9xico y el Mundo de manera oportuna y busca que la libertad de expresi\u00f3n sea real. Visita nuestro medio informativo publicado desde Hermosillo, Sonora. %\" \/>\n<meta property=\"og:url\" content=\"https:\/\/www.sonoraenequipo.com.mx\/pena-nieto-mandara-al-congreso-iniciativa-para-la-ssp-y-para-nombrar-fiscales-para-amlo\/\" \/>\n<meta property=\"og:site_name\" content=\"Sonora en Equipo.\" \/>\n<meta property=\"article:publisher\" content=\"https:\/\/www.facebook.com\/SonoraEE\/\" \/>\n<meta property=\"article:author\" content=\"https:\/\/www.facebook.com\/SonoraEE\" \/>\n<meta property=\"article:published_time\" content=\"2018-08-10T02:00:32+00:00\" \/>\n<meta property=\"article:modified_time\" content=\"2018-08-10T02:18:59+00:00\" \/>\n<meta property=\"og:image\" content=\"https:\/\/www.sonoraenequipo.com.mx\/storage\/2018\/08\/obradorype\u00f1a_opt.jpg\" \/>\n\t<meta property=\"og:image:width\" content=\"868\" \/>\n\t<meta property=\"og:image:height\" content=\"500\" \/>\n\t<meta property=\"og:image:type\" content=\"image\/jpeg\" \/>\n<meta name=\"author\" content=\"enequipo\" \/>\n<meta name=\"twitter:card\" content=\"summary_large_image\" \/>\n<meta name=\"twitter:creator\" content=\"@sonoraenequipo\" \/>\n<meta name=\"twitter:site\" content=\"@sonoraenequipo\" \/>\n<meta name=\"twitter:label1\" content=\"Escrito por\" \/>\n\t<meta name=\"twitter:data1\" content=\"enequipo\" \/>\n\t<meta name=\"twitter:label2\" content=\"Tiempo de lectura\" \/>\n\t<meta name=\"twitter:data2\" content=\"3 minutos\" \/>\n<script type=\"application\/ld+json\" class=\"yoast-schema-graph\">{\"@context\":\"https:\/\/schema.org\",\"@graph\":[{\"@type\":\"Article\",\"@id\":\"https:\/\/www.sonoraenequipo.com.mx\/pena-nieto-mandara-al-congreso-iniciativa-para-la-ssp-y-para-nombrar-fiscales-para-amlo\/#article\",\"isPartOf\":{\"@id\":\"https:\/\/www.sonoraenequipo.com.mx\/pena-nieto-mandara-al-congreso-iniciativa-para-la-ssp-y-para-nombrar-fiscales-para-amlo\/\"},\"author\":{\"name\":\"enequipo\",\"@id\":\"https:\/\/www.sonoraenequipo.com.mx\/#\/schema\/person\/50102df0fb23a8fa9e8effad8fa81386\"},\"headline\":\"Pe\u00f1a Nieto mandar\u00e1 al Congreso iniciativa para la SSP y para nombrar fiscales para AMLO\",\"datePublished\":\"2018-08-10T02:00:32+00:00\",\"dateModified\":\"2018-08-10T02:18:59+00:00\",\"mainEntityOfPage\":{\"@id\":\"https:\/\/www.sonoraenequipo.com.mx\/pena-nieto-mandara-al-congreso-iniciativa-para-la-ssp-y-para-nombrar-fiscales-para-amlo\/\"},\"wordCount\":596,\"commentCount\":0,\"publisher\":{\"@id\":\"https:\/\/www.sonoraenequipo.com.mx\/#organization\"},\"image\":{\"@id\":\"https:\/\/www.sonoraenequipo.com.mx\/pena-nieto-mandara-al-congreso-iniciativa-para-la-ssp-y-para-nombrar-fiscales-para-amlo\/#primaryimage\"},\"thumbnailUrl\":\"https:\/\/www.sonoraenequipo.com.mx\/storage\/2018\/08\/obradorype\u00f1a_opt.jpg\",\"articleSection\":[\"Destacadas\",\"Rep\u00fablica\"],\"inLanguage\":\"es\",\"potentialAction\":[{\"@type\":\"CommentAction\",\"name\":\"Comment\",\"target\":[\"https:\/\/www.sonoraenequipo.com.mx\/pena-nieto-mandara-al-congreso-iniciativa-para-la-ssp-y-para-nombrar-fiscales-para-amlo\/#respond\"]}]},{\"@type\":\"WebPage\",\"@id\":\"https:\/\/www.sonoraenequipo.com.mx\/pena-nieto-mandara-al-congreso-iniciativa-para-la-ssp-y-para-nombrar-fiscales-para-amlo\/\",\"url\":\"https:\/\/www.sonoraenequipo.com.mx\/pena-nieto-mandara-al-congreso-iniciativa-para-la-ssp-y-para-nombrar-fiscales-para-amlo\/\",\"name\":\"Sonora en Equipo. Pe\u00f1a Nieto mandar\u00e1 al Congreso iniciativa para la SSP y para nombrar fiscales para AMLO Destacadas\",\"isPartOf\":{\"@id\":\"https:\/\/www.sonoraenequipo.com.mx\/#website\"},\"primaryImageOfPage\":{\"@id\":\"https:\/\/www.sonoraenequipo.com.mx\/pena-nieto-mandara-al-congreso-iniciativa-para-la-ssp-y-para-nombrar-fiscales-para-amlo\/#primaryimage\"},\"image\":{\"@id\":\"https:\/\/www.sonoraenequipo.com.mx\/pena-nieto-mandara-al-congreso-iniciativa-para-la-ssp-y-para-nombrar-fiscales-para-amlo\/#primaryimage\"},\"thumbnailUrl\":\"https:\/\/www.sonoraenequipo.com.mx\/storage\/2018\/08\/obradorype\u00f1a_opt.jpg\",\"datePublished\":\"2018-08-10T02:00:32+00:00\",\"dateModified\":\"2018-08-10T02:18:59+00:00\",\"description\":\"CIUDAD DE M\u00c9XICO. MX. \u2014 Enrique Pe\u00f1a Nieto mandar\u00e1 al Congreso la iniciativa para crear la Secretar\u00eda de Seguridad P\u00fablica Federal (SSP) y sus propuestas En Sonora en Equipo publicamos toda la informaci\u00f3n de Sonora, M\u00e9xico y el Mundo de manera oportuna y busca que la libertad de expresi\u00f3n sea real. Visita nuestro medio informativo publicado desde Hermosillo, Sonora. %\",\"breadcrumb\":{\"@id\":\"https:\/\/www.sonoraenequipo.com.mx\/pena-nieto-mandara-al-congreso-iniciativa-para-la-ssp-y-para-nombrar-fiscales-para-amlo\/#breadcrumb\"},\"inLanguage\":\"es\",\"potentialAction\":[{\"@type\":\"ReadAction\",\"target\":[\"https:\/\/www.sonoraenequipo.com.mx\/pena-nieto-mandara-al-congreso-iniciativa-para-la-ssp-y-para-nombrar-fiscales-para-amlo\/\"]}]},{\"@type\":\"ImageObject\",\"inLanguage\":\"es\",\"@id\":\"https:\/\/www.sonoraenequipo.com.mx\/pena-nieto-mandara-al-congreso-iniciativa-para-la-ssp-y-para-nombrar-fiscales-para-amlo\/#primaryimage\",\"url\":\"https:\/\/www.sonoraenequipo.com.mx\/storage\/2018\/08\/obradorype\u00f1a_opt.jpg\",\"contentUrl\":\"https:\/\/www.sonoraenequipo.com.mx\/storage\/2018\/08\/obradorype\u00f1a_opt.jpg\",\"width\":868,\"height\":500},{\"@type\":\"BreadcrumbList\",\"@id\":\"https:\/\/www.sonoraenequipo.com.mx\/pena-nieto-mandara-al-congreso-iniciativa-para-la-ssp-y-para-nombrar-fiscales-para-amlo\/#breadcrumb\",\"itemListElement\":[{\"@type\":\"ListItem\",\"position\":1,\"name\":\"Portada\",\"item\":\"https:\/\/www.sonoraenequipo.com.mx\/\"},{\"@type\":\"ListItem\",\"position\":2,\"name\":\"Pe\u00f1a Nieto mandar\u00e1 al Congreso iniciativa para la SSP y para nombrar fiscales para AMLO\"}]},{\"@type\":\"WebSite\",\"@id\":\"https:\/\/www.sonoraenequipo.com.mx\/#website\",\"url\":\"https:\/\/www.sonoraenequipo.com.mx\/\",\"name\":\"Sonora en Equipo.\",\"description\":\"Diario en l\u00ednea con Noticias desde Hermosillo, Sonora\",\"publisher\":{\"@id\":\"https:\/\/www.sonoraenequipo.com.mx\/#organization\"},\"potentialAction\":[{\"@type\":\"SearchAction\",\"target\":{\"@type\":\"EntryPoint\",\"urlTemplate\":\"https:\/\/www.sonoraenequipo.com.mx\/?s={search_term_string}\"},\"query-input\":{\"@type\":\"PropertyValueSpecification\",\"valueRequired\":true,\"valueName\":\"search_term_string\"}}],\"inLanguage\":\"es\"},{\"@type\":\"Organization\",\"@id\":\"https:\/\/www.sonoraenequipo.com.mx\/#organization\",\"name\":\"Sonoraenequipo.com.mx\",\"url\":\"https:\/\/www.sonoraenequipo.com.mx\/\",\"logo\":{\"@type\":\"ImageObject\",\"inLanguage\":\"es\",\"@id\":\"https:\/\/www.sonoraenequipo.com.mx\/#\/schema\/logo\/image\/\",\"url\":\"https:\/\/www.sonoraenequipo.com.mx\/storage\/2019\/01\/sonoraenequipo_opt.png\",\"contentUrl\":\"https:\/\/www.sonoraenequipo.com.mx\/storage\/2019\/01\/sonoraenequipo_opt.png\",\"width\":375,\"height\":125,\"caption\":\"Sonoraenequipo.com.mx\"},\"image\":{\"@id\":\"https:\/\/www.sonoraenequipo.com.mx\/#\/schema\/logo\/image\/\"},\"sameAs\":[\"https:\/\/www.facebook.com\/SonoraEE\/\",\"https:\/\/x.com\/sonoraenequipo\",\"https:\/\/www.youtube.com\/channel\/UC338nW-lPEYmJQs4ZABQ1SQ\"]},{\"@type\":\"Person\",\"@id\":\"https:\/\/www.sonoraenequipo.com.mx\/#\/schema\/person\/50102df0fb23a8fa9e8effad8fa81386\",\"name\":\"enequipo\",\"image\":{\"@type\":\"ImageObject\",\"inLanguage\":\"es\",\"@id\":\"https:\/\/www.sonoraenequipo.com.mx\/#\/schema\/person\/image\/\",\"url\":\"https:\/\/secure.gravatar.com\/avatar\/049821681b589dabc0bc20695993ccebb09f5b5d4d790cd9251b97faac7c652b?s=96&d=blank&r=g\",\"contentUrl\":\"https:\/\/secure.gravatar.com\/avatar\/049821681b589dabc0bc20695993ccebb09f5b5d4d790cd9251b97faac7c652b?s=96&d=blank&r=g\",\"caption\":\"enequipo\"},\"sameAs\":[\"https:\/\/www.facebook.com\/SonoraEE\"]}]}<\/script>\n ","yoast_head_json":{"title":"Sonora en Equipo. Pe\u00f1a Nieto mandar\u00e1 al Congreso iniciativa para la SSP y para nombrar fiscales para AMLO Destacadas","description":"CIUDAD DE M\u00c9XICO. MX. \u2014 Enrique Pe\u00f1a Nieto mandar\u00e1 al Congreso la iniciativa para crear la Secretar\u00eda de Seguridad P\u00fablica Federal (SSP) y sus propuestas En Sonora en Equipo publicamos toda la informaci\u00f3n de Sonora, M\u00e9xico y el Mundo de manera oportuna y busca que la libertad de expresi\u00f3n sea real. Visita nuestro medio informativo publicado desde Hermosillo, Sonora. %","robots":{"index":"index","follow":"follow","max-snippet":"max-snippet:-1","max-image-preview":"max-image-preview:large","max-video-preview":"max-video-preview:-1"},"canonical":"https:\/\/www.sonoraenequipo.com.mx\/pena-nieto-mandara-al-congreso-iniciativa-para-la-ssp-y-para-nombrar-fiscales-para-amlo\/","og_locale":"es_ES","og_type":"article","og_title":"Sonora en Equipo. Pe\u00f1a Nieto mandar\u00e1 al Congreso iniciativa para la SSP y para nombrar fiscales para AMLO Destacadas","og_description":"CIUDAD DE M\u00c9XICO. MX. \u2014 Enrique Pe\u00f1a Nieto mandar\u00e1 al Congreso la iniciativa para crear la Secretar\u00eda de Seguridad P\u00fablica Federal (SSP) y sus propuestas En Sonora en Equipo publicamos toda la informaci\u00f3n de Sonora, M\u00e9xico y el Mundo de manera oportuna y busca que la libertad de expresi\u00f3n sea real. Visita nuestro medio informativo publicado desde Hermosillo, Sonora. %","og_url":"https:\/\/www.sonoraenequipo.com.mx\/pena-nieto-mandara-al-congreso-iniciativa-para-la-ssp-y-para-nombrar-fiscales-para-amlo\/","og_site_name":"Sonora en Equipo.","article_publisher":"https:\/\/www.facebook.com\/SonoraEE\/","article_author":"https:\/\/www.facebook.com\/SonoraEE","article_published_time":"2018-08-10T02:00:32+00:00","article_modified_time":"2018-08-10T02:18:59+00:00","og_image":[{"width":868,"height":500,"url":"https:\/\/www.sonoraenequipo.com.mx\/storage\/2018\/08\/obradorype\u00f1a_opt.jpg","type":"image\/jpeg"}],"author":"enequipo","twitter_card":"summary_large_image","twitter_creator":"@sonoraenequipo","twitter_site":"@sonoraenequipo","twitter_misc":{"Escrito por":"enequipo","Tiempo de lectura":"3 minutos"},"schema":{"@context":"https:\/\/schema.org","@graph":[{"@type":"Article","@id":"https:\/\/www.sonoraenequipo.com.mx\/pena-nieto-mandara-al-congreso-iniciativa-para-la-ssp-y-para-nombrar-fiscales-para-amlo\/#article","isPartOf":{"@id":"https:\/\/www.sonoraenequipo.com.mx\/pena-nieto-mandara-al-congreso-iniciativa-para-la-ssp-y-para-nombrar-fiscales-para-amlo\/"},"author":{"name":"enequipo","@id":"https:\/\/www.sonoraenequipo.com.mx\/#\/schema\/person\/50102df0fb23a8fa9e8effad8fa81386"},"headline":"Pe\u00f1a Nieto mandar\u00e1 al Congreso iniciativa para la SSP y para nombrar fiscales para AMLO","datePublished":"2018-08-10T02:00:32+00:00","dateModified":"2018-08-10T02:18:59+00:00","mainEntityOfPage":{"@id":"https:\/\/www.sonoraenequipo.com.mx\/pena-nieto-mandara-al-congreso-iniciativa-para-la-ssp-y-para-nombrar-fiscales-para-amlo\/"},"wordCount":596,"commentCount":0,"publisher":{"@id":"https:\/\/www.sonoraenequipo.com.mx\/#organization"},"image":{"@id":"https:\/\/www.sonoraenequipo.com.mx\/pena-nieto-mandara-al-congreso-iniciativa-para-la-ssp-y-para-nombrar-fiscales-para-amlo\/#primaryimage"},"thumbnailUrl":"https:\/\/www.sonoraenequipo.com.mx\/storage\/2018\/08\/obradorype\u00f1a_opt.jpg","articleSection":["Destacadas","Rep\u00fablica"],"inLanguage":"es","potentialAction":[{"@type":"CommentAction","name":"Comment","target":["https:\/\/www.sonoraenequipo.com.mx\/pena-nieto-mandara-al-congreso-iniciativa-para-la-ssp-y-para-nombrar-fiscales-para-amlo\/#respond"]}]},{"@type":"WebPage","@id":"https:\/\/www.sonoraenequipo.com.mx\/pena-nieto-mandara-al-congreso-iniciativa-para-la-ssp-y-para-nombrar-fiscales-para-amlo\/","url":"https:\/\/www.sonoraenequipo.com.mx\/pena-nieto-mandara-al-congreso-iniciativa-para-la-ssp-y-para-nombrar-fiscales-para-amlo\/","name":"Sonora en Equipo. Pe\u00f1a Nieto mandar\u00e1 al Congreso iniciativa para la SSP y para nombrar fiscales para AMLO Destacadas","isPartOf":{"@id":"https:\/\/www.sonoraenequipo.com.mx\/#website"},"primaryImageOfPage":{"@id":"https:\/\/www.sonoraenequipo.com.mx\/pena-nieto-mandara-al-congreso-iniciativa-para-la-ssp-y-para-nombrar-fiscales-para-amlo\/#primaryimage"},"image":{"@id":"https:\/\/www.sonoraenequipo.com.mx\/pena-nieto-mandara-al-congreso-iniciativa-para-la-ssp-y-para-nombrar-fiscales-para-amlo\/#primaryimage"},"thumbnailUrl":"https:\/\/www.sonoraenequipo.com.mx\/storage\/2018\/08\/obradorype\u00f1a_opt.jpg","datePublished":"2018-08-10T02:00:32+00:00","dateModified":"2018-08-10T02:18:59+00:00","description":"CIUDAD DE M\u00c9XICO. MX. \u2014 Enrique Pe\u00f1a Nieto mandar\u00e1 al Congreso la iniciativa para crear la Secretar\u00eda de Seguridad P\u00fablica Federal (SSP) y sus propuestas En Sonora en Equipo publicamos toda la informaci\u00f3n de Sonora, M\u00e9xico y el Mundo de manera oportuna y busca que la libertad de expresi\u00f3n sea real. Visita nuestro medio informativo publicado desde Hermosillo, Sonora. %","breadcrumb":{"@id":"https:\/\/www.sonoraenequipo.com.mx\/pena-nieto-mandara-al-congreso-iniciativa-para-la-ssp-y-para-nombrar-fiscales-para-amlo\/#breadcrumb"},"inLanguage":"es","potentialAction":[{"@type":"ReadAction","target":["https:\/\/www.sonoraenequipo.com.mx\/pena-nieto-mandara-al-congreso-iniciativa-para-la-ssp-y-para-nombrar-fiscales-para-amlo\/"]}]},{"@type":"ImageObject","inLanguage":"es","@id":"https:\/\/www.sonoraenequipo.com.mx\/pena-nieto-mandara-al-congreso-iniciativa-para-la-ssp-y-para-nombrar-fiscales-para-amlo\/#primaryimage","url":"https:\/\/www.sonoraenequipo.com.mx\/storage\/2018\/08\/obradorype\u00f1a_opt.jpg","contentUrl":"https:\/\/www.sonoraenequipo.com.mx\/storage\/2018\/08\/obradorype\u00f1a_opt.jpg","width":868,"height":500},{"@type":"BreadcrumbList","@id":"https:\/\/www.sonoraenequipo.com.mx\/pena-nieto-mandara-al-congreso-iniciativa-para-la-ssp-y-para-nombrar-fiscales-para-amlo\/#breadcrumb","itemListElement":[{"@type":"ListItem","position":1,"name":"Portada","item":"https:\/\/www.sonoraenequipo.com.mx\/"},{"@type":"ListItem","position":2,"name":"Pe\u00f1a Nieto mandar\u00e1 al Congreso iniciativa para la SSP y para nombrar fiscales para AMLO"}]},{"@type":"WebSite","@id":"https:\/\/www.sonoraenequipo.com.mx\/#website","url":"https:\/\/www.sonoraenequipo.com.mx\/","name":"Sonora en Equipo.","description":"Diario en l\u00ednea con Noticias desde Hermosillo, Sonora","publisher":{"@id":"https:\/\/www.sonoraenequipo.com.mx\/#organization"},"potentialAction":[{"@type":"SearchAction","target":{"@type":"EntryPoint","urlTemplate":"https:\/\/www.sonoraenequipo.com.mx\/?s={search_term_string}"},"query-input":{"@type":"PropertyValueSpecification","valueRequired":true,"valueName":"search_term_string"}}],"inLanguage":"es"},{"@type":"Organization","@id":"https:\/\/www.sonoraenequipo.com.mx\/#organization","name":"Sonoraenequipo.com.mx","url":"https:\/\/www.sonoraenequipo.com.mx\/","logo":{"@type":"ImageObject","inLanguage":"es","@id":"https:\/\/www.sonoraenequipo.com.mx\/#\/schema\/logo\/image\/","url":"https:\/\/www.sonoraenequipo.com.mx\/storage\/2019\/01\/sonoraenequipo_opt.png","contentUrl":"https:\/\/www.sonoraenequipo.com.mx\/storage\/2019\/01\/sonoraenequipo_opt.png","width":375,"height":125,"caption":"Sonoraenequipo.com.mx"},"image":{"@id":"https:\/\/www.sonoraenequipo.com.mx\/#\/schema\/logo\/image\/"},"sameAs":["https:\/\/www.facebook.com\/SonoraEE\/","https:\/\/x.com\/sonoraenequipo","https:\/\/www.youtube.com\/channel\/UC338nW-lPEYmJQs4ZABQ1SQ"]},{"@type":"Person","@id":"https:\/\/www.sonoraenequipo.com.mx\/#\/schema\/person\/50102df0fb23a8fa9e8effad8fa81386","name":"enequipo","image":{"@type":"ImageObject","inLanguage":"es","@id":"https:\/\/www.sonoraenequipo.com.mx\/#\/schema\/person\/image\/","url":"https:\/\/secure.gravatar.com\/avatar\/049821681b589dabc0bc20695993ccebb09f5b5d4d790cd9251b97faac7c652b?s=96&d=blank&r=g","contentUrl":"https:\/\/secure.gravatar.com\/avatar\/049821681b589dabc0bc20695993ccebb09f5b5d4d790cd9251b97faac7c652b?s=96&d=blank&r=g","caption":"enequipo"},"sameAs":["https:\/\/www.facebook.com\/SonoraEE"]}]}},"jetpack_featured_media_url":"https:\/\/www.sonoraenequipo.com.mx\/storage\/2018\/08\/obradorype\u00f1a_opt.jpg","_links":{"self":[{"href":"https:\/\/www.sonoraenequipo.com.mx\/api\/wp\/v2\/posts\/42302","targetHints":{"allow":["GET"]}}],"collection":[{"href":"https:\/\/www.sonoraenequipo.com.mx\/api\/wp\/v2\/posts"}],"about":[{"href":"https:\/\/www.sonoraenequipo.com.mx\/api\/wp\/v2\/types\/post"}],"author":[{"embeddable":true,"href":"https:\/\/www.sonoraenequipo.com.mx\/api\/wp\/v2\/users\/1"}],"replies":[{"embeddable":true,"href":"https:\/\/www.sonoraenequipo.com.mx\/api\/wp\/v2\/comments?post=42302"}],"version-history":[{"count":0,"href":"https:\/\/www.sonoraenequipo.com.mx\/api\/wp\/v2\/posts\/42302\/revisions"}],"wp:featuredmedia":[{"embeddable":true,"href":"https:\/\/www.sonoraenequipo.com.mx\/api\/wp\/v2\/media\/42303"}],"wp:attachment":[{"href":"https:\/\/www.sonoraenequipo.com.mx\/api\/wp\/v2\/media?parent=42302"}],"wp:term":[{"taxonomy":"category","embeddable":true,"href":"https:\/\/www.sonoraenequipo.com.mx\/api\/wp\/v2\/categories?post=42302"},{"taxonomy":"post_tag","embeddable":true,"href":"https:\/\/www.sonoraenequipo.com.mx\/api\/wp\/v2\/tags?post=42302"}],"curies":[{"name":"wp","href":"https:\/\/api.w.org\/{rel}","templated":true}]}}