{"id":424,"date":"2015-10-14T19:37:38","date_gmt":"2015-10-15T02:37:38","guid":{"rendered":"http:\/\/www.sonoraenequipo.com.mx\/?p=424"},"modified":"2020-05-18T18:21:45","modified_gmt":"2020-05-19T01:21:45","slug":"el-29-de-octubre-se-termina-la-tele-analogica-en-slrc","status":"publish","type":"post","link":"https:\/\/www.sonoraenequipo.com.mx\/el-29-de-octubre-se-termina-la-tele-analogica-en-slrc\/","title":{"rendered":"El 29 de octubre se termina la tele anal\u00f3gica en SLRC"},"content":{"rendered":"<p>14102015. M\u00c9XICO. \u2014\u00a0 El Instituto Federal de Telecomunicaciones inform\u00f3 que el 29 de octubre se cancelar\u00e1 la se\u00f1al anal\u00f3gica de televisi\u00f3n abierta en el municipio de San Luis R\u00edo Colorado, Sonora, y en tres ciudades m\u00e1s del pa\u00eds, por lo que la poblaci\u00f3n deber\u00e1 estar preparada para no quedarse sin se\u00f1al.<\/p>\n<p> <\/p>\n<p>La decisi\u00f3n de terminar anticipadamente con la se\u00f1al abierta en dicho municipio, se debe a que el instituto consider\u00f3 que el 95 por ciento de la poblaci\u00f3n de San Luis R\u00edo Colorado cuenta con una Televisi\u00f3n Digital Terrestre.<\/p>\n<p>Y es que un total de 12 mil 138 televisores fueron entregados en el municipio fronterizo, se\u00f1<a href=\"http:\/\/www.sonoraenequipo.com.mx\/storage\/2015\/10\/tvdigital_opt.jpg\"><img loading=\"lazy\" decoding=\"async\" class=\"size-full  x-left\" src=\"http:\/\/www.sonoraenequipo.com.mx\/storage\/2015\/10\/tvdigital_opt.jpg\" alt=\"tvdigital_opt\" width=\"291\" height=\"270\" \/><\/a>ala el Instituto Federal de Telecomunicaciones.<\/p>\n<p>El apag\u00f3n anal\u00f3gico en la entidad est\u00e1 programado para el 31 de diciembre del 2015.<\/p>\n<p>Los usuarios de televisi\u00f3n de paga no dejar\u00e1n de recibir se\u00f1al y quienes cuenten con televisi\u00f3n digital terrestre podr\u00e1n ver los canales en Alta Definici\u00f3n con una mejor calidad de imagen y sonido.<\/p>\n<p>Para mayores informes, el Instituto Federal de Telecomunicaciones pone a disposici\u00f3n la l\u00ednea gratuita 01-800-880-24-24.<\/p>\n","protected":false},"excerpt":{"rendered":"<p>14102015. M\u00c9XICO. \u2014\u00a0 El Instituto Federal de Telecomunicaciones inform\u00f3 que el 29 de octubre se&#8230;<\/p>\n","protected":false},"author":1,"featured_media":0,"comment_status":"open","ping_status":"open","sticky":false,"template":"","format":"standard","meta":{"_monsterinsights_skip_tracking":false,"_monsterinsights_sitenote_active":false,"_monsterinsights_sitenote_note":"","_monsterinsights_sitenote_category":0,"footnotes":""},"categories":[4],"tags":[],"class_list":["post"],"yoast_head":" \n<title>Sonora en Equipo. El 29 de octubre se termina la tele anal\u00f3gica en SLRC<\/title>\n<meta name=\"description\" content=\"14102015. M\u00c9XICO. \u2014\u00a0 El Instituto Federal de Telecomunicaciones inform\u00f3 que el 29 de octubre se cancelar\u00e1 la se\u00f1al anal\u00f3gica de televisi\u00f3n abierta en el En Sonora en Equipo publicamos toda la informaci\u00f3n de Sonora, M\u00e9xico y el Mundo de manera oportuna y busca que la libertad de expresi\u00f3n sea real. Visita nuestro medio informativo publicado desde Hermosillo, Sonora. %\" \/>\n<meta name=\"robots\" content=\"index, follow, max-snippet:-1, max-image-preview:large, max-video-preview:-1\" \/>\n<link rel=\"canonical\" href=\"https:\/\/www.sonoraenequipo.com.mx\/el-29-de-octubre-se-termina-la-tele-analogica-en-slrc\/\" \/>\n<meta property=\"og:locale\" content=\"es_ES\" \/>\n<meta property=\"og:type\" content=\"article\" \/>\n<meta property=\"og:title\" content=\"Sonora en Equipo. El 29 de octubre se termina la tele anal\u00f3gica en SLRC\" \/>\n<meta property=\"og:description\" content=\"14102015. M\u00c9XICO. \u2014\u00a0 El Instituto Federal de Telecomunicaciones inform\u00f3 que el 29 de octubre se cancelar\u00e1 la se\u00f1al anal\u00f3gica de televisi\u00f3n abierta en el En Sonora en Equipo publicamos toda la informaci\u00f3n de Sonora, M\u00e9xico y el Mundo de manera oportuna y busca que la libertad de expresi\u00f3n sea real. Visita nuestro medio informativo publicado desde Hermosillo, Sonora. %\" \/>\n<meta property=\"og:url\" content=\"https:\/\/www.sonoraenequipo.com.mx\/el-29-de-octubre-se-termina-la-tele-analogica-en-slrc\/\" \/>\n<meta property=\"og:site_name\" content=\"Sonora en Equipo.\" \/>\n<meta property=\"article:publisher\" content=\"https:\/\/www.facebook.com\/SonoraEE\/\" \/>\n<meta property=\"article:author\" content=\"https:\/\/www.facebook.com\/SonoraEE\" \/>\n<meta property=\"article:published_time\" content=\"2015-10-15T02:37:38+00:00\" \/>\n<meta property=\"article:modified_time\" content=\"2020-05-19T01:21:45+00:00\" \/>\n<meta property=\"og:image\" content=\"http:\/\/www.sonoraenequipo.com.mx\/storage\/2015\/10\/tvdigital_opt.jpg\" \/>\n<meta name=\"author\" content=\"enequipo\" \/>\n<meta name=\"twitter:card\" content=\"summary_large_image\" \/>\n<meta name=\"twitter:creator\" content=\"@sonoraenequipo\" \/>\n<meta name=\"twitter:site\" content=\"@sonoraenequipo\" \/>\n<meta name=\"twitter:label1\" content=\"Escrito por\" \/>\n\t<meta name=\"twitter:data1\" content=\"enequipo\" \/>\n\t<meta name=\"twitter:label2\" content=\"Tiempo de lectura\" \/>\n\t<meta name=\"twitter:data2\" content=\"1 minuto\" \/>\n<script type=\"application\/ld+json\" class=\"yoast-schema-graph\">{\"@context\":\"https:\/\/schema.org\",\"@graph\":[{\"@type\":\"Article\",\"@id\":\"https:\/\/www.sonoraenequipo.com.mx\/el-29-de-octubre-se-termina-la-tele-analogica-en-slrc\/#article\",\"isPartOf\":{\"@id\":\"https:\/\/www.sonoraenequipo.com.mx\/el-29-de-octubre-se-termina-la-tele-analogica-en-slrc\/\"},\"author\":{\"name\":\"enequipo\",\"@id\":\"https:\/\/www.sonoraenequipo.com.mx\/#\/schema\/person\/50102df0fb23a8fa9e8effad8fa81386\"},\"headline\":\"El 29 de octubre se termina la tele anal\u00f3gica en SLRC\",\"datePublished\":\"2015-10-15T02:37:38+00:00\",\"dateModified\":\"2020-05-19T01:21:45+00:00\",\"mainEntityOfPage\":{\"@id\":\"https:\/\/www.sonoraenequipo.com.mx\/el-29-de-octubre-se-termina-la-tele-analogica-en-slrc\/\"},\"wordCount\":205,\"commentCount\":0,\"publisher\":{\"@id\":\"https:\/\/www.sonoraenequipo.com.mx\/#organization\"},\"image\":{\"@id\":\"https:\/\/www.sonoraenequipo.com.mx\/el-29-de-octubre-se-termina-la-tele-analogica-en-slrc\/#primaryimage\"},\"thumbnailUrl\":\"http:\/\/www.sonoraenequipo.com.mx\/storage\/2015\/10\/tvdigital_opt.jpg\",\"articleSection\":[\"Municipios\"],\"inLanguage\":\"es\",\"potentialAction\":[{\"@type\":\"CommentAction\",\"name\":\"Comment\",\"target\":[\"https:\/\/www.sonoraenequipo.com.mx\/el-29-de-octubre-se-termina-la-tele-analogica-en-slrc\/#respond\"]}]},{\"@type\":\"WebPage\",\"@id\":\"https:\/\/www.sonoraenequipo.com.mx\/el-29-de-octubre-se-termina-la-tele-analogica-en-slrc\/\",\"url\":\"https:\/\/www.sonoraenequipo.com.mx\/el-29-de-octubre-se-termina-la-tele-analogica-en-slrc\/\",\"name\":\"Sonora en Equipo. El 29 de octubre se termina la tele anal\u00f3gica en SLRC\",\"isPartOf\":{\"@id\":\"https:\/\/www.sonoraenequipo.com.mx\/#website\"},\"primaryImageOfPage\":{\"@id\":\"https:\/\/www.sonoraenequipo.com.mx\/el-29-de-octubre-se-termina-la-tele-analogica-en-slrc\/#primaryimage\"},\"image\":{\"@id\":\"https:\/\/www.sonoraenequipo.com.mx\/el-29-de-octubre-se-termina-la-tele-analogica-en-slrc\/#primaryimage\"},\"thumbnailUrl\":\"http:\/\/www.sonoraenequipo.com.mx\/storage\/2015\/10\/tvdigital_opt.jpg\",\"datePublished\":\"2015-10-15T02:37:38+00:00\",\"dateModified\":\"2020-05-19T01:21:45+00:00\",\"description\":\"14102015. M\u00c9XICO. \u2014\u00a0 El Instituto Federal de Telecomunicaciones inform\u00f3 que el 29 de octubre se cancelar\u00e1 la se\u00f1al anal\u00f3gica de televisi\u00f3n abierta en el En Sonora en Equipo publicamos toda la informaci\u00f3n de Sonora, M\u00e9xico y el Mundo de manera oportuna y busca que la libertad de expresi\u00f3n sea real. Visita nuestro medio informativo publicado desde Hermosillo, Sonora. %\",\"breadcrumb\":{\"@id\":\"https:\/\/www.sonoraenequipo.com.mx\/el-29-de-octubre-se-termina-la-tele-analogica-en-slrc\/#breadcrumb\"},\"inLanguage\":\"es\",\"potentialAction\":[{\"@type\":\"ReadAction\",\"target\":[\"https:\/\/www.sonoraenequipo.com.mx\/el-29-de-octubre-se-termina-la-tele-analogica-en-slrc\/\"]}]},{\"@type\":\"ImageObject\",\"inLanguage\":\"es\",\"@id\":\"https:\/\/www.sonoraenequipo.com.mx\/el-29-de-octubre-se-termina-la-tele-analogica-en-slrc\/#primaryimage\",\"url\":\"http:\/\/www.sonoraenequipo.com.mx\/storage\/2015\/10\/tvdigital_opt.jpg\",\"contentUrl\":\"http:\/\/www.sonoraenequipo.com.mx\/storage\/2015\/10\/tvdigital_opt.jpg\"},{\"@type\":\"BreadcrumbList\",\"@id\":\"https:\/\/www.sonoraenequipo.com.mx\/el-29-de-octubre-se-termina-la-tele-analogica-en-slrc\/#breadcrumb\",\"itemListElement\":[{\"@type\":\"ListItem\",\"position\":1,\"name\":\"Portada\",\"item\":\"https:\/\/www.sonoraenequipo.com.mx\/\"},{\"@type\":\"ListItem\",\"position\":2,\"name\":\"El 29 de octubre se termina la tele anal\u00f3gica en SLRC\"}]},{\"@type\":\"WebSite\",\"@id\":\"https:\/\/www.sonoraenequipo.com.mx\/#website\",\"url\":\"https:\/\/www.sonoraenequipo.com.mx\/\",\"name\":\"Sonora en Equipo.\",\"description\":\"Diario en l\u00ednea con Noticias desde Hermosillo, Sonora\",\"publisher\":{\"@id\":\"https:\/\/www.sonoraenequipo.com.mx\/#organization\"},\"potentialAction\":[{\"@type\":\"SearchAction\",\"target\":{\"@type\":\"EntryPoint\",\"urlTemplate\":\"https:\/\/www.sonoraenequipo.com.mx\/?s={search_term_string}\"},\"query-input\":{\"@type\":\"PropertyValueSpecification\",\"valueRequired\":true,\"valueName\":\"search_term_string\"}}],\"inLanguage\":\"es\"},{\"@type\":\"Organization\",\"@id\":\"https:\/\/www.sonoraenequipo.com.mx\/#organization\",\"name\":\"Sonoraenequipo.com.mx\",\"url\":\"https:\/\/www.sonoraenequipo.com.mx\/\",\"logo\":{\"@type\":\"ImageObject\",\"inLanguage\":\"es\",\"@id\":\"https:\/\/www.sonoraenequipo.com.mx\/#\/schema\/logo\/image\/\",\"url\":\"https:\/\/www.sonoraenequipo.com.mx\/storage\/2019\/01\/sonoraenequipo_opt.png\",\"contentUrl\":\"https:\/\/www.sonoraenequipo.com.mx\/storage\/2019\/01\/sonoraenequipo_opt.png\",\"width\":375,\"height\":125,\"caption\":\"Sonoraenequipo.com.mx\"},\"image\":{\"@id\":\"https:\/\/www.sonoraenequipo.com.mx\/#\/schema\/logo\/image\/\"},\"sameAs\":[\"https:\/\/www.facebook.com\/SonoraEE\/\",\"https:\/\/x.com\/sonoraenequipo\",\"https:\/\/www.youtube.com\/channel\/UC338nW-lPEYmJQs4ZABQ1SQ\"]},{\"@type\":\"Person\",\"@id\":\"https:\/\/www.sonoraenequipo.com.mx\/#\/schema\/person\/50102df0fb23a8fa9e8effad8fa81386\",\"name\":\"enequipo\",\"image\":{\"@type\":\"ImageObject\",\"inLanguage\":\"es\",\"@id\":\"https:\/\/www.sonoraenequipo.com.mx\/#\/schema\/person\/image\/\",\"url\":\"https:\/\/secure.gravatar.com\/avatar\/049821681b589dabc0bc20695993ccebb09f5b5d4d790cd9251b97faac7c652b?s=96&d=blank&r=g\",\"contentUrl\":\"https:\/\/secure.gravatar.com\/avatar\/049821681b589dabc0bc20695993ccebb09f5b5d4d790cd9251b97faac7c652b?s=96&d=blank&r=g\",\"caption\":\"enequipo\"},\"sameAs\":[\"https:\/\/www.facebook.com\/SonoraEE\"]}]}<\/script>\n ","yoast_head_json":{"title":"Sonora en Equipo. El 29 de octubre se termina la tele anal\u00f3gica en SLRC","description":"14102015. M\u00c9XICO. \u2014\u00a0 El Instituto Federal de Telecomunicaciones inform\u00f3 que el 29 de octubre se cancelar\u00e1 la se\u00f1al anal\u00f3gica de televisi\u00f3n abierta en el En Sonora en Equipo publicamos toda la informaci\u00f3n de Sonora, M\u00e9xico y el Mundo de manera oportuna y busca que la libertad de expresi\u00f3n sea real. Visita nuestro medio informativo publicado desde Hermosillo, Sonora. %","robots":{"index":"index","follow":"follow","max-snippet":"max-snippet:-1","max-image-preview":"max-image-preview:large","max-video-preview":"max-video-preview:-1"},"canonical":"https:\/\/www.sonoraenequipo.com.mx\/el-29-de-octubre-se-termina-la-tele-analogica-en-slrc\/","og_locale":"es_ES","og_type":"article","og_title":"Sonora en Equipo. El 29 de octubre se termina la tele anal\u00f3gica en SLRC","og_description":"14102015. M\u00c9XICO. \u2014\u00a0 El Instituto Federal de Telecomunicaciones inform\u00f3 que el 29 de octubre se cancelar\u00e1 la se\u00f1al anal\u00f3gica de televisi\u00f3n abierta en el En Sonora en Equipo publicamos toda la informaci\u00f3n de Sonora, M\u00e9xico y el Mundo de manera oportuna y busca que la libertad de expresi\u00f3n sea real. Visita nuestro medio informativo publicado desde Hermosillo, Sonora. %","og_url":"https:\/\/www.sonoraenequipo.com.mx\/el-29-de-octubre-se-termina-la-tele-analogica-en-slrc\/","og_site_name":"Sonora en Equipo.","article_publisher":"https:\/\/www.facebook.com\/SonoraEE\/","article_author":"https:\/\/www.facebook.com\/SonoraEE","article_published_time":"2015-10-15T02:37:38+00:00","article_modified_time":"2020-05-19T01:21:45+00:00","og_image":[{"url":"http:\/\/www.sonoraenequipo.com.mx\/storage\/2015\/10\/tvdigital_opt.jpg","type":"","width":"","height":""}],"author":"enequipo","twitter_card":"summary_large_image","twitter_creator":"@sonoraenequipo","twitter_site":"@sonoraenequipo","twitter_misc":{"Escrito por":"enequipo","Tiempo de lectura":"1 minuto"},"schema":{"@context":"https:\/\/schema.org","@graph":[{"@type":"Article","@id":"https:\/\/www.sonoraenequipo.com.mx\/el-29-de-octubre-se-termina-la-tele-analogica-en-slrc\/#article","isPartOf":{"@id":"https:\/\/www.sonoraenequipo.com.mx\/el-29-de-octubre-se-termina-la-tele-analogica-en-slrc\/"},"author":{"name":"enequipo","@id":"https:\/\/www.sonoraenequipo.com.mx\/#\/schema\/person\/50102df0fb23a8fa9e8effad8fa81386"},"headline":"El 29 de octubre se termina la tele anal\u00f3gica en SLRC","datePublished":"2015-10-15T02:37:38+00:00","dateModified":"2020-05-19T01:21:45+00:00","mainEntityOfPage":{"@id":"https:\/\/www.sonoraenequipo.com.mx\/el-29-de-octubre-se-termina-la-tele-analogica-en-slrc\/"},"wordCount":205,"commentCount":0,"publisher":{"@id":"https:\/\/www.sonoraenequipo.com.mx\/#organization"},"image":{"@id":"https:\/\/www.sonoraenequipo.com.mx\/el-29-de-octubre-se-termina-la-tele-analogica-en-slrc\/#primaryimage"},"thumbnailUrl":"http:\/\/www.sonoraenequipo.com.mx\/storage\/2015\/10\/tvdigital_opt.jpg","articleSection":["Municipios"],"inLanguage":"es","potentialAction":[{"@type":"CommentAction","name":"Comment","target":["https:\/\/www.sonoraenequipo.com.mx\/el-29-de-octubre-se-termina-la-tele-analogica-en-slrc\/#respond"]}]},{"@type":"WebPage","@id":"https:\/\/www.sonoraenequipo.com.mx\/el-29-de-octubre-se-termina-la-tele-analogica-en-slrc\/","url":"https:\/\/www.sonoraenequipo.com.mx\/el-29-de-octubre-se-termina-la-tele-analogica-en-slrc\/","name":"Sonora en Equipo. El 29 de octubre se termina la tele anal\u00f3gica en SLRC","isPartOf":{"@id":"https:\/\/www.sonoraenequipo.com.mx\/#website"},"primaryImageOfPage":{"@id":"https:\/\/www.sonoraenequipo.com.mx\/el-29-de-octubre-se-termina-la-tele-analogica-en-slrc\/#primaryimage"},"image":{"@id":"https:\/\/www.sonoraenequipo.com.mx\/el-29-de-octubre-se-termina-la-tele-analogica-en-slrc\/#primaryimage"},"thumbnailUrl":"http:\/\/www.sonoraenequipo.com.mx\/storage\/2015\/10\/tvdigital_opt.jpg","datePublished":"2015-10-15T02:37:38+00:00","dateModified":"2020-05-19T01:21:45+00:00","description":"14102015. M\u00c9XICO. \u2014\u00a0 El Instituto Federal de Telecomunicaciones inform\u00f3 que el 29 de octubre se cancelar\u00e1 la se\u00f1al anal\u00f3gica de televisi\u00f3n abierta en el En Sonora en Equipo publicamos toda la informaci\u00f3n de Sonora, M\u00e9xico y el Mundo de manera oportuna y busca que la libertad de expresi\u00f3n sea real. Visita nuestro medio informativo publicado desde Hermosillo, Sonora. %","breadcrumb":{"@id":"https:\/\/www.sonoraenequipo.com.mx\/el-29-de-octubre-se-termina-la-tele-analogica-en-slrc\/#breadcrumb"},"inLanguage":"es","potentialAction":[{"@type":"ReadAction","target":["https:\/\/www.sonoraenequipo.com.mx\/el-29-de-octubre-se-termina-la-tele-analogica-en-slrc\/"]}]},{"@type":"ImageObject","inLanguage":"es","@id":"https:\/\/www.sonoraenequipo.com.mx\/el-29-de-octubre-se-termina-la-tele-analogica-en-slrc\/#primaryimage","url":"http:\/\/www.sonoraenequipo.com.mx\/storage\/2015\/10\/tvdigital_opt.jpg","contentUrl":"http:\/\/www.sonoraenequipo.com.mx\/storage\/2015\/10\/tvdigital_opt.jpg"},{"@type":"BreadcrumbList","@id":"https:\/\/www.sonoraenequipo.com.mx\/el-29-de-octubre-se-termina-la-tele-analogica-en-slrc\/#breadcrumb","itemListElement":[{"@type":"ListItem","position":1,"name":"Portada","item":"https:\/\/www.sonoraenequipo.com.mx\/"},{"@type":"ListItem","position":2,"name":"El 29 de octubre se termina la tele anal\u00f3gica en SLRC"}]},{"@type":"WebSite","@id":"https:\/\/www.sonoraenequipo.com.mx\/#website","url":"https:\/\/www.sonoraenequipo.com.mx\/","name":"Sonora en Equipo.","description":"Diario en l\u00ednea con Noticias desde Hermosillo, Sonora","publisher":{"@id":"https:\/\/www.sonoraenequipo.com.mx\/#organization"},"potentialAction":[{"@type":"SearchAction","target":{"@type":"EntryPoint","urlTemplate":"https:\/\/www.sonoraenequipo.com.mx\/?s={search_term_string}"},"query-input":{"@type":"PropertyValueSpecification","valueRequired":true,"valueName":"search_term_string"}}],"inLanguage":"es"},{"@type":"Organization","@id":"https:\/\/www.sonoraenequipo.com.mx\/#organization","name":"Sonoraenequipo.com.mx","url":"https:\/\/www.sonoraenequipo.com.mx\/","logo":{"@type":"ImageObject","inLanguage":"es","@id":"https:\/\/www.sonoraenequipo.com.mx\/#\/schema\/logo\/image\/","url":"https:\/\/www.sonoraenequipo.com.mx\/storage\/2019\/01\/sonoraenequipo_opt.png","contentUrl":"https:\/\/www.sonoraenequipo.com.mx\/storage\/2019\/01\/sonoraenequipo_opt.png","width":375,"height":125,"caption":"Sonoraenequipo.com.mx"},"image":{"@id":"https:\/\/www.sonoraenequipo.com.mx\/#\/schema\/logo\/image\/"},"sameAs":["https:\/\/www.facebook.com\/SonoraEE\/","https:\/\/x.com\/sonoraenequipo","https:\/\/www.youtube.com\/channel\/UC338nW-lPEYmJQs4ZABQ1SQ"]},{"@type":"Person","@id":"https:\/\/www.sonoraenequipo.com.mx\/#\/schema\/person\/50102df0fb23a8fa9e8effad8fa81386","name":"enequipo","image":{"@type":"ImageObject","inLanguage":"es","@id":"https:\/\/www.sonoraenequipo.com.mx\/#\/schema\/person\/image\/","url":"https:\/\/secure.gravatar.com\/avatar\/049821681b589dabc0bc20695993ccebb09f5b5d4d790cd9251b97faac7c652b?s=96&d=blank&r=g","contentUrl":"https:\/\/secure.gravatar.com\/avatar\/049821681b589dabc0bc20695993ccebb09f5b5d4d790cd9251b97faac7c652b?s=96&d=blank&r=g","caption":"enequipo"},"sameAs":["https:\/\/www.facebook.com\/SonoraEE"]}]}},"jetpack_featured_media_url":"","_links":{"self":[{"href":"https:\/\/www.sonoraenequipo.com.mx\/api\/wp\/v2\/posts\/424","targetHints":{"allow":["GET"]}}],"collection":[{"href":"https:\/\/www.sonoraenequipo.com.mx\/api\/wp\/v2\/posts"}],"about":[{"href":"https:\/\/www.sonoraenequipo.com.mx\/api\/wp\/v2\/types\/post"}],"author":[{"embeddable":true,"href":"https:\/\/www.sonoraenequipo.com.mx\/api\/wp\/v2\/users\/1"}],"replies":[{"embeddable":true,"href":"https:\/\/www.sonoraenequipo.com.mx\/api\/wp\/v2\/comments?post=424"}],"version-history":[{"count":0,"href":"https:\/\/www.sonoraenequipo.com.mx\/api\/wp\/v2\/posts\/424\/revisions"}],"wp:attachment":[{"href":"https:\/\/www.sonoraenequipo.com.mx\/api\/wp\/v2\/media?parent=424"}],"wp:term":[{"taxonomy":"category","embeddable":true,"href":"https:\/\/www.sonoraenequipo.com.mx\/api\/wp\/v2\/categories?post=424"},{"taxonomy":"post_tag","embeddable":true,"href":"https:\/\/www.sonoraenequipo.com.mx\/api\/wp\/v2\/tags?post=424"}],"curies":[{"name":"wp","href":"https:\/\/api.w.org\/{rel}","templated":true}]}}