{"id":42469,"date":"2018-08-09T17:35:36","date_gmt":"2018-08-10T00:35:36","guid":{"rendered":"http:\/\/www.sonoraenequipo.com.mx\/?p=42469"},"modified":"2018-08-10T22:52:15","modified_gmt":"2018-08-11T05:52:15","slug":"recorre-gobernadora-pavlovich-zonas-afectadas-por-lluvias-en-la-atravesada","status":"publish","type":"post","link":"https:\/\/www.sonoraenequipo.com.mx\/recorre-gobernadora-pavlovich-zonas-afectadas-por-lluvias-en-la-atravesada\/","title":{"rendered":"Recorre Gobernadora Pavlovich zonas afectadas por lluvias en La Atravesada"},"content":{"rendered":"<p><span style=\"color: #000000;\">EMPALME, SONORA. MX. \u2014 Para atender a las familias afectadas por las recientes lluvias en la comunidad de La Atravesada, la Gobernadora Claudia Pavlovich Arellano recorri\u00f3 las zonas m\u00e1s da\u00f1adas y entreg\u00f3 despensas y colchonetas, adem\u00e1s anunci\u00f3 la Declaratoria de Emergencia por parte de la Secretar\u00eda de Gobernaci\u00f3n para los municipios de Guaymas y Empalme.<\/span><\/p>\n<p><span style=\"color: #000000;\"> <\/span><\/p>\n<p><span style=\"color: #000000;\">Acompa\u00f1ada por familias de la comunidad, la Mandataria Estatal se traslad\u00f3 a distintas zonas, donde entreg\u00f3 los apoyos y supervis\u00f3 los trabajos realizados por la Secretar\u00eda de Salud y de la Unidad Estatal de Protecci\u00f3n Civil (UEPC) hacia las personas afectadas por las lluvias.<\/span><\/p>\n<p><span style=\"color: #000000;\">La Gobernadora Pavlovich indic\u00f3 que se encuentran a la espera de los recursos del Fondo para la Atenci\u00f3n de Emergencias (Fonden), para fortalecer los apoyos que se han entregado las dependencias estatales.<\/span><\/p>\n<p><span style=\"color: #000000;\">\u201cLa Declaratoria de Emergencia ya se emiti\u00f3 por parte de la Secretar\u00eda de Gobernaci\u00f3n, de Fonden, ya nos van a enviar lo que se requiere, kits de limpieza y otras cosas para poder solucionar el problema, pero nosotros empezamos a trabajar en m\u00e1s de 45 mil hect\u00e1reas que ya se est\u00e1n fumigando\u201d, afirm\u00f3.<\/span><\/p>\n<p><span style=\"color: #000000;\">La conexi\u00f3n de las carreteras en los siete puntos afectados de los dos municipios ya fueron restaurados, dijo, adem\u00e1s la Secretar\u00eda de Infraestructura y Desarrollo Urbano (SIDUR) trabaja en la rehabilitaci\u00f3n de los caminos en las comunidades con tierra, grava y arena para un pronto acceso.<\/span><\/p>\n<p><span style=\"color: #000000;\">\u201cVamos a hacer lo que tengamos que hacer, ahorita estamos entregando despensas y colchonetas, pero ya llegar\u00e1n los kits de limpieza y sobre todo tambi\u00e9n se est\u00e1 barriendo y echando tierra en las calles para acabar con los lodazales\u201d, detall\u00f3.<\/span><\/p>\n<p><span style=\"color: #000000;\">Seg\u00fan los pron\u00f3sticos meteorol\u00f3gicos se prev\u00e9 que en las pr\u00f3ximas horas se vuelvan a presentar lluvias severas, por lo que la Gobernadora Pavlovich solicit\u00f3 a las habitantes de las comunidades de Guaymas y Empalme, a tomar las medidas de prevenci\u00f3n necesarias y resguardarse en zonas seguras.<\/span><\/p>\n<p><span style=\"color: #000000;\">La Jefa del Ejecutivo Estatal mencion\u00f3 que se buscar\u00e1 reconstruir el Bordo Ortiz pero con mayor protecci\u00f3n para evitar que vuelva a desbordarse y que afecte a las comunidades aleda\u00f1as y a\u00f1adi\u00f3 que las distintas dependencias se mantendr\u00e1n en la zona para seguir con la atenci\u00f3n de las familias afectadas.<\/span><\/p>\n<p><span style=\"color: #000000;\">En el recorrido tambi\u00e9n estuvieron presentes Miguel Ernesto Pompa Corella, Secretario de Gobierno; Enrique Clausen Iberri, Secretario de Salud; Ricardo Mart\u00ednez Terrazas, titular de SIDUR; Carlos Arias, Director General de la UEPC y Carlos Gomez Cota, Alcalde de Empalme.<\/span><\/p>\n<p><span style=\"color: #000000;\">(FECHA DE PUBLICACI\u00d3N.10\/082018 \/\/<\/span><\/p>\n","protected":false},"excerpt":{"rendered":"<p>EMPALME, SONORA. MX. \u2014 Para atender a las familias afectadas por las recientes lluvias en&#8230;<\/p>\n","protected":false},"author":1,"featured_media":42445,"comment_status":"open","ping_status":"open","sticky":false,"template":"","format":"image","meta":{"_monsterinsights_skip_tracking":false,"_monsterinsights_sitenote_active":false,"_monsterinsights_sitenote_note":"","_monsterinsights_sitenote_category":0,"footnotes":""},"categories":[4],"tags":[],"class_list":["post","format-image"],"yoast_head":" \n<title>Sonora en Equipo. Recorre Gobernadora Pavlovich zonas afectadas por lluvias en La Atravesada Municipios<\/title>\n<meta name=\"description\" content=\"EMPALME, SONORA. MX. \u2014 Para atender a las familias afectadas por las recientes lluvias en la comunidad de La Atravesada, la Gobernadora Claudia Pavlovich En Sonora en Equipo publicamos toda la informaci\u00f3n de Sonora, M\u00e9xico y el Mundo de manera oportuna y busca que la libertad de expresi\u00f3n sea real. Visita nuestro medio informativo publicado desde Hermosillo, Sonora. %\" \/>\n<meta name=\"robots\" content=\"index, follow, max-snippet:-1, max-image-preview:large, max-video-preview:-1\" \/>\n<link rel=\"canonical\" href=\"https:\/\/www.sonoraenequipo.com.mx\/recorre-gobernadora-pavlovich-zonas-afectadas-por-lluvias-en-la-atravesada\/\" \/>\n<meta property=\"og:locale\" content=\"es_ES\" \/>\n<meta property=\"og:type\" content=\"article\" \/>\n<meta property=\"og:title\" content=\"Sonora en Equipo. Recorre Gobernadora Pavlovich zonas afectadas por lluvias en La Atravesada Municipios\" \/>\n<meta property=\"og:description\" content=\"EMPALME, SONORA. MX. \u2014 Para atender a las familias afectadas por las recientes lluvias en la comunidad de La Atravesada, la Gobernadora Claudia Pavlovich En Sonora en Equipo publicamos toda la informaci\u00f3n de Sonora, M\u00e9xico y el Mundo de manera oportuna y busca que la libertad de expresi\u00f3n sea real. Visita nuestro medio informativo publicado desde Hermosillo, Sonora. %\" \/>\n<meta property=\"og:url\" content=\"https:\/\/www.sonoraenequipo.com.mx\/recorre-gobernadora-pavlovich-zonas-afectadas-por-lluvias-en-la-atravesada\/\" \/>\n<meta property=\"og:site_name\" content=\"Sonora en Equipo.\" \/>\n<meta property=\"article:publisher\" content=\"https:\/\/www.facebook.com\/SonoraEE\/\" \/>\n<meta property=\"article:author\" content=\"https:\/\/www.facebook.com\/SonoraEE\" \/>\n<meta property=\"article:published_time\" content=\"2018-08-10T00:35:36+00:00\" \/>\n<meta property=\"article:modified_time\" content=\"2018-08-11T05:52:15+00:00\" \/>\n<meta property=\"og:image\" content=\"https:\/\/www.sonoraenequipo.com.mx\/storage\/2018\/08\/pavlovichenempalme_opt.jpg\" \/>\n\t<meta property=\"og:image:width\" content=\"663\" \/>\n\t<meta property=\"og:image:height\" content=\"441\" \/>\n\t<meta property=\"og:image:type\" content=\"image\/jpeg\" \/>\n<meta name=\"author\" content=\"enequipo\" \/>\n<meta name=\"twitter:card\" content=\"summary_large_image\" \/>\n<meta name=\"twitter:creator\" content=\"@sonoraenequipo\" \/>\n<meta name=\"twitter:site\" content=\"@sonoraenequipo\" \/>\n<meta name=\"twitter:label1\" content=\"Escrito por\" \/>\n\t<meta name=\"twitter:data1\" content=\"enequipo\" \/>\n\t<meta name=\"twitter:label2\" content=\"Tiempo de lectura\" \/>\n\t<meta name=\"twitter:data2\" content=\"2 minutos\" \/>\n<script type=\"application\/ld+json\" class=\"yoast-schema-graph\">{\"@context\":\"https:\/\/schema.org\",\"@graph\":[{\"@type\":\"Article\",\"@id\":\"https:\/\/www.sonoraenequipo.com.mx\/recorre-gobernadora-pavlovich-zonas-afectadas-por-lluvias-en-la-atravesada\/#article\",\"isPartOf\":{\"@id\":\"https:\/\/www.sonoraenequipo.com.mx\/recorre-gobernadora-pavlovich-zonas-afectadas-por-lluvias-en-la-atravesada\/\"},\"author\":{\"name\":\"enequipo\",\"@id\":\"https:\/\/www.sonoraenequipo.com.mx\/#\/schema\/person\/50102df0fb23a8fa9e8effad8fa81386\"},\"headline\":\"Recorre Gobernadora Pavlovich zonas afectadas por lluvias en La Atravesada\",\"datePublished\":\"2018-08-10T00:35:36+00:00\",\"dateModified\":\"2018-08-11T05:52:15+00:00\",\"mainEntityOfPage\":{\"@id\":\"https:\/\/www.sonoraenequipo.com.mx\/recorre-gobernadora-pavlovich-zonas-afectadas-por-lluvias-en-la-atravesada\/\"},\"wordCount\":449,\"commentCount\":0,\"publisher\":{\"@id\":\"https:\/\/www.sonoraenequipo.com.mx\/#organization\"},\"image\":{\"@id\":\"https:\/\/www.sonoraenequipo.com.mx\/recorre-gobernadora-pavlovich-zonas-afectadas-por-lluvias-en-la-atravesada\/#primaryimage\"},\"thumbnailUrl\":\"https:\/\/www.sonoraenequipo.com.mx\/storage\/2018\/08\/pavlovichenempalme_opt.jpg\",\"articleSection\":[\"Municipios\"],\"inLanguage\":\"es\",\"potentialAction\":[{\"@type\":\"CommentAction\",\"name\":\"Comment\",\"target\":[\"https:\/\/www.sonoraenequipo.com.mx\/recorre-gobernadora-pavlovich-zonas-afectadas-por-lluvias-en-la-atravesada\/#respond\"]}]},{\"@type\":\"WebPage\",\"@id\":\"https:\/\/www.sonoraenequipo.com.mx\/recorre-gobernadora-pavlovich-zonas-afectadas-por-lluvias-en-la-atravesada\/\",\"url\":\"https:\/\/www.sonoraenequipo.com.mx\/recorre-gobernadora-pavlovich-zonas-afectadas-por-lluvias-en-la-atravesada\/\",\"name\":\"Sonora en Equipo. Recorre Gobernadora Pavlovich zonas afectadas por lluvias en La Atravesada Municipios\",\"isPartOf\":{\"@id\":\"https:\/\/www.sonoraenequipo.com.mx\/#website\"},\"primaryImageOfPage\":{\"@id\":\"https:\/\/www.sonoraenequipo.com.mx\/recorre-gobernadora-pavlovich-zonas-afectadas-por-lluvias-en-la-atravesada\/#primaryimage\"},\"image\":{\"@id\":\"https:\/\/www.sonoraenequipo.com.mx\/recorre-gobernadora-pavlovich-zonas-afectadas-por-lluvias-en-la-atravesada\/#primaryimage\"},\"thumbnailUrl\":\"https:\/\/www.sonoraenequipo.com.mx\/storage\/2018\/08\/pavlovichenempalme_opt.jpg\",\"datePublished\":\"2018-08-10T00:35:36+00:00\",\"dateModified\":\"2018-08-11T05:52:15+00:00\",\"description\":\"EMPALME, SONORA. MX. \u2014 Para atender a las familias afectadas por las recientes lluvias en la comunidad de La Atravesada, la Gobernadora Claudia Pavlovich En Sonora en Equipo publicamos toda la informaci\u00f3n de Sonora, M\u00e9xico y el Mundo de manera oportuna y busca que la libertad de expresi\u00f3n sea real. Visita nuestro medio informativo publicado desde Hermosillo, Sonora. %\",\"breadcrumb\":{\"@id\":\"https:\/\/www.sonoraenequipo.com.mx\/recorre-gobernadora-pavlovich-zonas-afectadas-por-lluvias-en-la-atravesada\/#breadcrumb\"},\"inLanguage\":\"es\",\"potentialAction\":[{\"@type\":\"ReadAction\",\"target\":[\"https:\/\/www.sonoraenequipo.com.mx\/recorre-gobernadora-pavlovich-zonas-afectadas-por-lluvias-en-la-atravesada\/\"]}]},{\"@type\":\"ImageObject\",\"inLanguage\":\"es\",\"@id\":\"https:\/\/www.sonoraenequipo.com.mx\/recorre-gobernadora-pavlovich-zonas-afectadas-por-lluvias-en-la-atravesada\/#primaryimage\",\"url\":\"https:\/\/www.sonoraenequipo.com.mx\/storage\/2018\/08\/pavlovichenempalme_opt.jpg\",\"contentUrl\":\"https:\/\/www.sonoraenequipo.com.mx\/storage\/2018\/08\/pavlovichenempalme_opt.jpg\",\"width\":663,\"height\":441},{\"@type\":\"BreadcrumbList\",\"@id\":\"https:\/\/www.sonoraenequipo.com.mx\/recorre-gobernadora-pavlovich-zonas-afectadas-por-lluvias-en-la-atravesada\/#breadcrumb\",\"itemListElement\":[{\"@type\":\"ListItem\",\"position\":1,\"name\":\"Portada\",\"item\":\"https:\/\/www.sonoraenequipo.com.mx\/\"},{\"@type\":\"ListItem\",\"position\":2,\"name\":\"Recorre Gobernadora Pavlovich zonas afectadas por lluvias en La Atravesada\"}]},{\"@type\":\"WebSite\",\"@id\":\"https:\/\/www.sonoraenequipo.com.mx\/#website\",\"url\":\"https:\/\/www.sonoraenequipo.com.mx\/\",\"name\":\"Sonora en Equipo.\",\"description\":\"Diario en l\u00ednea con Noticias desde Hermosillo, Sonora\",\"publisher\":{\"@id\":\"https:\/\/www.sonoraenequipo.com.mx\/#organization\"},\"potentialAction\":[{\"@type\":\"SearchAction\",\"target\":{\"@type\":\"EntryPoint\",\"urlTemplate\":\"https:\/\/www.sonoraenequipo.com.mx\/?s={search_term_string}\"},\"query-input\":{\"@type\":\"PropertyValueSpecification\",\"valueRequired\":true,\"valueName\":\"search_term_string\"}}],\"inLanguage\":\"es\"},{\"@type\":\"Organization\",\"@id\":\"https:\/\/www.sonoraenequipo.com.mx\/#organization\",\"name\":\"Sonoraenequipo.com.mx\",\"url\":\"https:\/\/www.sonoraenequipo.com.mx\/\",\"logo\":{\"@type\":\"ImageObject\",\"inLanguage\":\"es\",\"@id\":\"https:\/\/www.sonoraenequipo.com.mx\/#\/schema\/logo\/image\/\",\"url\":\"https:\/\/www.sonoraenequipo.com.mx\/storage\/2019\/01\/sonoraenequipo_opt.png\",\"contentUrl\":\"https:\/\/www.sonoraenequipo.com.mx\/storage\/2019\/01\/sonoraenequipo_opt.png\",\"width\":375,\"height\":125,\"caption\":\"Sonoraenequipo.com.mx\"},\"image\":{\"@id\":\"https:\/\/www.sonoraenequipo.com.mx\/#\/schema\/logo\/image\/\"},\"sameAs\":[\"https:\/\/www.facebook.com\/SonoraEE\/\",\"https:\/\/x.com\/sonoraenequipo\",\"https:\/\/www.youtube.com\/channel\/UC338nW-lPEYmJQs4ZABQ1SQ\"]},{\"@type\":\"Person\",\"@id\":\"https:\/\/www.sonoraenequipo.com.mx\/#\/schema\/person\/50102df0fb23a8fa9e8effad8fa81386\",\"name\":\"enequipo\",\"image\":{\"@type\":\"ImageObject\",\"inLanguage\":\"es\",\"@id\":\"https:\/\/www.sonoraenequipo.com.mx\/#\/schema\/person\/image\/\",\"url\":\"https:\/\/secure.gravatar.com\/avatar\/049821681b589dabc0bc20695993ccebb09f5b5d4d790cd9251b97faac7c652b?s=96&d=blank&r=g\",\"contentUrl\":\"https:\/\/secure.gravatar.com\/avatar\/049821681b589dabc0bc20695993ccebb09f5b5d4d790cd9251b97faac7c652b?s=96&d=blank&r=g\",\"caption\":\"enequipo\"},\"sameAs\":[\"https:\/\/www.facebook.com\/SonoraEE\"]}]}<\/script>\n ","yoast_head_json":{"title":"Sonora en Equipo. Recorre Gobernadora Pavlovich zonas afectadas por lluvias en La Atravesada Municipios","description":"EMPALME, SONORA. MX. \u2014 Para atender a las familias afectadas por las recientes lluvias en la comunidad de La Atravesada, la Gobernadora Claudia Pavlovich En Sonora en Equipo publicamos toda la informaci\u00f3n de Sonora, M\u00e9xico y el Mundo de manera oportuna y busca que la libertad de expresi\u00f3n sea real. Visita nuestro medio informativo publicado desde Hermosillo, Sonora. %","robots":{"index":"index","follow":"follow","max-snippet":"max-snippet:-1","max-image-preview":"max-image-preview:large","max-video-preview":"max-video-preview:-1"},"canonical":"https:\/\/www.sonoraenequipo.com.mx\/recorre-gobernadora-pavlovich-zonas-afectadas-por-lluvias-en-la-atravesada\/","og_locale":"es_ES","og_type":"article","og_title":"Sonora en Equipo. Recorre Gobernadora Pavlovich zonas afectadas por lluvias en La Atravesada Municipios","og_description":"EMPALME, SONORA. MX. \u2014 Para atender a las familias afectadas por las recientes lluvias en la comunidad de La Atravesada, la Gobernadora Claudia Pavlovich En Sonora en Equipo publicamos toda la informaci\u00f3n de Sonora, M\u00e9xico y el Mundo de manera oportuna y busca que la libertad de expresi\u00f3n sea real. Visita nuestro medio informativo publicado desde Hermosillo, Sonora. %","og_url":"https:\/\/www.sonoraenequipo.com.mx\/recorre-gobernadora-pavlovich-zonas-afectadas-por-lluvias-en-la-atravesada\/","og_site_name":"Sonora en Equipo.","article_publisher":"https:\/\/www.facebook.com\/SonoraEE\/","article_author":"https:\/\/www.facebook.com\/SonoraEE","article_published_time":"2018-08-10T00:35:36+00:00","article_modified_time":"2018-08-11T05:52:15+00:00","og_image":[{"width":663,"height":441,"url":"https:\/\/www.sonoraenequipo.com.mx\/storage\/2018\/08\/pavlovichenempalme_opt.jpg","type":"image\/jpeg"}],"author":"enequipo","twitter_card":"summary_large_image","twitter_creator":"@sonoraenequipo","twitter_site":"@sonoraenequipo","twitter_misc":{"Escrito por":"enequipo","Tiempo de lectura":"2 minutos"},"schema":{"@context":"https:\/\/schema.org","@graph":[{"@type":"Article","@id":"https:\/\/www.sonoraenequipo.com.mx\/recorre-gobernadora-pavlovich-zonas-afectadas-por-lluvias-en-la-atravesada\/#article","isPartOf":{"@id":"https:\/\/www.sonoraenequipo.com.mx\/recorre-gobernadora-pavlovich-zonas-afectadas-por-lluvias-en-la-atravesada\/"},"author":{"name":"enequipo","@id":"https:\/\/www.sonoraenequipo.com.mx\/#\/schema\/person\/50102df0fb23a8fa9e8effad8fa81386"},"headline":"Recorre Gobernadora Pavlovich zonas afectadas por lluvias en La Atravesada","datePublished":"2018-08-10T00:35:36+00:00","dateModified":"2018-08-11T05:52:15+00:00","mainEntityOfPage":{"@id":"https:\/\/www.sonoraenequipo.com.mx\/recorre-gobernadora-pavlovich-zonas-afectadas-por-lluvias-en-la-atravesada\/"},"wordCount":449,"commentCount":0,"publisher":{"@id":"https:\/\/www.sonoraenequipo.com.mx\/#organization"},"image":{"@id":"https:\/\/www.sonoraenequipo.com.mx\/recorre-gobernadora-pavlovich-zonas-afectadas-por-lluvias-en-la-atravesada\/#primaryimage"},"thumbnailUrl":"https:\/\/www.sonoraenequipo.com.mx\/storage\/2018\/08\/pavlovichenempalme_opt.jpg","articleSection":["Municipios"],"inLanguage":"es","potentialAction":[{"@type":"CommentAction","name":"Comment","target":["https:\/\/www.sonoraenequipo.com.mx\/recorre-gobernadora-pavlovich-zonas-afectadas-por-lluvias-en-la-atravesada\/#respond"]}]},{"@type":"WebPage","@id":"https:\/\/www.sonoraenequipo.com.mx\/recorre-gobernadora-pavlovich-zonas-afectadas-por-lluvias-en-la-atravesada\/","url":"https:\/\/www.sonoraenequipo.com.mx\/recorre-gobernadora-pavlovich-zonas-afectadas-por-lluvias-en-la-atravesada\/","name":"Sonora en Equipo. Recorre Gobernadora Pavlovich zonas afectadas por lluvias en La Atravesada Municipios","isPartOf":{"@id":"https:\/\/www.sonoraenequipo.com.mx\/#website"},"primaryImageOfPage":{"@id":"https:\/\/www.sonoraenequipo.com.mx\/recorre-gobernadora-pavlovich-zonas-afectadas-por-lluvias-en-la-atravesada\/#primaryimage"},"image":{"@id":"https:\/\/www.sonoraenequipo.com.mx\/recorre-gobernadora-pavlovich-zonas-afectadas-por-lluvias-en-la-atravesada\/#primaryimage"},"thumbnailUrl":"https:\/\/www.sonoraenequipo.com.mx\/storage\/2018\/08\/pavlovichenempalme_opt.jpg","datePublished":"2018-08-10T00:35:36+00:00","dateModified":"2018-08-11T05:52:15+00:00","description":"EMPALME, SONORA. MX. \u2014 Para atender a las familias afectadas por las recientes lluvias en la comunidad de La Atravesada, la Gobernadora Claudia Pavlovich En Sonora en Equipo publicamos toda la informaci\u00f3n de Sonora, M\u00e9xico y el Mundo de manera oportuna y busca que la libertad de expresi\u00f3n sea real. Visita nuestro medio informativo publicado desde Hermosillo, Sonora. %","breadcrumb":{"@id":"https:\/\/www.sonoraenequipo.com.mx\/recorre-gobernadora-pavlovich-zonas-afectadas-por-lluvias-en-la-atravesada\/#breadcrumb"},"inLanguage":"es","potentialAction":[{"@type":"ReadAction","target":["https:\/\/www.sonoraenequipo.com.mx\/recorre-gobernadora-pavlovich-zonas-afectadas-por-lluvias-en-la-atravesada\/"]}]},{"@type":"ImageObject","inLanguage":"es","@id":"https:\/\/www.sonoraenequipo.com.mx\/recorre-gobernadora-pavlovich-zonas-afectadas-por-lluvias-en-la-atravesada\/#primaryimage","url":"https:\/\/www.sonoraenequipo.com.mx\/storage\/2018\/08\/pavlovichenempalme_opt.jpg","contentUrl":"https:\/\/www.sonoraenequipo.com.mx\/storage\/2018\/08\/pavlovichenempalme_opt.jpg","width":663,"height":441},{"@type":"BreadcrumbList","@id":"https:\/\/www.sonoraenequipo.com.mx\/recorre-gobernadora-pavlovich-zonas-afectadas-por-lluvias-en-la-atravesada\/#breadcrumb","itemListElement":[{"@type":"ListItem","position":1,"name":"Portada","item":"https:\/\/www.sonoraenequipo.com.mx\/"},{"@type":"ListItem","position":2,"name":"Recorre Gobernadora Pavlovich zonas afectadas por lluvias en La Atravesada"}]},{"@type":"WebSite","@id":"https:\/\/www.sonoraenequipo.com.mx\/#website","url":"https:\/\/www.sonoraenequipo.com.mx\/","name":"Sonora en Equipo.","description":"Diario en l\u00ednea con Noticias desde Hermosillo, Sonora","publisher":{"@id":"https:\/\/www.sonoraenequipo.com.mx\/#organization"},"potentialAction":[{"@type":"SearchAction","target":{"@type":"EntryPoint","urlTemplate":"https:\/\/www.sonoraenequipo.com.mx\/?s={search_term_string}"},"query-input":{"@type":"PropertyValueSpecification","valueRequired":true,"valueName":"search_term_string"}}],"inLanguage":"es"},{"@type":"Organization","@id":"https:\/\/www.sonoraenequipo.com.mx\/#organization","name":"Sonoraenequipo.com.mx","url":"https:\/\/www.sonoraenequipo.com.mx\/","logo":{"@type":"ImageObject","inLanguage":"es","@id":"https:\/\/www.sonoraenequipo.com.mx\/#\/schema\/logo\/image\/","url":"https:\/\/www.sonoraenequipo.com.mx\/storage\/2019\/01\/sonoraenequipo_opt.png","contentUrl":"https:\/\/www.sonoraenequipo.com.mx\/storage\/2019\/01\/sonoraenequipo_opt.png","width":375,"height":125,"caption":"Sonoraenequipo.com.mx"},"image":{"@id":"https:\/\/www.sonoraenequipo.com.mx\/#\/schema\/logo\/image\/"},"sameAs":["https:\/\/www.facebook.com\/SonoraEE\/","https:\/\/x.com\/sonoraenequipo","https:\/\/www.youtube.com\/channel\/UC338nW-lPEYmJQs4ZABQ1SQ"]},{"@type":"Person","@id":"https:\/\/www.sonoraenequipo.com.mx\/#\/schema\/person\/50102df0fb23a8fa9e8effad8fa81386","name":"enequipo","image":{"@type":"ImageObject","inLanguage":"es","@id":"https:\/\/www.sonoraenequipo.com.mx\/#\/schema\/person\/image\/","url":"https:\/\/secure.gravatar.com\/avatar\/049821681b589dabc0bc20695993ccebb09f5b5d4d790cd9251b97faac7c652b?s=96&d=blank&r=g","contentUrl":"https:\/\/secure.gravatar.com\/avatar\/049821681b589dabc0bc20695993ccebb09f5b5d4d790cd9251b97faac7c652b?s=96&d=blank&r=g","caption":"enequipo"},"sameAs":["https:\/\/www.facebook.com\/SonoraEE"]}]}},"jetpack_featured_media_url":"https:\/\/www.sonoraenequipo.com.mx\/storage\/2018\/08\/pavlovichenempalme_opt.jpg","_links":{"self":[{"href":"https:\/\/www.sonoraenequipo.com.mx\/api\/wp\/v2\/posts\/42469","targetHints":{"allow":["GET"]}}],"collection":[{"href":"https:\/\/www.sonoraenequipo.com.mx\/api\/wp\/v2\/posts"}],"about":[{"href":"https:\/\/www.sonoraenequipo.com.mx\/api\/wp\/v2\/types\/post"}],"author":[{"embeddable":true,"href":"https:\/\/www.sonoraenequipo.com.mx\/api\/wp\/v2\/users\/1"}],"replies":[{"embeddable":true,"href":"https:\/\/www.sonoraenequipo.com.mx\/api\/wp\/v2\/comments?post=42469"}],"version-history":[{"count":0,"href":"https:\/\/www.sonoraenequipo.com.mx\/api\/wp\/v2\/posts\/42469\/revisions"}],"wp:featuredmedia":[{"embeddable":true,"href":"https:\/\/www.sonoraenequipo.com.mx\/api\/wp\/v2\/media\/42445"}],"wp:attachment":[{"href":"https:\/\/www.sonoraenequipo.com.mx\/api\/wp\/v2\/media?parent=42469"}],"wp:term":[{"taxonomy":"category","embeddable":true,"href":"https:\/\/www.sonoraenequipo.com.mx\/api\/wp\/v2\/categories?post=42469"},{"taxonomy":"post_tag","embeddable":true,"href":"https:\/\/www.sonoraenequipo.com.mx\/api\/wp\/v2\/tags?post=42469"}],"curies":[{"name":"wp","href":"https:\/\/api.w.org\/{rel}","templated":true}]}}