{"id":451,"date":"2015-10-14T13:44:09","date_gmt":"2015-10-14T13:44:09","guid":{"rendered":"http:\/\/www.sonoraenequipo.com.mx\/?p=451"},"modified":"2015-10-15T15:30:52","modified_gmt":"2015-10-15T15:30:52","slug":"expediente-ayotzinapa-peritos-falsos-cartuchos-sembrados-en-cocula-y-graves-fallas","status":"publish","type":"post","link":"https:\/\/www.sonoraenequipo.com.mx\/expediente-ayotzinapa-peritos-falsos-cartuchos-sembrados-en-cocula-y-graves-fallas\/","title":{"rendered":"Expediente Ayotzinapa: peritos falsos, cartuchos sembrados en Cocula y \u201cgraves fallas\u201d"},"content":{"rendered":"<p>14102015. M\u00c9XICO. AN. \u2014 El Equipo Argentino de Antropolog\u00eda Forense (EAAF) \u2013que colabora en la investigaci\u00f3n de la desaparici\u00f3n de los normalistas de Ayotzinapa\u2013, alert\u00f3 en enero pasado al entonces procurador Jes\u00fas Murilo Karam de \u201cgraves fallas\u201d en el trabajo pericial del caso, desde la infiltraci\u00f3n de polic\u00edas como falsos peritos hasta la siembra de cartuchos de arma de fuego en el basurero de Cocula.<\/p>\n<p> <br \/>\nLas anomal\u00edas descubiertas por los peritos internacionales se presentaron en diligencias en las que, presuntamente, la Procuradur\u00eda General de la Rep\u00fablica (PGR) viol\u00f3 los acuerdos establecidos con el EAAF para que las mismas se hicieran de forma simult\u00e1nea o para que la agenda se acordara previamente.<\/p>\n<p>El equipo argentino tambi\u00e9n se\u00f1al\u00f3 que el basurero de Cocula \u2013donde se realizar\u00e1n nuevos peritajes\u2013 fue contaminado como escena del crimen desde noviembre del a\u00f1o pasado debido a que no hubo una preservaci\u00f3n adecuada del sitio, situaci\u00f3n que incluso fue reconocida por las autoridades, quienesdijeron que no pod\u00edan resguardarlo pues era \u201cun bien p\u00fablico\u201d.<\/p>\n<p>Se trata de una \u201cproblem\u00e1tica continua\u201d en todo el trabajo pericial de la PGR , dijeron los especialistas, que adem\u00e1s de dificultar el trabajo pericial independiente compromete en general la integridad de la averiguaci\u00f3n.<\/p>\n<p>Ninguna de las anteriores anomal\u00edas y problemas fue comentada p\u00fablicamente por la PGR.<\/p>\n<p>Sin embargo, menos de un mes despu\u00e9s de que el EAAF alert\u00f3 de las fallas, el titular de la Subprocuradur\u00eda Especializada en Investigaci\u00f3n de Delincuencia Organizada (SEIDO), Jorge Hugo Ruiz Reynaud, responsable oficial de la investigaci\u00f3n, present\u00f3 su renuncia al cargo y antes de que terminara febrero tambi\u00e9n lo hizo Murillo Karam.<\/p>\n<p>Los oficios y el dictamen de los peritos independientes reportando las anomal\u00edas se encuentran en los \u00faltimos tomos de la versi\u00f3n p\u00fablica de la investigaci\u00f3n que la PGR inici\u00f3 por la desaparici\u00f3n de los 43 normalistas de Ayotzinapa, y que Animal Pol\u00edtico ha podido revisar gracias a una solicitud de transparencia.<\/p>\n<p>Dicha versi\u00f3n, junto con sus 13 anexos, est\u00e1 disponible desde el domingo 11 de octubre en el portal de internet de la PGR.<\/p>\n<p><strong>Los falsos peritos<\/strong><\/p>\n<p>El 29 de enero pasado, el EAAF envi\u00f3 un oficio al procurador Murillo Karam en el que report\u00f3 el descubrimiento de dos polic\u00edas infiltrados como peritos en una diligencia que la PGR encabezar\u00eda en Guerrero, y de otra persona m\u00e1s que dijo ser, a la vez, polic\u00eda ministerial y perito entom\u00f3logo del Tribunal Superior de Justicia del Distrito Federal (TSJDF). Este \u00faltimo llevaba dos armas largas.<\/p>\n<p>Lo anterior fue posible, de acuerdo el equipo argentino en su an\u00e1lisis, gracias al presunto desconocimiento o negligencia por parte de la SEIDO, la subprocuradur\u00eda de Derechos Humanos y los agentes ministeriales responsables de la averiguaci\u00f3n.<\/p>\n<p>El documento firmado por Mercedes Doretti, coordinadora del EAAF, relata que las irregularidades est\u00e1n relacionadas con la inspecci\u00f3n que se realizar\u00eda el 22 de diciembre del 2014 en una zona conocida como La Carnicer\u00eda, en Guerrero. Dicha inspecci\u00f3n fue solicitada originalmente por los peritos independientes.<\/p>\n<p>Tres d\u00edas antes de la diligencia, la PGR modific\u00f3 lo acordado originalmente, se\u00f1alando que aprovechar\u00edan el viaje para acudir tambi\u00e9n al basurero de Cocula y realizar un estudio de insectos de la zona a cargo de peritos entom\u00f3logos. En total, seg\u00fan la Procuradur\u00eda, ir\u00edan siete peritos de su parte.<\/p>\n<p>La cita para partir fue a las 8 de la ma\u00f1ana en el hangar de la PGR en la Ciudad de M\u00e9xico. Al llegar a esa instalaci\u00f3n, los especialistas independientes comenzaron a identificar las anomal\u00edas.<\/p>\n<p>\u201cNos sorprendimos que en la sala donde nos reunimos uno de los peritos en entomolog\u00eda cargaba un arma tipo fusil ametralladora cruzada en el pecho y una segunda arma tambi\u00e9n tipo subfusil que colgaba en su hombro (\u2026) esta persona dijo que comprar\u00eda carne para poner trampas y atraer fauna nociva\u201d, se\u00f1ala Doretti en el oficio.<\/p>\n<p>El EAAF cuestion\u00f3 a los \u201cperitos\u201d el motivo de la diligencia siendo que ya se hab\u00eda recabado antes fauna nociva, a los que estos respondieron que \u201cno conoc\u00edan la investigaci\u00f3n\u201d pues no trabajaban para la PGR sino para la Universidad de Chapingo.<\/p>\n<p>El agente del Ministerio P\u00fablico que estaba a cargo del equipo, continua Doretti, dijo que \u201cno ten\u00eda conocimiento\u201d del motivo de la presencia de las armas en la diligencia, misma respuesta que dieron por tel\u00e9fono el titular de la SEIDO Ruiz Reynaud y la subprocuradura de Derechos Humanos Eliana Garc\u00eda.<\/p>\n<p>Finalmente, bajo el argumento de que no se hab\u00eda solicitado vigilancia en la zona donde se realizar\u00edan los peritajes, la PGR suspendi\u00f3 el viaje.<\/p>\n<p>Tras la cancelaci\u00f3n, el EAAF solicit\u00f3 que se proporcionara el registro de las armas que llevaba el equipo pericial y los antecedentes del supuesto entom\u00f3logo que las llevaba. As\u00ed se descubri\u00f3 que hab\u00eda polic\u00edas en el equipo pericial.<\/p>\n<p>\u201cEl Ministerio P\u00fablico nos coment\u00f3 que por error, hab\u00eda dos personas en el grupo que ven\u00edan de la Polic\u00eda Federal Ministerial y que hab\u00edan omitido identificarse (\u2026) es decir los peritos eran cinco y no siete (como se report\u00f3 inicialmente) pues dos eran polic\u00edas\u201d, se\u00f1ala el oficio del EAAF.<\/p>\n<p>Adem\u00e1s, informaci\u00f3n posterior arroj\u00f3 que el supuesto entom\u00f3logo de Chapingo que cargaba las armas, y que no era ninguno de los agentes ya identificados, dijo ser otro polic\u00eda ministerial y perito que labora en el Tribunal Superior de Justicia del Distrito Federal.<\/p>\n<p>Doretti se\u00f1al\u00f3 a Murillo Karam que todo lo anterior eran \u201chechos graves\u201d que deber\u00edan ser investigados, y que adem\u00e1s representan una violaci\u00f3n a protocolos internacionales y al propio al acuerdo emitido por el propio procurador, que establec\u00eda que todo el trabajo pericial deb\u00eda ser acordado previamente por los expertos de la propia PGR y del EAAF.<\/p>\n<p>Incluso, en el equipo que realizar\u00eda el viaje no estaba presente el perito antrop\u00f3logo de la PGR Carlos Jim\u00e9nez, que era el que conoc\u00eda a ubicaci\u00f3n de la zona de la Carnicer\u00eda, motivo original de toda la diligencia.<\/p>\n<p><strong>Basurero: siembra y abandono<\/strong><\/p>\n<p>En otro oficio del mismo 29 de enero, el EAAF dijo al procurador Jes\u00fas Murillo Karam que en una diligencia realizada el 15 de noviembre en el basurero de Cocula, sin la presencia de los peritos independientes violando el acuerdo pactado, se recabaron indicios que fueron colocados intencionalmente en el sitio.<\/p>\n<p>Los peritos independientes se concentraron en el hallazgo de 41 cartuchos calibre 22 que \u2013seg\u00fan el dictamen folio 82687 de PGR\u2013 estaban todos debajo de una piedra en la zona A del Basurero (ladera superior) sin que antes alguien se hubiera percatado de su presencia. Esos casquillos, se dijo en otro dictamen oficial posterior, vinieron de la misma arma que un cartucho encontrado previamente en la zona.<\/p>\n<p>\u201cEl hecho de que los 41 casquillos hayan sido hallados todos juntos, debajo de una piedra, deja en clara evidencia que los mismos, no son producto de la disposici\u00f3n que deber\u00eda darse al ser eyectados o extra\u00eddos de un arma de fuego que fuera disparada en el lugar, sino que fueron colocados por alguna persona en ese lugar\u201d, establece el EAAF en su an\u00e1lisis.<\/p>\n<p>La falta de custodia en el basurero en el periodo del 6 a 15 de noviembre, subrayaron los peritos independientes, tambi\u00e9n genera dudas sobre \u201cla integridad de las muestras recolectadas (\u2026) el EAAF no puede tener certeza del origen y\/o vinculaci\u00f3n de los indicios recolectados\u201d.<\/p>\n<p>En el mismo oficio, los peritos internacionales detallaron que pese a que se pidi\u00f3 un resguardo completo del basurero de Cocula, considerado una \u201cescena del crimen\u201d pues seg\u00fan la PGR ah\u00ed fueron asesinados los normalistas, el 5 de noviembre se permiti\u00f3 el ingreso a personas ajenas a la indagatoria como lo mostraron medios de comunicaci\u00f3n<\/p>\n<p>Ante dos nuevas solicitudes del EAAF para que el sitio fuera \u201cde forma urgente\u201d resguardado, un funcionario de la PGR (cuyo nombre est\u00e1 oculto en la versi\u00f3n p\u00fablica del expediente) dijo que la vigilancia era \u201cintermitente\u201d<\/p>\n<p>\u201cAdem\u00e1s se dijo que no se pod\u00eda tener cerrado el basurero porque era un bien p\u00fablico. Ante esto se manifest\u00f3 que al existir una investigaci\u00f3n penal sobre el mismo, el Ministerio p\u00fablico ten\u00eda todas las facultades para hacerlo en funci\u00f3n de preservar la escena bajo investigaci\u00f3n\u201d se\u00f1ala el documento.\u201d<\/p>\n<p><strong>ADN equivocado<\/strong><\/p>\n<p>A finales del a\u00f1o pasado la PGR anunci\u00f3 que enviar\u00e1 muestras de ADN a un laboratorio en Innsbruck, Austria, para estudios de identificaci\u00f3n gen\u00e9tica avanzados. El equipo argentino descubri\u00f3 que la Procuradur\u00eda cometi\u00f3 errores en el registro de por lo menos 22 de las 134 muestras que mand\u00f3 a Europa.<\/p>\n<p>El dictamen pericial que hizo el EAAF del registro de las muestras, y cuya explicaci\u00f3n t\u00e9cnica y conclusiones fueron enviadas a la SEIDO en un oficio fechado el 16 de enero de este a\u00f1o, se bas\u00f3 en la comparaci\u00f3n de los registros gen\u00e9ticos que la PGR incluy\u00f3 en la averiguaci\u00f3n previa abierta por el caso de los normalistas, los que mand\u00f3 a Austria, y los que recabaron los peritos independientes.<\/p>\n<p>El an\u00e1lisis arroja, de entrada, que hay 14 muestras que ni siquiera coinciden entre lo que la PGR asent\u00f3 en la averiguaci\u00f3n del caso, y los que la misma PGR asent\u00f3 en el registro que mand\u00f3 a Innsbruck. A estos casos se suman otros ocho en donde la marcaci\u00f3n se hizo de forma incorrecta o incompleta en el embalaje de los perfiles.<\/p>\n<p>El propio laboratorio de Innsbruck, en el documento de su \u201copini\u00f3n experta\u201d enviado a la PGR y fechado el 12 de enero, ejemplific\u00f3 uno de estos errores en un perfil marcado en el registro como \u201c13-I-F5\u201d pero en el contenedor de la muestra como \u201c13-I-E5\u201d.<\/p>\n<p>\u201cEl total de perfiles gen\u00e9ticos afectados por diferencias es de 22 sobre 134 y el total de familias afectadas por estas diferencias es de 16 sobre 42\u201d establece en la conclusi\u00f3n del peritaje del EAAF practicado al registro de las muestras.<\/p>\n<p>Los peritos advirtieron a la Procuradur\u00eda que las fallas cometidos en los registros podr\u00edan llevar a fallas en la identificaci\u00f3n de las pruebas. La versi\u00f3n p\u00fablica del expediente d ela PGR, que incluye documentos hasta febrero, o permite conocer si la PGR corrigi\u00f3 estas anomal\u00edas.<\/p>\n<p><strong><a href=\"http:\/\/www.pgr.gob.mx\/Transparencia\/Paginas\/Expediente-Caso-Iguala.aspx\">PGR hace p\u00fablico el Expediente Ayotzinapa; aqu\u00ed lo puedes consultar<\/a><\/strong><\/p>\n","protected":false},"excerpt":{"rendered":"<p>14102015. M\u00c9XICO. AN. \u2014 El Equipo Argentino de Antropolog\u00eda Forense (EAAF) \u2013que colabora en la&#8230;<\/p>\n","protected":false},"author":1,"featured_media":0,"comment_status":"open","ping_status":"open","sticky":false,"template":"","format":"standard","meta":{"_monsterinsights_skip_tracking":false,"_monsterinsights_sitenote_active":false,"_monsterinsights_sitenote_note":"","_monsterinsights_sitenote_category":0,"footnotes":""},"categories":[5],"tags":[],"class_list":["post"],"yoast_head":" \n<title>Sonora en Equipo. Expediente Ayotzinapa: peritos falsos, cartuchos sembrados en Cocula y \u201cgraves fallas\u201d<\/title>\n<meta name=\"description\" content=\"14102015. M\u00c9XICO. AN. \u2014 El Equipo Argentino de Antropolog\u00eda Forense (EAAF) \u2013que colabora en la investigaci\u00f3n de la desaparici\u00f3n de los normalistas de En Sonora en Equipo publicamos toda la informaci\u00f3n de Sonora, M\u00e9xico y el Mundo de manera oportuna y busca que la libertad de expresi\u00f3n sea real. Visita nuestro medio informativo publicado desde Hermosillo, Sonora. %\" \/>\n<meta name=\"robots\" content=\"index, follow, max-snippet:-1, max-image-preview:large, max-video-preview:-1\" \/>\n<link rel=\"canonical\" href=\"https:\/\/www.sonoraenequipo.com.mx\/expediente-ayotzinapa-peritos-falsos-cartuchos-sembrados-en-cocula-y-graves-fallas\/\" \/>\n<meta property=\"og:locale\" content=\"es_ES\" \/>\n<meta property=\"og:type\" content=\"article\" \/>\n<meta property=\"og:title\" content=\"Sonora en Equipo. Expediente Ayotzinapa: peritos falsos, cartuchos sembrados en Cocula y \u201cgraves fallas\u201d\" \/>\n<meta property=\"og:description\" content=\"14102015. M\u00c9XICO. AN. \u2014 El Equipo Argentino de Antropolog\u00eda Forense (EAAF) \u2013que colabora en la investigaci\u00f3n de la desaparici\u00f3n de los normalistas de En Sonora en Equipo publicamos toda la informaci\u00f3n de Sonora, M\u00e9xico y el Mundo de manera oportuna y busca que la libertad de expresi\u00f3n sea real. Visita nuestro medio informativo publicado desde Hermosillo, Sonora. %\" \/>\n<meta property=\"og:url\" content=\"https:\/\/www.sonoraenequipo.com.mx\/expediente-ayotzinapa-peritos-falsos-cartuchos-sembrados-en-cocula-y-graves-fallas\/\" \/>\n<meta property=\"og:site_name\" content=\"Sonora en Equipo.\" \/>\n<meta property=\"article:publisher\" content=\"https:\/\/www.facebook.com\/SonoraEE\/\" \/>\n<meta property=\"article:author\" content=\"https:\/\/www.facebook.com\/SonoraEE\" \/>\n<meta property=\"article:published_time\" content=\"2015-10-14T13:44:09+00:00\" \/>\n<meta property=\"article:modified_time\" content=\"2015-10-15T15:30:52+00:00\" \/>\n<meta name=\"author\" content=\"enequipo\" \/>\n<meta name=\"twitter:card\" content=\"summary_large_image\" \/>\n<meta name=\"twitter:creator\" content=\"@sonoraenequipo\" \/>\n<meta name=\"twitter:site\" content=\"@sonoraenequipo\" \/>\n<meta name=\"twitter:label1\" content=\"Escrito por\" \/>\n\t<meta name=\"twitter:data1\" content=\"enequipo\" \/>\n\t<meta name=\"twitter:label2\" content=\"Tiempo de lectura\" \/>\n\t<meta name=\"twitter:data2\" content=\"9 minutos\" \/>\n<script type=\"application\/ld+json\" class=\"yoast-schema-graph\">{\"@context\":\"https:\/\/schema.org\",\"@graph\":[{\"@type\":\"Article\",\"@id\":\"https:\/\/www.sonoraenequipo.com.mx\/expediente-ayotzinapa-peritos-falsos-cartuchos-sembrados-en-cocula-y-graves-fallas\/#article\",\"isPartOf\":{\"@id\":\"https:\/\/www.sonoraenequipo.com.mx\/expediente-ayotzinapa-peritos-falsos-cartuchos-sembrados-en-cocula-y-graves-fallas\/\"},\"author\":{\"name\":\"enequipo\",\"@id\":\"https:\/\/www.sonoraenequipo.com.mx\/#\/schema\/person\/50102df0fb23a8fa9e8effad8fa81386\"},\"headline\":\"Expediente Ayotzinapa: peritos falsos, cartuchos sembrados en Cocula y \u201cgraves fallas\u201d\",\"datePublished\":\"2015-10-14T13:44:09+00:00\",\"dateModified\":\"2015-10-15T15:30:52+00:00\",\"mainEntityOfPage\":{\"@id\":\"https:\/\/www.sonoraenequipo.com.mx\/expediente-ayotzinapa-peritos-falsos-cartuchos-sembrados-en-cocula-y-graves-fallas\/\"},\"wordCount\":1789,\"commentCount\":0,\"publisher\":{\"@id\":\"https:\/\/www.sonoraenequipo.com.mx\/#organization\"},\"articleSection\":[\"Rep\u00fablica\"],\"inLanguage\":\"es\",\"potentialAction\":[{\"@type\":\"CommentAction\",\"name\":\"Comment\",\"target\":[\"https:\/\/www.sonoraenequipo.com.mx\/expediente-ayotzinapa-peritos-falsos-cartuchos-sembrados-en-cocula-y-graves-fallas\/#respond\"]}]},{\"@type\":\"WebPage\",\"@id\":\"https:\/\/www.sonoraenequipo.com.mx\/expediente-ayotzinapa-peritos-falsos-cartuchos-sembrados-en-cocula-y-graves-fallas\/\",\"url\":\"https:\/\/www.sonoraenequipo.com.mx\/expediente-ayotzinapa-peritos-falsos-cartuchos-sembrados-en-cocula-y-graves-fallas\/\",\"name\":\"Sonora en Equipo. Expediente Ayotzinapa: peritos falsos, cartuchos sembrados en Cocula y \u201cgraves fallas\u201d\",\"isPartOf\":{\"@id\":\"https:\/\/www.sonoraenequipo.com.mx\/#website\"},\"datePublished\":\"2015-10-14T13:44:09+00:00\",\"dateModified\":\"2015-10-15T15:30:52+00:00\",\"description\":\"14102015. M\u00c9XICO. AN. \u2014 El Equipo Argentino de Antropolog\u00eda Forense (EAAF) \u2013que colabora en la investigaci\u00f3n de la desaparici\u00f3n de los normalistas de En Sonora en Equipo publicamos toda la informaci\u00f3n de Sonora, M\u00e9xico y el Mundo de manera oportuna y busca que la libertad de expresi\u00f3n sea real. Visita nuestro medio informativo publicado desde Hermosillo, Sonora. %\",\"breadcrumb\":{\"@id\":\"https:\/\/www.sonoraenequipo.com.mx\/expediente-ayotzinapa-peritos-falsos-cartuchos-sembrados-en-cocula-y-graves-fallas\/#breadcrumb\"},\"inLanguage\":\"es\",\"potentialAction\":[{\"@type\":\"ReadAction\",\"target\":[\"https:\/\/www.sonoraenequipo.com.mx\/expediente-ayotzinapa-peritos-falsos-cartuchos-sembrados-en-cocula-y-graves-fallas\/\"]}]},{\"@type\":\"BreadcrumbList\",\"@id\":\"https:\/\/www.sonoraenequipo.com.mx\/expediente-ayotzinapa-peritos-falsos-cartuchos-sembrados-en-cocula-y-graves-fallas\/#breadcrumb\",\"itemListElement\":[{\"@type\":\"ListItem\",\"position\":1,\"name\":\"Portada\",\"item\":\"https:\/\/www.sonoraenequipo.com.mx\/\"},{\"@type\":\"ListItem\",\"position\":2,\"name\":\"Expediente Ayotzinapa: peritos falsos, cartuchos sembrados en Cocula y \u201cgraves fallas\u201d\"}]},{\"@type\":\"WebSite\",\"@id\":\"https:\/\/www.sonoraenequipo.com.mx\/#website\",\"url\":\"https:\/\/www.sonoraenequipo.com.mx\/\",\"name\":\"Sonora en Equipo.\",\"description\":\"Diario en l\u00ednea con Noticias desde Hermosillo, Sonora\",\"publisher\":{\"@id\":\"https:\/\/www.sonoraenequipo.com.mx\/#organization\"},\"potentialAction\":[{\"@type\":\"SearchAction\",\"target\":{\"@type\":\"EntryPoint\",\"urlTemplate\":\"https:\/\/www.sonoraenequipo.com.mx\/?s={search_term_string}\"},\"query-input\":{\"@type\":\"PropertyValueSpecification\",\"valueRequired\":true,\"valueName\":\"search_term_string\"}}],\"inLanguage\":\"es\"},{\"@type\":\"Organization\",\"@id\":\"https:\/\/www.sonoraenequipo.com.mx\/#organization\",\"name\":\"Sonoraenequipo.com.mx\",\"url\":\"https:\/\/www.sonoraenequipo.com.mx\/\",\"logo\":{\"@type\":\"ImageObject\",\"inLanguage\":\"es\",\"@id\":\"https:\/\/www.sonoraenequipo.com.mx\/#\/schema\/logo\/image\/\",\"url\":\"https:\/\/www.sonoraenequipo.com.mx\/storage\/2019\/01\/sonoraenequipo_opt.png\",\"contentUrl\":\"https:\/\/www.sonoraenequipo.com.mx\/storage\/2019\/01\/sonoraenequipo_opt.png\",\"width\":375,\"height\":125,\"caption\":\"Sonoraenequipo.com.mx\"},\"image\":{\"@id\":\"https:\/\/www.sonoraenequipo.com.mx\/#\/schema\/logo\/image\/\"},\"sameAs\":[\"https:\/\/www.facebook.com\/SonoraEE\/\",\"https:\/\/x.com\/sonoraenequipo\",\"https:\/\/www.youtube.com\/channel\/UC338nW-lPEYmJQs4ZABQ1SQ\"]},{\"@type\":\"Person\",\"@id\":\"https:\/\/www.sonoraenequipo.com.mx\/#\/schema\/person\/50102df0fb23a8fa9e8effad8fa81386\",\"name\":\"enequipo\",\"image\":{\"@type\":\"ImageObject\",\"inLanguage\":\"es\",\"@id\":\"https:\/\/www.sonoraenequipo.com.mx\/#\/schema\/person\/image\/\",\"url\":\"https:\/\/secure.gravatar.com\/avatar\/049821681b589dabc0bc20695993ccebb09f5b5d4d790cd9251b97faac7c652b?s=96&d=blank&r=g\",\"contentUrl\":\"https:\/\/secure.gravatar.com\/avatar\/049821681b589dabc0bc20695993ccebb09f5b5d4d790cd9251b97faac7c652b?s=96&d=blank&r=g\",\"caption\":\"enequipo\"},\"sameAs\":[\"https:\/\/www.facebook.com\/SonoraEE\"]}]}<\/script>\n ","yoast_head_json":{"title":"Sonora en Equipo. Expediente Ayotzinapa: peritos falsos, cartuchos sembrados en Cocula y \u201cgraves fallas\u201d","description":"14102015. M\u00c9XICO. AN. \u2014 El Equipo Argentino de Antropolog\u00eda Forense (EAAF) \u2013que colabora en la investigaci\u00f3n de la desaparici\u00f3n de los normalistas de En Sonora en Equipo publicamos toda la informaci\u00f3n de Sonora, M\u00e9xico y el Mundo de manera oportuna y busca que la libertad de expresi\u00f3n sea real. Visita nuestro medio informativo publicado desde Hermosillo, Sonora. %","robots":{"index":"index","follow":"follow","max-snippet":"max-snippet:-1","max-image-preview":"max-image-preview:large","max-video-preview":"max-video-preview:-1"},"canonical":"https:\/\/www.sonoraenequipo.com.mx\/expediente-ayotzinapa-peritos-falsos-cartuchos-sembrados-en-cocula-y-graves-fallas\/","og_locale":"es_ES","og_type":"article","og_title":"Sonora en Equipo. Expediente Ayotzinapa: peritos falsos, cartuchos sembrados en Cocula y \u201cgraves fallas\u201d","og_description":"14102015. M\u00c9XICO. AN. \u2014 El Equipo Argentino de Antropolog\u00eda Forense (EAAF) \u2013que colabora en la investigaci\u00f3n de la desaparici\u00f3n de los normalistas de En Sonora en Equipo publicamos toda la informaci\u00f3n de Sonora, M\u00e9xico y el Mundo de manera oportuna y busca que la libertad de expresi\u00f3n sea real. Visita nuestro medio informativo publicado desde Hermosillo, Sonora. %","og_url":"https:\/\/www.sonoraenequipo.com.mx\/expediente-ayotzinapa-peritos-falsos-cartuchos-sembrados-en-cocula-y-graves-fallas\/","og_site_name":"Sonora en Equipo.","article_publisher":"https:\/\/www.facebook.com\/SonoraEE\/","article_author":"https:\/\/www.facebook.com\/SonoraEE","article_published_time":"2015-10-14T13:44:09+00:00","article_modified_time":"2015-10-15T15:30:52+00:00","author":"enequipo","twitter_card":"summary_large_image","twitter_creator":"@sonoraenequipo","twitter_site":"@sonoraenequipo","twitter_misc":{"Escrito por":"enequipo","Tiempo de lectura":"9 minutos"},"schema":{"@context":"https:\/\/schema.org","@graph":[{"@type":"Article","@id":"https:\/\/www.sonoraenequipo.com.mx\/expediente-ayotzinapa-peritos-falsos-cartuchos-sembrados-en-cocula-y-graves-fallas\/#article","isPartOf":{"@id":"https:\/\/www.sonoraenequipo.com.mx\/expediente-ayotzinapa-peritos-falsos-cartuchos-sembrados-en-cocula-y-graves-fallas\/"},"author":{"name":"enequipo","@id":"https:\/\/www.sonoraenequipo.com.mx\/#\/schema\/person\/50102df0fb23a8fa9e8effad8fa81386"},"headline":"Expediente Ayotzinapa: peritos falsos, cartuchos sembrados en Cocula y \u201cgraves fallas\u201d","datePublished":"2015-10-14T13:44:09+00:00","dateModified":"2015-10-15T15:30:52+00:00","mainEntityOfPage":{"@id":"https:\/\/www.sonoraenequipo.com.mx\/expediente-ayotzinapa-peritos-falsos-cartuchos-sembrados-en-cocula-y-graves-fallas\/"},"wordCount":1789,"commentCount":0,"publisher":{"@id":"https:\/\/www.sonoraenequipo.com.mx\/#organization"},"articleSection":["Rep\u00fablica"],"inLanguage":"es","potentialAction":[{"@type":"CommentAction","name":"Comment","target":["https:\/\/www.sonoraenequipo.com.mx\/expediente-ayotzinapa-peritos-falsos-cartuchos-sembrados-en-cocula-y-graves-fallas\/#respond"]}]},{"@type":"WebPage","@id":"https:\/\/www.sonoraenequipo.com.mx\/expediente-ayotzinapa-peritos-falsos-cartuchos-sembrados-en-cocula-y-graves-fallas\/","url":"https:\/\/www.sonoraenequipo.com.mx\/expediente-ayotzinapa-peritos-falsos-cartuchos-sembrados-en-cocula-y-graves-fallas\/","name":"Sonora en Equipo. Expediente Ayotzinapa: peritos falsos, cartuchos sembrados en Cocula y \u201cgraves fallas\u201d","isPartOf":{"@id":"https:\/\/www.sonoraenequipo.com.mx\/#website"},"datePublished":"2015-10-14T13:44:09+00:00","dateModified":"2015-10-15T15:30:52+00:00","description":"14102015. M\u00c9XICO. AN. \u2014 El Equipo Argentino de Antropolog\u00eda Forense (EAAF) \u2013que colabora en la investigaci\u00f3n de la desaparici\u00f3n de los normalistas de En Sonora en Equipo publicamos toda la informaci\u00f3n de Sonora, M\u00e9xico y el Mundo de manera oportuna y busca que la libertad de expresi\u00f3n sea real. Visita nuestro medio informativo publicado desde Hermosillo, Sonora. %","breadcrumb":{"@id":"https:\/\/www.sonoraenequipo.com.mx\/expediente-ayotzinapa-peritos-falsos-cartuchos-sembrados-en-cocula-y-graves-fallas\/#breadcrumb"},"inLanguage":"es","potentialAction":[{"@type":"ReadAction","target":["https:\/\/www.sonoraenequipo.com.mx\/expediente-ayotzinapa-peritos-falsos-cartuchos-sembrados-en-cocula-y-graves-fallas\/"]}]},{"@type":"BreadcrumbList","@id":"https:\/\/www.sonoraenequipo.com.mx\/expediente-ayotzinapa-peritos-falsos-cartuchos-sembrados-en-cocula-y-graves-fallas\/#breadcrumb","itemListElement":[{"@type":"ListItem","position":1,"name":"Portada","item":"https:\/\/www.sonoraenequipo.com.mx\/"},{"@type":"ListItem","position":2,"name":"Expediente Ayotzinapa: peritos falsos, cartuchos sembrados en Cocula y \u201cgraves fallas\u201d"}]},{"@type":"WebSite","@id":"https:\/\/www.sonoraenequipo.com.mx\/#website","url":"https:\/\/www.sonoraenequipo.com.mx\/","name":"Sonora en Equipo.","description":"Diario en l\u00ednea con Noticias desde Hermosillo, Sonora","publisher":{"@id":"https:\/\/www.sonoraenequipo.com.mx\/#organization"},"potentialAction":[{"@type":"SearchAction","target":{"@type":"EntryPoint","urlTemplate":"https:\/\/www.sonoraenequipo.com.mx\/?s={search_term_string}"},"query-input":{"@type":"PropertyValueSpecification","valueRequired":true,"valueName":"search_term_string"}}],"inLanguage":"es"},{"@type":"Organization","@id":"https:\/\/www.sonoraenequipo.com.mx\/#organization","name":"Sonoraenequipo.com.mx","url":"https:\/\/www.sonoraenequipo.com.mx\/","logo":{"@type":"ImageObject","inLanguage":"es","@id":"https:\/\/www.sonoraenequipo.com.mx\/#\/schema\/logo\/image\/","url":"https:\/\/www.sonoraenequipo.com.mx\/storage\/2019\/01\/sonoraenequipo_opt.png","contentUrl":"https:\/\/www.sonoraenequipo.com.mx\/storage\/2019\/01\/sonoraenequipo_opt.png","width":375,"height":125,"caption":"Sonoraenequipo.com.mx"},"image":{"@id":"https:\/\/www.sonoraenequipo.com.mx\/#\/schema\/logo\/image\/"},"sameAs":["https:\/\/www.facebook.com\/SonoraEE\/","https:\/\/x.com\/sonoraenequipo","https:\/\/www.youtube.com\/channel\/UC338nW-lPEYmJQs4ZABQ1SQ"]},{"@type":"Person","@id":"https:\/\/www.sonoraenequipo.com.mx\/#\/schema\/person\/50102df0fb23a8fa9e8effad8fa81386","name":"enequipo","image":{"@type":"ImageObject","inLanguage":"es","@id":"https:\/\/www.sonoraenequipo.com.mx\/#\/schema\/person\/image\/","url":"https:\/\/secure.gravatar.com\/avatar\/049821681b589dabc0bc20695993ccebb09f5b5d4d790cd9251b97faac7c652b?s=96&d=blank&r=g","contentUrl":"https:\/\/secure.gravatar.com\/avatar\/049821681b589dabc0bc20695993ccebb09f5b5d4d790cd9251b97faac7c652b?s=96&d=blank&r=g","caption":"enequipo"},"sameAs":["https:\/\/www.facebook.com\/SonoraEE"]}]}},"jetpack_featured_media_url":"","_links":{"self":[{"href":"https:\/\/www.sonoraenequipo.com.mx\/api\/wp\/v2\/posts\/451","targetHints":{"allow":["GET"]}}],"collection":[{"href":"https:\/\/www.sonoraenequipo.com.mx\/api\/wp\/v2\/posts"}],"about":[{"href":"https:\/\/www.sonoraenequipo.com.mx\/api\/wp\/v2\/types\/post"}],"author":[{"embeddable":true,"href":"https:\/\/www.sonoraenequipo.com.mx\/api\/wp\/v2\/users\/1"}],"replies":[{"embeddable":true,"href":"https:\/\/www.sonoraenequipo.com.mx\/api\/wp\/v2\/comments?post=451"}],"version-history":[{"count":0,"href":"https:\/\/www.sonoraenequipo.com.mx\/api\/wp\/v2\/posts\/451\/revisions"}],"wp:attachment":[{"href":"https:\/\/www.sonoraenequipo.com.mx\/api\/wp\/v2\/media?parent=451"}],"wp:term":[{"taxonomy":"category","embeddable":true,"href":"https:\/\/www.sonoraenequipo.com.mx\/api\/wp\/v2\/categories?post=451"},{"taxonomy":"post_tag","embeddable":true,"href":"https:\/\/www.sonoraenequipo.com.mx\/api\/wp\/v2\/tags?post=451"}],"curies":[{"name":"wp","href":"https:\/\/api.w.org\/{rel}","templated":true}]}}