{"id":47729,"date":"2018-10-30T20:18:36","date_gmt":"2018-10-31T03:18:36","guid":{"rendered":"http:\/\/www.sonoraenequipo.com.mx\/?p=47729"},"modified":"2018-10-30T19:26:20","modified_gmt":"2018-10-31T02:26:20","slug":"apple-presenta-nuevas-computadoras-mac","status":"publish","type":"post","link":"https:\/\/www.sonoraenequipo.com.mx\/apple-presenta-nuevas-computadoras-mac\/","title":{"rendered":"Apple presenta nuevas computadoras Mac"},"content":{"rendered":"<p>CALIFORNIA, ESTADOS UNIDOS. \u2014 El gigante tecnol\u00f3gico Apple Inc present\u00f3 este martes sus nuevas computadoras Mac, que incluyen actualizaciones del MacBook Air, el port\u00e1til m\u00e1s b\u00e1sico de la firma, y de su computadora de escritorio Mac Mini. <\/p>\n<p>Apple dijo que la nueva versi\u00f3n del MacBook Air, lanzado originalmente en 2011, tendr\u00e1 una pantalla de mayor resoluci\u00f3n y marcos m\u00e1s delgados, con un precio que partir\u00e1 desde los mil 199 d\u00f3lares y llegar\u00e1 a las tiendas el 7 de noviembre.<\/p>\n<p>El gigante tecnol\u00f3gico con sede central en Cupertino, California, present\u00f3 nuevas versiones del iPad Pro, la tableta de m\u00e1s alta gama de Apple, que compite con Microsoft Surface, con marcos m\u00e1s finos y mayor espacio de pantalla, junto con el sistema de desbloqueo facial incluido en los iPhones de \u00faltima generaci\u00f3n.<\/p>\n<p>La compa\u00f1\u00eda dijo tambi\u00e9n que el Mac Mini, una peque\u00f1a computadora de escritorio al que los clientes deben anexar la pantalla y dem\u00e1s accesorios, tendr\u00e1 mayor poder de procesamiento y capacidad de memoria, desde un precio inicial de 799 d\u00f3lares.<\/p>\n<p>Apple introdujo nuevos iPhones y Apple Watches el mes pasado, pero las l\u00edneas de productos m\u00e1s antiguas significaron 45 mil millones de d\u00f3lares en ventas en el trimestre fiscal m\u00e1s reciente. En comparaci\u00f3n, los iPhone generaron ingresos por 141 mil 300 millones de d\u00f3lares.<\/p>\n<p><em>\u00abQuieren mostrar al mundo que no se han olvidado del iPad y del Mac\u00bb<\/em>, dijo Mika Kitagawa, analista senior de Gartner.<\/p>\n<p>(FECHA DE PUBLICACI\u00d3N.30\/10\/2018 \/\/ Agencias)<\/p>\n","protected":false},"excerpt":{"rendered":"<p>CALIFORNIA, ESTADOS UNIDOS. \u2014 El gigante tecnol\u00f3gico Apple Inc present\u00f3 este martes sus nuevas computadoras&#8230;<\/p>\n","protected":false},"author":1,"featured_media":47730,"comment_status":"open","ping_status":"open","sticky":false,"template":"","format":"standard","meta":{"_monsterinsights_skip_tracking":false,"_monsterinsights_sitenote_active":false,"_monsterinsights_sitenote_note":"","_monsterinsights_sitenote_category":0,"footnotes":""},"categories":[2216],"tags":[],"class_list":["post"],"yoast_head":" \n<title>Sonora en Equipo. Apple presenta nuevas computadoras Mac Ciencia y Tecnolog\u00eda<\/title>\n<meta name=\"description\" content=\"CALIFORNIA, ESTADOS UNIDOS. \u2014 El gigante tecnol\u00f3gico Apple Inc present\u00f3 este martes sus nuevas computadoras Mac, que incluyen actualizaciones del MacBook En Sonora en Equipo publicamos toda la informaci\u00f3n de Sonora, M\u00e9xico y el Mundo de manera oportuna y busca que la libertad de expresi\u00f3n sea real. Visita nuestro medio informativo publicado desde Hermosillo, Sonora. %\" \/>\n<meta name=\"robots\" content=\"index, follow, max-snippet:-1, max-image-preview:large, max-video-preview:-1\" \/>\n<link rel=\"canonical\" href=\"https:\/\/www.sonoraenequipo.com.mx\/apple-presenta-nuevas-computadoras-mac\/\" \/>\n<meta property=\"og:locale\" content=\"es_ES\" \/>\n<meta property=\"og:type\" content=\"article\" \/>\n<meta property=\"og:title\" content=\"Sonora en Equipo. Apple presenta nuevas computadoras Mac Ciencia y Tecnolog\u00eda\" \/>\n<meta property=\"og:description\" content=\"CALIFORNIA, ESTADOS UNIDOS. \u2014 El gigante tecnol\u00f3gico Apple Inc present\u00f3 este martes sus nuevas computadoras Mac, que incluyen actualizaciones del MacBook En Sonora en Equipo publicamos toda la informaci\u00f3n de Sonora, M\u00e9xico y el Mundo de manera oportuna y busca que la libertad de expresi\u00f3n sea real. Visita nuestro medio informativo publicado desde Hermosillo, Sonora. %\" \/>\n<meta property=\"og:url\" content=\"https:\/\/www.sonoraenequipo.com.mx\/apple-presenta-nuevas-computadoras-mac\/\" \/>\n<meta property=\"og:site_name\" content=\"Sonora en Equipo.\" \/>\n<meta property=\"article:publisher\" content=\"https:\/\/www.facebook.com\/SonoraEE\/\" \/>\n<meta property=\"article:author\" content=\"https:\/\/www.facebook.com\/SonoraEE\" \/>\n<meta property=\"article:published_time\" content=\"2018-10-31T03:18:36+00:00\" \/>\n<meta property=\"og:image\" content=\"https:\/\/www.sonoraenequipo.com.mx\/storage\/2018\/10\/ee-appleipad.jpg\" \/>\n\t<meta property=\"og:image:width\" content=\"780\" \/>\n\t<meta property=\"og:image:height\" content=\"480\" \/>\n\t<meta property=\"og:image:type\" content=\"image\/jpeg\" \/>\n<meta name=\"author\" content=\"enequipo\" \/>\n<meta name=\"twitter:card\" content=\"summary_large_image\" \/>\n<meta name=\"twitter:creator\" content=\"@sonoraenequipo\" \/>\n<meta name=\"twitter:site\" content=\"@sonoraenequipo\" \/>\n<meta name=\"twitter:label1\" content=\"Escrito por\" \/>\n\t<meta name=\"twitter:data1\" content=\"enequipo\" \/>\n\t<meta name=\"twitter:label2\" content=\"Tiempo de lectura\" \/>\n\t<meta name=\"twitter:data2\" content=\"1 minuto\" \/>\n<script type=\"application\/ld+json\" class=\"yoast-schema-graph\">{\"@context\":\"https:\/\/schema.org\",\"@graph\":[{\"@type\":\"Article\",\"@id\":\"https:\/\/www.sonoraenequipo.com.mx\/apple-presenta-nuevas-computadoras-mac\/#article\",\"isPartOf\":{\"@id\":\"https:\/\/www.sonoraenequipo.com.mx\/apple-presenta-nuevas-computadoras-mac\/\"},\"author\":{\"name\":\"enequipo\",\"@id\":\"https:\/\/www.sonoraenequipo.com.mx\/#\/schema\/person\/50102df0fb23a8fa9e8effad8fa81386\"},\"headline\":\"Apple presenta nuevas computadoras Mac\",\"datePublished\":\"2018-10-31T03:18:36+00:00\",\"mainEntityOfPage\":{\"@id\":\"https:\/\/www.sonoraenequipo.com.mx\/apple-presenta-nuevas-computadoras-mac\/\"},\"wordCount\":260,\"commentCount\":0,\"publisher\":{\"@id\":\"https:\/\/www.sonoraenequipo.com.mx\/#organization\"},\"image\":{\"@id\":\"https:\/\/www.sonoraenequipo.com.mx\/apple-presenta-nuevas-computadoras-mac\/#primaryimage\"},\"thumbnailUrl\":\"https:\/\/www.sonoraenequipo.com.mx\/storage\/2018\/10\/ee-appleipad.jpg\",\"articleSection\":[\"Ciencia y Tecnolog\u00eda\"],\"inLanguage\":\"es\",\"potentialAction\":[{\"@type\":\"CommentAction\",\"name\":\"Comment\",\"target\":[\"https:\/\/www.sonoraenequipo.com.mx\/apple-presenta-nuevas-computadoras-mac\/#respond\"]}]},{\"@type\":\"WebPage\",\"@id\":\"https:\/\/www.sonoraenequipo.com.mx\/apple-presenta-nuevas-computadoras-mac\/\",\"url\":\"https:\/\/www.sonoraenequipo.com.mx\/apple-presenta-nuevas-computadoras-mac\/\",\"name\":\"Sonora en Equipo. Apple presenta nuevas computadoras Mac Ciencia y Tecnolog\u00eda\",\"isPartOf\":{\"@id\":\"https:\/\/www.sonoraenequipo.com.mx\/#website\"},\"primaryImageOfPage\":{\"@id\":\"https:\/\/www.sonoraenequipo.com.mx\/apple-presenta-nuevas-computadoras-mac\/#primaryimage\"},\"image\":{\"@id\":\"https:\/\/www.sonoraenequipo.com.mx\/apple-presenta-nuevas-computadoras-mac\/#primaryimage\"},\"thumbnailUrl\":\"https:\/\/www.sonoraenequipo.com.mx\/storage\/2018\/10\/ee-appleipad.jpg\",\"datePublished\":\"2018-10-31T03:18:36+00:00\",\"description\":\"CALIFORNIA, ESTADOS UNIDOS. \u2014 El gigante tecnol\u00f3gico Apple Inc present\u00f3 este martes sus nuevas computadoras Mac, que incluyen actualizaciones del MacBook En Sonora en Equipo publicamos toda la informaci\u00f3n de Sonora, M\u00e9xico y el Mundo de manera oportuna y busca que la libertad de expresi\u00f3n sea real. Visita nuestro medio informativo publicado desde Hermosillo, Sonora. %\",\"breadcrumb\":{\"@id\":\"https:\/\/www.sonoraenequipo.com.mx\/apple-presenta-nuevas-computadoras-mac\/#breadcrumb\"},\"inLanguage\":\"es\",\"potentialAction\":[{\"@type\":\"ReadAction\",\"target\":[\"https:\/\/www.sonoraenequipo.com.mx\/apple-presenta-nuevas-computadoras-mac\/\"]}]},{\"@type\":\"ImageObject\",\"inLanguage\":\"es\",\"@id\":\"https:\/\/www.sonoraenequipo.com.mx\/apple-presenta-nuevas-computadoras-mac\/#primaryimage\",\"url\":\"https:\/\/www.sonoraenequipo.com.mx\/storage\/2018\/10\/ee-appleipad.jpg\",\"contentUrl\":\"https:\/\/www.sonoraenequipo.com.mx\/storage\/2018\/10\/ee-appleipad.jpg\",\"width\":780,\"height\":480},{\"@type\":\"BreadcrumbList\",\"@id\":\"https:\/\/www.sonoraenequipo.com.mx\/apple-presenta-nuevas-computadoras-mac\/#breadcrumb\",\"itemListElement\":[{\"@type\":\"ListItem\",\"position\":1,\"name\":\"Portada\",\"item\":\"https:\/\/www.sonoraenequipo.com.mx\/\"},{\"@type\":\"ListItem\",\"position\":2,\"name\":\"Apple presenta nuevas computadoras Mac\"}]},{\"@type\":\"WebSite\",\"@id\":\"https:\/\/www.sonoraenequipo.com.mx\/#website\",\"url\":\"https:\/\/www.sonoraenequipo.com.mx\/\",\"name\":\"Sonora en Equipo.\",\"description\":\"Diario en l\u00ednea con Noticias desde Hermosillo, Sonora\",\"publisher\":{\"@id\":\"https:\/\/www.sonoraenequipo.com.mx\/#organization\"},\"potentialAction\":[{\"@type\":\"SearchAction\",\"target\":{\"@type\":\"EntryPoint\",\"urlTemplate\":\"https:\/\/www.sonoraenequipo.com.mx\/?s={search_term_string}\"},\"query-input\":{\"@type\":\"PropertyValueSpecification\",\"valueRequired\":true,\"valueName\":\"search_term_string\"}}],\"inLanguage\":\"es\"},{\"@type\":\"Organization\",\"@id\":\"https:\/\/www.sonoraenequipo.com.mx\/#organization\",\"name\":\"Sonoraenequipo.com.mx\",\"url\":\"https:\/\/www.sonoraenequipo.com.mx\/\",\"logo\":{\"@type\":\"ImageObject\",\"inLanguage\":\"es\",\"@id\":\"https:\/\/www.sonoraenequipo.com.mx\/#\/schema\/logo\/image\/\",\"url\":\"https:\/\/www.sonoraenequipo.com.mx\/storage\/2019\/01\/sonoraenequipo_opt.png\",\"contentUrl\":\"https:\/\/www.sonoraenequipo.com.mx\/storage\/2019\/01\/sonoraenequipo_opt.png\",\"width\":375,\"height\":125,\"caption\":\"Sonoraenequipo.com.mx\"},\"image\":{\"@id\":\"https:\/\/www.sonoraenequipo.com.mx\/#\/schema\/logo\/image\/\"},\"sameAs\":[\"https:\/\/www.facebook.com\/SonoraEE\/\",\"https:\/\/x.com\/sonoraenequipo\",\"https:\/\/www.youtube.com\/channel\/UC338nW-lPEYmJQs4ZABQ1SQ\"]},{\"@type\":\"Person\",\"@id\":\"https:\/\/www.sonoraenequipo.com.mx\/#\/schema\/person\/50102df0fb23a8fa9e8effad8fa81386\",\"name\":\"enequipo\",\"image\":{\"@type\":\"ImageObject\",\"inLanguage\":\"es\",\"@id\":\"https:\/\/www.sonoraenequipo.com.mx\/#\/schema\/person\/image\/\",\"url\":\"https:\/\/secure.gravatar.com\/avatar\/049821681b589dabc0bc20695993ccebb09f5b5d4d790cd9251b97faac7c652b?s=96&d=blank&r=g\",\"contentUrl\":\"https:\/\/secure.gravatar.com\/avatar\/049821681b589dabc0bc20695993ccebb09f5b5d4d790cd9251b97faac7c652b?s=96&d=blank&r=g\",\"caption\":\"enequipo\"},\"sameAs\":[\"https:\/\/www.facebook.com\/SonoraEE\"]}]}<\/script>\n ","yoast_head_json":{"title":"Sonora en Equipo. Apple presenta nuevas computadoras Mac Ciencia y Tecnolog\u00eda","description":"CALIFORNIA, ESTADOS UNIDOS. \u2014 El gigante tecnol\u00f3gico Apple Inc present\u00f3 este martes sus nuevas computadoras Mac, que incluyen actualizaciones del MacBook En Sonora en Equipo publicamos toda la informaci\u00f3n de Sonora, M\u00e9xico y el Mundo de manera oportuna y busca que la libertad de expresi\u00f3n sea real. Visita nuestro medio informativo publicado desde Hermosillo, Sonora. %","robots":{"index":"index","follow":"follow","max-snippet":"max-snippet:-1","max-image-preview":"max-image-preview:large","max-video-preview":"max-video-preview:-1"},"canonical":"https:\/\/www.sonoraenequipo.com.mx\/apple-presenta-nuevas-computadoras-mac\/","og_locale":"es_ES","og_type":"article","og_title":"Sonora en Equipo. Apple presenta nuevas computadoras Mac Ciencia y Tecnolog\u00eda","og_description":"CALIFORNIA, ESTADOS UNIDOS. \u2014 El gigante tecnol\u00f3gico Apple Inc present\u00f3 este martes sus nuevas computadoras Mac, que incluyen actualizaciones del MacBook En Sonora en Equipo publicamos toda la informaci\u00f3n de Sonora, M\u00e9xico y el Mundo de manera oportuna y busca que la libertad de expresi\u00f3n sea real. Visita nuestro medio informativo publicado desde Hermosillo, Sonora. %","og_url":"https:\/\/www.sonoraenequipo.com.mx\/apple-presenta-nuevas-computadoras-mac\/","og_site_name":"Sonora en Equipo.","article_publisher":"https:\/\/www.facebook.com\/SonoraEE\/","article_author":"https:\/\/www.facebook.com\/SonoraEE","article_published_time":"2018-10-31T03:18:36+00:00","og_image":[{"width":780,"height":480,"url":"https:\/\/www.sonoraenequipo.com.mx\/storage\/2018\/10\/ee-appleipad.jpg","type":"image\/jpeg"}],"author":"enequipo","twitter_card":"summary_large_image","twitter_creator":"@sonoraenequipo","twitter_site":"@sonoraenequipo","twitter_misc":{"Escrito por":"enequipo","Tiempo de lectura":"1 minuto"},"schema":{"@context":"https:\/\/schema.org","@graph":[{"@type":"Article","@id":"https:\/\/www.sonoraenequipo.com.mx\/apple-presenta-nuevas-computadoras-mac\/#article","isPartOf":{"@id":"https:\/\/www.sonoraenequipo.com.mx\/apple-presenta-nuevas-computadoras-mac\/"},"author":{"name":"enequipo","@id":"https:\/\/www.sonoraenequipo.com.mx\/#\/schema\/person\/50102df0fb23a8fa9e8effad8fa81386"},"headline":"Apple presenta nuevas computadoras Mac","datePublished":"2018-10-31T03:18:36+00:00","mainEntityOfPage":{"@id":"https:\/\/www.sonoraenequipo.com.mx\/apple-presenta-nuevas-computadoras-mac\/"},"wordCount":260,"commentCount":0,"publisher":{"@id":"https:\/\/www.sonoraenequipo.com.mx\/#organization"},"image":{"@id":"https:\/\/www.sonoraenequipo.com.mx\/apple-presenta-nuevas-computadoras-mac\/#primaryimage"},"thumbnailUrl":"https:\/\/www.sonoraenequipo.com.mx\/storage\/2018\/10\/ee-appleipad.jpg","articleSection":["Ciencia y Tecnolog\u00eda"],"inLanguage":"es","potentialAction":[{"@type":"CommentAction","name":"Comment","target":["https:\/\/www.sonoraenequipo.com.mx\/apple-presenta-nuevas-computadoras-mac\/#respond"]}]},{"@type":"WebPage","@id":"https:\/\/www.sonoraenequipo.com.mx\/apple-presenta-nuevas-computadoras-mac\/","url":"https:\/\/www.sonoraenequipo.com.mx\/apple-presenta-nuevas-computadoras-mac\/","name":"Sonora en Equipo. Apple presenta nuevas computadoras Mac Ciencia y Tecnolog\u00eda","isPartOf":{"@id":"https:\/\/www.sonoraenequipo.com.mx\/#website"},"primaryImageOfPage":{"@id":"https:\/\/www.sonoraenequipo.com.mx\/apple-presenta-nuevas-computadoras-mac\/#primaryimage"},"image":{"@id":"https:\/\/www.sonoraenequipo.com.mx\/apple-presenta-nuevas-computadoras-mac\/#primaryimage"},"thumbnailUrl":"https:\/\/www.sonoraenequipo.com.mx\/storage\/2018\/10\/ee-appleipad.jpg","datePublished":"2018-10-31T03:18:36+00:00","description":"CALIFORNIA, ESTADOS UNIDOS. \u2014 El gigante tecnol\u00f3gico Apple Inc present\u00f3 este martes sus nuevas computadoras Mac, que incluyen actualizaciones del MacBook En Sonora en Equipo publicamos toda la informaci\u00f3n de Sonora, M\u00e9xico y el Mundo de manera oportuna y busca que la libertad de expresi\u00f3n sea real. Visita nuestro medio informativo publicado desde Hermosillo, Sonora. %","breadcrumb":{"@id":"https:\/\/www.sonoraenequipo.com.mx\/apple-presenta-nuevas-computadoras-mac\/#breadcrumb"},"inLanguage":"es","potentialAction":[{"@type":"ReadAction","target":["https:\/\/www.sonoraenequipo.com.mx\/apple-presenta-nuevas-computadoras-mac\/"]}]},{"@type":"ImageObject","inLanguage":"es","@id":"https:\/\/www.sonoraenequipo.com.mx\/apple-presenta-nuevas-computadoras-mac\/#primaryimage","url":"https:\/\/www.sonoraenequipo.com.mx\/storage\/2018\/10\/ee-appleipad.jpg","contentUrl":"https:\/\/www.sonoraenequipo.com.mx\/storage\/2018\/10\/ee-appleipad.jpg","width":780,"height":480},{"@type":"BreadcrumbList","@id":"https:\/\/www.sonoraenequipo.com.mx\/apple-presenta-nuevas-computadoras-mac\/#breadcrumb","itemListElement":[{"@type":"ListItem","position":1,"name":"Portada","item":"https:\/\/www.sonoraenequipo.com.mx\/"},{"@type":"ListItem","position":2,"name":"Apple presenta nuevas computadoras Mac"}]},{"@type":"WebSite","@id":"https:\/\/www.sonoraenequipo.com.mx\/#website","url":"https:\/\/www.sonoraenequipo.com.mx\/","name":"Sonora en Equipo.","description":"Diario en l\u00ednea con Noticias desde Hermosillo, Sonora","publisher":{"@id":"https:\/\/www.sonoraenequipo.com.mx\/#organization"},"potentialAction":[{"@type":"SearchAction","target":{"@type":"EntryPoint","urlTemplate":"https:\/\/www.sonoraenequipo.com.mx\/?s={search_term_string}"},"query-input":{"@type":"PropertyValueSpecification","valueRequired":true,"valueName":"search_term_string"}}],"inLanguage":"es"},{"@type":"Organization","@id":"https:\/\/www.sonoraenequipo.com.mx\/#organization","name":"Sonoraenequipo.com.mx","url":"https:\/\/www.sonoraenequipo.com.mx\/","logo":{"@type":"ImageObject","inLanguage":"es","@id":"https:\/\/www.sonoraenequipo.com.mx\/#\/schema\/logo\/image\/","url":"https:\/\/www.sonoraenequipo.com.mx\/storage\/2019\/01\/sonoraenequipo_opt.png","contentUrl":"https:\/\/www.sonoraenequipo.com.mx\/storage\/2019\/01\/sonoraenequipo_opt.png","width":375,"height":125,"caption":"Sonoraenequipo.com.mx"},"image":{"@id":"https:\/\/www.sonoraenequipo.com.mx\/#\/schema\/logo\/image\/"},"sameAs":["https:\/\/www.facebook.com\/SonoraEE\/","https:\/\/x.com\/sonoraenequipo","https:\/\/www.youtube.com\/channel\/UC338nW-lPEYmJQs4ZABQ1SQ"]},{"@type":"Person","@id":"https:\/\/www.sonoraenequipo.com.mx\/#\/schema\/person\/50102df0fb23a8fa9e8effad8fa81386","name":"enequipo","image":{"@type":"ImageObject","inLanguage":"es","@id":"https:\/\/www.sonoraenequipo.com.mx\/#\/schema\/person\/image\/","url":"https:\/\/secure.gravatar.com\/avatar\/049821681b589dabc0bc20695993ccebb09f5b5d4d790cd9251b97faac7c652b?s=96&d=blank&r=g","contentUrl":"https:\/\/secure.gravatar.com\/avatar\/049821681b589dabc0bc20695993ccebb09f5b5d4d790cd9251b97faac7c652b?s=96&d=blank&r=g","caption":"enequipo"},"sameAs":["https:\/\/www.facebook.com\/SonoraEE"]}]}},"jetpack_featured_media_url":"https:\/\/www.sonoraenequipo.com.mx\/storage\/2018\/10\/ee-appleipad.jpg","_links":{"self":[{"href":"https:\/\/www.sonoraenequipo.com.mx\/api\/wp\/v2\/posts\/47729","targetHints":{"allow":["GET"]}}],"collection":[{"href":"https:\/\/www.sonoraenequipo.com.mx\/api\/wp\/v2\/posts"}],"about":[{"href":"https:\/\/www.sonoraenequipo.com.mx\/api\/wp\/v2\/types\/post"}],"author":[{"embeddable":true,"href":"https:\/\/www.sonoraenequipo.com.mx\/api\/wp\/v2\/users\/1"}],"replies":[{"embeddable":true,"href":"https:\/\/www.sonoraenequipo.com.mx\/api\/wp\/v2\/comments?post=47729"}],"version-history":[{"count":0,"href":"https:\/\/www.sonoraenequipo.com.mx\/api\/wp\/v2\/posts\/47729\/revisions"}],"wp:featuredmedia":[{"embeddable":true,"href":"https:\/\/www.sonoraenequipo.com.mx\/api\/wp\/v2\/media\/47730"}],"wp:attachment":[{"href":"https:\/\/www.sonoraenequipo.com.mx\/api\/wp\/v2\/media?parent=47729"}],"wp:term":[{"taxonomy":"category","embeddable":true,"href":"https:\/\/www.sonoraenequipo.com.mx\/api\/wp\/v2\/categories?post=47729"},{"taxonomy":"post_tag","embeddable":true,"href":"https:\/\/www.sonoraenequipo.com.mx\/api\/wp\/v2\/tags?post=47729"}],"curies":[{"name":"wp","href":"https:\/\/api.w.org\/{rel}","templated":true}]}}