{"id":47764,"date":"2018-10-30T21:15:31","date_gmt":"2018-10-31T04:15:31","guid":{"rendered":"http:\/\/www.sonoraenequipo.com.mx\/?p=47764"},"modified":"2018-10-30T21:45:26","modified_gmt":"2018-10-31T04:45:26","slug":"presenta-rector-primer-informe-de-labores-ante-colegio-academico","status":"publish","type":"post","link":"https:\/\/www.sonoraenequipo.com.mx\/presenta-rector-primer-informe-de-labores-ante-colegio-academico\/","title":{"rendered":"Presenta rector primer informe de labores ante Colegio Acad\u00e9mico"},"content":{"rendered":"<p>HERMOSILLO, SONORA. MX. \u2014 Fortalecimiento de las acciones orientadas a la internacionalizaci\u00f3n de las actividades acad\u00e9micas y cient\u00edficas de la instituci\u00f3n, y la obtenci\u00f3n de diversos premios otorgados por instancias nacionales y extranjeras que reconocieron la calidad educativa de esta casa de estudios, fueron algunos de los temas expuestos hoy por el rector Enrique Fernando Vel\u00e1zquez Contreras durante su primer informe de actividades ante el Colegio Acad\u00e9mico. <\/p>\n<p>Tal como lo estipula el apartado XII del Art\u00edculo 25, en el Cap\u00edtulo V de la Ley N\u00famero 4, Org\u00e1nica de la Universidad de Sonora, Vel\u00e1zquez Contreras dio a conocer en la Sesi\u00f3n Ordinaria 160 del citado \u00f3rgano de gobierno, las actividades realizadas por la m\u00e1xima casa de estudios en el periodo comprendido entre el 16 de junio de 2017 al 15 de junio de 2018.<\/p>\n<p><img loading=\"lazy\" decoding=\"async\" class=\"x-left size-medium \" src=\"http:\/\/www.sonoraenequipo.com.mx\/storage\/2018\/10\/colegioacademico_opt-600x400.jpg\" alt=\"\" width=\"600\" height=\"400\">En su presentaci\u00f3n, la autoridad universitaria destac\u00f3 que en materia de internacionalizaci\u00f3n se firmaron 50 convenios con 36 instituciones universitarias y\/o de investigaci\u00f3n ubicadas en 15 pa\u00edses, como Alemania, Arabia Saudita, Argentina, Bolivia, Brasil, Canad\u00e1, Chile, Colombia, Costa Rica, Espa\u00f1a, Estados Unidos, Italia, Marruecos, Per\u00fa y Suiza; entre los que destac\u00f3 la reciente colaboraci\u00f3n con el Centro Europeo para la Investigaci\u00f3n Nuclear (CERN).<\/p>\n<p>En el tema de movilidad estudiantil indic\u00f3 que se super\u00f3 la meta de inicial de 320 alumnos efectuando uno o dos semestres de su licenciatura en alguna universidad nacional o del extranjero, y al concluir 2018 dicha cifra pasar\u00e1 a 365; mientras tanto, la Universidad recibi\u00f3 a 66 alumnos: 34 de instituciones de educaci\u00f3n superior de M\u00e9xico y 32 m\u00e1s de pa\u00edses como Argentina, Chile, Colombia, Espa\u00f1a, Per\u00fa y Suiza.<\/p>\n<p>Enfatiz\u00f3 que este primer a\u00f1o de gesti\u00f3n, adem\u00e1s de fortalecer la internacionalizaci\u00f3n, tambi\u00e9n se ha trabajado en la creaci\u00f3n de un nuevo modelo educativo, la mejora de las trayectorias escolares y renovaci\u00f3n de la planta acad\u00e9mica, y en reconocimiento al trabajo hecho por la comunidad universitaria, la alma mater fue ratificada como la mejor instituci\u00f3n de educaci\u00f3n superior en el noroeste de M\u00e9xico, y la n\u00famero 15 en el pa\u00eds.<\/p>\n<p>Vel\u00e1zquez Contreras indic\u00f3 que, en cuanto a la conformaci\u00f3n de la planta docente, se tienen actualmente 974 docentes e investigadores de tiempo completo indeterminados, de los cuales el 91.5% tienen estudios de posgrado y, adem\u00e1s, se registr\u00f3 un incremento del 6.8% respecto al ciclo 2016-2017, en el n\u00famero de catedr\u00e1ticos con doctorado.<\/p>\n<p>(FECHA DE PUBLICACI\u00d3N.30\/10\/2018 \/\/<\/p>\n","protected":false},"excerpt":{"rendered":"<p>HERMOSILLO, SONORA. MX. \u2014 Fortalecimiento de las acciones orientadas a la internacionalizaci\u00f3n de las actividades&#8230;<\/p>\n","protected":false},"author":1,"featured_media":47753,"comment_status":"open","ping_status":"open","sticky":false,"template":"","format":"standard","meta":{"_monsterinsights_skip_tracking":false,"_monsterinsights_sitenote_active":false,"_monsterinsights_sitenote_note":"","_monsterinsights_sitenote_category":0,"footnotes":""},"categories":[22],"tags":[],"class_list":["post"],"yoast_head":" \n<title>Sonora en Equipo. Presenta rector primer informe de labores ante Colegio Acad\u00e9mico Sonora<\/title>\n<meta name=\"description\" content=\"HERMOSILLO, SONORA. MX. \u2014 Fortalecimiento de las acciones orientadas a la internacionalizaci\u00f3n de las actividades acad\u00e9micas y cient\u00edficas de la En Sonora en Equipo publicamos toda la informaci\u00f3n de Sonora, M\u00e9xico y el Mundo de manera oportuna y busca que la libertad de expresi\u00f3n sea real. Visita nuestro medio informativo publicado desde Hermosillo, Sonora. %\" \/>\n<meta name=\"robots\" content=\"index, follow, max-snippet:-1, max-image-preview:large, max-video-preview:-1\" \/>\n<link rel=\"canonical\" href=\"https:\/\/www.sonoraenequipo.com.mx\/presenta-rector-primer-informe-de-labores-ante-colegio-academico\/\" \/>\n<meta property=\"og:locale\" content=\"es_ES\" \/>\n<meta property=\"og:type\" content=\"article\" \/>\n<meta property=\"og:title\" content=\"Sonora en Equipo. Presenta rector primer informe de labores ante Colegio Acad\u00e9mico Sonora\" \/>\n<meta property=\"og:description\" content=\"HERMOSILLO, SONORA. MX. \u2014 Fortalecimiento de las acciones orientadas a la internacionalizaci\u00f3n de las actividades acad\u00e9micas y cient\u00edficas de la En Sonora en Equipo publicamos toda la informaci\u00f3n de Sonora, M\u00e9xico y el Mundo de manera oportuna y busca que la libertad de expresi\u00f3n sea real. Visita nuestro medio informativo publicado desde Hermosillo, Sonora. %\" \/>\n<meta property=\"og:url\" content=\"https:\/\/www.sonoraenequipo.com.mx\/presenta-rector-primer-informe-de-labores-ante-colegio-academico\/\" \/>\n<meta property=\"og:site_name\" content=\"Sonora en Equipo.\" \/>\n<meta property=\"article:publisher\" content=\"https:\/\/www.facebook.com\/SonoraEE\/\" \/>\n<meta property=\"article:author\" content=\"https:\/\/www.facebook.com\/SonoraEE\" \/>\n<meta property=\"article:published_time\" content=\"2018-10-31T04:15:31+00:00\" \/>\n<meta property=\"article:modified_time\" content=\"2018-10-31T04:45:26+00:00\" \/>\n<meta property=\"og:image\" content=\"https:\/\/www.sonoraenequipo.com.mx\/storage\/2018\/10\/informerector_opt.jpg\" \/>\n\t<meta property=\"og:image:width\" content=\"600\" \/>\n\t<meta property=\"og:image:height\" content=\"400\" \/>\n\t<meta property=\"og:image:type\" content=\"image\/jpeg\" \/>\n<meta name=\"author\" content=\"enequipo\" \/>\n<meta name=\"twitter:card\" content=\"summary_large_image\" \/>\n<meta name=\"twitter:creator\" content=\"@sonoraenequipo\" \/>\n<meta name=\"twitter:site\" content=\"@sonoraenequipo\" \/>\n<meta name=\"twitter:label1\" content=\"Escrito por\" \/>\n\t<meta name=\"twitter:data1\" content=\"enequipo\" \/>\n\t<meta name=\"twitter:label2\" content=\"Tiempo de lectura\" \/>\n\t<meta name=\"twitter:data2\" content=\"2 minutos\" \/>\n<script type=\"application\/ld+json\" class=\"yoast-schema-graph\">{\"@context\":\"https:\/\/schema.org\",\"@graph\":[{\"@type\":\"Article\",\"@id\":\"https:\/\/www.sonoraenequipo.com.mx\/presenta-rector-primer-informe-de-labores-ante-colegio-academico\/#article\",\"isPartOf\":{\"@id\":\"https:\/\/www.sonoraenequipo.com.mx\/presenta-rector-primer-informe-de-labores-ante-colegio-academico\/\"},\"author\":{\"name\":\"enequipo\",\"@id\":\"https:\/\/www.sonoraenequipo.com.mx\/#\/schema\/person\/50102df0fb23a8fa9e8effad8fa81386\"},\"headline\":\"Presenta rector primer informe de labores ante Colegio Acad\u00e9mico\",\"datePublished\":\"2018-10-31T04:15:31+00:00\",\"dateModified\":\"2018-10-31T04:45:26+00:00\",\"mainEntityOfPage\":{\"@id\":\"https:\/\/www.sonoraenequipo.com.mx\/presenta-rector-primer-informe-de-labores-ante-colegio-academico\/\"},\"wordCount\":426,\"commentCount\":0,\"publisher\":{\"@id\":\"https:\/\/www.sonoraenequipo.com.mx\/#organization\"},\"image\":{\"@id\":\"https:\/\/www.sonoraenequipo.com.mx\/presenta-rector-primer-informe-de-labores-ante-colegio-academico\/#primaryimage\"},\"thumbnailUrl\":\"https:\/\/www.sonoraenequipo.com.mx\/storage\/2018\/10\/informerector_opt.jpg\",\"articleSection\":[\"Sonora\"],\"inLanguage\":\"es\",\"potentialAction\":[{\"@type\":\"CommentAction\",\"name\":\"Comment\",\"target\":[\"https:\/\/www.sonoraenequipo.com.mx\/presenta-rector-primer-informe-de-labores-ante-colegio-academico\/#respond\"]}]},{\"@type\":\"WebPage\",\"@id\":\"https:\/\/www.sonoraenequipo.com.mx\/presenta-rector-primer-informe-de-labores-ante-colegio-academico\/\",\"url\":\"https:\/\/www.sonoraenequipo.com.mx\/presenta-rector-primer-informe-de-labores-ante-colegio-academico\/\",\"name\":\"Sonora en Equipo. Presenta rector primer informe de labores ante Colegio Acad\u00e9mico Sonora\",\"isPartOf\":{\"@id\":\"https:\/\/www.sonoraenequipo.com.mx\/#website\"},\"primaryImageOfPage\":{\"@id\":\"https:\/\/www.sonoraenequipo.com.mx\/presenta-rector-primer-informe-de-labores-ante-colegio-academico\/#primaryimage\"},\"image\":{\"@id\":\"https:\/\/www.sonoraenequipo.com.mx\/presenta-rector-primer-informe-de-labores-ante-colegio-academico\/#primaryimage\"},\"thumbnailUrl\":\"https:\/\/www.sonoraenequipo.com.mx\/storage\/2018\/10\/informerector_opt.jpg\",\"datePublished\":\"2018-10-31T04:15:31+00:00\",\"dateModified\":\"2018-10-31T04:45:26+00:00\",\"description\":\"HERMOSILLO, SONORA. MX. \u2014 Fortalecimiento de las acciones orientadas a la internacionalizaci\u00f3n de las actividades acad\u00e9micas y cient\u00edficas de la En Sonora en Equipo publicamos toda la informaci\u00f3n de Sonora, M\u00e9xico y el Mundo de manera oportuna y busca que la libertad de expresi\u00f3n sea real. Visita nuestro medio informativo publicado desde Hermosillo, Sonora. %\",\"breadcrumb\":{\"@id\":\"https:\/\/www.sonoraenequipo.com.mx\/presenta-rector-primer-informe-de-labores-ante-colegio-academico\/#breadcrumb\"},\"inLanguage\":\"es\",\"potentialAction\":[{\"@type\":\"ReadAction\",\"target\":[\"https:\/\/www.sonoraenequipo.com.mx\/presenta-rector-primer-informe-de-labores-ante-colegio-academico\/\"]}]},{\"@type\":\"ImageObject\",\"inLanguage\":\"es\",\"@id\":\"https:\/\/www.sonoraenequipo.com.mx\/presenta-rector-primer-informe-de-labores-ante-colegio-academico\/#primaryimage\",\"url\":\"https:\/\/www.sonoraenequipo.com.mx\/storage\/2018\/10\/informerector_opt.jpg\",\"contentUrl\":\"https:\/\/www.sonoraenequipo.com.mx\/storage\/2018\/10\/informerector_opt.jpg\",\"width\":600,\"height\":400},{\"@type\":\"BreadcrumbList\",\"@id\":\"https:\/\/www.sonoraenequipo.com.mx\/presenta-rector-primer-informe-de-labores-ante-colegio-academico\/#breadcrumb\",\"itemListElement\":[{\"@type\":\"ListItem\",\"position\":1,\"name\":\"Portada\",\"item\":\"https:\/\/www.sonoraenequipo.com.mx\/\"},{\"@type\":\"ListItem\",\"position\":2,\"name\":\"Presenta rector primer informe de labores ante Colegio Acad\u00e9mico\"}]},{\"@type\":\"WebSite\",\"@id\":\"https:\/\/www.sonoraenequipo.com.mx\/#website\",\"url\":\"https:\/\/www.sonoraenequipo.com.mx\/\",\"name\":\"Sonora en Equipo.\",\"description\":\"Diario en l\u00ednea con Noticias desde Hermosillo, Sonora\",\"publisher\":{\"@id\":\"https:\/\/www.sonoraenequipo.com.mx\/#organization\"},\"potentialAction\":[{\"@type\":\"SearchAction\",\"target\":{\"@type\":\"EntryPoint\",\"urlTemplate\":\"https:\/\/www.sonoraenequipo.com.mx\/?s={search_term_string}\"},\"query-input\":{\"@type\":\"PropertyValueSpecification\",\"valueRequired\":true,\"valueName\":\"search_term_string\"}}],\"inLanguage\":\"es\"},{\"@type\":\"Organization\",\"@id\":\"https:\/\/www.sonoraenequipo.com.mx\/#organization\",\"name\":\"Sonoraenequipo.com.mx\",\"url\":\"https:\/\/www.sonoraenequipo.com.mx\/\",\"logo\":{\"@type\":\"ImageObject\",\"inLanguage\":\"es\",\"@id\":\"https:\/\/www.sonoraenequipo.com.mx\/#\/schema\/logo\/image\/\",\"url\":\"https:\/\/www.sonoraenequipo.com.mx\/storage\/2019\/01\/sonoraenequipo_opt.png\",\"contentUrl\":\"https:\/\/www.sonoraenequipo.com.mx\/storage\/2019\/01\/sonoraenequipo_opt.png\",\"width\":375,\"height\":125,\"caption\":\"Sonoraenequipo.com.mx\"},\"image\":{\"@id\":\"https:\/\/www.sonoraenequipo.com.mx\/#\/schema\/logo\/image\/\"},\"sameAs\":[\"https:\/\/www.facebook.com\/SonoraEE\/\",\"https:\/\/x.com\/sonoraenequipo\",\"https:\/\/www.youtube.com\/channel\/UC338nW-lPEYmJQs4ZABQ1SQ\"]},{\"@type\":\"Person\",\"@id\":\"https:\/\/www.sonoraenequipo.com.mx\/#\/schema\/person\/50102df0fb23a8fa9e8effad8fa81386\",\"name\":\"enequipo\",\"image\":{\"@type\":\"ImageObject\",\"inLanguage\":\"es\",\"@id\":\"https:\/\/www.sonoraenequipo.com.mx\/#\/schema\/person\/image\/\",\"url\":\"https:\/\/secure.gravatar.com\/avatar\/049821681b589dabc0bc20695993ccebb09f5b5d4d790cd9251b97faac7c652b?s=96&d=blank&r=g\",\"contentUrl\":\"https:\/\/secure.gravatar.com\/avatar\/049821681b589dabc0bc20695993ccebb09f5b5d4d790cd9251b97faac7c652b?s=96&d=blank&r=g\",\"caption\":\"enequipo\"},\"sameAs\":[\"https:\/\/www.facebook.com\/SonoraEE\"]}]}<\/script>\n ","yoast_head_json":{"title":"Sonora en Equipo. Presenta rector primer informe de labores ante Colegio Acad\u00e9mico Sonora","description":"HERMOSILLO, SONORA. MX. \u2014 Fortalecimiento de las acciones orientadas a la internacionalizaci\u00f3n de las actividades acad\u00e9micas y cient\u00edficas de la En Sonora en Equipo publicamos toda la informaci\u00f3n de Sonora, M\u00e9xico y el Mundo de manera oportuna y busca que la libertad de expresi\u00f3n sea real. Visita nuestro medio informativo publicado desde Hermosillo, Sonora. %","robots":{"index":"index","follow":"follow","max-snippet":"max-snippet:-1","max-image-preview":"max-image-preview:large","max-video-preview":"max-video-preview:-1"},"canonical":"https:\/\/www.sonoraenequipo.com.mx\/presenta-rector-primer-informe-de-labores-ante-colegio-academico\/","og_locale":"es_ES","og_type":"article","og_title":"Sonora en Equipo. Presenta rector primer informe de labores ante Colegio Acad\u00e9mico Sonora","og_description":"HERMOSILLO, SONORA. MX. \u2014 Fortalecimiento de las acciones orientadas a la internacionalizaci\u00f3n de las actividades acad\u00e9micas y cient\u00edficas de la En Sonora en Equipo publicamos toda la informaci\u00f3n de Sonora, M\u00e9xico y el Mundo de manera oportuna y busca que la libertad de expresi\u00f3n sea real. Visita nuestro medio informativo publicado desde Hermosillo, Sonora. %","og_url":"https:\/\/www.sonoraenequipo.com.mx\/presenta-rector-primer-informe-de-labores-ante-colegio-academico\/","og_site_name":"Sonora en Equipo.","article_publisher":"https:\/\/www.facebook.com\/SonoraEE\/","article_author":"https:\/\/www.facebook.com\/SonoraEE","article_published_time":"2018-10-31T04:15:31+00:00","article_modified_time":"2018-10-31T04:45:26+00:00","og_image":[{"width":600,"height":400,"url":"https:\/\/www.sonoraenequipo.com.mx\/storage\/2018\/10\/informerector_opt.jpg","type":"image\/jpeg"}],"author":"enequipo","twitter_card":"summary_large_image","twitter_creator":"@sonoraenequipo","twitter_site":"@sonoraenequipo","twitter_misc":{"Escrito por":"enequipo","Tiempo de lectura":"2 minutos"},"schema":{"@context":"https:\/\/schema.org","@graph":[{"@type":"Article","@id":"https:\/\/www.sonoraenequipo.com.mx\/presenta-rector-primer-informe-de-labores-ante-colegio-academico\/#article","isPartOf":{"@id":"https:\/\/www.sonoraenequipo.com.mx\/presenta-rector-primer-informe-de-labores-ante-colegio-academico\/"},"author":{"name":"enequipo","@id":"https:\/\/www.sonoraenequipo.com.mx\/#\/schema\/person\/50102df0fb23a8fa9e8effad8fa81386"},"headline":"Presenta rector primer informe de labores ante Colegio Acad\u00e9mico","datePublished":"2018-10-31T04:15:31+00:00","dateModified":"2018-10-31T04:45:26+00:00","mainEntityOfPage":{"@id":"https:\/\/www.sonoraenequipo.com.mx\/presenta-rector-primer-informe-de-labores-ante-colegio-academico\/"},"wordCount":426,"commentCount":0,"publisher":{"@id":"https:\/\/www.sonoraenequipo.com.mx\/#organization"},"image":{"@id":"https:\/\/www.sonoraenequipo.com.mx\/presenta-rector-primer-informe-de-labores-ante-colegio-academico\/#primaryimage"},"thumbnailUrl":"https:\/\/www.sonoraenequipo.com.mx\/storage\/2018\/10\/informerector_opt.jpg","articleSection":["Sonora"],"inLanguage":"es","potentialAction":[{"@type":"CommentAction","name":"Comment","target":["https:\/\/www.sonoraenequipo.com.mx\/presenta-rector-primer-informe-de-labores-ante-colegio-academico\/#respond"]}]},{"@type":"WebPage","@id":"https:\/\/www.sonoraenequipo.com.mx\/presenta-rector-primer-informe-de-labores-ante-colegio-academico\/","url":"https:\/\/www.sonoraenequipo.com.mx\/presenta-rector-primer-informe-de-labores-ante-colegio-academico\/","name":"Sonora en Equipo. Presenta rector primer informe de labores ante Colegio Acad\u00e9mico Sonora","isPartOf":{"@id":"https:\/\/www.sonoraenequipo.com.mx\/#website"},"primaryImageOfPage":{"@id":"https:\/\/www.sonoraenequipo.com.mx\/presenta-rector-primer-informe-de-labores-ante-colegio-academico\/#primaryimage"},"image":{"@id":"https:\/\/www.sonoraenequipo.com.mx\/presenta-rector-primer-informe-de-labores-ante-colegio-academico\/#primaryimage"},"thumbnailUrl":"https:\/\/www.sonoraenequipo.com.mx\/storage\/2018\/10\/informerector_opt.jpg","datePublished":"2018-10-31T04:15:31+00:00","dateModified":"2018-10-31T04:45:26+00:00","description":"HERMOSILLO, SONORA. MX. \u2014 Fortalecimiento de las acciones orientadas a la internacionalizaci\u00f3n de las actividades acad\u00e9micas y cient\u00edficas de la En Sonora en Equipo publicamos toda la informaci\u00f3n de Sonora, M\u00e9xico y el Mundo de manera oportuna y busca que la libertad de expresi\u00f3n sea real. Visita nuestro medio informativo publicado desde Hermosillo, Sonora. %","breadcrumb":{"@id":"https:\/\/www.sonoraenequipo.com.mx\/presenta-rector-primer-informe-de-labores-ante-colegio-academico\/#breadcrumb"},"inLanguage":"es","potentialAction":[{"@type":"ReadAction","target":["https:\/\/www.sonoraenequipo.com.mx\/presenta-rector-primer-informe-de-labores-ante-colegio-academico\/"]}]},{"@type":"ImageObject","inLanguage":"es","@id":"https:\/\/www.sonoraenequipo.com.mx\/presenta-rector-primer-informe-de-labores-ante-colegio-academico\/#primaryimage","url":"https:\/\/www.sonoraenequipo.com.mx\/storage\/2018\/10\/informerector_opt.jpg","contentUrl":"https:\/\/www.sonoraenequipo.com.mx\/storage\/2018\/10\/informerector_opt.jpg","width":600,"height":400},{"@type":"BreadcrumbList","@id":"https:\/\/www.sonoraenequipo.com.mx\/presenta-rector-primer-informe-de-labores-ante-colegio-academico\/#breadcrumb","itemListElement":[{"@type":"ListItem","position":1,"name":"Portada","item":"https:\/\/www.sonoraenequipo.com.mx\/"},{"@type":"ListItem","position":2,"name":"Presenta rector primer informe de labores ante Colegio Acad\u00e9mico"}]},{"@type":"WebSite","@id":"https:\/\/www.sonoraenequipo.com.mx\/#website","url":"https:\/\/www.sonoraenequipo.com.mx\/","name":"Sonora en Equipo.","description":"Diario en l\u00ednea con Noticias desde Hermosillo, Sonora","publisher":{"@id":"https:\/\/www.sonoraenequipo.com.mx\/#organization"},"potentialAction":[{"@type":"SearchAction","target":{"@type":"EntryPoint","urlTemplate":"https:\/\/www.sonoraenequipo.com.mx\/?s={search_term_string}"},"query-input":{"@type":"PropertyValueSpecification","valueRequired":true,"valueName":"search_term_string"}}],"inLanguage":"es"},{"@type":"Organization","@id":"https:\/\/www.sonoraenequipo.com.mx\/#organization","name":"Sonoraenequipo.com.mx","url":"https:\/\/www.sonoraenequipo.com.mx\/","logo":{"@type":"ImageObject","inLanguage":"es","@id":"https:\/\/www.sonoraenequipo.com.mx\/#\/schema\/logo\/image\/","url":"https:\/\/www.sonoraenequipo.com.mx\/storage\/2019\/01\/sonoraenequipo_opt.png","contentUrl":"https:\/\/www.sonoraenequipo.com.mx\/storage\/2019\/01\/sonoraenequipo_opt.png","width":375,"height":125,"caption":"Sonoraenequipo.com.mx"},"image":{"@id":"https:\/\/www.sonoraenequipo.com.mx\/#\/schema\/logo\/image\/"},"sameAs":["https:\/\/www.facebook.com\/SonoraEE\/","https:\/\/x.com\/sonoraenequipo","https:\/\/www.youtube.com\/channel\/UC338nW-lPEYmJQs4ZABQ1SQ"]},{"@type":"Person","@id":"https:\/\/www.sonoraenequipo.com.mx\/#\/schema\/person\/50102df0fb23a8fa9e8effad8fa81386","name":"enequipo","image":{"@type":"ImageObject","inLanguage":"es","@id":"https:\/\/www.sonoraenequipo.com.mx\/#\/schema\/person\/image\/","url":"https:\/\/secure.gravatar.com\/avatar\/049821681b589dabc0bc20695993ccebb09f5b5d4d790cd9251b97faac7c652b?s=96&d=blank&r=g","contentUrl":"https:\/\/secure.gravatar.com\/avatar\/049821681b589dabc0bc20695993ccebb09f5b5d4d790cd9251b97faac7c652b?s=96&d=blank&r=g","caption":"enequipo"},"sameAs":["https:\/\/www.facebook.com\/SonoraEE"]}]}},"jetpack_featured_media_url":"https:\/\/www.sonoraenequipo.com.mx\/storage\/2018\/10\/informerector_opt.jpg","_links":{"self":[{"href":"https:\/\/www.sonoraenequipo.com.mx\/api\/wp\/v2\/posts\/47764","targetHints":{"allow":["GET"]}}],"collection":[{"href":"https:\/\/www.sonoraenequipo.com.mx\/api\/wp\/v2\/posts"}],"about":[{"href":"https:\/\/www.sonoraenequipo.com.mx\/api\/wp\/v2\/types\/post"}],"author":[{"embeddable":true,"href":"https:\/\/www.sonoraenequipo.com.mx\/api\/wp\/v2\/users\/1"}],"replies":[{"embeddable":true,"href":"https:\/\/www.sonoraenequipo.com.mx\/api\/wp\/v2\/comments?post=47764"}],"version-history":[{"count":0,"href":"https:\/\/www.sonoraenequipo.com.mx\/api\/wp\/v2\/posts\/47764\/revisions"}],"wp:featuredmedia":[{"embeddable":true,"href":"https:\/\/www.sonoraenequipo.com.mx\/api\/wp\/v2\/media\/47753"}],"wp:attachment":[{"href":"https:\/\/www.sonoraenequipo.com.mx\/api\/wp\/v2\/media?parent=47764"}],"wp:term":[{"taxonomy":"category","embeddable":true,"href":"https:\/\/www.sonoraenequipo.com.mx\/api\/wp\/v2\/categories?post=47764"},{"taxonomy":"post_tag","embeddable":true,"href":"https:\/\/www.sonoraenequipo.com.mx\/api\/wp\/v2\/tags?post=47764"}],"curies":[{"name":"wp","href":"https:\/\/api.w.org\/{rel}","templated":true}]}}