{"id":49090,"date":"2018-11-21T17:17:49","date_gmt":"2018-11-22T00:17:49","guid":{"rendered":"http:\/\/www.sonoraenequipo.com.mx\/?p=49090"},"modified":"2018-11-21T17:33:01","modified_gmt":"2018-11-22T00:33:01","slug":"confirman-mensaje-y-como-sera-la-toma-de-posesion-de-amlo","status":"publish","type":"post","link":"https:\/\/www.sonoraenequipo.com.mx\/confirman-mensaje-y-como-sera-la-toma-de-posesion-de-amlo\/","title":{"rendered":"Confirman mensaje y c\u00f3mo ser\u00e1 la toma de posesi\u00f3n de AMLO"},"content":{"rendered":"<p>CIUDAD DE M\u00c9XICO. MX. \u2014 Luego de rendir protesta como Presidente, Andr\u00e9s Manuel L\u00f3pez Obrador dar\u00e1 un mensaje a la Naci\u00f3n desde la tribuna de la C\u00e1mara de Diputados, confirm\u00f3 Mario Delgado, coordinador de la bancada de Morena. <\/p>\n<p>En el formato de la ceremonia del 1 de diciembre, dijo, est\u00e1 considerado el discurso del nuevo Presidente, lo cual no hab\u00eda sucedido desde la toma de protesta de Vicente Fox.<\/p>\n<p>Hace 12 a\u00f1os, Felipe Calder\u00f3n tuvo una accidentada ceremonia ante los intentos de la izquierda por impedir su toma de protesta, con lo que el ex panista entr\u00f3 y sali\u00f3 r\u00e1pidamente del recinto, sin dar un discurso ante el Congres<\/p>\n<p>La ceremonia en la que asumi\u00f3 Enrique Pe\u00f1a Nieto fue m\u00e1s institucional, y rindi\u00f3 protesta y recibi\u00f3 la banda presidencial que portaba Felipe Calder\u00f3n.<\/p>\n<p>Sin embargo, Pe\u00f1o Nieto no dio ning\u00fan mensaje porque hab\u00eda el enojo de los partidos de izquierda por el caso de presunto financiamiento il\u00edcito al PRI, por medio de tarjetas electr\u00f3nicas.<\/p>\n<p>Delgado asegur\u00f3 que esta vez hay otras condiciones pol\u00edticas, que permitir\u00e1n una ceremonia completamente diferente.<\/p>\n<p><em>\u00abAhora tenemos un Presidente con una gran legitimidad, la mayor en la historia, no hay duda de que es Presidente de todos los mexicanos, no hay disputa como la hubo en 2006. El Pa\u00eds est\u00e1 en otra condici\u00f3n, estoy seguro todos van a tener un comportamiento respetuoso, republicano, a la altura del momento hist\u00f3rico que tiene el Pa\u00eds\u00bb<\/em>.<\/p>\n<p>El coordinador coment\u00f3 que se ha hablado con diputados del PAN y PRI para tener una ceremonia respetuosa, ante eventuales protestas de legisladores panistas por la presencia del Presidente de Venezuela, Nicol\u00e1s Maduro.<\/p>\n<p><em>\u00abEstamos haciendo un llamado a la civilidad pol\u00edtica, a tener un acto serio, republicano, institucional, respetuoso\u00bb,<\/em> declar\u00f3 tras una reuni\u00f3n entre los Presidentes de la C\u00e1mara de Diputados y del Senado, Porfirio Mu\u00f1oz Ledo y Mart\u00ed Batres, en la que particip\u00f3 el futuro Canciller Marcelo Ebrard.<\/p>\n<p>Delgado resalt\u00f3 que los ojos de todo el mundo estar\u00e1n puestos en M\u00e9xico ese d\u00eda, por lo que, si un grupo de legisladores quiere hacer desfiguros, all\u00e1 ellos.<\/p>\n<p>(FECHA DE PUBLICACI\u00d3N.21\/11\/2018 \/\/<\/p>\n","protected":false},"excerpt":{"rendered":"<p>CIUDAD DE M\u00c9XICO. MX. \u2014 Luego de rendir protesta como Presidente, Andr\u00e9s Manuel L\u00f3pez Obrador&#8230;<\/p>\n","protected":false},"author":1,"featured_media":49093,"comment_status":"open","ping_status":"open","sticky":false,"template":"","format":"standard","meta":{"_monsterinsights_skip_tracking":false,"_monsterinsights_sitenote_active":false,"_monsterinsights_sitenote_note":"","_monsterinsights_sitenote_category":0,"footnotes":""},"categories":[5],"tags":[],"class_list":["post"],"yoast_head":" \n<title>Sonora en Equipo. Confirman mensaje y c\u00f3mo ser\u00e1 la toma de posesi\u00f3n de AMLO Rep\u00fablica<\/title>\n<meta name=\"description\" content=\"CIUDAD DE M\u00c9XICO. MX. \u2014 Luego de rendir protesta como Presidente, Andr\u00e9s Manuel L\u00f3pez Obrador dar\u00e1 un mensaje a la Naci\u00f3n desde la tribuna de la C\u00e1mara de En Sonora en Equipo publicamos toda la informaci\u00f3n de Sonora, M\u00e9xico y el Mundo de manera oportuna y busca que la libertad de expresi\u00f3n sea real. Visita nuestro medio informativo publicado desde Hermosillo, Sonora. %\" \/>\n<meta name=\"robots\" content=\"index, follow, max-snippet:-1, max-image-preview:large, max-video-preview:-1\" \/>\n<link rel=\"canonical\" href=\"https:\/\/www.sonoraenequipo.com.mx\/confirman-mensaje-y-como-sera-la-toma-de-posesion-de-amlo\/\" \/>\n<meta property=\"og:locale\" content=\"es_ES\" \/>\n<meta property=\"og:type\" content=\"article\" \/>\n<meta property=\"og:title\" content=\"Sonora en Equipo. Confirman mensaje y c\u00f3mo ser\u00e1 la toma de posesi\u00f3n de AMLO Rep\u00fablica\" \/>\n<meta property=\"og:description\" content=\"CIUDAD DE M\u00c9XICO. MX. \u2014 Luego de rendir protesta como Presidente, Andr\u00e9s Manuel L\u00f3pez Obrador dar\u00e1 un mensaje a la Naci\u00f3n desde la tribuna de la C\u00e1mara de En Sonora en Equipo publicamos toda la informaci\u00f3n de Sonora, M\u00e9xico y el Mundo de manera oportuna y busca que la libertad de expresi\u00f3n sea real. Visita nuestro medio informativo publicado desde Hermosillo, Sonora. %\" \/>\n<meta property=\"og:url\" content=\"https:\/\/www.sonoraenequipo.com.mx\/confirman-mensaje-y-como-sera-la-toma-de-posesion-de-amlo\/\" \/>\n<meta property=\"og:site_name\" content=\"Sonora en Equipo.\" \/>\n<meta property=\"article:publisher\" content=\"https:\/\/www.facebook.com\/SonoraEE\/\" \/>\n<meta property=\"article:author\" content=\"https:\/\/www.facebook.com\/SonoraEE\" \/>\n<meta property=\"article:published_time\" content=\"2018-11-22T00:17:49+00:00\" \/>\n<meta property=\"article:modified_time\" content=\"2018-11-22T00:33:01+00:00\" \/>\n<meta property=\"og:image\" content=\"https:\/\/www.sonoraenequipo.com.mx\/storage\/2018\/11\/amlo21_opt.jpg\" \/>\n\t<meta property=\"og:image:width\" content=\"653\" \/>\n\t<meta property=\"og:image:height\" content=\"344\" \/>\n\t<meta property=\"og:image:type\" content=\"image\/jpeg\" \/>\n<meta name=\"author\" content=\"enequipo\" \/>\n<meta name=\"twitter:card\" content=\"summary_large_image\" \/>\n<meta name=\"twitter:creator\" content=\"@sonoraenequipo\" \/>\n<meta name=\"twitter:site\" content=\"@sonoraenequipo\" \/>\n<meta name=\"twitter:label1\" content=\"Escrito por\" \/>\n\t<meta name=\"twitter:data1\" content=\"enequipo\" \/>\n\t<meta name=\"twitter:label2\" content=\"Tiempo de lectura\" \/>\n\t<meta name=\"twitter:data2\" content=\"2 minutos\" \/>\n<script type=\"application\/ld+json\" class=\"yoast-schema-graph\">{\"@context\":\"https:\/\/schema.org\",\"@graph\":[{\"@type\":\"Article\",\"@id\":\"https:\/\/www.sonoraenequipo.com.mx\/confirman-mensaje-y-como-sera-la-toma-de-posesion-de-amlo\/#article\",\"isPartOf\":{\"@id\":\"https:\/\/www.sonoraenequipo.com.mx\/confirman-mensaje-y-como-sera-la-toma-de-posesion-de-amlo\/\"},\"author\":{\"name\":\"enequipo\",\"@id\":\"https:\/\/www.sonoraenequipo.com.mx\/#\/schema\/person\/50102df0fb23a8fa9e8effad8fa81386\"},\"headline\":\"Confirman mensaje y c\u00f3mo ser\u00e1 la toma de posesi\u00f3n de AMLO\",\"datePublished\":\"2018-11-22T00:17:49+00:00\",\"dateModified\":\"2018-11-22T00:33:01+00:00\",\"mainEntityOfPage\":{\"@id\":\"https:\/\/www.sonoraenequipo.com.mx\/confirman-mensaje-y-como-sera-la-toma-de-posesion-de-amlo\/\"},\"wordCount\":388,\"commentCount\":0,\"publisher\":{\"@id\":\"https:\/\/www.sonoraenequipo.com.mx\/#organization\"},\"image\":{\"@id\":\"https:\/\/www.sonoraenequipo.com.mx\/confirman-mensaje-y-como-sera-la-toma-de-posesion-de-amlo\/#primaryimage\"},\"thumbnailUrl\":\"https:\/\/www.sonoraenequipo.com.mx\/storage\/2018\/11\/amlo21_opt.jpg\",\"articleSection\":[\"Rep\u00fablica\"],\"inLanguage\":\"es\",\"potentialAction\":[{\"@type\":\"CommentAction\",\"name\":\"Comment\",\"target\":[\"https:\/\/www.sonoraenequipo.com.mx\/confirman-mensaje-y-como-sera-la-toma-de-posesion-de-amlo\/#respond\"]}]},{\"@type\":\"WebPage\",\"@id\":\"https:\/\/www.sonoraenequipo.com.mx\/confirman-mensaje-y-como-sera-la-toma-de-posesion-de-amlo\/\",\"url\":\"https:\/\/www.sonoraenequipo.com.mx\/confirman-mensaje-y-como-sera-la-toma-de-posesion-de-amlo\/\",\"name\":\"Sonora en Equipo. Confirman mensaje y c\u00f3mo ser\u00e1 la toma de posesi\u00f3n de AMLO Rep\u00fablica\",\"isPartOf\":{\"@id\":\"https:\/\/www.sonoraenequipo.com.mx\/#website\"},\"primaryImageOfPage\":{\"@id\":\"https:\/\/www.sonoraenequipo.com.mx\/confirman-mensaje-y-como-sera-la-toma-de-posesion-de-amlo\/#primaryimage\"},\"image\":{\"@id\":\"https:\/\/www.sonoraenequipo.com.mx\/confirman-mensaje-y-como-sera-la-toma-de-posesion-de-amlo\/#primaryimage\"},\"thumbnailUrl\":\"https:\/\/www.sonoraenequipo.com.mx\/storage\/2018\/11\/amlo21_opt.jpg\",\"datePublished\":\"2018-11-22T00:17:49+00:00\",\"dateModified\":\"2018-11-22T00:33:01+00:00\",\"description\":\"CIUDAD DE M\u00c9XICO. MX. \u2014 Luego de rendir protesta como Presidente, Andr\u00e9s Manuel L\u00f3pez Obrador dar\u00e1 un mensaje a la Naci\u00f3n desde la tribuna de la C\u00e1mara de En Sonora en Equipo publicamos toda la informaci\u00f3n de Sonora, M\u00e9xico y el Mundo de manera oportuna y busca que la libertad de expresi\u00f3n sea real. Visita nuestro medio informativo publicado desde Hermosillo, Sonora. %\",\"breadcrumb\":{\"@id\":\"https:\/\/www.sonoraenequipo.com.mx\/confirman-mensaje-y-como-sera-la-toma-de-posesion-de-amlo\/#breadcrumb\"},\"inLanguage\":\"es\",\"potentialAction\":[{\"@type\":\"ReadAction\",\"target\":[\"https:\/\/www.sonoraenequipo.com.mx\/confirman-mensaje-y-como-sera-la-toma-de-posesion-de-amlo\/\"]}]},{\"@type\":\"ImageObject\",\"inLanguage\":\"es\",\"@id\":\"https:\/\/www.sonoraenequipo.com.mx\/confirman-mensaje-y-como-sera-la-toma-de-posesion-de-amlo\/#primaryimage\",\"url\":\"https:\/\/www.sonoraenequipo.com.mx\/storage\/2018\/11\/amlo21_opt.jpg\",\"contentUrl\":\"https:\/\/www.sonoraenequipo.com.mx\/storage\/2018\/11\/amlo21_opt.jpg\",\"width\":653,\"height\":344},{\"@type\":\"BreadcrumbList\",\"@id\":\"https:\/\/www.sonoraenequipo.com.mx\/confirman-mensaje-y-como-sera-la-toma-de-posesion-de-amlo\/#breadcrumb\",\"itemListElement\":[{\"@type\":\"ListItem\",\"position\":1,\"name\":\"Portada\",\"item\":\"https:\/\/www.sonoraenequipo.com.mx\/\"},{\"@type\":\"ListItem\",\"position\":2,\"name\":\"Confirman mensaje y c\u00f3mo ser\u00e1 la toma de posesi\u00f3n de AMLO\"}]},{\"@type\":\"WebSite\",\"@id\":\"https:\/\/www.sonoraenequipo.com.mx\/#website\",\"url\":\"https:\/\/www.sonoraenequipo.com.mx\/\",\"name\":\"Sonora en Equipo.\",\"description\":\"Diario en l\u00ednea con Noticias desde Hermosillo, Sonora\",\"publisher\":{\"@id\":\"https:\/\/www.sonoraenequipo.com.mx\/#organization\"},\"potentialAction\":[{\"@type\":\"SearchAction\",\"target\":{\"@type\":\"EntryPoint\",\"urlTemplate\":\"https:\/\/www.sonoraenequipo.com.mx\/?s={search_term_string}\"},\"query-input\":{\"@type\":\"PropertyValueSpecification\",\"valueRequired\":true,\"valueName\":\"search_term_string\"}}],\"inLanguage\":\"es\"},{\"@type\":\"Organization\",\"@id\":\"https:\/\/www.sonoraenequipo.com.mx\/#organization\",\"name\":\"Sonoraenequipo.com.mx\",\"url\":\"https:\/\/www.sonoraenequipo.com.mx\/\",\"logo\":{\"@type\":\"ImageObject\",\"inLanguage\":\"es\",\"@id\":\"https:\/\/www.sonoraenequipo.com.mx\/#\/schema\/logo\/image\/\",\"url\":\"https:\/\/www.sonoraenequipo.com.mx\/storage\/2019\/01\/sonoraenequipo_opt.png\",\"contentUrl\":\"https:\/\/www.sonoraenequipo.com.mx\/storage\/2019\/01\/sonoraenequipo_opt.png\",\"width\":375,\"height\":125,\"caption\":\"Sonoraenequipo.com.mx\"},\"image\":{\"@id\":\"https:\/\/www.sonoraenequipo.com.mx\/#\/schema\/logo\/image\/\"},\"sameAs\":[\"https:\/\/www.facebook.com\/SonoraEE\/\",\"https:\/\/x.com\/sonoraenequipo\",\"https:\/\/www.youtube.com\/channel\/UC338nW-lPEYmJQs4ZABQ1SQ\"]},{\"@type\":\"Person\",\"@id\":\"https:\/\/www.sonoraenequipo.com.mx\/#\/schema\/person\/50102df0fb23a8fa9e8effad8fa81386\",\"name\":\"enequipo\",\"image\":{\"@type\":\"ImageObject\",\"inLanguage\":\"es\",\"@id\":\"https:\/\/www.sonoraenequipo.com.mx\/#\/schema\/person\/image\/\",\"url\":\"https:\/\/secure.gravatar.com\/avatar\/049821681b589dabc0bc20695993ccebb09f5b5d4d790cd9251b97faac7c652b?s=96&d=blank&r=g\",\"contentUrl\":\"https:\/\/secure.gravatar.com\/avatar\/049821681b589dabc0bc20695993ccebb09f5b5d4d790cd9251b97faac7c652b?s=96&d=blank&r=g\",\"caption\":\"enequipo\"},\"sameAs\":[\"https:\/\/www.facebook.com\/SonoraEE\"]}]}<\/script>\n ","yoast_head_json":{"title":"Sonora en Equipo. Confirman mensaje y c\u00f3mo ser\u00e1 la toma de posesi\u00f3n de AMLO Rep\u00fablica","description":"CIUDAD DE M\u00c9XICO. MX. \u2014 Luego de rendir protesta como Presidente, Andr\u00e9s Manuel L\u00f3pez Obrador dar\u00e1 un mensaje a la Naci\u00f3n desde la tribuna de la C\u00e1mara de En Sonora en Equipo publicamos toda la informaci\u00f3n de Sonora, M\u00e9xico y el Mundo de manera oportuna y busca que la libertad de expresi\u00f3n sea real. Visita nuestro medio informativo publicado desde Hermosillo, Sonora. %","robots":{"index":"index","follow":"follow","max-snippet":"max-snippet:-1","max-image-preview":"max-image-preview:large","max-video-preview":"max-video-preview:-1"},"canonical":"https:\/\/www.sonoraenequipo.com.mx\/confirman-mensaje-y-como-sera-la-toma-de-posesion-de-amlo\/","og_locale":"es_ES","og_type":"article","og_title":"Sonora en Equipo. Confirman mensaje y c\u00f3mo ser\u00e1 la toma de posesi\u00f3n de AMLO Rep\u00fablica","og_description":"CIUDAD DE M\u00c9XICO. MX. \u2014 Luego de rendir protesta como Presidente, Andr\u00e9s Manuel L\u00f3pez Obrador dar\u00e1 un mensaje a la Naci\u00f3n desde la tribuna de la C\u00e1mara de En Sonora en Equipo publicamos toda la informaci\u00f3n de Sonora, M\u00e9xico y el Mundo de manera oportuna y busca que la libertad de expresi\u00f3n sea real. Visita nuestro medio informativo publicado desde Hermosillo, Sonora. %","og_url":"https:\/\/www.sonoraenequipo.com.mx\/confirman-mensaje-y-como-sera-la-toma-de-posesion-de-amlo\/","og_site_name":"Sonora en Equipo.","article_publisher":"https:\/\/www.facebook.com\/SonoraEE\/","article_author":"https:\/\/www.facebook.com\/SonoraEE","article_published_time":"2018-11-22T00:17:49+00:00","article_modified_time":"2018-11-22T00:33:01+00:00","og_image":[{"width":653,"height":344,"url":"https:\/\/www.sonoraenequipo.com.mx\/storage\/2018\/11\/amlo21_opt.jpg","type":"image\/jpeg"}],"author":"enequipo","twitter_card":"summary_large_image","twitter_creator":"@sonoraenequipo","twitter_site":"@sonoraenequipo","twitter_misc":{"Escrito por":"enequipo","Tiempo de lectura":"2 minutos"},"schema":{"@context":"https:\/\/schema.org","@graph":[{"@type":"Article","@id":"https:\/\/www.sonoraenequipo.com.mx\/confirman-mensaje-y-como-sera-la-toma-de-posesion-de-amlo\/#article","isPartOf":{"@id":"https:\/\/www.sonoraenequipo.com.mx\/confirman-mensaje-y-como-sera-la-toma-de-posesion-de-amlo\/"},"author":{"name":"enequipo","@id":"https:\/\/www.sonoraenequipo.com.mx\/#\/schema\/person\/50102df0fb23a8fa9e8effad8fa81386"},"headline":"Confirman mensaje y c\u00f3mo ser\u00e1 la toma de posesi\u00f3n de AMLO","datePublished":"2018-11-22T00:17:49+00:00","dateModified":"2018-11-22T00:33:01+00:00","mainEntityOfPage":{"@id":"https:\/\/www.sonoraenequipo.com.mx\/confirman-mensaje-y-como-sera-la-toma-de-posesion-de-amlo\/"},"wordCount":388,"commentCount":0,"publisher":{"@id":"https:\/\/www.sonoraenequipo.com.mx\/#organization"},"image":{"@id":"https:\/\/www.sonoraenequipo.com.mx\/confirman-mensaje-y-como-sera-la-toma-de-posesion-de-amlo\/#primaryimage"},"thumbnailUrl":"https:\/\/www.sonoraenequipo.com.mx\/storage\/2018\/11\/amlo21_opt.jpg","articleSection":["Rep\u00fablica"],"inLanguage":"es","potentialAction":[{"@type":"CommentAction","name":"Comment","target":["https:\/\/www.sonoraenequipo.com.mx\/confirman-mensaje-y-como-sera-la-toma-de-posesion-de-amlo\/#respond"]}]},{"@type":"WebPage","@id":"https:\/\/www.sonoraenequipo.com.mx\/confirman-mensaje-y-como-sera-la-toma-de-posesion-de-amlo\/","url":"https:\/\/www.sonoraenequipo.com.mx\/confirman-mensaje-y-como-sera-la-toma-de-posesion-de-amlo\/","name":"Sonora en Equipo. Confirman mensaje y c\u00f3mo ser\u00e1 la toma de posesi\u00f3n de AMLO Rep\u00fablica","isPartOf":{"@id":"https:\/\/www.sonoraenequipo.com.mx\/#website"},"primaryImageOfPage":{"@id":"https:\/\/www.sonoraenequipo.com.mx\/confirman-mensaje-y-como-sera-la-toma-de-posesion-de-amlo\/#primaryimage"},"image":{"@id":"https:\/\/www.sonoraenequipo.com.mx\/confirman-mensaje-y-como-sera-la-toma-de-posesion-de-amlo\/#primaryimage"},"thumbnailUrl":"https:\/\/www.sonoraenequipo.com.mx\/storage\/2018\/11\/amlo21_opt.jpg","datePublished":"2018-11-22T00:17:49+00:00","dateModified":"2018-11-22T00:33:01+00:00","description":"CIUDAD DE M\u00c9XICO. MX. \u2014 Luego de rendir protesta como Presidente, Andr\u00e9s Manuel L\u00f3pez Obrador dar\u00e1 un mensaje a la Naci\u00f3n desde la tribuna de la C\u00e1mara de En Sonora en Equipo publicamos toda la informaci\u00f3n de Sonora, M\u00e9xico y el Mundo de manera oportuna y busca que la libertad de expresi\u00f3n sea real. Visita nuestro medio informativo publicado desde Hermosillo, Sonora. %","breadcrumb":{"@id":"https:\/\/www.sonoraenequipo.com.mx\/confirman-mensaje-y-como-sera-la-toma-de-posesion-de-amlo\/#breadcrumb"},"inLanguage":"es","potentialAction":[{"@type":"ReadAction","target":["https:\/\/www.sonoraenequipo.com.mx\/confirman-mensaje-y-como-sera-la-toma-de-posesion-de-amlo\/"]}]},{"@type":"ImageObject","inLanguage":"es","@id":"https:\/\/www.sonoraenequipo.com.mx\/confirman-mensaje-y-como-sera-la-toma-de-posesion-de-amlo\/#primaryimage","url":"https:\/\/www.sonoraenequipo.com.mx\/storage\/2018\/11\/amlo21_opt.jpg","contentUrl":"https:\/\/www.sonoraenequipo.com.mx\/storage\/2018\/11\/amlo21_opt.jpg","width":653,"height":344},{"@type":"BreadcrumbList","@id":"https:\/\/www.sonoraenequipo.com.mx\/confirman-mensaje-y-como-sera-la-toma-de-posesion-de-amlo\/#breadcrumb","itemListElement":[{"@type":"ListItem","position":1,"name":"Portada","item":"https:\/\/www.sonoraenequipo.com.mx\/"},{"@type":"ListItem","position":2,"name":"Confirman mensaje y c\u00f3mo ser\u00e1 la toma de posesi\u00f3n de AMLO"}]},{"@type":"WebSite","@id":"https:\/\/www.sonoraenequipo.com.mx\/#website","url":"https:\/\/www.sonoraenequipo.com.mx\/","name":"Sonora en Equipo.","description":"Diario en l\u00ednea con Noticias desde Hermosillo, Sonora","publisher":{"@id":"https:\/\/www.sonoraenequipo.com.mx\/#organization"},"potentialAction":[{"@type":"SearchAction","target":{"@type":"EntryPoint","urlTemplate":"https:\/\/www.sonoraenequipo.com.mx\/?s={search_term_string}"},"query-input":{"@type":"PropertyValueSpecification","valueRequired":true,"valueName":"search_term_string"}}],"inLanguage":"es"},{"@type":"Organization","@id":"https:\/\/www.sonoraenequipo.com.mx\/#organization","name":"Sonoraenequipo.com.mx","url":"https:\/\/www.sonoraenequipo.com.mx\/","logo":{"@type":"ImageObject","inLanguage":"es","@id":"https:\/\/www.sonoraenequipo.com.mx\/#\/schema\/logo\/image\/","url":"https:\/\/www.sonoraenequipo.com.mx\/storage\/2019\/01\/sonoraenequipo_opt.png","contentUrl":"https:\/\/www.sonoraenequipo.com.mx\/storage\/2019\/01\/sonoraenequipo_opt.png","width":375,"height":125,"caption":"Sonoraenequipo.com.mx"},"image":{"@id":"https:\/\/www.sonoraenequipo.com.mx\/#\/schema\/logo\/image\/"},"sameAs":["https:\/\/www.facebook.com\/SonoraEE\/","https:\/\/x.com\/sonoraenequipo","https:\/\/www.youtube.com\/channel\/UC338nW-lPEYmJQs4ZABQ1SQ"]},{"@type":"Person","@id":"https:\/\/www.sonoraenequipo.com.mx\/#\/schema\/person\/50102df0fb23a8fa9e8effad8fa81386","name":"enequipo","image":{"@type":"ImageObject","inLanguage":"es","@id":"https:\/\/www.sonoraenequipo.com.mx\/#\/schema\/person\/image\/","url":"https:\/\/secure.gravatar.com\/avatar\/049821681b589dabc0bc20695993ccebb09f5b5d4d790cd9251b97faac7c652b?s=96&d=blank&r=g","contentUrl":"https:\/\/secure.gravatar.com\/avatar\/049821681b589dabc0bc20695993ccebb09f5b5d4d790cd9251b97faac7c652b?s=96&d=blank&r=g","caption":"enequipo"},"sameAs":["https:\/\/www.facebook.com\/SonoraEE"]}]}},"jetpack_featured_media_url":"https:\/\/www.sonoraenequipo.com.mx\/storage\/2018\/11\/amlo21_opt.jpg","_links":{"self":[{"href":"https:\/\/www.sonoraenequipo.com.mx\/api\/wp\/v2\/posts\/49090","targetHints":{"allow":["GET"]}}],"collection":[{"href":"https:\/\/www.sonoraenequipo.com.mx\/api\/wp\/v2\/posts"}],"about":[{"href":"https:\/\/www.sonoraenequipo.com.mx\/api\/wp\/v2\/types\/post"}],"author":[{"embeddable":true,"href":"https:\/\/www.sonoraenequipo.com.mx\/api\/wp\/v2\/users\/1"}],"replies":[{"embeddable":true,"href":"https:\/\/www.sonoraenequipo.com.mx\/api\/wp\/v2\/comments?post=49090"}],"version-history":[{"count":0,"href":"https:\/\/www.sonoraenequipo.com.mx\/api\/wp\/v2\/posts\/49090\/revisions"}],"wp:featuredmedia":[{"embeddable":true,"href":"https:\/\/www.sonoraenequipo.com.mx\/api\/wp\/v2\/media\/49093"}],"wp:attachment":[{"href":"https:\/\/www.sonoraenequipo.com.mx\/api\/wp\/v2\/media?parent=49090"}],"wp:term":[{"taxonomy":"category","embeddable":true,"href":"https:\/\/www.sonoraenequipo.com.mx\/api\/wp\/v2\/categories?post=49090"},{"taxonomy":"post_tag","embeddable":true,"href":"https:\/\/www.sonoraenequipo.com.mx\/api\/wp\/v2\/tags?post=49090"}],"curies":[{"name":"wp","href":"https:\/\/api.w.org\/{rel}","templated":true}]}}