{"id":49097,"date":"2018-11-21T22:35:50","date_gmt":"2018-11-22T05:35:50","guid":{"rendered":"http:\/\/www.sonoraenequipo.com.mx\/?p=49097"},"modified":"2018-11-21T22:54:42","modified_gmt":"2018-11-22T05:54:42","slug":"formalmente-instaladas-comisiones-de-energia-medio-ambiente-y-cambio-climatico-y-mineria","status":"publish","type":"post","link":"https:\/\/www.sonoraenequipo.com.mx\/formalmente-instaladas-comisiones-de-energia-medio-ambiente-y-cambio-climatico-y-mineria\/","title":{"rendered":"Formalmente instaladas comisiones de Energ\u00eda, Medio Ambiente y Cambio Clim\u00e1tico, y Miner\u00eda"},"content":{"rendered":"<p>HERMOSILLO, SONORA. MX. \u2014 Formalmente instaladas quedaron las comisiones de Energ\u00eda, Medio Ambiente y Cambio Clim\u00e1tico, y de Miner\u00eda, respectivamente, cuyos integrantes se comprometieron a trabajar a favor de la sustentabilidad ambiental, el desarrollo econ\u00f3mico, social y cultural de los habitantes de Sonora.<\/p>\n<p> <\/p>\n<p>En primer t\u00e9rmino se instal\u00f3 la Comisi\u00f3n de Energ\u00eda, Medio Ambiente y Cambio Clim\u00e1tico, cuyo presidente, diputado Luis Mario Rivera Aguilar, inform\u00f3 que el objetivo es orientar los trabajos con la intenci\u00f3n de que todos los actores involucrados en las pol\u00edticas p\u00fablicas medioambientales puedan aportar su conocimiento, cada uno desde su trinchera.<\/p>\n<p><em>\u201cLas consecuencias que genera un contexto de degradaci\u00f3n ambiental reclaman la b\u00fasqueda de estrategias de desarrollo que garanticen la sustentabilidad del recurso, por lo que el inter\u00e9s por los recursos naturales en general, y en el agua en lo particular, se vuelve de una importancia estrat\u00e9gica\u201d<\/em>, expres\u00f3.<\/p>\n<p>En el estado de Sonora, \u00c1lamos, B\u00e1cum, Caborca, Etchojoa, Guaymas, San Luis R\u00edo Colorado y Quiriego, forman parte de los 319 municipios del pa\u00eds que se encuentran en situaci\u00f3n de vulnerabilidad grave o muy grave frente al cambio clim\u00e1tico, dijo, sin embargo, no solamente son estos siete municipios, sino los 72 con sus respectivos cabildos, quienes tendr\u00e1n la responsabilidad de implementar los mecanismos necesarios para intentar mitigar sus efectos.<\/p>\n<p><em>\u201cTengan la certeza de que en lo que a esta comisi\u00f3n respecta y sea competencia de esta Soberan\u00eda, haremos lo pertinente para que en el mediano plazo, todos esos mecanismos est\u00e9n funcionando\u201d,<\/em> asever\u00f3 el Presidente de la Comisi\u00f3n de Energ\u00eda, Medio Ambiente y Cambio Clim\u00e1tico.<\/p>\n<p>Los secretarios de esta dictaminadora, diputados Carlos Navarrete Aguirre, Miguel \u00c1ngel Chaira Ortiz y Norberto Ortega Torres, coincidieron en la importancia de que en el Estado se implementen las regulaciones adecuadas para mitigar los efectos de la contaminaci\u00f3n, y se genere un manejo responsable de los recursos naturales y su conservaci\u00f3n.<\/p>\n<p>Reforestaci\u00f3n de las ciudades, educaci\u00f3n para el cuidado de los \u00e1rboles, remediaci\u00f3n efectiva de los efectos de la contaminaci\u00f3n del R\u00edo Sonora, compensaci\u00f3n a la gente que habita en esa regi\u00f3n y a las especies que se vieron afectadas, colocaci\u00f3n de pasos de fauna, mayor vigilancia ante la caza indiscriminada de animales ex\u00f3ticos, legislar para que las pol\u00edticas p\u00fablicas sean m\u00e1s eficientes, fueron algunas de las propuestas que presentaron invitados a la instalaci\u00f3n.<\/p>\n<p>Tambi\u00e9n se habl\u00f3 sobre la importancia de que se revise la Ley de Protecci\u00f3n Animal aprobada en agosto pasado por el Congreso del Estado, por considerar que en algunos puntos invalida la profesi\u00f3n de veterinario y los m\u00e9todos de investigaci\u00f3n que se utilizan en las universidades, y se hizo la aclaraci\u00f3n de que no buscan crear problemas sino vivir en armon\u00eda para el bienestar de la comunidad.<\/p>\n<p>El diputado Luis Mario Rivera Aguilar consider\u00f3 que las propuestas recibidas representan material suficiente para establecer una agenda de trabajo, por lo que confi\u00f3 que este sea el inicio de una gran colaboraci\u00f3n para trabajar por el bienestar social, el medio ambiente, el desarrollo econ\u00f3mico y social, ya que las pol\u00edticas verdes son transversales al incidir en todos los sectores.<\/p>\n<p>Asistieron representantes de la Coordinaci\u00f3n de Infraestructura y Desarrollo Urbano, CIDUE, de Hermosillo, de la Red Ambiental que agrupa a 23 asociaciones civiles, de la organizaci\u00f3n Pata de Perro, de la Fundaci\u00f3n 72, de Naturalia, del Colegio de Veterinarios, de la UNISON y de Pro Fauna, A.C.<\/p>\n<h3>Miner\u00eda con sustentabilidad<\/h3>\n<p>Con un llamado a legislar en pro del medio ambiente, de los trabajadores y de los habitantes de las regiones mineras, el diputado Carlos Navarrete Aguirre declar\u00f3 formalmente instalados los trabajos de la Comisi\u00f3n de Miner\u00eda, en la que fungen como secretarios los diputados Mar\u00eda Alicia Gayt\u00e1n S\u00e1nchez, Gricelda Lorena Soto Almada, Magdalena Uribe Pe\u00f1a, Orlando Salido Rivera, Rosa Icela Mart\u00ednez Espinoza, Ferm\u00edn Trujillo Fuentes y Luis Mario Rivera Aguilar.<\/p>\n<p><em><img loading=\"lazy\" decoding=\"async\" class=\"x-left size-medium \" src=\"http:\/\/www.sonoraenequipo.com.mx\/storage\/2018\/11\/mineria_opt-600x292.jpg\" alt=\"\" width=\"600\" height=\"292\">\u201cTambi\u00e9n debemos estar al pendiente de que haya justicia entre los protagonistas mineros, sindicatos, empresarios, gobiernos y a que las condiciones sean \u00f3ptimas para la armon\u00eda econ\u00f3mica, laboral y de productividad, adem\u00e1s vigilaremos que la actual normatividad se respete al pie de la letra\u201d<\/em>, expres\u00f3 el presidente de la dictaminadora.<\/p>\n<p>Reconoci\u00f3 que sin lugar a dudas la Miner\u00eda ha tomado una gran relevancia en la econom\u00eda del Estado y del pa\u00eds, puesto que Sonora es el principal productor de cobre, grafito, carb\u00f3n y el \u00fanico productor de molibdeno, adem\u00e1s de producir 24 por ciento del oro del pa\u00eds y ser importante productor de plata, fierro y minerales no met\u00e1licos, como varita, s\u00edlica, yeso y cal, lo que en conjunto hace l\u00edder en productividad minera a la entidad.<\/p>\n<p><em>\u201cLos empresarios mineros no pueden descalificar el amplio personal, que son hombres y mujeres dedicados a sus labores, que hacen que estas empresas mineras se coloquen a niveles internacionales de producci\u00f3n. Si bien es cierto es una gran fuente de empleo, pero debemos ser vigilantes a que los trabajadores mineros tengan sus justas prestaciones y las mejores condiciones laborales, es decir, equiparar las utilidades de las empresas mineras con sueldos justos\u201d<\/em>, asever\u00f3 Navarrete Aguirre.<\/p>\n<p>La Miner\u00eda se ha convertido en la actividad econ\u00f3mica preponderante en 22 municipios de Sonora y la sustentabilidad tiene que ser una realidad en la actividad minera sonorense, dijo, por lo que debe acabar la contaminaci\u00f3n y las empresas contribuir al cuidado del medio ambiente y a la reforestaci\u00f3n.<\/p>\n<p>Los secretarios de la Comisi\u00f3n de Miner\u00eda dieron sus puntos de vista sobre la desigualdad econ\u00f3mica que viven los trabajadores mineros, los da\u00f1os a la flora y fauna que se registra en algunos municipios a causa de la actividad minera, la necesidad de que exista corresponsabilidad social y buscar las regulaciones que permitan acabar con la contaminaci\u00f3n.<\/p>\n<p>El diputado Navarrete Aguirre agreg\u00f3 que otro de los objetivos es realizar las gestiones para que se construya un hospital que atienda exclusivamente a ni\u00f1os que padezcan leucemia y adultos con c\u00e1ncer, enfermedades que son consecuencia de los altos niveles de contaminaci\u00f3n que ha dejado esta actividad en lugares como Cananea, dijo.<\/p>\n<p>Estuvieron como invitados el director de Miner\u00eda de la Secretar\u00eda de Econom\u00eda, Alberto L\u00f3pez Santoyo, y la directora jur\u00eddica de dicha dependencia, Mar\u00eda Guadalupe Gaona \u00c1vila.<\/p>\n<p>(FECHA DE PUBLICACI\u00d3N.21\/11\/2018 \/\/<\/p>\n","protected":false},"excerpt":{"rendered":"<p>HERMOSILLO, SONORA. MX. \u2014 Formalmente instaladas quedaron las comisiones de Energ\u00eda, Medio Ambiente y Cambio&#8230;<\/p>\n","protected":false},"author":1,"featured_media":49098,"comment_status":"open","ping_status":"open","sticky":false,"template":"","format":"standard","meta":{"_monsterinsights_skip_tracking":false,"_monsterinsights_sitenote_active":false,"_monsterinsights_sitenote_note":"","_monsterinsights_sitenote_category":0,"footnotes":""},"categories":[22],"tags":[],"class_list":["post"],"yoast_head":" \n<title>Sonora en Equipo. Formalmente instaladas comisiones de Energ\u00eda, Medio Ambiente y Cambio Clim\u00e1tico, y Miner\u00eda Sonora<\/title>\n<meta name=\"description\" content=\"HERMOSILLO, SONORA. MX. \u2014 Formalmente instaladas quedaron las comisiones de Energ\u00eda, Medio Ambiente y Cambio Clim\u00e1tico, y de Miner\u00eda, respectivamente, En Sonora en Equipo publicamos toda la informaci\u00f3n de Sonora, M\u00e9xico y el Mundo de manera oportuna y busca que la libertad de expresi\u00f3n sea real. Visita nuestro medio informativo publicado desde Hermosillo, Sonora. %\" \/>\n<meta name=\"robots\" content=\"index, follow, max-snippet:-1, max-image-preview:large, max-video-preview:-1\" \/>\n<link rel=\"canonical\" href=\"https:\/\/www.sonoraenequipo.com.mx\/formalmente-instaladas-comisiones-de-energia-medio-ambiente-y-cambio-climatico-y-mineria\/\" \/>\n<meta property=\"og:locale\" content=\"es_ES\" \/>\n<meta property=\"og:type\" content=\"article\" \/>\n<meta property=\"og:title\" content=\"Sonora en Equipo. Formalmente instaladas comisiones de Energ\u00eda, Medio Ambiente y Cambio Clim\u00e1tico, y Miner\u00eda Sonora\" \/>\n<meta property=\"og:description\" content=\"HERMOSILLO, SONORA. MX. \u2014 Formalmente instaladas quedaron las comisiones de Energ\u00eda, Medio Ambiente y Cambio Clim\u00e1tico, y de Miner\u00eda, respectivamente, En Sonora en Equipo publicamos toda la informaci\u00f3n de Sonora, M\u00e9xico y el Mundo de manera oportuna y busca que la libertad de expresi\u00f3n sea real. Visita nuestro medio informativo publicado desde Hermosillo, Sonora. %\" \/>\n<meta property=\"og:url\" content=\"https:\/\/www.sonoraenequipo.com.mx\/formalmente-instaladas-comisiones-de-energia-medio-ambiente-y-cambio-climatico-y-mineria\/\" \/>\n<meta property=\"og:site_name\" content=\"Sonora en Equipo.\" \/>\n<meta property=\"article:publisher\" content=\"https:\/\/www.facebook.com\/SonoraEE\/\" \/>\n<meta property=\"article:author\" content=\"https:\/\/www.facebook.com\/SonoraEE\" \/>\n<meta property=\"article:published_time\" content=\"2018-11-22T05:35:50+00:00\" \/>\n<meta property=\"article:modified_time\" content=\"2018-11-22T05:54:42+00:00\" \/>\n<meta property=\"og:image\" content=\"https:\/\/www.sonoraenequipo.com.mx\/storage\/2018\/11\/medioambiente_opt.jpg\" \/>\n\t<meta property=\"og:image:width\" content=\"725\" \/>\n\t<meta property=\"og:image:height\" content=\"350\" \/>\n\t<meta property=\"og:image:type\" content=\"image\/jpeg\" \/>\n<meta name=\"author\" content=\"enequipo\" \/>\n<meta name=\"twitter:card\" content=\"summary_large_image\" \/>\n<meta name=\"twitter:creator\" content=\"@sonoraenequipo\" \/>\n<meta name=\"twitter:site\" content=\"@sonoraenequipo\" \/>\n<meta name=\"twitter:label1\" content=\"Escrito por\" \/>\n\t<meta name=\"twitter:data1\" content=\"enequipo\" \/>\n\t<meta name=\"twitter:label2\" content=\"Tiempo de lectura\" \/>\n\t<meta name=\"twitter:data2\" content=\"6 minutos\" \/>\n<script type=\"application\/ld+json\" class=\"yoast-schema-graph\">{\"@context\":\"https:\/\/schema.org\",\"@graph\":[{\"@type\":\"Article\",\"@id\":\"https:\/\/www.sonoraenequipo.com.mx\/formalmente-instaladas-comisiones-de-energia-medio-ambiente-y-cambio-climatico-y-mineria\/#article\",\"isPartOf\":{\"@id\":\"https:\/\/www.sonoraenequipo.com.mx\/formalmente-instaladas-comisiones-de-energia-medio-ambiente-y-cambio-climatico-y-mineria\/\"},\"author\":{\"name\":\"enequipo\",\"@id\":\"https:\/\/www.sonoraenequipo.com.mx\/#\/schema\/person\/50102df0fb23a8fa9e8effad8fa81386\"},\"headline\":\"Formalmente instaladas comisiones de Energ\u00eda, Medio Ambiente y Cambio Clim\u00e1tico, y Miner\u00eda\",\"datePublished\":\"2018-11-22T05:35:50+00:00\",\"dateModified\":\"2018-11-22T05:54:42+00:00\",\"mainEntityOfPage\":{\"@id\":\"https:\/\/www.sonoraenequipo.com.mx\/formalmente-instaladas-comisiones-de-energia-medio-ambiente-y-cambio-climatico-y-mineria\/\"},\"wordCount\":1121,\"commentCount\":0,\"publisher\":{\"@id\":\"https:\/\/www.sonoraenequipo.com.mx\/#organization\"},\"image\":{\"@id\":\"https:\/\/www.sonoraenequipo.com.mx\/formalmente-instaladas-comisiones-de-energia-medio-ambiente-y-cambio-climatico-y-mineria\/#primaryimage\"},\"thumbnailUrl\":\"https:\/\/www.sonoraenequipo.com.mx\/storage\/2018\/11\/medioambiente_opt.jpg\",\"articleSection\":[\"Sonora\"],\"inLanguage\":\"es\",\"potentialAction\":[{\"@type\":\"CommentAction\",\"name\":\"Comment\",\"target\":[\"https:\/\/www.sonoraenequipo.com.mx\/formalmente-instaladas-comisiones-de-energia-medio-ambiente-y-cambio-climatico-y-mineria\/#respond\"]}]},{\"@type\":\"WebPage\",\"@id\":\"https:\/\/www.sonoraenequipo.com.mx\/formalmente-instaladas-comisiones-de-energia-medio-ambiente-y-cambio-climatico-y-mineria\/\",\"url\":\"https:\/\/www.sonoraenequipo.com.mx\/formalmente-instaladas-comisiones-de-energia-medio-ambiente-y-cambio-climatico-y-mineria\/\",\"name\":\"Sonora en Equipo. Formalmente instaladas comisiones de Energ\u00eda, Medio Ambiente y Cambio Clim\u00e1tico, y Miner\u00eda Sonora\",\"isPartOf\":{\"@id\":\"https:\/\/www.sonoraenequipo.com.mx\/#website\"},\"primaryImageOfPage\":{\"@id\":\"https:\/\/www.sonoraenequipo.com.mx\/formalmente-instaladas-comisiones-de-energia-medio-ambiente-y-cambio-climatico-y-mineria\/#primaryimage\"},\"image\":{\"@id\":\"https:\/\/www.sonoraenequipo.com.mx\/formalmente-instaladas-comisiones-de-energia-medio-ambiente-y-cambio-climatico-y-mineria\/#primaryimage\"},\"thumbnailUrl\":\"https:\/\/www.sonoraenequipo.com.mx\/storage\/2018\/11\/medioambiente_opt.jpg\",\"datePublished\":\"2018-11-22T05:35:50+00:00\",\"dateModified\":\"2018-11-22T05:54:42+00:00\",\"description\":\"HERMOSILLO, SONORA. MX. \u2014 Formalmente instaladas quedaron las comisiones de Energ\u00eda, Medio Ambiente y Cambio Clim\u00e1tico, y de Miner\u00eda, respectivamente, En Sonora en Equipo publicamos toda la informaci\u00f3n de Sonora, M\u00e9xico y el Mundo de manera oportuna y busca que la libertad de expresi\u00f3n sea real. Visita nuestro medio informativo publicado desde Hermosillo, Sonora. %\",\"breadcrumb\":{\"@id\":\"https:\/\/www.sonoraenequipo.com.mx\/formalmente-instaladas-comisiones-de-energia-medio-ambiente-y-cambio-climatico-y-mineria\/#breadcrumb\"},\"inLanguage\":\"es\",\"potentialAction\":[{\"@type\":\"ReadAction\",\"target\":[\"https:\/\/www.sonoraenequipo.com.mx\/formalmente-instaladas-comisiones-de-energia-medio-ambiente-y-cambio-climatico-y-mineria\/\"]}]},{\"@type\":\"ImageObject\",\"inLanguage\":\"es\",\"@id\":\"https:\/\/www.sonoraenequipo.com.mx\/formalmente-instaladas-comisiones-de-energia-medio-ambiente-y-cambio-climatico-y-mineria\/#primaryimage\",\"url\":\"https:\/\/www.sonoraenequipo.com.mx\/storage\/2018\/11\/medioambiente_opt.jpg\",\"contentUrl\":\"https:\/\/www.sonoraenequipo.com.mx\/storage\/2018\/11\/medioambiente_opt.jpg\",\"width\":725,\"height\":350},{\"@type\":\"BreadcrumbList\",\"@id\":\"https:\/\/www.sonoraenequipo.com.mx\/formalmente-instaladas-comisiones-de-energia-medio-ambiente-y-cambio-climatico-y-mineria\/#breadcrumb\",\"itemListElement\":[{\"@type\":\"ListItem\",\"position\":1,\"name\":\"Portada\",\"item\":\"https:\/\/www.sonoraenequipo.com.mx\/\"},{\"@type\":\"ListItem\",\"position\":2,\"name\":\"Formalmente instaladas comisiones de Energ\u00eda, Medio Ambiente y Cambio Clim\u00e1tico, y Miner\u00eda\"}]},{\"@type\":\"WebSite\",\"@id\":\"https:\/\/www.sonoraenequipo.com.mx\/#website\",\"url\":\"https:\/\/www.sonoraenequipo.com.mx\/\",\"name\":\"Sonora en Equipo.\",\"description\":\"Diario en l\u00ednea con Noticias desde Hermosillo, Sonora\",\"publisher\":{\"@id\":\"https:\/\/www.sonoraenequipo.com.mx\/#organization\"},\"potentialAction\":[{\"@type\":\"SearchAction\",\"target\":{\"@type\":\"EntryPoint\",\"urlTemplate\":\"https:\/\/www.sonoraenequipo.com.mx\/?s={search_term_string}\"},\"query-input\":{\"@type\":\"PropertyValueSpecification\",\"valueRequired\":true,\"valueName\":\"search_term_string\"}}],\"inLanguage\":\"es\"},{\"@type\":\"Organization\",\"@id\":\"https:\/\/www.sonoraenequipo.com.mx\/#organization\",\"name\":\"Sonoraenequipo.com.mx\",\"url\":\"https:\/\/www.sonoraenequipo.com.mx\/\",\"logo\":{\"@type\":\"ImageObject\",\"inLanguage\":\"es\",\"@id\":\"https:\/\/www.sonoraenequipo.com.mx\/#\/schema\/logo\/image\/\",\"url\":\"https:\/\/www.sonoraenequipo.com.mx\/storage\/2019\/01\/sonoraenequipo_opt.png\",\"contentUrl\":\"https:\/\/www.sonoraenequipo.com.mx\/storage\/2019\/01\/sonoraenequipo_opt.png\",\"width\":375,\"height\":125,\"caption\":\"Sonoraenequipo.com.mx\"},\"image\":{\"@id\":\"https:\/\/www.sonoraenequipo.com.mx\/#\/schema\/logo\/image\/\"},\"sameAs\":[\"https:\/\/www.facebook.com\/SonoraEE\/\",\"https:\/\/x.com\/sonoraenequipo\",\"https:\/\/www.youtube.com\/channel\/UC338nW-lPEYmJQs4ZABQ1SQ\"]},{\"@type\":\"Person\",\"@id\":\"https:\/\/www.sonoraenequipo.com.mx\/#\/schema\/person\/50102df0fb23a8fa9e8effad8fa81386\",\"name\":\"enequipo\",\"image\":{\"@type\":\"ImageObject\",\"inLanguage\":\"es\",\"@id\":\"https:\/\/www.sonoraenequipo.com.mx\/#\/schema\/person\/image\/\",\"url\":\"https:\/\/secure.gravatar.com\/avatar\/049821681b589dabc0bc20695993ccebb09f5b5d4d790cd9251b97faac7c652b?s=96&d=blank&r=g\",\"contentUrl\":\"https:\/\/secure.gravatar.com\/avatar\/049821681b589dabc0bc20695993ccebb09f5b5d4d790cd9251b97faac7c652b?s=96&d=blank&r=g\",\"caption\":\"enequipo\"},\"sameAs\":[\"https:\/\/www.facebook.com\/SonoraEE\"]}]}<\/script>\n ","yoast_head_json":{"title":"Sonora en Equipo. Formalmente instaladas comisiones de Energ\u00eda, Medio Ambiente y Cambio Clim\u00e1tico, y Miner\u00eda Sonora","description":"HERMOSILLO, SONORA. MX. \u2014 Formalmente instaladas quedaron las comisiones de Energ\u00eda, Medio Ambiente y Cambio Clim\u00e1tico, y de Miner\u00eda, respectivamente, En Sonora en Equipo publicamos toda la informaci\u00f3n de Sonora, M\u00e9xico y el Mundo de manera oportuna y busca que la libertad de expresi\u00f3n sea real. Visita nuestro medio informativo publicado desde Hermosillo, Sonora. %","robots":{"index":"index","follow":"follow","max-snippet":"max-snippet:-1","max-image-preview":"max-image-preview:large","max-video-preview":"max-video-preview:-1"},"canonical":"https:\/\/www.sonoraenequipo.com.mx\/formalmente-instaladas-comisiones-de-energia-medio-ambiente-y-cambio-climatico-y-mineria\/","og_locale":"es_ES","og_type":"article","og_title":"Sonora en Equipo. Formalmente instaladas comisiones de Energ\u00eda, Medio Ambiente y Cambio Clim\u00e1tico, y Miner\u00eda Sonora","og_description":"HERMOSILLO, SONORA. MX. \u2014 Formalmente instaladas quedaron las comisiones de Energ\u00eda, Medio Ambiente y Cambio Clim\u00e1tico, y de Miner\u00eda, respectivamente, En Sonora en Equipo publicamos toda la informaci\u00f3n de Sonora, M\u00e9xico y el Mundo de manera oportuna y busca que la libertad de expresi\u00f3n sea real. Visita nuestro medio informativo publicado desde Hermosillo, Sonora. %","og_url":"https:\/\/www.sonoraenequipo.com.mx\/formalmente-instaladas-comisiones-de-energia-medio-ambiente-y-cambio-climatico-y-mineria\/","og_site_name":"Sonora en Equipo.","article_publisher":"https:\/\/www.facebook.com\/SonoraEE\/","article_author":"https:\/\/www.facebook.com\/SonoraEE","article_published_time":"2018-11-22T05:35:50+00:00","article_modified_time":"2018-11-22T05:54:42+00:00","og_image":[{"width":725,"height":350,"url":"https:\/\/www.sonoraenequipo.com.mx\/storage\/2018\/11\/medioambiente_opt.jpg","type":"image\/jpeg"}],"author":"enequipo","twitter_card":"summary_large_image","twitter_creator":"@sonoraenequipo","twitter_site":"@sonoraenequipo","twitter_misc":{"Escrito por":"enequipo","Tiempo de lectura":"6 minutos"},"schema":{"@context":"https:\/\/schema.org","@graph":[{"@type":"Article","@id":"https:\/\/www.sonoraenequipo.com.mx\/formalmente-instaladas-comisiones-de-energia-medio-ambiente-y-cambio-climatico-y-mineria\/#article","isPartOf":{"@id":"https:\/\/www.sonoraenequipo.com.mx\/formalmente-instaladas-comisiones-de-energia-medio-ambiente-y-cambio-climatico-y-mineria\/"},"author":{"name":"enequipo","@id":"https:\/\/www.sonoraenequipo.com.mx\/#\/schema\/person\/50102df0fb23a8fa9e8effad8fa81386"},"headline":"Formalmente instaladas comisiones de Energ\u00eda, Medio Ambiente y Cambio Clim\u00e1tico, y Miner\u00eda","datePublished":"2018-11-22T05:35:50+00:00","dateModified":"2018-11-22T05:54:42+00:00","mainEntityOfPage":{"@id":"https:\/\/www.sonoraenequipo.com.mx\/formalmente-instaladas-comisiones-de-energia-medio-ambiente-y-cambio-climatico-y-mineria\/"},"wordCount":1121,"commentCount":0,"publisher":{"@id":"https:\/\/www.sonoraenequipo.com.mx\/#organization"},"image":{"@id":"https:\/\/www.sonoraenequipo.com.mx\/formalmente-instaladas-comisiones-de-energia-medio-ambiente-y-cambio-climatico-y-mineria\/#primaryimage"},"thumbnailUrl":"https:\/\/www.sonoraenequipo.com.mx\/storage\/2018\/11\/medioambiente_opt.jpg","articleSection":["Sonora"],"inLanguage":"es","potentialAction":[{"@type":"CommentAction","name":"Comment","target":["https:\/\/www.sonoraenequipo.com.mx\/formalmente-instaladas-comisiones-de-energia-medio-ambiente-y-cambio-climatico-y-mineria\/#respond"]}]},{"@type":"WebPage","@id":"https:\/\/www.sonoraenequipo.com.mx\/formalmente-instaladas-comisiones-de-energia-medio-ambiente-y-cambio-climatico-y-mineria\/","url":"https:\/\/www.sonoraenequipo.com.mx\/formalmente-instaladas-comisiones-de-energia-medio-ambiente-y-cambio-climatico-y-mineria\/","name":"Sonora en Equipo. Formalmente instaladas comisiones de Energ\u00eda, Medio Ambiente y Cambio Clim\u00e1tico, y Miner\u00eda Sonora","isPartOf":{"@id":"https:\/\/www.sonoraenequipo.com.mx\/#website"},"primaryImageOfPage":{"@id":"https:\/\/www.sonoraenequipo.com.mx\/formalmente-instaladas-comisiones-de-energia-medio-ambiente-y-cambio-climatico-y-mineria\/#primaryimage"},"image":{"@id":"https:\/\/www.sonoraenequipo.com.mx\/formalmente-instaladas-comisiones-de-energia-medio-ambiente-y-cambio-climatico-y-mineria\/#primaryimage"},"thumbnailUrl":"https:\/\/www.sonoraenequipo.com.mx\/storage\/2018\/11\/medioambiente_opt.jpg","datePublished":"2018-11-22T05:35:50+00:00","dateModified":"2018-11-22T05:54:42+00:00","description":"HERMOSILLO, SONORA. MX. \u2014 Formalmente instaladas quedaron las comisiones de Energ\u00eda, Medio Ambiente y Cambio Clim\u00e1tico, y de Miner\u00eda, respectivamente, En Sonora en Equipo publicamos toda la informaci\u00f3n de Sonora, M\u00e9xico y el Mundo de manera oportuna y busca que la libertad de expresi\u00f3n sea real. Visita nuestro medio informativo publicado desde Hermosillo, Sonora. %","breadcrumb":{"@id":"https:\/\/www.sonoraenequipo.com.mx\/formalmente-instaladas-comisiones-de-energia-medio-ambiente-y-cambio-climatico-y-mineria\/#breadcrumb"},"inLanguage":"es","potentialAction":[{"@type":"ReadAction","target":["https:\/\/www.sonoraenequipo.com.mx\/formalmente-instaladas-comisiones-de-energia-medio-ambiente-y-cambio-climatico-y-mineria\/"]}]},{"@type":"ImageObject","inLanguage":"es","@id":"https:\/\/www.sonoraenequipo.com.mx\/formalmente-instaladas-comisiones-de-energia-medio-ambiente-y-cambio-climatico-y-mineria\/#primaryimage","url":"https:\/\/www.sonoraenequipo.com.mx\/storage\/2018\/11\/medioambiente_opt.jpg","contentUrl":"https:\/\/www.sonoraenequipo.com.mx\/storage\/2018\/11\/medioambiente_opt.jpg","width":725,"height":350},{"@type":"BreadcrumbList","@id":"https:\/\/www.sonoraenequipo.com.mx\/formalmente-instaladas-comisiones-de-energia-medio-ambiente-y-cambio-climatico-y-mineria\/#breadcrumb","itemListElement":[{"@type":"ListItem","position":1,"name":"Portada","item":"https:\/\/www.sonoraenequipo.com.mx\/"},{"@type":"ListItem","position":2,"name":"Formalmente instaladas comisiones de Energ\u00eda, Medio Ambiente y Cambio Clim\u00e1tico, y Miner\u00eda"}]},{"@type":"WebSite","@id":"https:\/\/www.sonoraenequipo.com.mx\/#website","url":"https:\/\/www.sonoraenequipo.com.mx\/","name":"Sonora en Equipo.","description":"Diario en l\u00ednea con Noticias desde Hermosillo, Sonora","publisher":{"@id":"https:\/\/www.sonoraenequipo.com.mx\/#organization"},"potentialAction":[{"@type":"SearchAction","target":{"@type":"EntryPoint","urlTemplate":"https:\/\/www.sonoraenequipo.com.mx\/?s={search_term_string}"},"query-input":{"@type":"PropertyValueSpecification","valueRequired":true,"valueName":"search_term_string"}}],"inLanguage":"es"},{"@type":"Organization","@id":"https:\/\/www.sonoraenequipo.com.mx\/#organization","name":"Sonoraenequipo.com.mx","url":"https:\/\/www.sonoraenequipo.com.mx\/","logo":{"@type":"ImageObject","inLanguage":"es","@id":"https:\/\/www.sonoraenequipo.com.mx\/#\/schema\/logo\/image\/","url":"https:\/\/www.sonoraenequipo.com.mx\/storage\/2019\/01\/sonoraenequipo_opt.png","contentUrl":"https:\/\/www.sonoraenequipo.com.mx\/storage\/2019\/01\/sonoraenequipo_opt.png","width":375,"height":125,"caption":"Sonoraenequipo.com.mx"},"image":{"@id":"https:\/\/www.sonoraenequipo.com.mx\/#\/schema\/logo\/image\/"},"sameAs":["https:\/\/www.facebook.com\/SonoraEE\/","https:\/\/x.com\/sonoraenequipo","https:\/\/www.youtube.com\/channel\/UC338nW-lPEYmJQs4ZABQ1SQ"]},{"@type":"Person","@id":"https:\/\/www.sonoraenequipo.com.mx\/#\/schema\/person\/50102df0fb23a8fa9e8effad8fa81386","name":"enequipo","image":{"@type":"ImageObject","inLanguage":"es","@id":"https:\/\/www.sonoraenequipo.com.mx\/#\/schema\/person\/image\/","url":"https:\/\/secure.gravatar.com\/avatar\/049821681b589dabc0bc20695993ccebb09f5b5d4d790cd9251b97faac7c652b?s=96&d=blank&r=g","contentUrl":"https:\/\/secure.gravatar.com\/avatar\/049821681b589dabc0bc20695993ccebb09f5b5d4d790cd9251b97faac7c652b?s=96&d=blank&r=g","caption":"enequipo"},"sameAs":["https:\/\/www.facebook.com\/SonoraEE"]}]}},"jetpack_featured_media_url":"https:\/\/www.sonoraenequipo.com.mx\/storage\/2018\/11\/medioambiente_opt.jpg","_links":{"self":[{"href":"https:\/\/www.sonoraenequipo.com.mx\/api\/wp\/v2\/posts\/49097","targetHints":{"allow":["GET"]}}],"collection":[{"href":"https:\/\/www.sonoraenequipo.com.mx\/api\/wp\/v2\/posts"}],"about":[{"href":"https:\/\/www.sonoraenequipo.com.mx\/api\/wp\/v2\/types\/post"}],"author":[{"embeddable":true,"href":"https:\/\/www.sonoraenequipo.com.mx\/api\/wp\/v2\/users\/1"}],"replies":[{"embeddable":true,"href":"https:\/\/www.sonoraenequipo.com.mx\/api\/wp\/v2\/comments?post=49097"}],"version-history":[{"count":0,"href":"https:\/\/www.sonoraenequipo.com.mx\/api\/wp\/v2\/posts\/49097\/revisions"}],"wp:featuredmedia":[{"embeddable":true,"href":"https:\/\/www.sonoraenequipo.com.mx\/api\/wp\/v2\/media\/49098"}],"wp:attachment":[{"href":"https:\/\/www.sonoraenequipo.com.mx\/api\/wp\/v2\/media?parent=49097"}],"wp:term":[{"taxonomy":"category","embeddable":true,"href":"https:\/\/www.sonoraenequipo.com.mx\/api\/wp\/v2\/categories?post=49097"},{"taxonomy":"post_tag","embeddable":true,"href":"https:\/\/www.sonoraenequipo.com.mx\/api\/wp\/v2\/tags?post=49097"}],"curies":[{"name":"wp","href":"https:\/\/api.w.org\/{rel}","templated":true}]}}